{"id":15746604,"date":"2025-03-01T09:22:32","date_gmt":"2025-03-01T08:22:32","guid":{"rendered":"https:\/\/kapitalis.com\/tunisie\/?p=15746604"},"modified":"2025-03-01T09:22:34","modified_gmt":"2025-03-01T08:22:34","slug":"ramadanesque-exposition-dartisanat-tunisien-a-paris","status":"publish","type":"post","link":"https:\/\/kapitalis.com\/tunisie\/2025\/03\/01\/ramadanesque-exposition-dartisanat-tunisien-a-paris\/","title":{"rendered":"Ramadanesque | Exposition d\u2019artisanat tunisien \u00e0 Paris"},"content":{"rendered":"\n<p><em><strong>Du\u00a028 f\u00e9vrier au 2 mars 2025, Paris accueille\u00a0l\u2019exposition de l\u2019artisanat <em><strong>tunisien<\/strong> <\/em>Tanit, un rendez-vous incontournable d\u00e9di\u00e9 \u00e0 la richesse et \u00e0 l\u2019authenticit\u00e9 des cr\u00e9ations artisanales tunisiennes.<\/strong><\/em><\/p>\n\n\n\n<!--more-->\n\n\n\n<p>Organis\u00e9e aux\u00a0Salons Hoche\u00a0(9 Avenue Hoche, 75008 Paris), cette\u00a0\u00e9dition de Tanit Paris plac\u00e9e sous le th\u00e8me\u00a0<em>\u00abRamadanesque\u00bb<\/em> met en avant un large \u00e9ventail de produits\u00a0traditionnels, culinaires et d\u00e9coratifs tunisiens.<\/p>\n\n\n\n<p>L\u2019exposition rassemble des artisans et des cr\u00e9ateurs venus sp\u00e9cialement de Tunisie pour faire d\u00e9couvrir au public parisien des pi\u00e8ces uniques et authentiques.\u00a0Textiles traditionnels, poteries de Sejnane, bijoux en filigrane, objets de d\u00e9coration et sp\u00e9cialit\u00e9s culinaires tunisiennes\u00a0sont au rendez-vous.<\/p>\n\n\n\n<p>Le public pourra notamment d\u00e9guster des\u00a0makrouds, baklavas, samsas et autres douceurs embl\u00e9matiques du Ramadan, tout en explorant des stands mettant en avant des techniques artisanales transmises de g\u00e9n\u00e9ration en g\u00e9n\u00e9ration.<\/p>\n\n\n\n<p>Plus qu\u2019un simple march\u00e9,\u00a0Tanit Paris\u00a0se veut une c\u00e9l\u00e9bration de l\u2019artisanat et des traditions tunisiennes. Des d\u00e9monstrations de savoir-faire, des rencontres avec les artisans et des animations rythment ces trois jours, offrant aux visiteurs une immersion compl\u00e8te dans l\u2019univers artisanal et culturel de la Tunisie.<\/p>\n\n\n\n<p>Organis\u00e9e par\u00a0Tanit Events, sous la direction de\u00a0Salma Jardak, cette exposition promet une exp\u00e9rience unique aux amateurs d\u2019artisanat, de gastronomie et de culture.<\/p>\n\n\n\n<p>Le salon est ouvert au public de 10h \u00e0 19h.<\/p>\n","protected":false},"excerpt":{"rendered":"<p>Le salon Tanit Paris met en avant un large \u00e9ventail de produits\u00a0traditionnels, culinaires et d\u00e9coratifs tunisiens.<\/p>\n","protected":false},"author":8,"featured_media":15746623,"comment_status":"open","ping_status":"open","sticky":false,"template":"","format":"standard","meta":{"footnotes":""},"categories":[994,995,2433],"tags":[89,2407,121057,121058,121059],"class_list":["post-15746604","post","type-post","status-publish","format-standard","has-post-thumbnail","hentry","category-culture","category-economie","category-tunisie","tag-artisanat","tag-gastronomie","tag-salma-jardak","tag-tanit-events","tag-tanit-paris"],"yoast_head":"<!-- This site is optimized with the Yoast SEO plugin v26.6 - https:\/\/yoast.com\/wordpress\/plugins\/seo\/ -->\n<title>Ramadanesque | Exposition d\u2019artisanat tunisien \u00e0 Paris - Kapitalis<\/title>\n<meta name=\"robots\" content=\"index, follow, max-snippet:-1, max-image-preview:large, max-video-preview:-1\" \/>\n<link rel=\"canonical\" href=\"https:\/\/kapitalis.com\/tunisie\/2025\/03\/01\/ramadanesque-exposition-dartisanat-tunisien-a-paris\/\" \/>\n<meta property=\"og:locale\" content=\"fr_FR\" \/>\n<meta property=\"og:type\" content=\"article\" \/>\n<meta property=\"og:title\" content=\"Ramadanesque | Exposition d\u2019artisanat tunisien \u00e0 Paris - Kapitalis\" \/>\n<meta property=\"og:description\" content=\"Le salon Tanit Paris met en avant un large \u00e9ventail de produits\u00a0traditionnels, culinaires et d\u00e9coratifs tunisiens.\" \/>\n<meta property=\"og:url\" content=\"https:\/\/kapitalis.com\/tunisie\/2025\/03\/01\/ramadanesque-exposition-dartisanat-tunisien-a-paris\/\" \/>\n<meta property=\"og:site_name\" content=\"Kapitalis\" \/>\n<meta property=\"article:publisher\" content=\"https:\/\/www.facebook.com\/KapitalisInfo\/\" \/>\n<meta property=\"article:published_time\" content=\"2025-03-01T08:22:32+00:00\" \/>\n<meta property=\"article:modified_time\" content=\"2025-03-01T08:22:34+00:00\" \/>\n<meta property=\"og:image\" content=\"https:\/\/kapitalis.com\/tunisie\/wp-content\/uploads\/2025\/03\/Salon-Tanit.jpg\" \/>\n\t<meta property=\"og:image:width\" content=\"1200\" \/>\n\t<meta property=\"og:image:height\" content=\"630\" \/>\n\t<meta property=\"og:image:type\" content=\"image\/jpeg\" \/>\n<meta name=\"author\" content=\"webmaster kapitalis\" \/>\n<meta name=\"twitter:card\" content=\"summary_large_image\" \/>\n<meta name=\"twitter:creator\" content=\"@KapitalisInfo\" \/>\n<meta name=\"twitter:site\" content=\"@KapitalisInfo\" \/>\n<meta name=\"twitter:label1\" content=\"\u00c9crit par\" \/>\n\t<meta name=\"twitter:data1\" content=\"webmaster kapitalis\" \/>\n\t<meta name=\"twitter:label2\" content=\"Dur\u00e9e de lecture estim\u00e9e\" \/>\n\t<meta name=\"twitter:data2\" content=\"2 minutes\" \/>\n<script type=\"application\/ld+json\" class=\"yoast-schema-graph\">{\"@context\":\"https:\/\/schema.org\",\"@graph\":[{\"@type\":\"Article\",\"@id\":\"https:\/\/kapitalis.com\/tunisie\/2025\/03\/01\/ramadanesque-exposition-dartisanat-tunisien-a-paris\/#article\",\"isPartOf\":{\"@id\":\"https:\/\/kapitalis.com\/tunisie\/2025\/03\/01\/ramadanesque-exposition-dartisanat-tunisien-a-paris\/\"},\"author\":{\"name\":\"webmaster kapitalis\",\"@id\":\"https:\/\/kapitalis.com\/tunisie\/#\/schema\/person\/d71f33a9ca44f7bad4698210b480c8e9\"},\"headline\":\"Ramadanesque | Exposition d\u2019artisanat tunisien \u00e0 Paris\",\"datePublished\":\"2025-03-01T08:22:32+00:00\",\"dateModified\":\"2025-03-01T08:22:34+00:00\",\"mainEntityOfPage\":{\"@id\":\"https:\/\/kapitalis.com\/tunisie\/2025\/03\/01\/ramadanesque-exposition-dartisanat-tunisien-a-paris\/\"},\"wordCount\":243,\"commentCount\":0,\"publisher\":{\"@id\":\"https:\/\/kapitalis.com\/tunisie\/#organization\"},\"image\":{\"@id\":\"https:\/\/kapitalis.com\/tunisie\/2025\/03\/01\/ramadanesque-exposition-dartisanat-tunisien-a-paris\/#primaryimage\"},\"thumbnailUrl\":\"https:\/\/kapitalis.com\/tunisie\/wp-content\/uploads\/2025\/03\/Salon-Tanit.jpg\",\"keywords\":[\"artisanat\",\"gastronomie\",\"Salma Jardak\",\"Tanit Events\",\"Tanit Paris\"],\"articleSection\":[\"CULTURE\",\"ECONOMIE\",\"Tunisie\"],\"inLanguage\":\"fr-FR\",\"potentialAction\":[{\"@type\":\"CommentAction\",\"name\":\"Comment\",\"target\":[\"https:\/\/kapitalis.com\/tunisie\/2025\/03\/01\/ramadanesque-exposition-dartisanat-tunisien-a-paris\/#respond\"]}]},{\"@type\":\"WebPage\",\"@id\":\"https:\/\/kapitalis.com\/tunisie\/2025\/03\/01\/ramadanesque-exposition-dartisanat-tunisien-a-paris\/\",\"url\":\"https:\/\/kapitalis.com\/tunisie\/2025\/03\/01\/ramadanesque-exposition-dartisanat-tunisien-a-paris\/\",\"name\":\"Ramadanesque | Exposition d\u2019artisanat tunisien \u00e0 Paris - Kapitalis\",\"isPartOf\":{\"@id\":\"https:\/\/kapitalis.com\/tunisie\/#website\"},\"primaryImageOfPage\":{\"@id\":\"https:\/\/kapitalis.com\/tunisie\/2025\/03\/01\/ramadanesque-exposition-dartisanat-tunisien-a-paris\/#primaryimage\"},\"image\":{\"@id\":\"https:\/\/kapitalis.com\/tunisie\/2025\/03\/01\/ramadanesque-exposition-dartisanat-tunisien-a-paris\/#primaryimage\"},\"thumbnailUrl\":\"https:\/\/kapitalis.com\/tunisie\/wp-content\/uploads\/2025\/03\/Salon-Tanit.jpg\",\"datePublished\":\"2025-03-01T08:22:32+00:00\",\"dateModified\":\"2025-03-01T08:22:34+00:00\",\"breadcrumb\":{\"@id\":\"https:\/\/kapitalis.com\/tunisie\/2025\/03\/01\/ramadanesque-exposition-dartisanat-tunisien-a-paris\/#breadcrumb\"},\"inLanguage\":\"fr-FR\",\"potentialAction\":[{\"@type\":\"ReadAction\",\"target\":[\"https:\/\/kapitalis.com\/tunisie\/2025\/03\/01\/ramadanesque-exposition-dartisanat-tunisien-a-paris\/\"]}]},{\"@type\":\"ImageObject\",\"inLanguage\":\"fr-FR\",\"@id\":\"https:\/\/kapitalis.com\/tunisie\/2025\/03\/01\/ramadanesque-exposition-dartisanat-tunisien-a-paris\/#primaryimage\",\"url\":\"https:\/\/kapitalis.com\/tunisie\/wp-content\/uploads\/2025\/03\/Salon-Tanit.jpg\",\"contentUrl\":\"https:\/\/kapitalis.com\/tunisie\/wp-content\/uploads\/2025\/03\/Salon-Tanit.jpg\",\"width\":1200,\"height\":630},{\"@type\":\"BreadcrumbList\",\"@id\":\"https:\/\/kapitalis.com\/tunisie\/2025\/03\/01\/ramadanesque-exposition-dartisanat-tunisien-a-paris\/#breadcrumb\",\"itemListElement\":[{\"@type\":\"ListItem\",\"position\":1,\"name\":\"Accueil\",\"item\":\"https:\/\/kapitalis.com\/tunisie\/\"},{\"@type\":\"ListItem\",\"position\":2,\"name\":\"Ramadanesque | Exposition d\u2019artisanat tunisien \u00e0 Paris\"}]},{\"@type\":\"WebSite\",\"@id\":\"https:\/\/kapitalis.com\/tunisie\/#website\",\"url\":\"https:\/\/kapitalis.com\/tunisie\/\",\"name\":\"Kapitalis\",\"description\":\"L&#039;actualit\u00e9 en Tunisie et dans le monde\",\"publisher\":{\"@id\":\"https:\/\/kapitalis.com\/tunisie\/#organization\"},\"potentialAction\":[{\"@type\":\"SearchAction\",\"target\":{\"@type\":\"EntryPoint\",\"urlTemplate\":\"https:\/\/kapitalis.com\/tunisie\/?s={search_term_string}\"},\"query-input\":{\"@type\":\"PropertyValueSpecification\",\"valueRequired\":true,\"valueName\":\"search_term_string\"}}],\"inLanguage\":\"fr-FR\"},{\"@type\":\"Organization\",\"@id\":\"https:\/\/kapitalis.com\/tunisie\/#organization\",\"name\":\"Kapitalis\",\"url\":\"https:\/\/kapitalis.com\/tunisie\/\",\"logo\":{\"@type\":\"ImageObject\",\"inLanguage\":\"fr-FR\",\"@id\":\"https:\/\/kapitalis.com\/tunisie\/#\/schema\/logo\/image\/\",\"url\":\"https:\/\/kapitalis.com\/tunisie\/wp-content\/uploads\/2022\/05\/Kapitalis-big-size.png\",\"contentUrl\":\"https:\/\/kapitalis.com\/tunisie\/wp-content\/uploads\/2022\/05\/Kapitalis-big-size.png\",\"width\":5000,\"height\":1500,\"caption\":\"Kapitalis\"},\"image\":{\"@id\":\"https:\/\/kapitalis.com\/tunisie\/#\/schema\/logo\/image\/\"},\"sameAs\":[\"https:\/\/www.facebook.com\/KapitalisInfo\/\",\"https:\/\/x.com\/KapitalisInfo\",\"https:\/\/www.youtube.com\/channel\/UC-yDYrHyfFBWWZaOw3FPg9Q\"]},{\"@type\":\"Person\",\"@id\":\"https:\/\/kapitalis.com\/tunisie\/#\/schema\/person\/d71f33a9ca44f7bad4698210b480c8e9\",\"name\":\"webmaster kapitalis\",\"url\":\"https:\/\/kapitalis.com\/tunisie\/author\/webmaster-kapitalis\/\"}]}<\/script>\n<!-- \/ Yoast SEO plugin. -->","yoast_head_json":{"title":"Ramadanesque | Exposition d\u2019artisanat tunisien \u00e0 Paris - Kapitalis","robots":{"index":"index","follow":"follow","max-snippet":"max-snippet:-1","max-image-preview":"max-image-preview:large","max-video-preview":"max-video-preview:-1"},"canonical":"https:\/\/kapitalis.com\/tunisie\/2025\/03\/01\/ramadanesque-exposition-dartisanat-tunisien-a-paris\/","og_locale":"fr_FR","og_type":"article","og_title":"Ramadanesque | Exposition d\u2019artisanat tunisien \u00e0 Paris - Kapitalis","og_description":"Le salon Tanit Paris met en avant un large \u00e9ventail de produits\u00a0traditionnels, culinaires et d\u00e9coratifs tunisiens.","og_url":"https:\/\/kapitalis.com\/tunisie\/2025\/03\/01\/ramadanesque-exposition-dartisanat-tunisien-a-paris\/","og_site_name":"Kapitalis","article_publisher":"https:\/\/www.facebook.com\/KapitalisInfo\/","article_published_time":"2025-03-01T08:22:32+00:00","article_modified_time":"2025-03-01T08:22:34+00:00","og_image":[{"width":1200,"height":630,"url":"https:\/\/kapitalis.com\/tunisie\/wp-content\/uploads\/2025\/03\/Salon-Tanit.jpg","type":"image\/jpeg"}],"author":"webmaster kapitalis","twitter_card":"summary_large_image","twitter_creator":"@KapitalisInfo","twitter_site":"@KapitalisInfo","twitter_misc":{"\u00c9crit par":"webmaster kapitalis","Dur\u00e9e de lecture estim\u00e9e":"2 minutes"},"schema":{"@context":"https:\/\/schema.org","@graph":[{"@type":"Article","@id":"https:\/\/kapitalis.com\/tunisie\/2025\/03\/01\/ramadanesque-exposition-dartisanat-tunisien-a-paris\/#article","isPartOf":{"@id":"https:\/\/kapitalis.com\/tunisie\/2025\/03\/01\/ramadanesque-exposition-dartisanat-tunisien-a-paris\/"},"author":{"name":"webmaster kapitalis","@id":"https:\/\/kapitalis.com\/tunisie\/#\/schema\/person\/d71f33a9ca44f7bad4698210b480c8e9"},"headline":"Ramadanesque | Exposition d\u2019artisanat tunisien \u00e0 Paris","datePublished":"2025-03-01T08:22:32+00:00","dateModified":"2025-03-01T08:22:34+00:00","mainEntityOfPage":{"@id":"https:\/\/kapitalis.com\/tunisie\/2025\/03\/01\/ramadanesque-exposition-dartisanat-tunisien-a-paris\/"},"wordCount":243,"commentCount":0,"publisher":{"@id":"https:\/\/kapitalis.com\/tunisie\/#organization"},"image":{"@id":"https:\/\/kapitalis.com\/tunisie\/2025\/03\/01\/ramadanesque-exposition-dartisanat-tunisien-a-paris\/#primaryimage"},"thumbnailUrl":"https:\/\/kapitalis.com\/tunisie\/wp-content\/uploads\/2025\/03\/Salon-Tanit.jpg","keywords":["artisanat","gastronomie","Salma Jardak","Tanit Events","Tanit Paris"],"articleSection":["CULTURE","ECONOMIE","Tunisie"],"inLanguage":"fr-FR","potentialAction":[{"@type":"CommentAction","name":"Comment","target":["https:\/\/kapitalis.com\/tunisie\/2025\/03\/01\/ramadanesque-exposition-dartisanat-tunisien-a-paris\/#respond"]}]},{"@type":"WebPage","@id":"https:\/\/kapitalis.com\/tunisie\/2025\/03\/01\/ramadanesque-exposition-dartisanat-tunisien-a-paris\/","url":"https:\/\/kapitalis.com\/tunisie\/2025\/03\/01\/ramadanesque-exposition-dartisanat-tunisien-a-paris\/","name":"Ramadanesque | Exposition d\u2019artisanat tunisien \u00e0 Paris - Kapitalis","isPartOf":{"@id":"https:\/\/kapitalis.com\/tunisie\/#website"},"primaryImageOfPage":{"@id":"https:\/\/kapitalis.com\/tunisie\/2025\/03\/01\/ramadanesque-exposition-dartisanat-tunisien-a-paris\/#primaryimage"},"image":{"@id":"https:\/\/kapitalis.com\/tunisie\/2025\/03\/01\/ramadanesque-exposition-dartisanat-tunisien-a-paris\/#primaryimage"},"thumbnailUrl":"https:\/\/kapitalis.com\/tunisie\/wp-content\/uploads\/2025\/03\/Salon-Tanit.jpg","datePublished":"2025-03-01T08:22:32+00:00","dateModified":"2025-03-01T08:22:34+00:00","breadcrumb":{"@id":"https:\/\/kapitalis.com\/tunisie\/2025\/03\/01\/ramadanesque-exposition-dartisanat-tunisien-a-paris\/#breadcrumb"},"inLanguage":"fr-FR","potentialAction":[{"@type":"ReadAction","target":["https:\/\/kapitalis.com\/tunisie\/2025\/03\/01\/ramadanesque-exposition-dartisanat-tunisien-a-paris\/"]}]},{"@type":"ImageObject","inLanguage":"fr-FR","@id":"https:\/\/kapitalis.com\/tunisie\/2025\/03\/01\/ramadanesque-exposition-dartisanat-tunisien-a-paris\/#primaryimage","url":"https:\/\/kapitalis.com\/tunisie\/wp-content\/uploads\/2025\/03\/Salon-Tanit.jpg","contentUrl":"https:\/\/kapitalis.com\/tunisie\/wp-content\/uploads\/2025\/03\/Salon-Tanit.jpg","width":1200,"height":630},{"@type":"BreadcrumbList","@id":"https:\/\/kapitalis.com\/tunisie\/2025\/03\/01\/ramadanesque-exposition-dartisanat-tunisien-a-paris\/#breadcrumb","itemListElement":[{"@type":"ListItem","position":1,"name":"Accueil","item":"https:\/\/kapitalis.com\/tunisie\/"},{"@type":"ListItem","position":2,"name":"Ramadanesque | Exposition d\u2019artisanat tunisien \u00e0 Paris"}]},{"@type":"WebSite","@id":"https:\/\/kapitalis.com\/tunisie\/#website","url":"https:\/\/kapitalis.com\/tunisie\/","name":"Kapitalis","description":"L&#039;actualit\u00e9 en Tunisie et dans le monde","publisher":{"@id":"https:\/\/kapitalis.com\/tunisie\/#organization"},"potentialAction":[{"@type":"SearchAction","target":{"@type":"EntryPoint","urlTemplate":"https:\/\/kapitalis.com\/tunisie\/?s={search_term_string}"},"query-input":{"@type":"PropertyValueSpecification","valueRequired":true,"valueName":"search_term_string"}}],"inLanguage":"fr-FR"},{"@type":"Organization","@id":"https:\/\/kapitalis.com\/tunisie\/#organization","name":"Kapitalis","url":"https:\/\/kapitalis.com\/tunisie\/","logo":{"@type":"ImageObject","inLanguage":"fr-FR","@id":"https:\/\/kapitalis.com\/tunisie\/#\/schema\/logo\/image\/","url":"https:\/\/kapitalis.com\/tunisie\/wp-content\/uploads\/2022\/05\/Kapitalis-big-size.png","contentUrl":"https:\/\/kapitalis.com\/tunisie\/wp-content\/uploads\/2022\/05\/Kapitalis-big-size.png","width":5000,"height":1500,"caption":"Kapitalis"},"image":{"@id":"https:\/\/kapitalis.com\/tunisie\/#\/schema\/logo\/image\/"},"sameAs":["https:\/\/www.facebook.com\/KapitalisInfo\/","https:\/\/x.com\/KapitalisInfo","https:\/\/www.youtube.com\/channel\/UC-yDYrHyfFBWWZaOw3FPg9Q"]},{"@type":"Person","@id":"https:\/\/kapitalis.com\/tunisie\/#\/schema\/person\/d71f33a9ca44f7bad4698210b480c8e9","name":"webmaster kapitalis","url":"https:\/\/kapitalis.com\/tunisie\/author\/webmaster-kapitalis\/"}]}},"_links":{"self":[{"href":"https:\/\/kapitalis.com\/tunisie\/wp-json\/wp\/v2\/posts\/15746604","targetHints":{"allow":["GET"]}}],"collection":[{"href":"https:\/\/kapitalis.com\/tunisie\/wp-json\/wp\/v2\/posts"}],"about":[{"href":"https:\/\/kapitalis.com\/tunisie\/wp-json\/wp\/v2\/types\/post"}],"author":[{"embeddable":true,"href":"https:\/\/kapitalis.com\/tunisie\/wp-json\/wp\/v2\/users\/8"}],"replies":[{"embeddable":true,"href":"https:\/\/kapitalis.com\/tunisie\/wp-json\/wp\/v2\/comments?post=15746604"}],"version-history":[{"count":1,"href":"https:\/\/kapitalis.com\/tunisie\/wp-json\/wp\/v2\/posts\/15746604\/revisions"}],"predecessor-version":[{"id":15746652,"href":"https:\/\/kapitalis.com\/tunisie\/wp-json\/wp\/v2\/posts\/15746604\/revisions\/15746652"}],"wp:featuredmedia":[{"embeddable":true,"href":"https:\/\/kapitalis.com\/tunisie\/wp-json\/wp\/v2\/media\/15746623"}],"wp:attachment":[{"href":"https:\/\/kapitalis.com\/tunisie\/wp-json\/wp\/v2\/media?parent=15746604"}],"wp:term":[{"taxonomy":"category","embeddable":true,"href":"https:\/\/kapitalis.com\/tunisie\/wp-json\/wp\/v2\/categories?post=15746604"},{"taxonomy":"post_tag","embeddable":true,"href":"https:\/\/kapitalis.com\/tunisie\/wp-json\/wp\/v2\/tags?post=15746604"}],"curies":[{"name":"wp","href":"https:\/\/api.w.org\/{rel}","templated":true}]}}