{"id":15747261,"date":"2025-03-01T10:28:25","date_gmt":"2025-03-01T09:28:25","guid":{"rendered":"https:\/\/kapitalis.com\/tunisie\/?p=15747261"},"modified":"2025-03-01T10:28:26","modified_gmt":"2025-03-01T09:28:26","slug":"archeologie-la-vraie-fausse-affaire-zama","status":"publish","type":"post","link":"https:\/\/kapitalis.com\/tunisie\/2025\/03\/01\/archeologie-la-vraie-fausse-affaire-zama\/","title":{"rendered":"Arch\u00e9ologie | La vraie fausse affaire Zama"},"content":{"rendered":"\n<p><strong><em>C\u2019est une simple action de coop\u00e9ration arch\u00e9ologique entre la Tunisie et l\u2019Italie que certains m\u00e9dias locaux ont voulu transformer en une affaire de corruption administrative, conform\u00e9ment \u00e0 l\u2019air du temps dans notre pays.<\/em><\/strong><\/p>\n\n\n\n<!--more-->\n\n\n\n<p>Il s\u2019agit d\u2019une collaboration entre le Parc arch\u00e9ologique du Colis\u00e9e de Rome et l\u2019Institut national du patrimoine (INP) pour l\u2019organisation d\u2019une exposition itin\u00e9rante, \u00e0 Rome, du 5 juin au 5 novembre 2025, qui pr\u00e9sentera d\u2019importantes d\u00e9couvertes arch\u00e9ologiques trouv\u00e9es dans le site tunisien de Zama Regia, dans le gouvernorat de Siliana.<\/p>\n\n\n\n<p>C\u2019est ce qu\u2019a annonc\u00e9 le directeur g\u00e9n\u00e9ral de l\u2019INP, Tarek Bacchouche, lors d\u2019une conf\u00e9rence de presse au Mus\u00e9e du Bardo, vendredi 28 f\u00e9vrier 2025, en pr\u00e9cisant qu\u2019avant leur exposition \u00e0 Rome, certains objets feront l\u2019objet d\u2019une restauration minutieuse en Italie entre mars et mai. Et c\u2019est ce qui explique leur envoi \u00e0 Rome o\u00f9 certains m\u00e9dias, en qu\u00eate de buzz facile, ont cru d\u00e9celer une tentative de trafic d\u2019objets arch\u00e9ologiques. La ficelle \u00e9tait trop grosse&#8230; <\/p>\n\n\n<div class=\"wp-block-image\">\n<figure class=\"aligncenter size-large is-resized\"><img loading=\"lazy\" decoding=\"async\" width=\"1024\" height=\"538\" src=\"https:\/\/kapitalis.com\/tunisie\/wp-content\/uploads\/2025\/03\/Samira-Shili-et-Tarek-Baccouche-INP-1024x538.jpg\" alt=\"\" class=\"wp-image-15747277\" style=\"width:800px\" srcset=\"https:\/\/kapitalis.com\/tunisie\/wp-content\/uploads\/2025\/03\/Samira-Shili-et-Tarek-Baccouche-INP-1024x538.jpg 1024w, https:\/\/kapitalis.com\/tunisie\/wp-content\/uploads\/2025\/03\/Samira-Shili-et-Tarek-Baccouche-INP-300x158.jpg 300w, https:\/\/kapitalis.com\/tunisie\/wp-content\/uploads\/2025\/03\/Samira-Shili-et-Tarek-Baccouche-INP-768x403.jpg 768w, https:\/\/kapitalis.com\/tunisie\/wp-content\/uploads\/2025\/03\/Samira-Shili-et-Tarek-Baccouche-INP-580x305.jpg 580w, https:\/\/kapitalis.com\/tunisie\/wp-content\/uploads\/2025\/03\/Samira-Shili-et-Tarek-Baccouche-INP-860x452.jpg 860w, https:\/\/kapitalis.com\/tunisie\/wp-content\/uploads\/2025\/03\/Samira-Shili-et-Tarek-Baccouche-INP-1160x609.jpg 1160w, https:\/\/kapitalis.com\/tunisie\/wp-content\/uploads\/2025\/03\/Samira-Shili-et-Tarek-Baccouche-INP.jpg 1200w\" sizes=\"auto, (max-width: 1024px) 100vw, 1024px\" \/><\/figure>\n<\/div>\n\n\n<p>Cette op\u00e9ration confirme le haut niveau des relations dans le domaine arch\u00e9ologique entre la Tunisie et l\u2019Italie, pays leader pour les missions arch\u00e9ologiques dans la r\u00e9gion, a expliqu\u00e9 Baccouche, en pr\u00e9sentant l\u2019accord de coop\u00e9ration arch\u00e9ologique tuniso-italienne pour la r\u00e9habilitation et la restauration du site de Zama, dans le cadre de la coop\u00e9ration bilat\u00e9rale. Cet accord s\u2019\u00e9tend sur quatre ans, et pr\u00e9voit que la partie italienne allouera \u00e0 la Tunisie une dotation totale de 800&nbsp;000 euros, soit 200 000 euros par an. Il comprend un volet d\u00e9di\u00e9 \u00e0 la formation, \u00e0 la restauration et \u00e0 la valorisation de certains sites arch\u00e9ologiques (site de Puput Hammamet, El-Jem et Zama) et \u00e0 leur promotion \u00e0 travers l\u2019organisation d\u2019expositions et de s\u00e9minaires communs.<\/p>\n\n\n\n<p>Les 30 objets arch\u00e9ologiques s\u00e9lectionn\u00e9s du site de Zama pr\u00e9sent\u00e9s au Bardo seront restaur\u00e9s \u00e0 Rome avec les technologies les plus modernes et avec la participation de deux chercheurs tunisiens. Ils font partie d\u2019une vaste collection remontant \u00e0 diff\u00e9rentes p\u00e9riodes, avant et apr\u00e8s le Christ, compos\u00e9e de temples et de lieux de culte et qui t\u00e9moignent de la richesse de la vie religieuse, culturelle et sociale de l\u2019ancienne Zama.<\/p>\n\n\n\n<p>Bien qu\u2019ils aient \u00e9t\u00e9 d\u00e9couverts entre 2001 et 2006, ces objets sont r\u00e9v\u00e9l\u00e9s au public pour la premi\u00e8re fois, a indiqu\u00e9 Bacchouche, soulignant que de r\u00e9cents inventaires et recherches documentaires ont permis de les identifier et de les classer avec pr\u00e9cision.<\/p>\n\n\n\n<p>La directrice de l\u2019Inventaire et des Etudes de l\u2019INP, Samira Shili, a expliqu\u00e9 que le site de Zama, d\u2019origine numide, a \u00e9t\u00e9 influenc\u00e9 par la civilisation punique puis carthaginoise jusqu\u2019\u00e0 l\u2019\u00e9poque romaine, ce qui en fait un t\u00e9moin de l\u2019imbrication des civilisations en Tunisie.<\/p>\n\n\n\n<p>Les 30 objets s\u00e9lectionn\u00e9s appartiennent \u00e0 diff\u00e9rentes \u00e9poques et repr\u00e9sentent de multiples aspects de la vie religieuse et culturelle de Zama. Parmi les pi\u00e8ces les plus importantes trouv\u00e9es figurent des statuettes repr\u00e9sentant des divinit\u00e9s pa\u00efennes, des vases en c\u00e9ramique et divers outils qui renseignent sur le mode de vie de l\u2019\u00e9poque.<\/p>\n\n\n<div class=\"wp-block-image\">\n<figure class=\"aligncenter size-large\"><img loading=\"lazy\" decoding=\"async\" width=\"1024\" height=\"538\" src=\"https:\/\/kapitalis.com\/tunisie\/wp-content\/uploads\/2025\/03\/Fouilles-Zama-2-1024x538.jpg\" alt=\"\" class=\"wp-image-15747282\" srcset=\"https:\/\/kapitalis.com\/tunisie\/wp-content\/uploads\/2025\/03\/Fouilles-Zama-2-1024x538.jpg 1024w, https:\/\/kapitalis.com\/tunisie\/wp-content\/uploads\/2025\/03\/Fouilles-Zama-2-300x158.jpg 300w, https:\/\/kapitalis.com\/tunisie\/wp-content\/uploads\/2025\/03\/Fouilles-Zama-2-768x403.jpg 768w, https:\/\/kapitalis.com\/tunisie\/wp-content\/uploads\/2025\/03\/Fouilles-Zama-2-580x305.jpg 580w, https:\/\/kapitalis.com\/tunisie\/wp-content\/uploads\/2025\/03\/Fouilles-Zama-2-860x452.jpg 860w, https:\/\/kapitalis.com\/tunisie\/wp-content\/uploads\/2025\/03\/Fouilles-Zama-2-1160x609.jpg 1160w, https:\/\/kapitalis.com\/tunisie\/wp-content\/uploads\/2025\/03\/Fouilles-Zama-2.jpg 1200w\" sizes=\"auto, (max-width: 1024px) 100vw, 1024px\" \/><\/figure>\n<\/div>\n\n\n<p>Les fouilles de Zama se sont d\u00e9roul\u00e9es en plusieurs phases, dans le cadre d\u2019exp\u00e9ditions arch\u00e9ologiques d\u00e9but\u00e9es en 1996, qui ont permis d\u2019accumuler les d\u00e9couvertes au cours des derni\u00e8res d\u00e9cennies. Selon Shili, <em>\u00abces d\u00e9couvertes rev\u00eatent une grande importance pour promouvoir la recherche scientifique et nous permettent de mieux comprendre l&rsquo;histoire de la r\u00e9gion\u00bb<\/em>.<\/p>\n\n\n\n<p>Zama Regia \u00e9tait une ville appartenant \u00e0 l\u2019empire carthaginois o\u00f9, en 202 avant J.-C., les Romains remport\u00e8rent la derni\u00e8re bataille de la Seconde Guerre punique.<\/p>\n\n\n\n<p class=\"has-text-align-right\"><strong>I. B.<\/strong><\/p>\n\n\n\n<p><\/p>\n","protected":false},"excerpt":{"rendered":"<p>C\u2019est une simple action de coop\u00e9ration arch\u00e9ologique entre la Tunisie et l\u2019Italie que certains m\u00e9dias locaux ont voulu transformer en une affaire de corruption. <\/p>\n","protected":false},"author":8,"featured_media":15747271,"comment_status":"open","ping_status":"open","sticky":false,"template":"","format":"standard","meta":{"footnotes":""},"categories":[992,994,2433],"tags":[78,117793,9246,505,2763,121060,62643,117523],"class_list":["post-15747261","post","type-post","status-publish","format-standard","has-post-thumbnail","hentry","category-a-la-une","category-culture","category-tunisie","tag-archeologie","tag-colisee-de-rome","tag-institut-national-du-patrimoine","tag-italie","tag-siliana","tag-tarek-bacchouche","tag-tunisie","tag-zama"],"yoast_head":"<!-- This site is optimized with the Yoast SEO plugin v26.6 - https:\/\/yoast.com\/wordpress\/plugins\/seo\/ -->\n<title>Arch\u00e9ologie | La vraie fausse affaire Zama - Kapitalis<\/title>\n<meta name=\"robots\" content=\"index, follow, max-snippet:-1, max-image-preview:large, max-video-preview:-1\" \/>\n<link rel=\"canonical\" href=\"https:\/\/kapitalis.com\/tunisie\/2025\/03\/01\/archeologie-la-vraie-fausse-affaire-zama\/\" \/>\n<meta property=\"og:locale\" content=\"fr_FR\" \/>\n<meta property=\"og:type\" content=\"article\" \/>\n<meta property=\"og:title\" content=\"Arch\u00e9ologie | La vraie fausse affaire Zama - Kapitalis\" \/>\n<meta property=\"og:description\" content=\"C\u2019est une simple action de coop\u00e9ration arch\u00e9ologique entre la Tunisie et l\u2019Italie que certains m\u00e9dias locaux ont voulu transformer en une affaire de corruption.\" \/>\n<meta property=\"og:url\" content=\"https:\/\/kapitalis.com\/tunisie\/2025\/03\/01\/archeologie-la-vraie-fausse-affaire-zama\/\" \/>\n<meta property=\"og:site_name\" content=\"Kapitalis\" \/>\n<meta property=\"article:publisher\" content=\"https:\/\/www.facebook.com\/KapitalisInfo\/\" \/>\n<meta property=\"article:published_time\" content=\"2025-03-01T09:28:25+00:00\" \/>\n<meta property=\"article:modified_time\" content=\"2025-03-01T09:28:26+00:00\" \/>\n<meta property=\"og:image\" content=\"https:\/\/kapitalis.com\/tunisie\/wp-content\/uploads\/2025\/03\/Fouilles-Zama.jpg\" \/>\n\t<meta property=\"og:image:width\" content=\"1200\" \/>\n\t<meta property=\"og:image:height\" content=\"630\" \/>\n\t<meta property=\"og:image:type\" content=\"image\/jpeg\" \/>\n<meta name=\"author\" content=\"webmaster kapitalis\" \/>\n<meta name=\"twitter:card\" content=\"summary_large_image\" \/>\n<meta name=\"twitter:creator\" content=\"@KapitalisInfo\" \/>\n<meta name=\"twitter:site\" content=\"@KapitalisInfo\" \/>\n<meta name=\"twitter:label1\" content=\"\u00c9crit par\" \/>\n\t<meta name=\"twitter:data1\" content=\"webmaster kapitalis\" \/>\n\t<meta name=\"twitter:label2\" content=\"Dur\u00e9e de lecture estim\u00e9e\" \/>\n\t<meta name=\"twitter:data2\" content=\"4 minutes\" \/>\n<script type=\"application\/ld+json\" class=\"yoast-schema-graph\">{\"@context\":\"https:\/\/schema.org\",\"@graph\":[{\"@type\":\"Article\",\"@id\":\"https:\/\/kapitalis.com\/tunisie\/2025\/03\/01\/archeologie-la-vraie-fausse-affaire-zama\/#article\",\"isPartOf\":{\"@id\":\"https:\/\/kapitalis.com\/tunisie\/2025\/03\/01\/archeologie-la-vraie-fausse-affaire-zama\/\"},\"author\":{\"name\":\"webmaster kapitalis\",\"@id\":\"https:\/\/kapitalis.com\/tunisie\/#\/schema\/person\/d71f33a9ca44f7bad4698210b480c8e9\"},\"headline\":\"Arch\u00e9ologie | La vraie fausse affaire Zama\",\"datePublished\":\"2025-03-01T09:28:25+00:00\",\"dateModified\":\"2025-03-01T09:28:26+00:00\",\"mainEntityOfPage\":{\"@id\":\"https:\/\/kapitalis.com\/tunisie\/2025\/03\/01\/archeologie-la-vraie-fausse-affaire-zama\/\"},\"wordCount\":655,\"commentCount\":0,\"publisher\":{\"@id\":\"https:\/\/kapitalis.com\/tunisie\/#organization\"},\"image\":{\"@id\":\"https:\/\/kapitalis.com\/tunisie\/2025\/03\/01\/archeologie-la-vraie-fausse-affaire-zama\/#primaryimage\"},\"thumbnailUrl\":\"https:\/\/kapitalis.com\/tunisie\/wp-content\/uploads\/2025\/03\/Fouilles-Zama.jpg\",\"keywords\":[\"arch\u00e9ologie\",\"Colis\u00e9e de Rome\",\"Institut national du patrimoine\",\"Italie\",\"Siliana\",\"Tarek Bacchouche\",\"Tunisie\",\"Zama\"],\"articleSection\":[\"A LA UNE\",\"CULTURE\",\"Tunisie\"],\"inLanguage\":\"fr-FR\",\"potentialAction\":[{\"@type\":\"CommentAction\",\"name\":\"Comment\",\"target\":[\"https:\/\/kapitalis.com\/tunisie\/2025\/03\/01\/archeologie-la-vraie-fausse-affaire-zama\/#respond\"]}]},{\"@type\":\"WebPage\",\"@id\":\"https:\/\/kapitalis.com\/tunisie\/2025\/03\/01\/archeologie-la-vraie-fausse-affaire-zama\/\",\"url\":\"https:\/\/kapitalis.com\/tunisie\/2025\/03\/01\/archeologie-la-vraie-fausse-affaire-zama\/\",\"name\":\"Arch\u00e9ologie | La vraie fausse affaire Zama - Kapitalis\",\"isPartOf\":{\"@id\":\"https:\/\/kapitalis.com\/tunisie\/#website\"},\"primaryImageOfPage\":{\"@id\":\"https:\/\/kapitalis.com\/tunisie\/2025\/03\/01\/archeologie-la-vraie-fausse-affaire-zama\/#primaryimage\"},\"image\":{\"@id\":\"https:\/\/kapitalis.com\/tunisie\/2025\/03\/01\/archeologie-la-vraie-fausse-affaire-zama\/#primaryimage\"},\"thumbnailUrl\":\"https:\/\/kapitalis.com\/tunisie\/wp-content\/uploads\/2025\/03\/Fouilles-Zama.jpg\",\"datePublished\":\"2025-03-01T09:28:25+00:00\",\"dateModified\":\"2025-03-01T09:28:26+00:00\",\"breadcrumb\":{\"@id\":\"https:\/\/kapitalis.com\/tunisie\/2025\/03\/01\/archeologie-la-vraie-fausse-affaire-zama\/#breadcrumb\"},\"inLanguage\":\"fr-FR\",\"potentialAction\":[{\"@type\":\"ReadAction\",\"target\":[\"https:\/\/kapitalis.com\/tunisie\/2025\/03\/01\/archeologie-la-vraie-fausse-affaire-zama\/\"]}]},{\"@type\":\"ImageObject\",\"inLanguage\":\"fr-FR\",\"@id\":\"https:\/\/kapitalis.com\/tunisie\/2025\/03\/01\/archeologie-la-vraie-fausse-affaire-zama\/#primaryimage\",\"url\":\"https:\/\/kapitalis.com\/tunisie\/wp-content\/uploads\/2025\/03\/Fouilles-Zama.jpg\",\"contentUrl\":\"https:\/\/kapitalis.com\/tunisie\/wp-content\/uploads\/2025\/03\/Fouilles-Zama.jpg\",\"width\":1200,\"height\":630},{\"@type\":\"BreadcrumbList\",\"@id\":\"https:\/\/kapitalis.com\/tunisie\/2025\/03\/01\/archeologie-la-vraie-fausse-affaire-zama\/#breadcrumb\",\"itemListElement\":[{\"@type\":\"ListItem\",\"position\":1,\"name\":\"Accueil\",\"item\":\"https:\/\/kapitalis.com\/tunisie\/\"},{\"@type\":\"ListItem\",\"position\":2,\"name\":\"Arch\u00e9ologie | La vraie fausse affaire Zama\"}]},{\"@type\":\"WebSite\",\"@id\":\"https:\/\/kapitalis.com\/tunisie\/#website\",\"url\":\"https:\/\/kapitalis.com\/tunisie\/\",\"name\":\"Kapitalis\",\"description\":\"L&#039;actualit\u00e9 en Tunisie et dans le monde\",\"publisher\":{\"@id\":\"https:\/\/kapitalis.com\/tunisie\/#organization\"},\"potentialAction\":[{\"@type\":\"SearchAction\",\"target\":{\"@type\":\"EntryPoint\",\"urlTemplate\":\"https:\/\/kapitalis.com\/tunisie\/?s={search_term_string}\"},\"query-input\":{\"@type\":\"PropertyValueSpecification\",\"valueRequired\":true,\"valueName\":\"search_term_string\"}}],\"inLanguage\":\"fr-FR\"},{\"@type\":\"Organization\",\"@id\":\"https:\/\/kapitalis.com\/tunisie\/#organization\",\"name\":\"Kapitalis\",\"url\":\"https:\/\/kapitalis.com\/tunisie\/\",\"logo\":{\"@type\":\"ImageObject\",\"inLanguage\":\"fr-FR\",\"@id\":\"https:\/\/kapitalis.com\/tunisie\/#\/schema\/logo\/image\/\",\"url\":\"https:\/\/kapitalis.com\/tunisie\/wp-content\/uploads\/2022\/05\/Kapitalis-big-size.png\",\"contentUrl\":\"https:\/\/kapitalis.com\/tunisie\/wp-content\/uploads\/2022\/05\/Kapitalis-big-size.png\",\"width\":5000,\"height\":1500,\"caption\":\"Kapitalis\"},\"image\":{\"@id\":\"https:\/\/kapitalis.com\/tunisie\/#\/schema\/logo\/image\/\"},\"sameAs\":[\"https:\/\/www.facebook.com\/KapitalisInfo\/\",\"https:\/\/x.com\/KapitalisInfo\",\"https:\/\/www.youtube.com\/channel\/UC-yDYrHyfFBWWZaOw3FPg9Q\"]},{\"@type\":\"Person\",\"@id\":\"https:\/\/kapitalis.com\/tunisie\/#\/schema\/person\/d71f33a9ca44f7bad4698210b480c8e9\",\"name\":\"webmaster kapitalis\",\"url\":\"https:\/\/kapitalis.com\/tunisie\/author\/webmaster-kapitalis\/\"}]}<\/script>\n<!-- \/ Yoast SEO plugin. -->","yoast_head_json":{"title":"Arch\u00e9ologie | La vraie fausse affaire Zama - Kapitalis","robots":{"index":"index","follow":"follow","max-snippet":"max-snippet:-1","max-image-preview":"max-image-preview:large","max-video-preview":"max-video-preview:-1"},"canonical":"https:\/\/kapitalis.com\/tunisie\/2025\/03\/01\/archeologie-la-vraie-fausse-affaire-zama\/","og_locale":"fr_FR","og_type":"article","og_title":"Arch\u00e9ologie | La vraie fausse affaire Zama - Kapitalis","og_description":"C\u2019est une simple action de coop\u00e9ration arch\u00e9ologique entre la Tunisie et l\u2019Italie que certains m\u00e9dias locaux ont voulu transformer en une affaire de corruption.","og_url":"https:\/\/kapitalis.com\/tunisie\/2025\/03\/01\/archeologie-la-vraie-fausse-affaire-zama\/","og_site_name":"Kapitalis","article_publisher":"https:\/\/www.facebook.com\/KapitalisInfo\/","article_published_time":"2025-03-01T09:28:25+00:00","article_modified_time":"2025-03-01T09:28:26+00:00","og_image":[{"width":1200,"height":630,"url":"https:\/\/kapitalis.com\/tunisie\/wp-content\/uploads\/2025\/03\/Fouilles-Zama.jpg","type":"image\/jpeg"}],"author":"webmaster kapitalis","twitter_card":"summary_large_image","twitter_creator":"@KapitalisInfo","twitter_site":"@KapitalisInfo","twitter_misc":{"\u00c9crit par":"webmaster kapitalis","Dur\u00e9e de lecture estim\u00e9e":"4 minutes"},"schema":{"@context":"https:\/\/schema.org","@graph":[{"@type":"Article","@id":"https:\/\/kapitalis.com\/tunisie\/2025\/03\/01\/archeologie-la-vraie-fausse-affaire-zama\/#article","isPartOf":{"@id":"https:\/\/kapitalis.com\/tunisie\/2025\/03\/01\/archeologie-la-vraie-fausse-affaire-zama\/"},"author":{"name":"webmaster kapitalis","@id":"https:\/\/kapitalis.com\/tunisie\/#\/schema\/person\/d71f33a9ca44f7bad4698210b480c8e9"},"headline":"Arch\u00e9ologie | La vraie fausse affaire Zama","datePublished":"2025-03-01T09:28:25+00:00","dateModified":"2025-03-01T09:28:26+00:00","mainEntityOfPage":{"@id":"https:\/\/kapitalis.com\/tunisie\/2025\/03\/01\/archeologie-la-vraie-fausse-affaire-zama\/"},"wordCount":655,"commentCount":0,"publisher":{"@id":"https:\/\/kapitalis.com\/tunisie\/#organization"},"image":{"@id":"https:\/\/kapitalis.com\/tunisie\/2025\/03\/01\/archeologie-la-vraie-fausse-affaire-zama\/#primaryimage"},"thumbnailUrl":"https:\/\/kapitalis.com\/tunisie\/wp-content\/uploads\/2025\/03\/Fouilles-Zama.jpg","keywords":["arch\u00e9ologie","Colis\u00e9e de Rome","Institut national du patrimoine","Italie","Siliana","Tarek Bacchouche","Tunisie","Zama"],"articleSection":["A LA UNE","CULTURE","Tunisie"],"inLanguage":"fr-FR","potentialAction":[{"@type":"CommentAction","name":"Comment","target":["https:\/\/kapitalis.com\/tunisie\/2025\/03\/01\/archeologie-la-vraie-fausse-affaire-zama\/#respond"]}]},{"@type":"WebPage","@id":"https:\/\/kapitalis.com\/tunisie\/2025\/03\/01\/archeologie-la-vraie-fausse-affaire-zama\/","url":"https:\/\/kapitalis.com\/tunisie\/2025\/03\/01\/archeologie-la-vraie-fausse-affaire-zama\/","name":"Arch\u00e9ologie | La vraie fausse affaire Zama - Kapitalis","isPartOf":{"@id":"https:\/\/kapitalis.com\/tunisie\/#website"},"primaryImageOfPage":{"@id":"https:\/\/kapitalis.com\/tunisie\/2025\/03\/01\/archeologie-la-vraie-fausse-affaire-zama\/#primaryimage"},"image":{"@id":"https:\/\/kapitalis.com\/tunisie\/2025\/03\/01\/archeologie-la-vraie-fausse-affaire-zama\/#primaryimage"},"thumbnailUrl":"https:\/\/kapitalis.com\/tunisie\/wp-content\/uploads\/2025\/03\/Fouilles-Zama.jpg","datePublished":"2025-03-01T09:28:25+00:00","dateModified":"2025-03-01T09:28:26+00:00","breadcrumb":{"@id":"https:\/\/kapitalis.com\/tunisie\/2025\/03\/01\/archeologie-la-vraie-fausse-affaire-zama\/#breadcrumb"},"inLanguage":"fr-FR","potentialAction":[{"@type":"ReadAction","target":["https:\/\/kapitalis.com\/tunisie\/2025\/03\/01\/archeologie-la-vraie-fausse-affaire-zama\/"]}]},{"@type":"ImageObject","inLanguage":"fr-FR","@id":"https:\/\/kapitalis.com\/tunisie\/2025\/03\/01\/archeologie-la-vraie-fausse-affaire-zama\/#primaryimage","url":"https:\/\/kapitalis.com\/tunisie\/wp-content\/uploads\/2025\/03\/Fouilles-Zama.jpg","contentUrl":"https:\/\/kapitalis.com\/tunisie\/wp-content\/uploads\/2025\/03\/Fouilles-Zama.jpg","width":1200,"height":630},{"@type":"BreadcrumbList","@id":"https:\/\/kapitalis.com\/tunisie\/2025\/03\/01\/archeologie-la-vraie-fausse-affaire-zama\/#breadcrumb","itemListElement":[{"@type":"ListItem","position":1,"name":"Accueil","item":"https:\/\/kapitalis.com\/tunisie\/"},{"@type":"ListItem","position":2,"name":"Arch\u00e9ologie | La vraie fausse affaire Zama"}]},{"@type":"WebSite","@id":"https:\/\/kapitalis.com\/tunisie\/#website","url":"https:\/\/kapitalis.com\/tunisie\/","name":"Kapitalis","description":"L&#039;actualit\u00e9 en Tunisie et dans le monde","publisher":{"@id":"https:\/\/kapitalis.com\/tunisie\/#organization"},"potentialAction":[{"@type":"SearchAction","target":{"@type":"EntryPoint","urlTemplate":"https:\/\/kapitalis.com\/tunisie\/?s={search_term_string}"},"query-input":{"@type":"PropertyValueSpecification","valueRequired":true,"valueName":"search_term_string"}}],"inLanguage":"fr-FR"},{"@type":"Organization","@id":"https:\/\/kapitalis.com\/tunisie\/#organization","name":"Kapitalis","url":"https:\/\/kapitalis.com\/tunisie\/","logo":{"@type":"ImageObject","inLanguage":"fr-FR","@id":"https:\/\/kapitalis.com\/tunisie\/#\/schema\/logo\/image\/","url":"https:\/\/kapitalis.com\/tunisie\/wp-content\/uploads\/2022\/05\/Kapitalis-big-size.png","contentUrl":"https:\/\/kapitalis.com\/tunisie\/wp-content\/uploads\/2022\/05\/Kapitalis-big-size.png","width":5000,"height":1500,"caption":"Kapitalis"},"image":{"@id":"https:\/\/kapitalis.com\/tunisie\/#\/schema\/logo\/image\/"},"sameAs":["https:\/\/www.facebook.com\/KapitalisInfo\/","https:\/\/x.com\/KapitalisInfo","https:\/\/www.youtube.com\/channel\/UC-yDYrHyfFBWWZaOw3FPg9Q"]},{"@type":"Person","@id":"https:\/\/kapitalis.com\/tunisie\/#\/schema\/person\/d71f33a9ca44f7bad4698210b480c8e9","name":"webmaster kapitalis","url":"https:\/\/kapitalis.com\/tunisie\/author\/webmaster-kapitalis\/"}]}},"_links":{"self":[{"href":"https:\/\/kapitalis.com\/tunisie\/wp-json\/wp\/v2\/posts\/15747261","targetHints":{"allow":["GET"]}}],"collection":[{"href":"https:\/\/kapitalis.com\/tunisie\/wp-json\/wp\/v2\/posts"}],"about":[{"href":"https:\/\/kapitalis.com\/tunisie\/wp-json\/wp\/v2\/types\/post"}],"author":[{"embeddable":true,"href":"https:\/\/kapitalis.com\/tunisie\/wp-json\/wp\/v2\/users\/8"}],"replies":[{"embeddable":true,"href":"https:\/\/kapitalis.com\/tunisie\/wp-json\/wp\/v2\/comments?post=15747261"}],"version-history":[{"count":1,"href":"https:\/\/kapitalis.com\/tunisie\/wp-json\/wp\/v2\/posts\/15747261\/revisions"}],"predecessor-version":[{"id":15747289,"href":"https:\/\/kapitalis.com\/tunisie\/wp-json\/wp\/v2\/posts\/15747261\/revisions\/15747289"}],"wp:featuredmedia":[{"embeddable":true,"href":"https:\/\/kapitalis.com\/tunisie\/wp-json\/wp\/v2\/media\/15747271"}],"wp:attachment":[{"href":"https:\/\/kapitalis.com\/tunisie\/wp-json\/wp\/v2\/media?parent=15747261"}],"wp:term":[{"taxonomy":"category","embeddable":true,"href":"https:\/\/kapitalis.com\/tunisie\/wp-json\/wp\/v2\/categories?post=15747261"},{"taxonomy":"post_tag","embeddable":true,"href":"https:\/\/kapitalis.com\/tunisie\/wp-json\/wp\/v2\/tags?post=15747261"}],"curies":[{"name":"wp","href":"https:\/\/api.w.org\/{rel}","templated":true}]}}