{"id":15751790,"date":"2025-03-01T22:16:37","date_gmt":"2025-03-01T21:16:37","guid":{"rendered":"https:\/\/kapitalis.com\/tunisie\/?p=15751790"},"modified":"2025-03-01T22:33:17","modified_gmt":"2025-03-01T21:33:17","slug":"ibtihel-mbarek-sonia-amiri-primees-aux-trophees-des-femmes-entrepreneures-de-tunisie","status":"publish","type":"post","link":"https:\/\/kapitalis.com\/tunisie\/2025\/03\/01\/ibtihel-mbarek-sonia-amiri-primees-aux-trophees-des-femmes-entrepreneures-de-tunisie\/","title":{"rendered":"Ibtihel Mbarek &#038; Sonia Amiri prim\u00e9es aux Troph\u00e9es des femmes entrepreneures de Tunisie"},"content":{"rendered":"\n<p><strong><em>L\u2019ambassade de Suisse en Tunisie a f\u00e9licit\u00e9 Ibtihel Mbarek et Sonia Amiri prim\u00e9es, cette semaine, aux Troph\u00e9es des femmes entrepreneures de Tunisie 2025.<\/em><\/strong><\/p>\n\n\n\n<!--more-->\n\n\n\n<p>Mabrouk \u00e0 Ibtihel Mbarek et Sonia Amiri, accompagn\u00e9es par le Projet d\u2019Acc\u00e8s aux March\u00e9s des Produits Agroalimentaires et de Terroir (PAMPAT Tunisie), lit-on dans le communiqu\u00e9 de l&rsquo;ambassade suisse, qui f\u00e9licite ces deux cheffes d\u2019entreprises tunisiennes.<\/p>\n\n\n\n<p>Deux cheffes d\u2019entreprises tunisiennes au service de l\u2019innovation \ud83d\udca1et de la valorisation des produits du terroir :<\/p>\n\n\n\n<p>I<strong>btihel Mbarek <\/strong>: Fondatrice du Laboratoire Herbalya natural care, elle a \u00e9t\u00e9 accompagn\u00e9e par PAMPAT dans le cadre des activit\u00e9s d&rsquo;appui \u00e0 la fili\u00e8re Figue de barbarie de Tunisie. Elle produit de l\u2019huile de p\u00e9pins de figue de barbarie et des cosm\u00e9tiques naturels \u00e0 base de cette huile, ainsi que vinaigre de figue de barbarie.<\/p>\n\n\n\n<p><strong>Sonia Amiri<\/strong> : fondatrice d&rsquo;Ol\u00e9a Amiri, elle est appuy\u00e9e par le projet PAMPAT dans le cadre des activit\u00e9s men\u00e9es dans la r\u00e9gion de Kairouan , l&rsquo;une des zones pilotes de la strat\u00e9gie nationale de valorisation et de promotion des produits du terroir. Productrice de l\u2019huile d&rsquo;olive monovari\u00e9tale Oueslati, Sonia a \u00e9t\u00e9 r\u00e9compens\u00e9e par le Prix Agribusiness pour son travail dans la valorisation de ce produit embl\u00e9matique.<\/p>\n","protected":false},"excerpt":{"rendered":"<p>L\u2019ambassade de Suisse en Tunisie a f\u00e9licit\u00e9 Ibtihel Mbarek et Sonia Amiri prim\u00e9es, cette semaine, aux Troph\u00e9es des femmes entrepreneures de Tunisie 2025.<\/p>\n","protected":false},"author":6,"featured_media":15751805,"comment_status":"open","ping_status":"open","sticky":false,"template":"","format":"standard","meta":{"footnotes":""},"categories":[995,998,2433],"tags":[121066,91846,113127,866,62643],"class_list":["post-15751790","post","type-post","status-publish","format-standard","has-post-thumbnail","hentry","category-economie","category-societe","category-tunisie","tag-ibtihel-mbarek","tag-projet-pampat","tag-sonia-amiri","tag-suisse","tag-tunisie"],"yoast_head":"<!-- This site is optimized with the Yoast SEO plugin v26.6 - https:\/\/yoast.com\/wordpress\/plugins\/seo\/ -->\n<title>Ibtihel Mbarek &amp; Sonia Amiri prim\u00e9es aux Troph\u00e9es des femmes entrepreneures de Tunisie - Kapitalis<\/title>\n<meta name=\"robots\" content=\"index, follow, max-snippet:-1, max-image-preview:large, max-video-preview:-1\" \/>\n<link rel=\"canonical\" href=\"https:\/\/kapitalis.com\/tunisie\/2025\/03\/01\/ibtihel-mbarek-sonia-amiri-primees-aux-trophees-des-femmes-entrepreneures-de-tunisie\/\" \/>\n<meta property=\"og:locale\" content=\"fr_FR\" \/>\n<meta property=\"og:type\" content=\"article\" \/>\n<meta property=\"og:title\" content=\"Ibtihel Mbarek &amp; Sonia Amiri prim\u00e9es aux Troph\u00e9es des femmes entrepreneures de Tunisie - Kapitalis\" \/>\n<meta property=\"og:description\" content=\"L\u2019ambassade de Suisse en Tunisie a f\u00e9licit\u00e9 Ibtihel Mbarek et Sonia Amiri prim\u00e9es, cette semaine, aux Troph\u00e9es des femmes entrepreneures de Tunisie 2025.\" \/>\n<meta property=\"og:url\" content=\"https:\/\/kapitalis.com\/tunisie\/2025\/03\/01\/ibtihel-mbarek-sonia-amiri-primees-aux-trophees-des-femmes-entrepreneures-de-tunisie\/\" \/>\n<meta property=\"og:site_name\" content=\"Kapitalis\" \/>\n<meta property=\"article:publisher\" content=\"https:\/\/www.facebook.com\/KapitalisInfo\/\" \/>\n<meta property=\"article:published_time\" content=\"2025-03-01T21:16:37+00:00\" \/>\n<meta property=\"article:modified_time\" content=\"2025-03-01T21:33:17+00:00\" \/>\n<meta property=\"og:image\" content=\"https:\/\/kapitalis.com\/tunisie\/wp-content\/uploads\/2025\/03\/Ibtihel-Mbarek-Sonia-Amiri.jpg\" \/>\n\t<meta property=\"og:image:width\" content=\"1200\" \/>\n\t<meta property=\"og:image:height\" content=\"630\" \/>\n\t<meta property=\"og:image:type\" content=\"image\/jpeg\" \/>\n<meta name=\"author\" content=\"Yusra NY\" \/>\n<meta name=\"twitter:card\" content=\"summary_large_image\" \/>\n<meta name=\"twitter:creator\" content=\"@KapitalisInfo\" \/>\n<meta name=\"twitter:site\" content=\"@KapitalisInfo\" \/>\n<meta name=\"twitter:label1\" content=\"\u00c9crit par\" \/>\n\t<meta name=\"twitter:data1\" content=\"Yusra NY\" \/>\n\t<meta name=\"twitter:label2\" content=\"Dur\u00e9e de lecture estim\u00e9e\" \/>\n\t<meta name=\"twitter:data2\" content=\"2 minutes\" \/>\n<script type=\"application\/ld+json\" class=\"yoast-schema-graph\">{\"@context\":\"https:\/\/schema.org\",\"@graph\":[{\"@type\":\"Article\",\"@id\":\"https:\/\/kapitalis.com\/tunisie\/2025\/03\/01\/ibtihel-mbarek-sonia-amiri-primees-aux-trophees-des-femmes-entrepreneures-de-tunisie\/#article\",\"isPartOf\":{\"@id\":\"https:\/\/kapitalis.com\/tunisie\/2025\/03\/01\/ibtihel-mbarek-sonia-amiri-primees-aux-trophees-des-femmes-entrepreneures-de-tunisie\/\"},\"author\":{\"name\":\"Yusra NY\",\"@id\":\"https:\/\/kapitalis.com\/tunisie\/#\/schema\/person\/74bbde0154d49d790a92aaeac5bc01d5\"},\"headline\":\"Ibtihel Mbarek &#038; Sonia Amiri prim\u00e9es aux Troph\u00e9es des femmes entrepreneures de Tunisie\",\"datePublished\":\"2025-03-01T21:16:37+00:00\",\"dateModified\":\"2025-03-01T21:33:17+00:00\",\"mainEntityOfPage\":{\"@id\":\"https:\/\/kapitalis.com\/tunisie\/2025\/03\/01\/ibtihel-mbarek-sonia-amiri-primees-aux-trophees-des-femmes-entrepreneures-de-tunisie\/\"},\"wordCount\":232,\"commentCount\":0,\"publisher\":{\"@id\":\"https:\/\/kapitalis.com\/tunisie\/#organization\"},\"image\":{\"@id\":\"https:\/\/kapitalis.com\/tunisie\/2025\/03\/01\/ibtihel-mbarek-sonia-amiri-primees-aux-trophees-des-femmes-entrepreneures-de-tunisie\/#primaryimage\"},\"thumbnailUrl\":\"https:\/\/kapitalis.com\/tunisie\/wp-content\/uploads\/2025\/03\/Ibtihel-Mbarek-Sonia-Amiri.jpg\",\"keywords\":[\"Ibtihel Mbarek\",\"projet Pampat\",\"Sonia Amiri\",\"Suisse\",\"Tunisie\"],\"articleSection\":[\"ECONOMIE\",\"SOCIETE\",\"Tunisie\"],\"inLanguage\":\"fr-FR\",\"potentialAction\":[{\"@type\":\"CommentAction\",\"name\":\"Comment\",\"target\":[\"https:\/\/kapitalis.com\/tunisie\/2025\/03\/01\/ibtihel-mbarek-sonia-amiri-primees-aux-trophees-des-femmes-entrepreneures-de-tunisie\/#respond\"]}]},{\"@type\":\"WebPage\",\"@id\":\"https:\/\/kapitalis.com\/tunisie\/2025\/03\/01\/ibtihel-mbarek-sonia-amiri-primees-aux-trophees-des-femmes-entrepreneures-de-tunisie\/\",\"url\":\"https:\/\/kapitalis.com\/tunisie\/2025\/03\/01\/ibtihel-mbarek-sonia-amiri-primees-aux-trophees-des-femmes-entrepreneures-de-tunisie\/\",\"name\":\"Ibtihel Mbarek & Sonia Amiri prim\u00e9es aux Troph\u00e9es des femmes entrepreneures de Tunisie - Kapitalis\",\"isPartOf\":{\"@id\":\"https:\/\/kapitalis.com\/tunisie\/#website\"},\"primaryImageOfPage\":{\"@id\":\"https:\/\/kapitalis.com\/tunisie\/2025\/03\/01\/ibtihel-mbarek-sonia-amiri-primees-aux-trophees-des-femmes-entrepreneures-de-tunisie\/#primaryimage\"},\"image\":{\"@id\":\"https:\/\/kapitalis.com\/tunisie\/2025\/03\/01\/ibtihel-mbarek-sonia-amiri-primees-aux-trophees-des-femmes-entrepreneures-de-tunisie\/#primaryimage\"},\"thumbnailUrl\":\"https:\/\/kapitalis.com\/tunisie\/wp-content\/uploads\/2025\/03\/Ibtihel-Mbarek-Sonia-Amiri.jpg\",\"datePublished\":\"2025-03-01T21:16:37+00:00\",\"dateModified\":\"2025-03-01T21:33:17+00:00\",\"breadcrumb\":{\"@id\":\"https:\/\/kapitalis.com\/tunisie\/2025\/03\/01\/ibtihel-mbarek-sonia-amiri-primees-aux-trophees-des-femmes-entrepreneures-de-tunisie\/#breadcrumb\"},\"inLanguage\":\"fr-FR\",\"potentialAction\":[{\"@type\":\"ReadAction\",\"target\":[\"https:\/\/kapitalis.com\/tunisie\/2025\/03\/01\/ibtihel-mbarek-sonia-amiri-primees-aux-trophees-des-femmes-entrepreneures-de-tunisie\/\"]}]},{\"@type\":\"ImageObject\",\"inLanguage\":\"fr-FR\",\"@id\":\"https:\/\/kapitalis.com\/tunisie\/2025\/03\/01\/ibtihel-mbarek-sonia-amiri-primees-aux-trophees-des-femmes-entrepreneures-de-tunisie\/#primaryimage\",\"url\":\"https:\/\/kapitalis.com\/tunisie\/wp-content\/uploads\/2025\/03\/Ibtihel-Mbarek-Sonia-Amiri.jpg\",\"contentUrl\":\"https:\/\/kapitalis.com\/tunisie\/wp-content\/uploads\/2025\/03\/Ibtihel-Mbarek-Sonia-Amiri.jpg\",\"width\":1200,\"height\":630},{\"@type\":\"BreadcrumbList\",\"@id\":\"https:\/\/kapitalis.com\/tunisie\/2025\/03\/01\/ibtihel-mbarek-sonia-amiri-primees-aux-trophees-des-femmes-entrepreneures-de-tunisie\/#breadcrumb\",\"itemListElement\":[{\"@type\":\"ListItem\",\"position\":1,\"name\":\"Accueil\",\"item\":\"https:\/\/kapitalis.com\/tunisie\/\"},{\"@type\":\"ListItem\",\"position\":2,\"name\":\"Ibtihel Mbarek &#038; Sonia Amiri prim\u00e9es aux Troph\u00e9es des femmes entrepreneures de Tunisie\"}]},{\"@type\":\"WebSite\",\"@id\":\"https:\/\/kapitalis.com\/tunisie\/#website\",\"url\":\"https:\/\/kapitalis.com\/tunisie\/\",\"name\":\"Kapitalis\",\"description\":\"L&#039;actualit\u00e9 en Tunisie et dans le monde\",\"publisher\":{\"@id\":\"https:\/\/kapitalis.com\/tunisie\/#organization\"},\"potentialAction\":[{\"@type\":\"SearchAction\",\"target\":{\"@type\":\"EntryPoint\",\"urlTemplate\":\"https:\/\/kapitalis.com\/tunisie\/?s={search_term_string}\"},\"query-input\":{\"@type\":\"PropertyValueSpecification\",\"valueRequired\":true,\"valueName\":\"search_term_string\"}}],\"inLanguage\":\"fr-FR\"},{\"@type\":\"Organization\",\"@id\":\"https:\/\/kapitalis.com\/tunisie\/#organization\",\"name\":\"Kapitalis\",\"url\":\"https:\/\/kapitalis.com\/tunisie\/\",\"logo\":{\"@type\":\"ImageObject\",\"inLanguage\":\"fr-FR\",\"@id\":\"https:\/\/kapitalis.com\/tunisie\/#\/schema\/logo\/image\/\",\"url\":\"https:\/\/kapitalis.com\/tunisie\/wp-content\/uploads\/2022\/05\/Kapitalis-big-size.png\",\"contentUrl\":\"https:\/\/kapitalis.com\/tunisie\/wp-content\/uploads\/2022\/05\/Kapitalis-big-size.png\",\"width\":5000,\"height\":1500,\"caption\":\"Kapitalis\"},\"image\":{\"@id\":\"https:\/\/kapitalis.com\/tunisie\/#\/schema\/logo\/image\/\"},\"sameAs\":[\"https:\/\/www.facebook.com\/KapitalisInfo\/\",\"https:\/\/x.com\/KapitalisInfo\",\"https:\/\/www.youtube.com\/channel\/UC-yDYrHyfFBWWZaOw3FPg9Q\"]},{\"@type\":\"Person\",\"@id\":\"https:\/\/kapitalis.com\/tunisie\/#\/schema\/person\/74bbde0154d49d790a92aaeac5bc01d5\",\"name\":\"Yusra NY\",\"url\":\"https:\/\/kapitalis.com\/tunisie\/author\/yuza_adam\/\"}]}<\/script>\n<!-- \/ Yoast SEO plugin. -->","yoast_head_json":{"title":"Ibtihel Mbarek & Sonia Amiri prim\u00e9es aux Troph\u00e9es des femmes entrepreneures de Tunisie - Kapitalis","robots":{"index":"index","follow":"follow","max-snippet":"max-snippet:-1","max-image-preview":"max-image-preview:large","max-video-preview":"max-video-preview:-1"},"canonical":"https:\/\/kapitalis.com\/tunisie\/2025\/03\/01\/ibtihel-mbarek-sonia-amiri-primees-aux-trophees-des-femmes-entrepreneures-de-tunisie\/","og_locale":"fr_FR","og_type":"article","og_title":"Ibtihel Mbarek & Sonia Amiri prim\u00e9es aux Troph\u00e9es des femmes entrepreneures de Tunisie - Kapitalis","og_description":"L\u2019ambassade de Suisse en Tunisie a f\u00e9licit\u00e9 Ibtihel Mbarek et Sonia Amiri prim\u00e9es, cette semaine, aux Troph\u00e9es des femmes entrepreneures de Tunisie 2025.","og_url":"https:\/\/kapitalis.com\/tunisie\/2025\/03\/01\/ibtihel-mbarek-sonia-amiri-primees-aux-trophees-des-femmes-entrepreneures-de-tunisie\/","og_site_name":"Kapitalis","article_publisher":"https:\/\/www.facebook.com\/KapitalisInfo\/","article_published_time":"2025-03-01T21:16:37+00:00","article_modified_time":"2025-03-01T21:33:17+00:00","og_image":[{"width":1200,"height":630,"url":"https:\/\/kapitalis.com\/tunisie\/wp-content\/uploads\/2025\/03\/Ibtihel-Mbarek-Sonia-Amiri.jpg","type":"image\/jpeg"}],"author":"Yusra NY","twitter_card":"summary_large_image","twitter_creator":"@KapitalisInfo","twitter_site":"@KapitalisInfo","twitter_misc":{"\u00c9crit par":"Yusra NY","Dur\u00e9e de lecture estim\u00e9e":"2 minutes"},"schema":{"@context":"https:\/\/schema.org","@graph":[{"@type":"Article","@id":"https:\/\/kapitalis.com\/tunisie\/2025\/03\/01\/ibtihel-mbarek-sonia-amiri-primees-aux-trophees-des-femmes-entrepreneures-de-tunisie\/#article","isPartOf":{"@id":"https:\/\/kapitalis.com\/tunisie\/2025\/03\/01\/ibtihel-mbarek-sonia-amiri-primees-aux-trophees-des-femmes-entrepreneures-de-tunisie\/"},"author":{"name":"Yusra NY","@id":"https:\/\/kapitalis.com\/tunisie\/#\/schema\/person\/74bbde0154d49d790a92aaeac5bc01d5"},"headline":"Ibtihel Mbarek &#038; Sonia Amiri prim\u00e9es aux Troph\u00e9es des femmes entrepreneures de Tunisie","datePublished":"2025-03-01T21:16:37+00:00","dateModified":"2025-03-01T21:33:17+00:00","mainEntityOfPage":{"@id":"https:\/\/kapitalis.com\/tunisie\/2025\/03\/01\/ibtihel-mbarek-sonia-amiri-primees-aux-trophees-des-femmes-entrepreneures-de-tunisie\/"},"wordCount":232,"commentCount":0,"publisher":{"@id":"https:\/\/kapitalis.com\/tunisie\/#organization"},"image":{"@id":"https:\/\/kapitalis.com\/tunisie\/2025\/03\/01\/ibtihel-mbarek-sonia-amiri-primees-aux-trophees-des-femmes-entrepreneures-de-tunisie\/#primaryimage"},"thumbnailUrl":"https:\/\/kapitalis.com\/tunisie\/wp-content\/uploads\/2025\/03\/Ibtihel-Mbarek-Sonia-Amiri.jpg","keywords":["Ibtihel Mbarek","projet Pampat","Sonia Amiri","Suisse","Tunisie"],"articleSection":["ECONOMIE","SOCIETE","Tunisie"],"inLanguage":"fr-FR","potentialAction":[{"@type":"CommentAction","name":"Comment","target":["https:\/\/kapitalis.com\/tunisie\/2025\/03\/01\/ibtihel-mbarek-sonia-amiri-primees-aux-trophees-des-femmes-entrepreneures-de-tunisie\/#respond"]}]},{"@type":"WebPage","@id":"https:\/\/kapitalis.com\/tunisie\/2025\/03\/01\/ibtihel-mbarek-sonia-amiri-primees-aux-trophees-des-femmes-entrepreneures-de-tunisie\/","url":"https:\/\/kapitalis.com\/tunisie\/2025\/03\/01\/ibtihel-mbarek-sonia-amiri-primees-aux-trophees-des-femmes-entrepreneures-de-tunisie\/","name":"Ibtihel Mbarek & Sonia Amiri prim\u00e9es aux Troph\u00e9es des femmes entrepreneures de Tunisie - Kapitalis","isPartOf":{"@id":"https:\/\/kapitalis.com\/tunisie\/#website"},"primaryImageOfPage":{"@id":"https:\/\/kapitalis.com\/tunisie\/2025\/03\/01\/ibtihel-mbarek-sonia-amiri-primees-aux-trophees-des-femmes-entrepreneures-de-tunisie\/#primaryimage"},"image":{"@id":"https:\/\/kapitalis.com\/tunisie\/2025\/03\/01\/ibtihel-mbarek-sonia-amiri-primees-aux-trophees-des-femmes-entrepreneures-de-tunisie\/#primaryimage"},"thumbnailUrl":"https:\/\/kapitalis.com\/tunisie\/wp-content\/uploads\/2025\/03\/Ibtihel-Mbarek-Sonia-Amiri.jpg","datePublished":"2025-03-01T21:16:37+00:00","dateModified":"2025-03-01T21:33:17+00:00","breadcrumb":{"@id":"https:\/\/kapitalis.com\/tunisie\/2025\/03\/01\/ibtihel-mbarek-sonia-amiri-primees-aux-trophees-des-femmes-entrepreneures-de-tunisie\/#breadcrumb"},"inLanguage":"fr-FR","potentialAction":[{"@type":"ReadAction","target":["https:\/\/kapitalis.com\/tunisie\/2025\/03\/01\/ibtihel-mbarek-sonia-amiri-primees-aux-trophees-des-femmes-entrepreneures-de-tunisie\/"]}]},{"@type":"ImageObject","inLanguage":"fr-FR","@id":"https:\/\/kapitalis.com\/tunisie\/2025\/03\/01\/ibtihel-mbarek-sonia-amiri-primees-aux-trophees-des-femmes-entrepreneures-de-tunisie\/#primaryimage","url":"https:\/\/kapitalis.com\/tunisie\/wp-content\/uploads\/2025\/03\/Ibtihel-Mbarek-Sonia-Amiri.jpg","contentUrl":"https:\/\/kapitalis.com\/tunisie\/wp-content\/uploads\/2025\/03\/Ibtihel-Mbarek-Sonia-Amiri.jpg","width":1200,"height":630},{"@type":"BreadcrumbList","@id":"https:\/\/kapitalis.com\/tunisie\/2025\/03\/01\/ibtihel-mbarek-sonia-amiri-primees-aux-trophees-des-femmes-entrepreneures-de-tunisie\/#breadcrumb","itemListElement":[{"@type":"ListItem","position":1,"name":"Accueil","item":"https:\/\/kapitalis.com\/tunisie\/"},{"@type":"ListItem","position":2,"name":"Ibtihel Mbarek &#038; Sonia Amiri prim\u00e9es aux Troph\u00e9es des femmes entrepreneures de Tunisie"}]},{"@type":"WebSite","@id":"https:\/\/kapitalis.com\/tunisie\/#website","url":"https:\/\/kapitalis.com\/tunisie\/","name":"Kapitalis","description":"L&#039;actualit\u00e9 en Tunisie et dans le monde","publisher":{"@id":"https:\/\/kapitalis.com\/tunisie\/#organization"},"potentialAction":[{"@type":"SearchAction","target":{"@type":"EntryPoint","urlTemplate":"https:\/\/kapitalis.com\/tunisie\/?s={search_term_string}"},"query-input":{"@type":"PropertyValueSpecification","valueRequired":true,"valueName":"search_term_string"}}],"inLanguage":"fr-FR"},{"@type":"Organization","@id":"https:\/\/kapitalis.com\/tunisie\/#organization","name":"Kapitalis","url":"https:\/\/kapitalis.com\/tunisie\/","logo":{"@type":"ImageObject","inLanguage":"fr-FR","@id":"https:\/\/kapitalis.com\/tunisie\/#\/schema\/logo\/image\/","url":"https:\/\/kapitalis.com\/tunisie\/wp-content\/uploads\/2022\/05\/Kapitalis-big-size.png","contentUrl":"https:\/\/kapitalis.com\/tunisie\/wp-content\/uploads\/2022\/05\/Kapitalis-big-size.png","width":5000,"height":1500,"caption":"Kapitalis"},"image":{"@id":"https:\/\/kapitalis.com\/tunisie\/#\/schema\/logo\/image\/"},"sameAs":["https:\/\/www.facebook.com\/KapitalisInfo\/","https:\/\/x.com\/KapitalisInfo","https:\/\/www.youtube.com\/channel\/UC-yDYrHyfFBWWZaOw3FPg9Q"]},{"@type":"Person","@id":"https:\/\/kapitalis.com\/tunisie\/#\/schema\/person\/74bbde0154d49d790a92aaeac5bc01d5","name":"Yusra NY","url":"https:\/\/kapitalis.com\/tunisie\/author\/yuza_adam\/"}]}},"_links":{"self":[{"href":"https:\/\/kapitalis.com\/tunisie\/wp-json\/wp\/v2\/posts\/15751790","targetHints":{"allow":["GET"]}}],"collection":[{"href":"https:\/\/kapitalis.com\/tunisie\/wp-json\/wp\/v2\/posts"}],"about":[{"href":"https:\/\/kapitalis.com\/tunisie\/wp-json\/wp\/v2\/types\/post"}],"author":[{"embeddable":true,"href":"https:\/\/kapitalis.com\/tunisie\/wp-json\/wp\/v2\/users\/6"}],"replies":[{"embeddable":true,"href":"https:\/\/kapitalis.com\/tunisie\/wp-json\/wp\/v2\/comments?post=15751790"}],"version-history":[{"count":1,"href":"https:\/\/kapitalis.com\/tunisie\/wp-json\/wp\/v2\/posts\/15751790\/revisions"}],"predecessor-version":[{"id":15751806,"href":"https:\/\/kapitalis.com\/tunisie\/wp-json\/wp\/v2\/posts\/15751790\/revisions\/15751806"}],"wp:featuredmedia":[{"embeddable":true,"href":"https:\/\/kapitalis.com\/tunisie\/wp-json\/wp\/v2\/media\/15751805"}],"wp:attachment":[{"href":"https:\/\/kapitalis.com\/tunisie\/wp-json\/wp\/v2\/media?parent=15751790"}],"wp:term":[{"taxonomy":"category","embeddable":true,"href":"https:\/\/kapitalis.com\/tunisie\/wp-json\/wp\/v2\/categories?post=15751790"},{"taxonomy":"post_tag","embeddable":true,"href":"https:\/\/kapitalis.com\/tunisie\/wp-json\/wp\/v2\/tags?post=15751790"}],"curies":[{"name":"wp","href":"https:\/\/api.w.org\/{rel}","templated":true}]}}