{"id":15752015,"date":"2025-03-01T23:04:05","date_gmt":"2025-03-01T22:04:05","guid":{"rendered":"https:\/\/kapitalis.com\/tunisie\/?p=15752015"},"modified":"2025-03-01T23:13:49","modified_gmt":"2025-03-01T22:13:49","slug":"beja-disparu-depuis-trois-jours-le-corps-du-berger-repeche","status":"publish","type":"post","link":"https:\/\/kapitalis.com\/tunisie\/2025\/03\/01\/beja-disparu-depuis-trois-jours-le-corps-du-berger-repeche\/","title":{"rendered":"B\u00e9ja | Disparu depuis trois jours, le corps du berger rep\u00each\u00e9"},"content":{"rendered":"\n<p><strong><em>Apr\u00e8s trois jours de recherche, la protection civile est parvenue \u00e0 rep\u00eacher le corps du berger, ce samedi 1er mars 2025, dans l\u2019oued Medjerda pr\u00e8s de la localit\u00e9 de Grich El Oued \u00e0 Medjez El Bab.<\/em><\/strong><\/p>\n\n\n\n<!--more-->\n\n\n\n<p>C&rsquo;est ce qu&rsquo;a fait savoir une source de la protection civile, cit\u00e9e par l&rsquo;agence Tap, tout en pr\u00e9cisant que le corps de la victime a \u00e9t\u00e9 retrouv\u00e9 par les \u00e9quipes de plong\u00e9e, ce matin au niveau de l\u2019oued Medjerda.<\/p>\n\n\n\n<p class=\"has-text-align-right\"><strong>Y. N.<\/strong><\/p>\n","protected":false},"excerpt":{"rendered":"<p>Apr\u00e8s trois jours de recherche, la protection civile est parvenue \u00e0 rep\u00eacher le corps du berger, ce samedi 1er mars 2025, dans l\u2019oued Medjerda pr\u00e8s de la localit\u00e9 de Grich El Oued \u00e0 Medjez El Bab.<\/p>\n","protected":false},"author":6,"featured_media":15752046,"comment_status":"open","ping_status":"open","sticky":false,"template":"","format":"standard","meta":{"footnotes":""},"categories":[998,2433],"tags":[136,5238,45201,754,62643],"class_list":["post-15752015","post","type-post","status-publish","format-standard","has-post-thumbnail","hentry","category-societe","category-tunisie","tag-beja","tag-berger","tag-oued-medjerda","tag-protection-civile","tag-tunisie"],"yoast_head":"<!-- This site is optimized with the Yoast SEO plugin v26.6 - https:\/\/yoast.com\/wordpress\/plugins\/seo\/ -->\n<title>B\u00e9ja | Disparu depuis trois jours, le corps du berger rep\u00each\u00e9 - Kapitalis<\/title>\n<meta name=\"robots\" content=\"index, follow, max-snippet:-1, max-image-preview:large, max-video-preview:-1\" \/>\n<link rel=\"canonical\" href=\"https:\/\/kapitalis.com\/tunisie\/2025\/03\/01\/beja-disparu-depuis-trois-jours-le-corps-du-berger-repeche\/\" \/>\n<meta property=\"og:locale\" content=\"fr_FR\" \/>\n<meta property=\"og:type\" content=\"article\" \/>\n<meta property=\"og:title\" content=\"B\u00e9ja | Disparu depuis trois jours, le corps du berger rep\u00each\u00e9 - Kapitalis\" \/>\n<meta property=\"og:description\" content=\"Apr\u00e8s trois jours de recherche, la protection civile est parvenue \u00e0 rep\u00eacher le corps du berger, ce samedi 1er mars 2025, dans l\u2019oued Medjerda pr\u00e8s de la localit\u00e9 de Grich El Oued \u00e0 Medjez El Bab.\" \/>\n<meta property=\"og:url\" content=\"https:\/\/kapitalis.com\/tunisie\/2025\/03\/01\/beja-disparu-depuis-trois-jours-le-corps-du-berger-repeche\/\" \/>\n<meta property=\"og:site_name\" content=\"Kapitalis\" \/>\n<meta property=\"article:publisher\" content=\"https:\/\/www.facebook.com\/KapitalisInfo\/\" \/>\n<meta property=\"article:published_time\" content=\"2025-03-01T22:04:05+00:00\" \/>\n<meta property=\"article:modified_time\" content=\"2025-03-01T22:13:49+00:00\" \/>\n<meta property=\"og:image\" content=\"https:\/\/kapitalis.com\/tunisie\/wp-content\/uploads\/2025\/03\/PC-Beja-oued.jpg\" \/>\n\t<meta property=\"og:image:width\" content=\"1200\" \/>\n\t<meta property=\"og:image:height\" content=\"630\" \/>\n\t<meta property=\"og:image:type\" content=\"image\/jpeg\" \/>\n<meta name=\"author\" content=\"Yusra NY\" \/>\n<meta name=\"twitter:card\" content=\"summary_large_image\" \/>\n<meta name=\"twitter:creator\" content=\"@KapitalisInfo\" \/>\n<meta name=\"twitter:site\" content=\"@KapitalisInfo\" \/>\n<meta name=\"twitter:label1\" content=\"\u00c9crit par\" \/>\n\t<meta name=\"twitter:data1\" content=\"Yusra NY\" \/>\n\t<meta name=\"twitter:label2\" content=\"Dur\u00e9e de lecture estim\u00e9e\" \/>\n\t<meta name=\"twitter:data2\" content=\"1 minute\" \/>\n<script type=\"application\/ld+json\" class=\"yoast-schema-graph\">{\"@context\":\"https:\/\/schema.org\",\"@graph\":[{\"@type\":\"Article\",\"@id\":\"https:\/\/kapitalis.com\/tunisie\/2025\/03\/01\/beja-disparu-depuis-trois-jours-le-corps-du-berger-repeche\/#article\",\"isPartOf\":{\"@id\":\"https:\/\/kapitalis.com\/tunisie\/2025\/03\/01\/beja-disparu-depuis-trois-jours-le-corps-du-berger-repeche\/\"},\"author\":{\"name\":\"Yusra NY\",\"@id\":\"https:\/\/kapitalis.com\/tunisie\/#\/schema\/person\/74bbde0154d49d790a92aaeac5bc01d5\"},\"headline\":\"B\u00e9ja | Disparu depuis trois jours, le corps du berger rep\u00each\u00e9\",\"datePublished\":\"2025-03-01T22:04:05+00:00\",\"dateModified\":\"2025-03-01T22:13:49+00:00\",\"mainEntityOfPage\":{\"@id\":\"https:\/\/kapitalis.com\/tunisie\/2025\/03\/01\/beja-disparu-depuis-trois-jours-le-corps-du-berger-repeche\/\"},\"wordCount\":94,\"commentCount\":0,\"publisher\":{\"@id\":\"https:\/\/kapitalis.com\/tunisie\/#organization\"},\"image\":{\"@id\":\"https:\/\/kapitalis.com\/tunisie\/2025\/03\/01\/beja-disparu-depuis-trois-jours-le-corps-du-berger-repeche\/#primaryimage\"},\"thumbnailUrl\":\"https:\/\/kapitalis.com\/tunisie\/wp-content\/uploads\/2025\/03\/PC-Beja-oued.jpg\",\"keywords\":[\"B\u00e9ja\",\"berger\",\"Oued Medjerda\",\"protection civile\",\"Tunisie\"],\"articleSection\":[\"SOCIETE\",\"Tunisie\"],\"inLanguage\":\"fr-FR\",\"potentialAction\":[{\"@type\":\"CommentAction\",\"name\":\"Comment\",\"target\":[\"https:\/\/kapitalis.com\/tunisie\/2025\/03\/01\/beja-disparu-depuis-trois-jours-le-corps-du-berger-repeche\/#respond\"]}]},{\"@type\":\"WebPage\",\"@id\":\"https:\/\/kapitalis.com\/tunisie\/2025\/03\/01\/beja-disparu-depuis-trois-jours-le-corps-du-berger-repeche\/\",\"url\":\"https:\/\/kapitalis.com\/tunisie\/2025\/03\/01\/beja-disparu-depuis-trois-jours-le-corps-du-berger-repeche\/\",\"name\":\"B\u00e9ja | Disparu depuis trois jours, le corps du berger rep\u00each\u00e9 - Kapitalis\",\"isPartOf\":{\"@id\":\"https:\/\/kapitalis.com\/tunisie\/#website\"},\"primaryImageOfPage\":{\"@id\":\"https:\/\/kapitalis.com\/tunisie\/2025\/03\/01\/beja-disparu-depuis-trois-jours-le-corps-du-berger-repeche\/#primaryimage\"},\"image\":{\"@id\":\"https:\/\/kapitalis.com\/tunisie\/2025\/03\/01\/beja-disparu-depuis-trois-jours-le-corps-du-berger-repeche\/#primaryimage\"},\"thumbnailUrl\":\"https:\/\/kapitalis.com\/tunisie\/wp-content\/uploads\/2025\/03\/PC-Beja-oued.jpg\",\"datePublished\":\"2025-03-01T22:04:05+00:00\",\"dateModified\":\"2025-03-01T22:13:49+00:00\",\"breadcrumb\":{\"@id\":\"https:\/\/kapitalis.com\/tunisie\/2025\/03\/01\/beja-disparu-depuis-trois-jours-le-corps-du-berger-repeche\/#breadcrumb\"},\"inLanguage\":\"fr-FR\",\"potentialAction\":[{\"@type\":\"ReadAction\",\"target\":[\"https:\/\/kapitalis.com\/tunisie\/2025\/03\/01\/beja-disparu-depuis-trois-jours-le-corps-du-berger-repeche\/\"]}]},{\"@type\":\"ImageObject\",\"inLanguage\":\"fr-FR\",\"@id\":\"https:\/\/kapitalis.com\/tunisie\/2025\/03\/01\/beja-disparu-depuis-trois-jours-le-corps-du-berger-repeche\/#primaryimage\",\"url\":\"https:\/\/kapitalis.com\/tunisie\/wp-content\/uploads\/2025\/03\/PC-Beja-oued.jpg\",\"contentUrl\":\"https:\/\/kapitalis.com\/tunisie\/wp-content\/uploads\/2025\/03\/PC-Beja-oued.jpg\",\"width\":1200,\"height\":630},{\"@type\":\"BreadcrumbList\",\"@id\":\"https:\/\/kapitalis.com\/tunisie\/2025\/03\/01\/beja-disparu-depuis-trois-jours-le-corps-du-berger-repeche\/#breadcrumb\",\"itemListElement\":[{\"@type\":\"ListItem\",\"position\":1,\"name\":\"Accueil\",\"item\":\"https:\/\/kapitalis.com\/tunisie\/\"},{\"@type\":\"ListItem\",\"position\":2,\"name\":\"B\u00e9ja | Disparu depuis trois jours, le corps du berger rep\u00each\u00e9\"}]},{\"@type\":\"WebSite\",\"@id\":\"https:\/\/kapitalis.com\/tunisie\/#website\",\"url\":\"https:\/\/kapitalis.com\/tunisie\/\",\"name\":\"Kapitalis\",\"description\":\"L&#039;actualit\u00e9 en Tunisie et dans le monde\",\"publisher\":{\"@id\":\"https:\/\/kapitalis.com\/tunisie\/#organization\"},\"potentialAction\":[{\"@type\":\"SearchAction\",\"target\":{\"@type\":\"EntryPoint\",\"urlTemplate\":\"https:\/\/kapitalis.com\/tunisie\/?s={search_term_string}\"},\"query-input\":{\"@type\":\"PropertyValueSpecification\",\"valueRequired\":true,\"valueName\":\"search_term_string\"}}],\"inLanguage\":\"fr-FR\"},{\"@type\":\"Organization\",\"@id\":\"https:\/\/kapitalis.com\/tunisie\/#organization\",\"name\":\"Kapitalis\",\"url\":\"https:\/\/kapitalis.com\/tunisie\/\",\"logo\":{\"@type\":\"ImageObject\",\"inLanguage\":\"fr-FR\",\"@id\":\"https:\/\/kapitalis.com\/tunisie\/#\/schema\/logo\/image\/\",\"url\":\"https:\/\/kapitalis.com\/tunisie\/wp-content\/uploads\/2022\/05\/Kapitalis-big-size.png\",\"contentUrl\":\"https:\/\/kapitalis.com\/tunisie\/wp-content\/uploads\/2022\/05\/Kapitalis-big-size.png\",\"width\":5000,\"height\":1500,\"caption\":\"Kapitalis\"},\"image\":{\"@id\":\"https:\/\/kapitalis.com\/tunisie\/#\/schema\/logo\/image\/\"},\"sameAs\":[\"https:\/\/www.facebook.com\/KapitalisInfo\/\",\"https:\/\/x.com\/KapitalisInfo\",\"https:\/\/www.youtube.com\/channel\/UC-yDYrHyfFBWWZaOw3FPg9Q\"]},{\"@type\":\"Person\",\"@id\":\"https:\/\/kapitalis.com\/tunisie\/#\/schema\/person\/74bbde0154d49d790a92aaeac5bc01d5\",\"name\":\"Yusra NY\",\"url\":\"https:\/\/kapitalis.com\/tunisie\/author\/yuza_adam\/\"}]}<\/script>\n<!-- \/ Yoast SEO plugin. -->","yoast_head_json":{"title":"B\u00e9ja | Disparu depuis trois jours, le corps du berger rep\u00each\u00e9 - Kapitalis","robots":{"index":"index","follow":"follow","max-snippet":"max-snippet:-1","max-image-preview":"max-image-preview:large","max-video-preview":"max-video-preview:-1"},"canonical":"https:\/\/kapitalis.com\/tunisie\/2025\/03\/01\/beja-disparu-depuis-trois-jours-le-corps-du-berger-repeche\/","og_locale":"fr_FR","og_type":"article","og_title":"B\u00e9ja | Disparu depuis trois jours, le corps du berger rep\u00each\u00e9 - Kapitalis","og_description":"Apr\u00e8s trois jours de recherche, la protection civile est parvenue \u00e0 rep\u00eacher le corps du berger, ce samedi 1er mars 2025, dans l\u2019oued Medjerda pr\u00e8s de la localit\u00e9 de Grich El Oued \u00e0 Medjez El Bab.","og_url":"https:\/\/kapitalis.com\/tunisie\/2025\/03\/01\/beja-disparu-depuis-trois-jours-le-corps-du-berger-repeche\/","og_site_name":"Kapitalis","article_publisher":"https:\/\/www.facebook.com\/KapitalisInfo\/","article_published_time":"2025-03-01T22:04:05+00:00","article_modified_time":"2025-03-01T22:13:49+00:00","og_image":[{"width":1200,"height":630,"url":"https:\/\/kapitalis.com\/tunisie\/wp-content\/uploads\/2025\/03\/PC-Beja-oued.jpg","type":"image\/jpeg"}],"author":"Yusra NY","twitter_card":"summary_large_image","twitter_creator":"@KapitalisInfo","twitter_site":"@KapitalisInfo","twitter_misc":{"\u00c9crit par":"Yusra NY","Dur\u00e9e de lecture estim\u00e9e":"1 minute"},"schema":{"@context":"https:\/\/schema.org","@graph":[{"@type":"Article","@id":"https:\/\/kapitalis.com\/tunisie\/2025\/03\/01\/beja-disparu-depuis-trois-jours-le-corps-du-berger-repeche\/#article","isPartOf":{"@id":"https:\/\/kapitalis.com\/tunisie\/2025\/03\/01\/beja-disparu-depuis-trois-jours-le-corps-du-berger-repeche\/"},"author":{"name":"Yusra NY","@id":"https:\/\/kapitalis.com\/tunisie\/#\/schema\/person\/74bbde0154d49d790a92aaeac5bc01d5"},"headline":"B\u00e9ja | Disparu depuis trois jours, le corps du berger rep\u00each\u00e9","datePublished":"2025-03-01T22:04:05+00:00","dateModified":"2025-03-01T22:13:49+00:00","mainEntityOfPage":{"@id":"https:\/\/kapitalis.com\/tunisie\/2025\/03\/01\/beja-disparu-depuis-trois-jours-le-corps-du-berger-repeche\/"},"wordCount":94,"commentCount":0,"publisher":{"@id":"https:\/\/kapitalis.com\/tunisie\/#organization"},"image":{"@id":"https:\/\/kapitalis.com\/tunisie\/2025\/03\/01\/beja-disparu-depuis-trois-jours-le-corps-du-berger-repeche\/#primaryimage"},"thumbnailUrl":"https:\/\/kapitalis.com\/tunisie\/wp-content\/uploads\/2025\/03\/PC-Beja-oued.jpg","keywords":["B\u00e9ja","berger","Oued Medjerda","protection civile","Tunisie"],"articleSection":["SOCIETE","Tunisie"],"inLanguage":"fr-FR","potentialAction":[{"@type":"CommentAction","name":"Comment","target":["https:\/\/kapitalis.com\/tunisie\/2025\/03\/01\/beja-disparu-depuis-trois-jours-le-corps-du-berger-repeche\/#respond"]}]},{"@type":"WebPage","@id":"https:\/\/kapitalis.com\/tunisie\/2025\/03\/01\/beja-disparu-depuis-trois-jours-le-corps-du-berger-repeche\/","url":"https:\/\/kapitalis.com\/tunisie\/2025\/03\/01\/beja-disparu-depuis-trois-jours-le-corps-du-berger-repeche\/","name":"B\u00e9ja | Disparu depuis trois jours, le corps du berger rep\u00each\u00e9 - Kapitalis","isPartOf":{"@id":"https:\/\/kapitalis.com\/tunisie\/#website"},"primaryImageOfPage":{"@id":"https:\/\/kapitalis.com\/tunisie\/2025\/03\/01\/beja-disparu-depuis-trois-jours-le-corps-du-berger-repeche\/#primaryimage"},"image":{"@id":"https:\/\/kapitalis.com\/tunisie\/2025\/03\/01\/beja-disparu-depuis-trois-jours-le-corps-du-berger-repeche\/#primaryimage"},"thumbnailUrl":"https:\/\/kapitalis.com\/tunisie\/wp-content\/uploads\/2025\/03\/PC-Beja-oued.jpg","datePublished":"2025-03-01T22:04:05+00:00","dateModified":"2025-03-01T22:13:49+00:00","breadcrumb":{"@id":"https:\/\/kapitalis.com\/tunisie\/2025\/03\/01\/beja-disparu-depuis-trois-jours-le-corps-du-berger-repeche\/#breadcrumb"},"inLanguage":"fr-FR","potentialAction":[{"@type":"ReadAction","target":["https:\/\/kapitalis.com\/tunisie\/2025\/03\/01\/beja-disparu-depuis-trois-jours-le-corps-du-berger-repeche\/"]}]},{"@type":"ImageObject","inLanguage":"fr-FR","@id":"https:\/\/kapitalis.com\/tunisie\/2025\/03\/01\/beja-disparu-depuis-trois-jours-le-corps-du-berger-repeche\/#primaryimage","url":"https:\/\/kapitalis.com\/tunisie\/wp-content\/uploads\/2025\/03\/PC-Beja-oued.jpg","contentUrl":"https:\/\/kapitalis.com\/tunisie\/wp-content\/uploads\/2025\/03\/PC-Beja-oued.jpg","width":1200,"height":630},{"@type":"BreadcrumbList","@id":"https:\/\/kapitalis.com\/tunisie\/2025\/03\/01\/beja-disparu-depuis-trois-jours-le-corps-du-berger-repeche\/#breadcrumb","itemListElement":[{"@type":"ListItem","position":1,"name":"Accueil","item":"https:\/\/kapitalis.com\/tunisie\/"},{"@type":"ListItem","position":2,"name":"B\u00e9ja | Disparu depuis trois jours, le corps du berger rep\u00each\u00e9"}]},{"@type":"WebSite","@id":"https:\/\/kapitalis.com\/tunisie\/#website","url":"https:\/\/kapitalis.com\/tunisie\/","name":"Kapitalis","description":"L&#039;actualit\u00e9 en Tunisie et dans le monde","publisher":{"@id":"https:\/\/kapitalis.com\/tunisie\/#organization"},"potentialAction":[{"@type":"SearchAction","target":{"@type":"EntryPoint","urlTemplate":"https:\/\/kapitalis.com\/tunisie\/?s={search_term_string}"},"query-input":{"@type":"PropertyValueSpecification","valueRequired":true,"valueName":"search_term_string"}}],"inLanguage":"fr-FR"},{"@type":"Organization","@id":"https:\/\/kapitalis.com\/tunisie\/#organization","name":"Kapitalis","url":"https:\/\/kapitalis.com\/tunisie\/","logo":{"@type":"ImageObject","inLanguage":"fr-FR","@id":"https:\/\/kapitalis.com\/tunisie\/#\/schema\/logo\/image\/","url":"https:\/\/kapitalis.com\/tunisie\/wp-content\/uploads\/2022\/05\/Kapitalis-big-size.png","contentUrl":"https:\/\/kapitalis.com\/tunisie\/wp-content\/uploads\/2022\/05\/Kapitalis-big-size.png","width":5000,"height":1500,"caption":"Kapitalis"},"image":{"@id":"https:\/\/kapitalis.com\/tunisie\/#\/schema\/logo\/image\/"},"sameAs":["https:\/\/www.facebook.com\/KapitalisInfo\/","https:\/\/x.com\/KapitalisInfo","https:\/\/www.youtube.com\/channel\/UC-yDYrHyfFBWWZaOw3FPg9Q"]},{"@type":"Person","@id":"https:\/\/kapitalis.com\/tunisie\/#\/schema\/person\/74bbde0154d49d790a92aaeac5bc01d5","name":"Yusra NY","url":"https:\/\/kapitalis.com\/tunisie\/author\/yuza_adam\/"}]}},"_links":{"self":[{"href":"https:\/\/kapitalis.com\/tunisie\/wp-json\/wp\/v2\/posts\/15752015","targetHints":{"allow":["GET"]}}],"collection":[{"href":"https:\/\/kapitalis.com\/tunisie\/wp-json\/wp\/v2\/posts"}],"about":[{"href":"https:\/\/kapitalis.com\/tunisie\/wp-json\/wp\/v2\/types\/post"}],"author":[{"embeddable":true,"href":"https:\/\/kapitalis.com\/tunisie\/wp-json\/wp\/v2\/users\/6"}],"replies":[{"embeddable":true,"href":"https:\/\/kapitalis.com\/tunisie\/wp-json\/wp\/v2\/comments?post=15752015"}],"version-history":[{"count":1,"href":"https:\/\/kapitalis.com\/tunisie\/wp-json\/wp\/v2\/posts\/15752015\/revisions"}],"predecessor-version":[{"id":15752049,"href":"https:\/\/kapitalis.com\/tunisie\/wp-json\/wp\/v2\/posts\/15752015\/revisions\/15752049"}],"wp:featuredmedia":[{"embeddable":true,"href":"https:\/\/kapitalis.com\/tunisie\/wp-json\/wp\/v2\/media\/15752046"}],"wp:attachment":[{"href":"https:\/\/kapitalis.com\/tunisie\/wp-json\/wp\/v2\/media?parent=15752015"}],"wp:term":[{"taxonomy":"category","embeddable":true,"href":"https:\/\/kapitalis.com\/tunisie\/wp-json\/wp\/v2\/categories?post=15752015"},{"taxonomy":"post_tag","embeddable":true,"href":"https:\/\/kapitalis.com\/tunisie\/wp-json\/wp\/v2\/tags?post=15752015"}],"curies":[{"name":"wp","href":"https:\/\/api.w.org\/{rel}","templated":true}]}}