{"id":157529,"date":"2018-06-01T14:40:47","date_gmt":"2018-06-01T13:40:47","guid":{"rendered":"http:\/\/kapitalis.com\/tunisie\/?p=157529"},"modified":"2018-06-01T14:40:47","modified_gmt":"2018-06-01T13:40:47","slug":"ce-soir-face-a-la-turquie-la-tunisie-va-surfer-sur-la-bonne-dynamique","status":"publish","type":"post","link":"https:\/\/kapitalis.com\/tunisie\/2018\/06\/01\/ce-soir-face-a-la-turquie-la-tunisie-va-surfer-sur-la-bonne-dynamique\/","title":{"rendered":"Ce soir face \u00e0 la Turquie : La Tunisie va surfer sur la bonne dynamique"},"content":{"rendered":"<p style=\"text-align: center;\"><img loading=\"lazy\" decoding=\"async\" class=\"alignnone size-full wp-image-154470\" src=\"http:\/\/kapitalis.com\/tunisie\/wp-content\/uploads\/2018\/05\/Tunisie-Turquie.jpg\" alt=\"\" width=\"626\" height=\"380\" \/><\/p>\n<p style=\"text-align: left;\"><em><strong>On devrait voir \u00e0 l\u2019\u0153uvre, ce vendredi 1er juin 2018, \u00e0 partir de 19h15, \u00e0 Gen\u00e8ve, contre la Turquie (match diffus\u00e9 en direct sur Watania 1), le onze tunisien (sans Wahbi Khazri encore en r\u00e9habilitation) qui d\u00e9butera le Mondial.<\/strong> <\/em><\/p>\n<p><!--more--><\/p>\n<p>Dans 13 jours, le grand coup d\u2019envoi de la Coupe du monde de football, en Russie, la Tunisie, qui s\u2019y pr\u00e9pare depuis janvier, arrive au dernier palier de cette mise en train \u00e0 la f\u00eate plan\u00e9taire du football.<\/p>\n<p>En principe le staff technique et la logistique g\u00e9n\u00e9rale ont fait ce qu\u2019il fallait faire. Maintenant on verra le r\u00e9sultat sur le terrain car les matches amicaux sont parfois trompeurs. On en a eu des exp\u00e9riences par le pass\u00e9 avec des s\u00e9lections nationales pimpantes en matches de pr\u00e9paration mais carr\u00e9ment <em>\u00ababsente\u00bb<\/em> le jour J.<\/p>\n<p>Le Mondial, les co\u00e9quipiers d\u2019Anice Badri y sont d\u00e9j\u00e0 et ils ont sans doute h\u00f4te d\u2019y \u00eatre. Surtout lorsqu\u2019ils seront soulag\u00e9s de conna\u00eetre (enfin) la liste officielle pour le voyage en Russie. Le <em>\u00abmyst\u00e8re\u00bb<\/em> sera lev\u00e9 ce soir \u00e0 l\u2019issue du match test contre la Turquie, affirment certaine sources.<\/p>\n<p>Apr\u00e8s un r\u00e9sultat nul probant face au Portugal (2-2), le 28 mai \u00e0 Braga, l\u2019\u00e9quipe de Tunisie cherchera, ce soir, \u00e0 surfer sur la bonne dynamique avant de se rendre en Russie avec de bonnes dispositions morales.<\/p>\n<p>Apr\u00e8s la Turquie, la Tunisie disputera un dernier match amical le 9 juin \u00e0 Krasnodar (Russie) face \u00e0 l\u2019Espagne, 9 jours avant d\u2019entrer en lice face \u00e0 l\u2019Angleterre. La Belgique (23 juin) et le Panama (28 juin) sont les deux autres clients des Aigles de Carthage.<\/p>\n<p>La formation probable, qui affrontera la Turquie sera compos\u00e9e de Mouez Hassen, Ali Maaloul, Yassine Meriah, Syam Ben Youssef, Dylan Bronn, Ellyes Skhiri, Saif-Eddine Khaoui, Ferjani Sassi, Anice Badri, Naim Sliti et Fakhreddine Ben Youssef.<\/p>\n<p style=\"text-align: right;\"><strong>H. M.<\/strong><\/p>\n<blockquote class=\"wp-embedded-content\" data-secret=\"Ni12oS1jVR\"><p><a href=\"https:\/\/kapitalis.com\/tunisie\/2018\/05\/31\/tunisie-turquie-syam-ben-youssef-de-retour\/\">Tunisie-Turquie : Retour de Syam Ben Youssef dans l&rsquo;axe<\/a><\/p><\/blockquote>\n<p><iframe loading=\"lazy\" class=\"wp-embedded-content\" sandbox=\"allow-scripts\" security=\"restricted\" style=\"position: absolute; clip: rect(1px, 1px, 1px, 1px);\" title=\"\u00ab\u00a0Tunisie-Turquie : Retour de Syam Ben Youssef dans l&rsquo;axe\u00a0\u00bb &#8212; Kapitalis\" src=\"https:\/\/kapitalis.com\/tunisie\/2018\/05\/31\/tunisie-turquie-syam-ben-youssef-de-retour\/embed\/#?secret=jCH0m2Ae14#?secret=Ni12oS1jVR\" data-secret=\"Ni12oS1jVR\" width=\"600\" height=\"338\" frameborder=\"0\" marginwidth=\"0\" marginheight=\"0\" scrolling=\"no\"><\/iframe><\/p>\n<blockquote class=\"wp-embedded-content\" data-secret=\"r7wGBz6Jmn\"><p><a href=\"https:\/\/kapitalis.com\/tunisie\/2018\/05\/30\/equipe-de-tunisie-23-joueurs-en-russie-plus-aymen-mathlouthi\/\">Equipe de Tunisie : 23 joueurs en Russie, plus Aymen Mathlouthi<\/a><\/p><\/blockquote>\n<p><iframe loading=\"lazy\" class=\"wp-embedded-content\" sandbox=\"allow-scripts\" security=\"restricted\" style=\"position: absolute; clip: rect(1px, 1px, 1px, 1px);\" title=\"\u00ab\u00a0Equipe de Tunisie : 23 joueurs en Russie, plus Aymen Mathlouthi\u00a0\u00bb &#8212; Kapitalis\" src=\"https:\/\/kapitalis.com\/tunisie\/2018\/05\/30\/equipe-de-tunisie-23-joueurs-en-russie-plus-aymen-mathlouthi\/embed\/#?secret=FwvXcOIMBP#?secret=r7wGBz6Jmn\" data-secret=\"r7wGBz6Jmn\" width=\"600\" height=\"338\" frameborder=\"0\" marginwidth=\"0\" marginheight=\"0\" scrolling=\"no\"><\/iframe><\/p>\n","protected":false},"excerpt":{"rendered":"<p>On devrait voir \u00e0 l\u2019\u0153uvre, ce vendredi 1er juin 2018, \u00e0 partir de 19h15, \u00e0 Gen\u00e8ve, contre la Turquie (match diffus\u00e9 en direct sur Watania 1), le onze tunisien (sans Wahbi Khazri encore en r\u00e9habilitation) qui d\u00e9butera le Mondial.<\/p>\n","protected":false},"author":8,"featured_media":0,"comment_status":"open","ping_status":"open","sticky":false,"template":"","format":"standard","meta":{"footnotes":""},"categories":[999,2433],"tags":[20249,31275,43547,43247,33965,39000,33644,1855,10699,34983],"class_list":["post-157529","post","type-post","status-publish","format-standard","hentry","category-sport","category-tunisie","tag-ali-maaloul","tag-anice-badri","tag-dylan-bronn","tag-ellyes-skhiri","tag-equipe-de-tunisie","tag-mouez-hassen","tag-syam-ben-youssef","tag-turquie","tag-wahbi-khazri","tag-yassine-meriah"],"yoast_head":"<!-- This site is optimized with the Yoast SEO plugin v26.6 - https:\/\/yoast.com\/wordpress\/plugins\/seo\/ -->\n<title>Ce soir face \u00e0 la Turquie : La Tunisie va surfer sur la bonne dynamique - Kapitalis<\/title>\n<meta name=\"robots\" content=\"index, follow, max-snippet:-1, max-image-preview:large, max-video-preview:-1\" \/>\n<link rel=\"canonical\" href=\"https:\/\/kapitalis.com\/tunisie\/2018\/06\/01\/ce-soir-face-a-la-turquie-la-tunisie-va-surfer-sur-la-bonne-dynamique\/\" \/>\n<meta property=\"og:locale\" content=\"fr_FR\" \/>\n<meta property=\"og:type\" content=\"article\" \/>\n<meta property=\"og:title\" content=\"Ce soir face \u00e0 la Turquie : La Tunisie va surfer sur la bonne dynamique - Kapitalis\" \/>\n<meta property=\"og:description\" content=\"On devrait voir \u00e0 l\u2019\u0153uvre, ce vendredi 1er juin 2018, \u00e0 partir de 19h15, \u00e0 Gen\u00e8ve, contre la Turquie (match diffus\u00e9 en direct sur Watania 1), le onze tunisien (sans Wahbi Khazri encore en r\u00e9habilitation) qui d\u00e9butera le Mondial.\" \/>\n<meta property=\"og:url\" content=\"https:\/\/kapitalis.com\/tunisie\/2018\/06\/01\/ce-soir-face-a-la-turquie-la-tunisie-va-surfer-sur-la-bonne-dynamique\/\" \/>\n<meta property=\"og:site_name\" content=\"Kapitalis\" \/>\n<meta property=\"article:publisher\" content=\"https:\/\/www.facebook.com\/KapitalisInfo\/\" \/>\n<meta property=\"article:published_time\" content=\"2018-06-01T13:40:47+00:00\" \/>\n<meta property=\"og:image\" content=\"http:\/\/kapitalis.com\/tunisie\/wp-content\/uploads\/2018\/05\/Tunisie-Turquie.jpg\" \/>\n<meta name=\"author\" content=\"webmaster kapitalis\" \/>\n<meta name=\"twitter:card\" content=\"summary_large_image\" \/>\n<meta name=\"twitter:creator\" content=\"@KapitalisInfo\" \/>\n<meta name=\"twitter:site\" content=\"@KapitalisInfo\" \/>\n<meta name=\"twitter:label1\" content=\"\u00c9crit par\" \/>\n\t<meta name=\"twitter:data1\" content=\"webmaster kapitalis\" \/>\n\t<meta name=\"twitter:label2\" content=\"Dur\u00e9e de lecture estim\u00e9e\" \/>\n\t<meta name=\"twitter:data2\" content=\"2 minutes\" \/>\n<script type=\"application\/ld+json\" class=\"yoast-schema-graph\">{\"@context\":\"https:\/\/schema.org\",\"@graph\":[{\"@type\":\"Article\",\"@id\":\"https:\/\/kapitalis.com\/tunisie\/2018\/06\/01\/ce-soir-face-a-la-turquie-la-tunisie-va-surfer-sur-la-bonne-dynamique\/#article\",\"isPartOf\":{\"@id\":\"https:\/\/kapitalis.com\/tunisie\/2018\/06\/01\/ce-soir-face-a-la-turquie-la-tunisie-va-surfer-sur-la-bonne-dynamique\/\"},\"author\":{\"name\":\"webmaster kapitalis\",\"@id\":\"https:\/\/kapitalis.com\/tunisie\/#\/schema\/person\/d71f33a9ca44f7bad4698210b480c8e9\"},\"headline\":\"Ce soir face \u00e0 la Turquie : La Tunisie va surfer sur la bonne dynamique\",\"datePublished\":\"2018-06-01T13:40:47+00:00\",\"mainEntityOfPage\":{\"@id\":\"https:\/\/kapitalis.com\/tunisie\/2018\/06\/01\/ce-soir-face-a-la-turquie-la-tunisie-va-surfer-sur-la-bonne-dynamique\/\"},\"wordCount\":341,\"commentCount\":0,\"publisher\":{\"@id\":\"https:\/\/kapitalis.com\/tunisie\/#organization\"},\"image\":{\"@id\":\"https:\/\/kapitalis.com\/tunisie\/2018\/06\/01\/ce-soir-face-a-la-turquie-la-tunisie-va-surfer-sur-la-bonne-dynamique\/#primaryimage\"},\"thumbnailUrl\":\"http:\/\/kapitalis.com\/tunisie\/wp-content\/uploads\/2018\/05\/Tunisie-Turquie.jpg\",\"keywords\":[\"Ali Maaloul\",\"Anice Badri\",\"Dylan Bronn\",\"Ellyes Skhiri\",\"\u00e9quipe de Tunisie\",\"Mouez Hassen\",\"Syam Ben Youssef\",\"Turquie\",\"Wahbi Khazri\",\"Yassine Meriah\"],\"articleSection\":[\"SPORT\",\"Tunisie\"],\"inLanguage\":\"fr-FR\",\"potentialAction\":[{\"@type\":\"CommentAction\",\"name\":\"Comment\",\"target\":[\"https:\/\/kapitalis.com\/tunisie\/2018\/06\/01\/ce-soir-face-a-la-turquie-la-tunisie-va-surfer-sur-la-bonne-dynamique\/#respond\"]}]},{\"@type\":\"WebPage\",\"@id\":\"https:\/\/kapitalis.com\/tunisie\/2018\/06\/01\/ce-soir-face-a-la-turquie-la-tunisie-va-surfer-sur-la-bonne-dynamique\/\",\"url\":\"https:\/\/kapitalis.com\/tunisie\/2018\/06\/01\/ce-soir-face-a-la-turquie-la-tunisie-va-surfer-sur-la-bonne-dynamique\/\",\"name\":\"Ce soir face \u00e0 la Turquie : La Tunisie va surfer sur la bonne dynamique - Kapitalis\",\"isPartOf\":{\"@id\":\"https:\/\/kapitalis.com\/tunisie\/#website\"},\"primaryImageOfPage\":{\"@id\":\"https:\/\/kapitalis.com\/tunisie\/2018\/06\/01\/ce-soir-face-a-la-turquie-la-tunisie-va-surfer-sur-la-bonne-dynamique\/#primaryimage\"},\"image\":{\"@id\":\"https:\/\/kapitalis.com\/tunisie\/2018\/06\/01\/ce-soir-face-a-la-turquie-la-tunisie-va-surfer-sur-la-bonne-dynamique\/#primaryimage\"},\"thumbnailUrl\":\"http:\/\/kapitalis.com\/tunisie\/wp-content\/uploads\/2018\/05\/Tunisie-Turquie.jpg\",\"datePublished\":\"2018-06-01T13:40:47+00:00\",\"breadcrumb\":{\"@id\":\"https:\/\/kapitalis.com\/tunisie\/2018\/06\/01\/ce-soir-face-a-la-turquie-la-tunisie-va-surfer-sur-la-bonne-dynamique\/#breadcrumb\"},\"inLanguage\":\"fr-FR\",\"potentialAction\":[{\"@type\":\"ReadAction\",\"target\":[\"https:\/\/kapitalis.com\/tunisie\/2018\/06\/01\/ce-soir-face-a-la-turquie-la-tunisie-va-surfer-sur-la-bonne-dynamique\/\"]}]},{\"@type\":\"ImageObject\",\"inLanguage\":\"fr-FR\",\"@id\":\"https:\/\/kapitalis.com\/tunisie\/2018\/06\/01\/ce-soir-face-a-la-turquie-la-tunisie-va-surfer-sur-la-bonne-dynamique\/#primaryimage\",\"url\":\"http:\/\/kapitalis.com\/tunisie\/wp-content\/uploads\/2018\/05\/Tunisie-Turquie.jpg\",\"contentUrl\":\"http:\/\/kapitalis.com\/tunisie\/wp-content\/uploads\/2018\/05\/Tunisie-Turquie.jpg\"},{\"@type\":\"BreadcrumbList\",\"@id\":\"https:\/\/kapitalis.com\/tunisie\/2018\/06\/01\/ce-soir-face-a-la-turquie-la-tunisie-va-surfer-sur-la-bonne-dynamique\/#breadcrumb\",\"itemListElement\":[{\"@type\":\"ListItem\",\"position\":1,\"name\":\"Accueil\",\"item\":\"https:\/\/kapitalis.com\/tunisie\/\"},{\"@type\":\"ListItem\",\"position\":2,\"name\":\"Ce soir face \u00e0 la Turquie : La Tunisie va surfer sur la bonne dynamique\"}]},{\"@type\":\"WebSite\",\"@id\":\"https:\/\/kapitalis.com\/tunisie\/#website\",\"url\":\"https:\/\/kapitalis.com\/tunisie\/\",\"name\":\"Kapitalis\",\"description\":\"L&#039;actualit\u00e9 en Tunisie et dans le monde\",\"publisher\":{\"@id\":\"https:\/\/kapitalis.com\/tunisie\/#organization\"},\"potentialAction\":[{\"@type\":\"SearchAction\",\"target\":{\"@type\":\"EntryPoint\",\"urlTemplate\":\"https:\/\/kapitalis.com\/tunisie\/?s={search_term_string}\"},\"query-input\":{\"@type\":\"PropertyValueSpecification\",\"valueRequired\":true,\"valueName\":\"search_term_string\"}}],\"inLanguage\":\"fr-FR\"},{\"@type\":\"Organization\",\"@id\":\"https:\/\/kapitalis.com\/tunisie\/#organization\",\"name\":\"Kapitalis\",\"url\":\"https:\/\/kapitalis.com\/tunisie\/\",\"logo\":{\"@type\":\"ImageObject\",\"inLanguage\":\"fr-FR\",\"@id\":\"https:\/\/kapitalis.com\/tunisie\/#\/schema\/logo\/image\/\",\"url\":\"https:\/\/kapitalis.com\/tunisie\/wp-content\/uploads\/2022\/05\/Kapitalis-big-size.png\",\"contentUrl\":\"https:\/\/kapitalis.com\/tunisie\/wp-content\/uploads\/2022\/05\/Kapitalis-big-size.png\",\"width\":5000,\"height\":1500,\"caption\":\"Kapitalis\"},\"image\":{\"@id\":\"https:\/\/kapitalis.com\/tunisie\/#\/schema\/logo\/image\/\"},\"sameAs\":[\"https:\/\/www.facebook.com\/KapitalisInfo\/\",\"https:\/\/x.com\/KapitalisInfo\",\"https:\/\/www.youtube.com\/channel\/UC-yDYrHyfFBWWZaOw3FPg9Q\"]},{\"@type\":\"Person\",\"@id\":\"https:\/\/kapitalis.com\/tunisie\/#\/schema\/person\/d71f33a9ca44f7bad4698210b480c8e9\",\"name\":\"webmaster kapitalis\",\"url\":\"https:\/\/kapitalis.com\/tunisie\/author\/webmaster-kapitalis\/\"}]}<\/script>\n<!-- \/ Yoast SEO plugin. -->","yoast_head_json":{"title":"Ce soir face \u00e0 la Turquie : La Tunisie va surfer sur la bonne dynamique - Kapitalis","robots":{"index":"index","follow":"follow","max-snippet":"max-snippet:-1","max-image-preview":"max-image-preview:large","max-video-preview":"max-video-preview:-1"},"canonical":"https:\/\/kapitalis.com\/tunisie\/2018\/06\/01\/ce-soir-face-a-la-turquie-la-tunisie-va-surfer-sur-la-bonne-dynamique\/","og_locale":"fr_FR","og_type":"article","og_title":"Ce soir face \u00e0 la Turquie : La Tunisie va surfer sur la bonne dynamique - Kapitalis","og_description":"On devrait voir \u00e0 l\u2019\u0153uvre, ce vendredi 1er juin 2018, \u00e0 partir de 19h15, \u00e0 Gen\u00e8ve, contre la Turquie (match diffus\u00e9 en direct sur Watania 1), le onze tunisien (sans Wahbi Khazri encore en r\u00e9habilitation) qui d\u00e9butera le Mondial.","og_url":"https:\/\/kapitalis.com\/tunisie\/2018\/06\/01\/ce-soir-face-a-la-turquie-la-tunisie-va-surfer-sur-la-bonne-dynamique\/","og_site_name":"Kapitalis","article_publisher":"https:\/\/www.facebook.com\/KapitalisInfo\/","article_published_time":"2018-06-01T13:40:47+00:00","og_image":[{"url":"http:\/\/kapitalis.com\/tunisie\/wp-content\/uploads\/2018\/05\/Tunisie-Turquie.jpg","type":"","width":"","height":""}],"author":"webmaster kapitalis","twitter_card":"summary_large_image","twitter_creator":"@KapitalisInfo","twitter_site":"@KapitalisInfo","twitter_misc":{"\u00c9crit par":"webmaster kapitalis","Dur\u00e9e de lecture estim\u00e9e":"2 minutes"},"schema":{"@context":"https:\/\/schema.org","@graph":[{"@type":"Article","@id":"https:\/\/kapitalis.com\/tunisie\/2018\/06\/01\/ce-soir-face-a-la-turquie-la-tunisie-va-surfer-sur-la-bonne-dynamique\/#article","isPartOf":{"@id":"https:\/\/kapitalis.com\/tunisie\/2018\/06\/01\/ce-soir-face-a-la-turquie-la-tunisie-va-surfer-sur-la-bonne-dynamique\/"},"author":{"name":"webmaster kapitalis","@id":"https:\/\/kapitalis.com\/tunisie\/#\/schema\/person\/d71f33a9ca44f7bad4698210b480c8e9"},"headline":"Ce soir face \u00e0 la Turquie : La Tunisie va surfer sur la bonne dynamique","datePublished":"2018-06-01T13:40:47+00:00","mainEntityOfPage":{"@id":"https:\/\/kapitalis.com\/tunisie\/2018\/06\/01\/ce-soir-face-a-la-turquie-la-tunisie-va-surfer-sur-la-bonne-dynamique\/"},"wordCount":341,"commentCount":0,"publisher":{"@id":"https:\/\/kapitalis.com\/tunisie\/#organization"},"image":{"@id":"https:\/\/kapitalis.com\/tunisie\/2018\/06\/01\/ce-soir-face-a-la-turquie-la-tunisie-va-surfer-sur-la-bonne-dynamique\/#primaryimage"},"thumbnailUrl":"http:\/\/kapitalis.com\/tunisie\/wp-content\/uploads\/2018\/05\/Tunisie-Turquie.jpg","keywords":["Ali Maaloul","Anice Badri","Dylan Bronn","Ellyes Skhiri","\u00e9quipe de Tunisie","Mouez Hassen","Syam Ben Youssef","Turquie","Wahbi Khazri","Yassine Meriah"],"articleSection":["SPORT","Tunisie"],"inLanguage":"fr-FR","potentialAction":[{"@type":"CommentAction","name":"Comment","target":["https:\/\/kapitalis.com\/tunisie\/2018\/06\/01\/ce-soir-face-a-la-turquie-la-tunisie-va-surfer-sur-la-bonne-dynamique\/#respond"]}]},{"@type":"WebPage","@id":"https:\/\/kapitalis.com\/tunisie\/2018\/06\/01\/ce-soir-face-a-la-turquie-la-tunisie-va-surfer-sur-la-bonne-dynamique\/","url":"https:\/\/kapitalis.com\/tunisie\/2018\/06\/01\/ce-soir-face-a-la-turquie-la-tunisie-va-surfer-sur-la-bonne-dynamique\/","name":"Ce soir face \u00e0 la Turquie : La Tunisie va surfer sur la bonne dynamique - Kapitalis","isPartOf":{"@id":"https:\/\/kapitalis.com\/tunisie\/#website"},"primaryImageOfPage":{"@id":"https:\/\/kapitalis.com\/tunisie\/2018\/06\/01\/ce-soir-face-a-la-turquie-la-tunisie-va-surfer-sur-la-bonne-dynamique\/#primaryimage"},"image":{"@id":"https:\/\/kapitalis.com\/tunisie\/2018\/06\/01\/ce-soir-face-a-la-turquie-la-tunisie-va-surfer-sur-la-bonne-dynamique\/#primaryimage"},"thumbnailUrl":"http:\/\/kapitalis.com\/tunisie\/wp-content\/uploads\/2018\/05\/Tunisie-Turquie.jpg","datePublished":"2018-06-01T13:40:47+00:00","breadcrumb":{"@id":"https:\/\/kapitalis.com\/tunisie\/2018\/06\/01\/ce-soir-face-a-la-turquie-la-tunisie-va-surfer-sur-la-bonne-dynamique\/#breadcrumb"},"inLanguage":"fr-FR","potentialAction":[{"@type":"ReadAction","target":["https:\/\/kapitalis.com\/tunisie\/2018\/06\/01\/ce-soir-face-a-la-turquie-la-tunisie-va-surfer-sur-la-bonne-dynamique\/"]}]},{"@type":"ImageObject","inLanguage":"fr-FR","@id":"https:\/\/kapitalis.com\/tunisie\/2018\/06\/01\/ce-soir-face-a-la-turquie-la-tunisie-va-surfer-sur-la-bonne-dynamique\/#primaryimage","url":"http:\/\/kapitalis.com\/tunisie\/wp-content\/uploads\/2018\/05\/Tunisie-Turquie.jpg","contentUrl":"http:\/\/kapitalis.com\/tunisie\/wp-content\/uploads\/2018\/05\/Tunisie-Turquie.jpg"},{"@type":"BreadcrumbList","@id":"https:\/\/kapitalis.com\/tunisie\/2018\/06\/01\/ce-soir-face-a-la-turquie-la-tunisie-va-surfer-sur-la-bonne-dynamique\/#breadcrumb","itemListElement":[{"@type":"ListItem","position":1,"name":"Accueil","item":"https:\/\/kapitalis.com\/tunisie\/"},{"@type":"ListItem","position":2,"name":"Ce soir face \u00e0 la Turquie : La Tunisie va surfer sur la bonne dynamique"}]},{"@type":"WebSite","@id":"https:\/\/kapitalis.com\/tunisie\/#website","url":"https:\/\/kapitalis.com\/tunisie\/","name":"Kapitalis","description":"L&#039;actualit\u00e9 en Tunisie et dans le monde","publisher":{"@id":"https:\/\/kapitalis.com\/tunisie\/#organization"},"potentialAction":[{"@type":"SearchAction","target":{"@type":"EntryPoint","urlTemplate":"https:\/\/kapitalis.com\/tunisie\/?s={search_term_string}"},"query-input":{"@type":"PropertyValueSpecification","valueRequired":true,"valueName":"search_term_string"}}],"inLanguage":"fr-FR"},{"@type":"Organization","@id":"https:\/\/kapitalis.com\/tunisie\/#organization","name":"Kapitalis","url":"https:\/\/kapitalis.com\/tunisie\/","logo":{"@type":"ImageObject","inLanguage":"fr-FR","@id":"https:\/\/kapitalis.com\/tunisie\/#\/schema\/logo\/image\/","url":"https:\/\/kapitalis.com\/tunisie\/wp-content\/uploads\/2022\/05\/Kapitalis-big-size.png","contentUrl":"https:\/\/kapitalis.com\/tunisie\/wp-content\/uploads\/2022\/05\/Kapitalis-big-size.png","width":5000,"height":1500,"caption":"Kapitalis"},"image":{"@id":"https:\/\/kapitalis.com\/tunisie\/#\/schema\/logo\/image\/"},"sameAs":["https:\/\/www.facebook.com\/KapitalisInfo\/","https:\/\/x.com\/KapitalisInfo","https:\/\/www.youtube.com\/channel\/UC-yDYrHyfFBWWZaOw3FPg9Q"]},{"@type":"Person","@id":"https:\/\/kapitalis.com\/tunisie\/#\/schema\/person\/d71f33a9ca44f7bad4698210b480c8e9","name":"webmaster kapitalis","url":"https:\/\/kapitalis.com\/tunisie\/author\/webmaster-kapitalis\/"}]}},"_links":{"self":[{"href":"https:\/\/kapitalis.com\/tunisie\/wp-json\/wp\/v2\/posts\/157529","targetHints":{"allow":["GET"]}}],"collection":[{"href":"https:\/\/kapitalis.com\/tunisie\/wp-json\/wp\/v2\/posts"}],"about":[{"href":"https:\/\/kapitalis.com\/tunisie\/wp-json\/wp\/v2\/types\/post"}],"author":[{"embeddable":true,"href":"https:\/\/kapitalis.com\/tunisie\/wp-json\/wp\/v2\/users\/8"}],"replies":[{"embeddable":true,"href":"https:\/\/kapitalis.com\/tunisie\/wp-json\/wp\/v2\/comments?post=157529"}],"version-history":[{"count":0,"href":"https:\/\/kapitalis.com\/tunisie\/wp-json\/wp\/v2\/posts\/157529\/revisions"}],"wp:attachment":[{"href":"https:\/\/kapitalis.com\/tunisie\/wp-json\/wp\/v2\/media?parent=157529"}],"wp:term":[{"taxonomy":"category","embeddable":true,"href":"https:\/\/kapitalis.com\/tunisie\/wp-json\/wp\/v2\/categories?post=157529"},{"taxonomy":"post_tag","embeddable":true,"href":"https:\/\/kapitalis.com\/tunisie\/wp-json\/wp\/v2\/tags?post=157529"}],"curies":[{"name":"wp","href":"https:\/\/api.w.org\/{rel}","templated":true}]}}