{"id":15757659,"date":"2025-03-02T10:49:45","date_gmt":"2025-03-02T09:49:45","guid":{"rendered":"https:\/\/kapitalis.com\/tunisie\/?p=15757659"},"modified":"2025-03-02T10:49:47","modified_gmt":"2025-03-02T09:49:47","slug":"tunisie-aouididi-souligne-la-necessite-de-relancer-linvestissement-interieur","status":"publish","type":"post","link":"https:\/\/kapitalis.com\/tunisie\/2025\/03\/02\/tunisie-aouididi-souligne-la-necessite-de-relancer-linvestissement-interieur\/","title":{"rendered":"Tunisie | Aouididi souligne la n\u00e9cessit\u00e9 de relancer l\u2019investissement int\u00e9rieur \u00a0\u00a0"},"content":{"rendered":"\n<p><strong><em>Pour l\u2019\u00e9conomiste Jameleddine Aouididi le <a href=\"https:\/\/kapitalis.com\/tunisie\/2025\/03\/02\/moodys-ameliore-la-note-de-la-tunisie-de-caa2-a-caa1\/\" target=\"_blank\" rel=\"noreferrer noopener\">rel\u00e8vement <\/a>de la note d\u2019\u00e9metteur \u00e0 long terme de la Tunisie de \u00abCaa2\u00bb \u00e0 \u00abCaa1\u00bb avec perspective stable, annonc\u00e9 par l\u2019agence de notation am\u00e9ricaine Moody\u2019s, pr\u00e9figure le d\u00e9but de sortie de notre pays du mauvais classement signifiant son incapacit\u00e9 \u00e0 rembourser ses dettes ext\u00e9rieures. \u00a0\u00a0<\/em><\/strong><\/p>\n\n\n\n<!--more-->\n\n\n\n<p>Intervenant dans l\u2019\u00e9mission <em>\u2018\u2018Weekend alkif\u2019\u2019<\/em> sur <a href=\"https:\/\/diwanfm.net\/news\/%D8%A7%D9%82%D8%AA%D8%B5%D8%A7%D8%AF\/%D8%A7%D9%84%D8%B9%D9%88%D9%8A%D8%AF%D9%8A%D8%AF%D9%8A%3A-%D8%AA%D8%B1%D9%81%D9%8A%D8%B9-%D8%AA%D8%B5%D9%86%D9%8A%D9%81-%D8%AA%D9%88%D9%86%D8%B3-%D8%A5%D9%84%D9%89-CAA1-%D9%8A%D8%B1%D8%AC%D8%B9-\" target=\"_blank\" rel=\"noreferrer noopener\">Diwan FM<\/a> ce dimanche 2 mars 2025 a expliqu\u00e9 cette am\u00e9lioration de la note souveraine par la reprise des op\u00e9rations avec la Banque centrale de Tunisie (BCT), ce qui a permis le paiement des dettes dans les d\u00e9lais requis. Ce qui, selon lui, souligne l\u2019importance de la r\u00e9vision de la loi de la Banque centrale de 2016 afin d\u2019en faire un outil aux mains de l\u2019Etat pour aider \u00e0 sortir le pays des risques qu\u2019il encourt s\u2019il ne r\u00e9ussit pas \u00e0 honorer ses dettes, ce qui signifierait la faillite. <\/p>\n\n\n\n<p>Cette notation reste insuffisante, a cependant averti l\u2019\u00e9conomiste, en soulignant la n\u00e9cessit\u00e9 de relancer l\u2019investissement int\u00e9rieur, qui demeure tr\u00e8s faible, \u00e9tant donn\u00e9 que l\u2019investissement ext\u00e9rieur suit g\u00e9n\u00e9ralement la courbe d\u2019\u00e9volution de l\u2019investissement int\u00e9rieur. <\/p>\n\n\n\n<p>L\u2019Etat doit aussi se donner des objectifs strat\u00e9giques clairs, comme l\u2019atteinte de la suffisance alimentaire et sanitaire, et, par cons\u00e9quent, miser sur ces deux secteurs.<\/p>\n\n\n\n<p class=\"has-text-align-right\"><strong>I. B.<\/strong><\/p>\n\n\n\n<figure class=\"wp-block-embed is-type-wp-embed is-provider-kapitalis wp-block-embed-kapitalis\"><div class=\"wp-block-embed__wrapper\">\n<blockquote class=\"wp-embedded-content\" data-secret=\"8vm3igLsUV\"><a href=\"https:\/\/kapitalis.com\/tunisie\/2025\/03\/02\/moodys-ameliore-la-note-de-la-tunisie-de-caa2-a-caa1\/\">Moody\u2019s am\u00e9liore la note de la Tunisie de \u00abCaa2\u00bb \u00e0 \u00abCaa1\u00bb<\/a><\/blockquote><iframe loading=\"lazy\" class=\"wp-embedded-content\" sandbox=\"allow-scripts\" security=\"restricted\" style=\"position: absolute; visibility: hidden;\" title=\"\u00ab\u00a0Moody\u2019s am\u00e9liore la note de la Tunisie de \u00abCaa2\u00bb \u00e0 \u00abCaa1\u00bb\u00a0\u00bb &#8212; Kapitalis\" src=\"https:\/\/kapitalis.com\/tunisie\/2025\/03\/02\/moodys-ameliore-la-note-de-la-tunisie-de-caa2-a-caa1\/embed\/#?secret=2o1nHLV3nC#?secret=8vm3igLsUV\" data-secret=\"8vm3igLsUV\" width=\"600\" height=\"338\" frameborder=\"0\" marginwidth=\"0\" marginheight=\"0\" scrolling=\"no\"><\/iframe>\n<\/div><\/figure>\n","protected":false},"excerpt":{"rendered":"<p>L\u2019Etat tunisien doit aussi se donner des objectifs strat\u00e9giques clairs, comme l\u2019atteinte de la suffisance alimentaire et sanitaire. , <\/p>\n","protected":false},"author":8,"featured_media":15757702,"comment_status":"open","ping_status":"open","sticky":false,"template":"","format":"standard","meta":{"footnotes":""},"categories":[995,2433],"tags":[3018,121074,121073,77941,62643],"class_list":["post-15757659","post","type-post","status-publish","format-standard","has-post-thumbnail","hentry","category-economie","category-tunisie","tag-investissement-exterieur","tag-investissement-interieur","tag-jameleddine-aouididi","tag-moodys-2","tag-tunisie"],"yoast_head":"<!-- This site is optimized with the Yoast SEO plugin v26.6 - https:\/\/yoast.com\/wordpress\/plugins\/seo\/ -->\n<title>Tunisie | Aouididi souligne la n\u00e9cessit\u00e9 de relancer l\u2019investissement int\u00e9rieur \u00a0\u00a0 - Kapitalis<\/title>\n<meta name=\"robots\" content=\"index, follow, max-snippet:-1, max-image-preview:large, max-video-preview:-1\" \/>\n<link rel=\"canonical\" href=\"https:\/\/kapitalis.com\/tunisie\/2025\/03\/02\/tunisie-aouididi-souligne-la-necessite-de-relancer-linvestissement-interieur\/\" \/>\n<meta property=\"og:locale\" content=\"fr_FR\" \/>\n<meta property=\"og:type\" content=\"article\" \/>\n<meta property=\"og:title\" content=\"Tunisie | Aouididi souligne la n\u00e9cessit\u00e9 de relancer l\u2019investissement int\u00e9rieur \u00a0\u00a0 - Kapitalis\" \/>\n<meta property=\"og:description\" content=\"L\u2019Etat tunisien doit aussi se donner des objectifs strat\u00e9giques clairs, comme l\u2019atteinte de la suffisance alimentaire et sanitaire. ,\" \/>\n<meta property=\"og:url\" content=\"https:\/\/kapitalis.com\/tunisie\/2025\/03\/02\/tunisie-aouididi-souligne-la-necessite-de-relancer-linvestissement-interieur\/\" \/>\n<meta property=\"og:site_name\" content=\"Kapitalis\" \/>\n<meta property=\"article:publisher\" content=\"https:\/\/www.facebook.com\/KapitalisInfo\/\" \/>\n<meta property=\"article:published_time\" content=\"2025-03-02T09:49:45+00:00\" \/>\n<meta property=\"article:modified_time\" content=\"2025-03-02T09:49:47+00:00\" \/>\n<meta property=\"og:image\" content=\"https:\/\/kapitalis.com\/tunisie\/wp-content\/uploads\/2025\/03\/Jameleddine-Aouididi.jpg\" \/>\n\t<meta property=\"og:image:width\" content=\"1200\" \/>\n\t<meta property=\"og:image:height\" content=\"630\" \/>\n\t<meta property=\"og:image:type\" content=\"image\/jpeg\" \/>\n<meta name=\"author\" content=\"webmaster kapitalis\" \/>\n<meta name=\"twitter:card\" content=\"summary_large_image\" \/>\n<meta name=\"twitter:creator\" content=\"@KapitalisInfo\" \/>\n<meta name=\"twitter:site\" content=\"@KapitalisInfo\" \/>\n<meta name=\"twitter:label1\" content=\"\u00c9crit par\" \/>\n\t<meta name=\"twitter:data1\" content=\"webmaster kapitalis\" \/>\n\t<meta name=\"twitter:label2\" content=\"Dur\u00e9e de lecture estim\u00e9e\" \/>\n\t<meta name=\"twitter:data2\" content=\"2 minutes\" \/>\n<script type=\"application\/ld+json\" class=\"yoast-schema-graph\">{\"@context\":\"https:\/\/schema.org\",\"@graph\":[{\"@type\":\"Article\",\"@id\":\"https:\/\/kapitalis.com\/tunisie\/2025\/03\/02\/tunisie-aouididi-souligne-la-necessite-de-relancer-linvestissement-interieur\/#article\",\"isPartOf\":{\"@id\":\"https:\/\/kapitalis.com\/tunisie\/2025\/03\/02\/tunisie-aouididi-souligne-la-necessite-de-relancer-linvestissement-interieur\/\"},\"author\":{\"name\":\"webmaster kapitalis\",\"@id\":\"https:\/\/kapitalis.com\/tunisie\/#\/schema\/person\/d71f33a9ca44f7bad4698210b480c8e9\"},\"headline\":\"Tunisie | Aouididi souligne la n\u00e9cessit\u00e9 de relancer l\u2019investissement int\u00e9rieur \u00a0\u00a0\",\"datePublished\":\"2025-03-02T09:49:45+00:00\",\"dateModified\":\"2025-03-02T09:49:47+00:00\",\"mainEntityOfPage\":{\"@id\":\"https:\/\/kapitalis.com\/tunisie\/2025\/03\/02\/tunisie-aouididi-souligne-la-necessite-de-relancer-linvestissement-interieur\/\"},\"wordCount\":250,\"commentCount\":0,\"publisher\":{\"@id\":\"https:\/\/kapitalis.com\/tunisie\/#organization\"},\"image\":{\"@id\":\"https:\/\/kapitalis.com\/tunisie\/2025\/03\/02\/tunisie-aouididi-souligne-la-necessite-de-relancer-linvestissement-interieur\/#primaryimage\"},\"thumbnailUrl\":\"https:\/\/kapitalis.com\/tunisie\/wp-content\/uploads\/2025\/03\/Jameleddine-Aouididi.jpg\",\"keywords\":[\"investissement ext\u00e9rieur\",\"investissement int\u00e9rieur\",\"Jameleddine Aouididi\",\"Moody\u2019s\",\"Tunisie\"],\"articleSection\":[\"ECONOMIE\",\"Tunisie\"],\"inLanguage\":\"fr-FR\",\"potentialAction\":[{\"@type\":\"CommentAction\",\"name\":\"Comment\",\"target\":[\"https:\/\/kapitalis.com\/tunisie\/2025\/03\/02\/tunisie-aouididi-souligne-la-necessite-de-relancer-linvestissement-interieur\/#respond\"]}]},{\"@type\":\"WebPage\",\"@id\":\"https:\/\/kapitalis.com\/tunisie\/2025\/03\/02\/tunisie-aouididi-souligne-la-necessite-de-relancer-linvestissement-interieur\/\",\"url\":\"https:\/\/kapitalis.com\/tunisie\/2025\/03\/02\/tunisie-aouididi-souligne-la-necessite-de-relancer-linvestissement-interieur\/\",\"name\":\"Tunisie | Aouididi souligne la n\u00e9cessit\u00e9 de relancer l\u2019investissement int\u00e9rieur \u00a0\u00a0 - Kapitalis\",\"isPartOf\":{\"@id\":\"https:\/\/kapitalis.com\/tunisie\/#website\"},\"primaryImageOfPage\":{\"@id\":\"https:\/\/kapitalis.com\/tunisie\/2025\/03\/02\/tunisie-aouididi-souligne-la-necessite-de-relancer-linvestissement-interieur\/#primaryimage\"},\"image\":{\"@id\":\"https:\/\/kapitalis.com\/tunisie\/2025\/03\/02\/tunisie-aouididi-souligne-la-necessite-de-relancer-linvestissement-interieur\/#primaryimage\"},\"thumbnailUrl\":\"https:\/\/kapitalis.com\/tunisie\/wp-content\/uploads\/2025\/03\/Jameleddine-Aouididi.jpg\",\"datePublished\":\"2025-03-02T09:49:45+00:00\",\"dateModified\":\"2025-03-02T09:49:47+00:00\",\"breadcrumb\":{\"@id\":\"https:\/\/kapitalis.com\/tunisie\/2025\/03\/02\/tunisie-aouididi-souligne-la-necessite-de-relancer-linvestissement-interieur\/#breadcrumb\"},\"inLanguage\":\"fr-FR\",\"potentialAction\":[{\"@type\":\"ReadAction\",\"target\":[\"https:\/\/kapitalis.com\/tunisie\/2025\/03\/02\/tunisie-aouididi-souligne-la-necessite-de-relancer-linvestissement-interieur\/\"]}]},{\"@type\":\"ImageObject\",\"inLanguage\":\"fr-FR\",\"@id\":\"https:\/\/kapitalis.com\/tunisie\/2025\/03\/02\/tunisie-aouididi-souligne-la-necessite-de-relancer-linvestissement-interieur\/#primaryimage\",\"url\":\"https:\/\/kapitalis.com\/tunisie\/wp-content\/uploads\/2025\/03\/Jameleddine-Aouididi.jpg\",\"contentUrl\":\"https:\/\/kapitalis.com\/tunisie\/wp-content\/uploads\/2025\/03\/Jameleddine-Aouididi.jpg\",\"width\":1200,\"height\":630},{\"@type\":\"BreadcrumbList\",\"@id\":\"https:\/\/kapitalis.com\/tunisie\/2025\/03\/02\/tunisie-aouididi-souligne-la-necessite-de-relancer-linvestissement-interieur\/#breadcrumb\",\"itemListElement\":[{\"@type\":\"ListItem\",\"position\":1,\"name\":\"Accueil\",\"item\":\"https:\/\/kapitalis.com\/tunisie\/\"},{\"@type\":\"ListItem\",\"position\":2,\"name\":\"Tunisie | Aouididi souligne la n\u00e9cessit\u00e9 de relancer l\u2019investissement int\u00e9rieur \u00a0\u00a0\"}]},{\"@type\":\"WebSite\",\"@id\":\"https:\/\/kapitalis.com\/tunisie\/#website\",\"url\":\"https:\/\/kapitalis.com\/tunisie\/\",\"name\":\"Kapitalis\",\"description\":\"L&#039;actualit\u00e9 en Tunisie et dans le monde\",\"publisher\":{\"@id\":\"https:\/\/kapitalis.com\/tunisie\/#organization\"},\"potentialAction\":[{\"@type\":\"SearchAction\",\"target\":{\"@type\":\"EntryPoint\",\"urlTemplate\":\"https:\/\/kapitalis.com\/tunisie\/?s={search_term_string}\"},\"query-input\":{\"@type\":\"PropertyValueSpecification\",\"valueRequired\":true,\"valueName\":\"search_term_string\"}}],\"inLanguage\":\"fr-FR\"},{\"@type\":\"Organization\",\"@id\":\"https:\/\/kapitalis.com\/tunisie\/#organization\",\"name\":\"Kapitalis\",\"url\":\"https:\/\/kapitalis.com\/tunisie\/\",\"logo\":{\"@type\":\"ImageObject\",\"inLanguage\":\"fr-FR\",\"@id\":\"https:\/\/kapitalis.com\/tunisie\/#\/schema\/logo\/image\/\",\"url\":\"https:\/\/kapitalis.com\/tunisie\/wp-content\/uploads\/2022\/05\/Kapitalis-big-size.png\",\"contentUrl\":\"https:\/\/kapitalis.com\/tunisie\/wp-content\/uploads\/2022\/05\/Kapitalis-big-size.png\",\"width\":5000,\"height\":1500,\"caption\":\"Kapitalis\"},\"image\":{\"@id\":\"https:\/\/kapitalis.com\/tunisie\/#\/schema\/logo\/image\/\"},\"sameAs\":[\"https:\/\/www.facebook.com\/KapitalisInfo\/\",\"https:\/\/x.com\/KapitalisInfo\",\"https:\/\/www.youtube.com\/channel\/UC-yDYrHyfFBWWZaOw3FPg9Q\"]},{\"@type\":\"Person\",\"@id\":\"https:\/\/kapitalis.com\/tunisie\/#\/schema\/person\/d71f33a9ca44f7bad4698210b480c8e9\",\"name\":\"webmaster kapitalis\",\"url\":\"https:\/\/kapitalis.com\/tunisie\/author\/webmaster-kapitalis\/\"}]}<\/script>\n<!-- \/ Yoast SEO plugin. -->","yoast_head_json":{"title":"Tunisie | Aouididi souligne la n\u00e9cessit\u00e9 de relancer l\u2019investissement int\u00e9rieur \u00a0\u00a0 - Kapitalis","robots":{"index":"index","follow":"follow","max-snippet":"max-snippet:-1","max-image-preview":"max-image-preview:large","max-video-preview":"max-video-preview:-1"},"canonical":"https:\/\/kapitalis.com\/tunisie\/2025\/03\/02\/tunisie-aouididi-souligne-la-necessite-de-relancer-linvestissement-interieur\/","og_locale":"fr_FR","og_type":"article","og_title":"Tunisie | Aouididi souligne la n\u00e9cessit\u00e9 de relancer l\u2019investissement int\u00e9rieur \u00a0\u00a0 - Kapitalis","og_description":"L\u2019Etat tunisien doit aussi se donner des objectifs strat\u00e9giques clairs, comme l\u2019atteinte de la suffisance alimentaire et sanitaire. ,","og_url":"https:\/\/kapitalis.com\/tunisie\/2025\/03\/02\/tunisie-aouididi-souligne-la-necessite-de-relancer-linvestissement-interieur\/","og_site_name":"Kapitalis","article_publisher":"https:\/\/www.facebook.com\/KapitalisInfo\/","article_published_time":"2025-03-02T09:49:45+00:00","article_modified_time":"2025-03-02T09:49:47+00:00","og_image":[{"width":1200,"height":630,"url":"https:\/\/kapitalis.com\/tunisie\/wp-content\/uploads\/2025\/03\/Jameleddine-Aouididi.jpg","type":"image\/jpeg"}],"author":"webmaster kapitalis","twitter_card":"summary_large_image","twitter_creator":"@KapitalisInfo","twitter_site":"@KapitalisInfo","twitter_misc":{"\u00c9crit par":"webmaster kapitalis","Dur\u00e9e de lecture estim\u00e9e":"2 minutes"},"schema":{"@context":"https:\/\/schema.org","@graph":[{"@type":"Article","@id":"https:\/\/kapitalis.com\/tunisie\/2025\/03\/02\/tunisie-aouididi-souligne-la-necessite-de-relancer-linvestissement-interieur\/#article","isPartOf":{"@id":"https:\/\/kapitalis.com\/tunisie\/2025\/03\/02\/tunisie-aouididi-souligne-la-necessite-de-relancer-linvestissement-interieur\/"},"author":{"name":"webmaster kapitalis","@id":"https:\/\/kapitalis.com\/tunisie\/#\/schema\/person\/d71f33a9ca44f7bad4698210b480c8e9"},"headline":"Tunisie | Aouididi souligne la n\u00e9cessit\u00e9 de relancer l\u2019investissement int\u00e9rieur \u00a0\u00a0","datePublished":"2025-03-02T09:49:45+00:00","dateModified":"2025-03-02T09:49:47+00:00","mainEntityOfPage":{"@id":"https:\/\/kapitalis.com\/tunisie\/2025\/03\/02\/tunisie-aouididi-souligne-la-necessite-de-relancer-linvestissement-interieur\/"},"wordCount":250,"commentCount":0,"publisher":{"@id":"https:\/\/kapitalis.com\/tunisie\/#organization"},"image":{"@id":"https:\/\/kapitalis.com\/tunisie\/2025\/03\/02\/tunisie-aouididi-souligne-la-necessite-de-relancer-linvestissement-interieur\/#primaryimage"},"thumbnailUrl":"https:\/\/kapitalis.com\/tunisie\/wp-content\/uploads\/2025\/03\/Jameleddine-Aouididi.jpg","keywords":["investissement ext\u00e9rieur","investissement int\u00e9rieur","Jameleddine Aouididi","Moody\u2019s","Tunisie"],"articleSection":["ECONOMIE","Tunisie"],"inLanguage":"fr-FR","potentialAction":[{"@type":"CommentAction","name":"Comment","target":["https:\/\/kapitalis.com\/tunisie\/2025\/03\/02\/tunisie-aouididi-souligne-la-necessite-de-relancer-linvestissement-interieur\/#respond"]}]},{"@type":"WebPage","@id":"https:\/\/kapitalis.com\/tunisie\/2025\/03\/02\/tunisie-aouididi-souligne-la-necessite-de-relancer-linvestissement-interieur\/","url":"https:\/\/kapitalis.com\/tunisie\/2025\/03\/02\/tunisie-aouididi-souligne-la-necessite-de-relancer-linvestissement-interieur\/","name":"Tunisie | Aouididi souligne la n\u00e9cessit\u00e9 de relancer l\u2019investissement int\u00e9rieur \u00a0\u00a0 - Kapitalis","isPartOf":{"@id":"https:\/\/kapitalis.com\/tunisie\/#website"},"primaryImageOfPage":{"@id":"https:\/\/kapitalis.com\/tunisie\/2025\/03\/02\/tunisie-aouididi-souligne-la-necessite-de-relancer-linvestissement-interieur\/#primaryimage"},"image":{"@id":"https:\/\/kapitalis.com\/tunisie\/2025\/03\/02\/tunisie-aouididi-souligne-la-necessite-de-relancer-linvestissement-interieur\/#primaryimage"},"thumbnailUrl":"https:\/\/kapitalis.com\/tunisie\/wp-content\/uploads\/2025\/03\/Jameleddine-Aouididi.jpg","datePublished":"2025-03-02T09:49:45+00:00","dateModified":"2025-03-02T09:49:47+00:00","breadcrumb":{"@id":"https:\/\/kapitalis.com\/tunisie\/2025\/03\/02\/tunisie-aouididi-souligne-la-necessite-de-relancer-linvestissement-interieur\/#breadcrumb"},"inLanguage":"fr-FR","potentialAction":[{"@type":"ReadAction","target":["https:\/\/kapitalis.com\/tunisie\/2025\/03\/02\/tunisie-aouididi-souligne-la-necessite-de-relancer-linvestissement-interieur\/"]}]},{"@type":"ImageObject","inLanguage":"fr-FR","@id":"https:\/\/kapitalis.com\/tunisie\/2025\/03\/02\/tunisie-aouididi-souligne-la-necessite-de-relancer-linvestissement-interieur\/#primaryimage","url":"https:\/\/kapitalis.com\/tunisie\/wp-content\/uploads\/2025\/03\/Jameleddine-Aouididi.jpg","contentUrl":"https:\/\/kapitalis.com\/tunisie\/wp-content\/uploads\/2025\/03\/Jameleddine-Aouididi.jpg","width":1200,"height":630},{"@type":"BreadcrumbList","@id":"https:\/\/kapitalis.com\/tunisie\/2025\/03\/02\/tunisie-aouididi-souligne-la-necessite-de-relancer-linvestissement-interieur\/#breadcrumb","itemListElement":[{"@type":"ListItem","position":1,"name":"Accueil","item":"https:\/\/kapitalis.com\/tunisie\/"},{"@type":"ListItem","position":2,"name":"Tunisie | Aouididi souligne la n\u00e9cessit\u00e9 de relancer l\u2019investissement int\u00e9rieur \u00a0\u00a0"}]},{"@type":"WebSite","@id":"https:\/\/kapitalis.com\/tunisie\/#website","url":"https:\/\/kapitalis.com\/tunisie\/","name":"Kapitalis","description":"L&#039;actualit\u00e9 en Tunisie et dans le monde","publisher":{"@id":"https:\/\/kapitalis.com\/tunisie\/#organization"},"potentialAction":[{"@type":"SearchAction","target":{"@type":"EntryPoint","urlTemplate":"https:\/\/kapitalis.com\/tunisie\/?s={search_term_string}"},"query-input":{"@type":"PropertyValueSpecification","valueRequired":true,"valueName":"search_term_string"}}],"inLanguage":"fr-FR"},{"@type":"Organization","@id":"https:\/\/kapitalis.com\/tunisie\/#organization","name":"Kapitalis","url":"https:\/\/kapitalis.com\/tunisie\/","logo":{"@type":"ImageObject","inLanguage":"fr-FR","@id":"https:\/\/kapitalis.com\/tunisie\/#\/schema\/logo\/image\/","url":"https:\/\/kapitalis.com\/tunisie\/wp-content\/uploads\/2022\/05\/Kapitalis-big-size.png","contentUrl":"https:\/\/kapitalis.com\/tunisie\/wp-content\/uploads\/2022\/05\/Kapitalis-big-size.png","width":5000,"height":1500,"caption":"Kapitalis"},"image":{"@id":"https:\/\/kapitalis.com\/tunisie\/#\/schema\/logo\/image\/"},"sameAs":["https:\/\/www.facebook.com\/KapitalisInfo\/","https:\/\/x.com\/KapitalisInfo","https:\/\/www.youtube.com\/channel\/UC-yDYrHyfFBWWZaOw3FPg9Q"]},{"@type":"Person","@id":"https:\/\/kapitalis.com\/tunisie\/#\/schema\/person\/d71f33a9ca44f7bad4698210b480c8e9","name":"webmaster kapitalis","url":"https:\/\/kapitalis.com\/tunisie\/author\/webmaster-kapitalis\/"}]}},"_links":{"self":[{"href":"https:\/\/kapitalis.com\/tunisie\/wp-json\/wp\/v2\/posts\/15757659","targetHints":{"allow":["GET"]}}],"collection":[{"href":"https:\/\/kapitalis.com\/tunisie\/wp-json\/wp\/v2\/posts"}],"about":[{"href":"https:\/\/kapitalis.com\/tunisie\/wp-json\/wp\/v2\/types\/post"}],"author":[{"embeddable":true,"href":"https:\/\/kapitalis.com\/tunisie\/wp-json\/wp\/v2\/users\/8"}],"replies":[{"embeddable":true,"href":"https:\/\/kapitalis.com\/tunisie\/wp-json\/wp\/v2\/comments?post=15757659"}],"version-history":[{"count":1,"href":"https:\/\/kapitalis.com\/tunisie\/wp-json\/wp\/v2\/posts\/15757659\/revisions"}],"predecessor-version":[{"id":15757738,"href":"https:\/\/kapitalis.com\/tunisie\/wp-json\/wp\/v2\/posts\/15757659\/revisions\/15757738"}],"wp:featuredmedia":[{"embeddable":true,"href":"https:\/\/kapitalis.com\/tunisie\/wp-json\/wp\/v2\/media\/15757702"}],"wp:attachment":[{"href":"https:\/\/kapitalis.com\/tunisie\/wp-json\/wp\/v2\/media?parent=15757659"}],"wp:term":[{"taxonomy":"category","embeddable":true,"href":"https:\/\/kapitalis.com\/tunisie\/wp-json\/wp\/v2\/categories?post=15757659"},{"taxonomy":"post_tag","embeddable":true,"href":"https:\/\/kapitalis.com\/tunisie\/wp-json\/wp\/v2\/tags?post=15757659"}],"curies":[{"name":"wp","href":"https:\/\/api.w.org\/{rel}","templated":true}]}}