{"id":157819,"date":"2018-06-03T15:40:18","date_gmt":"2018-06-03T14:40:18","guid":{"rendered":"http:\/\/kapitalis.com\/tunisie\/?p=157819"},"modified":"2018-06-03T15:40:18","modified_gmt":"2018-06-03T14:40:18","slug":"ennahdha-et-le-sida-deux-fleaux-un-anniversaire","status":"publish","type":"post","link":"https:\/\/kapitalis.com\/tunisie\/2018\/06\/03\/ennahdha-et-le-sida-deux-fleaux-un-anniversaire\/","title":{"rendered":"Ennahdha et le sida, deux fl\u00e9aux, un anniversaire"},"content":{"rendered":"<p style=\"text-align: center;\"><img loading=\"lazy\" decoding=\"async\" class=\"alignnone size-full wp-image-157820\" src=\"http:\/\/kapitalis.com\/tunisie\/wp-content\/uploads\/2018\/06\/Ennahdha-et-le-sida.jpg\" alt=\"\" width=\"626\" height=\"380\" \/><\/p>\n<p><em><strong>Ennahdha et le sida sont deux \u00e9pid\u00e9mies qui sont n\u00e9es \u00e0 seulement trois jours d\u2019intervalle. Elles ont des points communs mais \u00e9galement certaines diff\u00e9rences.<\/strong><\/em><\/p>\n<p>Par <strong>Moez Ben Salem<\/strong> *<\/p>\n<p><!--more--><\/p>\n<p><img loading=\"lazy\" decoding=\"async\" class=\"alignnone size-full wp-image-157825 alignleft\" src=\"http:\/\/kapitalis.com\/tunisie\/wp-content\/uploads\/2018\/06\/Moez-Ben-Salem.jpg\" alt=\"\" width=\"200\" height=\"165\" \/>Ennahdha, le mouvement islamiste tunisien, a f\u00eat\u00e9 hier, samedi 2 juin 2018, en grandes pompes, le 37e anniversaire de sa cr\u00e9ation.<\/p>\n<p>Ce que peu de gens savent c&rsquo;est qu\u2019Ennahdha et le sida (syndrome d&rsquo;immunod\u00e9ficience acquise) sont deux fl\u00e9aux apparus quasiment \u00e0 la m\u00eame date : 2 juin 1981 pour Ennahdha sous son ancienne d\u00e9nomination de Mouvement de tendance islamique (MTI), 5 juin 1981 pour le sida.<\/p>\n<p>En comparant les deux <em>\u00ab\u00e9pid\u00e9mies\u00bb<\/em>, on constate qu\u2019il y a des points communs mais \u00e9galement certaines diff\u00e9rences entre elles.<\/p>\n<p>Le sida est une affection virale qui se transmet par les voies sanguine ou sexuelle (parfois trans-f\u0153tale), qui d\u00e9truit le syst\u00e8me immunitaire de l\u2019individu, l\u2019exposant \u00e0 la survenue de cancers et d\u2019infections opportunistes, d\u2019\u00e9volution fatale en l\u2019absence de traitement (trith\u00e9rapie).<\/p>\n<p>Ennahdha est une affection d\u00e9g\u00e9n\u00e9rative du syst\u00e8me nerveux qui bloque toute pens\u00e9e, conduisant l\u2019individu \u00e0 un mode de fonctionnement v\u00e9g\u00e9tatif et le transformant \u00e0 plus ou moins br\u00e8ve \u00e9ch\u00e9ance en un <em>\u00abimb\u00e9cile heureux\u00bb<\/em>.<\/p>\n<p>On ne conna\u00eet pas encore de vaccin ni de traitement au fl\u00e9au Ennahdha.<\/p>\n<p><em><strong>Article du m\u00eame auteur dans Kapitalis:\u00a0<\/strong><\/em><\/p>\n<blockquote class=\"wp-embedded-content\" data-secret=\"5SNnbAPM0P\"><p><a href=\"https:\/\/kapitalis.com\/tunisie\/2017\/02\/06\/tunisie-les-medecins-en-prison-les-terroristes-a-la-maison\/\">Tunisie : Les m\u00e9decins en prison, les terroristes \u00e0 la maison !<\/a><\/p><\/blockquote>\n<p><iframe loading=\"lazy\" class=\"wp-embedded-content\" sandbox=\"allow-scripts\" security=\"restricted\" style=\"position: absolute; clip: rect(1px, 1px, 1px, 1px);\" title=\"\u00ab\u00a0Tunisie : Les m\u00e9decins en prison, les terroristes \u00e0 la maison !\u00a0\u00bb &#8212; Kapitalis\" src=\"https:\/\/kapitalis.com\/tunisie\/2017\/02\/06\/tunisie-les-medecins-en-prison-les-terroristes-a-la-maison\/embed\/#?secret=LLjC7Z8JNw#?secret=5SNnbAPM0P\" data-secret=\"5SNnbAPM0P\" width=\"600\" height=\"338\" frameborder=\"0\" marginwidth=\"0\" marginheight=\"0\" scrolling=\"no\"><\/iframe><\/p>\n<blockquote class=\"wp-embedded-content\" data-secret=\"foq06WC7yD\"><p><a href=\"https:\/\/kapitalis.com\/tunisie\/2016\/12\/17\/les-medecins-tunisiens-brillent-a-letranger\/\">Les m\u00e9decins tunisiens brillent \u00e0 l\u2019\u00e9tranger<\/a><\/p><\/blockquote>\n<p><iframe loading=\"lazy\" class=\"wp-embedded-content\" sandbox=\"allow-scripts\" security=\"restricted\" style=\"position: absolute; clip: rect(1px, 1px, 1px, 1px);\" title=\"\u00ab\u00a0Les m\u00e9decins tunisiens brillent \u00e0 l\u2019\u00e9tranger\u00a0\u00bb &#8212; Kapitalis\" src=\"https:\/\/kapitalis.com\/tunisie\/2016\/12\/17\/les-medecins-tunisiens-brillent-a-letranger\/embed\/#?secret=QYIniTeRnZ#?secret=foq06WC7yD\" data-secret=\"foq06WC7yD\" width=\"600\" height=\"338\" frameborder=\"0\" marginwidth=\"0\" marginheight=\"0\" scrolling=\"no\"><\/iframe><\/p>\n<blockquote class=\"wp-embedded-content\" data-secret=\"sUADFfoQBs\"><p><a href=\"https:\/\/kapitalis.com\/tunisie\/2015\/12\/06\/jihad-sexe-niqab-et-mst\/\">Jihad, sexe, niqab et MST<\/a><\/p><\/blockquote>\n<p><iframe loading=\"lazy\" class=\"wp-embedded-content\" sandbox=\"allow-scripts\" security=\"restricted\" style=\"position: absolute; clip: rect(1px, 1px, 1px, 1px);\" title=\"\u00ab\u00a0Jihad, sexe, niqab et MST\u00a0\u00bb &#8212; Kapitalis\" src=\"https:\/\/kapitalis.com\/tunisie\/2015\/12\/06\/jihad-sexe-niqab-et-mst\/embed\/#?secret=uxbgVwu0sI#?secret=sUADFfoQBs\" data-secret=\"sUADFfoQBs\" width=\"600\" height=\"338\" frameborder=\"0\" marginwidth=\"0\" marginheight=\"0\" scrolling=\"no\"><\/iframe><\/p>\n<p>&nbsp;<\/p>\n","protected":false},"excerpt":{"rendered":"<p>Ennahdha et le sida sont deux \u00e9pid\u00e9mies qui sont n\u00e9es \u00e0 seulement trois jours d\u2019intervalle. Elles ont des points communs mais \u00e9galement certaines diff\u00e9rences. Par Moez Ben Salem *<\/p>\n","protected":false},"author":8,"featured_media":157820,"comment_status":"open","ping_status":"open","sticky":false,"template":"","format":"standard","meta":{"footnotes":""},"categories":[1000,2433],"tags":[10515],"class_list":["post-157819","post","type-post","status-publish","format-standard","has-post-thumbnail","hentry","category-tribune","category-tunisie","tag-sida"],"yoast_head":"<!-- This site is optimized with the Yoast SEO plugin v26.6 - https:\/\/yoast.com\/wordpress\/plugins\/seo\/ -->\n<title>Ennahdha et le sida, deux fl\u00e9aux, un anniversaire - Kapitalis<\/title>\n<meta name=\"robots\" content=\"index, follow, max-snippet:-1, max-image-preview:large, max-video-preview:-1\" \/>\n<link rel=\"canonical\" href=\"https:\/\/kapitalis.com\/tunisie\/2018\/06\/03\/ennahdha-et-le-sida-deux-fleaux-un-anniversaire\/\" \/>\n<meta property=\"og:locale\" content=\"fr_FR\" \/>\n<meta property=\"og:type\" content=\"article\" \/>\n<meta property=\"og:title\" content=\"Ennahdha et le sida, deux fl\u00e9aux, un anniversaire - Kapitalis\" \/>\n<meta property=\"og:description\" content=\"Ennahdha et le sida sont deux \u00e9pid\u00e9mies qui sont n\u00e9es \u00e0 seulement trois jours d\u2019intervalle. Elles ont des points communs mais \u00e9galement certaines diff\u00e9rences. Par Moez Ben Salem *\" \/>\n<meta property=\"og:url\" content=\"https:\/\/kapitalis.com\/tunisie\/2018\/06\/03\/ennahdha-et-le-sida-deux-fleaux-un-anniversaire\/\" \/>\n<meta property=\"og:site_name\" content=\"Kapitalis\" \/>\n<meta property=\"article:publisher\" content=\"https:\/\/www.facebook.com\/KapitalisInfo\/\" \/>\n<meta property=\"article:published_time\" content=\"2018-06-03T14:40:18+00:00\" \/>\n<meta property=\"og:image\" content=\"https:\/\/kapitalis.com\/tunisie\/wp-content\/uploads\/2022\/05\/kapitalis-logo-fb.png\" \/>\n\t<meta property=\"og:image:width\" content=\"1200\" \/>\n\t<meta property=\"og:image:height\" content=\"630\" \/>\n\t<meta property=\"og:image:type\" content=\"image\/png\" \/>\n<meta name=\"author\" content=\"webmaster kapitalis\" \/>\n<meta name=\"twitter:card\" content=\"summary_large_image\" \/>\n<meta name=\"twitter:creator\" content=\"@KapitalisInfo\" \/>\n<meta name=\"twitter:site\" content=\"@KapitalisInfo\" \/>\n<meta name=\"twitter:label1\" content=\"\u00c9crit par\" \/>\n\t<meta name=\"twitter:data1\" content=\"webmaster kapitalis\" \/>\n\t<meta name=\"twitter:label2\" content=\"Dur\u00e9e de lecture estim\u00e9e\" \/>\n\t<meta name=\"twitter:data2\" content=\"1 minute\" \/>\n<script type=\"application\/ld+json\" class=\"yoast-schema-graph\">{\"@context\":\"https:\/\/schema.org\",\"@graph\":[{\"@type\":\"Article\",\"@id\":\"https:\/\/kapitalis.com\/tunisie\/2018\/06\/03\/ennahdha-et-le-sida-deux-fleaux-un-anniversaire\/#article\",\"isPartOf\":{\"@id\":\"https:\/\/kapitalis.com\/tunisie\/2018\/06\/03\/ennahdha-et-le-sida-deux-fleaux-un-anniversaire\/\"},\"author\":{\"name\":\"webmaster kapitalis\",\"@id\":\"https:\/\/kapitalis.com\/tunisie\/#\/schema\/person\/d71f33a9ca44f7bad4698210b480c8e9\"},\"headline\":\"Ennahdha et le sida, deux fl\u00e9aux, un anniversaire\",\"datePublished\":\"2018-06-03T14:40:18+00:00\",\"mainEntityOfPage\":{\"@id\":\"https:\/\/kapitalis.com\/tunisie\/2018\/06\/03\/ennahdha-et-le-sida-deux-fleaux-un-anniversaire\/\"},\"wordCount\":255,\"commentCount\":8,\"publisher\":{\"@id\":\"https:\/\/kapitalis.com\/tunisie\/#organization\"},\"image\":{\"@id\":\"https:\/\/kapitalis.com\/tunisie\/2018\/06\/03\/ennahdha-et-le-sida-deux-fleaux-un-anniversaire\/#primaryimage\"},\"thumbnailUrl\":\"\",\"keywords\":[\"sida\"],\"articleSection\":[\"TRIBUNE\",\"Tunisie\"],\"inLanguage\":\"fr-FR\",\"potentialAction\":[{\"@type\":\"CommentAction\",\"name\":\"Comment\",\"target\":[\"https:\/\/kapitalis.com\/tunisie\/2018\/06\/03\/ennahdha-et-le-sida-deux-fleaux-un-anniversaire\/#respond\"]}]},{\"@type\":\"WebPage\",\"@id\":\"https:\/\/kapitalis.com\/tunisie\/2018\/06\/03\/ennahdha-et-le-sida-deux-fleaux-un-anniversaire\/\",\"url\":\"https:\/\/kapitalis.com\/tunisie\/2018\/06\/03\/ennahdha-et-le-sida-deux-fleaux-un-anniversaire\/\",\"name\":\"Ennahdha et le sida, deux fl\u00e9aux, un anniversaire - Kapitalis\",\"isPartOf\":{\"@id\":\"https:\/\/kapitalis.com\/tunisie\/#website\"},\"primaryImageOfPage\":{\"@id\":\"https:\/\/kapitalis.com\/tunisie\/2018\/06\/03\/ennahdha-et-le-sida-deux-fleaux-un-anniversaire\/#primaryimage\"},\"image\":{\"@id\":\"https:\/\/kapitalis.com\/tunisie\/2018\/06\/03\/ennahdha-et-le-sida-deux-fleaux-un-anniversaire\/#primaryimage\"},\"thumbnailUrl\":\"\",\"datePublished\":\"2018-06-03T14:40:18+00:00\",\"breadcrumb\":{\"@id\":\"https:\/\/kapitalis.com\/tunisie\/2018\/06\/03\/ennahdha-et-le-sida-deux-fleaux-un-anniversaire\/#breadcrumb\"},\"inLanguage\":\"fr-FR\",\"potentialAction\":[{\"@type\":\"ReadAction\",\"target\":[\"https:\/\/kapitalis.com\/tunisie\/2018\/06\/03\/ennahdha-et-le-sida-deux-fleaux-un-anniversaire\/\"]}]},{\"@type\":\"ImageObject\",\"inLanguage\":\"fr-FR\",\"@id\":\"https:\/\/kapitalis.com\/tunisie\/2018\/06\/03\/ennahdha-et-le-sida-deux-fleaux-un-anniversaire\/#primaryimage\",\"url\":\"\",\"contentUrl\":\"\"},{\"@type\":\"BreadcrumbList\",\"@id\":\"https:\/\/kapitalis.com\/tunisie\/2018\/06\/03\/ennahdha-et-le-sida-deux-fleaux-un-anniversaire\/#breadcrumb\",\"itemListElement\":[{\"@type\":\"ListItem\",\"position\":1,\"name\":\"Accueil\",\"item\":\"https:\/\/kapitalis.com\/tunisie\/\"},{\"@type\":\"ListItem\",\"position\":2,\"name\":\"Ennahdha et le sida, deux fl\u00e9aux, un anniversaire\"}]},{\"@type\":\"WebSite\",\"@id\":\"https:\/\/kapitalis.com\/tunisie\/#website\",\"url\":\"https:\/\/kapitalis.com\/tunisie\/\",\"name\":\"Kapitalis\",\"description\":\"L&#039;actualit\u00e9 en Tunisie et dans le monde\",\"publisher\":{\"@id\":\"https:\/\/kapitalis.com\/tunisie\/#organization\"},\"potentialAction\":[{\"@type\":\"SearchAction\",\"target\":{\"@type\":\"EntryPoint\",\"urlTemplate\":\"https:\/\/kapitalis.com\/tunisie\/?s={search_term_string}\"},\"query-input\":{\"@type\":\"PropertyValueSpecification\",\"valueRequired\":true,\"valueName\":\"search_term_string\"}}],\"inLanguage\":\"fr-FR\"},{\"@type\":\"Organization\",\"@id\":\"https:\/\/kapitalis.com\/tunisie\/#organization\",\"name\":\"Kapitalis\",\"url\":\"https:\/\/kapitalis.com\/tunisie\/\",\"logo\":{\"@type\":\"ImageObject\",\"inLanguage\":\"fr-FR\",\"@id\":\"https:\/\/kapitalis.com\/tunisie\/#\/schema\/logo\/image\/\",\"url\":\"https:\/\/kapitalis.com\/tunisie\/wp-content\/uploads\/2022\/05\/Kapitalis-big-size.png\",\"contentUrl\":\"https:\/\/kapitalis.com\/tunisie\/wp-content\/uploads\/2022\/05\/Kapitalis-big-size.png\",\"width\":5000,\"height\":1500,\"caption\":\"Kapitalis\"},\"image\":{\"@id\":\"https:\/\/kapitalis.com\/tunisie\/#\/schema\/logo\/image\/\"},\"sameAs\":[\"https:\/\/www.facebook.com\/KapitalisInfo\/\",\"https:\/\/x.com\/KapitalisInfo\",\"https:\/\/www.youtube.com\/channel\/UC-yDYrHyfFBWWZaOw3FPg9Q\"]},{\"@type\":\"Person\",\"@id\":\"https:\/\/kapitalis.com\/tunisie\/#\/schema\/person\/d71f33a9ca44f7bad4698210b480c8e9\",\"name\":\"webmaster kapitalis\",\"url\":\"https:\/\/kapitalis.com\/tunisie\/author\/webmaster-kapitalis\/\"}]}<\/script>\n<!-- \/ Yoast SEO plugin. -->","yoast_head_json":{"title":"Ennahdha et le sida, deux fl\u00e9aux, un anniversaire - Kapitalis","robots":{"index":"index","follow":"follow","max-snippet":"max-snippet:-1","max-image-preview":"max-image-preview:large","max-video-preview":"max-video-preview:-1"},"canonical":"https:\/\/kapitalis.com\/tunisie\/2018\/06\/03\/ennahdha-et-le-sida-deux-fleaux-un-anniversaire\/","og_locale":"fr_FR","og_type":"article","og_title":"Ennahdha et le sida, deux fl\u00e9aux, un anniversaire - Kapitalis","og_description":"Ennahdha et le sida sont deux \u00e9pid\u00e9mies qui sont n\u00e9es \u00e0 seulement trois jours d\u2019intervalle. Elles ont des points communs mais \u00e9galement certaines diff\u00e9rences. Par Moez Ben Salem *","og_url":"https:\/\/kapitalis.com\/tunisie\/2018\/06\/03\/ennahdha-et-le-sida-deux-fleaux-un-anniversaire\/","og_site_name":"Kapitalis","article_publisher":"https:\/\/www.facebook.com\/KapitalisInfo\/","article_published_time":"2018-06-03T14:40:18+00:00","og_image":[{"width":1200,"height":630,"url":"https:\/\/kapitalis.com\/tunisie\/wp-content\/uploads\/2022\/05\/kapitalis-logo-fb.png","type":"image\/png"}],"author":"webmaster kapitalis","twitter_card":"summary_large_image","twitter_creator":"@KapitalisInfo","twitter_site":"@KapitalisInfo","twitter_misc":{"\u00c9crit par":"webmaster kapitalis","Dur\u00e9e de lecture estim\u00e9e":"1 minute"},"schema":{"@context":"https:\/\/schema.org","@graph":[{"@type":"Article","@id":"https:\/\/kapitalis.com\/tunisie\/2018\/06\/03\/ennahdha-et-le-sida-deux-fleaux-un-anniversaire\/#article","isPartOf":{"@id":"https:\/\/kapitalis.com\/tunisie\/2018\/06\/03\/ennahdha-et-le-sida-deux-fleaux-un-anniversaire\/"},"author":{"name":"webmaster kapitalis","@id":"https:\/\/kapitalis.com\/tunisie\/#\/schema\/person\/d71f33a9ca44f7bad4698210b480c8e9"},"headline":"Ennahdha et le sida, deux fl\u00e9aux, un anniversaire","datePublished":"2018-06-03T14:40:18+00:00","mainEntityOfPage":{"@id":"https:\/\/kapitalis.com\/tunisie\/2018\/06\/03\/ennahdha-et-le-sida-deux-fleaux-un-anniversaire\/"},"wordCount":255,"commentCount":8,"publisher":{"@id":"https:\/\/kapitalis.com\/tunisie\/#organization"},"image":{"@id":"https:\/\/kapitalis.com\/tunisie\/2018\/06\/03\/ennahdha-et-le-sida-deux-fleaux-un-anniversaire\/#primaryimage"},"thumbnailUrl":"","keywords":["sida"],"articleSection":["TRIBUNE","Tunisie"],"inLanguage":"fr-FR","potentialAction":[{"@type":"CommentAction","name":"Comment","target":["https:\/\/kapitalis.com\/tunisie\/2018\/06\/03\/ennahdha-et-le-sida-deux-fleaux-un-anniversaire\/#respond"]}]},{"@type":"WebPage","@id":"https:\/\/kapitalis.com\/tunisie\/2018\/06\/03\/ennahdha-et-le-sida-deux-fleaux-un-anniversaire\/","url":"https:\/\/kapitalis.com\/tunisie\/2018\/06\/03\/ennahdha-et-le-sida-deux-fleaux-un-anniversaire\/","name":"Ennahdha et le sida, deux fl\u00e9aux, un anniversaire - Kapitalis","isPartOf":{"@id":"https:\/\/kapitalis.com\/tunisie\/#website"},"primaryImageOfPage":{"@id":"https:\/\/kapitalis.com\/tunisie\/2018\/06\/03\/ennahdha-et-le-sida-deux-fleaux-un-anniversaire\/#primaryimage"},"image":{"@id":"https:\/\/kapitalis.com\/tunisie\/2018\/06\/03\/ennahdha-et-le-sida-deux-fleaux-un-anniversaire\/#primaryimage"},"thumbnailUrl":"","datePublished":"2018-06-03T14:40:18+00:00","breadcrumb":{"@id":"https:\/\/kapitalis.com\/tunisie\/2018\/06\/03\/ennahdha-et-le-sida-deux-fleaux-un-anniversaire\/#breadcrumb"},"inLanguage":"fr-FR","potentialAction":[{"@type":"ReadAction","target":["https:\/\/kapitalis.com\/tunisie\/2018\/06\/03\/ennahdha-et-le-sida-deux-fleaux-un-anniversaire\/"]}]},{"@type":"ImageObject","inLanguage":"fr-FR","@id":"https:\/\/kapitalis.com\/tunisie\/2018\/06\/03\/ennahdha-et-le-sida-deux-fleaux-un-anniversaire\/#primaryimage","url":"","contentUrl":""},{"@type":"BreadcrumbList","@id":"https:\/\/kapitalis.com\/tunisie\/2018\/06\/03\/ennahdha-et-le-sida-deux-fleaux-un-anniversaire\/#breadcrumb","itemListElement":[{"@type":"ListItem","position":1,"name":"Accueil","item":"https:\/\/kapitalis.com\/tunisie\/"},{"@type":"ListItem","position":2,"name":"Ennahdha et le sida, deux fl\u00e9aux, un anniversaire"}]},{"@type":"WebSite","@id":"https:\/\/kapitalis.com\/tunisie\/#website","url":"https:\/\/kapitalis.com\/tunisie\/","name":"Kapitalis","description":"L&#039;actualit\u00e9 en Tunisie et dans le monde","publisher":{"@id":"https:\/\/kapitalis.com\/tunisie\/#organization"},"potentialAction":[{"@type":"SearchAction","target":{"@type":"EntryPoint","urlTemplate":"https:\/\/kapitalis.com\/tunisie\/?s={search_term_string}"},"query-input":{"@type":"PropertyValueSpecification","valueRequired":true,"valueName":"search_term_string"}}],"inLanguage":"fr-FR"},{"@type":"Organization","@id":"https:\/\/kapitalis.com\/tunisie\/#organization","name":"Kapitalis","url":"https:\/\/kapitalis.com\/tunisie\/","logo":{"@type":"ImageObject","inLanguage":"fr-FR","@id":"https:\/\/kapitalis.com\/tunisie\/#\/schema\/logo\/image\/","url":"https:\/\/kapitalis.com\/tunisie\/wp-content\/uploads\/2022\/05\/Kapitalis-big-size.png","contentUrl":"https:\/\/kapitalis.com\/tunisie\/wp-content\/uploads\/2022\/05\/Kapitalis-big-size.png","width":5000,"height":1500,"caption":"Kapitalis"},"image":{"@id":"https:\/\/kapitalis.com\/tunisie\/#\/schema\/logo\/image\/"},"sameAs":["https:\/\/www.facebook.com\/KapitalisInfo\/","https:\/\/x.com\/KapitalisInfo","https:\/\/www.youtube.com\/channel\/UC-yDYrHyfFBWWZaOw3FPg9Q"]},{"@type":"Person","@id":"https:\/\/kapitalis.com\/tunisie\/#\/schema\/person\/d71f33a9ca44f7bad4698210b480c8e9","name":"webmaster kapitalis","url":"https:\/\/kapitalis.com\/tunisie\/author\/webmaster-kapitalis\/"}]}},"_links":{"self":[{"href":"https:\/\/kapitalis.com\/tunisie\/wp-json\/wp\/v2\/posts\/157819","targetHints":{"allow":["GET"]}}],"collection":[{"href":"https:\/\/kapitalis.com\/tunisie\/wp-json\/wp\/v2\/posts"}],"about":[{"href":"https:\/\/kapitalis.com\/tunisie\/wp-json\/wp\/v2\/types\/post"}],"author":[{"embeddable":true,"href":"https:\/\/kapitalis.com\/tunisie\/wp-json\/wp\/v2\/users\/8"}],"replies":[{"embeddable":true,"href":"https:\/\/kapitalis.com\/tunisie\/wp-json\/wp\/v2\/comments?post=157819"}],"version-history":[{"count":0,"href":"https:\/\/kapitalis.com\/tunisie\/wp-json\/wp\/v2\/posts\/157819\/revisions"}],"wp:featuredmedia":[{"embeddable":true,"href":"https:\/\/kapitalis.com\/tunisie\/wp-json\/wp\/v2\/media\/157820"}],"wp:attachment":[{"href":"https:\/\/kapitalis.com\/tunisie\/wp-json\/wp\/v2\/media?parent=157819"}],"wp:term":[{"taxonomy":"category","embeddable":true,"href":"https:\/\/kapitalis.com\/tunisie\/wp-json\/wp\/v2\/categories?post=157819"},{"taxonomy":"post_tag","embeddable":true,"href":"https:\/\/kapitalis.com\/tunisie\/wp-json\/wp\/v2\/tags?post=157819"}],"curies":[{"name":"wp","href":"https:\/\/api.w.org\/{rel}","templated":true}]}}