{"id":15784651,"date":"2025-03-30T06:30:00","date_gmt":"2025-03-30T05:30:00","guid":{"rendered":"https:\/\/kapitalis.com\/tunisie\/?p=15784651"},"modified":"2025-03-30T06:59:48","modified_gmt":"2025-03-30T05:59:48","slug":"le-poeme-du-dimanche-lettre-a-ibn-hazm-de-mohammed-bennis","status":"publish","type":"post","link":"https:\/\/kapitalis.com\/tunisie\/2025\/03\/30\/le-poeme-du-dimanche-lettre-a-ibn-hazm-de-mohammed-bennis\/","title":{"rendered":"Le po\u00e8me du dimanche\u00a0| \u2018\u2018Lettre \u00e0 Ibn Hazm\u2019\u2019 de Mohammed Bennis"},"content":{"rendered":"\n<p><strong><em>N\u00e9 en 1948 \u00e0 F\u00e8s, Mohammed Bennis est po\u00e8te, essayiste et ancien professeur d\u2019universit\u00e9. L\u2019une des voix importantes de la modernit\u00e9 po\u00e9tique arabe.<\/em><\/strong><\/p>\n\n\n\n<!--more-->\n\n\n\n<p>Ancr\u00e9e dans le thourath, le patrimoine culturel arabo-musulman, marqu\u00e9e par le soufisme, sa po\u00e9sie, exigeante, \u00e0 l\u2019\u00e9criture souvent aux \u00e9lans int\u00e9rieurs profonds, est largement ouverte sur la cr\u00e9ation contemporaine mondiale.<\/p>\n\n\n\n<p>Dans <em>Le livre de l\u2019amour<\/em>, il va sur les traces du po\u00e8te andalou, Ibn Hazm (994 Cordoue-1064 Huelva), l\u2019auteur du grand livre de l\u2019amour, <em>Tawq al-Ham\u00e2ma<\/em> (Le Collier de la Colombe), relie le pr\u00e9sent au pass\u00e9, interpelle, \u00e9voque, dialogue, invoque, dans une r\u00e9sonance intime et collective, l\u2019intertextualit\u00e9 aidant.<\/p>\n\n\n\n<p class=\"has-text-align-right\"><strong>Tahar Bekri<\/strong><\/p>\n\n\n\n<p><em>En mon temps Ibn Hazm il n\u2019y a plus d\u2019affinit\u00e9<\/em><\/p>\n\n\n\n<p><em>L\u2019homme est enfoui dans le foss\u00e9 des rendez-vous<\/em><\/p>\n\n\n\n<p><em>Ou par ses pas tient-il \u00e0 d\u00e9fendre<\/em><\/p>\n\n\n\n<p><em>Des rituels<\/em><\/p>\n\n\n\n<p><em>Au lieu d\u2019\u00eatre.<\/em><\/p>\n\n\n\n<p><em>Et quand une \u00e9toile lui tombe sur l\u2019\u00e9paule et rit<\/em><\/p>\n\n\n\n<p><em>Il l\u2019\u00e9crase et s\u2019en va.<\/em><\/p>\n\n\n\n<p><em>La femme est perdue entre le gaz<\/em><\/p>\n\n\n\n<p><em>Et le s\u00e8che-cheveux qui n\u2019attend pas.<\/em><\/p>\n\n\n\n<p><em>Quand elle ouvre son armoire<\/em><\/p>\n\n\n\n<p><em>Elle oublie un astre qui l\u2019avait percut\u00e9e<\/em><\/p>\n\n\n\n<p><em>Et lui avait dit: ton baiser est d\u00e9sirable,<\/em><\/p>\n\n\n\n<p><em>et toi tu es \u00e0 moi.<\/em><\/p>\n\n\n\n<p><em>Les bus<\/em><\/p>\n\n\n\n<p><em>Et les ascenseurs seuls<\/em><\/p>\n\n\n\n<p><em>Changent la direction des rendez-vous rapides.<\/em><\/p>\n\n\n\n<p><em>Des baisers sur la joue<\/em><\/p>\n\n\n\n<p><em>Des saluts d\u2019au-revoir<\/em><\/p>\n\n\n\n<p><em>Des fragments d\u2019\u00e2mes sur le chemin.<\/em><\/p>\n\n\n\n<p><em>De temps \u00e0 autre des aveux de sang et de feu.<\/em><\/p>\n\n\n\n<p><em>Ce sont les nouvelles de notre \u00e9poque nouvelle<\/em><\/p>\n\n\n\n<p><em>L\u2019\u00e9poque de notre monde<\/em><\/p>\n\n\n\n<p><em>O\u00f9 des nations tuent des nations<\/em><\/p>\n\n\n\n<p><em>Les entrailles des innocents<\/em><\/p>\n\n\n\n<p><em>Sur les saints \u00e9crans de t\u00e9l\u00e9vision.<\/em><\/p>\n\n\n\n<p><em>Des nouvelles de sang et de feu<\/em><\/p>\n\n\n\n<p><em>Cachent \u00e0 toi et \u00e0 moi des amants morts<\/em><\/p>\n\n\n\n<p><em>Ou qui vont mourir<\/em><\/p>\n\n\n\n<p><em>Au nom du droit<\/em><\/p>\n\n\n\n<p><em>Ou de la s\u00e9curit\u00e9<\/em><\/p>\n\n\n\n<p><em>Ou de la civilisation qui se laisse aux soupirs.<\/em><\/p>\n\n\n\n<p><em>Ibn Hazm<\/em><\/p>\n\n\n\n<p><em>Par nous ensemble l\u2019Andalousie est perdue<\/em><\/p>\n\n\n\n<p><em>Cet instant qui n\u2019avoua ni temps ni espace<\/em><\/p>\n\n\n\n<p><em>Mais qui t\u2019a appris l\u2019amour<\/em><\/p>\n\n\n\n<p><em>Et m\u2019a laiss\u00e9 son d\u00e9sert.<\/em><\/p>\n\n\n\n<p><em>Grenade tombe chaque soir<\/em><\/p>\n\n\n\n<p><em>Personne ne l\u2019entoure de ses bras<\/em><\/p>\n\n\n\n<p><em>Grenade est laiss\u00e9e \u00e0 la neige<\/em><\/p>\n\n\n\n<p><em>Devant des visiteurs venant d\u2019une m\u00e9moire d\u00e9form\u00e9e<\/em><\/p>\n\n\n\n<p><em>Et Cordoue<\/em><\/p>\n\n\n\n<p><em>Dans la citadelle de l\u2019oubli r\u00e9p\u00e8te son d\u00e9lire.<\/em><\/p>\n\n\n\n<p><em><strong>(Extraits)<\/strong><\/em><\/p>\n\n\n\n<p class=\"has-text-align-right\"><em>(Traduit de l\u2019arabe par <strong>Tahar Bekri<\/strong>)<\/em><\/p>\n\n\n\n<p><strong><em>Mohammed Bennis, \u2018\u2018Kitab al-Hobb\u2019\u2019, dessins de Dhia <\/em><\/strong><strong><em>Al-Azzawi, pr\u00e9face d\u2019Adonis, Ed. Toubkal, 1994.<\/em><\/strong><strong><em><\/em><\/strong><\/p>\n\n\n\n<p><\/p>\n","protected":false},"excerpt":{"rendered":"<p>Mohammed Bennis est po\u00e8te, essayiste et ancien professeur d\u2019universit\u00e9 marocain. <\/p>\n","protected":false},"author":8,"featured_media":15784765,"comment_status":"open","ping_status":"open","sticky":false,"template":"","format":"standard","meta":{"footnotes":""},"categories":[992,994,2433],"tags":[91200,105974,121094,121093,110829,21267],"class_list":["post-15784651","post","type-post","status-publish","format-standard","has-post-thumbnail","hentry","category-a-la-une","category-culture","category-tunisie","tag-adonis","tag-fes","tag-ibn-hazm","tag-mohammed-bennis","tag-poete-marocain","tag-tahar-bekri"],"yoast_head":"<!-- This site is optimized with the Yoast SEO plugin v26.6 - https:\/\/yoast.com\/wordpress\/plugins\/seo\/ -->\n<title>Le po\u00e8me du dimanche\u00a0| \u2018\u2018Lettre \u00e0 Ibn Hazm\u2019\u2019 de Mohammed Bennis - Kapitalis<\/title>\n<meta name=\"robots\" content=\"index, follow, max-snippet:-1, max-image-preview:large, max-video-preview:-1\" \/>\n<link rel=\"canonical\" href=\"https:\/\/kapitalis.com\/tunisie\/2025\/03\/30\/le-poeme-du-dimanche-lettre-a-ibn-hazm-de-mohammed-bennis\/\" \/>\n<meta property=\"og:locale\" content=\"fr_FR\" \/>\n<meta property=\"og:type\" content=\"article\" \/>\n<meta property=\"og:title\" content=\"Le po\u00e8me du dimanche\u00a0| \u2018\u2018Lettre \u00e0 Ibn Hazm\u2019\u2019 de Mohammed Bennis - Kapitalis\" \/>\n<meta property=\"og:description\" content=\"Mohammed Bennis est po\u00e8te, essayiste et ancien professeur d\u2019universit\u00e9 marocain.\" \/>\n<meta property=\"og:url\" content=\"https:\/\/kapitalis.com\/tunisie\/2025\/03\/30\/le-poeme-du-dimanche-lettre-a-ibn-hazm-de-mohammed-bennis\/\" \/>\n<meta property=\"og:site_name\" content=\"Kapitalis\" \/>\n<meta property=\"article:publisher\" content=\"https:\/\/www.facebook.com\/KapitalisInfo\/\" \/>\n<meta property=\"article:published_time\" content=\"2025-03-30T05:30:00+00:00\" \/>\n<meta property=\"article:modified_time\" content=\"2025-03-30T05:59:48+00:00\" \/>\n<meta property=\"og:image\" content=\"https:\/\/kapitalis.com\/tunisie\/wp-content\/uploads\/2025\/03\/Mohammed-Bennys.jpg\" \/>\n\t<meta property=\"og:image:width\" content=\"1200\" \/>\n\t<meta property=\"og:image:height\" content=\"630\" \/>\n\t<meta property=\"og:image:type\" content=\"image\/jpeg\" \/>\n<meta name=\"author\" content=\"webmaster kapitalis\" \/>\n<meta name=\"twitter:card\" content=\"summary_large_image\" \/>\n<meta name=\"twitter:creator\" content=\"@KapitalisInfo\" \/>\n<meta name=\"twitter:site\" content=\"@KapitalisInfo\" \/>\n<meta name=\"twitter:label1\" content=\"\u00c9crit par\" \/>\n\t<meta name=\"twitter:data1\" content=\"webmaster kapitalis\" \/>\n\t<meta name=\"twitter:label2\" content=\"Dur\u00e9e de lecture estim\u00e9e\" \/>\n\t<meta name=\"twitter:data2\" content=\"3 minutes\" \/>\n<script type=\"application\/ld+json\" class=\"yoast-schema-graph\">{\"@context\":\"https:\/\/schema.org\",\"@graph\":[{\"@type\":\"Article\",\"@id\":\"https:\/\/kapitalis.com\/tunisie\/2025\/03\/30\/le-poeme-du-dimanche-lettre-a-ibn-hazm-de-mohammed-bennis\/#article\",\"isPartOf\":{\"@id\":\"https:\/\/kapitalis.com\/tunisie\/2025\/03\/30\/le-poeme-du-dimanche-lettre-a-ibn-hazm-de-mohammed-bennis\/\"},\"author\":{\"name\":\"webmaster kapitalis\",\"@id\":\"https:\/\/kapitalis.com\/tunisie\/#\/schema\/person\/d71f33a9ca44f7bad4698210b480c8e9\"},\"headline\":\"Le po\u00e8me du dimanche\u00a0| \u2018\u2018Lettre \u00e0 Ibn Hazm\u2019\u2019 de Mohammed Bennis\",\"datePublished\":\"2025-03-30T05:30:00+00:00\",\"dateModified\":\"2025-03-30T05:59:48+00:00\",\"mainEntityOfPage\":{\"@id\":\"https:\/\/kapitalis.com\/tunisie\/2025\/03\/30\/le-poeme-du-dimanche-lettre-a-ibn-hazm-de-mohammed-bennis\/\"},\"wordCount\":425,\"commentCount\":0,\"publisher\":{\"@id\":\"https:\/\/kapitalis.com\/tunisie\/#organization\"},\"image\":{\"@id\":\"https:\/\/kapitalis.com\/tunisie\/2025\/03\/30\/le-poeme-du-dimanche-lettre-a-ibn-hazm-de-mohammed-bennis\/#primaryimage\"},\"thumbnailUrl\":\"https:\/\/kapitalis.com\/tunisie\/wp-content\/uploads\/2025\/03\/Mohammed-Bennys.jpg\",\"keywords\":[\"Adonis\",\"F\u00e8s\",\"Ibn Hazm\",\"Mohammed Bennis\",\"po\u00e8te marocain\",\"Tahar Bekri\"],\"articleSection\":[\"A LA UNE\",\"CULTURE\",\"Tunisie\"],\"inLanguage\":\"fr-FR\",\"potentialAction\":[{\"@type\":\"CommentAction\",\"name\":\"Comment\",\"target\":[\"https:\/\/kapitalis.com\/tunisie\/2025\/03\/30\/le-poeme-du-dimanche-lettre-a-ibn-hazm-de-mohammed-bennis\/#respond\"]}]},{\"@type\":\"WebPage\",\"@id\":\"https:\/\/kapitalis.com\/tunisie\/2025\/03\/30\/le-poeme-du-dimanche-lettre-a-ibn-hazm-de-mohammed-bennis\/\",\"url\":\"https:\/\/kapitalis.com\/tunisie\/2025\/03\/30\/le-poeme-du-dimanche-lettre-a-ibn-hazm-de-mohammed-bennis\/\",\"name\":\"Le po\u00e8me du dimanche\u00a0| \u2018\u2018Lettre \u00e0 Ibn Hazm\u2019\u2019 de Mohammed Bennis - Kapitalis\",\"isPartOf\":{\"@id\":\"https:\/\/kapitalis.com\/tunisie\/#website\"},\"primaryImageOfPage\":{\"@id\":\"https:\/\/kapitalis.com\/tunisie\/2025\/03\/30\/le-poeme-du-dimanche-lettre-a-ibn-hazm-de-mohammed-bennis\/#primaryimage\"},\"image\":{\"@id\":\"https:\/\/kapitalis.com\/tunisie\/2025\/03\/30\/le-poeme-du-dimanche-lettre-a-ibn-hazm-de-mohammed-bennis\/#primaryimage\"},\"thumbnailUrl\":\"https:\/\/kapitalis.com\/tunisie\/wp-content\/uploads\/2025\/03\/Mohammed-Bennys.jpg\",\"datePublished\":\"2025-03-30T05:30:00+00:00\",\"dateModified\":\"2025-03-30T05:59:48+00:00\",\"breadcrumb\":{\"@id\":\"https:\/\/kapitalis.com\/tunisie\/2025\/03\/30\/le-poeme-du-dimanche-lettre-a-ibn-hazm-de-mohammed-bennis\/#breadcrumb\"},\"inLanguage\":\"fr-FR\",\"potentialAction\":[{\"@type\":\"ReadAction\",\"target\":[\"https:\/\/kapitalis.com\/tunisie\/2025\/03\/30\/le-poeme-du-dimanche-lettre-a-ibn-hazm-de-mohammed-bennis\/\"]}]},{\"@type\":\"ImageObject\",\"inLanguage\":\"fr-FR\",\"@id\":\"https:\/\/kapitalis.com\/tunisie\/2025\/03\/30\/le-poeme-du-dimanche-lettre-a-ibn-hazm-de-mohammed-bennis\/#primaryimage\",\"url\":\"https:\/\/kapitalis.com\/tunisie\/wp-content\/uploads\/2025\/03\/Mohammed-Bennys.jpg\",\"contentUrl\":\"https:\/\/kapitalis.com\/tunisie\/wp-content\/uploads\/2025\/03\/Mohammed-Bennys.jpg\",\"width\":1200,\"height\":630},{\"@type\":\"BreadcrumbList\",\"@id\":\"https:\/\/kapitalis.com\/tunisie\/2025\/03\/30\/le-poeme-du-dimanche-lettre-a-ibn-hazm-de-mohammed-bennis\/#breadcrumb\",\"itemListElement\":[{\"@type\":\"ListItem\",\"position\":1,\"name\":\"Accueil\",\"item\":\"https:\/\/kapitalis.com\/tunisie\/\"},{\"@type\":\"ListItem\",\"position\":2,\"name\":\"Le po\u00e8me du dimanche\u00a0| \u2018\u2018Lettre \u00e0 Ibn Hazm\u2019\u2019 de Mohammed Bennis\"}]},{\"@type\":\"WebSite\",\"@id\":\"https:\/\/kapitalis.com\/tunisie\/#website\",\"url\":\"https:\/\/kapitalis.com\/tunisie\/\",\"name\":\"Kapitalis\",\"description\":\"L&#039;actualit\u00e9 en Tunisie et dans le monde\",\"publisher\":{\"@id\":\"https:\/\/kapitalis.com\/tunisie\/#organization\"},\"potentialAction\":[{\"@type\":\"SearchAction\",\"target\":{\"@type\":\"EntryPoint\",\"urlTemplate\":\"https:\/\/kapitalis.com\/tunisie\/?s={search_term_string}\"},\"query-input\":{\"@type\":\"PropertyValueSpecification\",\"valueRequired\":true,\"valueName\":\"search_term_string\"}}],\"inLanguage\":\"fr-FR\"},{\"@type\":\"Organization\",\"@id\":\"https:\/\/kapitalis.com\/tunisie\/#organization\",\"name\":\"Kapitalis\",\"url\":\"https:\/\/kapitalis.com\/tunisie\/\",\"logo\":{\"@type\":\"ImageObject\",\"inLanguage\":\"fr-FR\",\"@id\":\"https:\/\/kapitalis.com\/tunisie\/#\/schema\/logo\/image\/\",\"url\":\"https:\/\/kapitalis.com\/tunisie\/wp-content\/uploads\/2022\/05\/Kapitalis-big-size.png\",\"contentUrl\":\"https:\/\/kapitalis.com\/tunisie\/wp-content\/uploads\/2022\/05\/Kapitalis-big-size.png\",\"width\":5000,\"height\":1500,\"caption\":\"Kapitalis\"},\"image\":{\"@id\":\"https:\/\/kapitalis.com\/tunisie\/#\/schema\/logo\/image\/\"},\"sameAs\":[\"https:\/\/www.facebook.com\/KapitalisInfo\/\",\"https:\/\/x.com\/KapitalisInfo\",\"https:\/\/www.youtube.com\/channel\/UC-yDYrHyfFBWWZaOw3FPg9Q\"]},{\"@type\":\"Person\",\"@id\":\"https:\/\/kapitalis.com\/tunisie\/#\/schema\/person\/d71f33a9ca44f7bad4698210b480c8e9\",\"name\":\"webmaster kapitalis\",\"url\":\"https:\/\/kapitalis.com\/tunisie\/author\/webmaster-kapitalis\/\"}]}<\/script>\n<!-- \/ Yoast SEO plugin. -->","yoast_head_json":{"title":"Le po\u00e8me du dimanche\u00a0| \u2018\u2018Lettre \u00e0 Ibn Hazm\u2019\u2019 de Mohammed Bennis - Kapitalis","robots":{"index":"index","follow":"follow","max-snippet":"max-snippet:-1","max-image-preview":"max-image-preview:large","max-video-preview":"max-video-preview:-1"},"canonical":"https:\/\/kapitalis.com\/tunisie\/2025\/03\/30\/le-poeme-du-dimanche-lettre-a-ibn-hazm-de-mohammed-bennis\/","og_locale":"fr_FR","og_type":"article","og_title":"Le po\u00e8me du dimanche\u00a0| \u2018\u2018Lettre \u00e0 Ibn Hazm\u2019\u2019 de Mohammed Bennis - Kapitalis","og_description":"Mohammed Bennis est po\u00e8te, essayiste et ancien professeur d\u2019universit\u00e9 marocain.","og_url":"https:\/\/kapitalis.com\/tunisie\/2025\/03\/30\/le-poeme-du-dimanche-lettre-a-ibn-hazm-de-mohammed-bennis\/","og_site_name":"Kapitalis","article_publisher":"https:\/\/www.facebook.com\/KapitalisInfo\/","article_published_time":"2025-03-30T05:30:00+00:00","article_modified_time":"2025-03-30T05:59:48+00:00","og_image":[{"width":1200,"height":630,"url":"https:\/\/kapitalis.com\/tunisie\/wp-content\/uploads\/2025\/03\/Mohammed-Bennys.jpg","type":"image\/jpeg"}],"author":"webmaster kapitalis","twitter_card":"summary_large_image","twitter_creator":"@KapitalisInfo","twitter_site":"@KapitalisInfo","twitter_misc":{"\u00c9crit par":"webmaster kapitalis","Dur\u00e9e de lecture estim\u00e9e":"3 minutes"},"schema":{"@context":"https:\/\/schema.org","@graph":[{"@type":"Article","@id":"https:\/\/kapitalis.com\/tunisie\/2025\/03\/30\/le-poeme-du-dimanche-lettre-a-ibn-hazm-de-mohammed-bennis\/#article","isPartOf":{"@id":"https:\/\/kapitalis.com\/tunisie\/2025\/03\/30\/le-poeme-du-dimanche-lettre-a-ibn-hazm-de-mohammed-bennis\/"},"author":{"name":"webmaster kapitalis","@id":"https:\/\/kapitalis.com\/tunisie\/#\/schema\/person\/d71f33a9ca44f7bad4698210b480c8e9"},"headline":"Le po\u00e8me du dimanche\u00a0| \u2018\u2018Lettre \u00e0 Ibn Hazm\u2019\u2019 de Mohammed Bennis","datePublished":"2025-03-30T05:30:00+00:00","dateModified":"2025-03-30T05:59:48+00:00","mainEntityOfPage":{"@id":"https:\/\/kapitalis.com\/tunisie\/2025\/03\/30\/le-poeme-du-dimanche-lettre-a-ibn-hazm-de-mohammed-bennis\/"},"wordCount":425,"commentCount":0,"publisher":{"@id":"https:\/\/kapitalis.com\/tunisie\/#organization"},"image":{"@id":"https:\/\/kapitalis.com\/tunisie\/2025\/03\/30\/le-poeme-du-dimanche-lettre-a-ibn-hazm-de-mohammed-bennis\/#primaryimage"},"thumbnailUrl":"https:\/\/kapitalis.com\/tunisie\/wp-content\/uploads\/2025\/03\/Mohammed-Bennys.jpg","keywords":["Adonis","F\u00e8s","Ibn Hazm","Mohammed Bennis","po\u00e8te marocain","Tahar Bekri"],"articleSection":["A LA UNE","CULTURE","Tunisie"],"inLanguage":"fr-FR","potentialAction":[{"@type":"CommentAction","name":"Comment","target":["https:\/\/kapitalis.com\/tunisie\/2025\/03\/30\/le-poeme-du-dimanche-lettre-a-ibn-hazm-de-mohammed-bennis\/#respond"]}]},{"@type":"WebPage","@id":"https:\/\/kapitalis.com\/tunisie\/2025\/03\/30\/le-poeme-du-dimanche-lettre-a-ibn-hazm-de-mohammed-bennis\/","url":"https:\/\/kapitalis.com\/tunisie\/2025\/03\/30\/le-poeme-du-dimanche-lettre-a-ibn-hazm-de-mohammed-bennis\/","name":"Le po\u00e8me du dimanche\u00a0| \u2018\u2018Lettre \u00e0 Ibn Hazm\u2019\u2019 de Mohammed Bennis - Kapitalis","isPartOf":{"@id":"https:\/\/kapitalis.com\/tunisie\/#website"},"primaryImageOfPage":{"@id":"https:\/\/kapitalis.com\/tunisie\/2025\/03\/30\/le-poeme-du-dimanche-lettre-a-ibn-hazm-de-mohammed-bennis\/#primaryimage"},"image":{"@id":"https:\/\/kapitalis.com\/tunisie\/2025\/03\/30\/le-poeme-du-dimanche-lettre-a-ibn-hazm-de-mohammed-bennis\/#primaryimage"},"thumbnailUrl":"https:\/\/kapitalis.com\/tunisie\/wp-content\/uploads\/2025\/03\/Mohammed-Bennys.jpg","datePublished":"2025-03-30T05:30:00+00:00","dateModified":"2025-03-30T05:59:48+00:00","breadcrumb":{"@id":"https:\/\/kapitalis.com\/tunisie\/2025\/03\/30\/le-poeme-du-dimanche-lettre-a-ibn-hazm-de-mohammed-bennis\/#breadcrumb"},"inLanguage":"fr-FR","potentialAction":[{"@type":"ReadAction","target":["https:\/\/kapitalis.com\/tunisie\/2025\/03\/30\/le-poeme-du-dimanche-lettre-a-ibn-hazm-de-mohammed-bennis\/"]}]},{"@type":"ImageObject","inLanguage":"fr-FR","@id":"https:\/\/kapitalis.com\/tunisie\/2025\/03\/30\/le-poeme-du-dimanche-lettre-a-ibn-hazm-de-mohammed-bennis\/#primaryimage","url":"https:\/\/kapitalis.com\/tunisie\/wp-content\/uploads\/2025\/03\/Mohammed-Bennys.jpg","contentUrl":"https:\/\/kapitalis.com\/tunisie\/wp-content\/uploads\/2025\/03\/Mohammed-Bennys.jpg","width":1200,"height":630},{"@type":"BreadcrumbList","@id":"https:\/\/kapitalis.com\/tunisie\/2025\/03\/30\/le-poeme-du-dimanche-lettre-a-ibn-hazm-de-mohammed-bennis\/#breadcrumb","itemListElement":[{"@type":"ListItem","position":1,"name":"Accueil","item":"https:\/\/kapitalis.com\/tunisie\/"},{"@type":"ListItem","position":2,"name":"Le po\u00e8me du dimanche\u00a0| \u2018\u2018Lettre \u00e0 Ibn Hazm\u2019\u2019 de Mohammed Bennis"}]},{"@type":"WebSite","@id":"https:\/\/kapitalis.com\/tunisie\/#website","url":"https:\/\/kapitalis.com\/tunisie\/","name":"Kapitalis","description":"L&#039;actualit\u00e9 en Tunisie et dans le monde","publisher":{"@id":"https:\/\/kapitalis.com\/tunisie\/#organization"},"potentialAction":[{"@type":"SearchAction","target":{"@type":"EntryPoint","urlTemplate":"https:\/\/kapitalis.com\/tunisie\/?s={search_term_string}"},"query-input":{"@type":"PropertyValueSpecification","valueRequired":true,"valueName":"search_term_string"}}],"inLanguage":"fr-FR"},{"@type":"Organization","@id":"https:\/\/kapitalis.com\/tunisie\/#organization","name":"Kapitalis","url":"https:\/\/kapitalis.com\/tunisie\/","logo":{"@type":"ImageObject","inLanguage":"fr-FR","@id":"https:\/\/kapitalis.com\/tunisie\/#\/schema\/logo\/image\/","url":"https:\/\/kapitalis.com\/tunisie\/wp-content\/uploads\/2022\/05\/Kapitalis-big-size.png","contentUrl":"https:\/\/kapitalis.com\/tunisie\/wp-content\/uploads\/2022\/05\/Kapitalis-big-size.png","width":5000,"height":1500,"caption":"Kapitalis"},"image":{"@id":"https:\/\/kapitalis.com\/tunisie\/#\/schema\/logo\/image\/"},"sameAs":["https:\/\/www.facebook.com\/KapitalisInfo\/","https:\/\/x.com\/KapitalisInfo","https:\/\/www.youtube.com\/channel\/UC-yDYrHyfFBWWZaOw3FPg9Q"]},{"@type":"Person","@id":"https:\/\/kapitalis.com\/tunisie\/#\/schema\/person\/d71f33a9ca44f7bad4698210b480c8e9","name":"webmaster kapitalis","url":"https:\/\/kapitalis.com\/tunisie\/author\/webmaster-kapitalis\/"}]}},"_links":{"self":[{"href":"https:\/\/kapitalis.com\/tunisie\/wp-json\/wp\/v2\/posts\/15784651","targetHints":{"allow":["GET"]}}],"collection":[{"href":"https:\/\/kapitalis.com\/tunisie\/wp-json\/wp\/v2\/posts"}],"about":[{"href":"https:\/\/kapitalis.com\/tunisie\/wp-json\/wp\/v2\/types\/post"}],"author":[{"embeddable":true,"href":"https:\/\/kapitalis.com\/tunisie\/wp-json\/wp\/v2\/users\/8"}],"replies":[{"embeddable":true,"href":"https:\/\/kapitalis.com\/tunisie\/wp-json\/wp\/v2\/comments?post=15784651"}],"version-history":[{"count":4,"href":"https:\/\/kapitalis.com\/tunisie\/wp-json\/wp\/v2\/posts\/15784651\/revisions"}],"predecessor-version":[{"id":16035725,"href":"https:\/\/kapitalis.com\/tunisie\/wp-json\/wp\/v2\/posts\/15784651\/revisions\/16035725"}],"wp:featuredmedia":[{"embeddable":true,"href":"https:\/\/kapitalis.com\/tunisie\/wp-json\/wp\/v2\/media\/15784765"}],"wp:attachment":[{"href":"https:\/\/kapitalis.com\/tunisie\/wp-json\/wp\/v2\/media?parent=15784651"}],"wp:term":[{"taxonomy":"category","embeddable":true,"href":"https:\/\/kapitalis.com\/tunisie\/wp-json\/wp\/v2\/categories?post=15784651"},{"taxonomy":"post_tag","embeddable":true,"href":"https:\/\/kapitalis.com\/tunisie\/wp-json\/wp\/v2\/tags?post=15784651"}],"curies":[{"name":"wp","href":"https:\/\/api.w.org\/{rel}","templated":true}]}}