{"id":15785967,"date":"2025-03-04T12:35:05","date_gmt":"2025-03-04T11:35:05","guid":{"rendered":"https:\/\/kapitalis.com\/tunisie\/?p=15785967"},"modified":"2025-03-04T12:42:41","modified_gmt":"2025-03-04T11:42:41","slug":"ouverture-de-la-1ere-clinique-psychiatrique-privee-en-tunisie","status":"publish","type":"post","link":"https:\/\/kapitalis.com\/tunisie\/2025\/03\/04\/ouverture-de-la-1ere-clinique-psychiatrique-privee-en-tunisie\/","title":{"rendered":"Ouverture de la 1\u00e8re clinique psychiatrique priv\u00e9e en Tunisie"},"content":{"rendered":"\n<p><strong><em>Clinique Averroes, la premi\u00e8re clinique psychiatrique priv\u00e9e en Tunisie a r\u00e9cemment ouvert ses portes \u00e0 Tunis, renfor\u00e7ant le syst\u00e8me de sant\u00e9 mentale tunisien, auparavant confi\u00e9 exclusivement \u00e0 l\u2019h\u00f4pital public Razi de la Manouba pour l\u2019assistance psychiatrique et psychologique.<\/em><\/strong><\/p>\n\n\n\n<!--more-->\n\n\n\n<p>Class\u00e9e \u00e9tablissement m\u00e9dical mono-sp\u00e9cialis\u00e9 selon le cadre r\u00e9glementaire du minist\u00e8re de la Sant\u00e9, la nouvelle clinique, d&rsquo;une capacit\u00e9 d&rsquo;accueil de 25 lits, est la premi\u00e8re institution priv\u00e9e \u00e0 offrir des services psychiatriques complets.<\/p>\n\n\n\n<p>Dans une interview accord\u00e9e \u00e0 l\u2019agence de presse Tap, le fondateur de la clinique, la psychiatre Afef Charrad Karaoud, a d\u00e9clar\u00e9 que l\u2019\u00e9tablissement propose une large gamme de services th\u00e9rapeutiques, notamment des soins psychiatriques d\u2019urgence pour les patients en d\u00e9tresse grave, des consultations et des diagnostics psychologiques, ainsi qu\u2019un traitement hospitalier d\u2019une capacit\u00e9 allant jusqu\u2019\u00e0 25 lits. Elle a soulign\u00e9 que l\u2019objectif principal de la cr\u00e9ation de la clinique est de cr\u00e9er un environnement s\u00fbr et favorable pour les patients et leurs familles, en particulier \u00e0 la lumi\u00e8re de la capacit\u00e9 limit\u00e9e de l\u2019h\u00f4pital Razi, qui peine \u00e0 r\u00e9pondre \u00e0 la demande nationale croissante de services de sant\u00e9 mentale.<em><\/em><\/p>\n\n\n\n<p><em>\u00abL\u2019id\u00e9e me trotte dans la t\u00eate depuis que je suis entr\u00e9e dans le domaine de la psychiatrie, inspir\u00e9e par l\u2019h\u00e9ritage d\u2019Aziza Othmana <\/em>[1606-1669]<em>, qui fut la premi\u00e8re \u00e0 cr\u00e9er un refuge pour patients psychiatriques en Tunisie\u00bb<\/em>, a d\u00e9clar\u00e9 la praticienne, expliquant la motivation de cette initiative. <em>\u00abLa soci\u00e9t\u00e9 continue de stigmatiser les personnes atteintes de maladie mentale, certaines familles les reniant m\u00eame ou choisissant de les isoler de la communaut\u00e9\u00bb<\/em>, a-t-elle soulign\u00e9, ajoutant qu\u2019elle a <em>\u00abtoujours \u00e9t\u00e9 profond\u00e9ment \u00e9mue par l\u2019h\u00e9ritage d\u2019Aziza Othmana\u00bb<\/em>.<\/p>\n\n\n<div class=\"wp-block-image\">\n<figure class=\"aligncenter size-full\"><img loading=\"lazy\" decoding=\"async\" width=\"800\" height=\"500\" src=\"https:\/\/kapitalis.com\/tunisie\/wp-content\/uploads\/2025\/03\/Clinique-Averroes-1.jpg\" alt=\"\" class=\"wp-image-15786418\" srcset=\"https:\/\/kapitalis.com\/tunisie\/wp-content\/uploads\/2025\/03\/Clinique-Averroes-1.jpg 800w, https:\/\/kapitalis.com\/tunisie\/wp-content\/uploads\/2025\/03\/Clinique-Averroes-1-300x188.jpg 300w, https:\/\/kapitalis.com\/tunisie\/wp-content\/uploads\/2025\/03\/Clinique-Averroes-1-768x480.jpg 768w, https:\/\/kapitalis.com\/tunisie\/wp-content\/uploads\/2025\/03\/Clinique-Averroes-1-580x363.jpg 580w\" sizes=\"auto, (max-width: 800px) 100vw, 800px\" \/><\/figure>\n<\/div>\n\n\n<p><em>\u00abCelle-ci occupait une position importante dans la soci\u00e9t\u00e9 tunisienne et \u00e9tait une pionni\u00e8re dans l<\/em><em>\u2019<\/em><em>accueil des patients psychiatriques \u00e0 une \u00e9poque o\u00f9 ils \u00e9taient largement marginalis\u00e9s. Malheureusement, la maladie mentale reste un sujet tabou dans notre soci\u00e9t\u00e9, m\u00eame au sein des familles, o\u00f9 les personnes atteintes sont souvent cach\u00e9es ou ignor\u00e9es apr\u00e8s le d\u00e9c\u00e8s de leurs parents\u00bb<\/em>, explique Dr Charrad.<\/p>\n\n\n\n<p><em>\u00abJ<\/em><em>\u2019<\/em><em>ai souvent rencontr\u00e9 ce d\u00e9fi dans ma pratique. Des parents viennent me voir, boulevers\u00e9s par les troubles psychologiques ou les tentatives de suicide de leurs enfants, mais refusent leur admission \u00e0 l<\/em><em>\u2019<\/em><em>h\u00f4pital par peur de la stigmatisation sociale. Cette clinique a \u00e9t\u00e9 cr\u00e9\u00e9e comme une solution alternative, offrant des soins m\u00e9dicaux complets dans un environnement s\u00fbr et digne\u00bb<\/em>, a-t-elle ajout\u00e9.<\/p>\n","protected":false},"excerpt":{"rendered":"<p>Clinique Averroes, la premi\u00e8re clinique psychiatrique priv\u00e9e en Tunisie a r\u00e9cemment ouvert ses portes \u00e0 Tunis,<\/p>\n","protected":false},"author":8,"featured_media":15786143,"comment_status":"open","ping_status":"open","sticky":false,"template":"","format":"standard","meta":{"footnotes":""},"categories":[998,2433],"tags":[121095,94995,121097,121096,17946,571],"class_list":["post-15785967","post","type-post","status-publish","format-standard","has-post-thumbnail","hentry","category-societe","category-tunisie","tag-afef-charrad-karaoud","tag-aziza-othmana","tag-clinique-averroes","tag-clinique-psychiatrique","tag-hopital-razi","tag-manouba"],"yoast_head":"<!-- This site is optimized with the Yoast SEO plugin v26.6 - https:\/\/yoast.com\/wordpress\/plugins\/seo\/ -->\n<title>Ouverture de la 1\u00e8re clinique psychiatrique priv\u00e9e en Tunisie - Kapitalis<\/title>\n<meta name=\"robots\" content=\"index, follow, max-snippet:-1, max-image-preview:large, max-video-preview:-1\" \/>\n<link rel=\"canonical\" href=\"https:\/\/kapitalis.com\/tunisie\/2025\/03\/04\/ouverture-de-la-1ere-clinique-psychiatrique-privee-en-tunisie\/\" \/>\n<meta property=\"og:locale\" content=\"fr_FR\" \/>\n<meta property=\"og:type\" content=\"article\" \/>\n<meta property=\"og:title\" content=\"Ouverture de la 1\u00e8re clinique psychiatrique priv\u00e9e en Tunisie - Kapitalis\" \/>\n<meta property=\"og:description\" content=\"Clinique Averroes, la premi\u00e8re clinique psychiatrique priv\u00e9e en Tunisie a r\u00e9cemment ouvert ses portes \u00e0 Tunis,\" \/>\n<meta property=\"og:url\" content=\"https:\/\/kapitalis.com\/tunisie\/2025\/03\/04\/ouverture-de-la-1ere-clinique-psychiatrique-privee-en-tunisie\/\" \/>\n<meta property=\"og:site_name\" content=\"Kapitalis\" \/>\n<meta property=\"article:publisher\" content=\"https:\/\/www.facebook.com\/KapitalisInfo\/\" \/>\n<meta property=\"article:published_time\" content=\"2025-03-04T11:35:05+00:00\" \/>\n<meta property=\"article:modified_time\" content=\"2025-03-04T11:42:41+00:00\" \/>\n<meta property=\"og:image\" content=\"https:\/\/kapitalis.com\/tunisie\/wp-content\/uploads\/2025\/03\/Clinique-Averroes.jpg\" \/>\n\t<meta property=\"og:image:width\" content=\"1200\" \/>\n\t<meta property=\"og:image:height\" content=\"630\" \/>\n\t<meta property=\"og:image:type\" content=\"image\/jpeg\" \/>\n<meta name=\"author\" content=\"webmaster kapitalis\" \/>\n<meta name=\"twitter:card\" content=\"summary_large_image\" \/>\n<meta name=\"twitter:creator\" content=\"@KapitalisInfo\" \/>\n<meta name=\"twitter:site\" content=\"@KapitalisInfo\" \/>\n<meta name=\"twitter:label1\" content=\"\u00c9crit par\" \/>\n\t<meta name=\"twitter:data1\" content=\"webmaster kapitalis\" \/>\n\t<meta name=\"twitter:label2\" content=\"Dur\u00e9e de lecture estim\u00e9e\" \/>\n\t<meta name=\"twitter:data2\" content=\"3 minutes\" \/>\n<script type=\"application\/ld+json\" class=\"yoast-schema-graph\">{\"@context\":\"https:\/\/schema.org\",\"@graph\":[{\"@type\":\"Article\",\"@id\":\"https:\/\/kapitalis.com\/tunisie\/2025\/03\/04\/ouverture-de-la-1ere-clinique-psychiatrique-privee-en-tunisie\/#article\",\"isPartOf\":{\"@id\":\"https:\/\/kapitalis.com\/tunisie\/2025\/03\/04\/ouverture-de-la-1ere-clinique-psychiatrique-privee-en-tunisie\/\"},\"author\":{\"name\":\"webmaster kapitalis\",\"@id\":\"https:\/\/kapitalis.com\/tunisie\/#\/schema\/person\/d71f33a9ca44f7bad4698210b480c8e9\"},\"headline\":\"Ouverture de la 1\u00e8re clinique psychiatrique priv\u00e9e en Tunisie\",\"datePublished\":\"2025-03-04T11:35:05+00:00\",\"dateModified\":\"2025-03-04T11:42:41+00:00\",\"mainEntityOfPage\":{\"@id\":\"https:\/\/kapitalis.com\/tunisie\/2025\/03\/04\/ouverture-de-la-1ere-clinique-psychiatrique-privee-en-tunisie\/\"},\"wordCount\":451,\"commentCount\":0,\"publisher\":{\"@id\":\"https:\/\/kapitalis.com\/tunisie\/#organization\"},\"image\":{\"@id\":\"https:\/\/kapitalis.com\/tunisie\/2025\/03\/04\/ouverture-de-la-1ere-clinique-psychiatrique-privee-en-tunisie\/#primaryimage\"},\"thumbnailUrl\":\"https:\/\/kapitalis.com\/tunisie\/wp-content\/uploads\/2025\/03\/Clinique-Averroes.jpg\",\"keywords\":[\"Afef Charrad Karaoud\",\"aziza othmana\",\"Clinique Averroes\",\"clinique psychiatrique\",\"h\u00f4pital Razi\",\"Manouba\"],\"articleSection\":[\"SOCIETE\",\"Tunisie\"],\"inLanguage\":\"fr-FR\",\"potentialAction\":[{\"@type\":\"CommentAction\",\"name\":\"Comment\",\"target\":[\"https:\/\/kapitalis.com\/tunisie\/2025\/03\/04\/ouverture-de-la-1ere-clinique-psychiatrique-privee-en-tunisie\/#respond\"]}]},{\"@type\":\"WebPage\",\"@id\":\"https:\/\/kapitalis.com\/tunisie\/2025\/03\/04\/ouverture-de-la-1ere-clinique-psychiatrique-privee-en-tunisie\/\",\"url\":\"https:\/\/kapitalis.com\/tunisie\/2025\/03\/04\/ouverture-de-la-1ere-clinique-psychiatrique-privee-en-tunisie\/\",\"name\":\"Ouverture de la 1\u00e8re clinique psychiatrique priv\u00e9e en Tunisie - Kapitalis\",\"isPartOf\":{\"@id\":\"https:\/\/kapitalis.com\/tunisie\/#website\"},\"primaryImageOfPage\":{\"@id\":\"https:\/\/kapitalis.com\/tunisie\/2025\/03\/04\/ouverture-de-la-1ere-clinique-psychiatrique-privee-en-tunisie\/#primaryimage\"},\"image\":{\"@id\":\"https:\/\/kapitalis.com\/tunisie\/2025\/03\/04\/ouverture-de-la-1ere-clinique-psychiatrique-privee-en-tunisie\/#primaryimage\"},\"thumbnailUrl\":\"https:\/\/kapitalis.com\/tunisie\/wp-content\/uploads\/2025\/03\/Clinique-Averroes.jpg\",\"datePublished\":\"2025-03-04T11:35:05+00:00\",\"dateModified\":\"2025-03-04T11:42:41+00:00\",\"breadcrumb\":{\"@id\":\"https:\/\/kapitalis.com\/tunisie\/2025\/03\/04\/ouverture-de-la-1ere-clinique-psychiatrique-privee-en-tunisie\/#breadcrumb\"},\"inLanguage\":\"fr-FR\",\"potentialAction\":[{\"@type\":\"ReadAction\",\"target\":[\"https:\/\/kapitalis.com\/tunisie\/2025\/03\/04\/ouverture-de-la-1ere-clinique-psychiatrique-privee-en-tunisie\/\"]}]},{\"@type\":\"ImageObject\",\"inLanguage\":\"fr-FR\",\"@id\":\"https:\/\/kapitalis.com\/tunisie\/2025\/03\/04\/ouverture-de-la-1ere-clinique-psychiatrique-privee-en-tunisie\/#primaryimage\",\"url\":\"https:\/\/kapitalis.com\/tunisie\/wp-content\/uploads\/2025\/03\/Clinique-Averroes.jpg\",\"contentUrl\":\"https:\/\/kapitalis.com\/tunisie\/wp-content\/uploads\/2025\/03\/Clinique-Averroes.jpg\",\"width\":1200,\"height\":630},{\"@type\":\"BreadcrumbList\",\"@id\":\"https:\/\/kapitalis.com\/tunisie\/2025\/03\/04\/ouverture-de-la-1ere-clinique-psychiatrique-privee-en-tunisie\/#breadcrumb\",\"itemListElement\":[{\"@type\":\"ListItem\",\"position\":1,\"name\":\"Accueil\",\"item\":\"https:\/\/kapitalis.com\/tunisie\/\"},{\"@type\":\"ListItem\",\"position\":2,\"name\":\"Ouverture de la 1\u00e8re clinique psychiatrique priv\u00e9e en Tunisie\"}]},{\"@type\":\"WebSite\",\"@id\":\"https:\/\/kapitalis.com\/tunisie\/#website\",\"url\":\"https:\/\/kapitalis.com\/tunisie\/\",\"name\":\"Kapitalis\",\"description\":\"L&#039;actualit\u00e9 en Tunisie et dans le monde\",\"publisher\":{\"@id\":\"https:\/\/kapitalis.com\/tunisie\/#organization\"},\"potentialAction\":[{\"@type\":\"SearchAction\",\"target\":{\"@type\":\"EntryPoint\",\"urlTemplate\":\"https:\/\/kapitalis.com\/tunisie\/?s={search_term_string}\"},\"query-input\":{\"@type\":\"PropertyValueSpecification\",\"valueRequired\":true,\"valueName\":\"search_term_string\"}}],\"inLanguage\":\"fr-FR\"},{\"@type\":\"Organization\",\"@id\":\"https:\/\/kapitalis.com\/tunisie\/#organization\",\"name\":\"Kapitalis\",\"url\":\"https:\/\/kapitalis.com\/tunisie\/\",\"logo\":{\"@type\":\"ImageObject\",\"inLanguage\":\"fr-FR\",\"@id\":\"https:\/\/kapitalis.com\/tunisie\/#\/schema\/logo\/image\/\",\"url\":\"https:\/\/kapitalis.com\/tunisie\/wp-content\/uploads\/2022\/05\/Kapitalis-big-size.png\",\"contentUrl\":\"https:\/\/kapitalis.com\/tunisie\/wp-content\/uploads\/2022\/05\/Kapitalis-big-size.png\",\"width\":5000,\"height\":1500,\"caption\":\"Kapitalis\"},\"image\":{\"@id\":\"https:\/\/kapitalis.com\/tunisie\/#\/schema\/logo\/image\/\"},\"sameAs\":[\"https:\/\/www.facebook.com\/KapitalisInfo\/\",\"https:\/\/x.com\/KapitalisInfo\",\"https:\/\/www.youtube.com\/channel\/UC-yDYrHyfFBWWZaOw3FPg9Q\"]},{\"@type\":\"Person\",\"@id\":\"https:\/\/kapitalis.com\/tunisie\/#\/schema\/person\/d71f33a9ca44f7bad4698210b480c8e9\",\"name\":\"webmaster kapitalis\",\"url\":\"https:\/\/kapitalis.com\/tunisie\/author\/webmaster-kapitalis\/\"}]}<\/script>\n<!-- \/ Yoast SEO plugin. -->","yoast_head_json":{"title":"Ouverture de la 1\u00e8re clinique psychiatrique priv\u00e9e en Tunisie - Kapitalis","robots":{"index":"index","follow":"follow","max-snippet":"max-snippet:-1","max-image-preview":"max-image-preview:large","max-video-preview":"max-video-preview:-1"},"canonical":"https:\/\/kapitalis.com\/tunisie\/2025\/03\/04\/ouverture-de-la-1ere-clinique-psychiatrique-privee-en-tunisie\/","og_locale":"fr_FR","og_type":"article","og_title":"Ouverture de la 1\u00e8re clinique psychiatrique priv\u00e9e en Tunisie - Kapitalis","og_description":"Clinique Averroes, la premi\u00e8re clinique psychiatrique priv\u00e9e en Tunisie a r\u00e9cemment ouvert ses portes \u00e0 Tunis,","og_url":"https:\/\/kapitalis.com\/tunisie\/2025\/03\/04\/ouverture-de-la-1ere-clinique-psychiatrique-privee-en-tunisie\/","og_site_name":"Kapitalis","article_publisher":"https:\/\/www.facebook.com\/KapitalisInfo\/","article_published_time":"2025-03-04T11:35:05+00:00","article_modified_time":"2025-03-04T11:42:41+00:00","og_image":[{"width":1200,"height":630,"url":"https:\/\/kapitalis.com\/tunisie\/wp-content\/uploads\/2025\/03\/Clinique-Averroes.jpg","type":"image\/jpeg"}],"author":"webmaster kapitalis","twitter_card":"summary_large_image","twitter_creator":"@KapitalisInfo","twitter_site":"@KapitalisInfo","twitter_misc":{"\u00c9crit par":"webmaster kapitalis","Dur\u00e9e de lecture estim\u00e9e":"3 minutes"},"schema":{"@context":"https:\/\/schema.org","@graph":[{"@type":"Article","@id":"https:\/\/kapitalis.com\/tunisie\/2025\/03\/04\/ouverture-de-la-1ere-clinique-psychiatrique-privee-en-tunisie\/#article","isPartOf":{"@id":"https:\/\/kapitalis.com\/tunisie\/2025\/03\/04\/ouverture-de-la-1ere-clinique-psychiatrique-privee-en-tunisie\/"},"author":{"name":"webmaster kapitalis","@id":"https:\/\/kapitalis.com\/tunisie\/#\/schema\/person\/d71f33a9ca44f7bad4698210b480c8e9"},"headline":"Ouverture de la 1\u00e8re clinique psychiatrique priv\u00e9e en Tunisie","datePublished":"2025-03-04T11:35:05+00:00","dateModified":"2025-03-04T11:42:41+00:00","mainEntityOfPage":{"@id":"https:\/\/kapitalis.com\/tunisie\/2025\/03\/04\/ouverture-de-la-1ere-clinique-psychiatrique-privee-en-tunisie\/"},"wordCount":451,"commentCount":0,"publisher":{"@id":"https:\/\/kapitalis.com\/tunisie\/#organization"},"image":{"@id":"https:\/\/kapitalis.com\/tunisie\/2025\/03\/04\/ouverture-de-la-1ere-clinique-psychiatrique-privee-en-tunisie\/#primaryimage"},"thumbnailUrl":"https:\/\/kapitalis.com\/tunisie\/wp-content\/uploads\/2025\/03\/Clinique-Averroes.jpg","keywords":["Afef Charrad Karaoud","aziza othmana","Clinique Averroes","clinique psychiatrique","h\u00f4pital Razi","Manouba"],"articleSection":["SOCIETE","Tunisie"],"inLanguage":"fr-FR","potentialAction":[{"@type":"CommentAction","name":"Comment","target":["https:\/\/kapitalis.com\/tunisie\/2025\/03\/04\/ouverture-de-la-1ere-clinique-psychiatrique-privee-en-tunisie\/#respond"]}]},{"@type":"WebPage","@id":"https:\/\/kapitalis.com\/tunisie\/2025\/03\/04\/ouverture-de-la-1ere-clinique-psychiatrique-privee-en-tunisie\/","url":"https:\/\/kapitalis.com\/tunisie\/2025\/03\/04\/ouverture-de-la-1ere-clinique-psychiatrique-privee-en-tunisie\/","name":"Ouverture de la 1\u00e8re clinique psychiatrique priv\u00e9e en Tunisie - Kapitalis","isPartOf":{"@id":"https:\/\/kapitalis.com\/tunisie\/#website"},"primaryImageOfPage":{"@id":"https:\/\/kapitalis.com\/tunisie\/2025\/03\/04\/ouverture-de-la-1ere-clinique-psychiatrique-privee-en-tunisie\/#primaryimage"},"image":{"@id":"https:\/\/kapitalis.com\/tunisie\/2025\/03\/04\/ouverture-de-la-1ere-clinique-psychiatrique-privee-en-tunisie\/#primaryimage"},"thumbnailUrl":"https:\/\/kapitalis.com\/tunisie\/wp-content\/uploads\/2025\/03\/Clinique-Averroes.jpg","datePublished":"2025-03-04T11:35:05+00:00","dateModified":"2025-03-04T11:42:41+00:00","breadcrumb":{"@id":"https:\/\/kapitalis.com\/tunisie\/2025\/03\/04\/ouverture-de-la-1ere-clinique-psychiatrique-privee-en-tunisie\/#breadcrumb"},"inLanguage":"fr-FR","potentialAction":[{"@type":"ReadAction","target":["https:\/\/kapitalis.com\/tunisie\/2025\/03\/04\/ouverture-de-la-1ere-clinique-psychiatrique-privee-en-tunisie\/"]}]},{"@type":"ImageObject","inLanguage":"fr-FR","@id":"https:\/\/kapitalis.com\/tunisie\/2025\/03\/04\/ouverture-de-la-1ere-clinique-psychiatrique-privee-en-tunisie\/#primaryimage","url":"https:\/\/kapitalis.com\/tunisie\/wp-content\/uploads\/2025\/03\/Clinique-Averroes.jpg","contentUrl":"https:\/\/kapitalis.com\/tunisie\/wp-content\/uploads\/2025\/03\/Clinique-Averroes.jpg","width":1200,"height":630},{"@type":"BreadcrumbList","@id":"https:\/\/kapitalis.com\/tunisie\/2025\/03\/04\/ouverture-de-la-1ere-clinique-psychiatrique-privee-en-tunisie\/#breadcrumb","itemListElement":[{"@type":"ListItem","position":1,"name":"Accueil","item":"https:\/\/kapitalis.com\/tunisie\/"},{"@type":"ListItem","position":2,"name":"Ouverture de la 1\u00e8re clinique psychiatrique priv\u00e9e en Tunisie"}]},{"@type":"WebSite","@id":"https:\/\/kapitalis.com\/tunisie\/#website","url":"https:\/\/kapitalis.com\/tunisie\/","name":"Kapitalis","description":"L&#039;actualit\u00e9 en Tunisie et dans le monde","publisher":{"@id":"https:\/\/kapitalis.com\/tunisie\/#organization"},"potentialAction":[{"@type":"SearchAction","target":{"@type":"EntryPoint","urlTemplate":"https:\/\/kapitalis.com\/tunisie\/?s={search_term_string}"},"query-input":{"@type":"PropertyValueSpecification","valueRequired":true,"valueName":"search_term_string"}}],"inLanguage":"fr-FR"},{"@type":"Organization","@id":"https:\/\/kapitalis.com\/tunisie\/#organization","name":"Kapitalis","url":"https:\/\/kapitalis.com\/tunisie\/","logo":{"@type":"ImageObject","inLanguage":"fr-FR","@id":"https:\/\/kapitalis.com\/tunisie\/#\/schema\/logo\/image\/","url":"https:\/\/kapitalis.com\/tunisie\/wp-content\/uploads\/2022\/05\/Kapitalis-big-size.png","contentUrl":"https:\/\/kapitalis.com\/tunisie\/wp-content\/uploads\/2022\/05\/Kapitalis-big-size.png","width":5000,"height":1500,"caption":"Kapitalis"},"image":{"@id":"https:\/\/kapitalis.com\/tunisie\/#\/schema\/logo\/image\/"},"sameAs":["https:\/\/www.facebook.com\/KapitalisInfo\/","https:\/\/x.com\/KapitalisInfo","https:\/\/www.youtube.com\/channel\/UC-yDYrHyfFBWWZaOw3FPg9Q"]},{"@type":"Person","@id":"https:\/\/kapitalis.com\/tunisie\/#\/schema\/person\/d71f33a9ca44f7bad4698210b480c8e9","name":"webmaster kapitalis","url":"https:\/\/kapitalis.com\/tunisie\/author\/webmaster-kapitalis\/"}]}},"_links":{"self":[{"href":"https:\/\/kapitalis.com\/tunisie\/wp-json\/wp\/v2\/posts\/15785967","targetHints":{"allow":["GET"]}}],"collection":[{"href":"https:\/\/kapitalis.com\/tunisie\/wp-json\/wp\/v2\/posts"}],"about":[{"href":"https:\/\/kapitalis.com\/tunisie\/wp-json\/wp\/v2\/types\/post"}],"author":[{"embeddable":true,"href":"https:\/\/kapitalis.com\/tunisie\/wp-json\/wp\/v2\/users\/8"}],"replies":[{"embeddable":true,"href":"https:\/\/kapitalis.com\/tunisie\/wp-json\/wp\/v2\/comments?post=15785967"}],"version-history":[{"count":3,"href":"https:\/\/kapitalis.com\/tunisie\/wp-json\/wp\/v2\/posts\/15785967\/revisions"}],"predecessor-version":[{"id":15786440,"href":"https:\/\/kapitalis.com\/tunisie\/wp-json\/wp\/v2\/posts\/15785967\/revisions\/15786440"}],"wp:featuredmedia":[{"embeddable":true,"href":"https:\/\/kapitalis.com\/tunisie\/wp-json\/wp\/v2\/media\/15786143"}],"wp:attachment":[{"href":"https:\/\/kapitalis.com\/tunisie\/wp-json\/wp\/v2\/media?parent=15785967"}],"wp:term":[{"taxonomy":"category","embeddable":true,"href":"https:\/\/kapitalis.com\/tunisie\/wp-json\/wp\/v2\/categories?post=15785967"},{"taxonomy":"post_tag","embeddable":true,"href":"https:\/\/kapitalis.com\/tunisie\/wp-json\/wp\/v2\/tags?post=15785967"}],"curies":[{"name":"wp","href":"https:\/\/api.w.org\/{rel}","templated":true}]}}