{"id":15793363,"date":"2025-03-04T22:12:43","date_gmt":"2025-03-04T21:12:43","guid":{"rendered":"https:\/\/kapitalis.com\/tunisie\/?p=15793363"},"modified":"2025-03-04T22:30:31","modified_gmt":"2025-03-04T21:30:31","slug":"ghalia-benali-presente-hadret-ishq-au-festival-de-la-medina-de-tunis","status":"publish","type":"post","link":"https:\/\/kapitalis.com\/tunisie\/2025\/03\/04\/ghalia-benali-presente-hadret-ishq-au-festival-de-la-medina-de-tunis\/","title":{"rendered":"Ghalia Benali pr\u00e9sente \u00ab Hadret Ishq \u00bb au Festival de la M\u00e9dina de Tunis"},"content":{"rendered":"\n<p><strong><em>L&rsquo;artiste belgo-tunisienne Ghalia Benali est attendue, le 7 mars 2025 au Th\u00e9\u00e2tre Municipal de Tunis, \u00e0 la 41e \u00e9dition du Festival de la M\u00e9dina.<\/em><\/strong><\/p>\n\n\n\n<!--more-->\n\n\n\n<p>Ghalia Benali pr\u00e9sentera \u00ab Hadret Ishq \u00bb et sera accompagn\u00e9e de musiciens belges et tunisiens : <em>\u00ab Nous pr\u00e9senterons les Rubaiyat de Omar Khayam mais aussi des po\u00e9sies tunisiennes contemporaines<\/em> \u00bb, a-t-elle annonc\u00e9 sur sa page Facebook.<\/p>\n\n\n\n<p>Le Festival de la M\u00e9dina est un \u00e9v\u00e9nement embl\u00e9matique, organis\u00e9 chaque ann\u00e9e durant le mois de Ramadan offrant des spectacles de musique, de chants soufis, de fusion des genres\u2026 Les organisateurs promettent par ailleurs une 41e \u00e9dition \u00ab riches en belles d\u00e9couvertes musicales\u00bb.<\/p>\n\n\n\n<p class=\"has-text-align-right\"><strong>Y. N.<\/strong><\/p>\n","protected":false},"excerpt":{"rendered":"<p>L&rsquo;artiste belgo-tunisienne Ghalia Benali est attendue, le 7 mars 2025 au Th\u00e9\u00e2tre Municipal de Tunis, \u00e0 la 41e \u00e9dition du Festival de la M\u00e9dina.<\/p>\n","protected":false},"author":6,"featured_media":15793405,"comment_status":"open","ping_status":"open","sticky":false,"template":"","format":"standard","meta":{"footnotes":""},"categories":[994,2433],"tags":[99259,121099,6474,62643],"class_list":["post-15793363","post","type-post","status-publish","format-standard","has-post-thumbnail","hentry","category-culture","category-tunisie","tag-festival-de-la-medina-2","tag-hadret-ishq","tag-theatre-municipal-de-tunis","tag-tunisie"],"yoast_head":"<!-- This site is optimized with the Yoast SEO plugin v26.6 - https:\/\/yoast.com\/wordpress\/plugins\/seo\/ -->\n<title>Ghalia Benali pr\u00e9sente \u00ab Hadret Ishq \u00bb au Festival de la M\u00e9dina de Tunis - Kapitalis<\/title>\n<meta name=\"robots\" content=\"index, follow, max-snippet:-1, max-image-preview:large, max-video-preview:-1\" \/>\n<link rel=\"canonical\" href=\"https:\/\/kapitalis.com\/tunisie\/2025\/03\/04\/ghalia-benali-presente-hadret-ishq-au-festival-de-la-medina-de-tunis\/\" \/>\n<meta property=\"og:locale\" content=\"fr_FR\" \/>\n<meta property=\"og:type\" content=\"article\" \/>\n<meta property=\"og:title\" content=\"Ghalia Benali pr\u00e9sente \u00ab Hadret Ishq \u00bb au Festival de la M\u00e9dina de Tunis - Kapitalis\" \/>\n<meta property=\"og:description\" content=\"L&rsquo;artiste belgo-tunisienne Ghalia Benali est attendue, le 7 mars 2025 au Th\u00e9\u00e2tre Municipal de Tunis, \u00e0 la 41e \u00e9dition du Festival de la M\u00e9dina.\" \/>\n<meta property=\"og:url\" content=\"https:\/\/kapitalis.com\/tunisie\/2025\/03\/04\/ghalia-benali-presente-hadret-ishq-au-festival-de-la-medina-de-tunis\/\" \/>\n<meta property=\"og:site_name\" content=\"Kapitalis\" \/>\n<meta property=\"article:publisher\" content=\"https:\/\/www.facebook.com\/KapitalisInfo\/\" \/>\n<meta property=\"article:published_time\" content=\"2025-03-04T21:12:43+00:00\" \/>\n<meta property=\"article:modified_time\" content=\"2025-03-04T21:30:31+00:00\" \/>\n<meta property=\"og:image\" content=\"https:\/\/kapitalis.com\/tunisie\/wp-content\/uploads\/2025\/03\/Ghalia-Benali.jpg\" \/>\n\t<meta property=\"og:image:width\" content=\"1200\" \/>\n\t<meta property=\"og:image:height\" content=\"630\" \/>\n\t<meta property=\"og:image:type\" content=\"image\/jpeg\" \/>\n<meta name=\"author\" content=\"Yusra NY\" \/>\n<meta name=\"twitter:card\" content=\"summary_large_image\" \/>\n<meta name=\"twitter:creator\" content=\"@KapitalisInfo\" \/>\n<meta name=\"twitter:site\" content=\"@KapitalisInfo\" \/>\n<meta name=\"twitter:label1\" content=\"\u00c9crit par\" \/>\n\t<meta name=\"twitter:data1\" content=\"Yusra NY\" \/>\n\t<meta name=\"twitter:label2\" content=\"Dur\u00e9e de lecture estim\u00e9e\" \/>\n\t<meta name=\"twitter:data2\" content=\"1 minute\" \/>\n<script type=\"application\/ld+json\" class=\"yoast-schema-graph\">{\"@context\":\"https:\/\/schema.org\",\"@graph\":[{\"@type\":\"Article\",\"@id\":\"https:\/\/kapitalis.com\/tunisie\/2025\/03\/04\/ghalia-benali-presente-hadret-ishq-au-festival-de-la-medina-de-tunis\/#article\",\"isPartOf\":{\"@id\":\"https:\/\/kapitalis.com\/tunisie\/2025\/03\/04\/ghalia-benali-presente-hadret-ishq-au-festival-de-la-medina-de-tunis\/\"},\"author\":{\"name\":\"Yusra NY\",\"@id\":\"https:\/\/kapitalis.com\/tunisie\/#\/schema\/person\/74bbde0154d49d790a92aaeac5bc01d5\"},\"headline\":\"Ghalia Benali pr\u00e9sente \u00ab Hadret Ishq \u00bb au Festival de la M\u00e9dina de Tunis\",\"datePublished\":\"2025-03-04T21:12:43+00:00\",\"dateModified\":\"2025-03-04T21:30:31+00:00\",\"mainEntityOfPage\":{\"@id\":\"https:\/\/kapitalis.com\/tunisie\/2025\/03\/04\/ghalia-benali-presente-hadret-ishq-au-festival-de-la-medina-de-tunis\/\"},\"wordCount\":122,\"commentCount\":0,\"publisher\":{\"@id\":\"https:\/\/kapitalis.com\/tunisie\/#organization\"},\"image\":{\"@id\":\"https:\/\/kapitalis.com\/tunisie\/2025\/03\/04\/ghalia-benali-presente-hadret-ishq-au-festival-de-la-medina-de-tunis\/#primaryimage\"},\"thumbnailUrl\":\"https:\/\/kapitalis.com\/tunisie\/wp-content\/uploads\/2025\/03\/Ghalia-Benali.jpg\",\"keywords\":[\"Festival de la M\u00e9dina\",\"Hadret Ishq\",\"Th\u00e9\u00e2tre municipal de Tunis\",\"Tunisie\"],\"articleSection\":[\"CULTURE\",\"Tunisie\"],\"inLanguage\":\"fr-FR\",\"potentialAction\":[{\"@type\":\"CommentAction\",\"name\":\"Comment\",\"target\":[\"https:\/\/kapitalis.com\/tunisie\/2025\/03\/04\/ghalia-benali-presente-hadret-ishq-au-festival-de-la-medina-de-tunis\/#respond\"]}]},{\"@type\":\"WebPage\",\"@id\":\"https:\/\/kapitalis.com\/tunisie\/2025\/03\/04\/ghalia-benali-presente-hadret-ishq-au-festival-de-la-medina-de-tunis\/\",\"url\":\"https:\/\/kapitalis.com\/tunisie\/2025\/03\/04\/ghalia-benali-presente-hadret-ishq-au-festival-de-la-medina-de-tunis\/\",\"name\":\"Ghalia Benali pr\u00e9sente \u00ab Hadret Ishq \u00bb au Festival de la M\u00e9dina de Tunis - Kapitalis\",\"isPartOf\":{\"@id\":\"https:\/\/kapitalis.com\/tunisie\/#website\"},\"primaryImageOfPage\":{\"@id\":\"https:\/\/kapitalis.com\/tunisie\/2025\/03\/04\/ghalia-benali-presente-hadret-ishq-au-festival-de-la-medina-de-tunis\/#primaryimage\"},\"image\":{\"@id\":\"https:\/\/kapitalis.com\/tunisie\/2025\/03\/04\/ghalia-benali-presente-hadret-ishq-au-festival-de-la-medina-de-tunis\/#primaryimage\"},\"thumbnailUrl\":\"https:\/\/kapitalis.com\/tunisie\/wp-content\/uploads\/2025\/03\/Ghalia-Benali.jpg\",\"datePublished\":\"2025-03-04T21:12:43+00:00\",\"dateModified\":\"2025-03-04T21:30:31+00:00\",\"breadcrumb\":{\"@id\":\"https:\/\/kapitalis.com\/tunisie\/2025\/03\/04\/ghalia-benali-presente-hadret-ishq-au-festival-de-la-medina-de-tunis\/#breadcrumb\"},\"inLanguage\":\"fr-FR\",\"potentialAction\":[{\"@type\":\"ReadAction\",\"target\":[\"https:\/\/kapitalis.com\/tunisie\/2025\/03\/04\/ghalia-benali-presente-hadret-ishq-au-festival-de-la-medina-de-tunis\/\"]}]},{\"@type\":\"ImageObject\",\"inLanguage\":\"fr-FR\",\"@id\":\"https:\/\/kapitalis.com\/tunisie\/2025\/03\/04\/ghalia-benali-presente-hadret-ishq-au-festival-de-la-medina-de-tunis\/#primaryimage\",\"url\":\"https:\/\/kapitalis.com\/tunisie\/wp-content\/uploads\/2025\/03\/Ghalia-Benali.jpg\",\"contentUrl\":\"https:\/\/kapitalis.com\/tunisie\/wp-content\/uploads\/2025\/03\/Ghalia-Benali.jpg\",\"width\":1200,\"height\":630},{\"@type\":\"BreadcrumbList\",\"@id\":\"https:\/\/kapitalis.com\/tunisie\/2025\/03\/04\/ghalia-benali-presente-hadret-ishq-au-festival-de-la-medina-de-tunis\/#breadcrumb\",\"itemListElement\":[{\"@type\":\"ListItem\",\"position\":1,\"name\":\"Accueil\",\"item\":\"https:\/\/kapitalis.com\/tunisie\/\"},{\"@type\":\"ListItem\",\"position\":2,\"name\":\"Ghalia Benali pr\u00e9sente \u00ab Hadret Ishq \u00bb au Festival de la M\u00e9dina de Tunis\"}]},{\"@type\":\"WebSite\",\"@id\":\"https:\/\/kapitalis.com\/tunisie\/#website\",\"url\":\"https:\/\/kapitalis.com\/tunisie\/\",\"name\":\"Kapitalis\",\"description\":\"L&#039;actualit\u00e9 en Tunisie et dans le monde\",\"publisher\":{\"@id\":\"https:\/\/kapitalis.com\/tunisie\/#organization\"},\"potentialAction\":[{\"@type\":\"SearchAction\",\"target\":{\"@type\":\"EntryPoint\",\"urlTemplate\":\"https:\/\/kapitalis.com\/tunisie\/?s={search_term_string}\"},\"query-input\":{\"@type\":\"PropertyValueSpecification\",\"valueRequired\":true,\"valueName\":\"search_term_string\"}}],\"inLanguage\":\"fr-FR\"},{\"@type\":\"Organization\",\"@id\":\"https:\/\/kapitalis.com\/tunisie\/#organization\",\"name\":\"Kapitalis\",\"url\":\"https:\/\/kapitalis.com\/tunisie\/\",\"logo\":{\"@type\":\"ImageObject\",\"inLanguage\":\"fr-FR\",\"@id\":\"https:\/\/kapitalis.com\/tunisie\/#\/schema\/logo\/image\/\",\"url\":\"https:\/\/kapitalis.com\/tunisie\/wp-content\/uploads\/2022\/05\/Kapitalis-big-size.png\",\"contentUrl\":\"https:\/\/kapitalis.com\/tunisie\/wp-content\/uploads\/2022\/05\/Kapitalis-big-size.png\",\"width\":5000,\"height\":1500,\"caption\":\"Kapitalis\"},\"image\":{\"@id\":\"https:\/\/kapitalis.com\/tunisie\/#\/schema\/logo\/image\/\"},\"sameAs\":[\"https:\/\/www.facebook.com\/KapitalisInfo\/\",\"https:\/\/x.com\/KapitalisInfo\",\"https:\/\/www.youtube.com\/channel\/UC-yDYrHyfFBWWZaOw3FPg9Q\"]},{\"@type\":\"Person\",\"@id\":\"https:\/\/kapitalis.com\/tunisie\/#\/schema\/person\/74bbde0154d49d790a92aaeac5bc01d5\",\"name\":\"Yusra NY\",\"url\":\"https:\/\/kapitalis.com\/tunisie\/author\/yuza_adam\/\"}]}<\/script>\n<!-- \/ Yoast SEO plugin. -->","yoast_head_json":{"title":"Ghalia Benali pr\u00e9sente \u00ab Hadret Ishq \u00bb au Festival de la M\u00e9dina de Tunis - Kapitalis","robots":{"index":"index","follow":"follow","max-snippet":"max-snippet:-1","max-image-preview":"max-image-preview:large","max-video-preview":"max-video-preview:-1"},"canonical":"https:\/\/kapitalis.com\/tunisie\/2025\/03\/04\/ghalia-benali-presente-hadret-ishq-au-festival-de-la-medina-de-tunis\/","og_locale":"fr_FR","og_type":"article","og_title":"Ghalia Benali pr\u00e9sente \u00ab Hadret Ishq \u00bb au Festival de la M\u00e9dina de Tunis - Kapitalis","og_description":"L&rsquo;artiste belgo-tunisienne Ghalia Benali est attendue, le 7 mars 2025 au Th\u00e9\u00e2tre Municipal de Tunis, \u00e0 la 41e \u00e9dition du Festival de la M\u00e9dina.","og_url":"https:\/\/kapitalis.com\/tunisie\/2025\/03\/04\/ghalia-benali-presente-hadret-ishq-au-festival-de-la-medina-de-tunis\/","og_site_name":"Kapitalis","article_publisher":"https:\/\/www.facebook.com\/KapitalisInfo\/","article_published_time":"2025-03-04T21:12:43+00:00","article_modified_time":"2025-03-04T21:30:31+00:00","og_image":[{"width":1200,"height":630,"url":"https:\/\/kapitalis.com\/tunisie\/wp-content\/uploads\/2025\/03\/Ghalia-Benali.jpg","type":"image\/jpeg"}],"author":"Yusra NY","twitter_card":"summary_large_image","twitter_creator":"@KapitalisInfo","twitter_site":"@KapitalisInfo","twitter_misc":{"\u00c9crit par":"Yusra NY","Dur\u00e9e de lecture estim\u00e9e":"1 minute"},"schema":{"@context":"https:\/\/schema.org","@graph":[{"@type":"Article","@id":"https:\/\/kapitalis.com\/tunisie\/2025\/03\/04\/ghalia-benali-presente-hadret-ishq-au-festival-de-la-medina-de-tunis\/#article","isPartOf":{"@id":"https:\/\/kapitalis.com\/tunisie\/2025\/03\/04\/ghalia-benali-presente-hadret-ishq-au-festival-de-la-medina-de-tunis\/"},"author":{"name":"Yusra NY","@id":"https:\/\/kapitalis.com\/tunisie\/#\/schema\/person\/74bbde0154d49d790a92aaeac5bc01d5"},"headline":"Ghalia Benali pr\u00e9sente \u00ab Hadret Ishq \u00bb au Festival de la M\u00e9dina de Tunis","datePublished":"2025-03-04T21:12:43+00:00","dateModified":"2025-03-04T21:30:31+00:00","mainEntityOfPage":{"@id":"https:\/\/kapitalis.com\/tunisie\/2025\/03\/04\/ghalia-benali-presente-hadret-ishq-au-festival-de-la-medina-de-tunis\/"},"wordCount":122,"commentCount":0,"publisher":{"@id":"https:\/\/kapitalis.com\/tunisie\/#organization"},"image":{"@id":"https:\/\/kapitalis.com\/tunisie\/2025\/03\/04\/ghalia-benali-presente-hadret-ishq-au-festival-de-la-medina-de-tunis\/#primaryimage"},"thumbnailUrl":"https:\/\/kapitalis.com\/tunisie\/wp-content\/uploads\/2025\/03\/Ghalia-Benali.jpg","keywords":["Festival de la M\u00e9dina","Hadret Ishq","Th\u00e9\u00e2tre municipal de Tunis","Tunisie"],"articleSection":["CULTURE","Tunisie"],"inLanguage":"fr-FR","potentialAction":[{"@type":"CommentAction","name":"Comment","target":["https:\/\/kapitalis.com\/tunisie\/2025\/03\/04\/ghalia-benali-presente-hadret-ishq-au-festival-de-la-medina-de-tunis\/#respond"]}]},{"@type":"WebPage","@id":"https:\/\/kapitalis.com\/tunisie\/2025\/03\/04\/ghalia-benali-presente-hadret-ishq-au-festival-de-la-medina-de-tunis\/","url":"https:\/\/kapitalis.com\/tunisie\/2025\/03\/04\/ghalia-benali-presente-hadret-ishq-au-festival-de-la-medina-de-tunis\/","name":"Ghalia Benali pr\u00e9sente \u00ab Hadret Ishq \u00bb au Festival de la M\u00e9dina de Tunis - Kapitalis","isPartOf":{"@id":"https:\/\/kapitalis.com\/tunisie\/#website"},"primaryImageOfPage":{"@id":"https:\/\/kapitalis.com\/tunisie\/2025\/03\/04\/ghalia-benali-presente-hadret-ishq-au-festival-de-la-medina-de-tunis\/#primaryimage"},"image":{"@id":"https:\/\/kapitalis.com\/tunisie\/2025\/03\/04\/ghalia-benali-presente-hadret-ishq-au-festival-de-la-medina-de-tunis\/#primaryimage"},"thumbnailUrl":"https:\/\/kapitalis.com\/tunisie\/wp-content\/uploads\/2025\/03\/Ghalia-Benali.jpg","datePublished":"2025-03-04T21:12:43+00:00","dateModified":"2025-03-04T21:30:31+00:00","breadcrumb":{"@id":"https:\/\/kapitalis.com\/tunisie\/2025\/03\/04\/ghalia-benali-presente-hadret-ishq-au-festival-de-la-medina-de-tunis\/#breadcrumb"},"inLanguage":"fr-FR","potentialAction":[{"@type":"ReadAction","target":["https:\/\/kapitalis.com\/tunisie\/2025\/03\/04\/ghalia-benali-presente-hadret-ishq-au-festival-de-la-medina-de-tunis\/"]}]},{"@type":"ImageObject","inLanguage":"fr-FR","@id":"https:\/\/kapitalis.com\/tunisie\/2025\/03\/04\/ghalia-benali-presente-hadret-ishq-au-festival-de-la-medina-de-tunis\/#primaryimage","url":"https:\/\/kapitalis.com\/tunisie\/wp-content\/uploads\/2025\/03\/Ghalia-Benali.jpg","contentUrl":"https:\/\/kapitalis.com\/tunisie\/wp-content\/uploads\/2025\/03\/Ghalia-Benali.jpg","width":1200,"height":630},{"@type":"BreadcrumbList","@id":"https:\/\/kapitalis.com\/tunisie\/2025\/03\/04\/ghalia-benali-presente-hadret-ishq-au-festival-de-la-medina-de-tunis\/#breadcrumb","itemListElement":[{"@type":"ListItem","position":1,"name":"Accueil","item":"https:\/\/kapitalis.com\/tunisie\/"},{"@type":"ListItem","position":2,"name":"Ghalia Benali pr\u00e9sente \u00ab Hadret Ishq \u00bb au Festival de la M\u00e9dina de Tunis"}]},{"@type":"WebSite","@id":"https:\/\/kapitalis.com\/tunisie\/#website","url":"https:\/\/kapitalis.com\/tunisie\/","name":"Kapitalis","description":"L&#039;actualit\u00e9 en Tunisie et dans le monde","publisher":{"@id":"https:\/\/kapitalis.com\/tunisie\/#organization"},"potentialAction":[{"@type":"SearchAction","target":{"@type":"EntryPoint","urlTemplate":"https:\/\/kapitalis.com\/tunisie\/?s={search_term_string}"},"query-input":{"@type":"PropertyValueSpecification","valueRequired":true,"valueName":"search_term_string"}}],"inLanguage":"fr-FR"},{"@type":"Organization","@id":"https:\/\/kapitalis.com\/tunisie\/#organization","name":"Kapitalis","url":"https:\/\/kapitalis.com\/tunisie\/","logo":{"@type":"ImageObject","inLanguage":"fr-FR","@id":"https:\/\/kapitalis.com\/tunisie\/#\/schema\/logo\/image\/","url":"https:\/\/kapitalis.com\/tunisie\/wp-content\/uploads\/2022\/05\/Kapitalis-big-size.png","contentUrl":"https:\/\/kapitalis.com\/tunisie\/wp-content\/uploads\/2022\/05\/Kapitalis-big-size.png","width":5000,"height":1500,"caption":"Kapitalis"},"image":{"@id":"https:\/\/kapitalis.com\/tunisie\/#\/schema\/logo\/image\/"},"sameAs":["https:\/\/www.facebook.com\/KapitalisInfo\/","https:\/\/x.com\/KapitalisInfo","https:\/\/www.youtube.com\/channel\/UC-yDYrHyfFBWWZaOw3FPg9Q"]},{"@type":"Person","@id":"https:\/\/kapitalis.com\/tunisie\/#\/schema\/person\/74bbde0154d49d790a92aaeac5bc01d5","name":"Yusra NY","url":"https:\/\/kapitalis.com\/tunisie\/author\/yuza_adam\/"}]}},"_links":{"self":[{"href":"https:\/\/kapitalis.com\/tunisie\/wp-json\/wp\/v2\/posts\/15793363","targetHints":{"allow":["GET"]}}],"collection":[{"href":"https:\/\/kapitalis.com\/tunisie\/wp-json\/wp\/v2\/posts"}],"about":[{"href":"https:\/\/kapitalis.com\/tunisie\/wp-json\/wp\/v2\/types\/post"}],"author":[{"embeddable":true,"href":"https:\/\/kapitalis.com\/tunisie\/wp-json\/wp\/v2\/users\/6"}],"replies":[{"embeddable":true,"href":"https:\/\/kapitalis.com\/tunisie\/wp-json\/wp\/v2\/comments?post=15793363"}],"version-history":[{"count":1,"href":"https:\/\/kapitalis.com\/tunisie\/wp-json\/wp\/v2\/posts\/15793363\/revisions"}],"predecessor-version":[{"id":15793407,"href":"https:\/\/kapitalis.com\/tunisie\/wp-json\/wp\/v2\/posts\/15793363\/revisions\/15793407"}],"wp:featuredmedia":[{"embeddable":true,"href":"https:\/\/kapitalis.com\/tunisie\/wp-json\/wp\/v2\/media\/15793405"}],"wp:attachment":[{"href":"https:\/\/kapitalis.com\/tunisie\/wp-json\/wp\/v2\/media?parent=15793363"}],"wp:term":[{"taxonomy":"category","embeddable":true,"href":"https:\/\/kapitalis.com\/tunisie\/wp-json\/wp\/v2\/categories?post=15793363"},{"taxonomy":"post_tag","embeddable":true,"href":"https:\/\/kapitalis.com\/tunisie\/wp-json\/wp\/v2\/tags?post=15793363"}],"curies":[{"name":"wp","href":"https:\/\/api.w.org\/{rel}","templated":true}]}}