{"id":157990,"date":"2018-06-04T17:04:38","date_gmt":"2018-06-04T16:04:38","guid":{"rendered":"http:\/\/kapitalis.com\/tunisie\/?p=157990"},"modified":"2018-06-04T17:04:38","modified_gmt":"2018-06-04T16:04:38","slug":"tunis-agression-dun-membre-de-lassociation-des-libres-penseurs","status":"publish","type":"post","link":"https:\/\/kapitalis.com\/tunisie\/2018\/06\/04\/tunis-agression-dun-membre-de-lassociation-des-libres-penseurs\/","title":{"rendered":"Tunis : Agression d\u2019un membre de l\u2019Association des libres penseurs"},"content":{"rendered":"<p style=\"text-align: center;\"><img loading=\"lazy\" decoding=\"async\" class=\"alignnone size-full wp-image-157995\" src=\"http:\/\/kapitalis.com\/tunisie\/wp-content\/uploads\/2018\/06\/Manif-mouch-Bessif-du-23-mai-\u00e0-Tunis.jpg\" alt=\"\" width=\"626\" height=\"380\" \/><\/p>\n<p style=\"text-align: center;\"><em>Manifestation Mouch Bessif, le 23 mai 2018, \u00e0 Tunis.<\/em><\/p>\n<p><em><strong>L\u2019Association des libres penseurs (ALP) a port\u00e9 plainte suite \u00e0 l\u2019agression d\u2019un de ses membres, dans la nuit du samedi 2 \u00e0 dimanche 3 juin 2018, dans un de ses locaux \u00e0 Tunis. Les agresseurs ont \u00e9t\u00e9 identifi\u00e9s comme extr\u00e9mistes religieux.<\/strong><\/em><!--more--><\/p>\n<p>Ces derniers, qui se sont introduit au bureau de l\u2019ALP, situ\u00e9 \u00e0 la cit\u00e9 Ettadhamen, ont demand\u00e9 au membre pr\u00e9sent la liste de ses camarades ainsi que l\u2019adresse du pr\u00e9sident de l\u2019Association, Hatem Limam. Comme il a refus\u00e9 de satisfaire leur demande, ils l&rsquo;ont violent\u00e9, assure l\u2019association dans un communiqu\u00e9 rendu public aujourd\u2019hui, lundi 4 juin.<\/p>\n<p>Les agresseurs ont \u00e9galement vol\u00e9 des documents dont une partie des archives avec les noms et des donn\u00e9es personnelles des fondateurs ainsi que le passeport de Hatem Limam.<\/p>\n<p>Notons que l\u2019APL est la premi\u00e8re association tunisienne et dans le monde arabe \u00e0 d\u00e9fendre les droits des areligieux et \u00e0 s\u2019opposer aux dogmes religieux. Elle a obtenu son visa le 25 octobre 2017 et, 4 mois apr\u00e8s, son pr\u00e9sident a \u00e9t\u00e9 pass\u00e9 \u00e0 tabac, par des inconnus, \u00e0 Bab Saadoun (Tunis).<\/p>\n<p>C\u2019est cette association qui a organis\u00e9, avec des activistes de la soci\u00e9t\u00e9 civile, la manifestation \u00ab<a href=\"http:\/\/kapitalis.com\/tunisie\/2018\/05\/24\/tunisie-malgre-linterdiction-la-manifestation-des-non-jeuneurs-maintenue\/\"><em>Mouch Bessif\u00a0<\/em><\/a>\u00bb (pas sous la contrainte), organis\u00e9e \u00e0 Tunis, le 23 mai, revendiquant le droits des non-je\u00fbneurs \u00e0 boire et \u00e0 manger dans les lieux publics et l\u2019ouverture des caf\u00e9s et des restaurants durant les horaires du je\u00fbne de ramadan.<\/p>\n<p style=\"text-align: right;\"><strong>Y. N.<\/strong><\/p>\n<blockquote class=\"wp-embedded-content\" data-secret=\"RlD0sarZpo\"><p><a href=\"https:\/\/kapitalis.com\/tunisie\/2018\/05\/30\/libertes-des-non-jeuneurs-qui-sont-ces-rats-lance-lotfi-abdelli\/\">Libert\u00e9s des non-je\u00fbneurs : \u00ab Qui sont ces rats ?\u00bb, lance Lotfi Abdelli<\/a><\/p><\/blockquote>\n<p><iframe loading=\"lazy\" class=\"wp-embedded-content\" sandbox=\"allow-scripts\" security=\"restricted\" style=\"position: absolute; clip: rect(1px, 1px, 1px, 1px);\" title=\"\u00ab\u00a0Libert\u00e9s des non-je\u00fbneurs : \u00ab Qui sont ces rats ?\u00bb, lance Lotfi Abdelli\u00a0\u00bb &#8212; Kapitalis\" src=\"https:\/\/kapitalis.com\/tunisie\/2018\/05\/30\/libertes-des-non-jeuneurs-qui-sont-ces-rats-lance-lotfi-abdelli\/embed\/#?secret=DosZfpbeOr#?secret=RlD0sarZpo\" data-secret=\"RlD0sarZpo\" width=\"600\" height=\"338\" frameborder=\"0\" marginwidth=\"0\" marginheight=\"0\" scrolling=\"no\"><\/iframe><\/p>\n<blockquote class=\"wp-embedded-content\" data-secret=\"nDQRB13LYY\"><p><a href=\"https:\/\/kapitalis.com\/tunisie\/2018\/05\/31\/lettre-ouverte-a-lotfi-abdelli-des-souris-et-des-hommes\/\">Lettre ouverte \u00e0 Lotfi Abdelli : Des souris et des hommes<\/a><\/p><\/blockquote>\n<p><iframe loading=\"lazy\" class=\"wp-embedded-content\" sandbox=\"allow-scripts\" security=\"restricted\" style=\"position: absolute; clip: rect(1px, 1px, 1px, 1px);\" title=\"\u00ab\u00a0Lettre ouverte \u00e0 Lotfi Abdelli : Des souris et des hommes\u00a0\u00bb &#8212; Kapitalis\" src=\"https:\/\/kapitalis.com\/tunisie\/2018\/05\/31\/lettre-ouverte-a-lotfi-abdelli-des-souris-et-des-hommes\/embed\/#?secret=AmStCzolev#?secret=nDQRB13LYY\" data-secret=\"nDQRB13LYY\" width=\"600\" height=\"338\" frameborder=\"0\" marginwidth=\"0\" marginheight=\"0\" scrolling=\"no\"><\/iframe><\/p>\n","protected":false},"excerpt":{"rendered":"<p>Manifestation Mouch Bessif, le 23 mai 2018, \u00e0 Tunis. L\u2019Association des libres penseurs (ALP) a port\u00e9 plainte suite \u00e0 l\u2019agression d\u2019un de ses membres, dans la nuit du samedi 2 \u00e0 dimanche 3 juin 2018, dans un de ses locaux \u00e0 Tunis. Les agresseurs ont \u00e9t\u00e9 identifi\u00e9s comme extr\u00e9mistes religieux.<\/p>\n","protected":false},"author":6,"featured_media":157995,"comment_status":"open","ping_status":"open","sticky":false,"template":"","format":"standard","meta":{"footnotes":""},"categories":[998,2433],"tags":[45,41556,2608,3589,31919,761],"class_list":["post-157990","post","type-post","status-publish","format-standard","has-post-thumbnail","hentry","category-societe","category-tunisie","tag-agression","tag-association-des-libres-penseurs","tag-bab-saadoun","tag-cite-ettadhamen","tag-non-jeuneurs","tag-ramadan"],"yoast_head":"<!-- This site is optimized with the Yoast SEO plugin v26.6 - https:\/\/yoast.com\/wordpress\/plugins\/seo\/ -->\n<title>Tunis : Agression d\u2019un membre de l\u2019Association des libres penseurs - Kapitalis<\/title>\n<meta name=\"robots\" content=\"index, follow, max-snippet:-1, max-image-preview:large, max-video-preview:-1\" \/>\n<link rel=\"canonical\" href=\"https:\/\/kapitalis.com\/tunisie\/2018\/06\/04\/tunis-agression-dun-membre-de-lassociation-des-libres-penseurs\/\" \/>\n<meta property=\"og:locale\" content=\"fr_FR\" \/>\n<meta property=\"og:type\" content=\"article\" \/>\n<meta property=\"og:title\" content=\"Tunis : Agression d\u2019un membre de l\u2019Association des libres penseurs - Kapitalis\" \/>\n<meta property=\"og:description\" content=\"Manifestation Mouch Bessif, le 23 mai 2018, \u00e0 Tunis. L\u2019Association des libres penseurs (ALP) a port\u00e9 plainte suite \u00e0 l\u2019agression d\u2019un de ses membres, dans la nuit du samedi 2 \u00e0 dimanche 3 juin 2018, dans un de ses locaux \u00e0 Tunis. Les agresseurs ont \u00e9t\u00e9 identifi\u00e9s comme extr\u00e9mistes religieux.\" \/>\n<meta property=\"og:url\" content=\"https:\/\/kapitalis.com\/tunisie\/2018\/06\/04\/tunis-agression-dun-membre-de-lassociation-des-libres-penseurs\/\" \/>\n<meta property=\"og:site_name\" content=\"Kapitalis\" \/>\n<meta property=\"article:publisher\" content=\"https:\/\/www.facebook.com\/KapitalisInfo\/\" \/>\n<meta property=\"article:published_time\" content=\"2018-06-04T16:04:38+00:00\" \/>\n<meta property=\"og:image\" content=\"https:\/\/kapitalis.com\/tunisie\/wp-content\/uploads\/2022\/05\/kapitalis-logo-fb.png\" \/>\n\t<meta property=\"og:image:width\" content=\"1200\" \/>\n\t<meta property=\"og:image:height\" content=\"630\" \/>\n\t<meta property=\"og:image:type\" content=\"image\/png\" \/>\n<meta name=\"author\" content=\"Yusra NY\" \/>\n<meta name=\"twitter:card\" content=\"summary_large_image\" \/>\n<meta name=\"twitter:creator\" content=\"@KapitalisInfo\" \/>\n<meta name=\"twitter:site\" content=\"@KapitalisInfo\" \/>\n<meta name=\"twitter:label1\" content=\"\u00c9crit par\" \/>\n\t<meta name=\"twitter:data1\" content=\"Yusra NY\" \/>\n\t<meta name=\"twitter:label2\" content=\"Dur\u00e9e de lecture estim\u00e9e\" \/>\n\t<meta name=\"twitter:data2\" content=\"1 minute\" \/>\n<script type=\"application\/ld+json\" class=\"yoast-schema-graph\">{\"@context\":\"https:\/\/schema.org\",\"@graph\":[{\"@type\":\"Article\",\"@id\":\"https:\/\/kapitalis.com\/tunisie\/2018\/06\/04\/tunis-agression-dun-membre-de-lassociation-des-libres-penseurs\/#article\",\"isPartOf\":{\"@id\":\"https:\/\/kapitalis.com\/tunisie\/2018\/06\/04\/tunis-agression-dun-membre-de-lassociation-des-libres-penseurs\/\"},\"author\":{\"name\":\"Yusra NY\",\"@id\":\"https:\/\/kapitalis.com\/tunisie\/#\/schema\/person\/74bbde0154d49d790a92aaeac5bc01d5\"},\"headline\":\"Tunis : Agression d\u2019un membre de l\u2019Association des libres penseurs\",\"datePublished\":\"2018-06-04T16:04:38+00:00\",\"mainEntityOfPage\":{\"@id\":\"https:\/\/kapitalis.com\/tunisie\/2018\/06\/04\/tunis-agression-dun-membre-de-lassociation-des-libres-penseurs\/\"},\"wordCount\":268,\"commentCount\":3,\"publisher\":{\"@id\":\"https:\/\/kapitalis.com\/tunisie\/#organization\"},\"image\":{\"@id\":\"https:\/\/kapitalis.com\/tunisie\/2018\/06\/04\/tunis-agression-dun-membre-de-lassociation-des-libres-penseurs\/#primaryimage\"},\"thumbnailUrl\":\"\",\"keywords\":[\"agression\",\"Association des libres penseurs\",\"Bab Saadoun\",\"Cit\u00e9 Ettadhamen\",\"non je\u00fbneurs\",\"Ramadan\"],\"articleSection\":[\"SOCIETE\",\"Tunisie\"],\"inLanguage\":\"fr-FR\",\"potentialAction\":[{\"@type\":\"CommentAction\",\"name\":\"Comment\",\"target\":[\"https:\/\/kapitalis.com\/tunisie\/2018\/06\/04\/tunis-agression-dun-membre-de-lassociation-des-libres-penseurs\/#respond\"]}]},{\"@type\":\"WebPage\",\"@id\":\"https:\/\/kapitalis.com\/tunisie\/2018\/06\/04\/tunis-agression-dun-membre-de-lassociation-des-libres-penseurs\/\",\"url\":\"https:\/\/kapitalis.com\/tunisie\/2018\/06\/04\/tunis-agression-dun-membre-de-lassociation-des-libres-penseurs\/\",\"name\":\"Tunis : Agression d\u2019un membre de l\u2019Association des libres penseurs - Kapitalis\",\"isPartOf\":{\"@id\":\"https:\/\/kapitalis.com\/tunisie\/#website\"},\"primaryImageOfPage\":{\"@id\":\"https:\/\/kapitalis.com\/tunisie\/2018\/06\/04\/tunis-agression-dun-membre-de-lassociation-des-libres-penseurs\/#primaryimage\"},\"image\":{\"@id\":\"https:\/\/kapitalis.com\/tunisie\/2018\/06\/04\/tunis-agression-dun-membre-de-lassociation-des-libres-penseurs\/#primaryimage\"},\"thumbnailUrl\":\"\",\"datePublished\":\"2018-06-04T16:04:38+00:00\",\"breadcrumb\":{\"@id\":\"https:\/\/kapitalis.com\/tunisie\/2018\/06\/04\/tunis-agression-dun-membre-de-lassociation-des-libres-penseurs\/#breadcrumb\"},\"inLanguage\":\"fr-FR\",\"potentialAction\":[{\"@type\":\"ReadAction\",\"target\":[\"https:\/\/kapitalis.com\/tunisie\/2018\/06\/04\/tunis-agression-dun-membre-de-lassociation-des-libres-penseurs\/\"]}]},{\"@type\":\"ImageObject\",\"inLanguage\":\"fr-FR\",\"@id\":\"https:\/\/kapitalis.com\/tunisie\/2018\/06\/04\/tunis-agression-dun-membre-de-lassociation-des-libres-penseurs\/#primaryimage\",\"url\":\"\",\"contentUrl\":\"\"},{\"@type\":\"BreadcrumbList\",\"@id\":\"https:\/\/kapitalis.com\/tunisie\/2018\/06\/04\/tunis-agression-dun-membre-de-lassociation-des-libres-penseurs\/#breadcrumb\",\"itemListElement\":[{\"@type\":\"ListItem\",\"position\":1,\"name\":\"Accueil\",\"item\":\"https:\/\/kapitalis.com\/tunisie\/\"},{\"@type\":\"ListItem\",\"position\":2,\"name\":\"Tunis : Agression d\u2019un membre de l\u2019Association des libres penseurs\"}]},{\"@type\":\"WebSite\",\"@id\":\"https:\/\/kapitalis.com\/tunisie\/#website\",\"url\":\"https:\/\/kapitalis.com\/tunisie\/\",\"name\":\"Kapitalis\",\"description\":\"L&#039;actualit\u00e9 en Tunisie et dans le monde\",\"publisher\":{\"@id\":\"https:\/\/kapitalis.com\/tunisie\/#organization\"},\"potentialAction\":[{\"@type\":\"SearchAction\",\"target\":{\"@type\":\"EntryPoint\",\"urlTemplate\":\"https:\/\/kapitalis.com\/tunisie\/?s={search_term_string}\"},\"query-input\":{\"@type\":\"PropertyValueSpecification\",\"valueRequired\":true,\"valueName\":\"search_term_string\"}}],\"inLanguage\":\"fr-FR\"},{\"@type\":\"Organization\",\"@id\":\"https:\/\/kapitalis.com\/tunisie\/#organization\",\"name\":\"Kapitalis\",\"url\":\"https:\/\/kapitalis.com\/tunisie\/\",\"logo\":{\"@type\":\"ImageObject\",\"inLanguage\":\"fr-FR\",\"@id\":\"https:\/\/kapitalis.com\/tunisie\/#\/schema\/logo\/image\/\",\"url\":\"https:\/\/kapitalis.com\/tunisie\/wp-content\/uploads\/2022\/05\/Kapitalis-big-size.png\",\"contentUrl\":\"https:\/\/kapitalis.com\/tunisie\/wp-content\/uploads\/2022\/05\/Kapitalis-big-size.png\",\"width\":5000,\"height\":1500,\"caption\":\"Kapitalis\"},\"image\":{\"@id\":\"https:\/\/kapitalis.com\/tunisie\/#\/schema\/logo\/image\/\"},\"sameAs\":[\"https:\/\/www.facebook.com\/KapitalisInfo\/\",\"https:\/\/x.com\/KapitalisInfo\",\"https:\/\/www.youtube.com\/channel\/UC-yDYrHyfFBWWZaOw3FPg9Q\"]},{\"@type\":\"Person\",\"@id\":\"https:\/\/kapitalis.com\/tunisie\/#\/schema\/person\/74bbde0154d49d790a92aaeac5bc01d5\",\"name\":\"Yusra NY\",\"url\":\"https:\/\/kapitalis.com\/tunisie\/author\/yuza_adam\/\"}]}<\/script>\n<!-- \/ Yoast SEO plugin. -->","yoast_head_json":{"title":"Tunis : Agression d\u2019un membre de l\u2019Association des libres penseurs - Kapitalis","robots":{"index":"index","follow":"follow","max-snippet":"max-snippet:-1","max-image-preview":"max-image-preview:large","max-video-preview":"max-video-preview:-1"},"canonical":"https:\/\/kapitalis.com\/tunisie\/2018\/06\/04\/tunis-agression-dun-membre-de-lassociation-des-libres-penseurs\/","og_locale":"fr_FR","og_type":"article","og_title":"Tunis : Agression d\u2019un membre de l\u2019Association des libres penseurs - Kapitalis","og_description":"Manifestation Mouch Bessif, le 23 mai 2018, \u00e0 Tunis. L\u2019Association des libres penseurs (ALP) a port\u00e9 plainte suite \u00e0 l\u2019agression d\u2019un de ses membres, dans la nuit du samedi 2 \u00e0 dimanche 3 juin 2018, dans un de ses locaux \u00e0 Tunis. Les agresseurs ont \u00e9t\u00e9 identifi\u00e9s comme extr\u00e9mistes religieux.","og_url":"https:\/\/kapitalis.com\/tunisie\/2018\/06\/04\/tunis-agression-dun-membre-de-lassociation-des-libres-penseurs\/","og_site_name":"Kapitalis","article_publisher":"https:\/\/www.facebook.com\/KapitalisInfo\/","article_published_time":"2018-06-04T16:04:38+00:00","og_image":[{"width":1200,"height":630,"url":"https:\/\/kapitalis.com\/tunisie\/wp-content\/uploads\/2022\/05\/kapitalis-logo-fb.png","type":"image\/png"}],"author":"Yusra NY","twitter_card":"summary_large_image","twitter_creator":"@KapitalisInfo","twitter_site":"@KapitalisInfo","twitter_misc":{"\u00c9crit par":"Yusra NY","Dur\u00e9e de lecture estim\u00e9e":"1 minute"},"schema":{"@context":"https:\/\/schema.org","@graph":[{"@type":"Article","@id":"https:\/\/kapitalis.com\/tunisie\/2018\/06\/04\/tunis-agression-dun-membre-de-lassociation-des-libres-penseurs\/#article","isPartOf":{"@id":"https:\/\/kapitalis.com\/tunisie\/2018\/06\/04\/tunis-agression-dun-membre-de-lassociation-des-libres-penseurs\/"},"author":{"name":"Yusra NY","@id":"https:\/\/kapitalis.com\/tunisie\/#\/schema\/person\/74bbde0154d49d790a92aaeac5bc01d5"},"headline":"Tunis : Agression d\u2019un membre de l\u2019Association des libres penseurs","datePublished":"2018-06-04T16:04:38+00:00","mainEntityOfPage":{"@id":"https:\/\/kapitalis.com\/tunisie\/2018\/06\/04\/tunis-agression-dun-membre-de-lassociation-des-libres-penseurs\/"},"wordCount":268,"commentCount":3,"publisher":{"@id":"https:\/\/kapitalis.com\/tunisie\/#organization"},"image":{"@id":"https:\/\/kapitalis.com\/tunisie\/2018\/06\/04\/tunis-agression-dun-membre-de-lassociation-des-libres-penseurs\/#primaryimage"},"thumbnailUrl":"","keywords":["agression","Association des libres penseurs","Bab Saadoun","Cit\u00e9 Ettadhamen","non je\u00fbneurs","Ramadan"],"articleSection":["SOCIETE","Tunisie"],"inLanguage":"fr-FR","potentialAction":[{"@type":"CommentAction","name":"Comment","target":["https:\/\/kapitalis.com\/tunisie\/2018\/06\/04\/tunis-agression-dun-membre-de-lassociation-des-libres-penseurs\/#respond"]}]},{"@type":"WebPage","@id":"https:\/\/kapitalis.com\/tunisie\/2018\/06\/04\/tunis-agression-dun-membre-de-lassociation-des-libres-penseurs\/","url":"https:\/\/kapitalis.com\/tunisie\/2018\/06\/04\/tunis-agression-dun-membre-de-lassociation-des-libres-penseurs\/","name":"Tunis : Agression d\u2019un membre de l\u2019Association des libres penseurs - Kapitalis","isPartOf":{"@id":"https:\/\/kapitalis.com\/tunisie\/#website"},"primaryImageOfPage":{"@id":"https:\/\/kapitalis.com\/tunisie\/2018\/06\/04\/tunis-agression-dun-membre-de-lassociation-des-libres-penseurs\/#primaryimage"},"image":{"@id":"https:\/\/kapitalis.com\/tunisie\/2018\/06\/04\/tunis-agression-dun-membre-de-lassociation-des-libres-penseurs\/#primaryimage"},"thumbnailUrl":"","datePublished":"2018-06-04T16:04:38+00:00","breadcrumb":{"@id":"https:\/\/kapitalis.com\/tunisie\/2018\/06\/04\/tunis-agression-dun-membre-de-lassociation-des-libres-penseurs\/#breadcrumb"},"inLanguage":"fr-FR","potentialAction":[{"@type":"ReadAction","target":["https:\/\/kapitalis.com\/tunisie\/2018\/06\/04\/tunis-agression-dun-membre-de-lassociation-des-libres-penseurs\/"]}]},{"@type":"ImageObject","inLanguage":"fr-FR","@id":"https:\/\/kapitalis.com\/tunisie\/2018\/06\/04\/tunis-agression-dun-membre-de-lassociation-des-libres-penseurs\/#primaryimage","url":"","contentUrl":""},{"@type":"BreadcrumbList","@id":"https:\/\/kapitalis.com\/tunisie\/2018\/06\/04\/tunis-agression-dun-membre-de-lassociation-des-libres-penseurs\/#breadcrumb","itemListElement":[{"@type":"ListItem","position":1,"name":"Accueil","item":"https:\/\/kapitalis.com\/tunisie\/"},{"@type":"ListItem","position":2,"name":"Tunis : Agression d\u2019un membre de l\u2019Association des libres penseurs"}]},{"@type":"WebSite","@id":"https:\/\/kapitalis.com\/tunisie\/#website","url":"https:\/\/kapitalis.com\/tunisie\/","name":"Kapitalis","description":"L&#039;actualit\u00e9 en Tunisie et dans le monde","publisher":{"@id":"https:\/\/kapitalis.com\/tunisie\/#organization"},"potentialAction":[{"@type":"SearchAction","target":{"@type":"EntryPoint","urlTemplate":"https:\/\/kapitalis.com\/tunisie\/?s={search_term_string}"},"query-input":{"@type":"PropertyValueSpecification","valueRequired":true,"valueName":"search_term_string"}}],"inLanguage":"fr-FR"},{"@type":"Organization","@id":"https:\/\/kapitalis.com\/tunisie\/#organization","name":"Kapitalis","url":"https:\/\/kapitalis.com\/tunisie\/","logo":{"@type":"ImageObject","inLanguage":"fr-FR","@id":"https:\/\/kapitalis.com\/tunisie\/#\/schema\/logo\/image\/","url":"https:\/\/kapitalis.com\/tunisie\/wp-content\/uploads\/2022\/05\/Kapitalis-big-size.png","contentUrl":"https:\/\/kapitalis.com\/tunisie\/wp-content\/uploads\/2022\/05\/Kapitalis-big-size.png","width":5000,"height":1500,"caption":"Kapitalis"},"image":{"@id":"https:\/\/kapitalis.com\/tunisie\/#\/schema\/logo\/image\/"},"sameAs":["https:\/\/www.facebook.com\/KapitalisInfo\/","https:\/\/x.com\/KapitalisInfo","https:\/\/www.youtube.com\/channel\/UC-yDYrHyfFBWWZaOw3FPg9Q"]},{"@type":"Person","@id":"https:\/\/kapitalis.com\/tunisie\/#\/schema\/person\/74bbde0154d49d790a92aaeac5bc01d5","name":"Yusra NY","url":"https:\/\/kapitalis.com\/tunisie\/author\/yuza_adam\/"}]}},"_links":{"self":[{"href":"https:\/\/kapitalis.com\/tunisie\/wp-json\/wp\/v2\/posts\/157990","targetHints":{"allow":["GET"]}}],"collection":[{"href":"https:\/\/kapitalis.com\/tunisie\/wp-json\/wp\/v2\/posts"}],"about":[{"href":"https:\/\/kapitalis.com\/tunisie\/wp-json\/wp\/v2\/types\/post"}],"author":[{"embeddable":true,"href":"https:\/\/kapitalis.com\/tunisie\/wp-json\/wp\/v2\/users\/6"}],"replies":[{"embeddable":true,"href":"https:\/\/kapitalis.com\/tunisie\/wp-json\/wp\/v2\/comments?post=157990"}],"version-history":[{"count":0,"href":"https:\/\/kapitalis.com\/tunisie\/wp-json\/wp\/v2\/posts\/157990\/revisions"}],"wp:featuredmedia":[{"embeddable":true,"href":"https:\/\/kapitalis.com\/tunisie\/wp-json\/wp\/v2\/media\/157995"}],"wp:attachment":[{"href":"https:\/\/kapitalis.com\/tunisie\/wp-json\/wp\/v2\/media?parent=157990"}],"wp:term":[{"taxonomy":"category","embeddable":true,"href":"https:\/\/kapitalis.com\/tunisie\/wp-json\/wp\/v2\/categories?post=157990"},{"taxonomy":"post_tag","embeddable":true,"href":"https:\/\/kapitalis.com\/tunisie\/wp-json\/wp\/v2\/tags?post=157990"}],"curies":[{"name":"wp","href":"https:\/\/api.w.org\/{rel}","templated":true}]}}