{"id":15800775,"date":"2025-03-05T23:10:28","date_gmt":"2025-03-05T22:10:28","guid":{"rendered":"https:\/\/kapitalis.com\/tunisie\/?p=15800775"},"modified":"2025-03-06T17:45:51","modified_gmt":"2025-03-06T16:45:51","slug":"securite-tunisie-la-garde-nationale-devoile-le-bilan-de-ses-operations-en-fevrier-2025","status":"publish","type":"post","link":"https:\/\/kapitalis.com\/tunisie\/2025\/03\/05\/securite-tunisie-la-garde-nationale-devoile-le-bilan-de-ses-operations-en-fevrier-2025\/","title":{"rendered":"S\u00e9curit\u00e9 | Tunisie : La Garde nationale d\u00e9voile le bilan de ses op\u00e9rations en f\u00e9vrier 2025"},"content":{"rendered":"\n<p><strong><em>La Direction g\u00e9n\u00e9rale de la garde nationale (DGGN) a pr\u00e9sent\u00e9 un bilan de ses op\u00e9rations s\u00e9curitaires men\u00e9es \u00e0 travers le pays en f\u00e9vrier 2025.<\/em><\/strong><\/p>\n\n\n\n<!--more-->\n\n\n\n<p>Les chiffres publi\u00e9s dans un communiqu\u00e9 diffus\u00e9 par la DGGN mercredi 5 mars 2025 concernent la lutte contre la criminalit\u00e9 sous toutes ses formes et ce comme suit :<\/p>\n\n\n\n<p><\/p>\n\n\n\n<ul class=\"wp-block-list\">\n<li><strong>Arrestations<\/strong> : 13.188 individus recherch\u00e9s pour des d\u00e9lits de droit commun ont \u00e9t\u00e9 arr\u00eat\u00e9s;<\/li>\n\n\n\n<li><strong>Contrebande<\/strong> : 350 tentatives de contrebande ont \u00e9t\u00e9 d\u00e9jou\u00e9es, entra\u00eenant la saisie de marchandises d&rsquo;une valeur de 13 millions de dinars tunisiens;<\/li>\n\n\n\n<li><strong>Saisie de v\u00e9hicules recherch\u00e9s<\/strong> : 487 v\u00e9hicules vol\u00e9s ou utilis\u00e9s pour des activit\u00e9s criminelles ont \u00e9t\u00e9 saisis;<\/li>\n\n\n\n<li><strong>Drogue<\/strong> : Les forces de l&rsquo;ordre ont saisi 8 kg de cannabis, 1010 plaquettes de cannabis et 95620 comprim\u00e9s de stup\u00e9fiants, pour une valeur totale de 7 millions de dinars tunisiens;<\/li>\n\n\n\n<li><strong>Vente ill\u00e9gale d&rsquo;alcool :<\/strong> Pr\u00e8s de 6 000 bouteilles et canettes d&rsquo;alcool vendues ill\u00e9galement ont \u00e9t\u00e9 saisies;<\/li>\n\n\n\n<li><strong>Saisie d&rsquo;armes  <\/strong>: 76 fusils de chasse, 11 pistolets non autoris\u00e9s et 2 395 cartouches ont \u00e9t\u00e9 saisis.<\/li>\n<\/ul>\n\n\n\n<p>\u00ab<em> Les unit\u00e9s de la Garde nationale, d\u00e9ploy\u00e9es sur tout le territoire, ont d\u00e9montr\u00e9 leur r\u00f4le crucial dans la protection de la s\u00e9curit\u00e9 publique et la lutte contre le crime. Les r\u00e9sultats refl\u00e8tent notre engagement et notre d\u00e9termination \u00e0 faire respecter la loi <\/em>\u00bb, a coment\u00e9 la DGGN, qui a r\u00e9affirm\u00e9 son engagement \u00e0 combattre toutes les formes de criminalit\u00e9 et \u00e0 garantir la s\u00e9curit\u00e9 des citoyens et de leurs biens.<\/p>\n\n\n\n<p class=\"has-text-align-right\"><strong>Y. N.<\/strong><\/p>\n","protected":false},"excerpt":{"rendered":"<p>La Direction g\u00e9n\u00e9rale de la garde nationale (DGGN) a pr\u00e9sent\u00e9 un bilan de ses op\u00e9rations s\u00e9curitaires men\u00e9es \u00e0 travers le pays en f\u00e9vrier 2025.<\/p>\n","protected":false},"author":6,"featured_media":4368667,"comment_status":"open","ping_status":"open","sticky":false,"template":"","format":"standard","meta":{"footnotes":""},"categories":[998,2433],"tags":[9436,76858,64560,121118,815,62643],"class_list":["post-15800775","post","type-post","status-publish","format-standard","has-post-thumbnail","hentry","category-societe","category-tunisie","tag-criminalite","tag-dggn","tag-garde-nationale","tag-operations-securitaires","tag-securite","tag-tunisie"],"yoast_head":"<!-- This site is optimized with the Yoast SEO plugin v26.6 - https:\/\/yoast.com\/wordpress\/plugins\/seo\/ -->\n<title>S\u00e9curit\u00e9 | Tunisie : La Garde nationale d\u00e9voile le bilan de ses op\u00e9rations en f\u00e9vrier 2025 - Kapitalis<\/title>\n<meta name=\"robots\" content=\"index, follow, max-snippet:-1, max-image-preview:large, max-video-preview:-1\" \/>\n<link rel=\"canonical\" href=\"https:\/\/kapitalis.com\/tunisie\/2025\/03\/05\/securite-tunisie-la-garde-nationale-devoile-le-bilan-de-ses-operations-en-fevrier-2025\/\" \/>\n<meta property=\"og:locale\" content=\"fr_FR\" \/>\n<meta property=\"og:type\" content=\"article\" \/>\n<meta property=\"og:title\" content=\"S\u00e9curit\u00e9 | Tunisie : La Garde nationale d\u00e9voile le bilan de ses op\u00e9rations en f\u00e9vrier 2025 - Kapitalis\" \/>\n<meta property=\"og:description\" content=\"La Direction g\u00e9n\u00e9rale de la garde nationale (DGGN) a pr\u00e9sent\u00e9 un bilan de ses op\u00e9rations s\u00e9curitaires men\u00e9es \u00e0 travers le pays en f\u00e9vrier 2025.\" \/>\n<meta property=\"og:url\" content=\"https:\/\/kapitalis.com\/tunisie\/2025\/03\/05\/securite-tunisie-la-garde-nationale-devoile-le-bilan-de-ses-operations-en-fevrier-2025\/\" \/>\n<meta property=\"og:site_name\" content=\"Kapitalis\" \/>\n<meta property=\"article:publisher\" content=\"https:\/\/www.facebook.com\/KapitalisInfo\/\" \/>\n<meta property=\"article:published_time\" content=\"2025-03-05T22:10:28+00:00\" \/>\n<meta property=\"article:modified_time\" content=\"2025-03-06T16:45:51+00:00\" \/>\n<meta property=\"og:image\" content=\"https:\/\/kapitalis.com\/tunisie\/wp-content\/uploads\/2022\/10\/garde-nationale.jpg\" \/>\n\t<meta property=\"og:image:width\" content=\"1200\" \/>\n\t<meta property=\"og:image:height\" content=\"630\" \/>\n\t<meta property=\"og:image:type\" content=\"image\/jpeg\" \/>\n<meta name=\"author\" content=\"Yusra NY\" \/>\n<meta name=\"twitter:card\" content=\"summary_large_image\" \/>\n<meta name=\"twitter:creator\" content=\"@KapitalisInfo\" \/>\n<meta name=\"twitter:site\" content=\"@KapitalisInfo\" \/>\n<meta name=\"twitter:label1\" content=\"\u00c9crit par\" \/>\n\t<meta name=\"twitter:data1\" content=\"Yusra NY\" \/>\n\t<meta name=\"twitter:label2\" content=\"Dur\u00e9e de lecture estim\u00e9e\" \/>\n\t<meta name=\"twitter:data2\" content=\"2 minutes\" \/>\n<script type=\"application\/ld+json\" class=\"yoast-schema-graph\">{\"@context\":\"https:\/\/schema.org\",\"@graph\":[{\"@type\":\"Article\",\"@id\":\"https:\/\/kapitalis.com\/tunisie\/2025\/03\/05\/securite-tunisie-la-garde-nationale-devoile-le-bilan-de-ses-operations-en-fevrier-2025\/#article\",\"isPartOf\":{\"@id\":\"https:\/\/kapitalis.com\/tunisie\/2025\/03\/05\/securite-tunisie-la-garde-nationale-devoile-le-bilan-de-ses-operations-en-fevrier-2025\/\"},\"author\":{\"name\":\"Yusra NY\",\"@id\":\"https:\/\/kapitalis.com\/tunisie\/#\/schema\/person\/74bbde0154d49d790a92aaeac5bc01d5\"},\"headline\":\"S\u00e9curit\u00e9 | Tunisie : La Garde nationale d\u00e9voile le bilan de ses op\u00e9rations en f\u00e9vrier 2025\",\"datePublished\":\"2025-03-05T22:10:28+00:00\",\"dateModified\":\"2025-03-06T16:45:51+00:00\",\"mainEntityOfPage\":{\"@id\":\"https:\/\/kapitalis.com\/tunisie\/2025\/03\/05\/securite-tunisie-la-garde-nationale-devoile-le-bilan-de-ses-operations-en-fevrier-2025\/\"},\"wordCount\":270,\"commentCount\":0,\"publisher\":{\"@id\":\"https:\/\/kapitalis.com\/tunisie\/#organization\"},\"image\":{\"@id\":\"https:\/\/kapitalis.com\/tunisie\/2025\/03\/05\/securite-tunisie-la-garde-nationale-devoile-le-bilan-de-ses-operations-en-fevrier-2025\/#primaryimage\"},\"thumbnailUrl\":\"https:\/\/kapitalis.com\/tunisie\/wp-content\/uploads\/2022\/10\/garde-nationale.jpg\",\"keywords\":[\"Criminalit\u00e9\",\"DGGN\",\"garde nationale\",\"op\u00e9rations s\u00e9curitaires\",\"s\u00e9curit\u00e9\",\"Tunisie\"],\"articleSection\":[\"SOCIETE\",\"Tunisie\"],\"inLanguage\":\"fr-FR\",\"potentialAction\":[{\"@type\":\"CommentAction\",\"name\":\"Comment\",\"target\":[\"https:\/\/kapitalis.com\/tunisie\/2025\/03\/05\/securite-tunisie-la-garde-nationale-devoile-le-bilan-de-ses-operations-en-fevrier-2025\/#respond\"]}]},{\"@type\":\"WebPage\",\"@id\":\"https:\/\/kapitalis.com\/tunisie\/2025\/03\/05\/securite-tunisie-la-garde-nationale-devoile-le-bilan-de-ses-operations-en-fevrier-2025\/\",\"url\":\"https:\/\/kapitalis.com\/tunisie\/2025\/03\/05\/securite-tunisie-la-garde-nationale-devoile-le-bilan-de-ses-operations-en-fevrier-2025\/\",\"name\":\"S\u00e9curit\u00e9 | Tunisie : La Garde nationale d\u00e9voile le bilan de ses op\u00e9rations en f\u00e9vrier 2025 - Kapitalis\",\"isPartOf\":{\"@id\":\"https:\/\/kapitalis.com\/tunisie\/#website\"},\"primaryImageOfPage\":{\"@id\":\"https:\/\/kapitalis.com\/tunisie\/2025\/03\/05\/securite-tunisie-la-garde-nationale-devoile-le-bilan-de-ses-operations-en-fevrier-2025\/#primaryimage\"},\"image\":{\"@id\":\"https:\/\/kapitalis.com\/tunisie\/2025\/03\/05\/securite-tunisie-la-garde-nationale-devoile-le-bilan-de-ses-operations-en-fevrier-2025\/#primaryimage\"},\"thumbnailUrl\":\"https:\/\/kapitalis.com\/tunisie\/wp-content\/uploads\/2022\/10\/garde-nationale.jpg\",\"datePublished\":\"2025-03-05T22:10:28+00:00\",\"dateModified\":\"2025-03-06T16:45:51+00:00\",\"breadcrumb\":{\"@id\":\"https:\/\/kapitalis.com\/tunisie\/2025\/03\/05\/securite-tunisie-la-garde-nationale-devoile-le-bilan-de-ses-operations-en-fevrier-2025\/#breadcrumb\"},\"inLanguage\":\"fr-FR\",\"potentialAction\":[{\"@type\":\"ReadAction\",\"target\":[\"https:\/\/kapitalis.com\/tunisie\/2025\/03\/05\/securite-tunisie-la-garde-nationale-devoile-le-bilan-de-ses-operations-en-fevrier-2025\/\"]}]},{\"@type\":\"ImageObject\",\"inLanguage\":\"fr-FR\",\"@id\":\"https:\/\/kapitalis.com\/tunisie\/2025\/03\/05\/securite-tunisie-la-garde-nationale-devoile-le-bilan-de-ses-operations-en-fevrier-2025\/#primaryimage\",\"url\":\"https:\/\/kapitalis.com\/tunisie\/wp-content\/uploads\/2022\/10\/garde-nationale.jpg\",\"contentUrl\":\"https:\/\/kapitalis.com\/tunisie\/wp-content\/uploads\/2022\/10\/garde-nationale.jpg\",\"width\":1200,\"height\":630},{\"@type\":\"BreadcrumbList\",\"@id\":\"https:\/\/kapitalis.com\/tunisie\/2025\/03\/05\/securite-tunisie-la-garde-nationale-devoile-le-bilan-de-ses-operations-en-fevrier-2025\/#breadcrumb\",\"itemListElement\":[{\"@type\":\"ListItem\",\"position\":1,\"name\":\"Accueil\",\"item\":\"https:\/\/kapitalis.com\/tunisie\/\"},{\"@type\":\"ListItem\",\"position\":2,\"name\":\"S\u00e9curit\u00e9 | Tunisie : La Garde nationale d\u00e9voile le bilan de ses op\u00e9rations en f\u00e9vrier 2025\"}]},{\"@type\":\"WebSite\",\"@id\":\"https:\/\/kapitalis.com\/tunisie\/#website\",\"url\":\"https:\/\/kapitalis.com\/tunisie\/\",\"name\":\"Kapitalis\",\"description\":\"L&#039;actualit\u00e9 en Tunisie et dans le monde\",\"publisher\":{\"@id\":\"https:\/\/kapitalis.com\/tunisie\/#organization\"},\"potentialAction\":[{\"@type\":\"SearchAction\",\"target\":{\"@type\":\"EntryPoint\",\"urlTemplate\":\"https:\/\/kapitalis.com\/tunisie\/?s={search_term_string}\"},\"query-input\":{\"@type\":\"PropertyValueSpecification\",\"valueRequired\":true,\"valueName\":\"search_term_string\"}}],\"inLanguage\":\"fr-FR\"},{\"@type\":\"Organization\",\"@id\":\"https:\/\/kapitalis.com\/tunisie\/#organization\",\"name\":\"Kapitalis\",\"url\":\"https:\/\/kapitalis.com\/tunisie\/\",\"logo\":{\"@type\":\"ImageObject\",\"inLanguage\":\"fr-FR\",\"@id\":\"https:\/\/kapitalis.com\/tunisie\/#\/schema\/logo\/image\/\",\"url\":\"https:\/\/kapitalis.com\/tunisie\/wp-content\/uploads\/2022\/05\/Kapitalis-big-size.png\",\"contentUrl\":\"https:\/\/kapitalis.com\/tunisie\/wp-content\/uploads\/2022\/05\/Kapitalis-big-size.png\",\"width\":5000,\"height\":1500,\"caption\":\"Kapitalis\"},\"image\":{\"@id\":\"https:\/\/kapitalis.com\/tunisie\/#\/schema\/logo\/image\/\"},\"sameAs\":[\"https:\/\/www.facebook.com\/KapitalisInfo\/\",\"https:\/\/x.com\/KapitalisInfo\",\"https:\/\/www.youtube.com\/channel\/UC-yDYrHyfFBWWZaOw3FPg9Q\"]},{\"@type\":\"Person\",\"@id\":\"https:\/\/kapitalis.com\/tunisie\/#\/schema\/person\/74bbde0154d49d790a92aaeac5bc01d5\",\"name\":\"Yusra NY\",\"url\":\"https:\/\/kapitalis.com\/tunisie\/author\/yuza_adam\/\"}]}<\/script>\n<!-- \/ Yoast SEO plugin. -->","yoast_head_json":{"title":"S\u00e9curit\u00e9 | Tunisie : La Garde nationale d\u00e9voile le bilan de ses op\u00e9rations en f\u00e9vrier 2025 - Kapitalis","robots":{"index":"index","follow":"follow","max-snippet":"max-snippet:-1","max-image-preview":"max-image-preview:large","max-video-preview":"max-video-preview:-1"},"canonical":"https:\/\/kapitalis.com\/tunisie\/2025\/03\/05\/securite-tunisie-la-garde-nationale-devoile-le-bilan-de-ses-operations-en-fevrier-2025\/","og_locale":"fr_FR","og_type":"article","og_title":"S\u00e9curit\u00e9 | Tunisie : La Garde nationale d\u00e9voile le bilan de ses op\u00e9rations en f\u00e9vrier 2025 - Kapitalis","og_description":"La Direction g\u00e9n\u00e9rale de la garde nationale (DGGN) a pr\u00e9sent\u00e9 un bilan de ses op\u00e9rations s\u00e9curitaires men\u00e9es \u00e0 travers le pays en f\u00e9vrier 2025.","og_url":"https:\/\/kapitalis.com\/tunisie\/2025\/03\/05\/securite-tunisie-la-garde-nationale-devoile-le-bilan-de-ses-operations-en-fevrier-2025\/","og_site_name":"Kapitalis","article_publisher":"https:\/\/www.facebook.com\/KapitalisInfo\/","article_published_time":"2025-03-05T22:10:28+00:00","article_modified_time":"2025-03-06T16:45:51+00:00","og_image":[{"width":1200,"height":630,"url":"https:\/\/kapitalis.com\/tunisie\/wp-content\/uploads\/2022\/10\/garde-nationale.jpg","type":"image\/jpeg"}],"author":"Yusra NY","twitter_card":"summary_large_image","twitter_creator":"@KapitalisInfo","twitter_site":"@KapitalisInfo","twitter_misc":{"\u00c9crit par":"Yusra NY","Dur\u00e9e de lecture estim\u00e9e":"2 minutes"},"schema":{"@context":"https:\/\/schema.org","@graph":[{"@type":"Article","@id":"https:\/\/kapitalis.com\/tunisie\/2025\/03\/05\/securite-tunisie-la-garde-nationale-devoile-le-bilan-de-ses-operations-en-fevrier-2025\/#article","isPartOf":{"@id":"https:\/\/kapitalis.com\/tunisie\/2025\/03\/05\/securite-tunisie-la-garde-nationale-devoile-le-bilan-de-ses-operations-en-fevrier-2025\/"},"author":{"name":"Yusra NY","@id":"https:\/\/kapitalis.com\/tunisie\/#\/schema\/person\/74bbde0154d49d790a92aaeac5bc01d5"},"headline":"S\u00e9curit\u00e9 | Tunisie : La Garde nationale d\u00e9voile le bilan de ses op\u00e9rations en f\u00e9vrier 2025","datePublished":"2025-03-05T22:10:28+00:00","dateModified":"2025-03-06T16:45:51+00:00","mainEntityOfPage":{"@id":"https:\/\/kapitalis.com\/tunisie\/2025\/03\/05\/securite-tunisie-la-garde-nationale-devoile-le-bilan-de-ses-operations-en-fevrier-2025\/"},"wordCount":270,"commentCount":0,"publisher":{"@id":"https:\/\/kapitalis.com\/tunisie\/#organization"},"image":{"@id":"https:\/\/kapitalis.com\/tunisie\/2025\/03\/05\/securite-tunisie-la-garde-nationale-devoile-le-bilan-de-ses-operations-en-fevrier-2025\/#primaryimage"},"thumbnailUrl":"https:\/\/kapitalis.com\/tunisie\/wp-content\/uploads\/2022\/10\/garde-nationale.jpg","keywords":["Criminalit\u00e9","DGGN","garde nationale","op\u00e9rations s\u00e9curitaires","s\u00e9curit\u00e9","Tunisie"],"articleSection":["SOCIETE","Tunisie"],"inLanguage":"fr-FR","potentialAction":[{"@type":"CommentAction","name":"Comment","target":["https:\/\/kapitalis.com\/tunisie\/2025\/03\/05\/securite-tunisie-la-garde-nationale-devoile-le-bilan-de-ses-operations-en-fevrier-2025\/#respond"]}]},{"@type":"WebPage","@id":"https:\/\/kapitalis.com\/tunisie\/2025\/03\/05\/securite-tunisie-la-garde-nationale-devoile-le-bilan-de-ses-operations-en-fevrier-2025\/","url":"https:\/\/kapitalis.com\/tunisie\/2025\/03\/05\/securite-tunisie-la-garde-nationale-devoile-le-bilan-de-ses-operations-en-fevrier-2025\/","name":"S\u00e9curit\u00e9 | Tunisie : La Garde nationale d\u00e9voile le bilan de ses op\u00e9rations en f\u00e9vrier 2025 - Kapitalis","isPartOf":{"@id":"https:\/\/kapitalis.com\/tunisie\/#website"},"primaryImageOfPage":{"@id":"https:\/\/kapitalis.com\/tunisie\/2025\/03\/05\/securite-tunisie-la-garde-nationale-devoile-le-bilan-de-ses-operations-en-fevrier-2025\/#primaryimage"},"image":{"@id":"https:\/\/kapitalis.com\/tunisie\/2025\/03\/05\/securite-tunisie-la-garde-nationale-devoile-le-bilan-de-ses-operations-en-fevrier-2025\/#primaryimage"},"thumbnailUrl":"https:\/\/kapitalis.com\/tunisie\/wp-content\/uploads\/2022\/10\/garde-nationale.jpg","datePublished":"2025-03-05T22:10:28+00:00","dateModified":"2025-03-06T16:45:51+00:00","breadcrumb":{"@id":"https:\/\/kapitalis.com\/tunisie\/2025\/03\/05\/securite-tunisie-la-garde-nationale-devoile-le-bilan-de-ses-operations-en-fevrier-2025\/#breadcrumb"},"inLanguage":"fr-FR","potentialAction":[{"@type":"ReadAction","target":["https:\/\/kapitalis.com\/tunisie\/2025\/03\/05\/securite-tunisie-la-garde-nationale-devoile-le-bilan-de-ses-operations-en-fevrier-2025\/"]}]},{"@type":"ImageObject","inLanguage":"fr-FR","@id":"https:\/\/kapitalis.com\/tunisie\/2025\/03\/05\/securite-tunisie-la-garde-nationale-devoile-le-bilan-de-ses-operations-en-fevrier-2025\/#primaryimage","url":"https:\/\/kapitalis.com\/tunisie\/wp-content\/uploads\/2022\/10\/garde-nationale.jpg","contentUrl":"https:\/\/kapitalis.com\/tunisie\/wp-content\/uploads\/2022\/10\/garde-nationale.jpg","width":1200,"height":630},{"@type":"BreadcrumbList","@id":"https:\/\/kapitalis.com\/tunisie\/2025\/03\/05\/securite-tunisie-la-garde-nationale-devoile-le-bilan-de-ses-operations-en-fevrier-2025\/#breadcrumb","itemListElement":[{"@type":"ListItem","position":1,"name":"Accueil","item":"https:\/\/kapitalis.com\/tunisie\/"},{"@type":"ListItem","position":2,"name":"S\u00e9curit\u00e9 | Tunisie : La Garde nationale d\u00e9voile le bilan de ses op\u00e9rations en f\u00e9vrier 2025"}]},{"@type":"WebSite","@id":"https:\/\/kapitalis.com\/tunisie\/#website","url":"https:\/\/kapitalis.com\/tunisie\/","name":"Kapitalis","description":"L&#039;actualit\u00e9 en Tunisie et dans le monde","publisher":{"@id":"https:\/\/kapitalis.com\/tunisie\/#organization"},"potentialAction":[{"@type":"SearchAction","target":{"@type":"EntryPoint","urlTemplate":"https:\/\/kapitalis.com\/tunisie\/?s={search_term_string}"},"query-input":{"@type":"PropertyValueSpecification","valueRequired":true,"valueName":"search_term_string"}}],"inLanguage":"fr-FR"},{"@type":"Organization","@id":"https:\/\/kapitalis.com\/tunisie\/#organization","name":"Kapitalis","url":"https:\/\/kapitalis.com\/tunisie\/","logo":{"@type":"ImageObject","inLanguage":"fr-FR","@id":"https:\/\/kapitalis.com\/tunisie\/#\/schema\/logo\/image\/","url":"https:\/\/kapitalis.com\/tunisie\/wp-content\/uploads\/2022\/05\/Kapitalis-big-size.png","contentUrl":"https:\/\/kapitalis.com\/tunisie\/wp-content\/uploads\/2022\/05\/Kapitalis-big-size.png","width":5000,"height":1500,"caption":"Kapitalis"},"image":{"@id":"https:\/\/kapitalis.com\/tunisie\/#\/schema\/logo\/image\/"},"sameAs":["https:\/\/www.facebook.com\/KapitalisInfo\/","https:\/\/x.com\/KapitalisInfo","https:\/\/www.youtube.com\/channel\/UC-yDYrHyfFBWWZaOw3FPg9Q"]},{"@type":"Person","@id":"https:\/\/kapitalis.com\/tunisie\/#\/schema\/person\/74bbde0154d49d790a92aaeac5bc01d5","name":"Yusra NY","url":"https:\/\/kapitalis.com\/tunisie\/author\/yuza_adam\/"}]}},"_links":{"self":[{"href":"https:\/\/kapitalis.com\/tunisie\/wp-json\/wp\/v2\/posts\/15800775","targetHints":{"allow":["GET"]}}],"collection":[{"href":"https:\/\/kapitalis.com\/tunisie\/wp-json\/wp\/v2\/posts"}],"about":[{"href":"https:\/\/kapitalis.com\/tunisie\/wp-json\/wp\/v2\/types\/post"}],"author":[{"embeddable":true,"href":"https:\/\/kapitalis.com\/tunisie\/wp-json\/wp\/v2\/users\/6"}],"replies":[{"embeddable":true,"href":"https:\/\/kapitalis.com\/tunisie\/wp-json\/wp\/v2\/comments?post=15800775"}],"version-history":[{"count":2,"href":"https:\/\/kapitalis.com\/tunisie\/wp-json\/wp\/v2\/posts\/15800775\/revisions"}],"predecessor-version":[{"id":15800835,"href":"https:\/\/kapitalis.com\/tunisie\/wp-json\/wp\/v2\/posts\/15800775\/revisions\/15800835"}],"wp:featuredmedia":[{"embeddable":true,"href":"https:\/\/kapitalis.com\/tunisie\/wp-json\/wp\/v2\/media\/4368667"}],"wp:attachment":[{"href":"https:\/\/kapitalis.com\/tunisie\/wp-json\/wp\/v2\/media?parent=15800775"}],"wp:term":[{"taxonomy":"category","embeddable":true,"href":"https:\/\/kapitalis.com\/tunisie\/wp-json\/wp\/v2\/categories?post=15800775"},{"taxonomy":"post_tag","embeddable":true,"href":"https:\/\/kapitalis.com\/tunisie\/wp-json\/wp\/v2\/tags?post=15800775"}],"curies":[{"name":"wp","href":"https:\/\/api.w.org\/{rel}","templated":true}]}}