{"id":15812996,"date":"2025-03-06T11:21:12","date_gmt":"2025-03-06T10:21:12","guid":{"rendered":"https:\/\/kapitalis.com\/tunisie\/?p=15812996"},"modified":"2025-03-06T11:21:14","modified_gmt":"2025-03-06T10:21:14","slug":"kais-saied-ou-limpatience-dun-chef-revolutionnaire","status":"publish","type":"post","link":"https:\/\/kapitalis.com\/tunisie\/2025\/03\/06\/kais-saied-ou-limpatience-dun-chef-revolutionnaire\/","title":{"rendered":"Kais Sa\u00efed ou l\u2019impatience d\u2019un chef r\u00e9volutionnaire\u00a0! \u00a0"},"content":{"rendered":"\n<p><strong><em>Kais Sa\u00efed, qui affectionne les formules toutes faites et les petites phrases, a d\u00e9clar\u00e9\u00a0: \u00abBeaucoup de ceux qui ont \u00e9t\u00e9 priv\u00e9s de leurs droits peuvent remplacer ceux qui ont manqu\u00e9 \u00e0 leurs devoirs\u00bb. \u00a0<\/em><\/strong><\/p>\n\n\n\n<!--more-->\n\n\n\n<p>Le pr\u00e9sident de la r\u00e9publique, qui parlait lors d\u2019une r\u00e9union, mercredi 5 mars 2025, au Palais de Carthage, avec le chef du gouvernement, Kamel Madouri, pour passer en revue la marche de l\u2019activit\u00e9 du gouvernement, critiquait ainsi les services administratifs qui ne sont pas assez simplifi\u00e9s pour servir le citoyen et imputait la responsabilit\u00e9 de cette mauvaise gouvernance \u00e0 ceux qui, par leur d\u00e9faillance, font montre de m\u00e9pris et de n\u00e9gligence d\u00e9lib\u00e9r\u00e9e.<\/p>\n\n\n\n<p>Le pr\u00e9sident de la r\u00e9publique a encore indiqu\u00e9 que la Tunisie regorge de comp\u00e9tences qui n\u2019ont pas eu leur chance au sein de l\u2019administration en d\u00e9pit de leur d\u00e9vouement, ajoutant que le premier crit\u00e8re de s\u00e9lection devrait \u00eatre bas\u00e9 sur le sens de la responsabilit\u00e9 nationale.<\/p>\n\n\n\n<p>De nombreux dipl\u00f4m\u00e9s du sup\u00e9rieur sont capables d\u2019assumer leurs responsabilit\u00e9s et de contribuer \u00e0 la bataille pour la lib\u00e9ration nationale, a-t-il soulign\u00e9, appelant, ainsi, clairement, \u00e0 faire une purge au sein de l\u2019administration publique pour la d\u00e9barrasser de ceux qui, selon lui, ne font pas preuve de d\u00e9vouement et de z\u00e8le dans le mise en \u0153uvre de son projet sociopolitique.<\/p>\n\n\n\n<p>Sa\u00efed, qui aime endosser l\u2019habit du lib\u00e9rateur national doubl\u00e9 de chef r\u00e9volutionnaire cherchant \u00e0 changer profond\u00e9ment la soci\u00e9t\u00e9 et l\u2019Etat, a aussi d\u00e9clar\u00e9 que les projets de lois et de d\u00e9crets en cours d\u2019\u00e9laboration doivent <em>\u00abaccorder la priorit\u00e9 absolue aux projets socio-\u00e9conomiques selon des approches qui rompent avec le lourd h\u00e9ritage l\u00e9gislatif contre lequel le peuple s\u2019est r\u00e9volt\u00e9\u00bb<\/em>, selon les termes utilis\u00e9s par un communiqu\u00e9 de la pr\u00e9sidence de la r\u00e9publique.<\/p>\n\n\n\n<p>Pour lui, l\u2019Etat, qui a jusque-l\u00e0 servi les nantis, les riches, les privil\u00e9gi\u00e9s et les corrompus, se doit aujourd\u2019hui de changer enti\u00e8rement ses r\u00e8gles et ses lois pour servir les pauvres, les d\u00e9munis et les laiss\u00e9s-pour-compte, dont il estime \u00eatre l\u2019avocat et le porte-parole.<\/p>\n\n\n\n<p>Reste que les changements qu\u2019il pr\u00e9conise tardent \u00e0 s\u2019inscrire dans le tissu r\u00e9el, d\u2019o\u00f9 sa frustration qui n\u2019a d\u2019\u00e9gal que celle du peuple qui s\u2019impatiente de voir les changements promis. Cherchez l\u2019erreur&nbsp;!<\/p>\n\n\n\n<p class=\"has-text-align-right\"><strong>I. B.<\/strong><\/p>\n\n\n\n<figure class=\"wp-block-embed is-type-wp-embed is-provider-kapitalis wp-block-embed-kapitalis\"><div class=\"wp-block-embed__wrapper\">\n<blockquote class=\"wp-embedded-content\" data-secret=\"4Lmn0ToFNm\"><a href=\"https:\/\/kapitalis.com\/tunisie\/2025\/03\/06\/la-tunisie-bloquee-bafouille-et-se-cherche\/\">La Tunisie, bloqu\u00e9e, bafouille et se cherche<\/a><\/blockquote><iframe loading=\"lazy\" class=\"wp-embedded-content\" sandbox=\"allow-scripts\" security=\"restricted\" style=\"position: absolute; visibility: hidden;\" title=\"\u00ab\u00a0La Tunisie, bloqu\u00e9e, bafouille et se cherche\u00a0\u00bb &#8212; Kapitalis\" src=\"https:\/\/kapitalis.com\/tunisie\/2025\/03\/06\/la-tunisie-bloquee-bafouille-et-se-cherche\/embed\/#?secret=HBaH7aqpxA#?secret=4Lmn0ToFNm\" data-secret=\"4Lmn0ToFNm\" width=\"600\" height=\"338\" frameborder=\"0\" marginwidth=\"0\" marginheight=\"0\" scrolling=\"no\"><\/iframe>\n<\/div><\/figure>\n","protected":false},"excerpt":{"rendered":"<p>Les changements pr\u00e9conis\u00e9s par Sa\u00efed tardent \u00e0 s\u2019inscrire dans le tissu r\u00e9el, d\u2019o\u00f9 la frustration du peuple qui s\u2019impatiente de les voir se r\u00e9aliser. <\/p>\n","protected":false},"author":8,"featured_media":15430715,"comment_status":"open","ping_status":"open","sticky":false,"template":"","format":"standard","meta":{"footnotes":""},"categories":[997,2433],"tags":[78464,115860,66046,121124,91063,62643],"class_list":["post-15812996","post","type-post","status-publish","format-standard","has-post-thumbnail","hentry","category-politique","category-tunisie","tag-kais-saied-4","tag-kamel-madouri","tag-mauvaise-gouvernance","tag-responsabilite-nationale","tag-services-administratifs","tag-tunisie"],"yoast_head":"<!-- This site is optimized with the Yoast SEO plugin v26.6 - https:\/\/yoast.com\/wordpress\/plugins\/seo\/ -->\n<title>Kais Sa\u00efed ou l\u2019impatience d\u2019un chef r\u00e9volutionnaire\u00a0! \u00a0 - Kapitalis<\/title>\n<meta name=\"robots\" content=\"index, follow, max-snippet:-1, max-image-preview:large, max-video-preview:-1\" \/>\n<link rel=\"canonical\" href=\"https:\/\/kapitalis.com\/tunisie\/2025\/03\/06\/kais-saied-ou-limpatience-dun-chef-revolutionnaire\/\" \/>\n<meta property=\"og:locale\" content=\"fr_FR\" \/>\n<meta property=\"og:type\" content=\"article\" \/>\n<meta property=\"og:title\" content=\"Kais Sa\u00efed ou l\u2019impatience d\u2019un chef r\u00e9volutionnaire\u00a0! \u00a0 - Kapitalis\" \/>\n<meta property=\"og:description\" content=\"Les changements pr\u00e9conis\u00e9s par Sa\u00efed tardent \u00e0 s\u2019inscrire dans le tissu r\u00e9el, d\u2019o\u00f9 la frustration du peuple qui s\u2019impatiente de les voir se r\u00e9aliser.\" \/>\n<meta property=\"og:url\" content=\"https:\/\/kapitalis.com\/tunisie\/2025\/03\/06\/kais-saied-ou-limpatience-dun-chef-revolutionnaire\/\" \/>\n<meta property=\"og:site_name\" content=\"Kapitalis\" \/>\n<meta property=\"article:publisher\" content=\"https:\/\/www.facebook.com\/KapitalisInfo\/\" \/>\n<meta property=\"article:published_time\" content=\"2025-03-06T10:21:12+00:00\" \/>\n<meta property=\"article:modified_time\" content=\"2025-03-06T10:21:14+00:00\" \/>\n<meta property=\"og:image\" content=\"https:\/\/kapitalis.com\/tunisie\/wp-content\/uploads\/2025\/02\/Kais-Saied-Kamel-Maddouri.jpg\" \/>\n\t<meta property=\"og:image:width\" content=\"1200\" \/>\n\t<meta property=\"og:image:height\" content=\"630\" \/>\n\t<meta property=\"og:image:type\" content=\"image\/jpeg\" \/>\n<meta name=\"author\" content=\"webmaster kapitalis\" \/>\n<meta name=\"twitter:card\" content=\"summary_large_image\" \/>\n<meta name=\"twitter:creator\" content=\"@KapitalisInfo\" \/>\n<meta name=\"twitter:site\" content=\"@KapitalisInfo\" \/>\n<meta name=\"twitter:label1\" content=\"\u00c9crit par\" \/>\n\t<meta name=\"twitter:data1\" content=\"webmaster kapitalis\" \/>\n\t<meta name=\"twitter:label2\" content=\"Dur\u00e9e de lecture estim\u00e9e\" \/>\n\t<meta name=\"twitter:data2\" content=\"3 minutes\" \/>\n<script type=\"application\/ld+json\" class=\"yoast-schema-graph\">{\"@context\":\"https:\/\/schema.org\",\"@graph\":[{\"@type\":\"Article\",\"@id\":\"https:\/\/kapitalis.com\/tunisie\/2025\/03\/06\/kais-saied-ou-limpatience-dun-chef-revolutionnaire\/#article\",\"isPartOf\":{\"@id\":\"https:\/\/kapitalis.com\/tunisie\/2025\/03\/06\/kais-saied-ou-limpatience-dun-chef-revolutionnaire\/\"},\"author\":{\"name\":\"webmaster kapitalis\",\"@id\":\"https:\/\/kapitalis.com\/tunisie\/#\/schema\/person\/d71f33a9ca44f7bad4698210b480c8e9\"},\"headline\":\"Kais Sa\u00efed ou l\u2019impatience d\u2019un chef r\u00e9volutionnaire\u00a0! \u00a0\",\"datePublished\":\"2025-03-06T10:21:12+00:00\",\"dateModified\":\"2025-03-06T10:21:14+00:00\",\"mainEntityOfPage\":{\"@id\":\"https:\/\/kapitalis.com\/tunisie\/2025\/03\/06\/kais-saied-ou-limpatience-dun-chef-revolutionnaire\/\"},\"wordCount\":439,\"commentCount\":0,\"publisher\":{\"@id\":\"https:\/\/kapitalis.com\/tunisie\/#organization\"},\"image\":{\"@id\":\"https:\/\/kapitalis.com\/tunisie\/2025\/03\/06\/kais-saied-ou-limpatience-dun-chef-revolutionnaire\/#primaryimage\"},\"thumbnailUrl\":\"https:\/\/kapitalis.com\/tunisie\/wp-content\/uploads\/2025\/02\/Kais-Saied-Kamel-Maddouri.jpg\",\"keywords\":[\"kais sa\u00efed\",\"Kamel Madouri\",\"mauvaise gouvernance\",\"responsabilit\u00e9 nationale\",\"services administratifs\",\"Tunisie\"],\"articleSection\":[\"POLITIQUE\",\"Tunisie\"],\"inLanguage\":\"fr-FR\",\"potentialAction\":[{\"@type\":\"CommentAction\",\"name\":\"Comment\",\"target\":[\"https:\/\/kapitalis.com\/tunisie\/2025\/03\/06\/kais-saied-ou-limpatience-dun-chef-revolutionnaire\/#respond\"]}]},{\"@type\":\"WebPage\",\"@id\":\"https:\/\/kapitalis.com\/tunisie\/2025\/03\/06\/kais-saied-ou-limpatience-dun-chef-revolutionnaire\/\",\"url\":\"https:\/\/kapitalis.com\/tunisie\/2025\/03\/06\/kais-saied-ou-limpatience-dun-chef-revolutionnaire\/\",\"name\":\"Kais Sa\u00efed ou l\u2019impatience d\u2019un chef r\u00e9volutionnaire\u00a0! \u00a0 - Kapitalis\",\"isPartOf\":{\"@id\":\"https:\/\/kapitalis.com\/tunisie\/#website\"},\"primaryImageOfPage\":{\"@id\":\"https:\/\/kapitalis.com\/tunisie\/2025\/03\/06\/kais-saied-ou-limpatience-dun-chef-revolutionnaire\/#primaryimage\"},\"image\":{\"@id\":\"https:\/\/kapitalis.com\/tunisie\/2025\/03\/06\/kais-saied-ou-limpatience-dun-chef-revolutionnaire\/#primaryimage\"},\"thumbnailUrl\":\"https:\/\/kapitalis.com\/tunisie\/wp-content\/uploads\/2025\/02\/Kais-Saied-Kamel-Maddouri.jpg\",\"datePublished\":\"2025-03-06T10:21:12+00:00\",\"dateModified\":\"2025-03-06T10:21:14+00:00\",\"breadcrumb\":{\"@id\":\"https:\/\/kapitalis.com\/tunisie\/2025\/03\/06\/kais-saied-ou-limpatience-dun-chef-revolutionnaire\/#breadcrumb\"},\"inLanguage\":\"fr-FR\",\"potentialAction\":[{\"@type\":\"ReadAction\",\"target\":[\"https:\/\/kapitalis.com\/tunisie\/2025\/03\/06\/kais-saied-ou-limpatience-dun-chef-revolutionnaire\/\"]}]},{\"@type\":\"ImageObject\",\"inLanguage\":\"fr-FR\",\"@id\":\"https:\/\/kapitalis.com\/tunisie\/2025\/03\/06\/kais-saied-ou-limpatience-dun-chef-revolutionnaire\/#primaryimage\",\"url\":\"https:\/\/kapitalis.com\/tunisie\/wp-content\/uploads\/2025\/02\/Kais-Saied-Kamel-Maddouri.jpg\",\"contentUrl\":\"https:\/\/kapitalis.com\/tunisie\/wp-content\/uploads\/2025\/02\/Kais-Saied-Kamel-Maddouri.jpg\",\"width\":1200,\"height\":630},{\"@type\":\"BreadcrumbList\",\"@id\":\"https:\/\/kapitalis.com\/tunisie\/2025\/03\/06\/kais-saied-ou-limpatience-dun-chef-revolutionnaire\/#breadcrumb\",\"itemListElement\":[{\"@type\":\"ListItem\",\"position\":1,\"name\":\"Accueil\",\"item\":\"https:\/\/kapitalis.com\/tunisie\/\"},{\"@type\":\"ListItem\",\"position\":2,\"name\":\"Kais Sa\u00efed ou l\u2019impatience d\u2019un chef r\u00e9volutionnaire\u00a0! \u00a0\"}]},{\"@type\":\"WebSite\",\"@id\":\"https:\/\/kapitalis.com\/tunisie\/#website\",\"url\":\"https:\/\/kapitalis.com\/tunisie\/\",\"name\":\"Kapitalis\",\"description\":\"L&#039;actualit\u00e9 en Tunisie et dans le monde\",\"publisher\":{\"@id\":\"https:\/\/kapitalis.com\/tunisie\/#organization\"},\"potentialAction\":[{\"@type\":\"SearchAction\",\"target\":{\"@type\":\"EntryPoint\",\"urlTemplate\":\"https:\/\/kapitalis.com\/tunisie\/?s={search_term_string}\"},\"query-input\":{\"@type\":\"PropertyValueSpecification\",\"valueRequired\":true,\"valueName\":\"search_term_string\"}}],\"inLanguage\":\"fr-FR\"},{\"@type\":\"Organization\",\"@id\":\"https:\/\/kapitalis.com\/tunisie\/#organization\",\"name\":\"Kapitalis\",\"url\":\"https:\/\/kapitalis.com\/tunisie\/\",\"logo\":{\"@type\":\"ImageObject\",\"inLanguage\":\"fr-FR\",\"@id\":\"https:\/\/kapitalis.com\/tunisie\/#\/schema\/logo\/image\/\",\"url\":\"https:\/\/kapitalis.com\/tunisie\/wp-content\/uploads\/2022\/05\/Kapitalis-big-size.png\",\"contentUrl\":\"https:\/\/kapitalis.com\/tunisie\/wp-content\/uploads\/2022\/05\/Kapitalis-big-size.png\",\"width\":5000,\"height\":1500,\"caption\":\"Kapitalis\"},\"image\":{\"@id\":\"https:\/\/kapitalis.com\/tunisie\/#\/schema\/logo\/image\/\"},\"sameAs\":[\"https:\/\/www.facebook.com\/KapitalisInfo\/\",\"https:\/\/x.com\/KapitalisInfo\",\"https:\/\/www.youtube.com\/channel\/UC-yDYrHyfFBWWZaOw3FPg9Q\"]},{\"@type\":\"Person\",\"@id\":\"https:\/\/kapitalis.com\/tunisie\/#\/schema\/person\/d71f33a9ca44f7bad4698210b480c8e9\",\"name\":\"webmaster kapitalis\",\"url\":\"https:\/\/kapitalis.com\/tunisie\/author\/webmaster-kapitalis\/\"}]}<\/script>\n<!-- \/ Yoast SEO plugin. -->","yoast_head_json":{"title":"Kais Sa\u00efed ou l\u2019impatience d\u2019un chef r\u00e9volutionnaire\u00a0! \u00a0 - Kapitalis","robots":{"index":"index","follow":"follow","max-snippet":"max-snippet:-1","max-image-preview":"max-image-preview:large","max-video-preview":"max-video-preview:-1"},"canonical":"https:\/\/kapitalis.com\/tunisie\/2025\/03\/06\/kais-saied-ou-limpatience-dun-chef-revolutionnaire\/","og_locale":"fr_FR","og_type":"article","og_title":"Kais Sa\u00efed ou l\u2019impatience d\u2019un chef r\u00e9volutionnaire\u00a0! \u00a0 - Kapitalis","og_description":"Les changements pr\u00e9conis\u00e9s par Sa\u00efed tardent \u00e0 s\u2019inscrire dans le tissu r\u00e9el, d\u2019o\u00f9 la frustration du peuple qui s\u2019impatiente de les voir se r\u00e9aliser.","og_url":"https:\/\/kapitalis.com\/tunisie\/2025\/03\/06\/kais-saied-ou-limpatience-dun-chef-revolutionnaire\/","og_site_name":"Kapitalis","article_publisher":"https:\/\/www.facebook.com\/KapitalisInfo\/","article_published_time":"2025-03-06T10:21:12+00:00","article_modified_time":"2025-03-06T10:21:14+00:00","og_image":[{"width":1200,"height":630,"url":"https:\/\/kapitalis.com\/tunisie\/wp-content\/uploads\/2025\/02\/Kais-Saied-Kamel-Maddouri.jpg","type":"image\/jpeg"}],"author":"webmaster kapitalis","twitter_card":"summary_large_image","twitter_creator":"@KapitalisInfo","twitter_site":"@KapitalisInfo","twitter_misc":{"\u00c9crit par":"webmaster kapitalis","Dur\u00e9e de lecture estim\u00e9e":"3 minutes"},"schema":{"@context":"https:\/\/schema.org","@graph":[{"@type":"Article","@id":"https:\/\/kapitalis.com\/tunisie\/2025\/03\/06\/kais-saied-ou-limpatience-dun-chef-revolutionnaire\/#article","isPartOf":{"@id":"https:\/\/kapitalis.com\/tunisie\/2025\/03\/06\/kais-saied-ou-limpatience-dun-chef-revolutionnaire\/"},"author":{"name":"webmaster kapitalis","@id":"https:\/\/kapitalis.com\/tunisie\/#\/schema\/person\/d71f33a9ca44f7bad4698210b480c8e9"},"headline":"Kais Sa\u00efed ou l\u2019impatience d\u2019un chef r\u00e9volutionnaire\u00a0! \u00a0","datePublished":"2025-03-06T10:21:12+00:00","dateModified":"2025-03-06T10:21:14+00:00","mainEntityOfPage":{"@id":"https:\/\/kapitalis.com\/tunisie\/2025\/03\/06\/kais-saied-ou-limpatience-dun-chef-revolutionnaire\/"},"wordCount":439,"commentCount":0,"publisher":{"@id":"https:\/\/kapitalis.com\/tunisie\/#organization"},"image":{"@id":"https:\/\/kapitalis.com\/tunisie\/2025\/03\/06\/kais-saied-ou-limpatience-dun-chef-revolutionnaire\/#primaryimage"},"thumbnailUrl":"https:\/\/kapitalis.com\/tunisie\/wp-content\/uploads\/2025\/02\/Kais-Saied-Kamel-Maddouri.jpg","keywords":["kais sa\u00efed","Kamel Madouri","mauvaise gouvernance","responsabilit\u00e9 nationale","services administratifs","Tunisie"],"articleSection":["POLITIQUE","Tunisie"],"inLanguage":"fr-FR","potentialAction":[{"@type":"CommentAction","name":"Comment","target":["https:\/\/kapitalis.com\/tunisie\/2025\/03\/06\/kais-saied-ou-limpatience-dun-chef-revolutionnaire\/#respond"]}]},{"@type":"WebPage","@id":"https:\/\/kapitalis.com\/tunisie\/2025\/03\/06\/kais-saied-ou-limpatience-dun-chef-revolutionnaire\/","url":"https:\/\/kapitalis.com\/tunisie\/2025\/03\/06\/kais-saied-ou-limpatience-dun-chef-revolutionnaire\/","name":"Kais Sa\u00efed ou l\u2019impatience d\u2019un chef r\u00e9volutionnaire\u00a0! \u00a0 - Kapitalis","isPartOf":{"@id":"https:\/\/kapitalis.com\/tunisie\/#website"},"primaryImageOfPage":{"@id":"https:\/\/kapitalis.com\/tunisie\/2025\/03\/06\/kais-saied-ou-limpatience-dun-chef-revolutionnaire\/#primaryimage"},"image":{"@id":"https:\/\/kapitalis.com\/tunisie\/2025\/03\/06\/kais-saied-ou-limpatience-dun-chef-revolutionnaire\/#primaryimage"},"thumbnailUrl":"https:\/\/kapitalis.com\/tunisie\/wp-content\/uploads\/2025\/02\/Kais-Saied-Kamel-Maddouri.jpg","datePublished":"2025-03-06T10:21:12+00:00","dateModified":"2025-03-06T10:21:14+00:00","breadcrumb":{"@id":"https:\/\/kapitalis.com\/tunisie\/2025\/03\/06\/kais-saied-ou-limpatience-dun-chef-revolutionnaire\/#breadcrumb"},"inLanguage":"fr-FR","potentialAction":[{"@type":"ReadAction","target":["https:\/\/kapitalis.com\/tunisie\/2025\/03\/06\/kais-saied-ou-limpatience-dun-chef-revolutionnaire\/"]}]},{"@type":"ImageObject","inLanguage":"fr-FR","@id":"https:\/\/kapitalis.com\/tunisie\/2025\/03\/06\/kais-saied-ou-limpatience-dun-chef-revolutionnaire\/#primaryimage","url":"https:\/\/kapitalis.com\/tunisie\/wp-content\/uploads\/2025\/02\/Kais-Saied-Kamel-Maddouri.jpg","contentUrl":"https:\/\/kapitalis.com\/tunisie\/wp-content\/uploads\/2025\/02\/Kais-Saied-Kamel-Maddouri.jpg","width":1200,"height":630},{"@type":"BreadcrumbList","@id":"https:\/\/kapitalis.com\/tunisie\/2025\/03\/06\/kais-saied-ou-limpatience-dun-chef-revolutionnaire\/#breadcrumb","itemListElement":[{"@type":"ListItem","position":1,"name":"Accueil","item":"https:\/\/kapitalis.com\/tunisie\/"},{"@type":"ListItem","position":2,"name":"Kais Sa\u00efed ou l\u2019impatience d\u2019un chef r\u00e9volutionnaire\u00a0! \u00a0"}]},{"@type":"WebSite","@id":"https:\/\/kapitalis.com\/tunisie\/#website","url":"https:\/\/kapitalis.com\/tunisie\/","name":"Kapitalis","description":"L&#039;actualit\u00e9 en Tunisie et dans le monde","publisher":{"@id":"https:\/\/kapitalis.com\/tunisie\/#organization"},"potentialAction":[{"@type":"SearchAction","target":{"@type":"EntryPoint","urlTemplate":"https:\/\/kapitalis.com\/tunisie\/?s={search_term_string}"},"query-input":{"@type":"PropertyValueSpecification","valueRequired":true,"valueName":"search_term_string"}}],"inLanguage":"fr-FR"},{"@type":"Organization","@id":"https:\/\/kapitalis.com\/tunisie\/#organization","name":"Kapitalis","url":"https:\/\/kapitalis.com\/tunisie\/","logo":{"@type":"ImageObject","inLanguage":"fr-FR","@id":"https:\/\/kapitalis.com\/tunisie\/#\/schema\/logo\/image\/","url":"https:\/\/kapitalis.com\/tunisie\/wp-content\/uploads\/2022\/05\/Kapitalis-big-size.png","contentUrl":"https:\/\/kapitalis.com\/tunisie\/wp-content\/uploads\/2022\/05\/Kapitalis-big-size.png","width":5000,"height":1500,"caption":"Kapitalis"},"image":{"@id":"https:\/\/kapitalis.com\/tunisie\/#\/schema\/logo\/image\/"},"sameAs":["https:\/\/www.facebook.com\/KapitalisInfo\/","https:\/\/x.com\/KapitalisInfo","https:\/\/www.youtube.com\/channel\/UC-yDYrHyfFBWWZaOw3FPg9Q"]},{"@type":"Person","@id":"https:\/\/kapitalis.com\/tunisie\/#\/schema\/person\/d71f33a9ca44f7bad4698210b480c8e9","name":"webmaster kapitalis","url":"https:\/\/kapitalis.com\/tunisie\/author\/webmaster-kapitalis\/"}]}},"_links":{"self":[{"href":"https:\/\/kapitalis.com\/tunisie\/wp-json\/wp\/v2\/posts\/15812996","targetHints":{"allow":["GET"]}}],"collection":[{"href":"https:\/\/kapitalis.com\/tunisie\/wp-json\/wp\/v2\/posts"}],"about":[{"href":"https:\/\/kapitalis.com\/tunisie\/wp-json\/wp\/v2\/types\/post"}],"author":[{"embeddable":true,"href":"https:\/\/kapitalis.com\/tunisie\/wp-json\/wp\/v2\/users\/8"}],"replies":[{"embeddable":true,"href":"https:\/\/kapitalis.com\/tunisie\/wp-json\/wp\/v2\/comments?post=15812996"}],"version-history":[{"count":1,"href":"https:\/\/kapitalis.com\/tunisie\/wp-json\/wp\/v2\/posts\/15812996\/revisions"}],"predecessor-version":[{"id":15813137,"href":"https:\/\/kapitalis.com\/tunisie\/wp-json\/wp\/v2\/posts\/15812996\/revisions\/15813137"}],"wp:featuredmedia":[{"embeddable":true,"href":"https:\/\/kapitalis.com\/tunisie\/wp-json\/wp\/v2\/media\/15430715"}],"wp:attachment":[{"href":"https:\/\/kapitalis.com\/tunisie\/wp-json\/wp\/v2\/media?parent=15812996"}],"wp:term":[{"taxonomy":"category","embeddable":true,"href":"https:\/\/kapitalis.com\/tunisie\/wp-json\/wp\/v2\/categories?post=15812996"},{"taxonomy":"post_tag","embeddable":true,"href":"https:\/\/kapitalis.com\/tunisie\/wp-json\/wp\/v2\/tags?post=15812996"}],"curies":[{"name":"wp","href":"https:\/\/api.w.org\/{rel}","templated":true}]}}