{"id":15821517,"date":"2025-03-06T20:54:30","date_gmt":"2025-03-06T19:54:30","guid":{"rendered":"https:\/\/kapitalis.com\/tunisie\/?p=15821517"},"modified":"2025-03-06T21:08:05","modified_gmt":"2025-03-06T20:08:05","slug":"tunisie-mae-consolider-la-cooperation-avec-le-systeme-des-nations-unies","status":"publish","type":"post","link":"https:\/\/kapitalis.com\/tunisie\/2025\/03\/06\/tunisie-mae-consolider-la-cooperation-avec-le-systeme-des-nations-unies\/","title":{"rendered":"Tunisie | MAE : \u00ab Consolider la coop\u00e9ration avec le syst\u00e8me des Nations Unies\u00bb"},"content":{"rendered":"\n<p><strong><em>Le minist\u00e8re des Affaires \u00e9trang\u00e8res a r\u00e9affirm\u00e9, ce jeudi 6 mars 2025, la volont\u00e9 de la Tunisie de consolider ses contributions actives et soutenir la coop\u00e9ration avec le syst\u00e8me des Nations Unies.<\/em><\/strong><\/p>\n\n\n\n<!--more-->\n\n\n\n<p><strong>Communiqu\u00e9<\/strong> :<\/p>\n\n\n\n<p>Dans le cadre de la d\u00e9termination de Monsieur le Pr\u00e9sident de la R\u00e9publique de renforcer la contribution effective de la Tunisie aux efforts visant \u00e0 promouvoir l&rsquo;action multilat\u00e9rale selon une nouvelle approche fond\u00e9e sur la modernisation de ses m\u00e9canismes de mani\u00e8re \u00e0 relever les d\u00e9fis \u00e9mergents et \u00e0 r\u00e9pondre aux aspirations des peuples \u00e0 un monde plus juste, plus s\u00e9curitaire, plus durable et plus humain, il a \u00e9t\u00e9 d\u00e9cid\u00e9 de placer l&rsquo;ann\u00e9e 2025, qui co\u00efncide avec le 80e anniversaire de la cr\u00e9ation de l&rsquo;Organisation des Nations Unies, sous le slogan : \u00ab<em>Renforcer l&rsquo;action multilat\u00e9rale et consolider la coop\u00e9ration avec le syst\u00e8me des Nations Unies<\/em> \u00bb.<\/p>\n\n\n\n<p>Cette initiative vient confirmer l\u2019engagement de la Tunisie en faveur de l\u2019action multilat\u00e9rale ainsi que son attachement aux fondements sur lesquels a \u00e9t\u00e9 institu\u00e9e l&rsquo;ONU, aux principes de la Charte onusienne et au respect du Droit international comme \u00e9tant des cadres incontournables pour \u00e9tablir la paix et la s\u00e9curit\u00e9 internationales et pour trouver de solutions communes et consensuelles face aux d\u00e9fis mondiaux, et aussi comme rempart unique \u00e0 m\u00eame d&rsquo;imposer l\u2019autorit\u00e9 du droit international, le respect du principe de l\u2019\u00e9galit\u00e9 souveraine des \u00c9tats, et comme ultime recours aux peuples en vue de r\u00e9clamer leur droit au d\u00e9veloppement, \u00e0 une vie d\u00e9cente et \u00e0 la justice sociale.<\/p>\n\n\n\n<p>Le Minist\u00e8re des Affaires \u00c9trang\u00e8res, de la Migration et des Tunisiens \u00e0 l\u2019Etranger \u0153uvrera, dans le cadre de la mise en \u0153uvre de cette initiative, \u00e0 renforcer la pr\u00e9sence de la Tunisie aux prochaines \u00e9ch\u00e9ances internationales et \u00e0 pr\u00e9senter des propositions et des initiatives en conformit\u00e9 aux priorit\u00e9s nationales.<\/p>\n\n\n\n<p>A cet \u00e9gard, plusieurs \u00e9v\u00e9nements y aff\u00e9rents seront organis\u00e9s \u00e0 l&rsquo;\u00e9chelle nationale et internationale, de mani\u00e8re \u00e0 impulser une nouvelle dynamique \u00e0 la pr\u00e9sence de la Tunisie sur la sc\u00e8ne internationale, valoriser son r\u00f4le en tant que force de proposition et d&rsquo;initiative, et faire entendre sa voix en tant que pays de paix et de dialogue, d\u00e9fenseur des causes justes, attach\u00e9 au respect droit international, \u00e0 la souverainet\u00e9 des \u00c9tats et \u00e0 l&rsquo;ind\u00e9pendance de leur prise de d\u00e9cision, et appelant \u00e0 un ordre international ax\u00e9 sur le d\u00e9veloppement pour tous, conform\u00e9ment aux valeurs de justice, de solidarit\u00e9, de coh\u00e9sion et de coexistence pacifique, afin de faire face aux d\u00e9fis internationaux actuels et \u00e9mergents.<\/p>\n","protected":false},"excerpt":{"rendered":"<p>Le minist\u00e8re des Affaires \u00e9trang\u00e8res a r\u00e9affirm\u00e9, ce jeudi 6 mars 2025, la volont\u00e9 de la Tunisie de consolider ses contributions actives et soutenir la coop\u00e9ration avec le syst\u00e8me des Nations Unies.<\/p>\n","protected":false},"author":6,"featured_media":15821586,"comment_status":"open","ping_status":"open","sticky":false,"template":"","format":"standard","meta":{"footnotes":""},"categories":[997,2433],"tags":[2312,74454,4013,3194,62643],"class_list":["post-15821517","post","type-post","status-publish","format-standard","has-post-thumbnail","hentry","category-politique","category-tunisie","tag-affaires-etrangeres","tag-mae","tag-nations-unies","tag-onu","tag-tunisie"],"yoast_head":"<!-- This site is optimized with the Yoast SEO plugin v26.6 - https:\/\/yoast.com\/wordpress\/plugins\/seo\/ -->\n<title>Tunisie | MAE : \u00ab Consolider la coop\u00e9ration avec le syst\u00e8me des Nations Unies\u00bb - Kapitalis<\/title>\n<meta name=\"robots\" content=\"index, follow, max-snippet:-1, max-image-preview:large, max-video-preview:-1\" \/>\n<link rel=\"canonical\" href=\"https:\/\/kapitalis.com\/tunisie\/2025\/03\/06\/tunisie-mae-consolider-la-cooperation-avec-le-systeme-des-nations-unies\/\" \/>\n<meta property=\"og:locale\" content=\"fr_FR\" \/>\n<meta property=\"og:type\" content=\"article\" \/>\n<meta property=\"og:title\" content=\"Tunisie | MAE : \u00ab Consolider la coop\u00e9ration avec le syst\u00e8me des Nations Unies\u00bb - Kapitalis\" \/>\n<meta property=\"og:description\" content=\"Le minist\u00e8re des Affaires \u00e9trang\u00e8res a r\u00e9affirm\u00e9, ce jeudi 6 mars 2025, la volont\u00e9 de la Tunisie de consolider ses contributions actives et soutenir la coop\u00e9ration avec le syst\u00e8me des Nations Unies.\" \/>\n<meta property=\"og:url\" content=\"https:\/\/kapitalis.com\/tunisie\/2025\/03\/06\/tunisie-mae-consolider-la-cooperation-avec-le-systeme-des-nations-unies\/\" \/>\n<meta property=\"og:site_name\" content=\"Kapitalis\" \/>\n<meta property=\"article:publisher\" content=\"https:\/\/www.facebook.com\/KapitalisInfo\/\" \/>\n<meta property=\"article:published_time\" content=\"2025-03-06T19:54:30+00:00\" \/>\n<meta property=\"article:modified_time\" content=\"2025-03-06T20:08:05+00:00\" \/>\n<meta property=\"og:image\" content=\"https:\/\/kapitalis.com\/tunisie\/wp-content\/uploads\/2025\/03\/Nations-Unies-Tunisie.jpg\" \/>\n\t<meta property=\"og:image:width\" content=\"1200\" \/>\n\t<meta property=\"og:image:height\" content=\"630\" \/>\n\t<meta property=\"og:image:type\" content=\"image\/jpeg\" \/>\n<meta name=\"author\" content=\"Yusra NY\" \/>\n<meta name=\"twitter:card\" content=\"summary_large_image\" \/>\n<meta name=\"twitter:creator\" content=\"@KapitalisInfo\" \/>\n<meta name=\"twitter:site\" content=\"@KapitalisInfo\" \/>\n<meta name=\"twitter:label1\" content=\"\u00c9crit par\" \/>\n\t<meta name=\"twitter:data1\" content=\"Yusra NY\" \/>\n\t<meta name=\"twitter:label2\" content=\"Dur\u00e9e de lecture estim\u00e9e\" \/>\n\t<meta name=\"twitter:data2\" content=\"3 minutes\" \/>\n<script type=\"application\/ld+json\" class=\"yoast-schema-graph\">{\"@context\":\"https:\/\/schema.org\",\"@graph\":[{\"@type\":\"Article\",\"@id\":\"https:\/\/kapitalis.com\/tunisie\/2025\/03\/06\/tunisie-mae-consolider-la-cooperation-avec-le-systeme-des-nations-unies\/#article\",\"isPartOf\":{\"@id\":\"https:\/\/kapitalis.com\/tunisie\/2025\/03\/06\/tunisie-mae-consolider-la-cooperation-avec-le-systeme-des-nations-unies\/\"},\"author\":{\"name\":\"Yusra NY\",\"@id\":\"https:\/\/kapitalis.com\/tunisie\/#\/schema\/person\/74bbde0154d49d790a92aaeac5bc01d5\"},\"headline\":\"Tunisie | MAE : \u00ab Consolider la coop\u00e9ration avec le syst\u00e8me des Nations Unies\u00bb\",\"datePublished\":\"2025-03-06T19:54:30+00:00\",\"dateModified\":\"2025-03-06T20:08:05+00:00\",\"mainEntityOfPage\":{\"@id\":\"https:\/\/kapitalis.com\/tunisie\/2025\/03\/06\/tunisie-mae-consolider-la-cooperation-avec-le-systeme-des-nations-unies\/\"},\"wordCount\":454,\"commentCount\":2,\"publisher\":{\"@id\":\"https:\/\/kapitalis.com\/tunisie\/#organization\"},\"image\":{\"@id\":\"https:\/\/kapitalis.com\/tunisie\/2025\/03\/06\/tunisie-mae-consolider-la-cooperation-avec-le-systeme-des-nations-unies\/#primaryimage\"},\"thumbnailUrl\":\"https:\/\/kapitalis.com\/tunisie\/wp-content\/uploads\/2025\/03\/Nations-Unies-Tunisie.jpg\",\"keywords\":[\"affaires \u00e9trang\u00e8res\",\"MAE\",\"Nations unies\",\"Onu\",\"Tunisie\"],\"articleSection\":[\"POLITIQUE\",\"Tunisie\"],\"inLanguage\":\"fr-FR\",\"potentialAction\":[{\"@type\":\"CommentAction\",\"name\":\"Comment\",\"target\":[\"https:\/\/kapitalis.com\/tunisie\/2025\/03\/06\/tunisie-mae-consolider-la-cooperation-avec-le-systeme-des-nations-unies\/#respond\"]}]},{\"@type\":\"WebPage\",\"@id\":\"https:\/\/kapitalis.com\/tunisie\/2025\/03\/06\/tunisie-mae-consolider-la-cooperation-avec-le-systeme-des-nations-unies\/\",\"url\":\"https:\/\/kapitalis.com\/tunisie\/2025\/03\/06\/tunisie-mae-consolider-la-cooperation-avec-le-systeme-des-nations-unies\/\",\"name\":\"Tunisie | MAE : \u00ab Consolider la coop\u00e9ration avec le syst\u00e8me des Nations Unies\u00bb - Kapitalis\",\"isPartOf\":{\"@id\":\"https:\/\/kapitalis.com\/tunisie\/#website\"},\"primaryImageOfPage\":{\"@id\":\"https:\/\/kapitalis.com\/tunisie\/2025\/03\/06\/tunisie-mae-consolider-la-cooperation-avec-le-systeme-des-nations-unies\/#primaryimage\"},\"image\":{\"@id\":\"https:\/\/kapitalis.com\/tunisie\/2025\/03\/06\/tunisie-mae-consolider-la-cooperation-avec-le-systeme-des-nations-unies\/#primaryimage\"},\"thumbnailUrl\":\"https:\/\/kapitalis.com\/tunisie\/wp-content\/uploads\/2025\/03\/Nations-Unies-Tunisie.jpg\",\"datePublished\":\"2025-03-06T19:54:30+00:00\",\"dateModified\":\"2025-03-06T20:08:05+00:00\",\"breadcrumb\":{\"@id\":\"https:\/\/kapitalis.com\/tunisie\/2025\/03\/06\/tunisie-mae-consolider-la-cooperation-avec-le-systeme-des-nations-unies\/#breadcrumb\"},\"inLanguage\":\"fr-FR\",\"potentialAction\":[{\"@type\":\"ReadAction\",\"target\":[\"https:\/\/kapitalis.com\/tunisie\/2025\/03\/06\/tunisie-mae-consolider-la-cooperation-avec-le-systeme-des-nations-unies\/\"]}]},{\"@type\":\"ImageObject\",\"inLanguage\":\"fr-FR\",\"@id\":\"https:\/\/kapitalis.com\/tunisie\/2025\/03\/06\/tunisie-mae-consolider-la-cooperation-avec-le-systeme-des-nations-unies\/#primaryimage\",\"url\":\"https:\/\/kapitalis.com\/tunisie\/wp-content\/uploads\/2025\/03\/Nations-Unies-Tunisie.jpg\",\"contentUrl\":\"https:\/\/kapitalis.com\/tunisie\/wp-content\/uploads\/2025\/03\/Nations-Unies-Tunisie.jpg\",\"width\":1200,\"height\":630},{\"@type\":\"BreadcrumbList\",\"@id\":\"https:\/\/kapitalis.com\/tunisie\/2025\/03\/06\/tunisie-mae-consolider-la-cooperation-avec-le-systeme-des-nations-unies\/#breadcrumb\",\"itemListElement\":[{\"@type\":\"ListItem\",\"position\":1,\"name\":\"Accueil\",\"item\":\"https:\/\/kapitalis.com\/tunisie\/\"},{\"@type\":\"ListItem\",\"position\":2,\"name\":\"Tunisie | MAE : \u00ab Consolider la coop\u00e9ration avec le syst\u00e8me des Nations Unies\u00bb\"}]},{\"@type\":\"WebSite\",\"@id\":\"https:\/\/kapitalis.com\/tunisie\/#website\",\"url\":\"https:\/\/kapitalis.com\/tunisie\/\",\"name\":\"Kapitalis\",\"description\":\"L&#039;actualit\u00e9 en Tunisie et dans le monde\",\"publisher\":{\"@id\":\"https:\/\/kapitalis.com\/tunisie\/#organization\"},\"potentialAction\":[{\"@type\":\"SearchAction\",\"target\":{\"@type\":\"EntryPoint\",\"urlTemplate\":\"https:\/\/kapitalis.com\/tunisie\/?s={search_term_string}\"},\"query-input\":{\"@type\":\"PropertyValueSpecification\",\"valueRequired\":true,\"valueName\":\"search_term_string\"}}],\"inLanguage\":\"fr-FR\"},{\"@type\":\"Organization\",\"@id\":\"https:\/\/kapitalis.com\/tunisie\/#organization\",\"name\":\"Kapitalis\",\"url\":\"https:\/\/kapitalis.com\/tunisie\/\",\"logo\":{\"@type\":\"ImageObject\",\"inLanguage\":\"fr-FR\",\"@id\":\"https:\/\/kapitalis.com\/tunisie\/#\/schema\/logo\/image\/\",\"url\":\"https:\/\/kapitalis.com\/tunisie\/wp-content\/uploads\/2022\/05\/Kapitalis-big-size.png\",\"contentUrl\":\"https:\/\/kapitalis.com\/tunisie\/wp-content\/uploads\/2022\/05\/Kapitalis-big-size.png\",\"width\":5000,\"height\":1500,\"caption\":\"Kapitalis\"},\"image\":{\"@id\":\"https:\/\/kapitalis.com\/tunisie\/#\/schema\/logo\/image\/\"},\"sameAs\":[\"https:\/\/www.facebook.com\/KapitalisInfo\/\",\"https:\/\/x.com\/KapitalisInfo\",\"https:\/\/www.youtube.com\/channel\/UC-yDYrHyfFBWWZaOw3FPg9Q\"]},{\"@type\":\"Person\",\"@id\":\"https:\/\/kapitalis.com\/tunisie\/#\/schema\/person\/74bbde0154d49d790a92aaeac5bc01d5\",\"name\":\"Yusra NY\",\"url\":\"https:\/\/kapitalis.com\/tunisie\/author\/yuza_adam\/\"}]}<\/script>\n<!-- \/ Yoast SEO plugin. -->","yoast_head_json":{"title":"Tunisie | MAE : \u00ab Consolider la coop\u00e9ration avec le syst\u00e8me des Nations Unies\u00bb - Kapitalis","robots":{"index":"index","follow":"follow","max-snippet":"max-snippet:-1","max-image-preview":"max-image-preview:large","max-video-preview":"max-video-preview:-1"},"canonical":"https:\/\/kapitalis.com\/tunisie\/2025\/03\/06\/tunisie-mae-consolider-la-cooperation-avec-le-systeme-des-nations-unies\/","og_locale":"fr_FR","og_type":"article","og_title":"Tunisie | MAE : \u00ab Consolider la coop\u00e9ration avec le syst\u00e8me des Nations Unies\u00bb - Kapitalis","og_description":"Le minist\u00e8re des Affaires \u00e9trang\u00e8res a r\u00e9affirm\u00e9, ce jeudi 6 mars 2025, la volont\u00e9 de la Tunisie de consolider ses contributions actives et soutenir la coop\u00e9ration avec le syst\u00e8me des Nations Unies.","og_url":"https:\/\/kapitalis.com\/tunisie\/2025\/03\/06\/tunisie-mae-consolider-la-cooperation-avec-le-systeme-des-nations-unies\/","og_site_name":"Kapitalis","article_publisher":"https:\/\/www.facebook.com\/KapitalisInfo\/","article_published_time":"2025-03-06T19:54:30+00:00","article_modified_time":"2025-03-06T20:08:05+00:00","og_image":[{"width":1200,"height":630,"url":"https:\/\/kapitalis.com\/tunisie\/wp-content\/uploads\/2025\/03\/Nations-Unies-Tunisie.jpg","type":"image\/jpeg"}],"author":"Yusra NY","twitter_card":"summary_large_image","twitter_creator":"@KapitalisInfo","twitter_site":"@KapitalisInfo","twitter_misc":{"\u00c9crit par":"Yusra NY","Dur\u00e9e de lecture estim\u00e9e":"3 minutes"},"schema":{"@context":"https:\/\/schema.org","@graph":[{"@type":"Article","@id":"https:\/\/kapitalis.com\/tunisie\/2025\/03\/06\/tunisie-mae-consolider-la-cooperation-avec-le-systeme-des-nations-unies\/#article","isPartOf":{"@id":"https:\/\/kapitalis.com\/tunisie\/2025\/03\/06\/tunisie-mae-consolider-la-cooperation-avec-le-systeme-des-nations-unies\/"},"author":{"name":"Yusra NY","@id":"https:\/\/kapitalis.com\/tunisie\/#\/schema\/person\/74bbde0154d49d790a92aaeac5bc01d5"},"headline":"Tunisie | MAE : \u00ab Consolider la coop\u00e9ration avec le syst\u00e8me des Nations Unies\u00bb","datePublished":"2025-03-06T19:54:30+00:00","dateModified":"2025-03-06T20:08:05+00:00","mainEntityOfPage":{"@id":"https:\/\/kapitalis.com\/tunisie\/2025\/03\/06\/tunisie-mae-consolider-la-cooperation-avec-le-systeme-des-nations-unies\/"},"wordCount":454,"commentCount":2,"publisher":{"@id":"https:\/\/kapitalis.com\/tunisie\/#organization"},"image":{"@id":"https:\/\/kapitalis.com\/tunisie\/2025\/03\/06\/tunisie-mae-consolider-la-cooperation-avec-le-systeme-des-nations-unies\/#primaryimage"},"thumbnailUrl":"https:\/\/kapitalis.com\/tunisie\/wp-content\/uploads\/2025\/03\/Nations-Unies-Tunisie.jpg","keywords":["affaires \u00e9trang\u00e8res","MAE","Nations unies","Onu","Tunisie"],"articleSection":["POLITIQUE","Tunisie"],"inLanguage":"fr-FR","potentialAction":[{"@type":"CommentAction","name":"Comment","target":["https:\/\/kapitalis.com\/tunisie\/2025\/03\/06\/tunisie-mae-consolider-la-cooperation-avec-le-systeme-des-nations-unies\/#respond"]}]},{"@type":"WebPage","@id":"https:\/\/kapitalis.com\/tunisie\/2025\/03\/06\/tunisie-mae-consolider-la-cooperation-avec-le-systeme-des-nations-unies\/","url":"https:\/\/kapitalis.com\/tunisie\/2025\/03\/06\/tunisie-mae-consolider-la-cooperation-avec-le-systeme-des-nations-unies\/","name":"Tunisie | MAE : \u00ab Consolider la coop\u00e9ration avec le syst\u00e8me des Nations Unies\u00bb - Kapitalis","isPartOf":{"@id":"https:\/\/kapitalis.com\/tunisie\/#website"},"primaryImageOfPage":{"@id":"https:\/\/kapitalis.com\/tunisie\/2025\/03\/06\/tunisie-mae-consolider-la-cooperation-avec-le-systeme-des-nations-unies\/#primaryimage"},"image":{"@id":"https:\/\/kapitalis.com\/tunisie\/2025\/03\/06\/tunisie-mae-consolider-la-cooperation-avec-le-systeme-des-nations-unies\/#primaryimage"},"thumbnailUrl":"https:\/\/kapitalis.com\/tunisie\/wp-content\/uploads\/2025\/03\/Nations-Unies-Tunisie.jpg","datePublished":"2025-03-06T19:54:30+00:00","dateModified":"2025-03-06T20:08:05+00:00","breadcrumb":{"@id":"https:\/\/kapitalis.com\/tunisie\/2025\/03\/06\/tunisie-mae-consolider-la-cooperation-avec-le-systeme-des-nations-unies\/#breadcrumb"},"inLanguage":"fr-FR","potentialAction":[{"@type":"ReadAction","target":["https:\/\/kapitalis.com\/tunisie\/2025\/03\/06\/tunisie-mae-consolider-la-cooperation-avec-le-systeme-des-nations-unies\/"]}]},{"@type":"ImageObject","inLanguage":"fr-FR","@id":"https:\/\/kapitalis.com\/tunisie\/2025\/03\/06\/tunisie-mae-consolider-la-cooperation-avec-le-systeme-des-nations-unies\/#primaryimage","url":"https:\/\/kapitalis.com\/tunisie\/wp-content\/uploads\/2025\/03\/Nations-Unies-Tunisie.jpg","contentUrl":"https:\/\/kapitalis.com\/tunisie\/wp-content\/uploads\/2025\/03\/Nations-Unies-Tunisie.jpg","width":1200,"height":630},{"@type":"BreadcrumbList","@id":"https:\/\/kapitalis.com\/tunisie\/2025\/03\/06\/tunisie-mae-consolider-la-cooperation-avec-le-systeme-des-nations-unies\/#breadcrumb","itemListElement":[{"@type":"ListItem","position":1,"name":"Accueil","item":"https:\/\/kapitalis.com\/tunisie\/"},{"@type":"ListItem","position":2,"name":"Tunisie | MAE : \u00ab Consolider la coop\u00e9ration avec le syst\u00e8me des Nations Unies\u00bb"}]},{"@type":"WebSite","@id":"https:\/\/kapitalis.com\/tunisie\/#website","url":"https:\/\/kapitalis.com\/tunisie\/","name":"Kapitalis","description":"L&#039;actualit\u00e9 en Tunisie et dans le monde","publisher":{"@id":"https:\/\/kapitalis.com\/tunisie\/#organization"},"potentialAction":[{"@type":"SearchAction","target":{"@type":"EntryPoint","urlTemplate":"https:\/\/kapitalis.com\/tunisie\/?s={search_term_string}"},"query-input":{"@type":"PropertyValueSpecification","valueRequired":true,"valueName":"search_term_string"}}],"inLanguage":"fr-FR"},{"@type":"Organization","@id":"https:\/\/kapitalis.com\/tunisie\/#organization","name":"Kapitalis","url":"https:\/\/kapitalis.com\/tunisie\/","logo":{"@type":"ImageObject","inLanguage":"fr-FR","@id":"https:\/\/kapitalis.com\/tunisie\/#\/schema\/logo\/image\/","url":"https:\/\/kapitalis.com\/tunisie\/wp-content\/uploads\/2022\/05\/Kapitalis-big-size.png","contentUrl":"https:\/\/kapitalis.com\/tunisie\/wp-content\/uploads\/2022\/05\/Kapitalis-big-size.png","width":5000,"height":1500,"caption":"Kapitalis"},"image":{"@id":"https:\/\/kapitalis.com\/tunisie\/#\/schema\/logo\/image\/"},"sameAs":["https:\/\/www.facebook.com\/KapitalisInfo\/","https:\/\/x.com\/KapitalisInfo","https:\/\/www.youtube.com\/channel\/UC-yDYrHyfFBWWZaOw3FPg9Q"]},{"@type":"Person","@id":"https:\/\/kapitalis.com\/tunisie\/#\/schema\/person\/74bbde0154d49d790a92aaeac5bc01d5","name":"Yusra NY","url":"https:\/\/kapitalis.com\/tunisie\/author\/yuza_adam\/"}]}},"_links":{"self":[{"href":"https:\/\/kapitalis.com\/tunisie\/wp-json\/wp\/v2\/posts\/15821517","targetHints":{"allow":["GET"]}}],"collection":[{"href":"https:\/\/kapitalis.com\/tunisie\/wp-json\/wp\/v2\/posts"}],"about":[{"href":"https:\/\/kapitalis.com\/tunisie\/wp-json\/wp\/v2\/types\/post"}],"author":[{"embeddable":true,"href":"https:\/\/kapitalis.com\/tunisie\/wp-json\/wp\/v2\/users\/6"}],"replies":[{"embeddable":true,"href":"https:\/\/kapitalis.com\/tunisie\/wp-json\/wp\/v2\/comments?post=15821517"}],"version-history":[{"count":2,"href":"https:\/\/kapitalis.com\/tunisie\/wp-json\/wp\/v2\/posts\/15821517\/revisions"}],"predecessor-version":[{"id":15821602,"href":"https:\/\/kapitalis.com\/tunisie\/wp-json\/wp\/v2\/posts\/15821517\/revisions\/15821602"}],"wp:featuredmedia":[{"embeddable":true,"href":"https:\/\/kapitalis.com\/tunisie\/wp-json\/wp\/v2\/media\/15821586"}],"wp:attachment":[{"href":"https:\/\/kapitalis.com\/tunisie\/wp-json\/wp\/v2\/media?parent=15821517"}],"wp:term":[{"taxonomy":"category","embeddable":true,"href":"https:\/\/kapitalis.com\/tunisie\/wp-json\/wp\/v2\/categories?post=15821517"},{"taxonomy":"post_tag","embeddable":true,"href":"https:\/\/kapitalis.com\/tunisie\/wp-json\/wp\/v2\/tags?post=15821517"}],"curies":[{"name":"wp","href":"https:\/\/api.w.org\/{rel}","templated":true}]}}