{"id":15825946,"date":"2025-03-09T08:20:00","date_gmt":"2025-03-09T07:20:00","guid":{"rendered":"https:\/\/kapitalis.com\/tunisie\/?p=15825946"},"modified":"2025-03-07T10:35:09","modified_gmt":"2025-03-07T09:35:09","slug":"war-biden-le-jesuite-ou-lenfer-pave-de-bonnes-intentions","status":"publish","type":"post","link":"https:\/\/kapitalis.com\/tunisie\/2025\/03\/09\/war-biden-le-jesuite-ou-lenfer-pave-de-bonnes-intentions\/","title":{"rendered":"\u00a0\u2018\u2018War\u2019\u2019: Biden le j\u00e9suite, ou l\u2019enfer pav\u00e9 \u00a0de bonnes intentions"},"content":{"rendered":"\n<p><strong><em>Exprimant le politiquement correct cher \u00e0 l\u2019establishment am\u00e9ricain et croyant pouvoir contribuer \u00e0 emp\u00eacher le retour au pouvoir de l\u2019Am\u00e9rique populiste, brouillonne et fasciste de Donald Trump, le c\u00e9l\u00e8bre journaliste am\u00e9ricain Bob Woodward nous d\u00e9peint dans son dernier livre, \u2018\u2018War\u2019\u2019, publi\u00e9 avant la derni\u00e8re pr\u00e9sidentielle am\u00e9ricaine un Joe Biden qui s\u2019apparente plus \u00e0 un j\u00e9suite ma\u00eetre du double langage qu\u2019au chr\u00e9tien charitable qu\u2019il pr\u00e9tend \u00eatre. Mais du c\u00f4t\u00e9 des infid\u00e8les que nous sommes, l\u2019un ou l\u2019autre, c\u2019est Hadj Moussa et Moussa Hadj.<\/em><\/strong><\/p>\n\n\n\n<p><strong>Dr Mounir Hanablia *<\/strong><\/p>\n\n\n\n<!--more-->\n\n\n\n<p>Quel a \u00e9t\u00e9 le bilan du Pr\u00e9sident am\u00e9ricain Joe Biden? Il est sans doute trop t\u00f4t&nbsp;pour l\u2019\u00e9valuer. L\u2019impression premi\u00e8re est celle d\u2019un pr\u00e9sident align\u00e9 comme aucun pr\u00e9sident ne l\u2019avait jamais \u00e9t\u00e9 sur de pr\u00e9suppos\u00e9s atlantistes en Ukraine et sionistes en Palestine, qui n\u2019a pas r\u00e9sist\u00e9 \u00e0 sa vieillesse et qui a fini par remettre en selle son vieux challenger Donald Trump, celui dont plusieurs membres de l\u2019establishment \u00e9tatsunien consid\u00e8rent l\u2019acc\u00e8s \u00e0 la pr\u00e9sidence comme absolument catastrophique pour les int\u00e9r\u00eats de&nbsp; leur pays.<\/p>\n\n\n\n<p>Si on s\u2019en r\u00e9f\u00e8re \u00e0 la r\u00e9cente performance de Trump face \u00e0 Zelenski, humili\u00e9&nbsp;et tourn\u00e9 en ridicule, on peut consid\u00e9rer que le nouveau pr\u00e9sident am\u00e9ricain n\u2019a pas d\u00e9rog\u00e9 \u00e0 sa promesse de prendre \u00e0 contre-pied la politique de son pr\u00e9d\u00e9cesseur, dont le prestige avait \u00e9t\u00e9 d\u2019embl\u00e9e terni par le catastrophique retrait d\u2019Afghanistan et le fiasco des services de renseignement sur l\u2019effondrement imm\u00e9diat du r\u00e9gime afghan fantoche face aux talibans apr\u00e8s le retrait militaire am\u00e9ricain.<\/p>\n\n\n\n<p>Bob Woodword s\u2019efforce \u00e0 travers les pages du livre d\u2019opposer&nbsp;un Biden attach\u00e9 aux valeurs morales et juridiques d\u2019un ordre international pr\u00e9dictible, au comportement impulsif ou compulsif d\u2019un Trump que son \u00e9go surdimensionn\u00e9 emp\u00eache d\u2019\u00e9couter la voix de conseillers choisis d\u2019ailleurs avant tout pour leur soutien ind\u00e9fectible et dont on ignore s\u2019ils sont \u00e0 m\u00eame de lui prodiguer les conseils n\u00e9cessaires.<\/p>\n\n\n\n<p>On apprend ainsi que loin d\u2019\u00eatre l\u2019anti-guerre qu\u2019il se vante d\u2019\u00eatre, ce dernier n\u2019avait pas h\u00e9sit\u00e9 \u00e0 conduire son pays au seuil de l\u2019affrontement&nbsp;nucl\u00e9aire avec la Cor\u00e9e du Nord que seul le sang froid d\u2019une poign\u00e9e de g\u00e9n\u00e9raux avait \u00e9vit\u00e9e.&nbsp;<\/p>\n\n\n\n<p>A contrario, Biden avait tout fait pour dissuader le Pr\u00e9sident russe de recourir aux armes nucl\u00e9aires, face aux difficult\u00e9s militaires de son arm\u00e9e en Ukraine. Ainsi, il y aurait eu les deux m\u00e9chants parce qu\u2019impr\u00e9visibles, Trump et Poutine, auxquels on peut sans h\u00e9siter associer le pire parmi tous, Benjamin Netanyahu, le criminel&nbsp;de guerre isra\u00e9lien, qui n\u2019offre \u00e0 la population civile palestinienne et Gaza et dans les territoires occup\u00e9s que deux alternatives : l\u2019exode ou la mort.<\/p>\n\n\n\n<figure class=\"wp-block-embed is-type-wp-embed is-provider-kapitalis wp-block-embed-kapitalis\"><div class=\"wp-block-embed__wrapper\">\n<blockquote class=\"wp-embedded-content\" data-secret=\"vgqLPT4dI6\"><a href=\"https:\/\/kapitalis.com\/tunisie\/2025\/01\/20\/etats-unis-le-bilan-catastrophique-de-la-presidence-biden\/\">Etats-Unis\u00a0: le bilan catastrophique de la pr\u00e9sidence Biden<\/a><\/blockquote><iframe loading=\"lazy\" class=\"wp-embedded-content\" sandbox=\"allow-scripts\" security=\"restricted\" style=\"position: absolute; visibility: hidden;\" title=\"\u00ab\u00a0Etats-Unis\u00a0: le bilan catastrophique de la pr\u00e9sidence Biden\u00a0\u00bb &#8212; Kapitalis\" src=\"https:\/\/kapitalis.com\/tunisie\/2025\/01\/20\/etats-unis-le-bilan-catastrophique-de-la-presidence-biden\/embed\/#?secret=byofhsVAaZ#?secret=vgqLPT4dI6\" data-secret=\"vgqLPT4dI6\" width=\"600\" height=\"338\" frameborder=\"0\" marginwidth=\"0\" marginheight=\"0\" scrolling=\"no\"><\/iframe>\n<\/div><\/figure>\n\n\n\n<h2 class=\"wp-block-heading\">Dichotomie entre le discours et les actes &nbsp;<\/h2>\n\n\n\n<p>Cependant, Biden avait-il propos\u00e9&nbsp;autre chose lors de son s\u00e9jour \u00e0 J\u00e9rusalem dans un h\u00f4pital palestinien, lorsque face \u00e0 ses interlocuteurs rappelant les malheurs issus de l\u2019occupation, il avait r\u00e9pondu que lui-m\u00eame \u00e9tait un fils d\u2019immigr\u00e9s irlandais?<\/p>\n\n\n\n<p>Il y aurait suffisamment mati\u00e8re \u00e0 discussion pour savoir si les politiques russe et isra\u00e9lienne seraient aussi impr\u00e9visibles du moment que les int\u00e9r\u00eats g\u00e9ostrat\u00e9giques des uns et des autres ont toujours \u00e9t\u00e9 clairement d\u00e9finis.<\/p>\n\n\n\n<p>Tout compte fait, c\u2019est la dichotomie entre le discours soucieux du respect du droit international et de la protection des civils, et les actes du gouvernement am\u00e9ricain livrant des dizaines de milliards de dollars en armement qui doivent \u00eatre not\u00e9s.<\/p>\n\n\n\n<p>La guerre en Ukraine, brillamment annonc\u00e9e par le renseignement am\u00e9ricain&nbsp;plusieurs semaines avant ses d\u00e9buts, n\u2019a pas pris l\u2019Administration Biden de cours. Elle&nbsp; est peut-\u00eatre n\u00e9e de l\u2019esprit de Poutine d\u00e9sirant passer \u00e0 la post\u00e9rit\u00e9 comme l\u2019a \u00e9t\u00e9 Pierre le Grand, en tant que h\u00e9ros russe, et il n\u2019est nul besoin d\u2019\u00eatre un dictateur pour nourrir de tels r\u00eaves.&nbsp;<\/p>\n\n\n\n<p>C\u2019est bien le refus am\u00e9ricain de fournir des garanties contre l\u2019adh\u00e9sion de l\u2019Ukraine \u00e0 l\u2019Otan, qui a pr\u00e9cipit\u00e9 l\u2019agression militaire russe. Les Am\u00e9ricains ne pouvaient pas permettre \u00e0 la Russie de remettre en cause le nouvel \u00e9quilibre europ\u00e9en issu de l\u2019effondrement de l\u2019Union Sovi\u00e9tique.<\/p>\n\n\n\n<p>Ainsi qu\u2019on l\u2019apprend incidemment dans le livre, le pr\u00e9sident am\u00e9ricain peut se targuer \u00e0 la fin de sa pr\u00e9sidence d\u2019avoir inflig\u00e9 des dommages irr\u00e9parables \u00e0 la puissance de la Russie par le biais du conflit militaire et des sanctions \u00e9conomiques auxquelles ses alli\u00e9s europ\u00e9ens se sont&nbsp;associ\u00e9s.<\/p>\n\n\n\n<figure class=\"wp-block-embed is-type-wp-embed is-provider-kapitalis wp-block-embed-kapitalis\"><div class=\"wp-block-embed__wrapper\">\n<blockquote class=\"wp-embedded-content\" data-secret=\"4Syb8XBuoC\"><a href=\"https:\/\/kapitalis.com\/tunisie\/2024\/11\/07\/la-victoire-de-donald-trump-est-celle-de-benjamin-netanyahu\/\">La victoire de Donald Trump est celle de Benjamin Netanyahu<\/a><\/blockquote><iframe loading=\"lazy\" class=\"wp-embedded-content\" sandbox=\"allow-scripts\" security=\"restricted\" style=\"position: absolute; visibility: hidden;\" title=\"\u00ab\u00a0La victoire de Donald Trump est celle de Benjamin Netanyahu\u00a0\u00bb &#8212; Kapitalis\" src=\"https:\/\/kapitalis.com\/tunisie\/2024\/11\/07\/la-victoire-de-donald-trump-est-celle-de-benjamin-netanyahu\/embed\/#?secret=H1GdjDpzKk#?secret=4Syb8XBuoC\" data-secret=\"4Syb8XBuoC\" width=\"600\" height=\"338\" frameborder=\"0\" marginwidth=\"0\" marginheight=\"0\" scrolling=\"no\"><\/iframe>\n<\/div><\/figure>\n\n\n\n<h2 class=\"wp-block-heading\">Un soutien militaire ind\u00e9fectible aux Isra\u00e9liens<\/h2>\n\n\n\n<p>Si on s\u2019en r\u00e9f\u00e8re \u00e0 la guerre \u00e0 Gaza, on ne peut que souligner le soutien militaire ind\u00e9fectible accord\u00e9 aux Isra\u00e9liens dans leur entreprise d\u2019\u00e9puration ethnique.<\/p>\n\n\n\n<p>L\u2019auteur du livre souligne toute la d\u00e9fiance de l\u2019administration am\u00e9ricaine, en particulier ses services de renseignement, aux th\u00e8ses isra\u00e9liennes. Celle-ci se targue d\u2019avoir \u00e9vit\u00e9 une attaque pr\u00e9ventive contre le Hezbollah dont le pr\u00e9texte aurait&nbsp;\u00e9t\u00e9 un vol d\u2019oiseaux per\u00e7u sur les radars comme une attaque de drones.<\/p>\n\n\n\n<p>En r\u00e9alit\u00e9, c\u2019est le Hezbollah qui, en prenant les devants et en ouvrant les hostilit\u00e9s, a impos\u00e9 \u00e0 l\u2019\u00e9tat-major sioniste la modification de ses plans, une r\u00e9alit\u00e9 totalement occult\u00e9e par l\u2019auteur du livre et qui semble lui avoir \u00e9chapp\u00e9.<\/p>\n\n\n\n<p>Les Isra\u00e9liens&nbsp;tout en continuant la destruction m\u00e9thodique&nbsp;de Gaza ont pr\u00e9par\u00e9 leur future attaque contre le Sud Liban, et ils n\u2019auraient pu mener une guerre de cette ampleur et sur une aussi longue dur\u00e9e sans l\u2019appui financier logistique m\u00e9thodique et syst\u00e9matique de l\u2019alli\u00e9 am\u00e9ricain, et m\u00eame de ses firmes high tech, \u00e0 l\u2019instar de Microsoft, dont on a appris plus tard qu\u2019elle a particip\u00e9 directement \u00e0 la guerre aux c\u00f4t\u00e9s de l\u2019arm\u00e9e isra\u00e9lienne, sans doute en lui fournissant les donn\u00e9es n\u00e9cessaires \u00e0 ses op\u00e9rations de ciblage et de destruction du commandement de ses adversaires. Biden a bien qualifi\u00e9 Netanyahu de menteur et de foutu <em>\u00abtrou du c.\u00bb<\/em>, mais dans le m\u00eame esprit de Franklin Roosevelt parlant de l\u2019ancien dictateur du Nicaragua Somoza : <em>\u00abcet homme est un foutu trou du c., mais c\u2019est notre trou du c.\u00bb<\/em>. Et si Netanyahu a \u00e9t\u00e9 pr\u00e8s de mettre le feu aux poudres au Moyen-Orient, en tuant deux g\u00e9n\u00e9raux iraniens dans un bombardement \u00e0 Damas, il est difficile d\u2019opposer \u00e0 cela une volont\u00e9 de d\u00e9sescalade du Pr\u00e9sident Biden apr\u00e8s lui avoir fourni toute l\u2019aide n\u00e9cessaire pour le faire, de circonscrire l\u2019affrontement \u00e0 Gaza et de prot\u00e9ger les civils. Force est de constater que depuis lors les bases am\u00e9ricaines ont \u00e9t\u00e9 attaqu\u00e9es et des soldats sont morts.<\/p>\n\n\n\n<h2 class=\"wp-block-heading\">C\u2019est Hadj Moussa et Moussa Hadj<\/h2>\n\n\n\n<p>Un autre volet trait\u00e9 par le livre est celui de la fronti\u00e8re Sud des Etats-Unis probablement \u00e0 cause de son incidence sur la campagne pr\u00e9sidentielle (dont les r\u00e9sultats ne sont pas trait\u00e9s par l\u2019auteur). Il est curieux de comparer l\u2019afflux de plusieurs centaines de milliers de personnes cherchant du travail et fuyant des pays calamiteux \u00e0 la\u00a0 guerre. Mais ici c\u2019est le langage de Trump qui finit par s\u2019imposer m\u00eame si l\u2019auteur cr\u00e9dite\u00a0l\u2019ancien pr\u00e9sident de sa volont\u00e9 de respecter une nouvelle fois le droit international des r\u00e9fugi\u00e9s et de ne pas recourir aux moyens que son adversaire r\u00e9publicain promet, de reconduire manu militari les \u00e9trangers\u00a0\u00e0 la fronti\u00e8re, de les parquer dans des camps de concentration et de ne pas h\u00e9siter pour ce faire \u00e0 s\u00e9parer les enfants de leurs parents.<\/p>\n\n\n\n<p>On sort de cette lecture avec une impression d\u2019un&nbsp;ouvrage \u00e9crit&nbsp;dans l\u2019urgence avant les \u00e9lections pr\u00e9sidentielles pour parer \u00e0 une menace, celle du retour au pouvoir d\u2019un homme, Donald Trump, consid\u00e9r\u00e9 comme catastrophique et pouvant remettre une nouvelle fois en question les fondements de la d\u00e9mocratie am\u00e9ricaine.<\/p>\n\n\n\n<p>Dans ce cas, les opinions exprim\u00e9es sur l\u2019Ukraine et Gaza ne l\u2019ont pas \u00e9t\u00e9 dans le but d\u2019\u00e9crire l\u2019Histoire, mais de faire l\u2019apologie du pr\u00e9sident sortant trahi par son \u00e2ge ainsi que par sa volont\u00e9 de sauver \u00e0 tout prix son fils Hunter. Kamala Harris est ainsi pr\u00e9sent\u00e9e comme se situant dans la continuit\u00e9 d\u2019une politique am\u00e9ricaine rationnelle et responsable.<\/p>\n\n\n\n<p>L\u2019ouvrage est plus r\u00e9v\u00e9lateur de l\u2019auteur, ins\u00e9r\u00e9 en tant qu\u2019ancien journaliste du <em>Washington Post<\/em> dans l\u2019establishment m\u00e9diatique am\u00e9ricain et exprimant le politiquement correct, contre la perspective du retour au pouvoir de l\u2019Am\u00e9rique populiste, brouillonne et fasciste de Trump. Le Biden d\u00e9peint s\u2019apparente plus \u00e0 un j\u00e9suite ma\u00eetre du double langage qu\u2019au chr\u00e9tien charitable qu\u2019il pr\u00e9tend \u00eatre. Mais du c\u00f4t\u00e9 des infid\u00e8les que nous sommes, l\u2019un ou l\u2019autre, c\u2019est Hadj Moussa et Moussa Hadj.\u00a0 \u00a0 \u00a0 \u00a0 \u00a0<\/p>\n\n\n\n<p>* <em>M\u00e9decin de libre pratique.<\/em> <\/p>\n","protected":false},"excerpt":{"rendered":"<p>Il y a toujours une dichotomie entre le discours et les actes du gouvernement am\u00e9ricain qu&rsquo;il soit conduit par Biden ou Trump.<\/p>\n","protected":false},"author":8,"featured_media":15826002,"comment_status":"open","ping_status":"open","sticky":false,"template":"","format":"standard","meta":{"footnotes":""},"categories":[992,997,2433],"tags":[78944,96032,9054,75918,2444,2478,72144,6842,121148],"class_list":["post-15825946","post","type-post","status-publish","format-standard","has-post-thumbnail","hentry","category-a-la-une","category-politique","category-tunisie","tag-benjamin-netanyahu","tag-bob-woodward","tag-donald-trump","tag-etats-unis-2","tag-gaza","tag-israel","tag-joe-biden","tag-ukraine","tag-volodomyr-zelenski"],"yoast_head":"<!-- This site is optimized with the Yoast SEO plugin v26.6 - https:\/\/yoast.com\/wordpress\/plugins\/seo\/ -->\n<title>\u00a0\u2018\u2018War\u2019\u2019: Biden le j\u00e9suite, ou l\u2019enfer pav\u00e9 \u00a0de bonnes intentions - Kapitalis<\/title>\n<meta name=\"robots\" content=\"index, follow, max-snippet:-1, max-image-preview:large, max-video-preview:-1\" \/>\n<link rel=\"canonical\" href=\"https:\/\/kapitalis.com\/tunisie\/2025\/03\/09\/war-biden-le-jesuite-ou-lenfer-pave-de-bonnes-intentions\/\" \/>\n<meta property=\"og:locale\" content=\"fr_FR\" \/>\n<meta property=\"og:type\" content=\"article\" \/>\n<meta property=\"og:title\" content=\"\u00a0\u2018\u2018War\u2019\u2019: Biden le j\u00e9suite, ou l\u2019enfer pav\u00e9 \u00a0de bonnes intentions - Kapitalis\" \/>\n<meta property=\"og:description\" content=\"Il y a toujours une dichotomie entre le discours et les actes du gouvernement am\u00e9ricain qu&#039;il soit conduit par Biden ou Trump.\" \/>\n<meta property=\"og:url\" content=\"https:\/\/kapitalis.com\/tunisie\/2025\/03\/09\/war-biden-le-jesuite-ou-lenfer-pave-de-bonnes-intentions\/\" \/>\n<meta property=\"og:site_name\" content=\"Kapitalis\" \/>\n<meta property=\"article:publisher\" content=\"https:\/\/www.facebook.com\/KapitalisInfo\/\" \/>\n<meta property=\"article:published_time\" content=\"2025-03-09T07:20:00+00:00\" \/>\n<meta property=\"og:image\" content=\"https:\/\/kapitalis.com\/tunisie\/wp-content\/uploads\/2025\/03\/Trump-Biden.jpg\" \/>\n\t<meta property=\"og:image:width\" content=\"1200\" \/>\n\t<meta property=\"og:image:height\" content=\"630\" \/>\n\t<meta property=\"og:image:type\" content=\"image\/jpeg\" \/>\n<meta name=\"author\" content=\"webmaster kapitalis\" \/>\n<meta name=\"twitter:card\" content=\"summary_large_image\" \/>\n<meta name=\"twitter:creator\" content=\"@KapitalisInfo\" \/>\n<meta name=\"twitter:site\" content=\"@KapitalisInfo\" \/>\n<meta name=\"twitter:label1\" content=\"\u00c9crit par\" \/>\n\t<meta name=\"twitter:data1\" content=\"webmaster kapitalis\" \/>\n\t<meta name=\"twitter:label2\" content=\"Dur\u00e9e de lecture estim\u00e9e\" \/>\n\t<meta name=\"twitter:data2\" content=\"8 minutes\" \/>\n<script type=\"application\/ld+json\" class=\"yoast-schema-graph\">{\"@context\":\"https:\/\/schema.org\",\"@graph\":[{\"@type\":\"Article\",\"@id\":\"https:\/\/kapitalis.com\/tunisie\/2025\/03\/09\/war-biden-le-jesuite-ou-lenfer-pave-de-bonnes-intentions\/#article\",\"isPartOf\":{\"@id\":\"https:\/\/kapitalis.com\/tunisie\/2025\/03\/09\/war-biden-le-jesuite-ou-lenfer-pave-de-bonnes-intentions\/\"},\"author\":{\"name\":\"webmaster kapitalis\",\"@id\":\"https:\/\/kapitalis.com\/tunisie\/#\/schema\/person\/d71f33a9ca44f7bad4698210b480c8e9\"},\"headline\":\"\u00a0\u2018\u2018War\u2019\u2019: Biden le j\u00e9suite, ou l\u2019enfer pav\u00e9 \u00a0de bonnes intentions\",\"datePublished\":\"2025-03-09T07:20:00+00:00\",\"mainEntityOfPage\":{\"@id\":\"https:\/\/kapitalis.com\/tunisie\/2025\/03\/09\/war-biden-le-jesuite-ou-lenfer-pave-de-bonnes-intentions\/\"},\"wordCount\":1630,\"commentCount\":0,\"publisher\":{\"@id\":\"https:\/\/kapitalis.com\/tunisie\/#organization\"},\"image\":{\"@id\":\"https:\/\/kapitalis.com\/tunisie\/2025\/03\/09\/war-biden-le-jesuite-ou-lenfer-pave-de-bonnes-intentions\/#primaryimage\"},\"thumbnailUrl\":\"https:\/\/kapitalis.com\/tunisie\/wp-content\/uploads\/2025\/03\/Trump-Biden.jpg\",\"keywords\":[\"Benjamin Netanyahu\",\"Bob Woodward\",\"Donald Trump\",\"Etats-Unis\",\"Gaza\",\"Isra\u00ebl\",\"Joe Biden\",\"Ukraine\",\"Volodomyr Zelenski\"],\"articleSection\":[\"A LA UNE\",\"POLITIQUE\",\"Tunisie\"],\"inLanguage\":\"fr-FR\",\"potentialAction\":[{\"@type\":\"CommentAction\",\"name\":\"Comment\",\"target\":[\"https:\/\/kapitalis.com\/tunisie\/2025\/03\/09\/war-biden-le-jesuite-ou-lenfer-pave-de-bonnes-intentions\/#respond\"]}]},{\"@type\":\"WebPage\",\"@id\":\"https:\/\/kapitalis.com\/tunisie\/2025\/03\/09\/war-biden-le-jesuite-ou-lenfer-pave-de-bonnes-intentions\/\",\"url\":\"https:\/\/kapitalis.com\/tunisie\/2025\/03\/09\/war-biden-le-jesuite-ou-lenfer-pave-de-bonnes-intentions\/\",\"name\":\"\u00a0\u2018\u2018War\u2019\u2019: Biden le j\u00e9suite, ou l\u2019enfer pav\u00e9 \u00a0de bonnes intentions - Kapitalis\",\"isPartOf\":{\"@id\":\"https:\/\/kapitalis.com\/tunisie\/#website\"},\"primaryImageOfPage\":{\"@id\":\"https:\/\/kapitalis.com\/tunisie\/2025\/03\/09\/war-biden-le-jesuite-ou-lenfer-pave-de-bonnes-intentions\/#primaryimage\"},\"image\":{\"@id\":\"https:\/\/kapitalis.com\/tunisie\/2025\/03\/09\/war-biden-le-jesuite-ou-lenfer-pave-de-bonnes-intentions\/#primaryimage\"},\"thumbnailUrl\":\"https:\/\/kapitalis.com\/tunisie\/wp-content\/uploads\/2025\/03\/Trump-Biden.jpg\",\"datePublished\":\"2025-03-09T07:20:00+00:00\",\"breadcrumb\":{\"@id\":\"https:\/\/kapitalis.com\/tunisie\/2025\/03\/09\/war-biden-le-jesuite-ou-lenfer-pave-de-bonnes-intentions\/#breadcrumb\"},\"inLanguage\":\"fr-FR\",\"potentialAction\":[{\"@type\":\"ReadAction\",\"target\":[\"https:\/\/kapitalis.com\/tunisie\/2025\/03\/09\/war-biden-le-jesuite-ou-lenfer-pave-de-bonnes-intentions\/\"]}]},{\"@type\":\"ImageObject\",\"inLanguage\":\"fr-FR\",\"@id\":\"https:\/\/kapitalis.com\/tunisie\/2025\/03\/09\/war-biden-le-jesuite-ou-lenfer-pave-de-bonnes-intentions\/#primaryimage\",\"url\":\"https:\/\/kapitalis.com\/tunisie\/wp-content\/uploads\/2025\/03\/Trump-Biden.jpg\",\"contentUrl\":\"https:\/\/kapitalis.com\/tunisie\/wp-content\/uploads\/2025\/03\/Trump-Biden.jpg\",\"width\":1200,\"height\":630},{\"@type\":\"BreadcrumbList\",\"@id\":\"https:\/\/kapitalis.com\/tunisie\/2025\/03\/09\/war-biden-le-jesuite-ou-lenfer-pave-de-bonnes-intentions\/#breadcrumb\",\"itemListElement\":[{\"@type\":\"ListItem\",\"position\":1,\"name\":\"Accueil\",\"item\":\"https:\/\/kapitalis.com\/tunisie\/\"},{\"@type\":\"ListItem\",\"position\":2,\"name\":\"\u00a0\u2018\u2018War\u2019\u2019: Biden le j\u00e9suite, ou l\u2019enfer pav\u00e9 \u00a0de bonnes intentions\"}]},{\"@type\":\"WebSite\",\"@id\":\"https:\/\/kapitalis.com\/tunisie\/#website\",\"url\":\"https:\/\/kapitalis.com\/tunisie\/\",\"name\":\"Kapitalis\",\"description\":\"L&#039;actualit\u00e9 en Tunisie et dans le monde\",\"publisher\":{\"@id\":\"https:\/\/kapitalis.com\/tunisie\/#organization\"},\"potentialAction\":[{\"@type\":\"SearchAction\",\"target\":{\"@type\":\"EntryPoint\",\"urlTemplate\":\"https:\/\/kapitalis.com\/tunisie\/?s={search_term_string}\"},\"query-input\":{\"@type\":\"PropertyValueSpecification\",\"valueRequired\":true,\"valueName\":\"search_term_string\"}}],\"inLanguage\":\"fr-FR\"},{\"@type\":\"Organization\",\"@id\":\"https:\/\/kapitalis.com\/tunisie\/#organization\",\"name\":\"Kapitalis\",\"url\":\"https:\/\/kapitalis.com\/tunisie\/\",\"logo\":{\"@type\":\"ImageObject\",\"inLanguage\":\"fr-FR\",\"@id\":\"https:\/\/kapitalis.com\/tunisie\/#\/schema\/logo\/image\/\",\"url\":\"https:\/\/kapitalis.com\/tunisie\/wp-content\/uploads\/2022\/05\/Kapitalis-big-size.png\",\"contentUrl\":\"https:\/\/kapitalis.com\/tunisie\/wp-content\/uploads\/2022\/05\/Kapitalis-big-size.png\",\"width\":5000,\"height\":1500,\"caption\":\"Kapitalis\"},\"image\":{\"@id\":\"https:\/\/kapitalis.com\/tunisie\/#\/schema\/logo\/image\/\"},\"sameAs\":[\"https:\/\/www.facebook.com\/KapitalisInfo\/\",\"https:\/\/x.com\/KapitalisInfo\",\"https:\/\/www.youtube.com\/channel\/UC-yDYrHyfFBWWZaOw3FPg9Q\"]},{\"@type\":\"Person\",\"@id\":\"https:\/\/kapitalis.com\/tunisie\/#\/schema\/person\/d71f33a9ca44f7bad4698210b480c8e9\",\"name\":\"webmaster kapitalis\",\"url\":\"https:\/\/kapitalis.com\/tunisie\/author\/webmaster-kapitalis\/\"}]}<\/script>\n<!-- \/ Yoast SEO plugin. -->","yoast_head_json":{"title":"\u00a0\u2018\u2018War\u2019\u2019: Biden le j\u00e9suite, ou l\u2019enfer pav\u00e9 \u00a0de bonnes intentions - Kapitalis","robots":{"index":"index","follow":"follow","max-snippet":"max-snippet:-1","max-image-preview":"max-image-preview:large","max-video-preview":"max-video-preview:-1"},"canonical":"https:\/\/kapitalis.com\/tunisie\/2025\/03\/09\/war-biden-le-jesuite-ou-lenfer-pave-de-bonnes-intentions\/","og_locale":"fr_FR","og_type":"article","og_title":"\u00a0\u2018\u2018War\u2019\u2019: Biden le j\u00e9suite, ou l\u2019enfer pav\u00e9 \u00a0de bonnes intentions - Kapitalis","og_description":"Il y a toujours une dichotomie entre le discours et les actes du gouvernement am\u00e9ricain qu'il soit conduit par Biden ou Trump.","og_url":"https:\/\/kapitalis.com\/tunisie\/2025\/03\/09\/war-biden-le-jesuite-ou-lenfer-pave-de-bonnes-intentions\/","og_site_name":"Kapitalis","article_publisher":"https:\/\/www.facebook.com\/KapitalisInfo\/","article_published_time":"2025-03-09T07:20:00+00:00","og_image":[{"width":1200,"height":630,"url":"https:\/\/kapitalis.com\/tunisie\/wp-content\/uploads\/2025\/03\/Trump-Biden.jpg","type":"image\/jpeg"}],"author":"webmaster kapitalis","twitter_card":"summary_large_image","twitter_creator":"@KapitalisInfo","twitter_site":"@KapitalisInfo","twitter_misc":{"\u00c9crit par":"webmaster kapitalis","Dur\u00e9e de lecture estim\u00e9e":"8 minutes"},"schema":{"@context":"https:\/\/schema.org","@graph":[{"@type":"Article","@id":"https:\/\/kapitalis.com\/tunisie\/2025\/03\/09\/war-biden-le-jesuite-ou-lenfer-pave-de-bonnes-intentions\/#article","isPartOf":{"@id":"https:\/\/kapitalis.com\/tunisie\/2025\/03\/09\/war-biden-le-jesuite-ou-lenfer-pave-de-bonnes-intentions\/"},"author":{"name":"webmaster kapitalis","@id":"https:\/\/kapitalis.com\/tunisie\/#\/schema\/person\/d71f33a9ca44f7bad4698210b480c8e9"},"headline":"\u00a0\u2018\u2018War\u2019\u2019: Biden le j\u00e9suite, ou l\u2019enfer pav\u00e9 \u00a0de bonnes intentions","datePublished":"2025-03-09T07:20:00+00:00","mainEntityOfPage":{"@id":"https:\/\/kapitalis.com\/tunisie\/2025\/03\/09\/war-biden-le-jesuite-ou-lenfer-pave-de-bonnes-intentions\/"},"wordCount":1630,"commentCount":0,"publisher":{"@id":"https:\/\/kapitalis.com\/tunisie\/#organization"},"image":{"@id":"https:\/\/kapitalis.com\/tunisie\/2025\/03\/09\/war-biden-le-jesuite-ou-lenfer-pave-de-bonnes-intentions\/#primaryimage"},"thumbnailUrl":"https:\/\/kapitalis.com\/tunisie\/wp-content\/uploads\/2025\/03\/Trump-Biden.jpg","keywords":["Benjamin Netanyahu","Bob Woodward","Donald Trump","Etats-Unis","Gaza","Isra\u00ebl","Joe Biden","Ukraine","Volodomyr Zelenski"],"articleSection":["A LA UNE","POLITIQUE","Tunisie"],"inLanguage":"fr-FR","potentialAction":[{"@type":"CommentAction","name":"Comment","target":["https:\/\/kapitalis.com\/tunisie\/2025\/03\/09\/war-biden-le-jesuite-ou-lenfer-pave-de-bonnes-intentions\/#respond"]}]},{"@type":"WebPage","@id":"https:\/\/kapitalis.com\/tunisie\/2025\/03\/09\/war-biden-le-jesuite-ou-lenfer-pave-de-bonnes-intentions\/","url":"https:\/\/kapitalis.com\/tunisie\/2025\/03\/09\/war-biden-le-jesuite-ou-lenfer-pave-de-bonnes-intentions\/","name":"\u00a0\u2018\u2018War\u2019\u2019: Biden le j\u00e9suite, ou l\u2019enfer pav\u00e9 \u00a0de bonnes intentions - Kapitalis","isPartOf":{"@id":"https:\/\/kapitalis.com\/tunisie\/#website"},"primaryImageOfPage":{"@id":"https:\/\/kapitalis.com\/tunisie\/2025\/03\/09\/war-biden-le-jesuite-ou-lenfer-pave-de-bonnes-intentions\/#primaryimage"},"image":{"@id":"https:\/\/kapitalis.com\/tunisie\/2025\/03\/09\/war-biden-le-jesuite-ou-lenfer-pave-de-bonnes-intentions\/#primaryimage"},"thumbnailUrl":"https:\/\/kapitalis.com\/tunisie\/wp-content\/uploads\/2025\/03\/Trump-Biden.jpg","datePublished":"2025-03-09T07:20:00+00:00","breadcrumb":{"@id":"https:\/\/kapitalis.com\/tunisie\/2025\/03\/09\/war-biden-le-jesuite-ou-lenfer-pave-de-bonnes-intentions\/#breadcrumb"},"inLanguage":"fr-FR","potentialAction":[{"@type":"ReadAction","target":["https:\/\/kapitalis.com\/tunisie\/2025\/03\/09\/war-biden-le-jesuite-ou-lenfer-pave-de-bonnes-intentions\/"]}]},{"@type":"ImageObject","inLanguage":"fr-FR","@id":"https:\/\/kapitalis.com\/tunisie\/2025\/03\/09\/war-biden-le-jesuite-ou-lenfer-pave-de-bonnes-intentions\/#primaryimage","url":"https:\/\/kapitalis.com\/tunisie\/wp-content\/uploads\/2025\/03\/Trump-Biden.jpg","contentUrl":"https:\/\/kapitalis.com\/tunisie\/wp-content\/uploads\/2025\/03\/Trump-Biden.jpg","width":1200,"height":630},{"@type":"BreadcrumbList","@id":"https:\/\/kapitalis.com\/tunisie\/2025\/03\/09\/war-biden-le-jesuite-ou-lenfer-pave-de-bonnes-intentions\/#breadcrumb","itemListElement":[{"@type":"ListItem","position":1,"name":"Accueil","item":"https:\/\/kapitalis.com\/tunisie\/"},{"@type":"ListItem","position":2,"name":"\u00a0\u2018\u2018War\u2019\u2019: Biden le j\u00e9suite, ou l\u2019enfer pav\u00e9 \u00a0de bonnes intentions"}]},{"@type":"WebSite","@id":"https:\/\/kapitalis.com\/tunisie\/#website","url":"https:\/\/kapitalis.com\/tunisie\/","name":"Kapitalis","description":"L&#039;actualit\u00e9 en Tunisie et dans le monde","publisher":{"@id":"https:\/\/kapitalis.com\/tunisie\/#organization"},"potentialAction":[{"@type":"SearchAction","target":{"@type":"EntryPoint","urlTemplate":"https:\/\/kapitalis.com\/tunisie\/?s={search_term_string}"},"query-input":{"@type":"PropertyValueSpecification","valueRequired":true,"valueName":"search_term_string"}}],"inLanguage":"fr-FR"},{"@type":"Organization","@id":"https:\/\/kapitalis.com\/tunisie\/#organization","name":"Kapitalis","url":"https:\/\/kapitalis.com\/tunisie\/","logo":{"@type":"ImageObject","inLanguage":"fr-FR","@id":"https:\/\/kapitalis.com\/tunisie\/#\/schema\/logo\/image\/","url":"https:\/\/kapitalis.com\/tunisie\/wp-content\/uploads\/2022\/05\/Kapitalis-big-size.png","contentUrl":"https:\/\/kapitalis.com\/tunisie\/wp-content\/uploads\/2022\/05\/Kapitalis-big-size.png","width":5000,"height":1500,"caption":"Kapitalis"},"image":{"@id":"https:\/\/kapitalis.com\/tunisie\/#\/schema\/logo\/image\/"},"sameAs":["https:\/\/www.facebook.com\/KapitalisInfo\/","https:\/\/x.com\/KapitalisInfo","https:\/\/www.youtube.com\/channel\/UC-yDYrHyfFBWWZaOw3FPg9Q"]},{"@type":"Person","@id":"https:\/\/kapitalis.com\/tunisie\/#\/schema\/person\/d71f33a9ca44f7bad4698210b480c8e9","name":"webmaster kapitalis","url":"https:\/\/kapitalis.com\/tunisie\/author\/webmaster-kapitalis\/"}]}},"_links":{"self":[{"href":"https:\/\/kapitalis.com\/tunisie\/wp-json\/wp\/v2\/posts\/15825946","targetHints":{"allow":["GET"]}}],"collection":[{"href":"https:\/\/kapitalis.com\/tunisie\/wp-json\/wp\/v2\/posts"}],"about":[{"href":"https:\/\/kapitalis.com\/tunisie\/wp-json\/wp\/v2\/types\/post"}],"author":[{"embeddable":true,"href":"https:\/\/kapitalis.com\/tunisie\/wp-json\/wp\/v2\/users\/8"}],"replies":[{"embeddable":true,"href":"https:\/\/kapitalis.com\/tunisie\/wp-json\/wp\/v2\/comments?post=15825946"}],"version-history":[{"count":2,"href":"https:\/\/kapitalis.com\/tunisie\/wp-json\/wp\/v2\/posts\/15825946\/revisions"}],"predecessor-version":[{"id":15840076,"href":"https:\/\/kapitalis.com\/tunisie\/wp-json\/wp\/v2\/posts\/15825946\/revisions\/15840076"}],"wp:featuredmedia":[{"embeddable":true,"href":"https:\/\/kapitalis.com\/tunisie\/wp-json\/wp\/v2\/media\/15826002"}],"wp:attachment":[{"href":"https:\/\/kapitalis.com\/tunisie\/wp-json\/wp\/v2\/media?parent=15825946"}],"wp:term":[{"taxonomy":"category","embeddable":true,"href":"https:\/\/kapitalis.com\/tunisie\/wp-json\/wp\/v2\/categories?post=15825946"},{"taxonomy":"post_tag","embeddable":true,"href":"https:\/\/kapitalis.com\/tunisie\/wp-json\/wp\/v2\/tags?post=15825946"}],"curies":[{"name":"wp","href":"https:\/\/api.w.org\/{rel}","templated":true}]}}