{"id":158399,"date":"2018-06-07T09:54:53","date_gmt":"2018-06-07T08:54:53","guid":{"rendered":"http:\/\/kapitalis.com\/tunisie\/?p=158399"},"modified":"2018-06-07T11:08:08","modified_gmt":"2018-06-07T10:08:08","slug":"limogeage-de-brahem-mongi-rahoui-appelle-la-police-a-la-rebellion","status":"publish","type":"post","link":"https:\/\/kapitalis.com\/tunisie\/2018\/06\/07\/limogeage-de-brahem-mongi-rahoui-appelle-la-police-a-la-rebellion\/","title":{"rendered":"Limogeage de Brahem : Mongi Rahoui appelle la police \u00e0 la r\u00e9bellion !"},"content":{"rendered":"<p style=\"text-align: center;\"><img loading=\"lazy\" decoding=\"async\" class=\"alignnone size-full wp-image-12456\" src=\"http:\/\/kapitalis.com\/tunisie\/wp-content\/uploads\/2015\/09\/Mongi-Rahoui-copie.jpg\" alt=\"\" width=\"626\" height=\"380\" \/><\/p>\n<p><em><strong>Commentant hier soir, mercredi 6 juin 2018, sur Nessma TV, le limogeage du ministre de l\u2019Int\u00e9rieur Lotfi Brahem, le d\u00e9put\u00e9 Front populaire Mongi Rahoui a cru devoir appeler les syndicats de police \u00e0 la r\u00e9volte. Est-ce vraiment le r\u00f4le d\u2019un repr\u00e9sentant du peuple?<\/strong><\/em><\/p>\n<p><!--more--><\/p>\n<p>Outre le format du plateau, qui \u00e9tait \u00e0 sens unique et clairement orient\u00e9 contre le chef du gouvernement Youssef Chahed, ce qui aurait d\u00fb susciter une r\u00e9action de la part de ce grand <em>\u00abjusticier\u00bb<\/em> devant l\u2019Eternel, ce qui a choqu\u00e9 beaucoup de t\u00e9l\u00e9spectateurs c\u2019est le ton mutin du d\u00e9put\u00e9 de la gauche radicale qui, dans sa r\u00e9volte contre le chef du gouvernement, ne s\u2019est pas content\u00e9 de critiquer sa d\u00e9cision de limoger le ministre de l\u2019Int\u00e9rieur, mais est mont\u00e9 sur ses grands chevaux pour appeler les syndicats de police \u00e0 descendre dans la rue et \u00e0 se r\u00e9volter contre le gouvernement. Ce qui est pour le moins inqui\u00e9tant de la part d\u2019un repr\u00e9sentant du peuple, qui a outrepass\u00e9 son r\u00f4le et, dans une verve quasi-putschiste, appel\u00e9 les policiers \u00e0 la mutinerie.<\/p>\n<p>On fera remarquer \u00e9galement que M. Rahoui n\u2019\u00e9tait pas beaucoup g\u00ean\u00e9, pas plus que ne le fut, la veille, Hamma Hammami, porte-parole du Front populaire, de participer \u00e0 une \u00e9mission dans une cha\u00eene de t\u00e9l\u00e9vision, Nessma TV, dont le patron, Nabil Karoui, est poursuivi dans des affaires d\u2019\u00e9vasion fiscale et de corruption, en lien avec le baron de la contrebande, Chafik Jarraya, en prison depuis mai 2017, et poursuivi par le tribunal militaire pour trahison et intelligence avec une arm\u00e9e \u00e9trang\u00e8re.<\/p>\n<p>Il faut dire que ce Chafik Jarraya, du temps o\u00f9 il \u00e9cumait les plateaux de t\u00e9l\u00e9vision, se plaisait \u00e0 \u00e9voquer sa grande amiti\u00e9 avec Hamma Hammami et son \u00e9pouse Radhia Nasraoui. Ceci explique sans doute cela\u2026<\/p>\n<div class=\"embed\">\n<div class=\"video\"><iframe loading=\"lazy\" src=\"https:\/\/www.youtube.com\/embed\/rNNZbgfwi8E?rel=0&amp;showinfo=0\" width=\"560\" height=\"315\" frameborder=\"0\" allowfullscreen=\"allowfullscreen\"><\/iframe><\/div>\n<\/div>\n<p>D\u00e9cid\u00e9ment, la guerre contre la corruption lanc\u00e9e par Youssef Chahed d\u00e9range beaucoup de monde&#8230; M\u00eame \u00e0 gauche !<\/p>\n<p style=\"text-align: right;\"><strong>Imed Bahri<\/strong><\/p>\n<blockquote class=\"wp-embedded-content\" data-secret=\"L9PKbsYuGR\"><p><a href=\"https:\/\/kapitalis.com\/tunisie\/2018\/06\/06\/tunisie-pourquoi-chahed-a-fini-par-limoger-brahem\/\">Tunisie : Pourquoi Chahed a fini par limoger Brahem?<\/a><\/p><\/blockquote>\n<p><iframe loading=\"lazy\" class=\"wp-embedded-content\" sandbox=\"allow-scripts\" security=\"restricted\" style=\"position: absolute; clip: rect(1px, 1px, 1px, 1px);\" title=\"\u00ab\u00a0Tunisie : Pourquoi Chahed a fini par limoger Brahem?\u00a0\u00bb &#8212; Kapitalis\" src=\"https:\/\/kapitalis.com\/tunisie\/2018\/06\/06\/tunisie-pourquoi-chahed-a-fini-par-limoger-brahem\/embed\/#?secret=aD5LXqK7Er#?secret=L9PKbsYuGR\" data-secret=\"L9PKbsYuGR\" width=\"600\" height=\"338\" frameborder=\"0\" marginwidth=\"0\" marginheight=\"0\" scrolling=\"no\"><\/iframe><\/p>\n<blockquote class=\"wp-embedded-content\" data-secret=\"P1fiqxxKmP\"><p><a href=\"https:\/\/kapitalis.com\/tunisie\/2018\/06\/06\/gouvernement-youssef-chahed-demet-lotfi-brahem-de-ses-fonctions\/\">Gouvernement : Youssef Chahed d\u00e9met Lotfi Brahem de ses fonctions<\/a><\/p><\/blockquote>\n<p><iframe loading=\"lazy\" class=\"wp-embedded-content\" sandbox=\"allow-scripts\" security=\"restricted\" style=\"position: absolute; clip: rect(1px, 1px, 1px, 1px);\" title=\"\u00ab\u00a0Gouvernement : Youssef Chahed d\u00e9met Lotfi Brahem de ses fonctions\u00a0\u00bb &#8212; Kapitalis\" src=\"https:\/\/kapitalis.com\/tunisie\/2018\/06\/06\/gouvernement-youssef-chahed-demet-lotfi-brahem-de-ses-fonctions\/embed\/#?secret=JDD9biaJVz#?secret=P1fiqxxKmP\" data-secret=\"P1fiqxxKmP\" width=\"600\" height=\"338\" frameborder=\"0\" marginwidth=\"0\" marginheight=\"0\" scrolling=\"no\"><\/iframe><\/p>\n","protected":false},"excerpt":{"rendered":"<p>Commentant hier soir, mercredi 6 juin 2018, sur Nessma TV, le limogeage du ministre de l\u2019Int\u00e9rieur Lotfi Brahem, le d\u00e9put\u00e9 Front populaire Mongi Rahoui a cru devoir appeler les syndicats de police \u00e0 la r\u00e9volte. Est-ce vraiment le r\u00f4le d\u2019un repr\u00e9sentant du peuple?<\/p>\n","protected":false},"author":8,"featured_media":0,"comment_status":"open","ping_status":"open","sticky":false,"template":"","format":"standard","meta":{"footnotes":""},"categories":[997,2433],"tags":[2594,399,437,36109,1474,651,657],"class_list":["post-158399","post","type-post","status-publish","format-standard","hentry","category-politique","category-tunisie","tag-chafik-jarraya","tag-front-populaire","tag-hamma-hammami","tag-lotfi-brahem","tag-mongi-rahoui","tag-nabil-karoui","tag-nessma-tv"],"yoast_head":"<!-- This site is optimized with the Yoast SEO plugin v26.6 - https:\/\/yoast.com\/wordpress\/plugins\/seo\/ -->\n<title>Limogeage de Brahem : Mongi Rahoui appelle la police \u00e0 la r\u00e9bellion ! - Kapitalis<\/title>\n<meta name=\"robots\" content=\"index, follow, max-snippet:-1, max-image-preview:large, max-video-preview:-1\" \/>\n<link rel=\"canonical\" href=\"https:\/\/kapitalis.com\/tunisie\/2018\/06\/07\/limogeage-de-brahem-mongi-rahoui-appelle-la-police-a-la-rebellion\/\" \/>\n<meta property=\"og:locale\" content=\"fr_FR\" \/>\n<meta property=\"og:type\" content=\"article\" \/>\n<meta property=\"og:title\" content=\"Limogeage de Brahem : Mongi Rahoui appelle la police \u00e0 la r\u00e9bellion ! - Kapitalis\" \/>\n<meta property=\"og:description\" content=\"Commentant hier soir, mercredi 6 juin 2018, sur Nessma TV, le limogeage du ministre de l\u2019Int\u00e9rieur Lotfi Brahem, le d\u00e9put\u00e9 Front populaire Mongi Rahoui a cru devoir appeler les syndicats de police \u00e0 la r\u00e9volte. Est-ce vraiment le r\u00f4le d\u2019un repr\u00e9sentant du peuple?\" \/>\n<meta property=\"og:url\" content=\"https:\/\/kapitalis.com\/tunisie\/2018\/06\/07\/limogeage-de-brahem-mongi-rahoui-appelle-la-police-a-la-rebellion\/\" \/>\n<meta property=\"og:site_name\" content=\"Kapitalis\" \/>\n<meta property=\"article:publisher\" content=\"https:\/\/www.facebook.com\/KapitalisInfo\/\" \/>\n<meta property=\"article:published_time\" content=\"2018-06-07T08:54:53+00:00\" \/>\n<meta property=\"article:modified_time\" content=\"2018-06-07T10:08:08+00:00\" \/>\n<meta property=\"og:image\" content=\"http:\/\/kapitalis.com\/tunisie\/wp-content\/uploads\/2015\/09\/Mongi-Rahoui-copie.jpg\" \/>\n<meta name=\"author\" content=\"webmaster kapitalis\" \/>\n<meta name=\"twitter:card\" content=\"summary_large_image\" \/>\n<meta name=\"twitter:creator\" content=\"@KapitalisInfo\" \/>\n<meta name=\"twitter:site\" content=\"@KapitalisInfo\" \/>\n<meta name=\"twitter:label1\" content=\"\u00c9crit par\" \/>\n\t<meta name=\"twitter:data1\" content=\"webmaster kapitalis\" \/>\n\t<meta name=\"twitter:label2\" content=\"Dur\u00e9e de lecture estim\u00e9e\" \/>\n\t<meta name=\"twitter:data2\" content=\"2 minutes\" \/>\n<script type=\"application\/ld+json\" class=\"yoast-schema-graph\">{\"@context\":\"https:\/\/schema.org\",\"@graph\":[{\"@type\":\"Article\",\"@id\":\"https:\/\/kapitalis.com\/tunisie\/2018\/06\/07\/limogeage-de-brahem-mongi-rahoui-appelle-la-police-a-la-rebellion\/#article\",\"isPartOf\":{\"@id\":\"https:\/\/kapitalis.com\/tunisie\/2018\/06\/07\/limogeage-de-brahem-mongi-rahoui-appelle-la-police-a-la-rebellion\/\"},\"author\":{\"name\":\"webmaster kapitalis\",\"@id\":\"https:\/\/kapitalis.com\/tunisie\/#\/schema\/person\/d71f33a9ca44f7bad4698210b480c8e9\"},\"headline\":\"Limogeage de Brahem : Mongi Rahoui appelle la police \u00e0 la r\u00e9bellion !\",\"datePublished\":\"2018-06-07T08:54:53+00:00\",\"dateModified\":\"2018-06-07T10:08:08+00:00\",\"mainEntityOfPage\":{\"@id\":\"https:\/\/kapitalis.com\/tunisie\/2018\/06\/07\/limogeage-de-brahem-mongi-rahoui-appelle-la-police-a-la-rebellion\/\"},\"wordCount\":358,\"commentCount\":7,\"publisher\":{\"@id\":\"https:\/\/kapitalis.com\/tunisie\/#organization\"},\"image\":{\"@id\":\"https:\/\/kapitalis.com\/tunisie\/2018\/06\/07\/limogeage-de-brahem-mongi-rahoui-appelle-la-police-a-la-rebellion\/#primaryimage\"},\"thumbnailUrl\":\"http:\/\/kapitalis.com\/tunisie\/wp-content\/uploads\/2015\/09\/Mongi-Rahoui-copie.jpg\",\"keywords\":[\"Chafik Jarraya\",\"Front populaire\",\"Hamma Hammami\",\"Lotfi Brahem;\",\"Mongi Rahoui\",\"Nabil Karoui\",\"Nessma TV\"],\"articleSection\":[\"POLITIQUE\",\"Tunisie\"],\"inLanguage\":\"fr-FR\",\"potentialAction\":[{\"@type\":\"CommentAction\",\"name\":\"Comment\",\"target\":[\"https:\/\/kapitalis.com\/tunisie\/2018\/06\/07\/limogeage-de-brahem-mongi-rahoui-appelle-la-police-a-la-rebellion\/#respond\"]}]},{\"@type\":\"WebPage\",\"@id\":\"https:\/\/kapitalis.com\/tunisie\/2018\/06\/07\/limogeage-de-brahem-mongi-rahoui-appelle-la-police-a-la-rebellion\/\",\"url\":\"https:\/\/kapitalis.com\/tunisie\/2018\/06\/07\/limogeage-de-brahem-mongi-rahoui-appelle-la-police-a-la-rebellion\/\",\"name\":\"Limogeage de Brahem : Mongi Rahoui appelle la police \u00e0 la r\u00e9bellion ! - Kapitalis\",\"isPartOf\":{\"@id\":\"https:\/\/kapitalis.com\/tunisie\/#website\"},\"primaryImageOfPage\":{\"@id\":\"https:\/\/kapitalis.com\/tunisie\/2018\/06\/07\/limogeage-de-brahem-mongi-rahoui-appelle-la-police-a-la-rebellion\/#primaryimage\"},\"image\":{\"@id\":\"https:\/\/kapitalis.com\/tunisie\/2018\/06\/07\/limogeage-de-brahem-mongi-rahoui-appelle-la-police-a-la-rebellion\/#primaryimage\"},\"thumbnailUrl\":\"http:\/\/kapitalis.com\/tunisie\/wp-content\/uploads\/2015\/09\/Mongi-Rahoui-copie.jpg\",\"datePublished\":\"2018-06-07T08:54:53+00:00\",\"dateModified\":\"2018-06-07T10:08:08+00:00\",\"breadcrumb\":{\"@id\":\"https:\/\/kapitalis.com\/tunisie\/2018\/06\/07\/limogeage-de-brahem-mongi-rahoui-appelle-la-police-a-la-rebellion\/#breadcrumb\"},\"inLanguage\":\"fr-FR\",\"potentialAction\":[{\"@type\":\"ReadAction\",\"target\":[\"https:\/\/kapitalis.com\/tunisie\/2018\/06\/07\/limogeage-de-brahem-mongi-rahoui-appelle-la-police-a-la-rebellion\/\"]}]},{\"@type\":\"ImageObject\",\"inLanguage\":\"fr-FR\",\"@id\":\"https:\/\/kapitalis.com\/tunisie\/2018\/06\/07\/limogeage-de-brahem-mongi-rahoui-appelle-la-police-a-la-rebellion\/#primaryimage\",\"url\":\"http:\/\/kapitalis.com\/tunisie\/wp-content\/uploads\/2015\/09\/Mongi-Rahoui-copie.jpg\",\"contentUrl\":\"http:\/\/kapitalis.com\/tunisie\/wp-content\/uploads\/2015\/09\/Mongi-Rahoui-copie.jpg\"},{\"@type\":\"BreadcrumbList\",\"@id\":\"https:\/\/kapitalis.com\/tunisie\/2018\/06\/07\/limogeage-de-brahem-mongi-rahoui-appelle-la-police-a-la-rebellion\/#breadcrumb\",\"itemListElement\":[{\"@type\":\"ListItem\",\"position\":1,\"name\":\"Accueil\",\"item\":\"https:\/\/kapitalis.com\/tunisie\/\"},{\"@type\":\"ListItem\",\"position\":2,\"name\":\"Limogeage de Brahem : Mongi Rahoui appelle la police \u00e0 la r\u00e9bellion !\"}]},{\"@type\":\"WebSite\",\"@id\":\"https:\/\/kapitalis.com\/tunisie\/#website\",\"url\":\"https:\/\/kapitalis.com\/tunisie\/\",\"name\":\"Kapitalis\",\"description\":\"L&#039;actualit\u00e9 en Tunisie et dans le monde\",\"publisher\":{\"@id\":\"https:\/\/kapitalis.com\/tunisie\/#organization\"},\"potentialAction\":[{\"@type\":\"SearchAction\",\"target\":{\"@type\":\"EntryPoint\",\"urlTemplate\":\"https:\/\/kapitalis.com\/tunisie\/?s={search_term_string}\"},\"query-input\":{\"@type\":\"PropertyValueSpecification\",\"valueRequired\":true,\"valueName\":\"search_term_string\"}}],\"inLanguage\":\"fr-FR\"},{\"@type\":\"Organization\",\"@id\":\"https:\/\/kapitalis.com\/tunisie\/#organization\",\"name\":\"Kapitalis\",\"url\":\"https:\/\/kapitalis.com\/tunisie\/\",\"logo\":{\"@type\":\"ImageObject\",\"inLanguage\":\"fr-FR\",\"@id\":\"https:\/\/kapitalis.com\/tunisie\/#\/schema\/logo\/image\/\",\"url\":\"https:\/\/kapitalis.com\/tunisie\/wp-content\/uploads\/2022\/05\/Kapitalis-big-size.png\",\"contentUrl\":\"https:\/\/kapitalis.com\/tunisie\/wp-content\/uploads\/2022\/05\/Kapitalis-big-size.png\",\"width\":5000,\"height\":1500,\"caption\":\"Kapitalis\"},\"image\":{\"@id\":\"https:\/\/kapitalis.com\/tunisie\/#\/schema\/logo\/image\/\"},\"sameAs\":[\"https:\/\/www.facebook.com\/KapitalisInfo\/\",\"https:\/\/x.com\/KapitalisInfo\",\"https:\/\/www.youtube.com\/channel\/UC-yDYrHyfFBWWZaOw3FPg9Q\"]},{\"@type\":\"Person\",\"@id\":\"https:\/\/kapitalis.com\/tunisie\/#\/schema\/person\/d71f33a9ca44f7bad4698210b480c8e9\",\"name\":\"webmaster kapitalis\",\"url\":\"https:\/\/kapitalis.com\/tunisie\/author\/webmaster-kapitalis\/\"}]}<\/script>\n<!-- \/ Yoast SEO plugin. -->","yoast_head_json":{"title":"Limogeage de Brahem : Mongi Rahoui appelle la police \u00e0 la r\u00e9bellion ! - Kapitalis","robots":{"index":"index","follow":"follow","max-snippet":"max-snippet:-1","max-image-preview":"max-image-preview:large","max-video-preview":"max-video-preview:-1"},"canonical":"https:\/\/kapitalis.com\/tunisie\/2018\/06\/07\/limogeage-de-brahem-mongi-rahoui-appelle-la-police-a-la-rebellion\/","og_locale":"fr_FR","og_type":"article","og_title":"Limogeage de Brahem : Mongi Rahoui appelle la police \u00e0 la r\u00e9bellion ! - Kapitalis","og_description":"Commentant hier soir, mercredi 6 juin 2018, sur Nessma TV, le limogeage du ministre de l\u2019Int\u00e9rieur Lotfi Brahem, le d\u00e9put\u00e9 Front populaire Mongi Rahoui a cru devoir appeler les syndicats de police \u00e0 la r\u00e9volte. Est-ce vraiment le r\u00f4le d\u2019un repr\u00e9sentant du peuple?","og_url":"https:\/\/kapitalis.com\/tunisie\/2018\/06\/07\/limogeage-de-brahem-mongi-rahoui-appelle-la-police-a-la-rebellion\/","og_site_name":"Kapitalis","article_publisher":"https:\/\/www.facebook.com\/KapitalisInfo\/","article_published_time":"2018-06-07T08:54:53+00:00","article_modified_time":"2018-06-07T10:08:08+00:00","og_image":[{"url":"http:\/\/kapitalis.com\/tunisie\/wp-content\/uploads\/2015\/09\/Mongi-Rahoui-copie.jpg","type":"","width":"","height":""}],"author":"webmaster kapitalis","twitter_card":"summary_large_image","twitter_creator":"@KapitalisInfo","twitter_site":"@KapitalisInfo","twitter_misc":{"\u00c9crit par":"webmaster kapitalis","Dur\u00e9e de lecture estim\u00e9e":"2 minutes"},"schema":{"@context":"https:\/\/schema.org","@graph":[{"@type":"Article","@id":"https:\/\/kapitalis.com\/tunisie\/2018\/06\/07\/limogeage-de-brahem-mongi-rahoui-appelle-la-police-a-la-rebellion\/#article","isPartOf":{"@id":"https:\/\/kapitalis.com\/tunisie\/2018\/06\/07\/limogeage-de-brahem-mongi-rahoui-appelle-la-police-a-la-rebellion\/"},"author":{"name":"webmaster kapitalis","@id":"https:\/\/kapitalis.com\/tunisie\/#\/schema\/person\/d71f33a9ca44f7bad4698210b480c8e9"},"headline":"Limogeage de Brahem : Mongi Rahoui appelle la police \u00e0 la r\u00e9bellion !","datePublished":"2018-06-07T08:54:53+00:00","dateModified":"2018-06-07T10:08:08+00:00","mainEntityOfPage":{"@id":"https:\/\/kapitalis.com\/tunisie\/2018\/06\/07\/limogeage-de-brahem-mongi-rahoui-appelle-la-police-a-la-rebellion\/"},"wordCount":358,"commentCount":7,"publisher":{"@id":"https:\/\/kapitalis.com\/tunisie\/#organization"},"image":{"@id":"https:\/\/kapitalis.com\/tunisie\/2018\/06\/07\/limogeage-de-brahem-mongi-rahoui-appelle-la-police-a-la-rebellion\/#primaryimage"},"thumbnailUrl":"http:\/\/kapitalis.com\/tunisie\/wp-content\/uploads\/2015\/09\/Mongi-Rahoui-copie.jpg","keywords":["Chafik Jarraya","Front populaire","Hamma Hammami","Lotfi Brahem;","Mongi Rahoui","Nabil Karoui","Nessma TV"],"articleSection":["POLITIQUE","Tunisie"],"inLanguage":"fr-FR","potentialAction":[{"@type":"CommentAction","name":"Comment","target":["https:\/\/kapitalis.com\/tunisie\/2018\/06\/07\/limogeage-de-brahem-mongi-rahoui-appelle-la-police-a-la-rebellion\/#respond"]}]},{"@type":"WebPage","@id":"https:\/\/kapitalis.com\/tunisie\/2018\/06\/07\/limogeage-de-brahem-mongi-rahoui-appelle-la-police-a-la-rebellion\/","url":"https:\/\/kapitalis.com\/tunisie\/2018\/06\/07\/limogeage-de-brahem-mongi-rahoui-appelle-la-police-a-la-rebellion\/","name":"Limogeage de Brahem : Mongi Rahoui appelle la police \u00e0 la r\u00e9bellion ! - Kapitalis","isPartOf":{"@id":"https:\/\/kapitalis.com\/tunisie\/#website"},"primaryImageOfPage":{"@id":"https:\/\/kapitalis.com\/tunisie\/2018\/06\/07\/limogeage-de-brahem-mongi-rahoui-appelle-la-police-a-la-rebellion\/#primaryimage"},"image":{"@id":"https:\/\/kapitalis.com\/tunisie\/2018\/06\/07\/limogeage-de-brahem-mongi-rahoui-appelle-la-police-a-la-rebellion\/#primaryimage"},"thumbnailUrl":"http:\/\/kapitalis.com\/tunisie\/wp-content\/uploads\/2015\/09\/Mongi-Rahoui-copie.jpg","datePublished":"2018-06-07T08:54:53+00:00","dateModified":"2018-06-07T10:08:08+00:00","breadcrumb":{"@id":"https:\/\/kapitalis.com\/tunisie\/2018\/06\/07\/limogeage-de-brahem-mongi-rahoui-appelle-la-police-a-la-rebellion\/#breadcrumb"},"inLanguage":"fr-FR","potentialAction":[{"@type":"ReadAction","target":["https:\/\/kapitalis.com\/tunisie\/2018\/06\/07\/limogeage-de-brahem-mongi-rahoui-appelle-la-police-a-la-rebellion\/"]}]},{"@type":"ImageObject","inLanguage":"fr-FR","@id":"https:\/\/kapitalis.com\/tunisie\/2018\/06\/07\/limogeage-de-brahem-mongi-rahoui-appelle-la-police-a-la-rebellion\/#primaryimage","url":"http:\/\/kapitalis.com\/tunisie\/wp-content\/uploads\/2015\/09\/Mongi-Rahoui-copie.jpg","contentUrl":"http:\/\/kapitalis.com\/tunisie\/wp-content\/uploads\/2015\/09\/Mongi-Rahoui-copie.jpg"},{"@type":"BreadcrumbList","@id":"https:\/\/kapitalis.com\/tunisie\/2018\/06\/07\/limogeage-de-brahem-mongi-rahoui-appelle-la-police-a-la-rebellion\/#breadcrumb","itemListElement":[{"@type":"ListItem","position":1,"name":"Accueil","item":"https:\/\/kapitalis.com\/tunisie\/"},{"@type":"ListItem","position":2,"name":"Limogeage de Brahem : Mongi Rahoui appelle la police \u00e0 la r\u00e9bellion !"}]},{"@type":"WebSite","@id":"https:\/\/kapitalis.com\/tunisie\/#website","url":"https:\/\/kapitalis.com\/tunisie\/","name":"Kapitalis","description":"L&#039;actualit\u00e9 en Tunisie et dans le monde","publisher":{"@id":"https:\/\/kapitalis.com\/tunisie\/#organization"},"potentialAction":[{"@type":"SearchAction","target":{"@type":"EntryPoint","urlTemplate":"https:\/\/kapitalis.com\/tunisie\/?s={search_term_string}"},"query-input":{"@type":"PropertyValueSpecification","valueRequired":true,"valueName":"search_term_string"}}],"inLanguage":"fr-FR"},{"@type":"Organization","@id":"https:\/\/kapitalis.com\/tunisie\/#organization","name":"Kapitalis","url":"https:\/\/kapitalis.com\/tunisie\/","logo":{"@type":"ImageObject","inLanguage":"fr-FR","@id":"https:\/\/kapitalis.com\/tunisie\/#\/schema\/logo\/image\/","url":"https:\/\/kapitalis.com\/tunisie\/wp-content\/uploads\/2022\/05\/Kapitalis-big-size.png","contentUrl":"https:\/\/kapitalis.com\/tunisie\/wp-content\/uploads\/2022\/05\/Kapitalis-big-size.png","width":5000,"height":1500,"caption":"Kapitalis"},"image":{"@id":"https:\/\/kapitalis.com\/tunisie\/#\/schema\/logo\/image\/"},"sameAs":["https:\/\/www.facebook.com\/KapitalisInfo\/","https:\/\/x.com\/KapitalisInfo","https:\/\/www.youtube.com\/channel\/UC-yDYrHyfFBWWZaOw3FPg9Q"]},{"@type":"Person","@id":"https:\/\/kapitalis.com\/tunisie\/#\/schema\/person\/d71f33a9ca44f7bad4698210b480c8e9","name":"webmaster kapitalis","url":"https:\/\/kapitalis.com\/tunisie\/author\/webmaster-kapitalis\/"}]}},"_links":{"self":[{"href":"https:\/\/kapitalis.com\/tunisie\/wp-json\/wp\/v2\/posts\/158399","targetHints":{"allow":["GET"]}}],"collection":[{"href":"https:\/\/kapitalis.com\/tunisie\/wp-json\/wp\/v2\/posts"}],"about":[{"href":"https:\/\/kapitalis.com\/tunisie\/wp-json\/wp\/v2\/types\/post"}],"author":[{"embeddable":true,"href":"https:\/\/kapitalis.com\/tunisie\/wp-json\/wp\/v2\/users\/8"}],"replies":[{"embeddable":true,"href":"https:\/\/kapitalis.com\/tunisie\/wp-json\/wp\/v2\/comments?post=158399"}],"version-history":[{"count":0,"href":"https:\/\/kapitalis.com\/tunisie\/wp-json\/wp\/v2\/posts\/158399\/revisions"}],"wp:attachment":[{"href":"https:\/\/kapitalis.com\/tunisie\/wp-json\/wp\/v2\/media?parent=158399"}],"wp:term":[{"taxonomy":"category","embeddable":true,"href":"https:\/\/kapitalis.com\/tunisie\/wp-json\/wp\/v2\/categories?post=158399"},{"taxonomy":"post_tag","embeddable":true,"href":"https:\/\/kapitalis.com\/tunisie\/wp-json\/wp\/v2\/tags?post=158399"}],"curies":[{"name":"wp","href":"https:\/\/api.w.org\/{rel}","templated":true}]}}