{"id":15849040,"date":"2025-04-06T07:30:00","date_gmt":"2025-04-06T06:30:00","guid":{"rendered":"https:\/\/kapitalis.com\/tunisie\/?p=15849040"},"modified":"2025-03-10T11:02:07","modified_gmt":"2025-03-10T10:02:07","slug":"le-poeme-du-dimanche-des-lointains-de-victor-segalen","status":"publish","type":"post","link":"https:\/\/kapitalis.com\/tunisie\/2025\/04\/06\/le-poeme-du-dimanche-des-lointains-de-victor-segalen\/","title":{"rendered":"Le po\u00e8me du dimanche\u00a0| \u2018\u2018Des lointains\u2019\u2019 de Victor Segalen"},"content":{"rendered":"\n<p><strong><em>Victor Segalen, m\u00e9decin et po\u00e8te fran\u00e7ais<\/em><\/strong>, <strong><em>auteur des \u2018\u2018Imm\u00e9moriaux\u2019\u2019, est fascin\u00e9 (et inspir\u00e9) par les cultures extr\u00eame orientales, notamment chinoise.<\/em><\/strong><\/p>\n\n\n\n<!--more-->\n\n\n\n<p>N\u00e9 en 1878 \u00e0 Brest, en Bretagne, Victor Segalen part en Chine en 1909. S\u2019installe \u00e0 P\u00e9kin. D\u00e9couvre la beaut\u00e9 de la ville imp\u00e9riale. Subjugu\u00e9 par le personnage de l\u2019Empereur, il d\u00e9cide de lui consacrer son premier livre.<\/p>\n\n\n\n<p>Le&nbsp; po\u00e8te publie \u2018\u2018St\u00e8les\u2019\u2019 en 1912. D\u2019abord en livre d\u2019art. S\u2019ensuivent de nombreuses \u00e9ditions confirmant l\u2019engouement et l\u2019int\u00e9r\u00eat \u00e0 la culture extr\u00eame-orientale qui mobilisent voyageurs, auteurs et artistes en qu\u00eate de nouveaux espaces et imaginaires, commenc\u00e9s au 19<sup>e<\/sup> si\u00e8cle.<\/p>\n\n\n\n<p>Il d\u00e9c\u00e8de en 1919.<\/p>\n\n\n\n<p class=\"has-text-align-right\"><strong>Tahar Bekri<\/strong><\/p>\n\n\n\n<p><em>Des lointains, des si lointains j\u2019accours, ami, vers toi, le plus cher. Mes pas ont d\u00e9pec\u00e9 l\u2019horrible espace entre nous.<\/em><\/p>\n\n\n\n<p><em>De longtemps nos pensers n\u2019habitaient plus le m\u00eame instant du monde&nbsp;: les voici \u00e0 nouveau sous les m\u00eames influx, p\u00e9n\u00e9tr\u00e9s des m\u00eames rayons.<\/em><\/p>\n\n\n\n<p><em>Tu ne r\u00e9ponds pas. Tu observes&nbsp;? Qu\u2019ai-je d\u00e9j\u00e0 commis d\u2019inopportun&nbsp;?<\/em><\/p>\n\n\n\n<p><em>Sommes-nous bien r\u00e9unis&nbsp;: est-ce bien toi, le plus cher&nbsp;?<\/em><\/p>\n\n\n\n<p><em>Nos yeux se sont manqu\u00e9s. Nos gestes n\u2019ont plus de sym\u00e9trie. Nous nous \u00e9pions \u00e0 la d\u00e9rob\u00e9e comme des inconnus ou des chiens qui vont mordre.<\/em><\/p>\n\n\n\n<p><em>Quelque chose nous s\u00e9pare. Notre vieille amiti\u00e9 se tient entre nous comme un mort \u00e9trangl\u00e9 par nous.<\/em><\/p>\n\n\n\n<p><em>Nous la portons d\u2019un commun fardeau, lourde et froide.<\/em><\/p>\n\n\n\n<p><em>Ha&nbsp;! Hardiment retuons-la&nbsp;! et pour les heures naissantes, prudemment composons une vivace et nouvelle amiti\u00e9.<\/em><\/p>\n\n\n\n<p><em>Le voulez-vous, \u00f4 mon nouvel ami, fr\u00e8re de mon \u00e2me future&nbsp;?<\/em><\/p>\n\n\n\n<p><strong><em>St\u00e8les, Po\u00e9sie\/ Gallimard.<\/em><\/strong><\/p>\n","protected":false},"excerpt":{"rendered":"<p>Victor Segalen est m\u00e9decin et po\u00e8te fran\u00e7ais fascin\u00e9 (et inspir\u00e9) par les cultures extr\u00eame orientales. <\/p>\n","protected":false},"author":8,"featured_media":15849106,"comment_status":"open","ping_status":"open","sticky":false,"template":"","format":"standard","meta":{"footnotes":""},"categories":[992,994,2433],"tags":[97157,110380,3016,98275,121189],"class_list":["post-15849040","post","type-post","status-publish","format-standard","has-post-thumbnail","hentry","category-a-la-une","category-culture","category-tunisie","tag-brest","tag-bretagne","tag-chine","tag-poete-francais","tag-victor-segalen"],"yoast_head":"<!-- This site is optimized with the Yoast SEO plugin v26.6 - https:\/\/yoast.com\/wordpress\/plugins\/seo\/ -->\n<title>Le po\u00e8me du dimanche\u00a0| \u2018\u2018Des lointains\u2019\u2019 de Victor Segalen - Kapitalis<\/title>\n<meta name=\"robots\" content=\"index, follow, max-snippet:-1, max-image-preview:large, max-video-preview:-1\" \/>\n<link rel=\"canonical\" href=\"https:\/\/kapitalis.com\/tunisie\/2025\/04\/06\/le-poeme-du-dimanche-des-lointains-de-victor-segalen\/\" \/>\n<meta property=\"og:locale\" content=\"fr_FR\" \/>\n<meta property=\"og:type\" content=\"article\" \/>\n<meta property=\"og:title\" content=\"Le po\u00e8me du dimanche\u00a0| \u2018\u2018Des lointains\u2019\u2019 de Victor Segalen - Kapitalis\" \/>\n<meta property=\"og:description\" content=\"Victor Segalen est m\u00e9decin et po\u00e8te fran\u00e7ais fascin\u00e9 (et inspir\u00e9) par les cultures extr\u00eame orientales.\" \/>\n<meta property=\"og:url\" content=\"https:\/\/kapitalis.com\/tunisie\/2025\/04\/06\/le-poeme-du-dimanche-des-lointains-de-victor-segalen\/\" \/>\n<meta property=\"og:site_name\" content=\"Kapitalis\" \/>\n<meta property=\"article:publisher\" content=\"https:\/\/www.facebook.com\/KapitalisInfo\/\" \/>\n<meta property=\"article:published_time\" content=\"2025-04-06T06:30:00+00:00\" \/>\n<meta property=\"og:image\" content=\"https:\/\/kapitalis.com\/tunisie\/wp-content\/uploads\/2025\/03\/Victor-Segalen.jpg\" \/>\n\t<meta property=\"og:image:width\" content=\"1200\" \/>\n\t<meta property=\"og:image:height\" content=\"630\" \/>\n\t<meta property=\"og:image:type\" content=\"image\/jpeg\" \/>\n<meta name=\"author\" content=\"webmaster kapitalis\" \/>\n<meta name=\"twitter:card\" content=\"summary_large_image\" \/>\n<meta name=\"twitter:creator\" content=\"@KapitalisInfo\" \/>\n<meta name=\"twitter:site\" content=\"@KapitalisInfo\" \/>\n<meta name=\"twitter:label1\" content=\"\u00c9crit par\" \/>\n\t<meta name=\"twitter:data1\" content=\"webmaster kapitalis\" \/>\n\t<meta name=\"twitter:label2\" content=\"Dur\u00e9e de lecture estim\u00e9e\" \/>\n\t<meta name=\"twitter:data2\" content=\"2 minutes\" \/>\n<script type=\"application\/ld+json\" class=\"yoast-schema-graph\">{\"@context\":\"https:\/\/schema.org\",\"@graph\":[{\"@type\":\"Article\",\"@id\":\"https:\/\/kapitalis.com\/tunisie\/2025\/04\/06\/le-poeme-du-dimanche-des-lointains-de-victor-segalen\/#article\",\"isPartOf\":{\"@id\":\"https:\/\/kapitalis.com\/tunisie\/2025\/04\/06\/le-poeme-du-dimanche-des-lointains-de-victor-segalen\/\"},\"author\":{\"name\":\"webmaster kapitalis\",\"@id\":\"https:\/\/kapitalis.com\/tunisie\/#\/schema\/person\/d71f33a9ca44f7bad4698210b480c8e9\"},\"headline\":\"Le po\u00e8me du dimanche\u00a0| \u2018\u2018Des lointains\u2019\u2019 de Victor Segalen\",\"datePublished\":\"2025-04-06T06:30:00+00:00\",\"mainEntityOfPage\":{\"@id\":\"https:\/\/kapitalis.com\/tunisie\/2025\/04\/06\/le-poeme-du-dimanche-des-lointains-de-victor-segalen\/\"},\"wordCount\":306,\"commentCount\":0,\"publisher\":{\"@id\":\"https:\/\/kapitalis.com\/tunisie\/#organization\"},\"image\":{\"@id\":\"https:\/\/kapitalis.com\/tunisie\/2025\/04\/06\/le-poeme-du-dimanche-des-lointains-de-victor-segalen\/#primaryimage\"},\"thumbnailUrl\":\"https:\/\/kapitalis.com\/tunisie\/wp-content\/uploads\/2025\/03\/Victor-Segalen.jpg\",\"keywords\":[\"Brest\",\"Bretagne\",\"Chine\",\"po\u00e8te fran\u00e7ais\",\"Victor Segalen\"],\"articleSection\":[\"A LA UNE\",\"CULTURE\",\"Tunisie\"],\"inLanguage\":\"fr-FR\",\"potentialAction\":[{\"@type\":\"CommentAction\",\"name\":\"Comment\",\"target\":[\"https:\/\/kapitalis.com\/tunisie\/2025\/04\/06\/le-poeme-du-dimanche-des-lointains-de-victor-segalen\/#respond\"]}]},{\"@type\":\"WebPage\",\"@id\":\"https:\/\/kapitalis.com\/tunisie\/2025\/04\/06\/le-poeme-du-dimanche-des-lointains-de-victor-segalen\/\",\"url\":\"https:\/\/kapitalis.com\/tunisie\/2025\/04\/06\/le-poeme-du-dimanche-des-lointains-de-victor-segalen\/\",\"name\":\"Le po\u00e8me du dimanche\u00a0| \u2018\u2018Des lointains\u2019\u2019 de Victor Segalen - Kapitalis\",\"isPartOf\":{\"@id\":\"https:\/\/kapitalis.com\/tunisie\/#website\"},\"primaryImageOfPage\":{\"@id\":\"https:\/\/kapitalis.com\/tunisie\/2025\/04\/06\/le-poeme-du-dimanche-des-lointains-de-victor-segalen\/#primaryimage\"},\"image\":{\"@id\":\"https:\/\/kapitalis.com\/tunisie\/2025\/04\/06\/le-poeme-du-dimanche-des-lointains-de-victor-segalen\/#primaryimage\"},\"thumbnailUrl\":\"https:\/\/kapitalis.com\/tunisie\/wp-content\/uploads\/2025\/03\/Victor-Segalen.jpg\",\"datePublished\":\"2025-04-06T06:30:00+00:00\",\"breadcrumb\":{\"@id\":\"https:\/\/kapitalis.com\/tunisie\/2025\/04\/06\/le-poeme-du-dimanche-des-lointains-de-victor-segalen\/#breadcrumb\"},\"inLanguage\":\"fr-FR\",\"potentialAction\":[{\"@type\":\"ReadAction\",\"target\":[\"https:\/\/kapitalis.com\/tunisie\/2025\/04\/06\/le-poeme-du-dimanche-des-lointains-de-victor-segalen\/\"]}]},{\"@type\":\"ImageObject\",\"inLanguage\":\"fr-FR\",\"@id\":\"https:\/\/kapitalis.com\/tunisie\/2025\/04\/06\/le-poeme-du-dimanche-des-lointains-de-victor-segalen\/#primaryimage\",\"url\":\"https:\/\/kapitalis.com\/tunisie\/wp-content\/uploads\/2025\/03\/Victor-Segalen.jpg\",\"contentUrl\":\"https:\/\/kapitalis.com\/tunisie\/wp-content\/uploads\/2025\/03\/Victor-Segalen.jpg\",\"width\":1200,\"height\":630},{\"@type\":\"BreadcrumbList\",\"@id\":\"https:\/\/kapitalis.com\/tunisie\/2025\/04\/06\/le-poeme-du-dimanche-des-lointains-de-victor-segalen\/#breadcrumb\",\"itemListElement\":[{\"@type\":\"ListItem\",\"position\":1,\"name\":\"Accueil\",\"item\":\"https:\/\/kapitalis.com\/tunisie\/\"},{\"@type\":\"ListItem\",\"position\":2,\"name\":\"Le po\u00e8me du dimanche\u00a0| \u2018\u2018Des lointains\u2019\u2019 de Victor Segalen\"}]},{\"@type\":\"WebSite\",\"@id\":\"https:\/\/kapitalis.com\/tunisie\/#website\",\"url\":\"https:\/\/kapitalis.com\/tunisie\/\",\"name\":\"Kapitalis\",\"description\":\"L&#039;actualit\u00e9 en Tunisie et dans le monde\",\"publisher\":{\"@id\":\"https:\/\/kapitalis.com\/tunisie\/#organization\"},\"potentialAction\":[{\"@type\":\"SearchAction\",\"target\":{\"@type\":\"EntryPoint\",\"urlTemplate\":\"https:\/\/kapitalis.com\/tunisie\/?s={search_term_string}\"},\"query-input\":{\"@type\":\"PropertyValueSpecification\",\"valueRequired\":true,\"valueName\":\"search_term_string\"}}],\"inLanguage\":\"fr-FR\"},{\"@type\":\"Organization\",\"@id\":\"https:\/\/kapitalis.com\/tunisie\/#organization\",\"name\":\"Kapitalis\",\"url\":\"https:\/\/kapitalis.com\/tunisie\/\",\"logo\":{\"@type\":\"ImageObject\",\"inLanguage\":\"fr-FR\",\"@id\":\"https:\/\/kapitalis.com\/tunisie\/#\/schema\/logo\/image\/\",\"url\":\"https:\/\/kapitalis.com\/tunisie\/wp-content\/uploads\/2022\/05\/Kapitalis-big-size.png\",\"contentUrl\":\"https:\/\/kapitalis.com\/tunisie\/wp-content\/uploads\/2022\/05\/Kapitalis-big-size.png\",\"width\":5000,\"height\":1500,\"caption\":\"Kapitalis\"},\"image\":{\"@id\":\"https:\/\/kapitalis.com\/tunisie\/#\/schema\/logo\/image\/\"},\"sameAs\":[\"https:\/\/www.facebook.com\/KapitalisInfo\/\",\"https:\/\/x.com\/KapitalisInfo\",\"https:\/\/www.youtube.com\/channel\/UC-yDYrHyfFBWWZaOw3FPg9Q\"]},{\"@type\":\"Person\",\"@id\":\"https:\/\/kapitalis.com\/tunisie\/#\/schema\/person\/d71f33a9ca44f7bad4698210b480c8e9\",\"name\":\"webmaster kapitalis\",\"url\":\"https:\/\/kapitalis.com\/tunisie\/author\/webmaster-kapitalis\/\"}]}<\/script>\n<!-- \/ Yoast SEO plugin. -->","yoast_head_json":{"title":"Le po\u00e8me du dimanche\u00a0| \u2018\u2018Des lointains\u2019\u2019 de Victor Segalen - Kapitalis","robots":{"index":"index","follow":"follow","max-snippet":"max-snippet:-1","max-image-preview":"max-image-preview:large","max-video-preview":"max-video-preview:-1"},"canonical":"https:\/\/kapitalis.com\/tunisie\/2025\/04\/06\/le-poeme-du-dimanche-des-lointains-de-victor-segalen\/","og_locale":"fr_FR","og_type":"article","og_title":"Le po\u00e8me du dimanche\u00a0| \u2018\u2018Des lointains\u2019\u2019 de Victor Segalen - Kapitalis","og_description":"Victor Segalen est m\u00e9decin et po\u00e8te fran\u00e7ais fascin\u00e9 (et inspir\u00e9) par les cultures extr\u00eame orientales.","og_url":"https:\/\/kapitalis.com\/tunisie\/2025\/04\/06\/le-poeme-du-dimanche-des-lointains-de-victor-segalen\/","og_site_name":"Kapitalis","article_publisher":"https:\/\/www.facebook.com\/KapitalisInfo\/","article_published_time":"2025-04-06T06:30:00+00:00","og_image":[{"width":1200,"height":630,"url":"https:\/\/kapitalis.com\/tunisie\/wp-content\/uploads\/2025\/03\/Victor-Segalen.jpg","type":"image\/jpeg"}],"author":"webmaster kapitalis","twitter_card":"summary_large_image","twitter_creator":"@KapitalisInfo","twitter_site":"@KapitalisInfo","twitter_misc":{"\u00c9crit par":"webmaster kapitalis","Dur\u00e9e de lecture estim\u00e9e":"2 minutes"},"schema":{"@context":"https:\/\/schema.org","@graph":[{"@type":"Article","@id":"https:\/\/kapitalis.com\/tunisie\/2025\/04\/06\/le-poeme-du-dimanche-des-lointains-de-victor-segalen\/#article","isPartOf":{"@id":"https:\/\/kapitalis.com\/tunisie\/2025\/04\/06\/le-poeme-du-dimanche-des-lointains-de-victor-segalen\/"},"author":{"name":"webmaster kapitalis","@id":"https:\/\/kapitalis.com\/tunisie\/#\/schema\/person\/d71f33a9ca44f7bad4698210b480c8e9"},"headline":"Le po\u00e8me du dimanche\u00a0| \u2018\u2018Des lointains\u2019\u2019 de Victor Segalen","datePublished":"2025-04-06T06:30:00+00:00","mainEntityOfPage":{"@id":"https:\/\/kapitalis.com\/tunisie\/2025\/04\/06\/le-poeme-du-dimanche-des-lointains-de-victor-segalen\/"},"wordCount":306,"commentCount":0,"publisher":{"@id":"https:\/\/kapitalis.com\/tunisie\/#organization"},"image":{"@id":"https:\/\/kapitalis.com\/tunisie\/2025\/04\/06\/le-poeme-du-dimanche-des-lointains-de-victor-segalen\/#primaryimage"},"thumbnailUrl":"https:\/\/kapitalis.com\/tunisie\/wp-content\/uploads\/2025\/03\/Victor-Segalen.jpg","keywords":["Brest","Bretagne","Chine","po\u00e8te fran\u00e7ais","Victor Segalen"],"articleSection":["A LA UNE","CULTURE","Tunisie"],"inLanguage":"fr-FR","potentialAction":[{"@type":"CommentAction","name":"Comment","target":["https:\/\/kapitalis.com\/tunisie\/2025\/04\/06\/le-poeme-du-dimanche-des-lointains-de-victor-segalen\/#respond"]}]},{"@type":"WebPage","@id":"https:\/\/kapitalis.com\/tunisie\/2025\/04\/06\/le-poeme-du-dimanche-des-lointains-de-victor-segalen\/","url":"https:\/\/kapitalis.com\/tunisie\/2025\/04\/06\/le-poeme-du-dimanche-des-lointains-de-victor-segalen\/","name":"Le po\u00e8me du dimanche\u00a0| \u2018\u2018Des lointains\u2019\u2019 de Victor Segalen - Kapitalis","isPartOf":{"@id":"https:\/\/kapitalis.com\/tunisie\/#website"},"primaryImageOfPage":{"@id":"https:\/\/kapitalis.com\/tunisie\/2025\/04\/06\/le-poeme-du-dimanche-des-lointains-de-victor-segalen\/#primaryimage"},"image":{"@id":"https:\/\/kapitalis.com\/tunisie\/2025\/04\/06\/le-poeme-du-dimanche-des-lointains-de-victor-segalen\/#primaryimage"},"thumbnailUrl":"https:\/\/kapitalis.com\/tunisie\/wp-content\/uploads\/2025\/03\/Victor-Segalen.jpg","datePublished":"2025-04-06T06:30:00+00:00","breadcrumb":{"@id":"https:\/\/kapitalis.com\/tunisie\/2025\/04\/06\/le-poeme-du-dimanche-des-lointains-de-victor-segalen\/#breadcrumb"},"inLanguage":"fr-FR","potentialAction":[{"@type":"ReadAction","target":["https:\/\/kapitalis.com\/tunisie\/2025\/04\/06\/le-poeme-du-dimanche-des-lointains-de-victor-segalen\/"]}]},{"@type":"ImageObject","inLanguage":"fr-FR","@id":"https:\/\/kapitalis.com\/tunisie\/2025\/04\/06\/le-poeme-du-dimanche-des-lointains-de-victor-segalen\/#primaryimage","url":"https:\/\/kapitalis.com\/tunisie\/wp-content\/uploads\/2025\/03\/Victor-Segalen.jpg","contentUrl":"https:\/\/kapitalis.com\/tunisie\/wp-content\/uploads\/2025\/03\/Victor-Segalen.jpg","width":1200,"height":630},{"@type":"BreadcrumbList","@id":"https:\/\/kapitalis.com\/tunisie\/2025\/04\/06\/le-poeme-du-dimanche-des-lointains-de-victor-segalen\/#breadcrumb","itemListElement":[{"@type":"ListItem","position":1,"name":"Accueil","item":"https:\/\/kapitalis.com\/tunisie\/"},{"@type":"ListItem","position":2,"name":"Le po\u00e8me du dimanche\u00a0| \u2018\u2018Des lointains\u2019\u2019 de Victor Segalen"}]},{"@type":"WebSite","@id":"https:\/\/kapitalis.com\/tunisie\/#website","url":"https:\/\/kapitalis.com\/tunisie\/","name":"Kapitalis","description":"L&#039;actualit\u00e9 en Tunisie et dans le monde","publisher":{"@id":"https:\/\/kapitalis.com\/tunisie\/#organization"},"potentialAction":[{"@type":"SearchAction","target":{"@type":"EntryPoint","urlTemplate":"https:\/\/kapitalis.com\/tunisie\/?s={search_term_string}"},"query-input":{"@type":"PropertyValueSpecification","valueRequired":true,"valueName":"search_term_string"}}],"inLanguage":"fr-FR"},{"@type":"Organization","@id":"https:\/\/kapitalis.com\/tunisie\/#organization","name":"Kapitalis","url":"https:\/\/kapitalis.com\/tunisie\/","logo":{"@type":"ImageObject","inLanguage":"fr-FR","@id":"https:\/\/kapitalis.com\/tunisie\/#\/schema\/logo\/image\/","url":"https:\/\/kapitalis.com\/tunisie\/wp-content\/uploads\/2022\/05\/Kapitalis-big-size.png","contentUrl":"https:\/\/kapitalis.com\/tunisie\/wp-content\/uploads\/2022\/05\/Kapitalis-big-size.png","width":5000,"height":1500,"caption":"Kapitalis"},"image":{"@id":"https:\/\/kapitalis.com\/tunisie\/#\/schema\/logo\/image\/"},"sameAs":["https:\/\/www.facebook.com\/KapitalisInfo\/","https:\/\/x.com\/KapitalisInfo","https:\/\/www.youtube.com\/channel\/UC-yDYrHyfFBWWZaOw3FPg9Q"]},{"@type":"Person","@id":"https:\/\/kapitalis.com\/tunisie\/#\/schema\/person\/d71f33a9ca44f7bad4698210b480c8e9","name":"webmaster kapitalis","url":"https:\/\/kapitalis.com\/tunisie\/author\/webmaster-kapitalis\/"}]}},"_links":{"self":[{"href":"https:\/\/kapitalis.com\/tunisie\/wp-json\/wp\/v2\/posts\/15849040","targetHints":{"allow":["GET"]}}],"collection":[{"href":"https:\/\/kapitalis.com\/tunisie\/wp-json\/wp\/v2\/posts"}],"about":[{"href":"https:\/\/kapitalis.com\/tunisie\/wp-json\/wp\/v2\/types\/post"}],"author":[{"embeddable":true,"href":"https:\/\/kapitalis.com\/tunisie\/wp-json\/wp\/v2\/users\/8"}],"replies":[{"embeddable":true,"href":"https:\/\/kapitalis.com\/tunisie\/wp-json\/wp\/v2\/comments?post=15849040"}],"version-history":[{"count":1,"href":"https:\/\/kapitalis.com\/tunisie\/wp-json\/wp\/v2\/posts\/15849040\/revisions"}],"predecessor-version":[{"id":15849125,"href":"https:\/\/kapitalis.com\/tunisie\/wp-json\/wp\/v2\/posts\/15849040\/revisions\/15849125"}],"wp:featuredmedia":[{"embeddable":true,"href":"https:\/\/kapitalis.com\/tunisie\/wp-json\/wp\/v2\/media\/15849106"}],"wp:attachment":[{"href":"https:\/\/kapitalis.com\/tunisie\/wp-json\/wp\/v2\/media?parent=15849040"}],"wp:term":[{"taxonomy":"category","embeddable":true,"href":"https:\/\/kapitalis.com\/tunisie\/wp-json\/wp\/v2\/categories?post=15849040"},{"taxonomy":"post_tag","embeddable":true,"href":"https:\/\/kapitalis.com\/tunisie\/wp-json\/wp\/v2\/tags?post=15849040"}],"curies":[{"name":"wp","href":"https:\/\/api.w.org\/{rel}","templated":true}]}}