{"id":158493,"date":"2018-06-07T15:35:49","date_gmt":"2018-06-07T14:35:49","guid":{"rendered":"http:\/\/kapitalis.com\/tunisie\/?p=158493"},"modified":"2018-06-07T15:35:49","modified_gmt":"2018-06-07T14:35:49","slug":"tunisair-50-min-de-retard-moyen-a-partir-de-tunis-en-mai-2018","status":"publish","type":"post","link":"https:\/\/kapitalis.com\/tunisie\/2018\/06\/07\/tunisair-50-min-de-retard-moyen-a-partir-de-tunis-en-mai-2018\/","title":{"rendered":"Tunisair : 50 min de retard moyen \u00e0 partir de Tunis en mai 2018"},"content":{"rendered":"<p style=\"text-align: center;\"><img loading=\"lazy\" decoding=\"async\" class=\"alignnone size-full wp-image-147773\" src=\"http:\/\/kapitalis.com\/tunisie\/wp-content\/uploads\/2018\/04\/Tunisair-retards.jpg\" alt=\"\" width=\"626\" height=\"380\" \/><\/p>\n<p><em><strong>En mai 2018, Tunisair a de nouveau \u00e9t\u00e9 nettement devanc\u00e9e par ses concurrentes \u00e9trang\u00e8res en termes de ponctualit\u00e9, 1er motif de m\u00e9contentement de la client\u00e8le de la compagnie a\u00e9rienne nationale tunisienne.<\/strong> <\/em><\/p>\n<p><!--more--><\/p>\n<p>C\u2019est ce qui ressort d\u2019une \u00e9tude r\u00e9alis\u00e9 par <em>\u2018\u2018Ponctualit\u00e9 Tunisair\u2019\u2019<\/em> une organisation issue de la soci\u00e9t\u00e9 civile fond\u00e9e et dirig\u00e9e par Mehdi-Thibaut Affes, dont l\u2019objectif est de contribuer \u00e0 l\u2019am\u00e9lioration de la ponctualit\u00e9 des vols de la compagnie nationale par une diffusion objective et rigoureuse des informations y aff\u00e9rant. Sur 31 jours d\u2019activit\u00e9, Tunisair a accus\u00e9 un retard moyen de 50 min pour les 983 vols internationaux qu\u2019elle a effectu\u00e9s au d\u00e9part de son hub de Tunis-Carthage.<\/p>\n<p>Les compagnies \u00e9trang\u00e8res (hors libyennes) ont, quant \u00e0 elles, assur\u00e9 560 vols au d\u00e9part de ce m\u00eame a\u00e9roport, avec un retard moyen au d\u00e9part presque deux fois inf\u00e9rieur (27 min).<\/p>\n<p>Plusieurs dessertes, pourtant strat\u00e9giques pour Tunisair, font particuli\u00e8rement les frais de ces retards, notamment les lignes reliant Tunis aux capitales italienne (Rome) et alg\u00e9rienne (Alger), \u00e0 la capitale \u00e9conomique turque et au 2e p\u00f4le \u00e9conomique de France (Lyon).<\/p>\n<p><em><strong>Bilan mai 2018 Tunis-Rome :<\/strong><\/em><\/p>\n<p>Retard moyen Tunisair (33 vols) : 0h48min<br \/>\nRetard moyen Alitalia (54 vols) : 0h13min<\/p>\n<p><em><strong>Bilan mai 2018 Tunis-Alger : <\/strong><\/em><\/p>\n<p>Retard moyen Tunisair (47 vols) : 1h02min<br \/>\nRetard moyen Air Alg\u00e9rie (37 vols) : 0h24min<\/p>\n<p><em><strong>Bilan mai 2018 Tunis-Istanbul :<\/strong><\/em><\/p>\n<p>Retard moyen Tunisair (39 vols) : 1h34min<br \/>\nRetard moyen Turkish Airlines (62 vols) : 0h24min<\/p>\n<p><em><strong>Bilan mai 2018 Tunis-Lyon <\/strong><\/em><\/p>\n<p>Retard moyen Tunisair (37 vols) : 1h05min<br \/>\nRetard moyen Transavia (16 vols) : 0h37min<\/p>\n<p>La ligne la plus dense de la compagnie nationale (Tunis-Paris) a \u00e9t\u00e9 desservie avec, en moyenne, 56 minutes de retard au d\u00e9part pour 134 vols assur\u00e9s :<\/p>\n<p><em><strong>Bilan mai 2018 Tunis-Paris :<\/strong><\/em><\/p>\n<p>Retard moyen Tunisair (134 vols) : 0h56min<br \/>\nRetard moyen Air France (93 vols) : 0h33min<br \/>\nRetard moyen Transavia (29 vols) : 0h37min<\/p>\n<p><em><strong>Source<\/strong><\/em> : communiqu\u00e9.<\/p>\n<blockquote class=\"wp-embedded-content\" data-secret=\"QMu01b3xx4\"><p><a href=\"https:\/\/kapitalis.com\/tunisie\/2018\/05\/05\/tunisair-des-retards-record-enregistres-dans-la-journee-du-2-mai-2018\/\">Tunisair : Des retards record enregistr\u00e9s dans la journ\u00e9e du 2 mai 2018<\/a><\/p><\/blockquote>\n<p><iframe loading=\"lazy\" class=\"wp-embedded-content\" sandbox=\"allow-scripts\" security=\"restricted\" style=\"position: absolute; clip: rect(1px, 1px, 1px, 1px);\" title=\"\u00ab\u00a0Tunisair : Des retards record enregistr\u00e9s dans la journ\u00e9e du 2 mai 2018\u00a0\u00bb &#8212; Kapitalis\" src=\"https:\/\/kapitalis.com\/tunisie\/2018\/05\/05\/tunisair-des-retards-record-enregistres-dans-la-journee-du-2-mai-2018\/embed\/#?secret=ZsoobTebq3#?secret=QMu01b3xx4\" data-secret=\"QMu01b3xx4\" width=\"600\" height=\"338\" frameborder=\"0\" marginwidth=\"0\" marginheight=\"0\" scrolling=\"no\"><\/iframe><\/p>\n<blockquote class=\"wp-embedded-content\" data-secret=\"Puk8lO75ek\"><p><a href=\"https:\/\/kapitalis.com\/tunisie\/2018\/05\/03\/tunisair-la-compagnie-la-moins-ponctuelle-au-depart-de-tunis-carthage\/\">Tunisair : La compagnie la moins ponctuelle au d\u00e9part de Tunis-Carthage<\/a><\/p><\/blockquote>\n<p><iframe loading=\"lazy\" class=\"wp-embedded-content\" sandbox=\"allow-scripts\" security=\"restricted\" style=\"position: absolute; clip: rect(1px, 1px, 1px, 1px);\" title=\"\u00ab\u00a0Tunisair : La compagnie la moins ponctuelle au d\u00e9part de Tunis-Carthage\u00a0\u00bb &#8212; Kapitalis\" src=\"https:\/\/kapitalis.com\/tunisie\/2018\/05\/03\/tunisair-la-compagnie-la-moins-ponctuelle-au-depart-de-tunis-carthage\/embed\/#?secret=7xKZAX3yiK#?secret=Puk8lO75ek\" data-secret=\"Puk8lO75ek\" width=\"600\" height=\"338\" frameborder=\"0\" marginwidth=\"0\" marginheight=\"0\" scrolling=\"no\"><\/iframe><\/p>\n","protected":false},"excerpt":{"rendered":"<p>En mai 2018, Tunisair a de nouveau \u00e9t\u00e9 nettement devanc\u00e9e par ses concurrentes \u00e9trang\u00e8res en termes de ponctualit\u00e9, 1er motif de m\u00e9contentement de la client\u00e8le de la compagnie a\u00e9rienne nationale tunisienne.<\/p>\n","protected":false},"author":8,"featured_media":0,"comment_status":"open","ping_status":"open","sticky":false,"template":"","format":"standard","meta":{"footnotes":""},"categories":[993,2433],"tags":[3097,7340,45993,6243,1501,11594],"class_list":["post-158493","post","type-post","status-publish","format-standard","hentry","category-conso","category-tunisie","tag-aeroport-de-tunis-carthage","tag-air-france","tag-mehdi-thibaut-affes","tag-ponctualite","tag-tunisair","tag-turkish-airlines"],"yoast_head":"<!-- This site is optimized with the Yoast SEO plugin v26.6 - https:\/\/yoast.com\/wordpress\/plugins\/seo\/ -->\n<title>Tunisair : 50 min de retard moyen \u00e0 partir de Tunis en mai 2018 - Kapitalis<\/title>\n<meta name=\"robots\" content=\"index, follow, max-snippet:-1, max-image-preview:large, max-video-preview:-1\" \/>\n<link rel=\"canonical\" href=\"https:\/\/kapitalis.com\/tunisie\/2018\/06\/07\/tunisair-50-min-de-retard-moyen-a-partir-de-tunis-en-mai-2018\/\" \/>\n<meta property=\"og:locale\" content=\"fr_FR\" \/>\n<meta property=\"og:type\" content=\"article\" \/>\n<meta property=\"og:title\" content=\"Tunisair : 50 min de retard moyen \u00e0 partir de Tunis en mai 2018 - Kapitalis\" \/>\n<meta property=\"og:description\" content=\"En mai 2018, Tunisair a de nouveau \u00e9t\u00e9 nettement devanc\u00e9e par ses concurrentes \u00e9trang\u00e8res en termes de ponctualit\u00e9, 1er motif de m\u00e9contentement de la client\u00e8le de la compagnie a\u00e9rienne nationale tunisienne.\" \/>\n<meta property=\"og:url\" content=\"https:\/\/kapitalis.com\/tunisie\/2018\/06\/07\/tunisair-50-min-de-retard-moyen-a-partir-de-tunis-en-mai-2018\/\" \/>\n<meta property=\"og:site_name\" content=\"Kapitalis\" \/>\n<meta property=\"article:publisher\" content=\"https:\/\/www.facebook.com\/KapitalisInfo\/\" \/>\n<meta property=\"article:published_time\" content=\"2018-06-07T14:35:49+00:00\" \/>\n<meta property=\"og:image\" content=\"http:\/\/kapitalis.com\/tunisie\/wp-content\/uploads\/2018\/04\/Tunisair-retards.jpg\" \/>\n<meta name=\"author\" content=\"webmaster kapitalis\" \/>\n<meta name=\"twitter:card\" content=\"summary_large_image\" \/>\n<meta name=\"twitter:creator\" content=\"@KapitalisInfo\" \/>\n<meta name=\"twitter:site\" content=\"@KapitalisInfo\" \/>\n<meta name=\"twitter:label1\" content=\"\u00c9crit par\" \/>\n\t<meta name=\"twitter:data1\" content=\"webmaster kapitalis\" \/>\n\t<meta name=\"twitter:label2\" content=\"Dur\u00e9e de lecture estim\u00e9e\" \/>\n\t<meta name=\"twitter:data2\" content=\"2 minutes\" \/>\n<script type=\"application\/ld+json\" class=\"yoast-schema-graph\">{\"@context\":\"https:\/\/schema.org\",\"@graph\":[{\"@type\":\"Article\",\"@id\":\"https:\/\/kapitalis.com\/tunisie\/2018\/06\/07\/tunisair-50-min-de-retard-moyen-a-partir-de-tunis-en-mai-2018\/#article\",\"isPartOf\":{\"@id\":\"https:\/\/kapitalis.com\/tunisie\/2018\/06\/07\/tunisair-50-min-de-retard-moyen-a-partir-de-tunis-en-mai-2018\/\"},\"author\":{\"name\":\"webmaster kapitalis\",\"@id\":\"https:\/\/kapitalis.com\/tunisie\/#\/schema\/person\/d71f33a9ca44f7bad4698210b480c8e9\"},\"headline\":\"Tunisair : 50 min de retard moyen \u00e0 partir de Tunis en mai 2018\",\"datePublished\":\"2018-06-07T14:35:49+00:00\",\"mainEntityOfPage\":{\"@id\":\"https:\/\/kapitalis.com\/tunisie\/2018\/06\/07\/tunisair-50-min-de-retard-moyen-a-partir-de-tunis-en-mai-2018\/\"},\"wordCount\":330,\"commentCount\":2,\"publisher\":{\"@id\":\"https:\/\/kapitalis.com\/tunisie\/#organization\"},\"image\":{\"@id\":\"https:\/\/kapitalis.com\/tunisie\/2018\/06\/07\/tunisair-50-min-de-retard-moyen-a-partir-de-tunis-en-mai-2018\/#primaryimage\"},\"thumbnailUrl\":\"http:\/\/kapitalis.com\/tunisie\/wp-content\/uploads\/2018\/04\/Tunisair-retards.jpg\",\"keywords\":[\"a\u00e9roport de Tunis-Carthage\",\"Air France\",\"Mehdi-Thibaut Affes\",\"ponctualit\u00e9\",\"Tunisair\",\"Turkish Airlines\"],\"articleSection\":[\"CONSO\",\"Tunisie\"],\"inLanguage\":\"fr-FR\",\"potentialAction\":[{\"@type\":\"CommentAction\",\"name\":\"Comment\",\"target\":[\"https:\/\/kapitalis.com\/tunisie\/2018\/06\/07\/tunisair-50-min-de-retard-moyen-a-partir-de-tunis-en-mai-2018\/#respond\"]}]},{\"@type\":\"WebPage\",\"@id\":\"https:\/\/kapitalis.com\/tunisie\/2018\/06\/07\/tunisair-50-min-de-retard-moyen-a-partir-de-tunis-en-mai-2018\/\",\"url\":\"https:\/\/kapitalis.com\/tunisie\/2018\/06\/07\/tunisair-50-min-de-retard-moyen-a-partir-de-tunis-en-mai-2018\/\",\"name\":\"Tunisair : 50 min de retard moyen \u00e0 partir de Tunis en mai 2018 - Kapitalis\",\"isPartOf\":{\"@id\":\"https:\/\/kapitalis.com\/tunisie\/#website\"},\"primaryImageOfPage\":{\"@id\":\"https:\/\/kapitalis.com\/tunisie\/2018\/06\/07\/tunisair-50-min-de-retard-moyen-a-partir-de-tunis-en-mai-2018\/#primaryimage\"},\"image\":{\"@id\":\"https:\/\/kapitalis.com\/tunisie\/2018\/06\/07\/tunisair-50-min-de-retard-moyen-a-partir-de-tunis-en-mai-2018\/#primaryimage\"},\"thumbnailUrl\":\"http:\/\/kapitalis.com\/tunisie\/wp-content\/uploads\/2018\/04\/Tunisair-retards.jpg\",\"datePublished\":\"2018-06-07T14:35:49+00:00\",\"breadcrumb\":{\"@id\":\"https:\/\/kapitalis.com\/tunisie\/2018\/06\/07\/tunisair-50-min-de-retard-moyen-a-partir-de-tunis-en-mai-2018\/#breadcrumb\"},\"inLanguage\":\"fr-FR\",\"potentialAction\":[{\"@type\":\"ReadAction\",\"target\":[\"https:\/\/kapitalis.com\/tunisie\/2018\/06\/07\/tunisair-50-min-de-retard-moyen-a-partir-de-tunis-en-mai-2018\/\"]}]},{\"@type\":\"ImageObject\",\"inLanguage\":\"fr-FR\",\"@id\":\"https:\/\/kapitalis.com\/tunisie\/2018\/06\/07\/tunisair-50-min-de-retard-moyen-a-partir-de-tunis-en-mai-2018\/#primaryimage\",\"url\":\"http:\/\/kapitalis.com\/tunisie\/wp-content\/uploads\/2018\/04\/Tunisair-retards.jpg\",\"contentUrl\":\"http:\/\/kapitalis.com\/tunisie\/wp-content\/uploads\/2018\/04\/Tunisair-retards.jpg\"},{\"@type\":\"BreadcrumbList\",\"@id\":\"https:\/\/kapitalis.com\/tunisie\/2018\/06\/07\/tunisair-50-min-de-retard-moyen-a-partir-de-tunis-en-mai-2018\/#breadcrumb\",\"itemListElement\":[{\"@type\":\"ListItem\",\"position\":1,\"name\":\"Accueil\",\"item\":\"https:\/\/kapitalis.com\/tunisie\/\"},{\"@type\":\"ListItem\",\"position\":2,\"name\":\"Tunisair : 50 min de retard moyen \u00e0 partir de Tunis en mai 2018\"}]},{\"@type\":\"WebSite\",\"@id\":\"https:\/\/kapitalis.com\/tunisie\/#website\",\"url\":\"https:\/\/kapitalis.com\/tunisie\/\",\"name\":\"Kapitalis\",\"description\":\"L&#039;actualit\u00e9 en Tunisie et dans le monde\",\"publisher\":{\"@id\":\"https:\/\/kapitalis.com\/tunisie\/#organization\"},\"potentialAction\":[{\"@type\":\"SearchAction\",\"target\":{\"@type\":\"EntryPoint\",\"urlTemplate\":\"https:\/\/kapitalis.com\/tunisie\/?s={search_term_string}\"},\"query-input\":{\"@type\":\"PropertyValueSpecification\",\"valueRequired\":true,\"valueName\":\"search_term_string\"}}],\"inLanguage\":\"fr-FR\"},{\"@type\":\"Organization\",\"@id\":\"https:\/\/kapitalis.com\/tunisie\/#organization\",\"name\":\"Kapitalis\",\"url\":\"https:\/\/kapitalis.com\/tunisie\/\",\"logo\":{\"@type\":\"ImageObject\",\"inLanguage\":\"fr-FR\",\"@id\":\"https:\/\/kapitalis.com\/tunisie\/#\/schema\/logo\/image\/\",\"url\":\"https:\/\/kapitalis.com\/tunisie\/wp-content\/uploads\/2022\/05\/Kapitalis-big-size.png\",\"contentUrl\":\"https:\/\/kapitalis.com\/tunisie\/wp-content\/uploads\/2022\/05\/Kapitalis-big-size.png\",\"width\":5000,\"height\":1500,\"caption\":\"Kapitalis\"},\"image\":{\"@id\":\"https:\/\/kapitalis.com\/tunisie\/#\/schema\/logo\/image\/\"},\"sameAs\":[\"https:\/\/www.facebook.com\/KapitalisInfo\/\",\"https:\/\/x.com\/KapitalisInfo\",\"https:\/\/www.youtube.com\/channel\/UC-yDYrHyfFBWWZaOw3FPg9Q\"]},{\"@type\":\"Person\",\"@id\":\"https:\/\/kapitalis.com\/tunisie\/#\/schema\/person\/d71f33a9ca44f7bad4698210b480c8e9\",\"name\":\"webmaster kapitalis\",\"url\":\"https:\/\/kapitalis.com\/tunisie\/author\/webmaster-kapitalis\/\"}]}<\/script>\n<!-- \/ Yoast SEO plugin. -->","yoast_head_json":{"title":"Tunisair : 50 min de retard moyen \u00e0 partir de Tunis en mai 2018 - Kapitalis","robots":{"index":"index","follow":"follow","max-snippet":"max-snippet:-1","max-image-preview":"max-image-preview:large","max-video-preview":"max-video-preview:-1"},"canonical":"https:\/\/kapitalis.com\/tunisie\/2018\/06\/07\/tunisair-50-min-de-retard-moyen-a-partir-de-tunis-en-mai-2018\/","og_locale":"fr_FR","og_type":"article","og_title":"Tunisair : 50 min de retard moyen \u00e0 partir de Tunis en mai 2018 - Kapitalis","og_description":"En mai 2018, Tunisair a de nouveau \u00e9t\u00e9 nettement devanc\u00e9e par ses concurrentes \u00e9trang\u00e8res en termes de ponctualit\u00e9, 1er motif de m\u00e9contentement de la client\u00e8le de la compagnie a\u00e9rienne nationale tunisienne.","og_url":"https:\/\/kapitalis.com\/tunisie\/2018\/06\/07\/tunisair-50-min-de-retard-moyen-a-partir-de-tunis-en-mai-2018\/","og_site_name":"Kapitalis","article_publisher":"https:\/\/www.facebook.com\/KapitalisInfo\/","article_published_time":"2018-06-07T14:35:49+00:00","og_image":[{"url":"http:\/\/kapitalis.com\/tunisie\/wp-content\/uploads\/2018\/04\/Tunisair-retards.jpg","type":"","width":"","height":""}],"author":"webmaster kapitalis","twitter_card":"summary_large_image","twitter_creator":"@KapitalisInfo","twitter_site":"@KapitalisInfo","twitter_misc":{"\u00c9crit par":"webmaster kapitalis","Dur\u00e9e de lecture estim\u00e9e":"2 minutes"},"schema":{"@context":"https:\/\/schema.org","@graph":[{"@type":"Article","@id":"https:\/\/kapitalis.com\/tunisie\/2018\/06\/07\/tunisair-50-min-de-retard-moyen-a-partir-de-tunis-en-mai-2018\/#article","isPartOf":{"@id":"https:\/\/kapitalis.com\/tunisie\/2018\/06\/07\/tunisair-50-min-de-retard-moyen-a-partir-de-tunis-en-mai-2018\/"},"author":{"name":"webmaster kapitalis","@id":"https:\/\/kapitalis.com\/tunisie\/#\/schema\/person\/d71f33a9ca44f7bad4698210b480c8e9"},"headline":"Tunisair : 50 min de retard moyen \u00e0 partir de Tunis en mai 2018","datePublished":"2018-06-07T14:35:49+00:00","mainEntityOfPage":{"@id":"https:\/\/kapitalis.com\/tunisie\/2018\/06\/07\/tunisair-50-min-de-retard-moyen-a-partir-de-tunis-en-mai-2018\/"},"wordCount":330,"commentCount":2,"publisher":{"@id":"https:\/\/kapitalis.com\/tunisie\/#organization"},"image":{"@id":"https:\/\/kapitalis.com\/tunisie\/2018\/06\/07\/tunisair-50-min-de-retard-moyen-a-partir-de-tunis-en-mai-2018\/#primaryimage"},"thumbnailUrl":"http:\/\/kapitalis.com\/tunisie\/wp-content\/uploads\/2018\/04\/Tunisair-retards.jpg","keywords":["a\u00e9roport de Tunis-Carthage","Air France","Mehdi-Thibaut Affes","ponctualit\u00e9","Tunisair","Turkish Airlines"],"articleSection":["CONSO","Tunisie"],"inLanguage":"fr-FR","potentialAction":[{"@type":"CommentAction","name":"Comment","target":["https:\/\/kapitalis.com\/tunisie\/2018\/06\/07\/tunisair-50-min-de-retard-moyen-a-partir-de-tunis-en-mai-2018\/#respond"]}]},{"@type":"WebPage","@id":"https:\/\/kapitalis.com\/tunisie\/2018\/06\/07\/tunisair-50-min-de-retard-moyen-a-partir-de-tunis-en-mai-2018\/","url":"https:\/\/kapitalis.com\/tunisie\/2018\/06\/07\/tunisair-50-min-de-retard-moyen-a-partir-de-tunis-en-mai-2018\/","name":"Tunisair : 50 min de retard moyen \u00e0 partir de Tunis en mai 2018 - Kapitalis","isPartOf":{"@id":"https:\/\/kapitalis.com\/tunisie\/#website"},"primaryImageOfPage":{"@id":"https:\/\/kapitalis.com\/tunisie\/2018\/06\/07\/tunisair-50-min-de-retard-moyen-a-partir-de-tunis-en-mai-2018\/#primaryimage"},"image":{"@id":"https:\/\/kapitalis.com\/tunisie\/2018\/06\/07\/tunisair-50-min-de-retard-moyen-a-partir-de-tunis-en-mai-2018\/#primaryimage"},"thumbnailUrl":"http:\/\/kapitalis.com\/tunisie\/wp-content\/uploads\/2018\/04\/Tunisair-retards.jpg","datePublished":"2018-06-07T14:35:49+00:00","breadcrumb":{"@id":"https:\/\/kapitalis.com\/tunisie\/2018\/06\/07\/tunisair-50-min-de-retard-moyen-a-partir-de-tunis-en-mai-2018\/#breadcrumb"},"inLanguage":"fr-FR","potentialAction":[{"@type":"ReadAction","target":["https:\/\/kapitalis.com\/tunisie\/2018\/06\/07\/tunisair-50-min-de-retard-moyen-a-partir-de-tunis-en-mai-2018\/"]}]},{"@type":"ImageObject","inLanguage":"fr-FR","@id":"https:\/\/kapitalis.com\/tunisie\/2018\/06\/07\/tunisair-50-min-de-retard-moyen-a-partir-de-tunis-en-mai-2018\/#primaryimage","url":"http:\/\/kapitalis.com\/tunisie\/wp-content\/uploads\/2018\/04\/Tunisair-retards.jpg","contentUrl":"http:\/\/kapitalis.com\/tunisie\/wp-content\/uploads\/2018\/04\/Tunisair-retards.jpg"},{"@type":"BreadcrumbList","@id":"https:\/\/kapitalis.com\/tunisie\/2018\/06\/07\/tunisair-50-min-de-retard-moyen-a-partir-de-tunis-en-mai-2018\/#breadcrumb","itemListElement":[{"@type":"ListItem","position":1,"name":"Accueil","item":"https:\/\/kapitalis.com\/tunisie\/"},{"@type":"ListItem","position":2,"name":"Tunisair : 50 min de retard moyen \u00e0 partir de Tunis en mai 2018"}]},{"@type":"WebSite","@id":"https:\/\/kapitalis.com\/tunisie\/#website","url":"https:\/\/kapitalis.com\/tunisie\/","name":"Kapitalis","description":"L&#039;actualit\u00e9 en Tunisie et dans le monde","publisher":{"@id":"https:\/\/kapitalis.com\/tunisie\/#organization"},"potentialAction":[{"@type":"SearchAction","target":{"@type":"EntryPoint","urlTemplate":"https:\/\/kapitalis.com\/tunisie\/?s={search_term_string}"},"query-input":{"@type":"PropertyValueSpecification","valueRequired":true,"valueName":"search_term_string"}}],"inLanguage":"fr-FR"},{"@type":"Organization","@id":"https:\/\/kapitalis.com\/tunisie\/#organization","name":"Kapitalis","url":"https:\/\/kapitalis.com\/tunisie\/","logo":{"@type":"ImageObject","inLanguage":"fr-FR","@id":"https:\/\/kapitalis.com\/tunisie\/#\/schema\/logo\/image\/","url":"https:\/\/kapitalis.com\/tunisie\/wp-content\/uploads\/2022\/05\/Kapitalis-big-size.png","contentUrl":"https:\/\/kapitalis.com\/tunisie\/wp-content\/uploads\/2022\/05\/Kapitalis-big-size.png","width":5000,"height":1500,"caption":"Kapitalis"},"image":{"@id":"https:\/\/kapitalis.com\/tunisie\/#\/schema\/logo\/image\/"},"sameAs":["https:\/\/www.facebook.com\/KapitalisInfo\/","https:\/\/x.com\/KapitalisInfo","https:\/\/www.youtube.com\/channel\/UC-yDYrHyfFBWWZaOw3FPg9Q"]},{"@type":"Person","@id":"https:\/\/kapitalis.com\/tunisie\/#\/schema\/person\/d71f33a9ca44f7bad4698210b480c8e9","name":"webmaster kapitalis","url":"https:\/\/kapitalis.com\/tunisie\/author\/webmaster-kapitalis\/"}]}},"_links":{"self":[{"href":"https:\/\/kapitalis.com\/tunisie\/wp-json\/wp\/v2\/posts\/158493","targetHints":{"allow":["GET"]}}],"collection":[{"href":"https:\/\/kapitalis.com\/tunisie\/wp-json\/wp\/v2\/posts"}],"about":[{"href":"https:\/\/kapitalis.com\/tunisie\/wp-json\/wp\/v2\/types\/post"}],"author":[{"embeddable":true,"href":"https:\/\/kapitalis.com\/tunisie\/wp-json\/wp\/v2\/users\/8"}],"replies":[{"embeddable":true,"href":"https:\/\/kapitalis.com\/tunisie\/wp-json\/wp\/v2\/comments?post=158493"}],"version-history":[{"count":0,"href":"https:\/\/kapitalis.com\/tunisie\/wp-json\/wp\/v2\/posts\/158493\/revisions"}],"wp:attachment":[{"href":"https:\/\/kapitalis.com\/tunisie\/wp-json\/wp\/v2\/media?parent=158493"}],"wp:term":[{"taxonomy":"category","embeddable":true,"href":"https:\/\/kapitalis.com\/tunisie\/wp-json\/wp\/v2\/categories?post=158493"},{"taxonomy":"post_tag","embeddable":true,"href":"https:\/\/kapitalis.com\/tunisie\/wp-json\/wp\/v2\/tags?post=158493"}],"curies":[{"name":"wp","href":"https:\/\/api.w.org\/{rel}","templated":true}]}}