{"id":158595,"date":"2018-06-08T12:44:51","date_gmt":"2018-06-08T11:44:51","guid":{"rendered":"http:\/\/kapitalis.com\/tunisie\/?p=158595"},"modified":"2018-06-08T12:44:51","modified_gmt":"2018-06-08T11:44:51","slug":"television-la-justice-ordonne-a-nouveau-larret-de-diffusion-de-shalom","status":"publish","type":"post","link":"https:\/\/kapitalis.com\/tunisie\/2018\/06\/08\/television-la-justice-ordonne-a-nouveau-larret-de-diffusion-de-shalom\/","title":{"rendered":"T\u00e9l\u00e9vision : La justice ordonne \u00e0 nouveau l&rsquo;arr\u00eat de diffusion de \u00ab\u00a0Shalom\u00a0\u00bb"},"content":{"rendered":"<p style=\"text-align: center;\"><img loading=\"lazy\" decoding=\"async\" class=\"alignnone size-full wp-image-155513\" src=\"http:\/\/kapitalis.com\/tunisie\/wp-content\/uploads\/2018\/05\/Shalom.jpg\" alt=\"\" width=\"626\" height=\"380\" \/><\/p>\n<p><em><strong>Le tribunal de 1\u00e8re instance de Tunis a de nouveau ordonn\u00e9 l&rsquo;arr\u00eat de diffusion de la cam\u00e9ra cach\u00e9e \u00ab\u00a0Shalom\u00a0\u00bb, produite par le journaliste Walid Zribi, et diffus\u00e9e sur la cha\u00eene priv\u00e9e Carthage+.<\/strong><\/em><!--more--><\/p>\n<p>C&rsquo;est ce qu&rsquo;a indiqu\u00e9 Mohsen Nebti, dirigeant d&rsquo;Al-Tayar Al-Chaabi, dans un post publi\u00e9 sur son compte Facebook, aujourd&rsquo;hui, vendredi 8 juin 2018, en pr\u00e9cisant qu&rsquo;une plainte sera port\u00e9e contre le journaliste Walid Zribi pour normalisation avec Isra\u00ebl et pour diffamation.<\/p>\n<p>Il reste, cependant, \u00e0 pr\u00e9ciser qu&rsquo;il n&rsquo;y a aucune loi en Tunisie qui criminalise la normalisation avec Isra\u00ebl et que seule la personne diffam\u00e9e peut porter plainte en justice. Et on ne voit pas vraiment de quoi se m\u00eale Al-Tayar Al-Chaabi.<\/p>\n<p>Leila Haddad, qui fait parti du groupe d&rsquo;avocats ayant port\u00e9 plainte contre la cha\u00eene priv\u00e9e Carthage+, s&rsquo;est f\u00e9licit\u00e9e, sur son compte Facebook, du verdict prononc\u00e9, ce matin, par la justice, assurant \u00e9galement que le combat men\u00e9 contre cette \u00e9mission ramadanesque se poursuivra.<\/p>\n<p>Rappelons que le tribunal de 1\u00e8re instance de Tunis avait ordonn\u00e9, la semaine derni\u00e8re, l&rsquo;arr\u00eat de la diffusion de \u00ab\u00a0<em>Shalom<\/em>\u00a0\u00bb sur la cha\u00eene priv\u00e9e Tunisna, et ce suite \u00e0 une plainte d\u00e9pos\u00e9e par des avocats membres d&rsquo;Al-Tayar Al-Chaabi.<\/p>\n<p>Ces derniers estiment que le contenu de cette cam\u00e9ra cach\u00e9e est dangereux et vise \u00e0 d\u00e9noncer les personnes pr\u00eates \u00e0 collaborer avec l&rsquo;Etat sioniste.<\/p>\n<p style=\"text-align: right;\"><strong>E. B. A.<\/strong><\/p>\n<blockquote class=\"wp-embedded-content\" data-secret=\"bmH5RoI5Ou\"><p><a href=\"https:\/\/kapitalis.com\/tunisie\/2018\/05\/28\/la-justice-ordonne-larret-de-la-diffusion-de-la-camera-cachee-shalom\/\">La justice ordonne l&rsquo;arr\u00eat de la diffusion de la cam\u00e9ra cach\u00e9e \u00ab\u00a0Shalom\u00a0\u00bb<\/a><\/p><\/blockquote>\n<p><iframe loading=\"lazy\" class=\"wp-embedded-content\" sandbox=\"allow-scripts\" security=\"restricted\" style=\"position: absolute; clip: rect(1px, 1px, 1px, 1px);\" title=\"\u00ab\u00a0La justice ordonne l&rsquo;arr\u00eat de la diffusion de la cam\u00e9ra cach\u00e9e \u00ab\u00a0Shalom\u00a0\u00bb\u00a0\u00bb &#8212; Kapitalis\" src=\"https:\/\/kapitalis.com\/tunisie\/2018\/05\/28\/la-justice-ordonne-larret-de-la-diffusion-de-la-camera-cachee-shalom\/embed\/#?secret=PE4McOmvLt#?secret=bmH5RoI5Ou\" data-secret=\"bmH5RoI5Ou\" width=\"600\" height=\"338\" frameborder=\"0\" marginwidth=\"0\" marginheight=\"0\" scrolling=\"no\"><\/iframe><\/p>\n<blockquote class=\"wp-embedded-content\" data-secret=\"7DEgnTjisI\"><p><a href=\"https:\/\/kapitalis.com\/tunisie\/2018\/05\/23\/haica-le-drapeau-israelien-enleve-du-generique-de-shalom\/\">Haica : Le drapeau isra\u00e9lien enlev\u00e9 du g\u00e9n\u00e9rique de \u00ab\u00a0Shalom\u00a0\u00bb<\/a><\/p><\/blockquote>\n<p><iframe loading=\"lazy\" class=\"wp-embedded-content\" sandbox=\"allow-scripts\" security=\"restricted\" style=\"position: absolute; clip: rect(1px, 1px, 1px, 1px);\" title=\"\u00ab\u00a0Haica : Le drapeau isra\u00e9lien enlev\u00e9 du g\u00e9n\u00e9rique de \u00ab\u00a0Shalom\u00a0\u00bb\u00a0\u00bb &#8212; Kapitalis\" src=\"https:\/\/kapitalis.com\/tunisie\/2018\/05\/23\/haica-le-drapeau-israelien-enleve-du-generique-de-shalom\/embed\/#?secret=kEAG4yKd7n#?secret=7DEgnTjisI\" data-secret=\"7DEgnTjisI\" width=\"600\" height=\"338\" frameborder=\"0\" marginwidth=\"0\" marginheight=\"0\" scrolling=\"no\"><\/iframe><\/p>\n","protected":false},"excerpt":{"rendered":"<p>Le tribunal de 1\u00e8re instance de Tunis a de nouveau ordonn\u00e9 l&rsquo;arr\u00eat de diffusion de la cam\u00e9ra cach\u00e9e \u00ab\u00a0Shalom\u00a0\u00bb, produite par le journaliste Walid Zribi, et diffus\u00e9e sur la cha\u00eene priv\u00e9e Carthage+.<\/p>\n","protected":false},"author":16,"featured_media":0,"comment_status":"open","ping_status":"open","sticky":false,"template":"","format":"standard","meta":{"footnotes":""},"categories":[996,2433],"tags":[2307,1234,9743,46553,46554],"class_list":["post-158595","post","type-post","status-publish","format-standard","hentry","category-media","category-tunisie","tag-camera-cachee","tag-carthage","tag-leila-haddad","tag-shalom","tag-walid-zribi"],"yoast_head":"<!-- This site is optimized with the Yoast SEO plugin v26.6 - https:\/\/yoast.com\/wordpress\/plugins\/seo\/ -->\n<title>T\u00e9l\u00e9vision : La justice ordonne \u00e0 nouveau l&#039;arr\u00eat de diffusion de &quot;Shalom&quot; - Kapitalis<\/title>\n<meta name=\"robots\" content=\"index, follow, max-snippet:-1, max-image-preview:large, max-video-preview:-1\" \/>\n<link rel=\"canonical\" href=\"https:\/\/kapitalis.com\/tunisie\/2018\/06\/08\/television-la-justice-ordonne-a-nouveau-larret-de-diffusion-de-shalom\/\" \/>\n<meta property=\"og:locale\" content=\"fr_FR\" \/>\n<meta property=\"og:type\" content=\"article\" \/>\n<meta property=\"og:title\" content=\"T\u00e9l\u00e9vision : La justice ordonne \u00e0 nouveau l&#039;arr\u00eat de diffusion de &quot;Shalom&quot; - Kapitalis\" \/>\n<meta property=\"og:description\" content=\"Le tribunal de 1\u00e8re instance de Tunis a de nouveau ordonn\u00e9 l&rsquo;arr\u00eat de diffusion de la cam\u00e9ra cach\u00e9e \u00ab\u00a0Shalom\u00a0\u00bb, produite par le journaliste Walid Zribi, et diffus\u00e9e sur la cha\u00eene priv\u00e9e Carthage+.\" \/>\n<meta property=\"og:url\" content=\"https:\/\/kapitalis.com\/tunisie\/2018\/06\/08\/television-la-justice-ordonne-a-nouveau-larret-de-diffusion-de-shalom\/\" \/>\n<meta property=\"og:site_name\" content=\"Kapitalis\" \/>\n<meta property=\"article:publisher\" content=\"https:\/\/www.facebook.com\/KapitalisInfo\/\" \/>\n<meta property=\"article:published_time\" content=\"2018-06-08T11:44:51+00:00\" \/>\n<meta property=\"og:image\" content=\"http:\/\/kapitalis.com\/tunisie\/wp-content\/uploads\/2018\/05\/Shalom.jpg\" \/>\n<meta name=\"author\" content=\"emna benabdallah\" \/>\n<meta name=\"twitter:card\" content=\"summary_large_image\" \/>\n<meta name=\"twitter:creator\" content=\"@KapitalisInfo\" \/>\n<meta name=\"twitter:site\" content=\"@KapitalisInfo\" \/>\n<meta name=\"twitter:label1\" content=\"\u00c9crit par\" \/>\n\t<meta name=\"twitter:data1\" content=\"emna benabdallah\" \/>\n\t<meta name=\"twitter:label2\" content=\"Dur\u00e9e de lecture estim\u00e9e\" \/>\n\t<meta name=\"twitter:data2\" content=\"1 minute\" \/>\n<script type=\"application\/ld+json\" class=\"yoast-schema-graph\">{\"@context\":\"https:\/\/schema.org\",\"@graph\":[{\"@type\":\"Article\",\"@id\":\"https:\/\/kapitalis.com\/tunisie\/2018\/06\/08\/television-la-justice-ordonne-a-nouveau-larret-de-diffusion-de-shalom\/#article\",\"isPartOf\":{\"@id\":\"https:\/\/kapitalis.com\/tunisie\/2018\/06\/08\/television-la-justice-ordonne-a-nouveau-larret-de-diffusion-de-shalom\/\"},\"author\":{\"name\":\"emna benabdallah\",\"@id\":\"https:\/\/kapitalis.com\/tunisie\/#\/schema\/person\/2c6e134b2f3369dffcd1daf5f087d28b\"},\"headline\":\"T\u00e9l\u00e9vision : La justice ordonne \u00e0 nouveau l&rsquo;arr\u00eat de diffusion de \u00ab\u00a0Shalom\u00a0\u00bb\",\"datePublished\":\"2018-06-08T11:44:51+00:00\",\"mainEntityOfPage\":{\"@id\":\"https:\/\/kapitalis.com\/tunisie\/2018\/06\/08\/television-la-justice-ordonne-a-nouveau-larret-de-diffusion-de-shalom\/\"},\"wordCount\":264,\"commentCount\":1,\"publisher\":{\"@id\":\"https:\/\/kapitalis.com\/tunisie\/#organization\"},\"image\":{\"@id\":\"https:\/\/kapitalis.com\/tunisie\/2018\/06\/08\/television-la-justice-ordonne-a-nouveau-larret-de-diffusion-de-shalom\/#primaryimage\"},\"thumbnailUrl\":\"http:\/\/kapitalis.com\/tunisie\/wp-content\/uploads\/2018\/05\/Shalom.jpg\",\"keywords\":[\"cam\u00e9ra cach\u00e9e\",\"Carthage\",\"Leila Haddad\",\"Shalom\",\"Walid Zribi\"],\"articleSection\":[\"MEDIA\",\"Tunisie\"],\"inLanguage\":\"fr-FR\",\"potentialAction\":[{\"@type\":\"CommentAction\",\"name\":\"Comment\",\"target\":[\"https:\/\/kapitalis.com\/tunisie\/2018\/06\/08\/television-la-justice-ordonne-a-nouveau-larret-de-diffusion-de-shalom\/#respond\"]}]},{\"@type\":\"WebPage\",\"@id\":\"https:\/\/kapitalis.com\/tunisie\/2018\/06\/08\/television-la-justice-ordonne-a-nouveau-larret-de-diffusion-de-shalom\/\",\"url\":\"https:\/\/kapitalis.com\/tunisie\/2018\/06\/08\/television-la-justice-ordonne-a-nouveau-larret-de-diffusion-de-shalom\/\",\"name\":\"T\u00e9l\u00e9vision : La justice ordonne \u00e0 nouveau l'arr\u00eat de diffusion de \\\"Shalom\\\" - Kapitalis\",\"isPartOf\":{\"@id\":\"https:\/\/kapitalis.com\/tunisie\/#website\"},\"primaryImageOfPage\":{\"@id\":\"https:\/\/kapitalis.com\/tunisie\/2018\/06\/08\/television-la-justice-ordonne-a-nouveau-larret-de-diffusion-de-shalom\/#primaryimage\"},\"image\":{\"@id\":\"https:\/\/kapitalis.com\/tunisie\/2018\/06\/08\/television-la-justice-ordonne-a-nouveau-larret-de-diffusion-de-shalom\/#primaryimage\"},\"thumbnailUrl\":\"http:\/\/kapitalis.com\/tunisie\/wp-content\/uploads\/2018\/05\/Shalom.jpg\",\"datePublished\":\"2018-06-08T11:44:51+00:00\",\"breadcrumb\":{\"@id\":\"https:\/\/kapitalis.com\/tunisie\/2018\/06\/08\/television-la-justice-ordonne-a-nouveau-larret-de-diffusion-de-shalom\/#breadcrumb\"},\"inLanguage\":\"fr-FR\",\"potentialAction\":[{\"@type\":\"ReadAction\",\"target\":[\"https:\/\/kapitalis.com\/tunisie\/2018\/06\/08\/television-la-justice-ordonne-a-nouveau-larret-de-diffusion-de-shalom\/\"]}]},{\"@type\":\"ImageObject\",\"inLanguage\":\"fr-FR\",\"@id\":\"https:\/\/kapitalis.com\/tunisie\/2018\/06\/08\/television-la-justice-ordonne-a-nouveau-larret-de-diffusion-de-shalom\/#primaryimage\",\"url\":\"http:\/\/kapitalis.com\/tunisie\/wp-content\/uploads\/2018\/05\/Shalom.jpg\",\"contentUrl\":\"http:\/\/kapitalis.com\/tunisie\/wp-content\/uploads\/2018\/05\/Shalom.jpg\"},{\"@type\":\"BreadcrumbList\",\"@id\":\"https:\/\/kapitalis.com\/tunisie\/2018\/06\/08\/television-la-justice-ordonne-a-nouveau-larret-de-diffusion-de-shalom\/#breadcrumb\",\"itemListElement\":[{\"@type\":\"ListItem\",\"position\":1,\"name\":\"Accueil\",\"item\":\"https:\/\/kapitalis.com\/tunisie\/\"},{\"@type\":\"ListItem\",\"position\":2,\"name\":\"T\u00e9l\u00e9vision : La justice ordonne \u00e0 nouveau l&rsquo;arr\u00eat de diffusion de \u00ab\u00a0Shalom\u00a0\u00bb\"}]},{\"@type\":\"WebSite\",\"@id\":\"https:\/\/kapitalis.com\/tunisie\/#website\",\"url\":\"https:\/\/kapitalis.com\/tunisie\/\",\"name\":\"Kapitalis\",\"description\":\"L&#039;actualit\u00e9 en Tunisie et dans le monde\",\"publisher\":{\"@id\":\"https:\/\/kapitalis.com\/tunisie\/#organization\"},\"potentialAction\":[{\"@type\":\"SearchAction\",\"target\":{\"@type\":\"EntryPoint\",\"urlTemplate\":\"https:\/\/kapitalis.com\/tunisie\/?s={search_term_string}\"},\"query-input\":{\"@type\":\"PropertyValueSpecification\",\"valueRequired\":true,\"valueName\":\"search_term_string\"}}],\"inLanguage\":\"fr-FR\"},{\"@type\":\"Organization\",\"@id\":\"https:\/\/kapitalis.com\/tunisie\/#organization\",\"name\":\"Kapitalis\",\"url\":\"https:\/\/kapitalis.com\/tunisie\/\",\"logo\":{\"@type\":\"ImageObject\",\"inLanguage\":\"fr-FR\",\"@id\":\"https:\/\/kapitalis.com\/tunisie\/#\/schema\/logo\/image\/\",\"url\":\"https:\/\/kapitalis.com\/tunisie\/wp-content\/uploads\/2022\/05\/Kapitalis-big-size.png\",\"contentUrl\":\"https:\/\/kapitalis.com\/tunisie\/wp-content\/uploads\/2022\/05\/Kapitalis-big-size.png\",\"width\":5000,\"height\":1500,\"caption\":\"Kapitalis\"},\"image\":{\"@id\":\"https:\/\/kapitalis.com\/tunisie\/#\/schema\/logo\/image\/\"},\"sameAs\":[\"https:\/\/www.facebook.com\/KapitalisInfo\/\",\"https:\/\/x.com\/KapitalisInfo\",\"https:\/\/www.youtube.com\/channel\/UC-yDYrHyfFBWWZaOw3FPg9Q\"]},{\"@type\":\"Person\",\"@id\":\"https:\/\/kapitalis.com\/tunisie\/#\/schema\/person\/2c6e134b2f3369dffcd1daf5f087d28b\",\"name\":\"emna benabdallah\",\"url\":\"https:\/\/kapitalis.com\/tunisie\/author\/emna\/\"}]}<\/script>\n<!-- \/ Yoast SEO plugin. -->","yoast_head_json":{"title":"T\u00e9l\u00e9vision : La justice ordonne \u00e0 nouveau l'arr\u00eat de diffusion de \"Shalom\" - Kapitalis","robots":{"index":"index","follow":"follow","max-snippet":"max-snippet:-1","max-image-preview":"max-image-preview:large","max-video-preview":"max-video-preview:-1"},"canonical":"https:\/\/kapitalis.com\/tunisie\/2018\/06\/08\/television-la-justice-ordonne-a-nouveau-larret-de-diffusion-de-shalom\/","og_locale":"fr_FR","og_type":"article","og_title":"T\u00e9l\u00e9vision : La justice ordonne \u00e0 nouveau l'arr\u00eat de diffusion de \"Shalom\" - Kapitalis","og_description":"Le tribunal de 1\u00e8re instance de Tunis a de nouveau ordonn\u00e9 l&rsquo;arr\u00eat de diffusion de la cam\u00e9ra cach\u00e9e \u00ab\u00a0Shalom\u00a0\u00bb, produite par le journaliste Walid Zribi, et diffus\u00e9e sur la cha\u00eene priv\u00e9e Carthage+.","og_url":"https:\/\/kapitalis.com\/tunisie\/2018\/06\/08\/television-la-justice-ordonne-a-nouveau-larret-de-diffusion-de-shalom\/","og_site_name":"Kapitalis","article_publisher":"https:\/\/www.facebook.com\/KapitalisInfo\/","article_published_time":"2018-06-08T11:44:51+00:00","og_image":[{"url":"http:\/\/kapitalis.com\/tunisie\/wp-content\/uploads\/2018\/05\/Shalom.jpg","type":"","width":"","height":""}],"author":"emna benabdallah","twitter_card":"summary_large_image","twitter_creator":"@KapitalisInfo","twitter_site":"@KapitalisInfo","twitter_misc":{"\u00c9crit par":"emna benabdallah","Dur\u00e9e de lecture estim\u00e9e":"1 minute"},"schema":{"@context":"https:\/\/schema.org","@graph":[{"@type":"Article","@id":"https:\/\/kapitalis.com\/tunisie\/2018\/06\/08\/television-la-justice-ordonne-a-nouveau-larret-de-diffusion-de-shalom\/#article","isPartOf":{"@id":"https:\/\/kapitalis.com\/tunisie\/2018\/06\/08\/television-la-justice-ordonne-a-nouveau-larret-de-diffusion-de-shalom\/"},"author":{"name":"emna benabdallah","@id":"https:\/\/kapitalis.com\/tunisie\/#\/schema\/person\/2c6e134b2f3369dffcd1daf5f087d28b"},"headline":"T\u00e9l\u00e9vision : La justice ordonne \u00e0 nouveau l&rsquo;arr\u00eat de diffusion de \u00ab\u00a0Shalom\u00a0\u00bb","datePublished":"2018-06-08T11:44:51+00:00","mainEntityOfPage":{"@id":"https:\/\/kapitalis.com\/tunisie\/2018\/06\/08\/television-la-justice-ordonne-a-nouveau-larret-de-diffusion-de-shalom\/"},"wordCount":264,"commentCount":1,"publisher":{"@id":"https:\/\/kapitalis.com\/tunisie\/#organization"},"image":{"@id":"https:\/\/kapitalis.com\/tunisie\/2018\/06\/08\/television-la-justice-ordonne-a-nouveau-larret-de-diffusion-de-shalom\/#primaryimage"},"thumbnailUrl":"http:\/\/kapitalis.com\/tunisie\/wp-content\/uploads\/2018\/05\/Shalom.jpg","keywords":["cam\u00e9ra cach\u00e9e","Carthage","Leila Haddad","Shalom","Walid Zribi"],"articleSection":["MEDIA","Tunisie"],"inLanguage":"fr-FR","potentialAction":[{"@type":"CommentAction","name":"Comment","target":["https:\/\/kapitalis.com\/tunisie\/2018\/06\/08\/television-la-justice-ordonne-a-nouveau-larret-de-diffusion-de-shalom\/#respond"]}]},{"@type":"WebPage","@id":"https:\/\/kapitalis.com\/tunisie\/2018\/06\/08\/television-la-justice-ordonne-a-nouveau-larret-de-diffusion-de-shalom\/","url":"https:\/\/kapitalis.com\/tunisie\/2018\/06\/08\/television-la-justice-ordonne-a-nouveau-larret-de-diffusion-de-shalom\/","name":"T\u00e9l\u00e9vision : La justice ordonne \u00e0 nouveau l'arr\u00eat de diffusion de \"Shalom\" - Kapitalis","isPartOf":{"@id":"https:\/\/kapitalis.com\/tunisie\/#website"},"primaryImageOfPage":{"@id":"https:\/\/kapitalis.com\/tunisie\/2018\/06\/08\/television-la-justice-ordonne-a-nouveau-larret-de-diffusion-de-shalom\/#primaryimage"},"image":{"@id":"https:\/\/kapitalis.com\/tunisie\/2018\/06\/08\/television-la-justice-ordonne-a-nouveau-larret-de-diffusion-de-shalom\/#primaryimage"},"thumbnailUrl":"http:\/\/kapitalis.com\/tunisie\/wp-content\/uploads\/2018\/05\/Shalom.jpg","datePublished":"2018-06-08T11:44:51+00:00","breadcrumb":{"@id":"https:\/\/kapitalis.com\/tunisie\/2018\/06\/08\/television-la-justice-ordonne-a-nouveau-larret-de-diffusion-de-shalom\/#breadcrumb"},"inLanguage":"fr-FR","potentialAction":[{"@type":"ReadAction","target":["https:\/\/kapitalis.com\/tunisie\/2018\/06\/08\/television-la-justice-ordonne-a-nouveau-larret-de-diffusion-de-shalom\/"]}]},{"@type":"ImageObject","inLanguage":"fr-FR","@id":"https:\/\/kapitalis.com\/tunisie\/2018\/06\/08\/television-la-justice-ordonne-a-nouveau-larret-de-diffusion-de-shalom\/#primaryimage","url":"http:\/\/kapitalis.com\/tunisie\/wp-content\/uploads\/2018\/05\/Shalom.jpg","contentUrl":"http:\/\/kapitalis.com\/tunisie\/wp-content\/uploads\/2018\/05\/Shalom.jpg"},{"@type":"BreadcrumbList","@id":"https:\/\/kapitalis.com\/tunisie\/2018\/06\/08\/television-la-justice-ordonne-a-nouveau-larret-de-diffusion-de-shalom\/#breadcrumb","itemListElement":[{"@type":"ListItem","position":1,"name":"Accueil","item":"https:\/\/kapitalis.com\/tunisie\/"},{"@type":"ListItem","position":2,"name":"T\u00e9l\u00e9vision : La justice ordonne \u00e0 nouveau l&rsquo;arr\u00eat de diffusion de \u00ab\u00a0Shalom\u00a0\u00bb"}]},{"@type":"WebSite","@id":"https:\/\/kapitalis.com\/tunisie\/#website","url":"https:\/\/kapitalis.com\/tunisie\/","name":"Kapitalis","description":"L&#039;actualit\u00e9 en Tunisie et dans le monde","publisher":{"@id":"https:\/\/kapitalis.com\/tunisie\/#organization"},"potentialAction":[{"@type":"SearchAction","target":{"@type":"EntryPoint","urlTemplate":"https:\/\/kapitalis.com\/tunisie\/?s={search_term_string}"},"query-input":{"@type":"PropertyValueSpecification","valueRequired":true,"valueName":"search_term_string"}}],"inLanguage":"fr-FR"},{"@type":"Organization","@id":"https:\/\/kapitalis.com\/tunisie\/#organization","name":"Kapitalis","url":"https:\/\/kapitalis.com\/tunisie\/","logo":{"@type":"ImageObject","inLanguage":"fr-FR","@id":"https:\/\/kapitalis.com\/tunisie\/#\/schema\/logo\/image\/","url":"https:\/\/kapitalis.com\/tunisie\/wp-content\/uploads\/2022\/05\/Kapitalis-big-size.png","contentUrl":"https:\/\/kapitalis.com\/tunisie\/wp-content\/uploads\/2022\/05\/Kapitalis-big-size.png","width":5000,"height":1500,"caption":"Kapitalis"},"image":{"@id":"https:\/\/kapitalis.com\/tunisie\/#\/schema\/logo\/image\/"},"sameAs":["https:\/\/www.facebook.com\/KapitalisInfo\/","https:\/\/x.com\/KapitalisInfo","https:\/\/www.youtube.com\/channel\/UC-yDYrHyfFBWWZaOw3FPg9Q"]},{"@type":"Person","@id":"https:\/\/kapitalis.com\/tunisie\/#\/schema\/person\/2c6e134b2f3369dffcd1daf5f087d28b","name":"emna benabdallah","url":"https:\/\/kapitalis.com\/tunisie\/author\/emna\/"}]}},"_links":{"self":[{"href":"https:\/\/kapitalis.com\/tunisie\/wp-json\/wp\/v2\/posts\/158595","targetHints":{"allow":["GET"]}}],"collection":[{"href":"https:\/\/kapitalis.com\/tunisie\/wp-json\/wp\/v2\/posts"}],"about":[{"href":"https:\/\/kapitalis.com\/tunisie\/wp-json\/wp\/v2\/types\/post"}],"author":[{"embeddable":true,"href":"https:\/\/kapitalis.com\/tunisie\/wp-json\/wp\/v2\/users\/16"}],"replies":[{"embeddable":true,"href":"https:\/\/kapitalis.com\/tunisie\/wp-json\/wp\/v2\/comments?post=158595"}],"version-history":[{"count":0,"href":"https:\/\/kapitalis.com\/tunisie\/wp-json\/wp\/v2\/posts\/158595\/revisions"}],"wp:attachment":[{"href":"https:\/\/kapitalis.com\/tunisie\/wp-json\/wp\/v2\/media?parent=158595"}],"wp:term":[{"taxonomy":"category","embeddable":true,"href":"https:\/\/kapitalis.com\/tunisie\/wp-json\/wp\/v2\/categories?post=158595"},{"taxonomy":"post_tag","embeddable":true,"href":"https:\/\/kapitalis.com\/tunisie\/wp-json\/wp\/v2\/tags?post=158595"}],"curies":[{"name":"wp","href":"https:\/\/api.w.org\/{rel}","templated":true}]}}