{"id":15885932,"date":"2025-03-14T11:27:09","date_gmt":"2025-03-14T10:27:09","guid":{"rendered":"https:\/\/kapitalis.com\/tunisie\/?p=15885932"},"modified":"2025-03-14T11:27:11","modified_gmt":"2025-03-14T10:27:11","slug":"libye-redecouverte-de-la-crevette-aveugle-des-grottes-de-benghazi","status":"publish","type":"post","link":"https:\/\/kapitalis.com\/tunisie\/2025\/03\/14\/libye-redecouverte-de-la-crevette-aveugle-des-grottes-de-benghazi\/","title":{"rendered":"Libye | Red\u00e9couverte de la \u00abcrevette aveugle\u00bb des grottes de Benghazi"},"content":{"rendered":"\n<p><strong><em>La recherche g\u00e9o-sp\u00e9l\u00e9ologique italienne a apport\u00e9 une contribution d\u00e9cisive \u00e0 une \u00abred\u00e9couverte du si\u00e8cle\u00bb: celle de la tr\u00e8s rare \u00abcrevette aveugle des grottes karstiques de la r\u00e9gion de Benghazi\u00bb, \u00e0 l\u2019est de la Libye.<\/em><\/strong><\/p>\n\n\n\n<!--more-->\n\n\n\n<p>Bien que peu attrayant, le petit animal appara\u00eet d\u00e9j\u00e0 comme un potentiel t\u00e9moignage de la sensibilit\u00e9 \u00e9cologique d\u2019un pays aux prises avec les r\u00e9percussions d\u2019une instabilit\u00e9 politique qui a donn\u00e9 lieu \u00e0 deux reprises \u00e0 une guerre civile depuis pr\u00e8s de 15 ans.<\/p>\n\n\n\n<p>La d\u00e9couverte a \u00e9t\u00e9 rapport\u00e9e le 5 mars sur Facebook par l\u2019Universit\u00e9 de Benghazi, capitale de la Cyr\u00e9na\u00efque, pr\u00e9cisant que le crustac\u00e9 sans yeux (ni pigmentation) a \u00e9t\u00e9 identifi\u00e9 par des chercheurs de son d\u00e9partements des Sciences de la Terre et de Zoologie de la Facult\u00e9 des Sciences en collaboration avec le Centre Iblean de recherches sp\u00e9l\u00e9o-hydrog\u00e9ologiques &nbsp;(CIRS) de Raguse, en Italie.<\/p>\n\n\n\n<p>Il s\u2019agit d\u2019<em>\u00abune association scientifique dont le but est l\u2019\u00e9tude des ph\u00e9nom\u00e8nes karstiques au niveau national et international et qui a \u00e0 son actif 35 exp\u00e9ditions de recherche dans diff\u00e9rentes parties du monde, y compris en Libye o\u00f9 depuis 2007, sur la base d\u2019un protocole d\u2019accord, elle m\u00e8ne des recherches sur le karst de Cyr\u00e9na\u00efque en collaboration avec l\u2019Universit\u00e9 de Benghazi\u00bb,<\/em> a rappel\u00e9 Rosario Ruggieri, pr\u00e9sident du CIRS de Raguse, cit\u00e9 par l\u2019agence <a href=\"https:\/\/www.ansa.it\/ansamed\/it\/notizie\/rubriche\/storie_dal_mediterraneo\/2025\/03\/13\/libia-ritrovato-il-gambero-cieco-delle-grotte-di-bengasi_a7dda2ec-9f4e-48d6-84ca-51df7ba102ea.html\" target=\"_blank\" rel=\"noreferrer noopener\">Ansa<\/a>.<\/p>\n\n\n\n<p>Des chercheurs ont publi\u00e9 dans la revue <em>\u2018\u2018Subterranean Biology\u2019\u2019 <\/em>&nbsp;une \u00e9tude confirmant l\u2019existence de <em>Typhlocaris lethaea<\/em> 105 ans apr\u00e8s sa premi\u00e8re description faite en 1920 par un zoologiste italien, Bruno Parisi, rapporte l\u2019universit\u00e9 libyenne.<\/p>\n\n\n\n<p>La d\u00e9couverte a \u00e9t\u00e9 annonc\u00e9e ce mois-ci, mais sa gen\u00e8se remonte \u00e0 pr\u00e8s de 20 ans.<em> \u00abEn 2007, lors de l\u2019exploration de la Grotte de Lete, une cavit\u00e9 avec un lac int\u00e9rieur \u00e9quip\u00e9e de bateaux pour les visites touristiques pendant la pr\u00e9sence coloniale des Italiens en Libye, nous avons observ\u00e9 l\u2019\u00e9crevisse aveugle, en la signalant \u00e0 nos coll\u00e8gues libyens\u00bb<\/em>, a rappel\u00e9 Ruggieri. <em>\u00abAu cours des campagnes d\u2019exploration de la p\u00e9riode triennale 2022-2024, nous avons trouv\u00e9 l\u2019\u00e9crevisse dans deux autres grottes de la plaine c\u00f4ti\u00e8re de Benghazi\u00bb<\/em>, a ajout\u00e9 le chercheur.<\/p>\n\n\n\n<p>Il s&rsquo;agit d\u2019une esp\u00e8ce qui <em>\u00abvit dans les eaux souterraines karstiques de la ville de Benghazi\u00bb<\/em>, o\u00f9 elle est cependant en <em>\u00abdanger d\u2019extinction\u00bb<\/em>, pr\u00e9vient l\u2019universit\u00e9 libyenne.<\/p>\n\n\n\n<p>La d\u00e9couverte <em>\u00absouligne l\u2019importance de la biodiversit\u00e9 souterraine unique pr\u00e9sente dans ces cavit\u00e9s, renfor\u00e7ant la n\u00e9cessit\u00e9 de prot\u00e9ger cet \u00e9cosyst\u00e8me\u00bb<\/em>, affirme l&rsquo;universit\u00e9, faisant r\u00e9f\u00e9rence \u00e0 l\u2019\u00e9crevisse aveugle, si transparente qu\u2019on peut apercevoir ses organes internes.<\/p>\n\n\n\n<p>L\u2019\u00e9tude, la premi\u00e8re du genre en Libye, documente pour la premi\u00e8re fois la pr\u00e9sence de l\u2019esp\u00e8ce dans les eaux des grottes de la r\u00e9gion d\u2019Al-Kuwayfiyah, pr\u00e9cise la publication universitaire, faisant r\u00e9f\u00e9rence \u00e0 un quartier du nord-est de Benghazi qui constitue l\u2019une des principales zones r\u00e9sidentielles et commerciales de la ville.<\/p>\n\n\n\n<p>La recherche \u00abd\u00e9montre \u00e9galement une expansion de l\u2019aire de r\u00e9partition connue de cette \u00e9crevisse d\u2019environ 9 km \u00e0 l\u2019est de Benghazi et met en \u00e9vidence de potentielles connexions hydrog\u00e9ologiques entre les grottes de la plaine de Benghazi.<\/p>\n","protected":false},"excerpt":{"rendered":"<p>La tr\u00e8s rare \u00abcrevette aveugle des grottes karstiques de la r\u00e9gion de Benghazi\u00bb, \u00e0 l\u2019est de la Libye a \u00e9t\u00e9 red\u00e9couverte par une \u00e9quipe italienne. .<\/p>\n","protected":false},"author":8,"featured_media":15886066,"comment_status":"open","ping_status":"open","sticky":false,"template":"","format":"standard","meta":{"footnotes":""},"categories":[994,998,2433],"tags":[121271,2865,121270,121269,121266,544,121268,121267],"class_list":["post-15885932","post","type-post","status-publish","format-standard","has-post-thumbnail","hentry","category-culture","category-societe","category-tunisie","tag-al-kuwayfiyah","tag-benghazi","tag-bruno-parisi","tag-crevettes-aveugles","tag-geologie","tag-libye","tag-rosario-ruggieri","tag-speleologie"],"yoast_head":"<!-- This site is optimized with the Yoast SEO plugin v26.6 - https:\/\/yoast.com\/wordpress\/plugins\/seo\/ -->\n<title>Libye | Red\u00e9couverte de la \u00abcrevette aveugle\u00bb des grottes de Benghazi - Kapitalis<\/title>\n<meta name=\"robots\" content=\"index, follow, max-snippet:-1, max-image-preview:large, max-video-preview:-1\" \/>\n<link rel=\"canonical\" href=\"https:\/\/kapitalis.com\/tunisie\/2025\/03\/14\/libye-redecouverte-de-la-crevette-aveugle-des-grottes-de-benghazi\/\" \/>\n<meta property=\"og:locale\" content=\"fr_FR\" \/>\n<meta property=\"og:type\" content=\"article\" \/>\n<meta property=\"og:title\" content=\"Libye | Red\u00e9couverte de la \u00abcrevette aveugle\u00bb des grottes de Benghazi - Kapitalis\" \/>\n<meta property=\"og:description\" content=\"La tr\u00e8s rare \u00abcrevette aveugle des grottes karstiques de la r\u00e9gion de Benghazi\u00bb, \u00e0 l\u2019est de la Libye a \u00e9t\u00e9 red\u00e9couverte par une \u00e9quipe italienne. .\" \/>\n<meta property=\"og:url\" content=\"https:\/\/kapitalis.com\/tunisie\/2025\/03\/14\/libye-redecouverte-de-la-crevette-aveugle-des-grottes-de-benghazi\/\" \/>\n<meta property=\"og:site_name\" content=\"Kapitalis\" \/>\n<meta property=\"article:publisher\" content=\"https:\/\/www.facebook.com\/KapitalisInfo\/\" \/>\n<meta property=\"article:published_time\" content=\"2025-03-14T10:27:09+00:00\" \/>\n<meta property=\"article:modified_time\" content=\"2025-03-14T10:27:11+00:00\" \/>\n<meta property=\"og:image\" content=\"https:\/\/kapitalis.com\/tunisie\/wp-content\/uploads\/2025\/03\/Crevette-aveugle-des-grottes-de-Benghazi.jpg\" \/>\n\t<meta property=\"og:image:width\" content=\"1200\" \/>\n\t<meta property=\"og:image:height\" content=\"630\" \/>\n\t<meta property=\"og:image:type\" content=\"image\/jpeg\" \/>\n<meta name=\"author\" content=\"webmaster kapitalis\" \/>\n<meta name=\"twitter:card\" content=\"summary_large_image\" \/>\n<meta name=\"twitter:creator\" content=\"@KapitalisInfo\" \/>\n<meta name=\"twitter:site\" content=\"@KapitalisInfo\" \/>\n<meta name=\"twitter:label1\" content=\"\u00c9crit par\" \/>\n\t<meta name=\"twitter:data1\" content=\"webmaster kapitalis\" \/>\n\t<meta name=\"twitter:label2\" content=\"Dur\u00e9e de lecture estim\u00e9e\" \/>\n\t<meta name=\"twitter:data2\" content=\"3 minutes\" \/>\n<script type=\"application\/ld+json\" class=\"yoast-schema-graph\">{\"@context\":\"https:\/\/schema.org\",\"@graph\":[{\"@type\":\"Article\",\"@id\":\"https:\/\/kapitalis.com\/tunisie\/2025\/03\/14\/libye-redecouverte-de-la-crevette-aveugle-des-grottes-de-benghazi\/#article\",\"isPartOf\":{\"@id\":\"https:\/\/kapitalis.com\/tunisie\/2025\/03\/14\/libye-redecouverte-de-la-crevette-aveugle-des-grottes-de-benghazi\/\"},\"author\":{\"name\":\"webmaster kapitalis\",\"@id\":\"https:\/\/kapitalis.com\/tunisie\/#\/schema\/person\/d71f33a9ca44f7bad4698210b480c8e9\"},\"headline\":\"Libye | Red\u00e9couverte de la \u00abcrevette aveugle\u00bb des grottes de Benghazi\",\"datePublished\":\"2025-03-14T10:27:09+00:00\",\"dateModified\":\"2025-03-14T10:27:11+00:00\",\"mainEntityOfPage\":{\"@id\":\"https:\/\/kapitalis.com\/tunisie\/2025\/03\/14\/libye-redecouverte-de-la-crevette-aveugle-des-grottes-de-benghazi\/\"},\"wordCount\":575,\"commentCount\":0,\"publisher\":{\"@id\":\"https:\/\/kapitalis.com\/tunisie\/#organization\"},\"image\":{\"@id\":\"https:\/\/kapitalis.com\/tunisie\/2025\/03\/14\/libye-redecouverte-de-la-crevette-aveugle-des-grottes-de-benghazi\/#primaryimage\"},\"thumbnailUrl\":\"https:\/\/kapitalis.com\/tunisie\/wp-content\/uploads\/2025\/03\/Crevette-aveugle-des-grottes-de-Benghazi.jpg\",\"keywords\":[\"Al-Kuwayfiyah\",\"Benghazi\",\"Bruno Parisi\",\"crevettes aveugles\",\"g\u00e9ologie\",\"Libye\",\"Rosario Ruggieri\",\"sp\u00e9l\u00e9ologie\"],\"articleSection\":[\"CULTURE\",\"SOCIETE\",\"Tunisie\"],\"inLanguage\":\"fr-FR\",\"potentialAction\":[{\"@type\":\"CommentAction\",\"name\":\"Comment\",\"target\":[\"https:\/\/kapitalis.com\/tunisie\/2025\/03\/14\/libye-redecouverte-de-la-crevette-aveugle-des-grottes-de-benghazi\/#respond\"]}]},{\"@type\":\"WebPage\",\"@id\":\"https:\/\/kapitalis.com\/tunisie\/2025\/03\/14\/libye-redecouverte-de-la-crevette-aveugle-des-grottes-de-benghazi\/\",\"url\":\"https:\/\/kapitalis.com\/tunisie\/2025\/03\/14\/libye-redecouverte-de-la-crevette-aveugle-des-grottes-de-benghazi\/\",\"name\":\"Libye | Red\u00e9couverte de la \u00abcrevette aveugle\u00bb des grottes de Benghazi - Kapitalis\",\"isPartOf\":{\"@id\":\"https:\/\/kapitalis.com\/tunisie\/#website\"},\"primaryImageOfPage\":{\"@id\":\"https:\/\/kapitalis.com\/tunisie\/2025\/03\/14\/libye-redecouverte-de-la-crevette-aveugle-des-grottes-de-benghazi\/#primaryimage\"},\"image\":{\"@id\":\"https:\/\/kapitalis.com\/tunisie\/2025\/03\/14\/libye-redecouverte-de-la-crevette-aveugle-des-grottes-de-benghazi\/#primaryimage\"},\"thumbnailUrl\":\"https:\/\/kapitalis.com\/tunisie\/wp-content\/uploads\/2025\/03\/Crevette-aveugle-des-grottes-de-Benghazi.jpg\",\"datePublished\":\"2025-03-14T10:27:09+00:00\",\"dateModified\":\"2025-03-14T10:27:11+00:00\",\"breadcrumb\":{\"@id\":\"https:\/\/kapitalis.com\/tunisie\/2025\/03\/14\/libye-redecouverte-de-la-crevette-aveugle-des-grottes-de-benghazi\/#breadcrumb\"},\"inLanguage\":\"fr-FR\",\"potentialAction\":[{\"@type\":\"ReadAction\",\"target\":[\"https:\/\/kapitalis.com\/tunisie\/2025\/03\/14\/libye-redecouverte-de-la-crevette-aveugle-des-grottes-de-benghazi\/\"]}]},{\"@type\":\"ImageObject\",\"inLanguage\":\"fr-FR\",\"@id\":\"https:\/\/kapitalis.com\/tunisie\/2025\/03\/14\/libye-redecouverte-de-la-crevette-aveugle-des-grottes-de-benghazi\/#primaryimage\",\"url\":\"https:\/\/kapitalis.com\/tunisie\/wp-content\/uploads\/2025\/03\/Crevette-aveugle-des-grottes-de-Benghazi.jpg\",\"contentUrl\":\"https:\/\/kapitalis.com\/tunisie\/wp-content\/uploads\/2025\/03\/Crevette-aveugle-des-grottes-de-Benghazi.jpg\",\"width\":1200,\"height\":630},{\"@type\":\"BreadcrumbList\",\"@id\":\"https:\/\/kapitalis.com\/tunisie\/2025\/03\/14\/libye-redecouverte-de-la-crevette-aveugle-des-grottes-de-benghazi\/#breadcrumb\",\"itemListElement\":[{\"@type\":\"ListItem\",\"position\":1,\"name\":\"Accueil\",\"item\":\"https:\/\/kapitalis.com\/tunisie\/\"},{\"@type\":\"ListItem\",\"position\":2,\"name\":\"Libye | Red\u00e9couverte de la \u00abcrevette aveugle\u00bb des grottes de Benghazi\"}]},{\"@type\":\"WebSite\",\"@id\":\"https:\/\/kapitalis.com\/tunisie\/#website\",\"url\":\"https:\/\/kapitalis.com\/tunisie\/\",\"name\":\"Kapitalis\",\"description\":\"L&#039;actualit\u00e9 en Tunisie et dans le monde\",\"publisher\":{\"@id\":\"https:\/\/kapitalis.com\/tunisie\/#organization\"},\"potentialAction\":[{\"@type\":\"SearchAction\",\"target\":{\"@type\":\"EntryPoint\",\"urlTemplate\":\"https:\/\/kapitalis.com\/tunisie\/?s={search_term_string}\"},\"query-input\":{\"@type\":\"PropertyValueSpecification\",\"valueRequired\":true,\"valueName\":\"search_term_string\"}}],\"inLanguage\":\"fr-FR\"},{\"@type\":\"Organization\",\"@id\":\"https:\/\/kapitalis.com\/tunisie\/#organization\",\"name\":\"Kapitalis\",\"url\":\"https:\/\/kapitalis.com\/tunisie\/\",\"logo\":{\"@type\":\"ImageObject\",\"inLanguage\":\"fr-FR\",\"@id\":\"https:\/\/kapitalis.com\/tunisie\/#\/schema\/logo\/image\/\",\"url\":\"https:\/\/kapitalis.com\/tunisie\/wp-content\/uploads\/2022\/05\/Kapitalis-big-size.png\",\"contentUrl\":\"https:\/\/kapitalis.com\/tunisie\/wp-content\/uploads\/2022\/05\/Kapitalis-big-size.png\",\"width\":5000,\"height\":1500,\"caption\":\"Kapitalis\"},\"image\":{\"@id\":\"https:\/\/kapitalis.com\/tunisie\/#\/schema\/logo\/image\/\"},\"sameAs\":[\"https:\/\/www.facebook.com\/KapitalisInfo\/\",\"https:\/\/x.com\/KapitalisInfo\",\"https:\/\/www.youtube.com\/channel\/UC-yDYrHyfFBWWZaOw3FPg9Q\"]},{\"@type\":\"Person\",\"@id\":\"https:\/\/kapitalis.com\/tunisie\/#\/schema\/person\/d71f33a9ca44f7bad4698210b480c8e9\",\"name\":\"webmaster kapitalis\",\"url\":\"https:\/\/kapitalis.com\/tunisie\/author\/webmaster-kapitalis\/\"}]}<\/script>\n<!-- \/ Yoast SEO plugin. -->","yoast_head_json":{"title":"Libye | Red\u00e9couverte de la \u00abcrevette aveugle\u00bb des grottes de Benghazi - Kapitalis","robots":{"index":"index","follow":"follow","max-snippet":"max-snippet:-1","max-image-preview":"max-image-preview:large","max-video-preview":"max-video-preview:-1"},"canonical":"https:\/\/kapitalis.com\/tunisie\/2025\/03\/14\/libye-redecouverte-de-la-crevette-aveugle-des-grottes-de-benghazi\/","og_locale":"fr_FR","og_type":"article","og_title":"Libye | Red\u00e9couverte de la \u00abcrevette aveugle\u00bb des grottes de Benghazi - Kapitalis","og_description":"La tr\u00e8s rare \u00abcrevette aveugle des grottes karstiques de la r\u00e9gion de Benghazi\u00bb, \u00e0 l\u2019est de la Libye a \u00e9t\u00e9 red\u00e9couverte par une \u00e9quipe italienne. .","og_url":"https:\/\/kapitalis.com\/tunisie\/2025\/03\/14\/libye-redecouverte-de-la-crevette-aveugle-des-grottes-de-benghazi\/","og_site_name":"Kapitalis","article_publisher":"https:\/\/www.facebook.com\/KapitalisInfo\/","article_published_time":"2025-03-14T10:27:09+00:00","article_modified_time":"2025-03-14T10:27:11+00:00","og_image":[{"width":1200,"height":630,"url":"https:\/\/kapitalis.com\/tunisie\/wp-content\/uploads\/2025\/03\/Crevette-aveugle-des-grottes-de-Benghazi.jpg","type":"image\/jpeg"}],"author":"webmaster kapitalis","twitter_card":"summary_large_image","twitter_creator":"@KapitalisInfo","twitter_site":"@KapitalisInfo","twitter_misc":{"\u00c9crit par":"webmaster kapitalis","Dur\u00e9e de lecture estim\u00e9e":"3 minutes"},"schema":{"@context":"https:\/\/schema.org","@graph":[{"@type":"Article","@id":"https:\/\/kapitalis.com\/tunisie\/2025\/03\/14\/libye-redecouverte-de-la-crevette-aveugle-des-grottes-de-benghazi\/#article","isPartOf":{"@id":"https:\/\/kapitalis.com\/tunisie\/2025\/03\/14\/libye-redecouverte-de-la-crevette-aveugle-des-grottes-de-benghazi\/"},"author":{"name":"webmaster kapitalis","@id":"https:\/\/kapitalis.com\/tunisie\/#\/schema\/person\/d71f33a9ca44f7bad4698210b480c8e9"},"headline":"Libye | Red\u00e9couverte de la \u00abcrevette aveugle\u00bb des grottes de Benghazi","datePublished":"2025-03-14T10:27:09+00:00","dateModified":"2025-03-14T10:27:11+00:00","mainEntityOfPage":{"@id":"https:\/\/kapitalis.com\/tunisie\/2025\/03\/14\/libye-redecouverte-de-la-crevette-aveugle-des-grottes-de-benghazi\/"},"wordCount":575,"commentCount":0,"publisher":{"@id":"https:\/\/kapitalis.com\/tunisie\/#organization"},"image":{"@id":"https:\/\/kapitalis.com\/tunisie\/2025\/03\/14\/libye-redecouverte-de-la-crevette-aveugle-des-grottes-de-benghazi\/#primaryimage"},"thumbnailUrl":"https:\/\/kapitalis.com\/tunisie\/wp-content\/uploads\/2025\/03\/Crevette-aveugle-des-grottes-de-Benghazi.jpg","keywords":["Al-Kuwayfiyah","Benghazi","Bruno Parisi","crevettes aveugles","g\u00e9ologie","Libye","Rosario Ruggieri","sp\u00e9l\u00e9ologie"],"articleSection":["CULTURE","SOCIETE","Tunisie"],"inLanguage":"fr-FR","potentialAction":[{"@type":"CommentAction","name":"Comment","target":["https:\/\/kapitalis.com\/tunisie\/2025\/03\/14\/libye-redecouverte-de-la-crevette-aveugle-des-grottes-de-benghazi\/#respond"]}]},{"@type":"WebPage","@id":"https:\/\/kapitalis.com\/tunisie\/2025\/03\/14\/libye-redecouverte-de-la-crevette-aveugle-des-grottes-de-benghazi\/","url":"https:\/\/kapitalis.com\/tunisie\/2025\/03\/14\/libye-redecouverte-de-la-crevette-aveugle-des-grottes-de-benghazi\/","name":"Libye | Red\u00e9couverte de la \u00abcrevette aveugle\u00bb des grottes de Benghazi - Kapitalis","isPartOf":{"@id":"https:\/\/kapitalis.com\/tunisie\/#website"},"primaryImageOfPage":{"@id":"https:\/\/kapitalis.com\/tunisie\/2025\/03\/14\/libye-redecouverte-de-la-crevette-aveugle-des-grottes-de-benghazi\/#primaryimage"},"image":{"@id":"https:\/\/kapitalis.com\/tunisie\/2025\/03\/14\/libye-redecouverte-de-la-crevette-aveugle-des-grottes-de-benghazi\/#primaryimage"},"thumbnailUrl":"https:\/\/kapitalis.com\/tunisie\/wp-content\/uploads\/2025\/03\/Crevette-aveugle-des-grottes-de-Benghazi.jpg","datePublished":"2025-03-14T10:27:09+00:00","dateModified":"2025-03-14T10:27:11+00:00","breadcrumb":{"@id":"https:\/\/kapitalis.com\/tunisie\/2025\/03\/14\/libye-redecouverte-de-la-crevette-aveugle-des-grottes-de-benghazi\/#breadcrumb"},"inLanguage":"fr-FR","potentialAction":[{"@type":"ReadAction","target":["https:\/\/kapitalis.com\/tunisie\/2025\/03\/14\/libye-redecouverte-de-la-crevette-aveugle-des-grottes-de-benghazi\/"]}]},{"@type":"ImageObject","inLanguage":"fr-FR","@id":"https:\/\/kapitalis.com\/tunisie\/2025\/03\/14\/libye-redecouverte-de-la-crevette-aveugle-des-grottes-de-benghazi\/#primaryimage","url":"https:\/\/kapitalis.com\/tunisie\/wp-content\/uploads\/2025\/03\/Crevette-aveugle-des-grottes-de-Benghazi.jpg","contentUrl":"https:\/\/kapitalis.com\/tunisie\/wp-content\/uploads\/2025\/03\/Crevette-aveugle-des-grottes-de-Benghazi.jpg","width":1200,"height":630},{"@type":"BreadcrumbList","@id":"https:\/\/kapitalis.com\/tunisie\/2025\/03\/14\/libye-redecouverte-de-la-crevette-aveugle-des-grottes-de-benghazi\/#breadcrumb","itemListElement":[{"@type":"ListItem","position":1,"name":"Accueil","item":"https:\/\/kapitalis.com\/tunisie\/"},{"@type":"ListItem","position":2,"name":"Libye | Red\u00e9couverte de la \u00abcrevette aveugle\u00bb des grottes de Benghazi"}]},{"@type":"WebSite","@id":"https:\/\/kapitalis.com\/tunisie\/#website","url":"https:\/\/kapitalis.com\/tunisie\/","name":"Kapitalis","description":"L&#039;actualit\u00e9 en Tunisie et dans le monde","publisher":{"@id":"https:\/\/kapitalis.com\/tunisie\/#organization"},"potentialAction":[{"@type":"SearchAction","target":{"@type":"EntryPoint","urlTemplate":"https:\/\/kapitalis.com\/tunisie\/?s={search_term_string}"},"query-input":{"@type":"PropertyValueSpecification","valueRequired":true,"valueName":"search_term_string"}}],"inLanguage":"fr-FR"},{"@type":"Organization","@id":"https:\/\/kapitalis.com\/tunisie\/#organization","name":"Kapitalis","url":"https:\/\/kapitalis.com\/tunisie\/","logo":{"@type":"ImageObject","inLanguage":"fr-FR","@id":"https:\/\/kapitalis.com\/tunisie\/#\/schema\/logo\/image\/","url":"https:\/\/kapitalis.com\/tunisie\/wp-content\/uploads\/2022\/05\/Kapitalis-big-size.png","contentUrl":"https:\/\/kapitalis.com\/tunisie\/wp-content\/uploads\/2022\/05\/Kapitalis-big-size.png","width":5000,"height":1500,"caption":"Kapitalis"},"image":{"@id":"https:\/\/kapitalis.com\/tunisie\/#\/schema\/logo\/image\/"},"sameAs":["https:\/\/www.facebook.com\/KapitalisInfo\/","https:\/\/x.com\/KapitalisInfo","https:\/\/www.youtube.com\/channel\/UC-yDYrHyfFBWWZaOw3FPg9Q"]},{"@type":"Person","@id":"https:\/\/kapitalis.com\/tunisie\/#\/schema\/person\/d71f33a9ca44f7bad4698210b480c8e9","name":"webmaster kapitalis","url":"https:\/\/kapitalis.com\/tunisie\/author\/webmaster-kapitalis\/"}]}},"_links":{"self":[{"href":"https:\/\/kapitalis.com\/tunisie\/wp-json\/wp\/v2\/posts\/15885932","targetHints":{"allow":["GET"]}}],"collection":[{"href":"https:\/\/kapitalis.com\/tunisie\/wp-json\/wp\/v2\/posts"}],"about":[{"href":"https:\/\/kapitalis.com\/tunisie\/wp-json\/wp\/v2\/types\/post"}],"author":[{"embeddable":true,"href":"https:\/\/kapitalis.com\/tunisie\/wp-json\/wp\/v2\/users\/8"}],"replies":[{"embeddable":true,"href":"https:\/\/kapitalis.com\/tunisie\/wp-json\/wp\/v2\/comments?post=15885932"}],"version-history":[{"count":1,"href":"https:\/\/kapitalis.com\/tunisie\/wp-json\/wp\/v2\/posts\/15885932\/revisions"}],"predecessor-version":[{"id":15886081,"href":"https:\/\/kapitalis.com\/tunisie\/wp-json\/wp\/v2\/posts\/15885932\/revisions\/15886081"}],"wp:featuredmedia":[{"embeddable":true,"href":"https:\/\/kapitalis.com\/tunisie\/wp-json\/wp\/v2\/media\/15886066"}],"wp:attachment":[{"href":"https:\/\/kapitalis.com\/tunisie\/wp-json\/wp\/v2\/media?parent=15885932"}],"wp:term":[{"taxonomy":"category","embeddable":true,"href":"https:\/\/kapitalis.com\/tunisie\/wp-json\/wp\/v2\/categories?post=15885932"},{"taxonomy":"post_tag","embeddable":true,"href":"https:\/\/kapitalis.com\/tunisie\/wp-json\/wp\/v2\/tags?post=15885932"}],"curies":[{"name":"wp","href":"https:\/\/api.w.org\/{rel}","templated":true}]}}