{"id":15899924,"date":"2025-03-16T07:45:52","date_gmt":"2025-03-16T06:45:52","guid":{"rendered":"https:\/\/kapitalis.com\/tunisie\/?p=15899924"},"modified":"2025-03-16T07:45:54","modified_gmt":"2025-03-16T06:45:54","slug":"quand-le-g7-enterre-la-cause-palestinienne","status":"publish","type":"post","link":"https:\/\/kapitalis.com\/tunisie\/2025\/03\/16\/quand-le-g7-enterre-la-cause-palestinienne\/","title":{"rendered":"Quand le G7 enterre la cause palestinienne !"},"content":{"rendered":"\n<p><em><strong>Dans la D\u00e9claration commune de la r\u00e9union des ministres des Affaires \u00e9trang\u00e8res du G7 tenue \u00e0 Charlevoix (Qu\u00e9bec, Canada), le 14 mars 2025, il n\u2019y a aucune r\u00e9f\u00e9rence \u00e0 la solution \u00e0 deux Etats Isra\u00ebl-Palestine. On parle d\u00e9sormais d\u2019\u00abhorizon politique palestinien\u00bb, aussi vague qu\u2019ambigu. <\/strong><\/em><strong><em>\u00a0Une mani\u00e8re d&rsquo;enterrer la cause d&rsquo;un peuple occup\u00e9, humili\u00e9 et martyris\u00e9 depuis pr\u00e8s de 80 ans.<\/em><\/strong>  <\/p>\n\n\n\n<!--more-->\n\n\n\n<p>Dans leur d\u00e9claration, les membres du G7 <em>\u00abont soulign\u00e9 l\u2019imp\u00e9ratif d\u2019un horizon politique pour le peuple palestinien, obtenu gr\u00e2ce \u00e0 une solution n\u00e9goci\u00e9e au conflit isra\u00e9lo-palestinien qui r\u00e9ponde aux besoins et aspirations l\u00e9gitimes des deux peuples et favorise une paix, une stabilit\u00e9 et une prosp\u00e9rit\u00e9 globales au Moyen-Orient\u00bb<\/em>.<\/p>\n\n\n\n<p>La r\u00e9f\u00e9rence \u00e0 une solution \u00e0 deux \u00c9tats, \u00e9voqu\u00e9e dans un pr\u00e9c\u00e9dent projet \u00e9galement relanc\u00e9 par les m\u00e9dias internationaux, a donc disparu.<\/p>\n\n\n\n<p>La d\u00e9claration finale indique \u00e9galement que les membres du G7 <em>\u00abont affirm\u00e9 leur volont\u00e9 de travailler avec leurs partenaires arabes sur leurs propositions visant \u00e0 tracer la voie \u00e0 suivre pour la reconstruction de Gaza et la construction d\u2019une paix durable entre Isra\u00e9liens et Palestiniens\u00bb<\/em>.<\/p>\n\n\n\n<p>Ces chers ministres des Affaires \u00e9trang\u00e8res des puissances occidentales, soutenant toutes l\u2019Etat g\u00e9nocidaire d\u2019Isra\u00ebl, ne nous expliquent pas comment ils con\u00e7oivent \u00ab<em>une paix durable entre Isra\u00e9liens et Palestiniens\u00bb\u2026 <\/em>sans Etat Palestinien. Ils ne nous disent pas non plus ce qu\u2019ils entendent par <em>\u00abhorizon politique palestinien\u00bb<\/em>, si ce n\u2019est l\u2019enterrement purement et simplement de la cause palestinienne apr\u00e8s son abandon par ceux-l\u00e0 m\u00eame qui sont cens\u00e9s la faire vivre\u00a0: les Arabes, plus soumis que jamais \u00e0 \u00a0la Pax Americana.<\/p>\n\n\n\n<p class=\"has-text-align-right\"><strong>I. B. \u00a0<\/strong><\/p>\n\n\n\n<p>&nbsp;<em><\/em><\/p>\n","protected":false},"excerpt":{"rendered":"<p>Le G7, plus pro-isra\u00e9lien que jamais, enterre la cause palestinienne en abandonnant la solution \u00e0 deux Etats. <\/p>\n","protected":false},"author":8,"featured_media":15899968,"comment_status":"open","ping_status":"open","sticky":false,"template":"","format":"standard","meta":{"footnotes":""},"categories":[997,2433],"tags":[1613,6537,121292,1511,2478,4026,121293,18773],"class_list":["post-15899924","post","type-post","status-publish","format-standard","has-post-thumbnail","hentry","category-politique","category-tunisie","tag-arabes","tag-canada","tag-charlevoix","tag-g7","tag-israel","tag-palestine","tag-pax-americana","tag-quebec"],"yoast_head":"<!-- This site is optimized with the Yoast SEO plugin v26.6 - https:\/\/yoast.com\/wordpress\/plugins\/seo\/ -->\n<title>Quand le G7 enterre la cause palestinienne ! - Kapitalis<\/title>\n<meta name=\"robots\" content=\"index, follow, max-snippet:-1, max-image-preview:large, max-video-preview:-1\" \/>\n<link rel=\"canonical\" href=\"https:\/\/kapitalis.com\/tunisie\/2025\/03\/16\/quand-le-g7-enterre-la-cause-palestinienne\/\" \/>\n<meta property=\"og:locale\" content=\"fr_FR\" \/>\n<meta property=\"og:type\" content=\"article\" \/>\n<meta property=\"og:title\" content=\"Quand le G7 enterre la cause palestinienne ! - Kapitalis\" \/>\n<meta property=\"og:description\" content=\"Le G7, plus pro-isra\u00e9lien que jamais, enterre la cause palestinienne en abandonnant la solution \u00e0 deux Etats.\" \/>\n<meta property=\"og:url\" content=\"https:\/\/kapitalis.com\/tunisie\/2025\/03\/16\/quand-le-g7-enterre-la-cause-palestinienne\/\" \/>\n<meta property=\"og:site_name\" content=\"Kapitalis\" \/>\n<meta property=\"article:publisher\" content=\"https:\/\/www.facebook.com\/KapitalisInfo\/\" \/>\n<meta property=\"article:published_time\" content=\"2025-03-16T06:45:52+00:00\" \/>\n<meta property=\"article:modified_time\" content=\"2025-03-16T06:45:54+00:00\" \/>\n<meta property=\"og:image\" content=\"https:\/\/kapitalis.com\/tunisie\/wp-content\/uploads\/2025\/03\/G7-Affaires-Etrangeres-Charlevoix-2025.jpg\" \/>\n\t<meta property=\"og:image:width\" content=\"1200\" \/>\n\t<meta property=\"og:image:height\" content=\"630\" \/>\n\t<meta property=\"og:image:type\" content=\"image\/jpeg\" \/>\n<meta name=\"author\" content=\"webmaster kapitalis\" \/>\n<meta name=\"twitter:card\" content=\"summary_large_image\" \/>\n<meta name=\"twitter:creator\" content=\"@KapitalisInfo\" \/>\n<meta name=\"twitter:site\" content=\"@KapitalisInfo\" \/>\n<meta name=\"twitter:label1\" content=\"\u00c9crit par\" \/>\n\t<meta name=\"twitter:data1\" content=\"webmaster kapitalis\" \/>\n\t<meta name=\"twitter:label2\" content=\"Dur\u00e9e de lecture estim\u00e9e\" \/>\n\t<meta name=\"twitter:data2\" content=\"2 minutes\" \/>\n<script type=\"application\/ld+json\" class=\"yoast-schema-graph\">{\"@context\":\"https:\/\/schema.org\",\"@graph\":[{\"@type\":\"Article\",\"@id\":\"https:\/\/kapitalis.com\/tunisie\/2025\/03\/16\/quand-le-g7-enterre-la-cause-palestinienne\/#article\",\"isPartOf\":{\"@id\":\"https:\/\/kapitalis.com\/tunisie\/2025\/03\/16\/quand-le-g7-enterre-la-cause-palestinienne\/\"},\"author\":{\"name\":\"webmaster kapitalis\",\"@id\":\"https:\/\/kapitalis.com\/tunisie\/#\/schema\/person\/d71f33a9ca44f7bad4698210b480c8e9\"},\"headline\":\"Quand le G7 enterre la cause palestinienne !\",\"datePublished\":\"2025-03-16T06:45:52+00:00\",\"dateModified\":\"2025-03-16T06:45:54+00:00\",\"mainEntityOfPage\":{\"@id\":\"https:\/\/kapitalis.com\/tunisie\/2025\/03\/16\/quand-le-g7-enterre-la-cause-palestinienne\/\"},\"wordCount\":297,\"commentCount\":2,\"publisher\":{\"@id\":\"https:\/\/kapitalis.com\/tunisie\/#organization\"},\"image\":{\"@id\":\"https:\/\/kapitalis.com\/tunisie\/2025\/03\/16\/quand-le-g7-enterre-la-cause-palestinienne\/#primaryimage\"},\"thumbnailUrl\":\"https:\/\/kapitalis.com\/tunisie\/wp-content\/uploads\/2025\/03\/G7-Affaires-Etrangeres-Charlevoix-2025.jpg\",\"keywords\":[\"arabes\",\"Canada\",\"Charlevoix\",\"G7\",\"Isra\u00ebl\",\"Palestine\",\"Pax Americana\",\"Qu\u00e9bec\"],\"articleSection\":[\"POLITIQUE\",\"Tunisie\"],\"inLanguage\":\"fr-FR\",\"potentialAction\":[{\"@type\":\"CommentAction\",\"name\":\"Comment\",\"target\":[\"https:\/\/kapitalis.com\/tunisie\/2025\/03\/16\/quand-le-g7-enterre-la-cause-palestinienne\/#respond\"]}]},{\"@type\":\"WebPage\",\"@id\":\"https:\/\/kapitalis.com\/tunisie\/2025\/03\/16\/quand-le-g7-enterre-la-cause-palestinienne\/\",\"url\":\"https:\/\/kapitalis.com\/tunisie\/2025\/03\/16\/quand-le-g7-enterre-la-cause-palestinienne\/\",\"name\":\"Quand le G7 enterre la cause palestinienne ! - Kapitalis\",\"isPartOf\":{\"@id\":\"https:\/\/kapitalis.com\/tunisie\/#website\"},\"primaryImageOfPage\":{\"@id\":\"https:\/\/kapitalis.com\/tunisie\/2025\/03\/16\/quand-le-g7-enterre-la-cause-palestinienne\/#primaryimage\"},\"image\":{\"@id\":\"https:\/\/kapitalis.com\/tunisie\/2025\/03\/16\/quand-le-g7-enterre-la-cause-palestinienne\/#primaryimage\"},\"thumbnailUrl\":\"https:\/\/kapitalis.com\/tunisie\/wp-content\/uploads\/2025\/03\/G7-Affaires-Etrangeres-Charlevoix-2025.jpg\",\"datePublished\":\"2025-03-16T06:45:52+00:00\",\"dateModified\":\"2025-03-16T06:45:54+00:00\",\"breadcrumb\":{\"@id\":\"https:\/\/kapitalis.com\/tunisie\/2025\/03\/16\/quand-le-g7-enterre-la-cause-palestinienne\/#breadcrumb\"},\"inLanguage\":\"fr-FR\",\"potentialAction\":[{\"@type\":\"ReadAction\",\"target\":[\"https:\/\/kapitalis.com\/tunisie\/2025\/03\/16\/quand-le-g7-enterre-la-cause-palestinienne\/\"]}]},{\"@type\":\"ImageObject\",\"inLanguage\":\"fr-FR\",\"@id\":\"https:\/\/kapitalis.com\/tunisie\/2025\/03\/16\/quand-le-g7-enterre-la-cause-palestinienne\/#primaryimage\",\"url\":\"https:\/\/kapitalis.com\/tunisie\/wp-content\/uploads\/2025\/03\/G7-Affaires-Etrangeres-Charlevoix-2025.jpg\",\"contentUrl\":\"https:\/\/kapitalis.com\/tunisie\/wp-content\/uploads\/2025\/03\/G7-Affaires-Etrangeres-Charlevoix-2025.jpg\",\"width\":1200,\"height\":630},{\"@type\":\"BreadcrumbList\",\"@id\":\"https:\/\/kapitalis.com\/tunisie\/2025\/03\/16\/quand-le-g7-enterre-la-cause-palestinienne\/#breadcrumb\",\"itemListElement\":[{\"@type\":\"ListItem\",\"position\":1,\"name\":\"Accueil\",\"item\":\"https:\/\/kapitalis.com\/tunisie\/\"},{\"@type\":\"ListItem\",\"position\":2,\"name\":\"Quand le G7 enterre la cause palestinienne !\"}]},{\"@type\":\"WebSite\",\"@id\":\"https:\/\/kapitalis.com\/tunisie\/#website\",\"url\":\"https:\/\/kapitalis.com\/tunisie\/\",\"name\":\"Kapitalis\",\"description\":\"L&#039;actualit\u00e9 en Tunisie et dans le monde\",\"publisher\":{\"@id\":\"https:\/\/kapitalis.com\/tunisie\/#organization\"},\"potentialAction\":[{\"@type\":\"SearchAction\",\"target\":{\"@type\":\"EntryPoint\",\"urlTemplate\":\"https:\/\/kapitalis.com\/tunisie\/?s={search_term_string}\"},\"query-input\":{\"@type\":\"PropertyValueSpecification\",\"valueRequired\":true,\"valueName\":\"search_term_string\"}}],\"inLanguage\":\"fr-FR\"},{\"@type\":\"Organization\",\"@id\":\"https:\/\/kapitalis.com\/tunisie\/#organization\",\"name\":\"Kapitalis\",\"url\":\"https:\/\/kapitalis.com\/tunisie\/\",\"logo\":{\"@type\":\"ImageObject\",\"inLanguage\":\"fr-FR\",\"@id\":\"https:\/\/kapitalis.com\/tunisie\/#\/schema\/logo\/image\/\",\"url\":\"https:\/\/kapitalis.com\/tunisie\/wp-content\/uploads\/2022\/05\/Kapitalis-big-size.png\",\"contentUrl\":\"https:\/\/kapitalis.com\/tunisie\/wp-content\/uploads\/2022\/05\/Kapitalis-big-size.png\",\"width\":5000,\"height\":1500,\"caption\":\"Kapitalis\"},\"image\":{\"@id\":\"https:\/\/kapitalis.com\/tunisie\/#\/schema\/logo\/image\/\"},\"sameAs\":[\"https:\/\/www.facebook.com\/KapitalisInfo\/\",\"https:\/\/x.com\/KapitalisInfo\",\"https:\/\/www.youtube.com\/channel\/UC-yDYrHyfFBWWZaOw3FPg9Q\"]},{\"@type\":\"Person\",\"@id\":\"https:\/\/kapitalis.com\/tunisie\/#\/schema\/person\/d71f33a9ca44f7bad4698210b480c8e9\",\"name\":\"webmaster kapitalis\",\"url\":\"https:\/\/kapitalis.com\/tunisie\/author\/webmaster-kapitalis\/\"}]}<\/script>\n<!-- \/ Yoast SEO plugin. -->","yoast_head_json":{"title":"Quand le G7 enterre la cause palestinienne ! - Kapitalis","robots":{"index":"index","follow":"follow","max-snippet":"max-snippet:-1","max-image-preview":"max-image-preview:large","max-video-preview":"max-video-preview:-1"},"canonical":"https:\/\/kapitalis.com\/tunisie\/2025\/03\/16\/quand-le-g7-enterre-la-cause-palestinienne\/","og_locale":"fr_FR","og_type":"article","og_title":"Quand le G7 enterre la cause palestinienne ! - Kapitalis","og_description":"Le G7, plus pro-isra\u00e9lien que jamais, enterre la cause palestinienne en abandonnant la solution \u00e0 deux Etats.","og_url":"https:\/\/kapitalis.com\/tunisie\/2025\/03\/16\/quand-le-g7-enterre-la-cause-palestinienne\/","og_site_name":"Kapitalis","article_publisher":"https:\/\/www.facebook.com\/KapitalisInfo\/","article_published_time":"2025-03-16T06:45:52+00:00","article_modified_time":"2025-03-16T06:45:54+00:00","og_image":[{"width":1200,"height":630,"url":"https:\/\/kapitalis.com\/tunisie\/wp-content\/uploads\/2025\/03\/G7-Affaires-Etrangeres-Charlevoix-2025.jpg","type":"image\/jpeg"}],"author":"webmaster kapitalis","twitter_card":"summary_large_image","twitter_creator":"@KapitalisInfo","twitter_site":"@KapitalisInfo","twitter_misc":{"\u00c9crit par":"webmaster kapitalis","Dur\u00e9e de lecture estim\u00e9e":"2 minutes"},"schema":{"@context":"https:\/\/schema.org","@graph":[{"@type":"Article","@id":"https:\/\/kapitalis.com\/tunisie\/2025\/03\/16\/quand-le-g7-enterre-la-cause-palestinienne\/#article","isPartOf":{"@id":"https:\/\/kapitalis.com\/tunisie\/2025\/03\/16\/quand-le-g7-enterre-la-cause-palestinienne\/"},"author":{"name":"webmaster kapitalis","@id":"https:\/\/kapitalis.com\/tunisie\/#\/schema\/person\/d71f33a9ca44f7bad4698210b480c8e9"},"headline":"Quand le G7 enterre la cause palestinienne !","datePublished":"2025-03-16T06:45:52+00:00","dateModified":"2025-03-16T06:45:54+00:00","mainEntityOfPage":{"@id":"https:\/\/kapitalis.com\/tunisie\/2025\/03\/16\/quand-le-g7-enterre-la-cause-palestinienne\/"},"wordCount":297,"commentCount":2,"publisher":{"@id":"https:\/\/kapitalis.com\/tunisie\/#organization"},"image":{"@id":"https:\/\/kapitalis.com\/tunisie\/2025\/03\/16\/quand-le-g7-enterre-la-cause-palestinienne\/#primaryimage"},"thumbnailUrl":"https:\/\/kapitalis.com\/tunisie\/wp-content\/uploads\/2025\/03\/G7-Affaires-Etrangeres-Charlevoix-2025.jpg","keywords":["arabes","Canada","Charlevoix","G7","Isra\u00ebl","Palestine","Pax Americana","Qu\u00e9bec"],"articleSection":["POLITIQUE","Tunisie"],"inLanguage":"fr-FR","potentialAction":[{"@type":"CommentAction","name":"Comment","target":["https:\/\/kapitalis.com\/tunisie\/2025\/03\/16\/quand-le-g7-enterre-la-cause-palestinienne\/#respond"]}]},{"@type":"WebPage","@id":"https:\/\/kapitalis.com\/tunisie\/2025\/03\/16\/quand-le-g7-enterre-la-cause-palestinienne\/","url":"https:\/\/kapitalis.com\/tunisie\/2025\/03\/16\/quand-le-g7-enterre-la-cause-palestinienne\/","name":"Quand le G7 enterre la cause palestinienne ! - Kapitalis","isPartOf":{"@id":"https:\/\/kapitalis.com\/tunisie\/#website"},"primaryImageOfPage":{"@id":"https:\/\/kapitalis.com\/tunisie\/2025\/03\/16\/quand-le-g7-enterre-la-cause-palestinienne\/#primaryimage"},"image":{"@id":"https:\/\/kapitalis.com\/tunisie\/2025\/03\/16\/quand-le-g7-enterre-la-cause-palestinienne\/#primaryimage"},"thumbnailUrl":"https:\/\/kapitalis.com\/tunisie\/wp-content\/uploads\/2025\/03\/G7-Affaires-Etrangeres-Charlevoix-2025.jpg","datePublished":"2025-03-16T06:45:52+00:00","dateModified":"2025-03-16T06:45:54+00:00","breadcrumb":{"@id":"https:\/\/kapitalis.com\/tunisie\/2025\/03\/16\/quand-le-g7-enterre-la-cause-palestinienne\/#breadcrumb"},"inLanguage":"fr-FR","potentialAction":[{"@type":"ReadAction","target":["https:\/\/kapitalis.com\/tunisie\/2025\/03\/16\/quand-le-g7-enterre-la-cause-palestinienne\/"]}]},{"@type":"ImageObject","inLanguage":"fr-FR","@id":"https:\/\/kapitalis.com\/tunisie\/2025\/03\/16\/quand-le-g7-enterre-la-cause-palestinienne\/#primaryimage","url":"https:\/\/kapitalis.com\/tunisie\/wp-content\/uploads\/2025\/03\/G7-Affaires-Etrangeres-Charlevoix-2025.jpg","contentUrl":"https:\/\/kapitalis.com\/tunisie\/wp-content\/uploads\/2025\/03\/G7-Affaires-Etrangeres-Charlevoix-2025.jpg","width":1200,"height":630},{"@type":"BreadcrumbList","@id":"https:\/\/kapitalis.com\/tunisie\/2025\/03\/16\/quand-le-g7-enterre-la-cause-palestinienne\/#breadcrumb","itemListElement":[{"@type":"ListItem","position":1,"name":"Accueil","item":"https:\/\/kapitalis.com\/tunisie\/"},{"@type":"ListItem","position":2,"name":"Quand le G7 enterre la cause palestinienne !"}]},{"@type":"WebSite","@id":"https:\/\/kapitalis.com\/tunisie\/#website","url":"https:\/\/kapitalis.com\/tunisie\/","name":"Kapitalis","description":"L&#039;actualit\u00e9 en Tunisie et dans le monde","publisher":{"@id":"https:\/\/kapitalis.com\/tunisie\/#organization"},"potentialAction":[{"@type":"SearchAction","target":{"@type":"EntryPoint","urlTemplate":"https:\/\/kapitalis.com\/tunisie\/?s={search_term_string}"},"query-input":{"@type":"PropertyValueSpecification","valueRequired":true,"valueName":"search_term_string"}}],"inLanguage":"fr-FR"},{"@type":"Organization","@id":"https:\/\/kapitalis.com\/tunisie\/#organization","name":"Kapitalis","url":"https:\/\/kapitalis.com\/tunisie\/","logo":{"@type":"ImageObject","inLanguage":"fr-FR","@id":"https:\/\/kapitalis.com\/tunisie\/#\/schema\/logo\/image\/","url":"https:\/\/kapitalis.com\/tunisie\/wp-content\/uploads\/2022\/05\/Kapitalis-big-size.png","contentUrl":"https:\/\/kapitalis.com\/tunisie\/wp-content\/uploads\/2022\/05\/Kapitalis-big-size.png","width":5000,"height":1500,"caption":"Kapitalis"},"image":{"@id":"https:\/\/kapitalis.com\/tunisie\/#\/schema\/logo\/image\/"},"sameAs":["https:\/\/www.facebook.com\/KapitalisInfo\/","https:\/\/x.com\/KapitalisInfo","https:\/\/www.youtube.com\/channel\/UC-yDYrHyfFBWWZaOw3FPg9Q"]},{"@type":"Person","@id":"https:\/\/kapitalis.com\/tunisie\/#\/schema\/person\/d71f33a9ca44f7bad4698210b480c8e9","name":"webmaster kapitalis","url":"https:\/\/kapitalis.com\/tunisie\/author\/webmaster-kapitalis\/"}]}},"_links":{"self":[{"href":"https:\/\/kapitalis.com\/tunisie\/wp-json\/wp\/v2\/posts\/15899924","targetHints":{"allow":["GET"]}}],"collection":[{"href":"https:\/\/kapitalis.com\/tunisie\/wp-json\/wp\/v2\/posts"}],"about":[{"href":"https:\/\/kapitalis.com\/tunisie\/wp-json\/wp\/v2\/types\/post"}],"author":[{"embeddable":true,"href":"https:\/\/kapitalis.com\/tunisie\/wp-json\/wp\/v2\/users\/8"}],"replies":[{"embeddable":true,"href":"https:\/\/kapitalis.com\/tunisie\/wp-json\/wp\/v2\/comments?post=15899924"}],"version-history":[{"count":1,"href":"https:\/\/kapitalis.com\/tunisie\/wp-json\/wp\/v2\/posts\/15899924\/revisions"}],"predecessor-version":[{"id":15899981,"href":"https:\/\/kapitalis.com\/tunisie\/wp-json\/wp\/v2\/posts\/15899924\/revisions\/15899981"}],"wp:featuredmedia":[{"embeddable":true,"href":"https:\/\/kapitalis.com\/tunisie\/wp-json\/wp\/v2\/media\/15899968"}],"wp:attachment":[{"href":"https:\/\/kapitalis.com\/tunisie\/wp-json\/wp\/v2\/media?parent=15899924"}],"wp:term":[{"taxonomy":"category","embeddable":true,"href":"https:\/\/kapitalis.com\/tunisie\/wp-json\/wp\/v2\/categories?post=15899924"},{"taxonomy":"post_tag","embeddable":true,"href":"https:\/\/kapitalis.com\/tunisie\/wp-json\/wp\/v2\/tags?post=15899924"}],"curies":[{"name":"wp","href":"https:\/\/api.w.org\/{rel}","templated":true}]}}