{"id":15911586,"date":"2025-03-17T06:17:11","date_gmt":"2025-03-17T05:17:11","guid":{"rendered":"https:\/\/kapitalis.com\/tunisie\/?p=15911586"},"modified":"2025-03-17T06:21:47","modified_gmt":"2025-03-17T05:21:47","slug":"emna-belhaj-yahia-80-mots-de-tunisie-un-voyage-linguistique-et-intime","status":"publish","type":"post","link":"https:\/\/kapitalis.com\/tunisie\/2025\/03\/17\/emna-belhaj-yahia-80-mots-de-tunisie-un-voyage-linguistique-et-intime\/","title":{"rendered":"Emna Belhaj Yahia |\u00a0\u2018\u201880 mots de Tunisie\u2019\u2019, un voyage linguistique et intime"},"content":{"rendered":"\n<p><strong><em>C\u2019est une \u0153uvre vibrante et intime o\u00f9 la langue devient un miroir d\u2019une soci\u00e9t\u00e9 complexe et en perp\u00e9tuelle \u00e9volution. Par le biais de 80 mots choisis avec une d\u00e9licatesse presque palpable, Emna Belhaj Yahia nous invite \u00e0 plonger dans l\u2019univers profond de sa terre natale, la Tunisie. Chaque mot est un fragment d\u2019histoire, une bribe de m\u00e9moire, mais aussi un t\u00e9moin vivant des fractures et des m\u00e9tamorphoses de ce pays \u00e0 la crois\u00e9e des chemins.<\/em><\/strong><\/p>\n\n\n\n<p><strong>Djamal&nbsp;Guettala<\/strong><\/p>\n\n\n\n<!--more-->\n\n\n\n<p><strong>\u2018\u2018<\/strong><em>80 mots de Tunisie\u2019\u2019<\/em>&nbsp; est bien plus qu&rsquo;un dictionnaire : il est un carnet de voyage \u00e0 travers la langue et l\u2019\u00e2me tunisiennes, un entrelacs de souvenirs personnels et de r\u00e9flexions sociales. Comme le souligne Fr\u00e9d\u00e9ric Bobin dans la pr\u00e9face, il s\u2019agit d\u2019un&nbsp;<em>\u00abdictionnaire de ses humeurs\u00bb<\/em>, o\u00f9 chaque mot devient une exploration, un \u00e9cho des joies et des tourments d\u2019une femme qui a vu son pays changer.<\/p>\n\n\n\n<h2 class=\"wp-block-heading\">R\u00e9flexion sur la langue et l\u2019identit\u00e9<\/h2>\n\n\n\n<p>Ce qui frappe d\u2019embl\u00e9e dans&nbsp;\u2018\u2018<em>80 mots de Tunisie\u2019\u2019<\/em>, c\u2019est la finesse et la profondeur de l\u2019analyse linguistique. Emna Belhaj Yahia, forte de ses ann\u00e9es d\u2019enseignement et de son \u00e9rudition, explore la richesse du vocabulaire tunisien \u00e0 travers le prisme de l\u2019arabe dialectal, souvent per\u00e7u comme un reflet des tensions et des contrastes internes du pays. Elle scrute les mots avec une pr\u00e9cision presque clinique, et chaque terme devient le porteur d\u2019une histoire, d\u2019une lutte ou d\u2019une m\u00e9lancolie.<\/p>\n\n\n\n<p>Ce lexique est, pour l\u2019autrice, un miroir de la soci\u00e9t\u00e9 tunisienne : un terrain o\u00f9 l\u2019intime et le politique s\u2019entrelacent. Les mots de l\u2019amour, du d\u00e9sir, du rejet et de l\u2019espoir se m\u00ealent pour former un tableau poignant et nuanc\u00e9 d\u2019un pays tiraill\u00e9 entre h\u00e9ritage et modernit\u00e9. Le mot&nbsp;<em>hob<\/em>&nbsp;(amour) en est un parfait exemple. Ce terme, souvent per\u00e7u comme os\u00e9 et impudique, contraste avec&nbsp;<em>m\u2019habba<\/em>, un synonyme plus respect\u00e9, exprimant un amour de l\u2019autre, de la communaut\u00e9, du prochain. Cette diff\u00e9rence n\u2019est pas simplement linguistique; elle r\u00e9v\u00e8le les tabous sociaux et les r\u00e9sistances culturelles qui fa\u00e7onnent les mentalit\u00e9s tunisiennes.<\/p>\n\n\n<div class=\"wp-block-image\">\n<figure class=\"aligncenter size-large\"><img loading=\"lazy\" decoding=\"async\" width=\"1024\" height=\"538\" src=\"https:\/\/kapitalis.com\/tunisie\/wp-content\/uploads\/2025\/03\/Emna-Belhaj-Yahia-1024x538.jpg\" alt=\"\" class=\"wp-image-15911616\" srcset=\"https:\/\/kapitalis.com\/tunisie\/wp-content\/uploads\/2025\/03\/Emna-Belhaj-Yahia-1024x538.jpg 1024w, https:\/\/kapitalis.com\/tunisie\/wp-content\/uploads\/2025\/03\/Emna-Belhaj-Yahia-300x158.jpg 300w, https:\/\/kapitalis.com\/tunisie\/wp-content\/uploads\/2025\/03\/Emna-Belhaj-Yahia-768x403.jpg 768w, https:\/\/kapitalis.com\/tunisie\/wp-content\/uploads\/2025\/03\/Emna-Belhaj-Yahia-580x305.jpg 580w, https:\/\/kapitalis.com\/tunisie\/wp-content\/uploads\/2025\/03\/Emna-Belhaj-Yahia-860x452.jpg 860w, https:\/\/kapitalis.com\/tunisie\/wp-content\/uploads\/2025\/03\/Emna-Belhaj-Yahia-1160x609.jpg 1160w, https:\/\/kapitalis.com\/tunisie\/wp-content\/uploads\/2025\/03\/Emna-Belhaj-Yahia.jpg 1200w\" sizes=\"auto, (max-width: 1024px) 100vw, 1024px\" \/><\/figure>\n<\/div>\n\n\n<h2 class=\"wp-block-heading\">Voyage entre tendresse et lucidit\u00e9<\/h2>\n\n\n\n<p>\u00c0 travers ce lexique, Emna Belhaj Yahia nous livre ses propres souvenirs d\u2019enfance, avec la m\u00e9lancolie d\u2019un pass\u00e9 r\u00e9volu. Elle nous raconte la vie au sein d\u2019une famille traditionnelle, un monde o\u00f9 les mots, empreints de douceur, refl\u00e9taient des valeurs de solidarit\u00e9 et de proximit\u00e9. Cependant, elle ne se contente pas de c\u00e9l\u00e9brer cette \u00e9poque : elle expose aussi les contradictions et les difficult\u00e9s de la Tunisie contemporaine avec une lucidit\u00e9 implacable.<\/p>\n\n\n\n<p>Son regard sur la soci\u00e9t\u00e9 tunisienne est celui d\u2019une observatrice avertie, qui ne cache ni les souffrances ni les r\u00e9sistances. Elle d\u00e9peint les fractures sociales, les in\u00e9galit\u00e9s persistantes, l\u2019obscurantisme qui menace encore une soci\u00e9t\u00e9 en qu\u00eate de r\u00e9conciliation avec son histoire. Mais au-del\u00e0 du constat amer, son ouvrage est aussi un cri d\u2019espoir et un hommage \u00e0 ceux qui, dans le silence ou la r\u00e9volte, luttent pour un avenir meilleur.<\/p>\n\n\n\n<h2 class=\"wp-block-heading\">Voix f\u00e9minine forte et d\u00e9termin\u00e9e<\/h2>\n\n\n\n<p>Femme de culture, philosophe et intellectuelle engag\u00e9e, Emna Belhaj Yahia incarne \u00e0 travers son \u0153uvre une voix f\u00e9minine incontournable dans la litt\u00e9rature tunisienne contemporaine. N\u00e9e en 1945 \u00e0 Tunis, elle a consacr\u00e9 sa vie \u00e0 l\u2019enseignement et \u00e0 la r\u00e9flexion sur les questions sociales et politiques. L\u2019un des axes principaux de son \u0153uvre a toujours \u00e9t\u00e9 la question des femmes et de leur place dans une soci\u00e9t\u00e9 marqu\u00e9e par des r\u00e9sistances patriarcales.<\/p>\n\n\n\n<p>Son engagement pour la cause des femmes et sa r\u00e9flexion sur les fractures sociales et politiques qui traversent son pays r\u00e9sonnent dans chaque mot de&nbsp;\u2018\u2018<em>80 mots de Tunisie\u2019\u2019<\/em>. En scrutant la langue tunisienne, elle nous invite \u00e0 regarder au-del\u00e0 des apparences et \u00e0 interroger les normes, les traditions et les tabous qui fa\u00e7onnent la soci\u00e9t\u00e9.<\/p>\n\n\n\n<p>Dans&nbsp;\u2018\u2018<em>80 mots de Tunisie\u2019\u2019<\/em>, Emna Belhaj Yahia nous offre un v\u00e9ritable voyage sensoriel \u00e0 travers les mots, les images et les souvenirs. Ce livre n\u2019est pas seulement une invitation \u00e0 explorer la langue d\u2019un peuple; il nous invite \u00e0 nous pencher sur la soci\u00e9t\u00e9 elle-m\u00eame, ses tensions, ses blessures et ses espoirs. \u00c0 travers les mots qu\u2019elle choisit d\u2019explorer, elle nous r\u00e9v\u00e8le les forces invisibles qui structurent son pays, des forces souvent invisibles, mais pourtant profond\u00e9ment ancr\u00e9es dans l\u2019\u00e2me tunisienne.<em>\u2018\u201880 mots de Tunisie\u2019\u2019<\/em>&nbsp;est un ouvrage \u00e0 la fois intime et universel, o\u00f9 chaque mot, chaque fragment de m\u00e9moire, r\u00e9sonne comme un appel \u00e0 l\u2019humanit\u00e9 partag\u00e9e. Un livre qui, par sa richesse et son souffle, s\u2019inscrit pleinement dans la grande tradition de la litt\u00e9rature tunisienne, tout en offrant une r\u00e9flexion profonde sur les enjeux de demain.<\/p>\n\n\n\n<figure class=\"wp-block-embed is-type-wp-embed is-provider-kapitalis wp-block-embed-kapitalis\"><div class=\"wp-block-embed__wrapper\">\n<blockquote class=\"wp-embedded-content\" data-secret=\"9fi0xFiTp1\"><a href=\"https:\/\/kapitalis.com\/tunisie\/2022\/05\/23\/les-laureats-du-prix-comar-du-roman-tunisien-2022\/\">Les laur\u00e9ats du Prix Comar du roman tunisien 2022<\/a><\/blockquote><iframe loading=\"lazy\" class=\"wp-embedded-content\" sandbox=\"allow-scripts\" security=\"restricted\" style=\"position: absolute; visibility: hidden;\" title=\"\u00ab\u00a0Les laur\u00e9ats du Prix Comar du roman tunisien 2022\u00a0\u00bb &#8212; Kapitalis\" src=\"https:\/\/kapitalis.com\/tunisie\/2022\/05\/23\/les-laureats-du-prix-comar-du-roman-tunisien-2022\/embed\/#?secret=63VcZ7W7IU#?secret=9fi0xFiTp1\" data-secret=\"9fi0xFiTp1\" width=\"600\" height=\"338\" frameborder=\"0\" marginwidth=\"0\" marginheight=\"0\" scrolling=\"no\"><\/iframe>\n<\/div><\/figure>\n","protected":false},"excerpt":{"rendered":"<p>Une \u0153uvre vibrante et intime d&rsquo;Emna Belhaj Yahia o\u00f9 la langue devient un miroir d\u2019une soci\u00e9t\u00e9 complexe et en perp\u00e9tuelle \u00e9volution.<\/p>\n","protected":false},"author":8,"featured_media":15911602,"comment_status":"open","ping_status":"open","sticky":false,"template":"","format":"standard","meta":{"footnotes":""},"categories":[992,994,2433],"tags":[91257,92342,62643],"class_list":["post-15911586","post","type-post","status-publish","format-standard","has-post-thumbnail","hentry","category-a-la-une","category-culture","category-tunisie","tag-emna-belhaj-yahia","tag-frederic-bobin","tag-tunisie"],"yoast_head":"<!-- This site is optimized with the Yoast SEO plugin v26.6 - https:\/\/yoast.com\/wordpress\/plugins\/seo\/ -->\n<title>Emna Belhaj Yahia |\u00a0\u2018\u201880 mots de Tunisie\u2019\u2019, un voyage linguistique et intime - Kapitalis<\/title>\n<meta name=\"robots\" content=\"index, follow, max-snippet:-1, max-image-preview:large, max-video-preview:-1\" \/>\n<link rel=\"canonical\" href=\"https:\/\/kapitalis.com\/tunisie\/2025\/03\/17\/emna-belhaj-yahia-80-mots-de-tunisie-un-voyage-linguistique-et-intime\/\" \/>\n<meta property=\"og:locale\" content=\"fr_FR\" \/>\n<meta property=\"og:type\" content=\"article\" \/>\n<meta property=\"og:title\" content=\"Emna Belhaj Yahia |\u00a0\u2018\u201880 mots de Tunisie\u2019\u2019, un voyage linguistique et intime - Kapitalis\" \/>\n<meta property=\"og:description\" content=\"Une \u0153uvre vibrante et intime d&#039;Emna Belhaj Yahia o\u00f9 la langue devient un miroir d\u2019une soci\u00e9t\u00e9 complexe et en perp\u00e9tuelle \u00e9volution.\" \/>\n<meta property=\"og:url\" content=\"https:\/\/kapitalis.com\/tunisie\/2025\/03\/17\/emna-belhaj-yahia-80-mots-de-tunisie-un-voyage-linguistique-et-intime\/\" \/>\n<meta property=\"og:site_name\" content=\"Kapitalis\" \/>\n<meta property=\"article:publisher\" content=\"https:\/\/www.facebook.com\/KapitalisInfo\/\" \/>\n<meta property=\"article:published_time\" content=\"2025-03-17T05:17:11+00:00\" \/>\n<meta property=\"article:modified_time\" content=\"2025-03-17T05:21:47+00:00\" \/>\n<meta property=\"og:image\" content=\"https:\/\/kapitalis.com\/tunisie\/wp-content\/uploads\/2025\/03\/Emna-Belhaj-Yahia-80-mots-de-Tunisie.jpg\" \/>\n\t<meta property=\"og:image:width\" content=\"1200\" \/>\n\t<meta property=\"og:image:height\" content=\"630\" \/>\n\t<meta property=\"og:image:type\" content=\"image\/jpeg\" \/>\n<meta name=\"author\" content=\"webmaster kapitalis\" \/>\n<meta name=\"twitter:card\" content=\"summary_large_image\" \/>\n<meta name=\"twitter:creator\" content=\"@KapitalisInfo\" \/>\n<meta name=\"twitter:site\" content=\"@KapitalisInfo\" \/>\n<meta name=\"twitter:label1\" content=\"\u00c9crit par\" \/>\n\t<meta name=\"twitter:data1\" content=\"webmaster kapitalis\" \/>\n\t<meta name=\"twitter:label2\" content=\"Dur\u00e9e de lecture estim\u00e9e\" \/>\n\t<meta name=\"twitter:data2\" content=\"5 minutes\" \/>\n<script type=\"application\/ld+json\" class=\"yoast-schema-graph\">{\"@context\":\"https:\/\/schema.org\",\"@graph\":[{\"@type\":\"Article\",\"@id\":\"https:\/\/kapitalis.com\/tunisie\/2025\/03\/17\/emna-belhaj-yahia-80-mots-de-tunisie-un-voyage-linguistique-et-intime\/#article\",\"isPartOf\":{\"@id\":\"https:\/\/kapitalis.com\/tunisie\/2025\/03\/17\/emna-belhaj-yahia-80-mots-de-tunisie-un-voyage-linguistique-et-intime\/\"},\"author\":{\"name\":\"webmaster kapitalis\",\"@id\":\"https:\/\/kapitalis.com\/tunisie\/#\/schema\/person\/d71f33a9ca44f7bad4698210b480c8e9\"},\"headline\":\"Emna Belhaj Yahia |\u00a0\u2018\u201880 mots de Tunisie\u2019\u2019, un voyage linguistique et intime\",\"datePublished\":\"2025-03-17T05:17:11+00:00\",\"dateModified\":\"2025-03-17T05:21:47+00:00\",\"mainEntityOfPage\":{\"@id\":\"https:\/\/kapitalis.com\/tunisie\/2025\/03\/17\/emna-belhaj-yahia-80-mots-de-tunisie-un-voyage-linguistique-et-intime\/\"},\"wordCount\":857,\"commentCount\":2,\"publisher\":{\"@id\":\"https:\/\/kapitalis.com\/tunisie\/#organization\"},\"image\":{\"@id\":\"https:\/\/kapitalis.com\/tunisie\/2025\/03\/17\/emna-belhaj-yahia-80-mots-de-tunisie-un-voyage-linguistique-et-intime\/#primaryimage\"},\"thumbnailUrl\":\"https:\/\/kapitalis.com\/tunisie\/wp-content\/uploads\/2025\/03\/Emna-Belhaj-Yahia-80-mots-de-Tunisie.jpg\",\"keywords\":[\"Emna Belhaj Yahia\",\"Fr\u00e9d\u00e9ric Bobin\",\"Tunisie\"],\"articleSection\":[\"A LA UNE\",\"CULTURE\",\"Tunisie\"],\"inLanguage\":\"fr-FR\",\"potentialAction\":[{\"@type\":\"CommentAction\",\"name\":\"Comment\",\"target\":[\"https:\/\/kapitalis.com\/tunisie\/2025\/03\/17\/emna-belhaj-yahia-80-mots-de-tunisie-un-voyage-linguistique-et-intime\/#respond\"]}]},{\"@type\":\"WebPage\",\"@id\":\"https:\/\/kapitalis.com\/tunisie\/2025\/03\/17\/emna-belhaj-yahia-80-mots-de-tunisie-un-voyage-linguistique-et-intime\/\",\"url\":\"https:\/\/kapitalis.com\/tunisie\/2025\/03\/17\/emna-belhaj-yahia-80-mots-de-tunisie-un-voyage-linguistique-et-intime\/\",\"name\":\"Emna Belhaj Yahia |\u00a0\u2018\u201880 mots de Tunisie\u2019\u2019, un voyage linguistique et intime - Kapitalis\",\"isPartOf\":{\"@id\":\"https:\/\/kapitalis.com\/tunisie\/#website\"},\"primaryImageOfPage\":{\"@id\":\"https:\/\/kapitalis.com\/tunisie\/2025\/03\/17\/emna-belhaj-yahia-80-mots-de-tunisie-un-voyage-linguistique-et-intime\/#primaryimage\"},\"image\":{\"@id\":\"https:\/\/kapitalis.com\/tunisie\/2025\/03\/17\/emna-belhaj-yahia-80-mots-de-tunisie-un-voyage-linguistique-et-intime\/#primaryimage\"},\"thumbnailUrl\":\"https:\/\/kapitalis.com\/tunisie\/wp-content\/uploads\/2025\/03\/Emna-Belhaj-Yahia-80-mots-de-Tunisie.jpg\",\"datePublished\":\"2025-03-17T05:17:11+00:00\",\"dateModified\":\"2025-03-17T05:21:47+00:00\",\"breadcrumb\":{\"@id\":\"https:\/\/kapitalis.com\/tunisie\/2025\/03\/17\/emna-belhaj-yahia-80-mots-de-tunisie-un-voyage-linguistique-et-intime\/#breadcrumb\"},\"inLanguage\":\"fr-FR\",\"potentialAction\":[{\"@type\":\"ReadAction\",\"target\":[\"https:\/\/kapitalis.com\/tunisie\/2025\/03\/17\/emna-belhaj-yahia-80-mots-de-tunisie-un-voyage-linguistique-et-intime\/\"]}]},{\"@type\":\"ImageObject\",\"inLanguage\":\"fr-FR\",\"@id\":\"https:\/\/kapitalis.com\/tunisie\/2025\/03\/17\/emna-belhaj-yahia-80-mots-de-tunisie-un-voyage-linguistique-et-intime\/#primaryimage\",\"url\":\"https:\/\/kapitalis.com\/tunisie\/wp-content\/uploads\/2025\/03\/Emna-Belhaj-Yahia-80-mots-de-Tunisie.jpg\",\"contentUrl\":\"https:\/\/kapitalis.com\/tunisie\/wp-content\/uploads\/2025\/03\/Emna-Belhaj-Yahia-80-mots-de-Tunisie.jpg\",\"width\":1200,\"height\":630},{\"@type\":\"BreadcrumbList\",\"@id\":\"https:\/\/kapitalis.com\/tunisie\/2025\/03\/17\/emna-belhaj-yahia-80-mots-de-tunisie-un-voyage-linguistique-et-intime\/#breadcrumb\",\"itemListElement\":[{\"@type\":\"ListItem\",\"position\":1,\"name\":\"Accueil\",\"item\":\"https:\/\/kapitalis.com\/tunisie\/\"},{\"@type\":\"ListItem\",\"position\":2,\"name\":\"Emna Belhaj Yahia |\u00a0\u2018\u201880 mots de Tunisie\u2019\u2019, un voyage linguistique et intime\"}]},{\"@type\":\"WebSite\",\"@id\":\"https:\/\/kapitalis.com\/tunisie\/#website\",\"url\":\"https:\/\/kapitalis.com\/tunisie\/\",\"name\":\"Kapitalis\",\"description\":\"L&#039;actualit\u00e9 en Tunisie et dans le monde\",\"publisher\":{\"@id\":\"https:\/\/kapitalis.com\/tunisie\/#organization\"},\"potentialAction\":[{\"@type\":\"SearchAction\",\"target\":{\"@type\":\"EntryPoint\",\"urlTemplate\":\"https:\/\/kapitalis.com\/tunisie\/?s={search_term_string}\"},\"query-input\":{\"@type\":\"PropertyValueSpecification\",\"valueRequired\":true,\"valueName\":\"search_term_string\"}}],\"inLanguage\":\"fr-FR\"},{\"@type\":\"Organization\",\"@id\":\"https:\/\/kapitalis.com\/tunisie\/#organization\",\"name\":\"Kapitalis\",\"url\":\"https:\/\/kapitalis.com\/tunisie\/\",\"logo\":{\"@type\":\"ImageObject\",\"inLanguage\":\"fr-FR\",\"@id\":\"https:\/\/kapitalis.com\/tunisie\/#\/schema\/logo\/image\/\",\"url\":\"https:\/\/kapitalis.com\/tunisie\/wp-content\/uploads\/2022\/05\/Kapitalis-big-size.png\",\"contentUrl\":\"https:\/\/kapitalis.com\/tunisie\/wp-content\/uploads\/2022\/05\/Kapitalis-big-size.png\",\"width\":5000,\"height\":1500,\"caption\":\"Kapitalis\"},\"image\":{\"@id\":\"https:\/\/kapitalis.com\/tunisie\/#\/schema\/logo\/image\/\"},\"sameAs\":[\"https:\/\/www.facebook.com\/KapitalisInfo\/\",\"https:\/\/x.com\/KapitalisInfo\",\"https:\/\/www.youtube.com\/channel\/UC-yDYrHyfFBWWZaOw3FPg9Q\"]},{\"@type\":\"Person\",\"@id\":\"https:\/\/kapitalis.com\/tunisie\/#\/schema\/person\/d71f33a9ca44f7bad4698210b480c8e9\",\"name\":\"webmaster kapitalis\",\"url\":\"https:\/\/kapitalis.com\/tunisie\/author\/webmaster-kapitalis\/\"}]}<\/script>\n<!-- \/ Yoast SEO plugin. -->","yoast_head_json":{"title":"Emna Belhaj Yahia |\u00a0\u2018\u201880 mots de Tunisie\u2019\u2019, un voyage linguistique et intime - Kapitalis","robots":{"index":"index","follow":"follow","max-snippet":"max-snippet:-1","max-image-preview":"max-image-preview:large","max-video-preview":"max-video-preview:-1"},"canonical":"https:\/\/kapitalis.com\/tunisie\/2025\/03\/17\/emna-belhaj-yahia-80-mots-de-tunisie-un-voyage-linguistique-et-intime\/","og_locale":"fr_FR","og_type":"article","og_title":"Emna Belhaj Yahia |\u00a0\u2018\u201880 mots de Tunisie\u2019\u2019, un voyage linguistique et intime - Kapitalis","og_description":"Une \u0153uvre vibrante et intime d'Emna Belhaj Yahia o\u00f9 la langue devient un miroir d\u2019une soci\u00e9t\u00e9 complexe et en perp\u00e9tuelle \u00e9volution.","og_url":"https:\/\/kapitalis.com\/tunisie\/2025\/03\/17\/emna-belhaj-yahia-80-mots-de-tunisie-un-voyage-linguistique-et-intime\/","og_site_name":"Kapitalis","article_publisher":"https:\/\/www.facebook.com\/KapitalisInfo\/","article_published_time":"2025-03-17T05:17:11+00:00","article_modified_time":"2025-03-17T05:21:47+00:00","og_image":[{"width":1200,"height":630,"url":"https:\/\/kapitalis.com\/tunisie\/wp-content\/uploads\/2025\/03\/Emna-Belhaj-Yahia-80-mots-de-Tunisie.jpg","type":"image\/jpeg"}],"author":"webmaster kapitalis","twitter_card":"summary_large_image","twitter_creator":"@KapitalisInfo","twitter_site":"@KapitalisInfo","twitter_misc":{"\u00c9crit par":"webmaster kapitalis","Dur\u00e9e de lecture estim\u00e9e":"5 minutes"},"schema":{"@context":"https:\/\/schema.org","@graph":[{"@type":"Article","@id":"https:\/\/kapitalis.com\/tunisie\/2025\/03\/17\/emna-belhaj-yahia-80-mots-de-tunisie-un-voyage-linguistique-et-intime\/#article","isPartOf":{"@id":"https:\/\/kapitalis.com\/tunisie\/2025\/03\/17\/emna-belhaj-yahia-80-mots-de-tunisie-un-voyage-linguistique-et-intime\/"},"author":{"name":"webmaster kapitalis","@id":"https:\/\/kapitalis.com\/tunisie\/#\/schema\/person\/d71f33a9ca44f7bad4698210b480c8e9"},"headline":"Emna Belhaj Yahia |\u00a0\u2018\u201880 mots de Tunisie\u2019\u2019, un voyage linguistique et intime","datePublished":"2025-03-17T05:17:11+00:00","dateModified":"2025-03-17T05:21:47+00:00","mainEntityOfPage":{"@id":"https:\/\/kapitalis.com\/tunisie\/2025\/03\/17\/emna-belhaj-yahia-80-mots-de-tunisie-un-voyage-linguistique-et-intime\/"},"wordCount":857,"commentCount":2,"publisher":{"@id":"https:\/\/kapitalis.com\/tunisie\/#organization"},"image":{"@id":"https:\/\/kapitalis.com\/tunisie\/2025\/03\/17\/emna-belhaj-yahia-80-mots-de-tunisie-un-voyage-linguistique-et-intime\/#primaryimage"},"thumbnailUrl":"https:\/\/kapitalis.com\/tunisie\/wp-content\/uploads\/2025\/03\/Emna-Belhaj-Yahia-80-mots-de-Tunisie.jpg","keywords":["Emna Belhaj Yahia","Fr\u00e9d\u00e9ric Bobin","Tunisie"],"articleSection":["A LA UNE","CULTURE","Tunisie"],"inLanguage":"fr-FR","potentialAction":[{"@type":"CommentAction","name":"Comment","target":["https:\/\/kapitalis.com\/tunisie\/2025\/03\/17\/emna-belhaj-yahia-80-mots-de-tunisie-un-voyage-linguistique-et-intime\/#respond"]}]},{"@type":"WebPage","@id":"https:\/\/kapitalis.com\/tunisie\/2025\/03\/17\/emna-belhaj-yahia-80-mots-de-tunisie-un-voyage-linguistique-et-intime\/","url":"https:\/\/kapitalis.com\/tunisie\/2025\/03\/17\/emna-belhaj-yahia-80-mots-de-tunisie-un-voyage-linguistique-et-intime\/","name":"Emna Belhaj Yahia |\u00a0\u2018\u201880 mots de Tunisie\u2019\u2019, un voyage linguistique et intime - Kapitalis","isPartOf":{"@id":"https:\/\/kapitalis.com\/tunisie\/#website"},"primaryImageOfPage":{"@id":"https:\/\/kapitalis.com\/tunisie\/2025\/03\/17\/emna-belhaj-yahia-80-mots-de-tunisie-un-voyage-linguistique-et-intime\/#primaryimage"},"image":{"@id":"https:\/\/kapitalis.com\/tunisie\/2025\/03\/17\/emna-belhaj-yahia-80-mots-de-tunisie-un-voyage-linguistique-et-intime\/#primaryimage"},"thumbnailUrl":"https:\/\/kapitalis.com\/tunisie\/wp-content\/uploads\/2025\/03\/Emna-Belhaj-Yahia-80-mots-de-Tunisie.jpg","datePublished":"2025-03-17T05:17:11+00:00","dateModified":"2025-03-17T05:21:47+00:00","breadcrumb":{"@id":"https:\/\/kapitalis.com\/tunisie\/2025\/03\/17\/emna-belhaj-yahia-80-mots-de-tunisie-un-voyage-linguistique-et-intime\/#breadcrumb"},"inLanguage":"fr-FR","potentialAction":[{"@type":"ReadAction","target":["https:\/\/kapitalis.com\/tunisie\/2025\/03\/17\/emna-belhaj-yahia-80-mots-de-tunisie-un-voyage-linguistique-et-intime\/"]}]},{"@type":"ImageObject","inLanguage":"fr-FR","@id":"https:\/\/kapitalis.com\/tunisie\/2025\/03\/17\/emna-belhaj-yahia-80-mots-de-tunisie-un-voyage-linguistique-et-intime\/#primaryimage","url":"https:\/\/kapitalis.com\/tunisie\/wp-content\/uploads\/2025\/03\/Emna-Belhaj-Yahia-80-mots-de-Tunisie.jpg","contentUrl":"https:\/\/kapitalis.com\/tunisie\/wp-content\/uploads\/2025\/03\/Emna-Belhaj-Yahia-80-mots-de-Tunisie.jpg","width":1200,"height":630},{"@type":"BreadcrumbList","@id":"https:\/\/kapitalis.com\/tunisie\/2025\/03\/17\/emna-belhaj-yahia-80-mots-de-tunisie-un-voyage-linguistique-et-intime\/#breadcrumb","itemListElement":[{"@type":"ListItem","position":1,"name":"Accueil","item":"https:\/\/kapitalis.com\/tunisie\/"},{"@type":"ListItem","position":2,"name":"Emna Belhaj Yahia |\u00a0\u2018\u201880 mots de Tunisie\u2019\u2019, un voyage linguistique et intime"}]},{"@type":"WebSite","@id":"https:\/\/kapitalis.com\/tunisie\/#website","url":"https:\/\/kapitalis.com\/tunisie\/","name":"Kapitalis","description":"L&#039;actualit\u00e9 en Tunisie et dans le monde","publisher":{"@id":"https:\/\/kapitalis.com\/tunisie\/#organization"},"potentialAction":[{"@type":"SearchAction","target":{"@type":"EntryPoint","urlTemplate":"https:\/\/kapitalis.com\/tunisie\/?s={search_term_string}"},"query-input":{"@type":"PropertyValueSpecification","valueRequired":true,"valueName":"search_term_string"}}],"inLanguage":"fr-FR"},{"@type":"Organization","@id":"https:\/\/kapitalis.com\/tunisie\/#organization","name":"Kapitalis","url":"https:\/\/kapitalis.com\/tunisie\/","logo":{"@type":"ImageObject","inLanguage":"fr-FR","@id":"https:\/\/kapitalis.com\/tunisie\/#\/schema\/logo\/image\/","url":"https:\/\/kapitalis.com\/tunisie\/wp-content\/uploads\/2022\/05\/Kapitalis-big-size.png","contentUrl":"https:\/\/kapitalis.com\/tunisie\/wp-content\/uploads\/2022\/05\/Kapitalis-big-size.png","width":5000,"height":1500,"caption":"Kapitalis"},"image":{"@id":"https:\/\/kapitalis.com\/tunisie\/#\/schema\/logo\/image\/"},"sameAs":["https:\/\/www.facebook.com\/KapitalisInfo\/","https:\/\/x.com\/KapitalisInfo","https:\/\/www.youtube.com\/channel\/UC-yDYrHyfFBWWZaOw3FPg9Q"]},{"@type":"Person","@id":"https:\/\/kapitalis.com\/tunisie\/#\/schema\/person\/d71f33a9ca44f7bad4698210b480c8e9","name":"webmaster kapitalis","url":"https:\/\/kapitalis.com\/tunisie\/author\/webmaster-kapitalis\/"}]}},"_links":{"self":[{"href":"https:\/\/kapitalis.com\/tunisie\/wp-json\/wp\/v2\/posts\/15911586","targetHints":{"allow":["GET"]}}],"collection":[{"href":"https:\/\/kapitalis.com\/tunisie\/wp-json\/wp\/v2\/posts"}],"about":[{"href":"https:\/\/kapitalis.com\/tunisie\/wp-json\/wp\/v2\/types\/post"}],"author":[{"embeddable":true,"href":"https:\/\/kapitalis.com\/tunisie\/wp-json\/wp\/v2\/users\/8"}],"replies":[{"embeddable":true,"href":"https:\/\/kapitalis.com\/tunisie\/wp-json\/wp\/v2\/comments?post=15911586"}],"version-history":[{"count":2,"href":"https:\/\/kapitalis.com\/tunisie\/wp-json\/wp\/v2\/posts\/15911586\/revisions"}],"predecessor-version":[{"id":15911618,"href":"https:\/\/kapitalis.com\/tunisie\/wp-json\/wp\/v2\/posts\/15911586\/revisions\/15911618"}],"wp:featuredmedia":[{"embeddable":true,"href":"https:\/\/kapitalis.com\/tunisie\/wp-json\/wp\/v2\/media\/15911602"}],"wp:attachment":[{"href":"https:\/\/kapitalis.com\/tunisie\/wp-json\/wp\/v2\/media?parent=15911586"}],"wp:term":[{"taxonomy":"category","embeddable":true,"href":"https:\/\/kapitalis.com\/tunisie\/wp-json\/wp\/v2\/categories?post=15911586"},{"taxonomy":"post_tag","embeddable":true,"href":"https:\/\/kapitalis.com\/tunisie\/wp-json\/wp\/v2\/tags?post=15911586"}],"curies":[{"name":"wp","href":"https:\/\/api.w.org\/{rel}","templated":true}]}}