{"id":15913147,"date":"2025-03-17T10:23:44","date_gmt":"2025-03-17T09:23:44","guid":{"rendered":"https:\/\/kapitalis.com\/tunisie\/?p=15913147"},"modified":"2025-03-17T10:31:59","modified_gmt":"2025-03-17T09:31:59","slug":"musee-du-bardo-les-deesses-antiques-entre-mythologie-art-et-memoire","status":"publish","type":"post","link":"https:\/\/kapitalis.com\/tunisie\/2025\/03\/17\/musee-du-bardo-les-deesses-antiques-entre-mythologie-art-et-memoire\/","title":{"rendered":"Mus\u00e9e du Bardo\u00a0| Les d\u00e9esses antiques entre mythologie, art et m\u00e9moire"},"content":{"rendered":"\n<p><strong><em>Pr\u00e9par\u00e9e \u00e0 l\u2019occasion de la c\u00e9l\u00e9bration de la Journ\u00e9e internationale des droits des femmes, l\u2019exposition artistique consacr\u00e9e aux figures f\u00e9minines mythologiques, \u00abIsis, Aphrodite, Cyb\u00e8le et les autres&#8230;\u00bb, a \u00e9t\u00e9 inaugur\u00e9e samedi 15 mars 2025, au Mus\u00e9e du Bardo.<\/em><\/strong><\/p>\n\n\n\n<!--more-->\n\n\n\n<p>Le mus\u00e9e s\u2019est ainsi transform\u00e9 en un v\u00e9ritable th\u00e9\u00e2tre de m\u00e9moire et de cr\u00e9ation, offrant aux visiteurs une plong\u00e9e fascinante dans l\u2019h\u00e9ritage des grandes figures f\u00e9minines de l\u2019Antiquit\u00e9.<br>Sur les traces des Aphrodite, Isis, Cyb\u00e8le et autres d\u00e9esses de la f\u00e9condit\u00e9, de la puissance et de la sagesse, le Bardo a c\u00e9l\u00e9br\u00e9 la femme \u00e0 travers les \u00e2ges dans un voyage immersif et sensoriel o\u00f9 les sculptures en marbre et les r\u00e9cits mythologiques ont pris une r\u00e9sonance contemporaine.<br>A l\u2019image des grands mus\u00e9es dans le monde, qui accueillent r\u00e9guli\u00e8rement des performances artistiques et des d\u00e9fil\u00e9s de mode, le Mus\u00e9e du Bardo a offert \u00e0 l&rsquo;assistance un moment o\u00f9 les arts, l\u2019histoire et la mode ont dialogu\u00e9 dans un \u00e9crin unique.<\/p>\n\n\n\n<p>Dans l\u2019espace d\u2019exposition du mus\u00e9e, les sculptures en marbre qui se dressaient comme autant de t\u00e9moins du pass\u00e9, lan\u00e7aient l\u2019invitation \u00e0 red\u00e9couvrir des figures f\u00e9minines mythiques ayant marqu\u00e9 les civilisations antiques. Ph\u00e9niciennes, Grecques, Romaines, Phrygiennes, Carthaginoises, Libyques\u2026 Isis, Aphrodite, Cyb\u00e8le, Fortuna, D\u00e9m\u00e9ter\u2026 autant de noms qui \u00e9voquent la force, la beaut\u00e9 et le pouvoir des femmes \u00e0 travers les \u00e2ges. Parmi elles, Aphrodite-V\u00e9nus, muse de l\u2019amour et de la beaut\u00e9, Tych\u00e9 chez les Grecs, Fortuna chez les Romains, Cyb\u00e8le \u00e0 Carthage, d\u00e9esse de la prosp\u00e9rit\u00e9 et du destin, souvent repr\u00e9sent\u00e9e avec les ailes de la Victoire, la couronne cr\u00e9nel\u00e9e d\u2019une cit\u00e9, la corne d\u2019abondance et le bouclier de M\u00e9duse.<\/p>\n\n\n\n<p>Outre l\u2019exposition con\u00e7ue par l\u2019arch\u00e9ologue Hajer Krimi et sc\u00e9nographi\u00e9e par Leila Daami, l\u2019un des moments forts de la soir\u00e9e a \u00e9t\u00e9 un d\u00e9fil\u00e9 de mode d\u2019exception, o\u00f9 l\u2019h\u00e9ritage vestimentaire des imp\u00e9ratrices romaines et des figures f\u00e9minines carthaginoises a pris vie. Orchestr\u00e9 par la cr\u00e9atrice tunisienne Fatma Ben Abdallah, ce spectacle a puis\u00e9 dans les tr\u00e9sors du pass\u00e9 pour offrir une collection o\u00f9 les coupes fluides et majestueuses se m\u00ealaient \u00e0 des broderies dor\u00e9es, \u00e9voquant l\u2019opulence des civilisations ph\u00e9nicienne, romaine et carthaginoise.<\/p>\n\n\n<div class=\"wp-block-image\">\n<figure class=\"aligncenter size-large is-resized\"><img loading=\"lazy\" decoding=\"async\" width=\"1024\" height=\"538\" src=\"https:\/\/kapitalis.com\/tunisie\/wp-content\/uploads\/2025\/03\/Fatma-Ben-Abdallah-Musee-du-Bardo-1024x538.jpg\" alt=\"\" class=\"wp-image-15913376\" style=\"width:800px\" srcset=\"https:\/\/kapitalis.com\/tunisie\/wp-content\/uploads\/2025\/03\/Fatma-Ben-Abdallah-Musee-du-Bardo-1024x538.jpg 1024w, https:\/\/kapitalis.com\/tunisie\/wp-content\/uploads\/2025\/03\/Fatma-Ben-Abdallah-Musee-du-Bardo-300x158.jpg 300w, https:\/\/kapitalis.com\/tunisie\/wp-content\/uploads\/2025\/03\/Fatma-Ben-Abdallah-Musee-du-Bardo-768x403.jpg 768w, https:\/\/kapitalis.com\/tunisie\/wp-content\/uploads\/2025\/03\/Fatma-Ben-Abdallah-Musee-du-Bardo-580x305.jpg 580w, https:\/\/kapitalis.com\/tunisie\/wp-content\/uploads\/2025\/03\/Fatma-Ben-Abdallah-Musee-du-Bardo-860x452.jpg 860w, https:\/\/kapitalis.com\/tunisie\/wp-content\/uploads\/2025\/03\/Fatma-Ben-Abdallah-Musee-du-Bardo-1160x609.jpg 1160w, https:\/\/kapitalis.com\/tunisie\/wp-content\/uploads\/2025\/03\/Fatma-Ben-Abdallah-Musee-du-Bardo.jpg 1200w\" sizes=\"auto, (max-width: 1024px) 100vw, 1024px\" \/><\/figure>\n<\/div>\n\n\n<p>Les mod\u00e8les, par\u00e9es de diad\u00e8mes scintillants, drap\u00e9es dans des \u00e9toffes aux reflets chatoyants, ont travers\u00e9 la salle de Carthage avec une gr\u00e2ce souveraine, celle des reines, d\u00e9esses, pr\u00eatresses ou tout simplement femmes du monde. Entre colonnes antiques et fresques mosa\u00efques mill\u00e9naires, elles ont offert aux spectateurs une immersion fascinante, \u00e0 mi-chemin entre la r\u00e9alit\u00e9 et la l\u00e9gende.<\/p>\n\n\n\n<p><em>\u00abDepuis des ann\u00e9es, je r\u00eavais de voir un d\u00e9fil\u00e9 de mode au sein d\u2019un mus\u00e9e tunisien, \u00e0 l\u2019image de ce qui se fait dans les plus grandes capitales du monde. Ce soir, nous avons prouv\u00e9 que notre patrimoine est un \u00e9crin id\u00e9al pour raconter des histoires \u00e0 travers l\u2019art et la mode\u00bb<\/em>, a confi\u00e9 Fatma Ben Abdallah \u00e0 l\u2019agence Tap.<\/p>\n\n\n\n<p>A travers cette soir\u00e9e enchant\u00e9e par les notes envo\u00fbtantes du violon de Yasmine Azaiez, le Bardo s&rsquo;est m\u00e9tamorphos\u00e9 en un lieu o\u00f9 les statues des d\u00e9esses antiques semblaient s\u2019\u00e9veiller, fr\u00e9missant sous les lumi\u00e8res douces et myst\u00e9rieuses du mus\u00e9e.<\/p>\n\n\n\n<p><strong><em>Avec Tap.<\/em><\/strong><\/p>\n","protected":false},"excerpt":{"rendered":"<p>Exposition artistique consacr\u00e9e aux figures f\u00e9minines mythologiques Mus\u00e9e du Bardo.<\/p>\n","protected":false},"author":8,"featured_media":15913206,"comment_status":"open","ping_status":"open","sticky":false,"template":"","format":"standard","meta":{"footnotes":""},"categories":[994,2433],"tags":[78,93341,106150,121310,15245,20811,4975,121311,17471],"class_list":["post-15913147","post","type-post","status-publish","format-standard","has-post-thumbnail","hentry","category-culture","category-tunisie","tag-archeologie","tag-fatma-ben-abdallah","tag-hajer-krimi","tag-leila-daami","tag-memoire","tag-mode","tag-musee-du-bardo","tag-mythologie","tag-yasmine-azaiez"],"yoast_head":"<!-- This site is optimized with the Yoast SEO plugin v26.6 - https:\/\/yoast.com\/wordpress\/plugins\/seo\/ -->\n<title>Mus\u00e9e du Bardo\u00a0| Les d\u00e9esses antiques entre mythologie, art et m\u00e9moire - Kapitalis<\/title>\n<meta name=\"robots\" content=\"index, follow, max-snippet:-1, max-image-preview:large, max-video-preview:-1\" \/>\n<link rel=\"canonical\" href=\"https:\/\/kapitalis.com\/tunisie\/2025\/03\/17\/musee-du-bardo-les-deesses-antiques-entre-mythologie-art-et-memoire\/\" \/>\n<meta property=\"og:locale\" content=\"fr_FR\" \/>\n<meta property=\"og:type\" content=\"article\" \/>\n<meta property=\"og:title\" content=\"Mus\u00e9e du Bardo\u00a0| Les d\u00e9esses antiques entre mythologie, art et m\u00e9moire - Kapitalis\" \/>\n<meta property=\"og:description\" content=\"Exposition artistique consacr\u00e9e aux figures f\u00e9minines mythologiques Mus\u00e9e du Bardo.\" \/>\n<meta property=\"og:url\" content=\"https:\/\/kapitalis.com\/tunisie\/2025\/03\/17\/musee-du-bardo-les-deesses-antiques-entre-mythologie-art-et-memoire\/\" \/>\n<meta property=\"og:site_name\" content=\"Kapitalis\" \/>\n<meta property=\"article:publisher\" content=\"https:\/\/www.facebook.com\/KapitalisInfo\/\" \/>\n<meta property=\"article:published_time\" content=\"2025-03-17T09:23:44+00:00\" \/>\n<meta property=\"article:modified_time\" content=\"2025-03-17T09:31:59+00:00\" \/>\n<meta property=\"og:image\" content=\"https:\/\/kapitalis.com\/tunisie\/wp-content\/uploads\/2025\/03\/Musee-du-Bardo-Deesses-antiques.jpg\" \/>\n\t<meta property=\"og:image:width\" content=\"1200\" \/>\n\t<meta property=\"og:image:height\" content=\"630\" \/>\n\t<meta property=\"og:image:type\" content=\"image\/jpeg\" \/>\n<meta name=\"author\" content=\"webmaster kapitalis\" \/>\n<meta name=\"twitter:card\" content=\"summary_large_image\" \/>\n<meta name=\"twitter:creator\" content=\"@KapitalisInfo\" \/>\n<meta name=\"twitter:site\" content=\"@KapitalisInfo\" \/>\n<meta name=\"twitter:label1\" content=\"\u00c9crit par\" \/>\n\t<meta name=\"twitter:data1\" content=\"webmaster kapitalis\" \/>\n\t<meta name=\"twitter:label2\" content=\"Dur\u00e9e de lecture estim\u00e9e\" \/>\n\t<meta name=\"twitter:data2\" content=\"3 minutes\" \/>\n<script type=\"application\/ld+json\" class=\"yoast-schema-graph\">{\"@context\":\"https:\/\/schema.org\",\"@graph\":[{\"@type\":\"Article\",\"@id\":\"https:\/\/kapitalis.com\/tunisie\/2025\/03\/17\/musee-du-bardo-les-deesses-antiques-entre-mythologie-art-et-memoire\/#article\",\"isPartOf\":{\"@id\":\"https:\/\/kapitalis.com\/tunisie\/2025\/03\/17\/musee-du-bardo-les-deesses-antiques-entre-mythologie-art-et-memoire\/\"},\"author\":{\"name\":\"webmaster kapitalis\",\"@id\":\"https:\/\/kapitalis.com\/tunisie\/#\/schema\/person\/d71f33a9ca44f7bad4698210b480c8e9\"},\"headline\":\"Mus\u00e9e du Bardo\u00a0| Les d\u00e9esses antiques entre mythologie, art et m\u00e9moire\",\"datePublished\":\"2025-03-17T09:23:44+00:00\",\"dateModified\":\"2025-03-17T09:31:59+00:00\",\"mainEntityOfPage\":{\"@id\":\"https:\/\/kapitalis.com\/tunisie\/2025\/03\/17\/musee-du-bardo-les-deesses-antiques-entre-mythologie-art-et-memoire\/\"},\"wordCount\":618,\"commentCount\":0,\"publisher\":{\"@id\":\"https:\/\/kapitalis.com\/tunisie\/#organization\"},\"image\":{\"@id\":\"https:\/\/kapitalis.com\/tunisie\/2025\/03\/17\/musee-du-bardo-les-deesses-antiques-entre-mythologie-art-et-memoire\/#primaryimage\"},\"thumbnailUrl\":\"https:\/\/kapitalis.com\/tunisie\/wp-content\/uploads\/2025\/03\/Musee-du-Bardo-Deesses-antiques.jpg\",\"keywords\":[\"arch\u00e9ologie\",\"Fatma Ben Abdallah\",\"Hajer Krimi\",\"Leila Daami\",\"m\u00e9moire\",\"mode\",\"Mus\u00e9e du Bardo\",\"mythologie\",\"Yasmine Azaiez\"],\"articleSection\":[\"CULTURE\",\"Tunisie\"],\"inLanguage\":\"fr-FR\",\"potentialAction\":[{\"@type\":\"CommentAction\",\"name\":\"Comment\",\"target\":[\"https:\/\/kapitalis.com\/tunisie\/2025\/03\/17\/musee-du-bardo-les-deesses-antiques-entre-mythologie-art-et-memoire\/#respond\"]}]},{\"@type\":\"WebPage\",\"@id\":\"https:\/\/kapitalis.com\/tunisie\/2025\/03\/17\/musee-du-bardo-les-deesses-antiques-entre-mythologie-art-et-memoire\/\",\"url\":\"https:\/\/kapitalis.com\/tunisie\/2025\/03\/17\/musee-du-bardo-les-deesses-antiques-entre-mythologie-art-et-memoire\/\",\"name\":\"Mus\u00e9e du Bardo\u00a0| Les d\u00e9esses antiques entre mythologie, art et m\u00e9moire - Kapitalis\",\"isPartOf\":{\"@id\":\"https:\/\/kapitalis.com\/tunisie\/#website\"},\"primaryImageOfPage\":{\"@id\":\"https:\/\/kapitalis.com\/tunisie\/2025\/03\/17\/musee-du-bardo-les-deesses-antiques-entre-mythologie-art-et-memoire\/#primaryimage\"},\"image\":{\"@id\":\"https:\/\/kapitalis.com\/tunisie\/2025\/03\/17\/musee-du-bardo-les-deesses-antiques-entre-mythologie-art-et-memoire\/#primaryimage\"},\"thumbnailUrl\":\"https:\/\/kapitalis.com\/tunisie\/wp-content\/uploads\/2025\/03\/Musee-du-Bardo-Deesses-antiques.jpg\",\"datePublished\":\"2025-03-17T09:23:44+00:00\",\"dateModified\":\"2025-03-17T09:31:59+00:00\",\"breadcrumb\":{\"@id\":\"https:\/\/kapitalis.com\/tunisie\/2025\/03\/17\/musee-du-bardo-les-deesses-antiques-entre-mythologie-art-et-memoire\/#breadcrumb\"},\"inLanguage\":\"fr-FR\",\"potentialAction\":[{\"@type\":\"ReadAction\",\"target\":[\"https:\/\/kapitalis.com\/tunisie\/2025\/03\/17\/musee-du-bardo-les-deesses-antiques-entre-mythologie-art-et-memoire\/\"]}]},{\"@type\":\"ImageObject\",\"inLanguage\":\"fr-FR\",\"@id\":\"https:\/\/kapitalis.com\/tunisie\/2025\/03\/17\/musee-du-bardo-les-deesses-antiques-entre-mythologie-art-et-memoire\/#primaryimage\",\"url\":\"https:\/\/kapitalis.com\/tunisie\/wp-content\/uploads\/2025\/03\/Musee-du-Bardo-Deesses-antiques.jpg\",\"contentUrl\":\"https:\/\/kapitalis.com\/tunisie\/wp-content\/uploads\/2025\/03\/Musee-du-Bardo-Deesses-antiques.jpg\",\"width\":1200,\"height\":630},{\"@type\":\"BreadcrumbList\",\"@id\":\"https:\/\/kapitalis.com\/tunisie\/2025\/03\/17\/musee-du-bardo-les-deesses-antiques-entre-mythologie-art-et-memoire\/#breadcrumb\",\"itemListElement\":[{\"@type\":\"ListItem\",\"position\":1,\"name\":\"Accueil\",\"item\":\"https:\/\/kapitalis.com\/tunisie\/\"},{\"@type\":\"ListItem\",\"position\":2,\"name\":\"Mus\u00e9e du Bardo\u00a0| Les d\u00e9esses antiques entre mythologie, art et m\u00e9moire\"}]},{\"@type\":\"WebSite\",\"@id\":\"https:\/\/kapitalis.com\/tunisie\/#website\",\"url\":\"https:\/\/kapitalis.com\/tunisie\/\",\"name\":\"Kapitalis\",\"description\":\"L&#039;actualit\u00e9 en Tunisie et dans le monde\",\"publisher\":{\"@id\":\"https:\/\/kapitalis.com\/tunisie\/#organization\"},\"potentialAction\":[{\"@type\":\"SearchAction\",\"target\":{\"@type\":\"EntryPoint\",\"urlTemplate\":\"https:\/\/kapitalis.com\/tunisie\/?s={search_term_string}\"},\"query-input\":{\"@type\":\"PropertyValueSpecification\",\"valueRequired\":true,\"valueName\":\"search_term_string\"}}],\"inLanguage\":\"fr-FR\"},{\"@type\":\"Organization\",\"@id\":\"https:\/\/kapitalis.com\/tunisie\/#organization\",\"name\":\"Kapitalis\",\"url\":\"https:\/\/kapitalis.com\/tunisie\/\",\"logo\":{\"@type\":\"ImageObject\",\"inLanguage\":\"fr-FR\",\"@id\":\"https:\/\/kapitalis.com\/tunisie\/#\/schema\/logo\/image\/\",\"url\":\"https:\/\/kapitalis.com\/tunisie\/wp-content\/uploads\/2022\/05\/Kapitalis-big-size.png\",\"contentUrl\":\"https:\/\/kapitalis.com\/tunisie\/wp-content\/uploads\/2022\/05\/Kapitalis-big-size.png\",\"width\":5000,\"height\":1500,\"caption\":\"Kapitalis\"},\"image\":{\"@id\":\"https:\/\/kapitalis.com\/tunisie\/#\/schema\/logo\/image\/\"},\"sameAs\":[\"https:\/\/www.facebook.com\/KapitalisInfo\/\",\"https:\/\/x.com\/KapitalisInfo\",\"https:\/\/www.youtube.com\/channel\/UC-yDYrHyfFBWWZaOw3FPg9Q\"]},{\"@type\":\"Person\",\"@id\":\"https:\/\/kapitalis.com\/tunisie\/#\/schema\/person\/d71f33a9ca44f7bad4698210b480c8e9\",\"name\":\"webmaster kapitalis\",\"url\":\"https:\/\/kapitalis.com\/tunisie\/author\/webmaster-kapitalis\/\"}]}<\/script>\n<!-- \/ Yoast SEO plugin. -->","yoast_head_json":{"title":"Mus\u00e9e du Bardo\u00a0| Les d\u00e9esses antiques entre mythologie, art et m\u00e9moire - Kapitalis","robots":{"index":"index","follow":"follow","max-snippet":"max-snippet:-1","max-image-preview":"max-image-preview:large","max-video-preview":"max-video-preview:-1"},"canonical":"https:\/\/kapitalis.com\/tunisie\/2025\/03\/17\/musee-du-bardo-les-deesses-antiques-entre-mythologie-art-et-memoire\/","og_locale":"fr_FR","og_type":"article","og_title":"Mus\u00e9e du Bardo\u00a0| Les d\u00e9esses antiques entre mythologie, art et m\u00e9moire - Kapitalis","og_description":"Exposition artistique consacr\u00e9e aux figures f\u00e9minines mythologiques Mus\u00e9e du Bardo.","og_url":"https:\/\/kapitalis.com\/tunisie\/2025\/03\/17\/musee-du-bardo-les-deesses-antiques-entre-mythologie-art-et-memoire\/","og_site_name":"Kapitalis","article_publisher":"https:\/\/www.facebook.com\/KapitalisInfo\/","article_published_time":"2025-03-17T09:23:44+00:00","article_modified_time":"2025-03-17T09:31:59+00:00","og_image":[{"width":1200,"height":630,"url":"https:\/\/kapitalis.com\/tunisie\/wp-content\/uploads\/2025\/03\/Musee-du-Bardo-Deesses-antiques.jpg","type":"image\/jpeg"}],"author":"webmaster kapitalis","twitter_card":"summary_large_image","twitter_creator":"@KapitalisInfo","twitter_site":"@KapitalisInfo","twitter_misc":{"\u00c9crit par":"webmaster kapitalis","Dur\u00e9e de lecture estim\u00e9e":"3 minutes"},"schema":{"@context":"https:\/\/schema.org","@graph":[{"@type":"Article","@id":"https:\/\/kapitalis.com\/tunisie\/2025\/03\/17\/musee-du-bardo-les-deesses-antiques-entre-mythologie-art-et-memoire\/#article","isPartOf":{"@id":"https:\/\/kapitalis.com\/tunisie\/2025\/03\/17\/musee-du-bardo-les-deesses-antiques-entre-mythologie-art-et-memoire\/"},"author":{"name":"webmaster kapitalis","@id":"https:\/\/kapitalis.com\/tunisie\/#\/schema\/person\/d71f33a9ca44f7bad4698210b480c8e9"},"headline":"Mus\u00e9e du Bardo\u00a0| Les d\u00e9esses antiques entre mythologie, art et m\u00e9moire","datePublished":"2025-03-17T09:23:44+00:00","dateModified":"2025-03-17T09:31:59+00:00","mainEntityOfPage":{"@id":"https:\/\/kapitalis.com\/tunisie\/2025\/03\/17\/musee-du-bardo-les-deesses-antiques-entre-mythologie-art-et-memoire\/"},"wordCount":618,"commentCount":0,"publisher":{"@id":"https:\/\/kapitalis.com\/tunisie\/#organization"},"image":{"@id":"https:\/\/kapitalis.com\/tunisie\/2025\/03\/17\/musee-du-bardo-les-deesses-antiques-entre-mythologie-art-et-memoire\/#primaryimage"},"thumbnailUrl":"https:\/\/kapitalis.com\/tunisie\/wp-content\/uploads\/2025\/03\/Musee-du-Bardo-Deesses-antiques.jpg","keywords":["arch\u00e9ologie","Fatma Ben Abdallah","Hajer Krimi","Leila Daami","m\u00e9moire","mode","Mus\u00e9e du Bardo","mythologie","Yasmine Azaiez"],"articleSection":["CULTURE","Tunisie"],"inLanguage":"fr-FR","potentialAction":[{"@type":"CommentAction","name":"Comment","target":["https:\/\/kapitalis.com\/tunisie\/2025\/03\/17\/musee-du-bardo-les-deesses-antiques-entre-mythologie-art-et-memoire\/#respond"]}]},{"@type":"WebPage","@id":"https:\/\/kapitalis.com\/tunisie\/2025\/03\/17\/musee-du-bardo-les-deesses-antiques-entre-mythologie-art-et-memoire\/","url":"https:\/\/kapitalis.com\/tunisie\/2025\/03\/17\/musee-du-bardo-les-deesses-antiques-entre-mythologie-art-et-memoire\/","name":"Mus\u00e9e du Bardo\u00a0| Les d\u00e9esses antiques entre mythologie, art et m\u00e9moire - Kapitalis","isPartOf":{"@id":"https:\/\/kapitalis.com\/tunisie\/#website"},"primaryImageOfPage":{"@id":"https:\/\/kapitalis.com\/tunisie\/2025\/03\/17\/musee-du-bardo-les-deesses-antiques-entre-mythologie-art-et-memoire\/#primaryimage"},"image":{"@id":"https:\/\/kapitalis.com\/tunisie\/2025\/03\/17\/musee-du-bardo-les-deesses-antiques-entre-mythologie-art-et-memoire\/#primaryimage"},"thumbnailUrl":"https:\/\/kapitalis.com\/tunisie\/wp-content\/uploads\/2025\/03\/Musee-du-Bardo-Deesses-antiques.jpg","datePublished":"2025-03-17T09:23:44+00:00","dateModified":"2025-03-17T09:31:59+00:00","breadcrumb":{"@id":"https:\/\/kapitalis.com\/tunisie\/2025\/03\/17\/musee-du-bardo-les-deesses-antiques-entre-mythologie-art-et-memoire\/#breadcrumb"},"inLanguage":"fr-FR","potentialAction":[{"@type":"ReadAction","target":["https:\/\/kapitalis.com\/tunisie\/2025\/03\/17\/musee-du-bardo-les-deesses-antiques-entre-mythologie-art-et-memoire\/"]}]},{"@type":"ImageObject","inLanguage":"fr-FR","@id":"https:\/\/kapitalis.com\/tunisie\/2025\/03\/17\/musee-du-bardo-les-deesses-antiques-entre-mythologie-art-et-memoire\/#primaryimage","url":"https:\/\/kapitalis.com\/tunisie\/wp-content\/uploads\/2025\/03\/Musee-du-Bardo-Deesses-antiques.jpg","contentUrl":"https:\/\/kapitalis.com\/tunisie\/wp-content\/uploads\/2025\/03\/Musee-du-Bardo-Deesses-antiques.jpg","width":1200,"height":630},{"@type":"BreadcrumbList","@id":"https:\/\/kapitalis.com\/tunisie\/2025\/03\/17\/musee-du-bardo-les-deesses-antiques-entre-mythologie-art-et-memoire\/#breadcrumb","itemListElement":[{"@type":"ListItem","position":1,"name":"Accueil","item":"https:\/\/kapitalis.com\/tunisie\/"},{"@type":"ListItem","position":2,"name":"Mus\u00e9e du Bardo\u00a0| Les d\u00e9esses antiques entre mythologie, art et m\u00e9moire"}]},{"@type":"WebSite","@id":"https:\/\/kapitalis.com\/tunisie\/#website","url":"https:\/\/kapitalis.com\/tunisie\/","name":"Kapitalis","description":"L&#039;actualit\u00e9 en Tunisie et dans le monde","publisher":{"@id":"https:\/\/kapitalis.com\/tunisie\/#organization"},"potentialAction":[{"@type":"SearchAction","target":{"@type":"EntryPoint","urlTemplate":"https:\/\/kapitalis.com\/tunisie\/?s={search_term_string}"},"query-input":{"@type":"PropertyValueSpecification","valueRequired":true,"valueName":"search_term_string"}}],"inLanguage":"fr-FR"},{"@type":"Organization","@id":"https:\/\/kapitalis.com\/tunisie\/#organization","name":"Kapitalis","url":"https:\/\/kapitalis.com\/tunisie\/","logo":{"@type":"ImageObject","inLanguage":"fr-FR","@id":"https:\/\/kapitalis.com\/tunisie\/#\/schema\/logo\/image\/","url":"https:\/\/kapitalis.com\/tunisie\/wp-content\/uploads\/2022\/05\/Kapitalis-big-size.png","contentUrl":"https:\/\/kapitalis.com\/tunisie\/wp-content\/uploads\/2022\/05\/Kapitalis-big-size.png","width":5000,"height":1500,"caption":"Kapitalis"},"image":{"@id":"https:\/\/kapitalis.com\/tunisie\/#\/schema\/logo\/image\/"},"sameAs":["https:\/\/www.facebook.com\/KapitalisInfo\/","https:\/\/x.com\/KapitalisInfo","https:\/\/www.youtube.com\/channel\/UC-yDYrHyfFBWWZaOw3FPg9Q"]},{"@type":"Person","@id":"https:\/\/kapitalis.com\/tunisie\/#\/schema\/person\/d71f33a9ca44f7bad4698210b480c8e9","name":"webmaster kapitalis","url":"https:\/\/kapitalis.com\/tunisie\/author\/webmaster-kapitalis\/"}]}},"_links":{"self":[{"href":"https:\/\/kapitalis.com\/tunisie\/wp-json\/wp\/v2\/posts\/15913147","targetHints":{"allow":["GET"]}}],"collection":[{"href":"https:\/\/kapitalis.com\/tunisie\/wp-json\/wp\/v2\/posts"}],"about":[{"href":"https:\/\/kapitalis.com\/tunisie\/wp-json\/wp\/v2\/types\/post"}],"author":[{"embeddable":true,"href":"https:\/\/kapitalis.com\/tunisie\/wp-json\/wp\/v2\/users\/8"}],"replies":[{"embeddable":true,"href":"https:\/\/kapitalis.com\/tunisie\/wp-json\/wp\/v2\/comments?post=15913147"}],"version-history":[{"count":2,"href":"https:\/\/kapitalis.com\/tunisie\/wp-json\/wp\/v2\/posts\/15913147\/revisions"}],"predecessor-version":[{"id":15913382,"href":"https:\/\/kapitalis.com\/tunisie\/wp-json\/wp\/v2\/posts\/15913147\/revisions\/15913382"}],"wp:featuredmedia":[{"embeddable":true,"href":"https:\/\/kapitalis.com\/tunisie\/wp-json\/wp\/v2\/media\/15913206"}],"wp:attachment":[{"href":"https:\/\/kapitalis.com\/tunisie\/wp-json\/wp\/v2\/media?parent=15913147"}],"wp:term":[{"taxonomy":"category","embeddable":true,"href":"https:\/\/kapitalis.com\/tunisie\/wp-json\/wp\/v2\/categories?post=15913147"},{"taxonomy":"post_tag","embeddable":true,"href":"https:\/\/kapitalis.com\/tunisie\/wp-json\/wp\/v2\/tags?post=15913147"}],"curies":[{"name":"wp","href":"https:\/\/api.w.org\/{rel}","templated":true}]}}