{"id":15914000,"date":"2025-03-17T11:15:05","date_gmt":"2025-03-17T10:15:05","guid":{"rendered":"https:\/\/kapitalis.com\/tunisie\/?p=15914000"},"modified":"2025-03-17T11:15:07","modified_gmt":"2025-03-17T10:15:07","slug":"la-ltdh-denonce-les-violences-contre-les-migrants-subsahariens-en-tunisie","status":"publish","type":"post","link":"https:\/\/kapitalis.com\/tunisie\/2025\/03\/17\/la-ltdh-denonce-les-violences-contre-les-migrants-subsahariens-en-tunisie\/","title":{"rendered":"La LTDH d\u00e9nonce les violences contre les migrants subsahariens en Tunisie"},"content":{"rendered":"\n<p><strong><em>La Ligue tunisienne de d\u00e9fense des droits de l<\/em><\/strong><strong><em>\u2019<\/em><\/strong><strong><em>homme (LTDH) exprime sa profonde pr\u00e9occupation face \u00e0 la grave d\u00e9t\u00e9rioration de la situation des migrants subsahariens en Tunisie.<\/em><\/strong><\/p>\n\n\n\n<!--more-->\n\n\n\n<p><em>\u00abVictimes d<\/em><em>\u2019<\/em><em>agressions et de violations de leurs droits, ils se retrouvent dans une situation de plus en plus pr\u00e9caire, expos\u00e9s \u00e0 des violences qui menacent leur dignit\u00e9 et leur s\u00e9curit\u00e9\u00bb<\/em>, \u00e9crit la LTDH dans un communiqu\u00e9 note, d\u00e9non\u00e7ant <em>\u00abune gestion chaotique de la crise migratoire qui ne cesse d<\/em><em>\u2019<\/em><em>exacerber les tensions \u00e9conomiques et sociales, touchant aussi bien les migrants que les Tunisiens, notamment les populations vuln\u00e9rables\u00bb<\/em>.<\/p>\n\n\n\n<p>La Ligue met en avant la situation \u00e0 El-Amra, dans le gouvernorat de Sfax, <em>\u00abo\u00f9 les habitants sont priv\u00e9s du droit de cultiver leurs terres, cons\u00e9quence directe d<\/em><em>\u2019<\/em><em>une gestion inefficace de la question migratoire\u00bb<\/em>.<\/p>\n\n\n\n<p>Tout en reconnaissant les d\u00e9fis pos\u00e9s par l\u2019afflux massif de migrants, la LRDH <em>\u00abrejette fermement toute r\u00e9ponse s\u00e9curitaire r\u00e9pressive ou discours raciste qui agit comme une soupape de s\u00e9curit\u00e9 \u00e0 une crise mal g\u00e9r\u00e9e\u00bb<\/em>, soulignant la n\u00e9cessit\u00e9 d\u2019adopter des politiques inclusives, respectueuses des engagements internationaux de la Tunisie, pour pr\u00e9server la coh\u00e9sion sociale et garantir la protection des droits fondamentaux pour tous.<\/p>\n\n\n\n<p>Enfin, la Ligue formule des appels \u00e0 <em>\u00abla fin imm\u00e9diate de toutes les formes de violences, d<\/em><em>\u2019<\/em><em>abus et de pratiques discriminatoires \u00e0 l<\/em><em>\u2019<\/em><em>\u00e9gard des migrants, \u00e0 la pleine prise en charge par les autorit\u00e9s tunisiennes des mauvais choix dans la gestion de la question migratoire, qui ont contribu\u00e9 \u00e0 l<\/em><em>\u2019<\/em><em>aggravation de la crise et \u00e0 la mise en \u0153uvre de politiques migratoires humaines et \u00e9quitables, qui concilient le respect des droits des migrants avec les imp\u00e9ratifs \u00e9conomiques et sociaux du pays, et \u00e0 renforcer la coordination entre l<\/em><em>\u2019<\/em><em>Etat et la soci\u00e9t\u00e9 civile pour aborder la question migratoire sans recourir \u00e0 aux discours haineux et discriminatoires, qui ne font qu<\/em><em>\u2019<\/em><em>alimenter les tensions.\u00bb<\/em><\/p>\n\n\n\n<p>La LTDH exprime \u00e9galement <em>\u00abune ferme condamnation du racisme institutionnel et des discours stigmatisants \u00e9manant de certains dirigeants politiques, notamment des parlementaires, jug\u00e9s contraires aux principes d\u00e9mocratiques et aux droits de l&rsquo;homme\u00bb<\/em>.<\/p>\n\n\n\n<p>Dans son communiqu\u00e9, la Ligue r\u00e9it\u00e8re l\u2019importance du respect des droits fondamentaux sans aucune distinction, exhortant les autorit\u00e9s \u00e0 adopter des politiques migratoires responsables, conjuguant la protection des droits de l\u2019homme avec la n\u00e9cessit\u00e9 de maintenir la stabilit\u00e9 \u00e9conomique et sociale, et met en garde contre toute exploitation populiste ou rh\u00e9torique incitant \u00e0 la haine raciale.<\/p>\n\n\n\n<p>Le communiqu\u00e9 intervient dans un contexte de tensions croissantes li\u00e9es \u00e0 la gestion des flux migratoires dans le pays, avec des milliers de personnes originaires d\u2019Afrique subsaharienne transitant ou s\u2019installant en Tunisie, notamment dans le gouvernorat de Sfax, souvent dans des conditions pr\u00e9caires.<\/p>\n\n\n\n<figure class=\"wp-block-gallery aligncenter has-nested-images columns-default is-cropped wp-block-gallery-1 is-layout-flex wp-block-gallery-is-layout-flex\">\n<figure class=\"wp-block-image size-large\"><img loading=\"lazy\" decoding=\"async\" width=\"724\" height=\"1024\" data-id=\"15914117\" src=\"https:\/\/kapitalis.com\/tunisie\/wp-content\/uploads\/2025\/03\/LTDH-1-724x1024.jpg\" alt=\"\" class=\"wp-image-15914117\" srcset=\"https:\/\/kapitalis.com\/tunisie\/wp-content\/uploads\/2025\/03\/LTDH-1-724x1024.jpg 724w, https:\/\/kapitalis.com\/tunisie\/wp-content\/uploads\/2025\/03\/LTDH-1-212x300.jpg 212w, https:\/\/kapitalis.com\/tunisie\/wp-content\/uploads\/2025\/03\/LTDH-1-768x1086.jpg 768w, https:\/\/kapitalis.com\/tunisie\/wp-content\/uploads\/2025\/03\/LTDH-1-1086x1536.jpg 1086w, https:\/\/kapitalis.com\/tunisie\/wp-content\/uploads\/2025\/03\/LTDH-1-580x820.jpg 580w, https:\/\/kapitalis.com\/tunisie\/wp-content\/uploads\/2025\/03\/LTDH-1-860x1216.jpg 860w, https:\/\/kapitalis.com\/tunisie\/wp-content\/uploads\/2025\/03\/LTDH-1-1160x1641.jpg 1160w, https:\/\/kapitalis.com\/tunisie\/wp-content\/uploads\/2025\/03\/LTDH-1.jpg 1414w\" sizes=\"auto, (max-width: 724px) 100vw, 724px\" \/><\/figure>\n\n\n\n<figure class=\"wp-block-image size-large\"><img loading=\"lazy\" decoding=\"async\" width=\"724\" height=\"1024\" data-id=\"15914116\" src=\"https:\/\/kapitalis.com\/tunisie\/wp-content\/uploads\/2025\/03\/LTDH2-724x1024.jpg\" alt=\"\" class=\"wp-image-15914116\" srcset=\"https:\/\/kapitalis.com\/tunisie\/wp-content\/uploads\/2025\/03\/LTDH2-724x1024.jpg 724w, https:\/\/kapitalis.com\/tunisie\/wp-content\/uploads\/2025\/03\/LTDH2-212x300.jpg 212w, https:\/\/kapitalis.com\/tunisie\/wp-content\/uploads\/2025\/03\/LTDH2-768x1086.jpg 768w, https:\/\/kapitalis.com\/tunisie\/wp-content\/uploads\/2025\/03\/LTDH2-1086x1536.jpg 1086w, https:\/\/kapitalis.com\/tunisie\/wp-content\/uploads\/2025\/03\/LTDH2-580x820.jpg 580w, https:\/\/kapitalis.com\/tunisie\/wp-content\/uploads\/2025\/03\/LTDH2-860x1216.jpg 860w, https:\/\/kapitalis.com\/tunisie\/wp-content\/uploads\/2025\/03\/LTDH2-1160x1641.jpg 1160w, https:\/\/kapitalis.com\/tunisie\/wp-content\/uploads\/2025\/03\/LTDH2.jpg 1414w\" sizes=\"auto, (max-width: 724px) 100vw, 724px\" \/><\/figure>\n<\/figure>\n\n\n\n<p><\/p>\n","protected":false},"excerpt":{"rendered":"<p>La LTDH exprime sa profonde pr\u00e9occupation face \u00e0 la grave d\u00e9t\u00e9rioration de la situation des migrants subsahariens en Tunisie.<\/p>\n","protected":false},"author":8,"featured_media":15914221,"comment_status":"open","ping_status":"open","sticky":false,"template":"","format":"standard","meta":{"footnotes":""},"categories":[997,998,2433],"tags":[8124,106848,110725,3137,3145,823,62643],"class_list":["post-15914000","post","type-post","status-publish","format-standard","has-post-thumbnail","hentry","category-politique","category-societe","category-tunisie","tag-afrique-subsaharienne","tag-discours-raciste","tag-el-amra","tag-ltdh","tag-migrants","tag-sfax","tag-tunisie"],"yoast_head":"<!-- This site is optimized with the Yoast SEO plugin v26.6 - https:\/\/yoast.com\/wordpress\/plugins\/seo\/ -->\n<title>La LTDH d\u00e9nonce les violences contre les migrants subsahariens en Tunisie - Kapitalis<\/title>\n<meta name=\"robots\" content=\"index, follow, max-snippet:-1, max-image-preview:large, max-video-preview:-1\" \/>\n<link rel=\"canonical\" href=\"https:\/\/kapitalis.com\/tunisie\/2025\/03\/17\/la-ltdh-denonce-les-violences-contre-les-migrants-subsahariens-en-tunisie\/\" \/>\n<meta property=\"og:locale\" content=\"fr_FR\" \/>\n<meta property=\"og:type\" content=\"article\" \/>\n<meta property=\"og:title\" content=\"La LTDH d\u00e9nonce les violences contre les migrants subsahariens en Tunisie - Kapitalis\" \/>\n<meta property=\"og:description\" content=\"La LTDH exprime sa profonde pr\u00e9occupation face \u00e0 la grave d\u00e9t\u00e9rioration de la situation des migrants subsahariens en Tunisie.\" \/>\n<meta property=\"og:url\" content=\"https:\/\/kapitalis.com\/tunisie\/2025\/03\/17\/la-ltdh-denonce-les-violences-contre-les-migrants-subsahariens-en-tunisie\/\" \/>\n<meta property=\"og:site_name\" content=\"Kapitalis\" \/>\n<meta property=\"article:publisher\" content=\"https:\/\/www.facebook.com\/KapitalisInfo\/\" \/>\n<meta property=\"article:published_time\" content=\"2025-03-17T10:15:05+00:00\" \/>\n<meta property=\"article:modified_time\" content=\"2025-03-17T10:15:07+00:00\" \/>\n<meta property=\"og:image\" content=\"https:\/\/kapitalis.com\/tunisie\/wp-content\/uploads\/2025\/03\/LTDH-Migrants.jpg\" \/>\n\t<meta property=\"og:image:width\" content=\"1200\" \/>\n\t<meta property=\"og:image:height\" content=\"630\" \/>\n\t<meta property=\"og:image:type\" content=\"image\/jpeg\" \/>\n<meta name=\"author\" content=\"webmaster kapitalis\" \/>\n<meta name=\"twitter:card\" content=\"summary_large_image\" \/>\n<meta name=\"twitter:creator\" content=\"@KapitalisInfo\" \/>\n<meta name=\"twitter:site\" content=\"@KapitalisInfo\" \/>\n<meta name=\"twitter:label1\" content=\"\u00c9crit par\" \/>\n\t<meta name=\"twitter:data1\" content=\"webmaster kapitalis\" \/>\n\t<meta name=\"twitter:label2\" content=\"Dur\u00e9e de lecture estim\u00e9e\" \/>\n\t<meta name=\"twitter:data2\" content=\"3 minutes\" \/>\n<script type=\"application\/ld+json\" class=\"yoast-schema-graph\">{\"@context\":\"https:\/\/schema.org\",\"@graph\":[{\"@type\":\"Article\",\"@id\":\"https:\/\/kapitalis.com\/tunisie\/2025\/03\/17\/la-ltdh-denonce-les-violences-contre-les-migrants-subsahariens-en-tunisie\/#article\",\"isPartOf\":{\"@id\":\"https:\/\/kapitalis.com\/tunisie\/2025\/03\/17\/la-ltdh-denonce-les-violences-contre-les-migrants-subsahariens-en-tunisie\/\"},\"author\":{\"name\":\"webmaster kapitalis\",\"@id\":\"https:\/\/kapitalis.com\/tunisie\/#\/schema\/person\/d71f33a9ca44f7bad4698210b480c8e9\"},\"headline\":\"La LTDH d\u00e9nonce les violences contre les migrants subsahariens en Tunisie\",\"datePublished\":\"2025-03-17T10:15:05+00:00\",\"dateModified\":\"2025-03-17T10:15:07+00:00\",\"mainEntityOfPage\":{\"@id\":\"https:\/\/kapitalis.com\/tunisie\/2025\/03\/17\/la-ltdh-denonce-les-violences-contre-les-migrants-subsahariens-en-tunisie\/\"},\"wordCount\":480,\"commentCount\":1,\"publisher\":{\"@id\":\"https:\/\/kapitalis.com\/tunisie\/#organization\"},\"image\":{\"@id\":\"https:\/\/kapitalis.com\/tunisie\/2025\/03\/17\/la-ltdh-denonce-les-violences-contre-les-migrants-subsahariens-en-tunisie\/#primaryimage\"},\"thumbnailUrl\":\"https:\/\/kapitalis.com\/tunisie\/wp-content\/uploads\/2025\/03\/LTDH-Migrants.jpg\",\"keywords\":[\"afrique subsaharienne\",\"discours raciste\",\"El-Amra\",\"LTDH\",\"migrants\",\"Sfax\",\"Tunisie\"],\"articleSection\":[\"POLITIQUE\",\"SOCIETE\",\"Tunisie\"],\"inLanguage\":\"fr-FR\",\"potentialAction\":[{\"@type\":\"CommentAction\",\"name\":\"Comment\",\"target\":[\"https:\/\/kapitalis.com\/tunisie\/2025\/03\/17\/la-ltdh-denonce-les-violences-contre-les-migrants-subsahariens-en-tunisie\/#respond\"]}]},{\"@type\":\"WebPage\",\"@id\":\"https:\/\/kapitalis.com\/tunisie\/2025\/03\/17\/la-ltdh-denonce-les-violences-contre-les-migrants-subsahariens-en-tunisie\/\",\"url\":\"https:\/\/kapitalis.com\/tunisie\/2025\/03\/17\/la-ltdh-denonce-les-violences-contre-les-migrants-subsahariens-en-tunisie\/\",\"name\":\"La LTDH d\u00e9nonce les violences contre les migrants subsahariens en Tunisie - Kapitalis\",\"isPartOf\":{\"@id\":\"https:\/\/kapitalis.com\/tunisie\/#website\"},\"primaryImageOfPage\":{\"@id\":\"https:\/\/kapitalis.com\/tunisie\/2025\/03\/17\/la-ltdh-denonce-les-violences-contre-les-migrants-subsahariens-en-tunisie\/#primaryimage\"},\"image\":{\"@id\":\"https:\/\/kapitalis.com\/tunisie\/2025\/03\/17\/la-ltdh-denonce-les-violences-contre-les-migrants-subsahariens-en-tunisie\/#primaryimage\"},\"thumbnailUrl\":\"https:\/\/kapitalis.com\/tunisie\/wp-content\/uploads\/2025\/03\/LTDH-Migrants.jpg\",\"datePublished\":\"2025-03-17T10:15:05+00:00\",\"dateModified\":\"2025-03-17T10:15:07+00:00\",\"breadcrumb\":{\"@id\":\"https:\/\/kapitalis.com\/tunisie\/2025\/03\/17\/la-ltdh-denonce-les-violences-contre-les-migrants-subsahariens-en-tunisie\/#breadcrumb\"},\"inLanguage\":\"fr-FR\",\"potentialAction\":[{\"@type\":\"ReadAction\",\"target\":[\"https:\/\/kapitalis.com\/tunisie\/2025\/03\/17\/la-ltdh-denonce-les-violences-contre-les-migrants-subsahariens-en-tunisie\/\"]}]},{\"@type\":\"ImageObject\",\"inLanguage\":\"fr-FR\",\"@id\":\"https:\/\/kapitalis.com\/tunisie\/2025\/03\/17\/la-ltdh-denonce-les-violences-contre-les-migrants-subsahariens-en-tunisie\/#primaryimage\",\"url\":\"https:\/\/kapitalis.com\/tunisie\/wp-content\/uploads\/2025\/03\/LTDH-Migrants.jpg\",\"contentUrl\":\"https:\/\/kapitalis.com\/tunisie\/wp-content\/uploads\/2025\/03\/LTDH-Migrants.jpg\",\"width\":1200,\"height\":630},{\"@type\":\"BreadcrumbList\",\"@id\":\"https:\/\/kapitalis.com\/tunisie\/2025\/03\/17\/la-ltdh-denonce-les-violences-contre-les-migrants-subsahariens-en-tunisie\/#breadcrumb\",\"itemListElement\":[{\"@type\":\"ListItem\",\"position\":1,\"name\":\"Accueil\",\"item\":\"https:\/\/kapitalis.com\/tunisie\/\"},{\"@type\":\"ListItem\",\"position\":2,\"name\":\"La LTDH d\u00e9nonce les violences contre les migrants subsahariens en Tunisie\"}]},{\"@type\":\"WebSite\",\"@id\":\"https:\/\/kapitalis.com\/tunisie\/#website\",\"url\":\"https:\/\/kapitalis.com\/tunisie\/\",\"name\":\"Kapitalis\",\"description\":\"L&#039;actualit\u00e9 en Tunisie et dans le monde\",\"publisher\":{\"@id\":\"https:\/\/kapitalis.com\/tunisie\/#organization\"},\"potentialAction\":[{\"@type\":\"SearchAction\",\"target\":{\"@type\":\"EntryPoint\",\"urlTemplate\":\"https:\/\/kapitalis.com\/tunisie\/?s={search_term_string}\"},\"query-input\":{\"@type\":\"PropertyValueSpecification\",\"valueRequired\":true,\"valueName\":\"search_term_string\"}}],\"inLanguage\":\"fr-FR\"},{\"@type\":\"Organization\",\"@id\":\"https:\/\/kapitalis.com\/tunisie\/#organization\",\"name\":\"Kapitalis\",\"url\":\"https:\/\/kapitalis.com\/tunisie\/\",\"logo\":{\"@type\":\"ImageObject\",\"inLanguage\":\"fr-FR\",\"@id\":\"https:\/\/kapitalis.com\/tunisie\/#\/schema\/logo\/image\/\",\"url\":\"https:\/\/kapitalis.com\/tunisie\/wp-content\/uploads\/2022\/05\/Kapitalis-big-size.png\",\"contentUrl\":\"https:\/\/kapitalis.com\/tunisie\/wp-content\/uploads\/2022\/05\/Kapitalis-big-size.png\",\"width\":5000,\"height\":1500,\"caption\":\"Kapitalis\"},\"image\":{\"@id\":\"https:\/\/kapitalis.com\/tunisie\/#\/schema\/logo\/image\/\"},\"sameAs\":[\"https:\/\/www.facebook.com\/KapitalisInfo\/\",\"https:\/\/x.com\/KapitalisInfo\",\"https:\/\/www.youtube.com\/channel\/UC-yDYrHyfFBWWZaOw3FPg9Q\"]},{\"@type\":\"Person\",\"@id\":\"https:\/\/kapitalis.com\/tunisie\/#\/schema\/person\/d71f33a9ca44f7bad4698210b480c8e9\",\"name\":\"webmaster kapitalis\",\"url\":\"https:\/\/kapitalis.com\/tunisie\/author\/webmaster-kapitalis\/\"}]}<\/script>\n<!-- \/ Yoast SEO plugin. -->","yoast_head_json":{"title":"La LTDH d\u00e9nonce les violences contre les migrants subsahariens en Tunisie - Kapitalis","robots":{"index":"index","follow":"follow","max-snippet":"max-snippet:-1","max-image-preview":"max-image-preview:large","max-video-preview":"max-video-preview:-1"},"canonical":"https:\/\/kapitalis.com\/tunisie\/2025\/03\/17\/la-ltdh-denonce-les-violences-contre-les-migrants-subsahariens-en-tunisie\/","og_locale":"fr_FR","og_type":"article","og_title":"La LTDH d\u00e9nonce les violences contre les migrants subsahariens en Tunisie - Kapitalis","og_description":"La LTDH exprime sa profonde pr\u00e9occupation face \u00e0 la grave d\u00e9t\u00e9rioration de la situation des migrants subsahariens en Tunisie.","og_url":"https:\/\/kapitalis.com\/tunisie\/2025\/03\/17\/la-ltdh-denonce-les-violences-contre-les-migrants-subsahariens-en-tunisie\/","og_site_name":"Kapitalis","article_publisher":"https:\/\/www.facebook.com\/KapitalisInfo\/","article_published_time":"2025-03-17T10:15:05+00:00","article_modified_time":"2025-03-17T10:15:07+00:00","og_image":[{"width":1200,"height":630,"url":"https:\/\/kapitalis.com\/tunisie\/wp-content\/uploads\/2025\/03\/LTDH-Migrants.jpg","type":"image\/jpeg"}],"author":"webmaster kapitalis","twitter_card":"summary_large_image","twitter_creator":"@KapitalisInfo","twitter_site":"@KapitalisInfo","twitter_misc":{"\u00c9crit par":"webmaster kapitalis","Dur\u00e9e de lecture estim\u00e9e":"3 minutes"},"schema":{"@context":"https:\/\/schema.org","@graph":[{"@type":"Article","@id":"https:\/\/kapitalis.com\/tunisie\/2025\/03\/17\/la-ltdh-denonce-les-violences-contre-les-migrants-subsahariens-en-tunisie\/#article","isPartOf":{"@id":"https:\/\/kapitalis.com\/tunisie\/2025\/03\/17\/la-ltdh-denonce-les-violences-contre-les-migrants-subsahariens-en-tunisie\/"},"author":{"name":"webmaster kapitalis","@id":"https:\/\/kapitalis.com\/tunisie\/#\/schema\/person\/d71f33a9ca44f7bad4698210b480c8e9"},"headline":"La LTDH d\u00e9nonce les violences contre les migrants subsahariens en Tunisie","datePublished":"2025-03-17T10:15:05+00:00","dateModified":"2025-03-17T10:15:07+00:00","mainEntityOfPage":{"@id":"https:\/\/kapitalis.com\/tunisie\/2025\/03\/17\/la-ltdh-denonce-les-violences-contre-les-migrants-subsahariens-en-tunisie\/"},"wordCount":480,"commentCount":1,"publisher":{"@id":"https:\/\/kapitalis.com\/tunisie\/#organization"},"image":{"@id":"https:\/\/kapitalis.com\/tunisie\/2025\/03\/17\/la-ltdh-denonce-les-violences-contre-les-migrants-subsahariens-en-tunisie\/#primaryimage"},"thumbnailUrl":"https:\/\/kapitalis.com\/tunisie\/wp-content\/uploads\/2025\/03\/LTDH-Migrants.jpg","keywords":["afrique subsaharienne","discours raciste","El-Amra","LTDH","migrants","Sfax","Tunisie"],"articleSection":["POLITIQUE","SOCIETE","Tunisie"],"inLanguage":"fr-FR","potentialAction":[{"@type":"CommentAction","name":"Comment","target":["https:\/\/kapitalis.com\/tunisie\/2025\/03\/17\/la-ltdh-denonce-les-violences-contre-les-migrants-subsahariens-en-tunisie\/#respond"]}]},{"@type":"WebPage","@id":"https:\/\/kapitalis.com\/tunisie\/2025\/03\/17\/la-ltdh-denonce-les-violences-contre-les-migrants-subsahariens-en-tunisie\/","url":"https:\/\/kapitalis.com\/tunisie\/2025\/03\/17\/la-ltdh-denonce-les-violences-contre-les-migrants-subsahariens-en-tunisie\/","name":"La LTDH d\u00e9nonce les violences contre les migrants subsahariens en Tunisie - Kapitalis","isPartOf":{"@id":"https:\/\/kapitalis.com\/tunisie\/#website"},"primaryImageOfPage":{"@id":"https:\/\/kapitalis.com\/tunisie\/2025\/03\/17\/la-ltdh-denonce-les-violences-contre-les-migrants-subsahariens-en-tunisie\/#primaryimage"},"image":{"@id":"https:\/\/kapitalis.com\/tunisie\/2025\/03\/17\/la-ltdh-denonce-les-violences-contre-les-migrants-subsahariens-en-tunisie\/#primaryimage"},"thumbnailUrl":"https:\/\/kapitalis.com\/tunisie\/wp-content\/uploads\/2025\/03\/LTDH-Migrants.jpg","datePublished":"2025-03-17T10:15:05+00:00","dateModified":"2025-03-17T10:15:07+00:00","breadcrumb":{"@id":"https:\/\/kapitalis.com\/tunisie\/2025\/03\/17\/la-ltdh-denonce-les-violences-contre-les-migrants-subsahariens-en-tunisie\/#breadcrumb"},"inLanguage":"fr-FR","potentialAction":[{"@type":"ReadAction","target":["https:\/\/kapitalis.com\/tunisie\/2025\/03\/17\/la-ltdh-denonce-les-violences-contre-les-migrants-subsahariens-en-tunisie\/"]}]},{"@type":"ImageObject","inLanguage":"fr-FR","@id":"https:\/\/kapitalis.com\/tunisie\/2025\/03\/17\/la-ltdh-denonce-les-violences-contre-les-migrants-subsahariens-en-tunisie\/#primaryimage","url":"https:\/\/kapitalis.com\/tunisie\/wp-content\/uploads\/2025\/03\/LTDH-Migrants.jpg","contentUrl":"https:\/\/kapitalis.com\/tunisie\/wp-content\/uploads\/2025\/03\/LTDH-Migrants.jpg","width":1200,"height":630},{"@type":"BreadcrumbList","@id":"https:\/\/kapitalis.com\/tunisie\/2025\/03\/17\/la-ltdh-denonce-les-violences-contre-les-migrants-subsahariens-en-tunisie\/#breadcrumb","itemListElement":[{"@type":"ListItem","position":1,"name":"Accueil","item":"https:\/\/kapitalis.com\/tunisie\/"},{"@type":"ListItem","position":2,"name":"La LTDH d\u00e9nonce les violences contre les migrants subsahariens en Tunisie"}]},{"@type":"WebSite","@id":"https:\/\/kapitalis.com\/tunisie\/#website","url":"https:\/\/kapitalis.com\/tunisie\/","name":"Kapitalis","description":"L&#039;actualit\u00e9 en Tunisie et dans le monde","publisher":{"@id":"https:\/\/kapitalis.com\/tunisie\/#organization"},"potentialAction":[{"@type":"SearchAction","target":{"@type":"EntryPoint","urlTemplate":"https:\/\/kapitalis.com\/tunisie\/?s={search_term_string}"},"query-input":{"@type":"PropertyValueSpecification","valueRequired":true,"valueName":"search_term_string"}}],"inLanguage":"fr-FR"},{"@type":"Organization","@id":"https:\/\/kapitalis.com\/tunisie\/#organization","name":"Kapitalis","url":"https:\/\/kapitalis.com\/tunisie\/","logo":{"@type":"ImageObject","inLanguage":"fr-FR","@id":"https:\/\/kapitalis.com\/tunisie\/#\/schema\/logo\/image\/","url":"https:\/\/kapitalis.com\/tunisie\/wp-content\/uploads\/2022\/05\/Kapitalis-big-size.png","contentUrl":"https:\/\/kapitalis.com\/tunisie\/wp-content\/uploads\/2022\/05\/Kapitalis-big-size.png","width":5000,"height":1500,"caption":"Kapitalis"},"image":{"@id":"https:\/\/kapitalis.com\/tunisie\/#\/schema\/logo\/image\/"},"sameAs":["https:\/\/www.facebook.com\/KapitalisInfo\/","https:\/\/x.com\/KapitalisInfo","https:\/\/www.youtube.com\/channel\/UC-yDYrHyfFBWWZaOw3FPg9Q"]},{"@type":"Person","@id":"https:\/\/kapitalis.com\/tunisie\/#\/schema\/person\/d71f33a9ca44f7bad4698210b480c8e9","name":"webmaster kapitalis","url":"https:\/\/kapitalis.com\/tunisie\/author\/webmaster-kapitalis\/"}]}},"_links":{"self":[{"href":"https:\/\/kapitalis.com\/tunisie\/wp-json\/wp\/v2\/posts\/15914000","targetHints":{"allow":["GET"]}}],"collection":[{"href":"https:\/\/kapitalis.com\/tunisie\/wp-json\/wp\/v2\/posts"}],"about":[{"href":"https:\/\/kapitalis.com\/tunisie\/wp-json\/wp\/v2\/types\/post"}],"author":[{"embeddable":true,"href":"https:\/\/kapitalis.com\/tunisie\/wp-json\/wp\/v2\/users\/8"}],"replies":[{"embeddable":true,"href":"https:\/\/kapitalis.com\/tunisie\/wp-json\/wp\/v2\/comments?post=15914000"}],"version-history":[{"count":1,"href":"https:\/\/kapitalis.com\/tunisie\/wp-json\/wp\/v2\/posts\/15914000\/revisions"}],"predecessor-version":[{"id":15914235,"href":"https:\/\/kapitalis.com\/tunisie\/wp-json\/wp\/v2\/posts\/15914000\/revisions\/15914235"}],"wp:featuredmedia":[{"embeddable":true,"href":"https:\/\/kapitalis.com\/tunisie\/wp-json\/wp\/v2\/media\/15914221"}],"wp:attachment":[{"href":"https:\/\/kapitalis.com\/tunisie\/wp-json\/wp\/v2\/media?parent=15914000"}],"wp:term":[{"taxonomy":"category","embeddable":true,"href":"https:\/\/kapitalis.com\/tunisie\/wp-json\/wp\/v2\/categories?post=15914000"},{"taxonomy":"post_tag","embeddable":true,"href":"https:\/\/kapitalis.com\/tunisie\/wp-json\/wp\/v2\/tags?post=15914000"}],"curies":[{"name":"wp","href":"https:\/\/api.w.org\/{rel}","templated":true}]}}