{"id":15922923,"date":"2025-03-18T09:17:14","date_gmt":"2025-03-18T08:17:14","guid":{"rendered":"https:\/\/kapitalis.com\/tunisie\/?p=15922923"},"modified":"2025-03-18T09:17:15","modified_gmt":"2025-03-18T08:17:15","slug":"rencontre-litteraire-hichem-ben-ammar-la-poesie-et-lia","status":"publish","type":"post","link":"https:\/\/kapitalis.com\/tunisie\/2025\/03\/18\/rencontre-litteraire-hichem-ben-ammar-la-poesie-et-lia\/","title":{"rendered":"Rencontre litt\u00e9raire | Hichem Ben Ammar, la po\u00e9sie et l\u2019IA"},"content":{"rendered":"\n<p><strong><em>Cin\u00e9aste et po\u00e8te, Hichem Ben Ammar vient de publier deux ouvrages d\u2019un coup, un recueil de po\u00e8mes \u2018\u2018En veux-tu\u00a0? En voil\u00e0\u00a0!\u2019\u2019 (Contraste \u00c9ditions) et un essai au th\u00e8me inattendu \u2018\u2018La po\u00e9sie en question. Entretien avec l\u2019intelligence artificielle\u2019\u2019 (Sud \u00c9ditions). Il s\u2019agit \u00a0d\u2019une r\u00e9flexion insolite sur l\u2019acte d\u2019\u00e9crire et ses d\u00e9fis actuels \u00e0 l\u2019heure de l\u2019IA. \u00a0<\/em><\/strong><\/p>\n\n\n\n<!--more-->\n\n\n\n<p>L\u2019auteur pr\u00e9sentera ses deux ouvrages \u00e0 l\u2019occasion de la Journ\u00e9e mondiale de la po\u00e9sie, vendredi 21 mars 2025, \u00e0 21 heures lors d\u2019une rencontre au palais de l\u2019Acad\u00e9mie tunisienne des sciences, des lettres et des arts (Be\u00eft el-Hikma), \u00e0 Carthage.<\/p>\n\n\n\n<p>Cet \u00e9v\u00e9nement r\u00e9unira des scientifiques, des artistes et des universitaires pour d\u00e9battre de l\u2019avenir de la po\u00e9sie et de la cr\u00e9ativit\u00e9 artistique, \u00e0 l\u2019\u00e8re de l\u2019IA.<\/p>\n","protected":false},"excerpt":{"rendered":"<p>Nouvel ouvrage de Hichem Ben Ammar au sujet insolite:  \u2018La po\u00e9sie en question. Entretien avec l\u2019intelligence artificielle\u2019\u2019 <\/p>\n","protected":false},"author":8,"featured_media":15922940,"comment_status":"open","ping_status":"open","sticky":false,"template":"","format":"standard","meta":{"footnotes":""},"categories":[994,2433],"tags":[121330,15268,36826,726],"class_list":["post-15922923","post","type-post","status-publish","format-standard","has-post-thumbnail","hentry","category-culture","category-tunisie","tag-beit-el-hikma-3","tag-hichem-ben-ammar","tag-intelligence-artificielle","tag-poesie"],"yoast_head":"<!-- This site is optimized with the Yoast SEO plugin v26.6 - https:\/\/yoast.com\/wordpress\/plugins\/seo\/ -->\n<title>Rencontre litt\u00e9raire | Hichem Ben Ammar, la po\u00e9sie et l\u2019IA - Kapitalis<\/title>\n<meta name=\"robots\" content=\"index, follow, max-snippet:-1, max-image-preview:large, max-video-preview:-1\" \/>\n<link rel=\"canonical\" href=\"https:\/\/kapitalis.com\/tunisie\/2025\/03\/18\/rencontre-litteraire-hichem-ben-ammar-la-poesie-et-lia\/\" \/>\n<meta property=\"og:locale\" content=\"fr_FR\" \/>\n<meta property=\"og:type\" content=\"article\" \/>\n<meta property=\"og:title\" content=\"Rencontre litt\u00e9raire | Hichem Ben Ammar, la po\u00e9sie et l\u2019IA - Kapitalis\" \/>\n<meta property=\"og:description\" content=\"Nouvel ouvrage de Hichem Ben Ammar au sujet insolite: \u2018La po\u00e9sie en question. Entretien avec l\u2019intelligence artificielle\u2019\u2019\" \/>\n<meta property=\"og:url\" content=\"https:\/\/kapitalis.com\/tunisie\/2025\/03\/18\/rencontre-litteraire-hichem-ben-ammar-la-poesie-et-lia\/\" \/>\n<meta property=\"og:site_name\" content=\"Kapitalis\" \/>\n<meta property=\"article:publisher\" content=\"https:\/\/www.facebook.com\/KapitalisInfo\/\" \/>\n<meta property=\"article:published_time\" content=\"2025-03-18T08:17:14+00:00\" \/>\n<meta property=\"article:modified_time\" content=\"2025-03-18T08:17:15+00:00\" \/>\n<meta property=\"og:image\" content=\"https:\/\/kapitalis.com\/tunisie\/wp-content\/uploads\/2025\/03\/Hichem-Ben-Ammar.jpg\" \/>\n\t<meta property=\"og:image:width\" content=\"1200\" \/>\n\t<meta property=\"og:image:height\" content=\"630\" \/>\n\t<meta property=\"og:image:type\" content=\"image\/jpeg\" \/>\n<meta name=\"author\" content=\"webmaster kapitalis\" \/>\n<meta name=\"twitter:card\" content=\"summary_large_image\" \/>\n<meta name=\"twitter:creator\" content=\"@KapitalisInfo\" \/>\n<meta name=\"twitter:site\" content=\"@KapitalisInfo\" \/>\n<meta name=\"twitter:label1\" content=\"\u00c9crit par\" \/>\n\t<meta name=\"twitter:data1\" content=\"webmaster kapitalis\" \/>\n\t<meta name=\"twitter:label2\" content=\"Dur\u00e9e de lecture estim\u00e9e\" \/>\n\t<meta name=\"twitter:data2\" content=\"1 minute\" \/>\n<script type=\"application\/ld+json\" class=\"yoast-schema-graph\">{\"@context\":\"https:\/\/schema.org\",\"@graph\":[{\"@type\":\"Article\",\"@id\":\"https:\/\/kapitalis.com\/tunisie\/2025\/03\/18\/rencontre-litteraire-hichem-ben-ammar-la-poesie-et-lia\/#article\",\"isPartOf\":{\"@id\":\"https:\/\/kapitalis.com\/tunisie\/2025\/03\/18\/rencontre-litteraire-hichem-ben-ammar-la-poesie-et-lia\/\"},\"author\":{\"name\":\"webmaster kapitalis\",\"@id\":\"https:\/\/kapitalis.com\/tunisie\/#\/schema\/person\/d71f33a9ca44f7bad4698210b480c8e9\"},\"headline\":\"Rencontre litt\u00e9raire | Hichem Ben Ammar, la po\u00e9sie et l\u2019IA\",\"datePublished\":\"2025-03-18T08:17:14+00:00\",\"dateModified\":\"2025-03-18T08:17:15+00:00\",\"mainEntityOfPage\":{\"@id\":\"https:\/\/kapitalis.com\/tunisie\/2025\/03\/18\/rencontre-litteraire-hichem-ben-ammar-la-poesie-et-lia\/\"},\"wordCount\":157,\"commentCount\":0,\"publisher\":{\"@id\":\"https:\/\/kapitalis.com\/tunisie\/#organization\"},\"image\":{\"@id\":\"https:\/\/kapitalis.com\/tunisie\/2025\/03\/18\/rencontre-litteraire-hichem-ben-ammar-la-poesie-et-lia\/#primaryimage\"},\"thumbnailUrl\":\"https:\/\/kapitalis.com\/tunisie\/wp-content\/uploads\/2025\/03\/Hichem-Ben-Ammar.jpg\",\"keywords\":[\"Be\u00eft el-Hikma\",\"Hichem Ben Ammar\",\"intelligence artificielle\",\"po\u00e9sie\"],\"articleSection\":[\"CULTURE\",\"Tunisie\"],\"inLanguage\":\"fr-FR\",\"potentialAction\":[{\"@type\":\"CommentAction\",\"name\":\"Comment\",\"target\":[\"https:\/\/kapitalis.com\/tunisie\/2025\/03\/18\/rencontre-litteraire-hichem-ben-ammar-la-poesie-et-lia\/#respond\"]}]},{\"@type\":\"WebPage\",\"@id\":\"https:\/\/kapitalis.com\/tunisie\/2025\/03\/18\/rencontre-litteraire-hichem-ben-ammar-la-poesie-et-lia\/\",\"url\":\"https:\/\/kapitalis.com\/tunisie\/2025\/03\/18\/rencontre-litteraire-hichem-ben-ammar-la-poesie-et-lia\/\",\"name\":\"Rencontre litt\u00e9raire | Hichem Ben Ammar, la po\u00e9sie et l\u2019IA - Kapitalis\",\"isPartOf\":{\"@id\":\"https:\/\/kapitalis.com\/tunisie\/#website\"},\"primaryImageOfPage\":{\"@id\":\"https:\/\/kapitalis.com\/tunisie\/2025\/03\/18\/rencontre-litteraire-hichem-ben-ammar-la-poesie-et-lia\/#primaryimage\"},\"image\":{\"@id\":\"https:\/\/kapitalis.com\/tunisie\/2025\/03\/18\/rencontre-litteraire-hichem-ben-ammar-la-poesie-et-lia\/#primaryimage\"},\"thumbnailUrl\":\"https:\/\/kapitalis.com\/tunisie\/wp-content\/uploads\/2025\/03\/Hichem-Ben-Ammar.jpg\",\"datePublished\":\"2025-03-18T08:17:14+00:00\",\"dateModified\":\"2025-03-18T08:17:15+00:00\",\"breadcrumb\":{\"@id\":\"https:\/\/kapitalis.com\/tunisie\/2025\/03\/18\/rencontre-litteraire-hichem-ben-ammar-la-poesie-et-lia\/#breadcrumb\"},\"inLanguage\":\"fr-FR\",\"potentialAction\":[{\"@type\":\"ReadAction\",\"target\":[\"https:\/\/kapitalis.com\/tunisie\/2025\/03\/18\/rencontre-litteraire-hichem-ben-ammar-la-poesie-et-lia\/\"]}]},{\"@type\":\"ImageObject\",\"inLanguage\":\"fr-FR\",\"@id\":\"https:\/\/kapitalis.com\/tunisie\/2025\/03\/18\/rencontre-litteraire-hichem-ben-ammar-la-poesie-et-lia\/#primaryimage\",\"url\":\"https:\/\/kapitalis.com\/tunisie\/wp-content\/uploads\/2025\/03\/Hichem-Ben-Ammar.jpg\",\"contentUrl\":\"https:\/\/kapitalis.com\/tunisie\/wp-content\/uploads\/2025\/03\/Hichem-Ben-Ammar.jpg\",\"width\":1200,\"height\":630},{\"@type\":\"BreadcrumbList\",\"@id\":\"https:\/\/kapitalis.com\/tunisie\/2025\/03\/18\/rencontre-litteraire-hichem-ben-ammar-la-poesie-et-lia\/#breadcrumb\",\"itemListElement\":[{\"@type\":\"ListItem\",\"position\":1,\"name\":\"Accueil\",\"item\":\"https:\/\/kapitalis.com\/tunisie\/\"},{\"@type\":\"ListItem\",\"position\":2,\"name\":\"Rencontre litt\u00e9raire | Hichem Ben Ammar, la po\u00e9sie et l\u2019IA\"}]},{\"@type\":\"WebSite\",\"@id\":\"https:\/\/kapitalis.com\/tunisie\/#website\",\"url\":\"https:\/\/kapitalis.com\/tunisie\/\",\"name\":\"Kapitalis\",\"description\":\"L&#039;actualit\u00e9 en Tunisie et dans le monde\",\"publisher\":{\"@id\":\"https:\/\/kapitalis.com\/tunisie\/#organization\"},\"potentialAction\":[{\"@type\":\"SearchAction\",\"target\":{\"@type\":\"EntryPoint\",\"urlTemplate\":\"https:\/\/kapitalis.com\/tunisie\/?s={search_term_string}\"},\"query-input\":{\"@type\":\"PropertyValueSpecification\",\"valueRequired\":true,\"valueName\":\"search_term_string\"}}],\"inLanguage\":\"fr-FR\"},{\"@type\":\"Organization\",\"@id\":\"https:\/\/kapitalis.com\/tunisie\/#organization\",\"name\":\"Kapitalis\",\"url\":\"https:\/\/kapitalis.com\/tunisie\/\",\"logo\":{\"@type\":\"ImageObject\",\"inLanguage\":\"fr-FR\",\"@id\":\"https:\/\/kapitalis.com\/tunisie\/#\/schema\/logo\/image\/\",\"url\":\"https:\/\/kapitalis.com\/tunisie\/wp-content\/uploads\/2022\/05\/Kapitalis-big-size.png\",\"contentUrl\":\"https:\/\/kapitalis.com\/tunisie\/wp-content\/uploads\/2022\/05\/Kapitalis-big-size.png\",\"width\":5000,\"height\":1500,\"caption\":\"Kapitalis\"},\"image\":{\"@id\":\"https:\/\/kapitalis.com\/tunisie\/#\/schema\/logo\/image\/\"},\"sameAs\":[\"https:\/\/www.facebook.com\/KapitalisInfo\/\",\"https:\/\/x.com\/KapitalisInfo\",\"https:\/\/www.youtube.com\/channel\/UC-yDYrHyfFBWWZaOw3FPg9Q\"]},{\"@type\":\"Person\",\"@id\":\"https:\/\/kapitalis.com\/tunisie\/#\/schema\/person\/d71f33a9ca44f7bad4698210b480c8e9\",\"name\":\"webmaster kapitalis\",\"url\":\"https:\/\/kapitalis.com\/tunisie\/author\/webmaster-kapitalis\/\"}]}<\/script>\n<!-- \/ Yoast SEO plugin. -->","yoast_head_json":{"title":"Rencontre litt\u00e9raire | Hichem Ben Ammar, la po\u00e9sie et l\u2019IA - Kapitalis","robots":{"index":"index","follow":"follow","max-snippet":"max-snippet:-1","max-image-preview":"max-image-preview:large","max-video-preview":"max-video-preview:-1"},"canonical":"https:\/\/kapitalis.com\/tunisie\/2025\/03\/18\/rencontre-litteraire-hichem-ben-ammar-la-poesie-et-lia\/","og_locale":"fr_FR","og_type":"article","og_title":"Rencontre litt\u00e9raire | Hichem Ben Ammar, la po\u00e9sie et l\u2019IA - Kapitalis","og_description":"Nouvel ouvrage de Hichem Ben Ammar au sujet insolite: \u2018La po\u00e9sie en question. Entretien avec l\u2019intelligence artificielle\u2019\u2019","og_url":"https:\/\/kapitalis.com\/tunisie\/2025\/03\/18\/rencontre-litteraire-hichem-ben-ammar-la-poesie-et-lia\/","og_site_name":"Kapitalis","article_publisher":"https:\/\/www.facebook.com\/KapitalisInfo\/","article_published_time":"2025-03-18T08:17:14+00:00","article_modified_time":"2025-03-18T08:17:15+00:00","og_image":[{"width":1200,"height":630,"url":"https:\/\/kapitalis.com\/tunisie\/wp-content\/uploads\/2025\/03\/Hichem-Ben-Ammar.jpg","type":"image\/jpeg"}],"author":"webmaster kapitalis","twitter_card":"summary_large_image","twitter_creator":"@KapitalisInfo","twitter_site":"@KapitalisInfo","twitter_misc":{"\u00c9crit par":"webmaster kapitalis","Dur\u00e9e de lecture estim\u00e9e":"1 minute"},"schema":{"@context":"https:\/\/schema.org","@graph":[{"@type":"Article","@id":"https:\/\/kapitalis.com\/tunisie\/2025\/03\/18\/rencontre-litteraire-hichem-ben-ammar-la-poesie-et-lia\/#article","isPartOf":{"@id":"https:\/\/kapitalis.com\/tunisie\/2025\/03\/18\/rencontre-litteraire-hichem-ben-ammar-la-poesie-et-lia\/"},"author":{"name":"webmaster kapitalis","@id":"https:\/\/kapitalis.com\/tunisie\/#\/schema\/person\/d71f33a9ca44f7bad4698210b480c8e9"},"headline":"Rencontre litt\u00e9raire | Hichem Ben Ammar, la po\u00e9sie et l\u2019IA","datePublished":"2025-03-18T08:17:14+00:00","dateModified":"2025-03-18T08:17:15+00:00","mainEntityOfPage":{"@id":"https:\/\/kapitalis.com\/tunisie\/2025\/03\/18\/rencontre-litteraire-hichem-ben-ammar-la-poesie-et-lia\/"},"wordCount":157,"commentCount":0,"publisher":{"@id":"https:\/\/kapitalis.com\/tunisie\/#organization"},"image":{"@id":"https:\/\/kapitalis.com\/tunisie\/2025\/03\/18\/rencontre-litteraire-hichem-ben-ammar-la-poesie-et-lia\/#primaryimage"},"thumbnailUrl":"https:\/\/kapitalis.com\/tunisie\/wp-content\/uploads\/2025\/03\/Hichem-Ben-Ammar.jpg","keywords":["Be\u00eft el-Hikma","Hichem Ben Ammar","intelligence artificielle","po\u00e9sie"],"articleSection":["CULTURE","Tunisie"],"inLanguage":"fr-FR","potentialAction":[{"@type":"CommentAction","name":"Comment","target":["https:\/\/kapitalis.com\/tunisie\/2025\/03\/18\/rencontre-litteraire-hichem-ben-ammar-la-poesie-et-lia\/#respond"]}]},{"@type":"WebPage","@id":"https:\/\/kapitalis.com\/tunisie\/2025\/03\/18\/rencontre-litteraire-hichem-ben-ammar-la-poesie-et-lia\/","url":"https:\/\/kapitalis.com\/tunisie\/2025\/03\/18\/rencontre-litteraire-hichem-ben-ammar-la-poesie-et-lia\/","name":"Rencontre litt\u00e9raire | Hichem Ben Ammar, la po\u00e9sie et l\u2019IA - Kapitalis","isPartOf":{"@id":"https:\/\/kapitalis.com\/tunisie\/#website"},"primaryImageOfPage":{"@id":"https:\/\/kapitalis.com\/tunisie\/2025\/03\/18\/rencontre-litteraire-hichem-ben-ammar-la-poesie-et-lia\/#primaryimage"},"image":{"@id":"https:\/\/kapitalis.com\/tunisie\/2025\/03\/18\/rencontre-litteraire-hichem-ben-ammar-la-poesie-et-lia\/#primaryimage"},"thumbnailUrl":"https:\/\/kapitalis.com\/tunisie\/wp-content\/uploads\/2025\/03\/Hichem-Ben-Ammar.jpg","datePublished":"2025-03-18T08:17:14+00:00","dateModified":"2025-03-18T08:17:15+00:00","breadcrumb":{"@id":"https:\/\/kapitalis.com\/tunisie\/2025\/03\/18\/rencontre-litteraire-hichem-ben-ammar-la-poesie-et-lia\/#breadcrumb"},"inLanguage":"fr-FR","potentialAction":[{"@type":"ReadAction","target":["https:\/\/kapitalis.com\/tunisie\/2025\/03\/18\/rencontre-litteraire-hichem-ben-ammar-la-poesie-et-lia\/"]}]},{"@type":"ImageObject","inLanguage":"fr-FR","@id":"https:\/\/kapitalis.com\/tunisie\/2025\/03\/18\/rencontre-litteraire-hichem-ben-ammar-la-poesie-et-lia\/#primaryimage","url":"https:\/\/kapitalis.com\/tunisie\/wp-content\/uploads\/2025\/03\/Hichem-Ben-Ammar.jpg","contentUrl":"https:\/\/kapitalis.com\/tunisie\/wp-content\/uploads\/2025\/03\/Hichem-Ben-Ammar.jpg","width":1200,"height":630},{"@type":"BreadcrumbList","@id":"https:\/\/kapitalis.com\/tunisie\/2025\/03\/18\/rencontre-litteraire-hichem-ben-ammar-la-poesie-et-lia\/#breadcrumb","itemListElement":[{"@type":"ListItem","position":1,"name":"Accueil","item":"https:\/\/kapitalis.com\/tunisie\/"},{"@type":"ListItem","position":2,"name":"Rencontre litt\u00e9raire | Hichem Ben Ammar, la po\u00e9sie et l\u2019IA"}]},{"@type":"WebSite","@id":"https:\/\/kapitalis.com\/tunisie\/#website","url":"https:\/\/kapitalis.com\/tunisie\/","name":"Kapitalis","description":"L&#039;actualit\u00e9 en Tunisie et dans le monde","publisher":{"@id":"https:\/\/kapitalis.com\/tunisie\/#organization"},"potentialAction":[{"@type":"SearchAction","target":{"@type":"EntryPoint","urlTemplate":"https:\/\/kapitalis.com\/tunisie\/?s={search_term_string}"},"query-input":{"@type":"PropertyValueSpecification","valueRequired":true,"valueName":"search_term_string"}}],"inLanguage":"fr-FR"},{"@type":"Organization","@id":"https:\/\/kapitalis.com\/tunisie\/#organization","name":"Kapitalis","url":"https:\/\/kapitalis.com\/tunisie\/","logo":{"@type":"ImageObject","inLanguage":"fr-FR","@id":"https:\/\/kapitalis.com\/tunisie\/#\/schema\/logo\/image\/","url":"https:\/\/kapitalis.com\/tunisie\/wp-content\/uploads\/2022\/05\/Kapitalis-big-size.png","contentUrl":"https:\/\/kapitalis.com\/tunisie\/wp-content\/uploads\/2022\/05\/Kapitalis-big-size.png","width":5000,"height":1500,"caption":"Kapitalis"},"image":{"@id":"https:\/\/kapitalis.com\/tunisie\/#\/schema\/logo\/image\/"},"sameAs":["https:\/\/www.facebook.com\/KapitalisInfo\/","https:\/\/x.com\/KapitalisInfo","https:\/\/www.youtube.com\/channel\/UC-yDYrHyfFBWWZaOw3FPg9Q"]},{"@type":"Person","@id":"https:\/\/kapitalis.com\/tunisie\/#\/schema\/person\/d71f33a9ca44f7bad4698210b480c8e9","name":"webmaster kapitalis","url":"https:\/\/kapitalis.com\/tunisie\/author\/webmaster-kapitalis\/"}]}},"_links":{"self":[{"href":"https:\/\/kapitalis.com\/tunisie\/wp-json\/wp\/v2\/posts\/15922923","targetHints":{"allow":["GET"]}}],"collection":[{"href":"https:\/\/kapitalis.com\/tunisie\/wp-json\/wp\/v2\/posts"}],"about":[{"href":"https:\/\/kapitalis.com\/tunisie\/wp-json\/wp\/v2\/types\/post"}],"author":[{"embeddable":true,"href":"https:\/\/kapitalis.com\/tunisie\/wp-json\/wp\/v2\/users\/8"}],"replies":[{"embeddable":true,"href":"https:\/\/kapitalis.com\/tunisie\/wp-json\/wp\/v2\/comments?post=15922923"}],"version-history":[{"count":1,"href":"https:\/\/kapitalis.com\/tunisie\/wp-json\/wp\/v2\/posts\/15922923\/revisions"}],"predecessor-version":[{"id":15922949,"href":"https:\/\/kapitalis.com\/tunisie\/wp-json\/wp\/v2\/posts\/15922923\/revisions\/15922949"}],"wp:featuredmedia":[{"embeddable":true,"href":"https:\/\/kapitalis.com\/tunisie\/wp-json\/wp\/v2\/media\/15922940"}],"wp:attachment":[{"href":"https:\/\/kapitalis.com\/tunisie\/wp-json\/wp\/v2\/media?parent=15922923"}],"wp:term":[{"taxonomy":"category","embeddable":true,"href":"https:\/\/kapitalis.com\/tunisie\/wp-json\/wp\/v2\/categories?post=15922923"},{"taxonomy":"post_tag","embeddable":true,"href":"https:\/\/kapitalis.com\/tunisie\/wp-json\/wp\/v2\/tags?post=15922923"}],"curies":[{"name":"wp","href":"https:\/\/api.w.org\/{rel}","templated":true}]}}