{"id":15923543,"date":"2025-03-19T07:25:00","date_gmt":"2025-03-19T06:25:00","guid":{"rendered":"https:\/\/kapitalis.com\/tunisie\/?p=15923543"},"modified":"2025-03-19T07:27:06","modified_gmt":"2025-03-19T06:27:06","slug":"liban-marwan-chahine-rouvre-les-plaies-du-13-avril-1975","status":"publish","type":"post","link":"https:\/\/kapitalis.com\/tunisie\/2025\/03\/19\/liban-marwan-chahine-rouvre-les-plaies-du-13-avril-1975\/","title":{"rendered":"Liban | Marwan Chahine rouvre les plaies du 13 avril 1975"},"content":{"rendered":"\n<p><strong><em>C\u2019est une date grav\u00e9e dans la m\u00e9moire du Liban, une ligne de fracture, un basculement irr\u00e9versible. Le 13 avril 1975, \u00e0 Beyrouth, un bus transportant des Palestiniens est cribl\u00e9 de balles. Une embuscade, un massacre, et la guerre civile libanaise s\u2019embrase pour quinze longues ann\u00e9es. Un demi-si\u00e8cle plus tard, Marwan Chahine remonte le fil de cet instant z\u00e9ro\u2026<\/em><\/strong><\/p>\n\n\n\n<p><strong>Djamal Guettala<\/strong><\/p>\n\n\n\n<!--more-->\n\n\n\n<p>Dans\u00a0\u2018\u2018<em>Beyrouth, 13 avril 1975\u2019\u2019<\/em>\u00a0<strong>(<\/strong>\u00e9ditions Belfond, Paris, 2024), Marwan Chahine propose une enqu\u00eate d\u2019une rare intensit\u00e9, men\u00e9e avec la rigueur du journaliste et le souffle du romancier.<\/p>\n\n\n\n<p>Si l\u2019\u00e9v\u00e9nement est inscrit dans l\u2019histoire, ses contours restent flous, noy\u00e9s sous les r\u00e9cits contradictoires et les silences g\u00ean\u00e9s. Qui a tir\u00e9? Pourquoi ce bus, pourquoi ce jour-l\u00e0? Officiellement, c\u2019est une riposte des milices chr\u00e9tiennes aux tensions montantes avec les factions palestiniennes. Mais derri\u00e8re cette version fig\u00e9e dans les manuels, d\u2019autres r\u00e9cits \u00e9mergent, plus troublants, plus politiques.<\/p>\n\n\n\n<h2 class=\"wp-block-heading\">Beyrouth, une ville hant\u00e9e<\/h2>\n\n\n\n<p>Dans un pays o\u00f9 l\u2019histoire est une plaie mal referm\u00e9e, Chahine enqu\u00eate, interroge, exhume. Il croise les t\u00e9moignages des survivants, explore les archives, confronte la m\u00e9moire collective \u00e0 la r\u00e9alit\u00e9 des faits. Il s\u2019attarde sur ce moment suspendu o\u00f9 l\u2019histoire aurait pu bifurquer, o\u00f9 l\u2019engrenage de la guerre aurait pu \u00eatre \u00e9vit\u00e9. Son enqu\u00eate, loin d\u2019\u00eatre une simple autopsie historique, interroge aussi le silence : pourquoi, cinquante ans plus tard, ce massacre demeure-t-il si peu document\u00e9 ?<\/p>\n\n\n\n<p>En creusant le pass\u00e9, Chahine r\u00e9v\u00e8le un Liban toujours hant\u00e9 par ses fant\u00f4mes. Beyrouth porte encore les stigmates de la guerre civile, ses quartiers gardent la m\u00e9moire des lignes de front, et ses habitants vivent avec une histoire \u00e0 la fois omnipr\u00e9sente et insaisissable. Le silence autour du 13 avril 1975 n\u2019est pas un hasard : c\u2019est un sympt\u00f4me, celui d\u2019un pays qui peine \u00e0 affronter son pass\u00e9.<\/p>\n\n\n\n<p>R\u00e9compens\u00e9 par le\u00a0Prix France-Liban 2024<strong>,<\/strong>\u00a0\u2018\u2018<em>Beyrouth, 13 avril 1975\u2019\u2019<\/em>\u00a0suscite le d\u00e9bat et s\u2019impose comme une \u0153uvre essentielle pour comprendre les m\u00e9caniques invisibles de la guerre civile libanaise.<\/p>\n\n\n\n<figure class=\"wp-block-gallery aligncenter has-nested-images columns-default is-cropped wp-block-gallery-1 is-layout-flex wp-block-gallery-is-layout-flex\">\n<figure class=\"wp-block-image size-large\"><img loading=\"lazy\" decoding=\"async\" width=\"505\" height=\"898\" data-id=\"15923585\" src=\"https:\/\/kapitalis.com\/tunisie\/wp-content\/uploads\/2025\/03\/Marwan-Chahine-Djamal-Guettala.jpg\" alt=\"\" class=\"wp-image-15923585\" srcset=\"https:\/\/kapitalis.com\/tunisie\/wp-content\/uploads\/2025\/03\/Marwan-Chahine-Djamal-Guettala.jpg 505w, https:\/\/kapitalis.com\/tunisie\/wp-content\/uploads\/2025\/03\/Marwan-Chahine-Djamal-Guettala-169x300.jpg 169w\" sizes=\"auto, (max-width: 505px) 100vw, 505px\" \/><figcaption class=\"wp-element-caption\"><em>Djamal Guettala avec l&rsquo;auteur&#8230; <\/em><\/figcaption><\/figure>\n\n\n\n<figure class=\"wp-block-image size-large\"><img loading=\"lazy\" decoding=\"async\" width=\"505\" height=\"898\" data-id=\"15923584\" src=\"https:\/\/kapitalis.com\/tunisie\/wp-content\/uploads\/2025\/03\/Beyrouth-13-avril-1975-2.jpg\" alt=\"\" class=\"wp-image-15923584\" srcset=\"https:\/\/kapitalis.com\/tunisie\/wp-content\/uploads\/2025\/03\/Beyrouth-13-avril-1975-2.jpg 505w, https:\/\/kapitalis.com\/tunisie\/wp-content\/uploads\/2025\/03\/Beyrouth-13-avril-1975-2-169x300.jpg 169w\" sizes=\"auto, (max-width: 505px) 100vw, 505px\" \/><\/figure>\n<\/figure>\n\n\n\n<h2 class=\"wp-block-heading\">Un \u00e9v\u00e9nement inaugural<\/h2>\n\n\n\n<p>Dans la lign\u00e9e d\u2019un\u00a0Patrick Radden Keefe\u00a0ou d\u2019un\u00a0Javier Cercas, Marwan Chahine fait bien plus que raconter un fait historique : il met en lumi\u00e8re les non-dits, les mensonges d\u2019\u00c9tat, et la mani\u00e8re dont une nation fa\u00e7onne \u2013 ou efface \u2013 son pass\u00e9. Avec une plume \u00e0 la crois\u00e9e du reportage et du roman noir, il recompose un puzzle o\u00f9 la r\u00e9alit\u00e9 d\u00e9passe la fiction. Il traque les non-dits, confronte les r\u00e9cits officiels, d\u00e9monte les rouages d\u2019un mensonge d\u2019\u00c9tat.<\/p>\n\n\n\n<p>Extrait de la quatri\u00e8me de couverture qui parle d\u2019\u00ab<em>une spectaculaire enqu\u00eate, la premi\u00e8re du genre\u00bb<\/em><em>, sur un<\/em><em> \u00ab\u00e9v\u00e9nement inaugural\u00bb.<\/em> \u00ab<em>Si l\u2019\u00e9v\u00e9nement est connu de tous, personne ne sait ce qui s\u2019est r\u00e9ellement pass\u00e9 ce jour-l\u00e0. \u00c9tait-ce une op\u00e9ration planifi\u00e9e? Un acte de repr\u00e9sailles? Un incident fortuit? Les rumeurs sont nombreuses, les l\u00e9gendes tenaces. De retour dans le pays de son p\u00e8re, le journaliste Marwan Chahine se met \u00e0 enqu\u00eater sur cette affaire aussi taboue que sulfureuse. Malgr\u00e9 la culture du silence et l\u2019amn\u00e9sie g\u00e9n\u00e9rale, il va retrouver, un \u00e0 un, les protagonistes du drame et parvenir \u00e0 rassembler les innombrables pi\u00e8ces de ce puzzle tragique o\u00f9 la r\u00e9alit\u00e9 d\u00e9passe bien souvent la fiction.<\/em> <em>\u00c0 la crois\u00e9e du r\u00e9cit journalistique, de l\u2019essai historique et du thriller, <\/em><em>\u2018\u2018Beyrouth, 13 avril 1975\u2019\u2019<\/em><em> est aussi une qu\u00eate personnelle et le portrait poignant d\u2019un pays hant\u00e9 par les fant\u00f4mes. Avec en toile de fond cette question plus que jamais d\u2019actualit\u00e9 : comment raconter nos histoires ?\u00bb<\/em><\/p>\n","protected":false},"excerpt":{"rendered":"<p>Marwan Chahine remonte le fil de la guerre civile libanaise qui a dur\u00e9 quinze longues ann\u00e9es entre 1975 et 1990. <\/p>\n","protected":false},"author":8,"featured_media":15923591,"comment_status":"open","ping_status":"open","sticky":false,"template":"","format":"standard","meta":{"footnotes":""},"categories":[992,994,2433],"tags":[121331,8600,20703,8563,121332,2739],"class_list":["post-15923543","post","type-post","status-publish","format-standard","has-post-thumbnail","hentry","category-a-la-une","category-culture","category-tunisie","tag-13-avril-1975","tag-beyrouth","tag-guerre-civile","tag-liban","tag-marwan-chahine","tag-palestiniens"],"yoast_head":"<!-- This site is optimized with the Yoast SEO plugin v26.6 - https:\/\/yoast.com\/wordpress\/plugins\/seo\/ -->\n<title>Liban | Marwan Chahine rouvre les plaies du 13 avril 1975 - Kapitalis<\/title>\n<meta name=\"robots\" content=\"index, follow, max-snippet:-1, max-image-preview:large, max-video-preview:-1\" \/>\n<link rel=\"canonical\" href=\"https:\/\/kapitalis.com\/tunisie\/2025\/03\/19\/liban-marwan-chahine-rouvre-les-plaies-du-13-avril-1975\/\" \/>\n<meta property=\"og:locale\" content=\"fr_FR\" \/>\n<meta property=\"og:type\" content=\"article\" \/>\n<meta property=\"og:title\" content=\"Liban | Marwan Chahine rouvre les plaies du 13 avril 1975 - Kapitalis\" \/>\n<meta property=\"og:description\" content=\"Marwan Chahine remonte le fil de la guerre civile libanaise qui a dur\u00e9 quinze longues ann\u00e9es entre 1975 et 1990.\" \/>\n<meta property=\"og:url\" content=\"https:\/\/kapitalis.com\/tunisie\/2025\/03\/19\/liban-marwan-chahine-rouvre-les-plaies-du-13-avril-1975\/\" \/>\n<meta property=\"og:site_name\" content=\"Kapitalis\" \/>\n<meta property=\"article:publisher\" content=\"https:\/\/www.facebook.com\/KapitalisInfo\/\" \/>\n<meta property=\"article:published_time\" content=\"2025-03-19T06:25:00+00:00\" \/>\n<meta property=\"article:modified_time\" content=\"2025-03-19T06:27:06+00:00\" \/>\n<meta property=\"og:image\" content=\"https:\/\/kapitalis.com\/tunisie\/wp-content\/uploads\/2025\/03\/Beyrouth-13-avril-1975.jpg\" \/>\n\t<meta property=\"og:image:width\" content=\"1200\" \/>\n\t<meta property=\"og:image:height\" content=\"630\" \/>\n\t<meta property=\"og:image:type\" content=\"image\/jpeg\" \/>\n<meta name=\"author\" content=\"webmaster kapitalis\" \/>\n<meta name=\"twitter:card\" content=\"summary_large_image\" \/>\n<meta name=\"twitter:creator\" content=\"@KapitalisInfo\" \/>\n<meta name=\"twitter:site\" content=\"@KapitalisInfo\" \/>\n<meta name=\"twitter:label1\" content=\"\u00c9crit par\" \/>\n\t<meta name=\"twitter:data1\" content=\"webmaster kapitalis\" \/>\n\t<meta name=\"twitter:label2\" content=\"Dur\u00e9e de lecture estim\u00e9e\" \/>\n\t<meta name=\"twitter:data2\" content=\"4 minutes\" \/>\n<script type=\"application\/ld+json\" class=\"yoast-schema-graph\">{\"@context\":\"https:\/\/schema.org\",\"@graph\":[{\"@type\":\"Article\",\"@id\":\"https:\/\/kapitalis.com\/tunisie\/2025\/03\/19\/liban-marwan-chahine-rouvre-les-plaies-du-13-avril-1975\/#article\",\"isPartOf\":{\"@id\":\"https:\/\/kapitalis.com\/tunisie\/2025\/03\/19\/liban-marwan-chahine-rouvre-les-plaies-du-13-avril-1975\/\"},\"author\":{\"name\":\"webmaster kapitalis\",\"@id\":\"https:\/\/kapitalis.com\/tunisie\/#\/schema\/person\/d71f33a9ca44f7bad4698210b480c8e9\"},\"headline\":\"Liban | Marwan Chahine rouvre les plaies du 13 avril 1975\",\"datePublished\":\"2025-03-19T06:25:00+00:00\",\"dateModified\":\"2025-03-19T06:27:06+00:00\",\"mainEntityOfPage\":{\"@id\":\"https:\/\/kapitalis.com\/tunisie\/2025\/03\/19\/liban-marwan-chahine-rouvre-les-plaies-du-13-avril-1975\/\"},\"wordCount\":643,\"commentCount\":0,\"publisher\":{\"@id\":\"https:\/\/kapitalis.com\/tunisie\/#organization\"},\"image\":{\"@id\":\"https:\/\/kapitalis.com\/tunisie\/2025\/03\/19\/liban-marwan-chahine-rouvre-les-plaies-du-13-avril-1975\/#primaryimage\"},\"thumbnailUrl\":\"https:\/\/kapitalis.com\/tunisie\/wp-content\/uploads\/2025\/03\/Beyrouth-13-avril-1975.jpg\",\"keywords\":[\"13 avril 1975\",\"Beyrouth\",\"guerre civile\",\"Liban\",\"Marwan Chahine\",\"Palestiniens\"],\"articleSection\":[\"A LA UNE\",\"CULTURE\",\"Tunisie\"],\"inLanguage\":\"fr-FR\",\"potentialAction\":[{\"@type\":\"CommentAction\",\"name\":\"Comment\",\"target\":[\"https:\/\/kapitalis.com\/tunisie\/2025\/03\/19\/liban-marwan-chahine-rouvre-les-plaies-du-13-avril-1975\/#respond\"]}]},{\"@type\":\"WebPage\",\"@id\":\"https:\/\/kapitalis.com\/tunisie\/2025\/03\/19\/liban-marwan-chahine-rouvre-les-plaies-du-13-avril-1975\/\",\"url\":\"https:\/\/kapitalis.com\/tunisie\/2025\/03\/19\/liban-marwan-chahine-rouvre-les-plaies-du-13-avril-1975\/\",\"name\":\"Liban | Marwan Chahine rouvre les plaies du 13 avril 1975 - Kapitalis\",\"isPartOf\":{\"@id\":\"https:\/\/kapitalis.com\/tunisie\/#website\"},\"primaryImageOfPage\":{\"@id\":\"https:\/\/kapitalis.com\/tunisie\/2025\/03\/19\/liban-marwan-chahine-rouvre-les-plaies-du-13-avril-1975\/#primaryimage\"},\"image\":{\"@id\":\"https:\/\/kapitalis.com\/tunisie\/2025\/03\/19\/liban-marwan-chahine-rouvre-les-plaies-du-13-avril-1975\/#primaryimage\"},\"thumbnailUrl\":\"https:\/\/kapitalis.com\/tunisie\/wp-content\/uploads\/2025\/03\/Beyrouth-13-avril-1975.jpg\",\"datePublished\":\"2025-03-19T06:25:00+00:00\",\"dateModified\":\"2025-03-19T06:27:06+00:00\",\"breadcrumb\":{\"@id\":\"https:\/\/kapitalis.com\/tunisie\/2025\/03\/19\/liban-marwan-chahine-rouvre-les-plaies-du-13-avril-1975\/#breadcrumb\"},\"inLanguage\":\"fr-FR\",\"potentialAction\":[{\"@type\":\"ReadAction\",\"target\":[\"https:\/\/kapitalis.com\/tunisie\/2025\/03\/19\/liban-marwan-chahine-rouvre-les-plaies-du-13-avril-1975\/\"]}]},{\"@type\":\"ImageObject\",\"inLanguage\":\"fr-FR\",\"@id\":\"https:\/\/kapitalis.com\/tunisie\/2025\/03\/19\/liban-marwan-chahine-rouvre-les-plaies-du-13-avril-1975\/#primaryimage\",\"url\":\"https:\/\/kapitalis.com\/tunisie\/wp-content\/uploads\/2025\/03\/Beyrouth-13-avril-1975.jpg\",\"contentUrl\":\"https:\/\/kapitalis.com\/tunisie\/wp-content\/uploads\/2025\/03\/Beyrouth-13-avril-1975.jpg\",\"width\":1200,\"height\":630},{\"@type\":\"BreadcrumbList\",\"@id\":\"https:\/\/kapitalis.com\/tunisie\/2025\/03\/19\/liban-marwan-chahine-rouvre-les-plaies-du-13-avril-1975\/#breadcrumb\",\"itemListElement\":[{\"@type\":\"ListItem\",\"position\":1,\"name\":\"Accueil\",\"item\":\"https:\/\/kapitalis.com\/tunisie\/\"},{\"@type\":\"ListItem\",\"position\":2,\"name\":\"Liban | Marwan Chahine rouvre les plaies du 13 avril 1975\"}]},{\"@type\":\"WebSite\",\"@id\":\"https:\/\/kapitalis.com\/tunisie\/#website\",\"url\":\"https:\/\/kapitalis.com\/tunisie\/\",\"name\":\"Kapitalis\",\"description\":\"L&#039;actualit\u00e9 en Tunisie et dans le monde\",\"publisher\":{\"@id\":\"https:\/\/kapitalis.com\/tunisie\/#organization\"},\"potentialAction\":[{\"@type\":\"SearchAction\",\"target\":{\"@type\":\"EntryPoint\",\"urlTemplate\":\"https:\/\/kapitalis.com\/tunisie\/?s={search_term_string}\"},\"query-input\":{\"@type\":\"PropertyValueSpecification\",\"valueRequired\":true,\"valueName\":\"search_term_string\"}}],\"inLanguage\":\"fr-FR\"},{\"@type\":\"Organization\",\"@id\":\"https:\/\/kapitalis.com\/tunisie\/#organization\",\"name\":\"Kapitalis\",\"url\":\"https:\/\/kapitalis.com\/tunisie\/\",\"logo\":{\"@type\":\"ImageObject\",\"inLanguage\":\"fr-FR\",\"@id\":\"https:\/\/kapitalis.com\/tunisie\/#\/schema\/logo\/image\/\",\"url\":\"https:\/\/kapitalis.com\/tunisie\/wp-content\/uploads\/2022\/05\/Kapitalis-big-size.png\",\"contentUrl\":\"https:\/\/kapitalis.com\/tunisie\/wp-content\/uploads\/2022\/05\/Kapitalis-big-size.png\",\"width\":5000,\"height\":1500,\"caption\":\"Kapitalis\"},\"image\":{\"@id\":\"https:\/\/kapitalis.com\/tunisie\/#\/schema\/logo\/image\/\"},\"sameAs\":[\"https:\/\/www.facebook.com\/KapitalisInfo\/\",\"https:\/\/x.com\/KapitalisInfo\",\"https:\/\/www.youtube.com\/channel\/UC-yDYrHyfFBWWZaOw3FPg9Q\"]},{\"@type\":\"Person\",\"@id\":\"https:\/\/kapitalis.com\/tunisie\/#\/schema\/person\/d71f33a9ca44f7bad4698210b480c8e9\",\"name\":\"webmaster kapitalis\",\"url\":\"https:\/\/kapitalis.com\/tunisie\/author\/webmaster-kapitalis\/\"}]}<\/script>\n<!-- \/ Yoast SEO plugin. -->","yoast_head_json":{"title":"Liban | Marwan Chahine rouvre les plaies du 13 avril 1975 - Kapitalis","robots":{"index":"index","follow":"follow","max-snippet":"max-snippet:-1","max-image-preview":"max-image-preview:large","max-video-preview":"max-video-preview:-1"},"canonical":"https:\/\/kapitalis.com\/tunisie\/2025\/03\/19\/liban-marwan-chahine-rouvre-les-plaies-du-13-avril-1975\/","og_locale":"fr_FR","og_type":"article","og_title":"Liban | Marwan Chahine rouvre les plaies du 13 avril 1975 - Kapitalis","og_description":"Marwan Chahine remonte le fil de la guerre civile libanaise qui a dur\u00e9 quinze longues ann\u00e9es entre 1975 et 1990.","og_url":"https:\/\/kapitalis.com\/tunisie\/2025\/03\/19\/liban-marwan-chahine-rouvre-les-plaies-du-13-avril-1975\/","og_site_name":"Kapitalis","article_publisher":"https:\/\/www.facebook.com\/KapitalisInfo\/","article_published_time":"2025-03-19T06:25:00+00:00","article_modified_time":"2025-03-19T06:27:06+00:00","og_image":[{"width":1200,"height":630,"url":"https:\/\/kapitalis.com\/tunisie\/wp-content\/uploads\/2025\/03\/Beyrouth-13-avril-1975.jpg","type":"image\/jpeg"}],"author":"webmaster kapitalis","twitter_card":"summary_large_image","twitter_creator":"@KapitalisInfo","twitter_site":"@KapitalisInfo","twitter_misc":{"\u00c9crit par":"webmaster kapitalis","Dur\u00e9e de lecture estim\u00e9e":"4 minutes"},"schema":{"@context":"https:\/\/schema.org","@graph":[{"@type":"Article","@id":"https:\/\/kapitalis.com\/tunisie\/2025\/03\/19\/liban-marwan-chahine-rouvre-les-plaies-du-13-avril-1975\/#article","isPartOf":{"@id":"https:\/\/kapitalis.com\/tunisie\/2025\/03\/19\/liban-marwan-chahine-rouvre-les-plaies-du-13-avril-1975\/"},"author":{"name":"webmaster kapitalis","@id":"https:\/\/kapitalis.com\/tunisie\/#\/schema\/person\/d71f33a9ca44f7bad4698210b480c8e9"},"headline":"Liban | Marwan Chahine rouvre les plaies du 13 avril 1975","datePublished":"2025-03-19T06:25:00+00:00","dateModified":"2025-03-19T06:27:06+00:00","mainEntityOfPage":{"@id":"https:\/\/kapitalis.com\/tunisie\/2025\/03\/19\/liban-marwan-chahine-rouvre-les-plaies-du-13-avril-1975\/"},"wordCount":643,"commentCount":0,"publisher":{"@id":"https:\/\/kapitalis.com\/tunisie\/#organization"},"image":{"@id":"https:\/\/kapitalis.com\/tunisie\/2025\/03\/19\/liban-marwan-chahine-rouvre-les-plaies-du-13-avril-1975\/#primaryimage"},"thumbnailUrl":"https:\/\/kapitalis.com\/tunisie\/wp-content\/uploads\/2025\/03\/Beyrouth-13-avril-1975.jpg","keywords":["13 avril 1975","Beyrouth","guerre civile","Liban","Marwan Chahine","Palestiniens"],"articleSection":["A LA UNE","CULTURE","Tunisie"],"inLanguage":"fr-FR","potentialAction":[{"@type":"CommentAction","name":"Comment","target":["https:\/\/kapitalis.com\/tunisie\/2025\/03\/19\/liban-marwan-chahine-rouvre-les-plaies-du-13-avril-1975\/#respond"]}]},{"@type":"WebPage","@id":"https:\/\/kapitalis.com\/tunisie\/2025\/03\/19\/liban-marwan-chahine-rouvre-les-plaies-du-13-avril-1975\/","url":"https:\/\/kapitalis.com\/tunisie\/2025\/03\/19\/liban-marwan-chahine-rouvre-les-plaies-du-13-avril-1975\/","name":"Liban | Marwan Chahine rouvre les plaies du 13 avril 1975 - Kapitalis","isPartOf":{"@id":"https:\/\/kapitalis.com\/tunisie\/#website"},"primaryImageOfPage":{"@id":"https:\/\/kapitalis.com\/tunisie\/2025\/03\/19\/liban-marwan-chahine-rouvre-les-plaies-du-13-avril-1975\/#primaryimage"},"image":{"@id":"https:\/\/kapitalis.com\/tunisie\/2025\/03\/19\/liban-marwan-chahine-rouvre-les-plaies-du-13-avril-1975\/#primaryimage"},"thumbnailUrl":"https:\/\/kapitalis.com\/tunisie\/wp-content\/uploads\/2025\/03\/Beyrouth-13-avril-1975.jpg","datePublished":"2025-03-19T06:25:00+00:00","dateModified":"2025-03-19T06:27:06+00:00","breadcrumb":{"@id":"https:\/\/kapitalis.com\/tunisie\/2025\/03\/19\/liban-marwan-chahine-rouvre-les-plaies-du-13-avril-1975\/#breadcrumb"},"inLanguage":"fr-FR","potentialAction":[{"@type":"ReadAction","target":["https:\/\/kapitalis.com\/tunisie\/2025\/03\/19\/liban-marwan-chahine-rouvre-les-plaies-du-13-avril-1975\/"]}]},{"@type":"ImageObject","inLanguage":"fr-FR","@id":"https:\/\/kapitalis.com\/tunisie\/2025\/03\/19\/liban-marwan-chahine-rouvre-les-plaies-du-13-avril-1975\/#primaryimage","url":"https:\/\/kapitalis.com\/tunisie\/wp-content\/uploads\/2025\/03\/Beyrouth-13-avril-1975.jpg","contentUrl":"https:\/\/kapitalis.com\/tunisie\/wp-content\/uploads\/2025\/03\/Beyrouth-13-avril-1975.jpg","width":1200,"height":630},{"@type":"BreadcrumbList","@id":"https:\/\/kapitalis.com\/tunisie\/2025\/03\/19\/liban-marwan-chahine-rouvre-les-plaies-du-13-avril-1975\/#breadcrumb","itemListElement":[{"@type":"ListItem","position":1,"name":"Accueil","item":"https:\/\/kapitalis.com\/tunisie\/"},{"@type":"ListItem","position":2,"name":"Liban | Marwan Chahine rouvre les plaies du 13 avril 1975"}]},{"@type":"WebSite","@id":"https:\/\/kapitalis.com\/tunisie\/#website","url":"https:\/\/kapitalis.com\/tunisie\/","name":"Kapitalis","description":"L&#039;actualit\u00e9 en Tunisie et dans le monde","publisher":{"@id":"https:\/\/kapitalis.com\/tunisie\/#organization"},"potentialAction":[{"@type":"SearchAction","target":{"@type":"EntryPoint","urlTemplate":"https:\/\/kapitalis.com\/tunisie\/?s={search_term_string}"},"query-input":{"@type":"PropertyValueSpecification","valueRequired":true,"valueName":"search_term_string"}}],"inLanguage":"fr-FR"},{"@type":"Organization","@id":"https:\/\/kapitalis.com\/tunisie\/#organization","name":"Kapitalis","url":"https:\/\/kapitalis.com\/tunisie\/","logo":{"@type":"ImageObject","inLanguage":"fr-FR","@id":"https:\/\/kapitalis.com\/tunisie\/#\/schema\/logo\/image\/","url":"https:\/\/kapitalis.com\/tunisie\/wp-content\/uploads\/2022\/05\/Kapitalis-big-size.png","contentUrl":"https:\/\/kapitalis.com\/tunisie\/wp-content\/uploads\/2022\/05\/Kapitalis-big-size.png","width":5000,"height":1500,"caption":"Kapitalis"},"image":{"@id":"https:\/\/kapitalis.com\/tunisie\/#\/schema\/logo\/image\/"},"sameAs":["https:\/\/www.facebook.com\/KapitalisInfo\/","https:\/\/x.com\/KapitalisInfo","https:\/\/www.youtube.com\/channel\/UC-yDYrHyfFBWWZaOw3FPg9Q"]},{"@type":"Person","@id":"https:\/\/kapitalis.com\/tunisie\/#\/schema\/person\/d71f33a9ca44f7bad4698210b480c8e9","name":"webmaster kapitalis","url":"https:\/\/kapitalis.com\/tunisie\/author\/webmaster-kapitalis\/"}]}},"_links":{"self":[{"href":"https:\/\/kapitalis.com\/tunisie\/wp-json\/wp\/v2\/posts\/15923543","targetHints":{"allow":["GET"]}}],"collection":[{"href":"https:\/\/kapitalis.com\/tunisie\/wp-json\/wp\/v2\/posts"}],"about":[{"href":"https:\/\/kapitalis.com\/tunisie\/wp-json\/wp\/v2\/types\/post"}],"author":[{"embeddable":true,"href":"https:\/\/kapitalis.com\/tunisie\/wp-json\/wp\/v2\/users\/8"}],"replies":[{"embeddable":true,"href":"https:\/\/kapitalis.com\/tunisie\/wp-json\/wp\/v2\/comments?post=15923543"}],"version-history":[{"count":2,"href":"https:\/\/kapitalis.com\/tunisie\/wp-json\/wp\/v2\/posts\/15923543\/revisions"}],"predecessor-version":[{"id":15929534,"href":"https:\/\/kapitalis.com\/tunisie\/wp-json\/wp\/v2\/posts\/15923543\/revisions\/15929534"}],"wp:featuredmedia":[{"embeddable":true,"href":"https:\/\/kapitalis.com\/tunisie\/wp-json\/wp\/v2\/media\/15923591"}],"wp:attachment":[{"href":"https:\/\/kapitalis.com\/tunisie\/wp-json\/wp\/v2\/media?parent=15923543"}],"wp:term":[{"taxonomy":"category","embeddable":true,"href":"https:\/\/kapitalis.com\/tunisie\/wp-json\/wp\/v2\/categories?post=15923543"},{"taxonomy":"post_tag","embeddable":true,"href":"https:\/\/kapitalis.com\/tunisie\/wp-json\/wp\/v2\/tags?post=15923543"}],"curies":[{"name":"wp","href":"https:\/\/api.w.org\/{rel}","templated":true}]}}