{"id":15924516,"date":"2025-03-18T13:03:35","date_gmt":"2025-03-18T12:03:35","guid":{"rendered":"https:\/\/kapitalis.com\/tunisie\/?p=15924516"},"modified":"2025-03-18T13:08:52","modified_gmt":"2025-03-18T12:08:52","slug":"la-tunisie-attend-un-soutien-plus-efficace-de-lunion-europeenne","status":"publish","type":"post","link":"https:\/\/kapitalis.com\/tunisie\/2025\/03\/18\/la-tunisie-attend-un-soutien-plus-efficace-de-lunion-europeenne\/","title":{"rendered":"La Tunisie attend un soutien plus efficace de l\u2019Union europ\u00e9enne"},"content":{"rendered":"\n<p><strong><em>Dans un contexte de critiques de la gestion de la crise migratoire dans le pays, la Tunisie exige un meilleur soutien de l\u2019Union europ\u00e9enne (UE) dans la mise en \u0153uvre des diff\u00e9rentes r\u00e9formes entreprises, conform\u00e9ment \u00e0 sa vision et ses priorit\u00e9s et dans le cadre du respect mutuel.<\/em><\/strong><\/p>\n\n\n\n<!--more-->\n\n\n\n<p><em>\u00abUne occasion d\u2019\u00e9valuer ce qui a \u00e9t\u00e9 r\u00e9alis\u00e9 dans le cadre du partenariat strat\u00e9gique qui lie la Tunisie et l\u2019Union europ\u00e9enne depuis des d\u00e9cennies et de souligner l\u2019importance du travail conjoint dans le contexte du b\u00e9n\u00e9fice mutuel et d\u2019un d\u00e9veloppement coh\u00e9rent dans le cadre du respect mutuel et de la mise en r\u00e9seau pour \u00e9largir et approfondir les domaines de partenariat pour faire face aux d\u00e9fis actuels\u00bb<\/em>.<strong><\/strong><\/p>\n\n\n\n<p>C&rsquo;est ainsi que la pr\u00e9sidence du gouvernement a d\u00e9crit dans un communiqu\u00e9 la rencontre, lundi 17 mars 2025, entre le Premier ministre Kamel Maddouri et l\u2019ambassadeur de l\u2019UE en Tunisie, Giuseppe Perrone, accompagn\u00e9 du directeur de la coop\u00e9ration \u00e0 la d\u00e9l\u00e9gation de l\u2019UE en Tunisie, Tom Achwanden, et du repr\u00e9sentant de la Banque europ\u00e9enne d\u2019investissement (BEI), Jean-Luc Revereault.<\/p>\n\n\n\n<p>Les deux parties ont \u00e9galement soulign\u00e9 l\u2019importance d\u2019assurer toutes les conditions n\u00e9cessaires au succ\u00e8s du Conseil de partenariat et des diff\u00e9rentes commissions sectorielles sp\u00e9cialis\u00e9es dans la p\u00e9riode \u00e0 venir.<strong><\/strong><\/p>\n\n\n\n<p>Maddouri a ensuite soulign\u00e9 l\u2019importance de traduire le contenu du protocole d\u2019accord de partenariat global et strat\u00e9gique 2023 en programmes et plans concrets, appelant \u00e0 <em>\u00absoutenir et assister la Tunisie dans la mise en \u0153uvre des diff\u00e9rentes r\u00e9formes entreprises, conform\u00e9ment \u00e0 sa vision et ses priorit\u00e9s\u00bb<\/em>.<strong><\/strong><\/p>\n\n\n\n<p>Maddouri a exprim\u00e9 son souhait de voir le partenariat tuniso-europ\u00e9en se d\u00e9velopper davantage, diversifier ses programmes et m\u00e9canismes et, notamment, renforcer le soutien financier allou\u00e9 \u00e0 la Tunisie dans le cadre de la programmation triennale de l\u2019UE 2025-2027.<strong><\/strong><\/p>\n\n\n\n<p>De son c\u00f4t\u00e9, le chef de la d\u00e9l\u00e9gation de l\u2019UE en Tunisie a r\u00e9it\u00e9r\u00e9 l\u2019importance que l\u2019UE accorde \u00e0 la Tunisie, comme en t\u00e9moignent les nombreux programmes et projets conjoints soutenus par l\u2019UE. Il a exprim\u00e9 sa volont\u00e9 de <em>\u00abcontinuer \u00e0 soutenir et accompagner le pays dans les r\u00e9formes qu\u2019il d\u00e9finira en fonction de ses priorit\u00e9s, en lui apportant un appui financier et technique\u00bb<\/em>.<\/p>\n\n\n\n<p>Perrone a ensuite soulign\u00e9 l\u2019importance de moderniser l\u2019accord de partenariat entre la Tunisie et l\u2019UE, afin qu\u2019il r\u00e9ponde aux aspirations des deux parties et contribue \u00e0 relever les d\u00e9fis auxquels elles sont confront\u00e9es.<\/p>\n\n\n\n<p>Cette rencontre intervient dans un contexte de critiques en Tunisie, notamment en ce qui concerne la gestion de la crise migratoire.<strong><\/strong><\/p>\n","protected":false},"excerpt":{"rendered":"<p>La Tunisie exige un meilleur soutien de l\u2019Union europ\u00e9enne dans la mise en \u0153uvre des diff\u00e9rentes r\u00e9formes entreprises. <\/p>\n","protected":false},"author":8,"featured_media":15924543,"comment_status":"open","ping_status":"open","sticky":false,"template":"","format":"standard","meta":{"footnotes":""},"categories":[997,2433],"tags":[6364,5550,120282,121339,106500,121340,62643,937],"class_list":["post-15924516","post","type-post","status-publish","format-standard","has-post-thumbnail","hentry","category-politique","category-tunisie","tag-bei","tag-crise-migratoire","tag-giuseppe-perrone","tag-jean-luc-revereault-3","tag-kamel-maddouri","tag-tom-achwanden","tag-tunisie","tag-union-europeenne"],"yoast_head":"<!-- This site is optimized with the Yoast SEO plugin v26.6 - https:\/\/yoast.com\/wordpress\/plugins\/seo\/ -->\n<title>La Tunisie attend un soutien plus efficace de l\u2019Union europ\u00e9enne - Kapitalis<\/title>\n<meta name=\"robots\" content=\"index, follow, max-snippet:-1, max-image-preview:large, max-video-preview:-1\" \/>\n<link rel=\"canonical\" href=\"https:\/\/kapitalis.com\/tunisie\/2025\/03\/18\/la-tunisie-attend-un-soutien-plus-efficace-de-lunion-europeenne\/\" \/>\n<meta property=\"og:locale\" content=\"fr_FR\" \/>\n<meta property=\"og:type\" content=\"article\" \/>\n<meta property=\"og:title\" content=\"La Tunisie attend un soutien plus efficace de l\u2019Union europ\u00e9enne - Kapitalis\" \/>\n<meta property=\"og:description\" content=\"La Tunisie exige un meilleur soutien de l\u2019Union europ\u00e9enne dans la mise en \u0153uvre des diff\u00e9rentes r\u00e9formes entreprises.\" \/>\n<meta property=\"og:url\" content=\"https:\/\/kapitalis.com\/tunisie\/2025\/03\/18\/la-tunisie-attend-un-soutien-plus-efficace-de-lunion-europeenne\/\" \/>\n<meta property=\"og:site_name\" content=\"Kapitalis\" \/>\n<meta property=\"article:publisher\" content=\"https:\/\/www.facebook.com\/KapitalisInfo\/\" \/>\n<meta property=\"article:published_time\" content=\"2025-03-18T12:03:35+00:00\" \/>\n<meta property=\"article:modified_time\" content=\"2025-03-18T12:08:52+00:00\" \/>\n<meta property=\"og:image\" content=\"https:\/\/kapitalis.com\/tunisie\/wp-content\/uploads\/2025\/03\/Kamel-Maddouri-Union-europeenne.jpg\" \/>\n\t<meta property=\"og:image:width\" content=\"1200\" \/>\n\t<meta property=\"og:image:height\" content=\"630\" \/>\n\t<meta property=\"og:image:type\" content=\"image\/jpeg\" \/>\n<meta name=\"author\" content=\"webmaster kapitalis\" \/>\n<meta name=\"twitter:card\" content=\"summary_large_image\" \/>\n<meta name=\"twitter:creator\" content=\"@KapitalisInfo\" \/>\n<meta name=\"twitter:site\" content=\"@KapitalisInfo\" \/>\n<meta name=\"twitter:label1\" content=\"\u00c9crit par\" \/>\n\t<meta name=\"twitter:data1\" content=\"webmaster kapitalis\" \/>\n\t<meta name=\"twitter:label2\" content=\"Dur\u00e9e de lecture estim\u00e9e\" \/>\n\t<meta name=\"twitter:data2\" content=\"3 minutes\" \/>\n<script type=\"application\/ld+json\" class=\"yoast-schema-graph\">{\"@context\":\"https:\/\/schema.org\",\"@graph\":[{\"@type\":\"Article\",\"@id\":\"https:\/\/kapitalis.com\/tunisie\/2025\/03\/18\/la-tunisie-attend-un-soutien-plus-efficace-de-lunion-europeenne\/#article\",\"isPartOf\":{\"@id\":\"https:\/\/kapitalis.com\/tunisie\/2025\/03\/18\/la-tunisie-attend-un-soutien-plus-efficace-de-lunion-europeenne\/\"},\"author\":{\"name\":\"webmaster kapitalis\",\"@id\":\"https:\/\/kapitalis.com\/tunisie\/#\/schema\/person\/d71f33a9ca44f7bad4698210b480c8e9\"},\"headline\":\"La Tunisie attend un soutien plus efficace de l\u2019Union europ\u00e9enne\",\"datePublished\":\"2025-03-18T12:03:35+00:00\",\"dateModified\":\"2025-03-18T12:08:52+00:00\",\"mainEntityOfPage\":{\"@id\":\"https:\/\/kapitalis.com\/tunisie\/2025\/03\/18\/la-tunisie-attend-un-soutien-plus-efficace-de-lunion-europeenne\/\"},\"wordCount\":475,\"commentCount\":1,\"publisher\":{\"@id\":\"https:\/\/kapitalis.com\/tunisie\/#organization\"},\"image\":{\"@id\":\"https:\/\/kapitalis.com\/tunisie\/2025\/03\/18\/la-tunisie-attend-un-soutien-plus-efficace-de-lunion-europeenne\/#primaryimage\"},\"thumbnailUrl\":\"https:\/\/kapitalis.com\/tunisie\/wp-content\/uploads\/2025\/03\/Kamel-Maddouri-Union-europeenne.jpg\",\"keywords\":[\"BEI\",\"crise migratoire\",\"Giuseppe Perrone\",\"Jean-Luc Revereault\",\"Kamel Maddouri\",\"Tom Achwanden\",\"Tunisie\",\"Union europ\u00e9enne\"],\"articleSection\":[\"POLITIQUE\",\"Tunisie\"],\"inLanguage\":\"fr-FR\",\"potentialAction\":[{\"@type\":\"CommentAction\",\"name\":\"Comment\",\"target\":[\"https:\/\/kapitalis.com\/tunisie\/2025\/03\/18\/la-tunisie-attend-un-soutien-plus-efficace-de-lunion-europeenne\/#respond\"]}]},{\"@type\":\"WebPage\",\"@id\":\"https:\/\/kapitalis.com\/tunisie\/2025\/03\/18\/la-tunisie-attend-un-soutien-plus-efficace-de-lunion-europeenne\/\",\"url\":\"https:\/\/kapitalis.com\/tunisie\/2025\/03\/18\/la-tunisie-attend-un-soutien-plus-efficace-de-lunion-europeenne\/\",\"name\":\"La Tunisie attend un soutien plus efficace de l\u2019Union europ\u00e9enne - Kapitalis\",\"isPartOf\":{\"@id\":\"https:\/\/kapitalis.com\/tunisie\/#website\"},\"primaryImageOfPage\":{\"@id\":\"https:\/\/kapitalis.com\/tunisie\/2025\/03\/18\/la-tunisie-attend-un-soutien-plus-efficace-de-lunion-europeenne\/#primaryimage\"},\"image\":{\"@id\":\"https:\/\/kapitalis.com\/tunisie\/2025\/03\/18\/la-tunisie-attend-un-soutien-plus-efficace-de-lunion-europeenne\/#primaryimage\"},\"thumbnailUrl\":\"https:\/\/kapitalis.com\/tunisie\/wp-content\/uploads\/2025\/03\/Kamel-Maddouri-Union-europeenne.jpg\",\"datePublished\":\"2025-03-18T12:03:35+00:00\",\"dateModified\":\"2025-03-18T12:08:52+00:00\",\"breadcrumb\":{\"@id\":\"https:\/\/kapitalis.com\/tunisie\/2025\/03\/18\/la-tunisie-attend-un-soutien-plus-efficace-de-lunion-europeenne\/#breadcrumb\"},\"inLanguage\":\"fr-FR\",\"potentialAction\":[{\"@type\":\"ReadAction\",\"target\":[\"https:\/\/kapitalis.com\/tunisie\/2025\/03\/18\/la-tunisie-attend-un-soutien-plus-efficace-de-lunion-europeenne\/\"]}]},{\"@type\":\"ImageObject\",\"inLanguage\":\"fr-FR\",\"@id\":\"https:\/\/kapitalis.com\/tunisie\/2025\/03\/18\/la-tunisie-attend-un-soutien-plus-efficace-de-lunion-europeenne\/#primaryimage\",\"url\":\"https:\/\/kapitalis.com\/tunisie\/wp-content\/uploads\/2025\/03\/Kamel-Maddouri-Union-europeenne.jpg\",\"contentUrl\":\"https:\/\/kapitalis.com\/tunisie\/wp-content\/uploads\/2025\/03\/Kamel-Maddouri-Union-europeenne.jpg\",\"width\":1200,\"height\":630},{\"@type\":\"BreadcrumbList\",\"@id\":\"https:\/\/kapitalis.com\/tunisie\/2025\/03\/18\/la-tunisie-attend-un-soutien-plus-efficace-de-lunion-europeenne\/#breadcrumb\",\"itemListElement\":[{\"@type\":\"ListItem\",\"position\":1,\"name\":\"Accueil\",\"item\":\"https:\/\/kapitalis.com\/tunisie\/\"},{\"@type\":\"ListItem\",\"position\":2,\"name\":\"La Tunisie attend un soutien plus efficace de l\u2019Union europ\u00e9enne\"}]},{\"@type\":\"WebSite\",\"@id\":\"https:\/\/kapitalis.com\/tunisie\/#website\",\"url\":\"https:\/\/kapitalis.com\/tunisie\/\",\"name\":\"Kapitalis\",\"description\":\"L&#039;actualit\u00e9 en Tunisie et dans le monde\",\"publisher\":{\"@id\":\"https:\/\/kapitalis.com\/tunisie\/#organization\"},\"potentialAction\":[{\"@type\":\"SearchAction\",\"target\":{\"@type\":\"EntryPoint\",\"urlTemplate\":\"https:\/\/kapitalis.com\/tunisie\/?s={search_term_string}\"},\"query-input\":{\"@type\":\"PropertyValueSpecification\",\"valueRequired\":true,\"valueName\":\"search_term_string\"}}],\"inLanguage\":\"fr-FR\"},{\"@type\":\"Organization\",\"@id\":\"https:\/\/kapitalis.com\/tunisie\/#organization\",\"name\":\"Kapitalis\",\"url\":\"https:\/\/kapitalis.com\/tunisie\/\",\"logo\":{\"@type\":\"ImageObject\",\"inLanguage\":\"fr-FR\",\"@id\":\"https:\/\/kapitalis.com\/tunisie\/#\/schema\/logo\/image\/\",\"url\":\"https:\/\/kapitalis.com\/tunisie\/wp-content\/uploads\/2022\/05\/Kapitalis-big-size.png\",\"contentUrl\":\"https:\/\/kapitalis.com\/tunisie\/wp-content\/uploads\/2022\/05\/Kapitalis-big-size.png\",\"width\":5000,\"height\":1500,\"caption\":\"Kapitalis\"},\"image\":{\"@id\":\"https:\/\/kapitalis.com\/tunisie\/#\/schema\/logo\/image\/\"},\"sameAs\":[\"https:\/\/www.facebook.com\/KapitalisInfo\/\",\"https:\/\/x.com\/KapitalisInfo\",\"https:\/\/www.youtube.com\/channel\/UC-yDYrHyfFBWWZaOw3FPg9Q\"]},{\"@type\":\"Person\",\"@id\":\"https:\/\/kapitalis.com\/tunisie\/#\/schema\/person\/d71f33a9ca44f7bad4698210b480c8e9\",\"name\":\"webmaster kapitalis\",\"url\":\"https:\/\/kapitalis.com\/tunisie\/author\/webmaster-kapitalis\/\"}]}<\/script>\n<!-- \/ Yoast SEO plugin. -->","yoast_head_json":{"title":"La Tunisie attend un soutien plus efficace de l\u2019Union europ\u00e9enne - Kapitalis","robots":{"index":"index","follow":"follow","max-snippet":"max-snippet:-1","max-image-preview":"max-image-preview:large","max-video-preview":"max-video-preview:-1"},"canonical":"https:\/\/kapitalis.com\/tunisie\/2025\/03\/18\/la-tunisie-attend-un-soutien-plus-efficace-de-lunion-europeenne\/","og_locale":"fr_FR","og_type":"article","og_title":"La Tunisie attend un soutien plus efficace de l\u2019Union europ\u00e9enne - Kapitalis","og_description":"La Tunisie exige un meilleur soutien de l\u2019Union europ\u00e9enne dans la mise en \u0153uvre des diff\u00e9rentes r\u00e9formes entreprises.","og_url":"https:\/\/kapitalis.com\/tunisie\/2025\/03\/18\/la-tunisie-attend-un-soutien-plus-efficace-de-lunion-europeenne\/","og_site_name":"Kapitalis","article_publisher":"https:\/\/www.facebook.com\/KapitalisInfo\/","article_published_time":"2025-03-18T12:03:35+00:00","article_modified_time":"2025-03-18T12:08:52+00:00","og_image":[{"width":1200,"height":630,"url":"https:\/\/kapitalis.com\/tunisie\/wp-content\/uploads\/2025\/03\/Kamel-Maddouri-Union-europeenne.jpg","type":"image\/jpeg"}],"author":"webmaster kapitalis","twitter_card":"summary_large_image","twitter_creator":"@KapitalisInfo","twitter_site":"@KapitalisInfo","twitter_misc":{"\u00c9crit par":"webmaster kapitalis","Dur\u00e9e de lecture estim\u00e9e":"3 minutes"},"schema":{"@context":"https:\/\/schema.org","@graph":[{"@type":"Article","@id":"https:\/\/kapitalis.com\/tunisie\/2025\/03\/18\/la-tunisie-attend-un-soutien-plus-efficace-de-lunion-europeenne\/#article","isPartOf":{"@id":"https:\/\/kapitalis.com\/tunisie\/2025\/03\/18\/la-tunisie-attend-un-soutien-plus-efficace-de-lunion-europeenne\/"},"author":{"name":"webmaster kapitalis","@id":"https:\/\/kapitalis.com\/tunisie\/#\/schema\/person\/d71f33a9ca44f7bad4698210b480c8e9"},"headline":"La Tunisie attend un soutien plus efficace de l\u2019Union europ\u00e9enne","datePublished":"2025-03-18T12:03:35+00:00","dateModified":"2025-03-18T12:08:52+00:00","mainEntityOfPage":{"@id":"https:\/\/kapitalis.com\/tunisie\/2025\/03\/18\/la-tunisie-attend-un-soutien-plus-efficace-de-lunion-europeenne\/"},"wordCount":475,"commentCount":1,"publisher":{"@id":"https:\/\/kapitalis.com\/tunisie\/#organization"},"image":{"@id":"https:\/\/kapitalis.com\/tunisie\/2025\/03\/18\/la-tunisie-attend-un-soutien-plus-efficace-de-lunion-europeenne\/#primaryimage"},"thumbnailUrl":"https:\/\/kapitalis.com\/tunisie\/wp-content\/uploads\/2025\/03\/Kamel-Maddouri-Union-europeenne.jpg","keywords":["BEI","crise migratoire","Giuseppe Perrone","Jean-Luc Revereault","Kamel Maddouri","Tom Achwanden","Tunisie","Union europ\u00e9enne"],"articleSection":["POLITIQUE","Tunisie"],"inLanguage":"fr-FR","potentialAction":[{"@type":"CommentAction","name":"Comment","target":["https:\/\/kapitalis.com\/tunisie\/2025\/03\/18\/la-tunisie-attend-un-soutien-plus-efficace-de-lunion-europeenne\/#respond"]}]},{"@type":"WebPage","@id":"https:\/\/kapitalis.com\/tunisie\/2025\/03\/18\/la-tunisie-attend-un-soutien-plus-efficace-de-lunion-europeenne\/","url":"https:\/\/kapitalis.com\/tunisie\/2025\/03\/18\/la-tunisie-attend-un-soutien-plus-efficace-de-lunion-europeenne\/","name":"La Tunisie attend un soutien plus efficace de l\u2019Union europ\u00e9enne - Kapitalis","isPartOf":{"@id":"https:\/\/kapitalis.com\/tunisie\/#website"},"primaryImageOfPage":{"@id":"https:\/\/kapitalis.com\/tunisie\/2025\/03\/18\/la-tunisie-attend-un-soutien-plus-efficace-de-lunion-europeenne\/#primaryimage"},"image":{"@id":"https:\/\/kapitalis.com\/tunisie\/2025\/03\/18\/la-tunisie-attend-un-soutien-plus-efficace-de-lunion-europeenne\/#primaryimage"},"thumbnailUrl":"https:\/\/kapitalis.com\/tunisie\/wp-content\/uploads\/2025\/03\/Kamel-Maddouri-Union-europeenne.jpg","datePublished":"2025-03-18T12:03:35+00:00","dateModified":"2025-03-18T12:08:52+00:00","breadcrumb":{"@id":"https:\/\/kapitalis.com\/tunisie\/2025\/03\/18\/la-tunisie-attend-un-soutien-plus-efficace-de-lunion-europeenne\/#breadcrumb"},"inLanguage":"fr-FR","potentialAction":[{"@type":"ReadAction","target":["https:\/\/kapitalis.com\/tunisie\/2025\/03\/18\/la-tunisie-attend-un-soutien-plus-efficace-de-lunion-europeenne\/"]}]},{"@type":"ImageObject","inLanguage":"fr-FR","@id":"https:\/\/kapitalis.com\/tunisie\/2025\/03\/18\/la-tunisie-attend-un-soutien-plus-efficace-de-lunion-europeenne\/#primaryimage","url":"https:\/\/kapitalis.com\/tunisie\/wp-content\/uploads\/2025\/03\/Kamel-Maddouri-Union-europeenne.jpg","contentUrl":"https:\/\/kapitalis.com\/tunisie\/wp-content\/uploads\/2025\/03\/Kamel-Maddouri-Union-europeenne.jpg","width":1200,"height":630},{"@type":"BreadcrumbList","@id":"https:\/\/kapitalis.com\/tunisie\/2025\/03\/18\/la-tunisie-attend-un-soutien-plus-efficace-de-lunion-europeenne\/#breadcrumb","itemListElement":[{"@type":"ListItem","position":1,"name":"Accueil","item":"https:\/\/kapitalis.com\/tunisie\/"},{"@type":"ListItem","position":2,"name":"La Tunisie attend un soutien plus efficace de l\u2019Union europ\u00e9enne"}]},{"@type":"WebSite","@id":"https:\/\/kapitalis.com\/tunisie\/#website","url":"https:\/\/kapitalis.com\/tunisie\/","name":"Kapitalis","description":"L&#039;actualit\u00e9 en Tunisie et dans le monde","publisher":{"@id":"https:\/\/kapitalis.com\/tunisie\/#organization"},"potentialAction":[{"@type":"SearchAction","target":{"@type":"EntryPoint","urlTemplate":"https:\/\/kapitalis.com\/tunisie\/?s={search_term_string}"},"query-input":{"@type":"PropertyValueSpecification","valueRequired":true,"valueName":"search_term_string"}}],"inLanguage":"fr-FR"},{"@type":"Organization","@id":"https:\/\/kapitalis.com\/tunisie\/#organization","name":"Kapitalis","url":"https:\/\/kapitalis.com\/tunisie\/","logo":{"@type":"ImageObject","inLanguage":"fr-FR","@id":"https:\/\/kapitalis.com\/tunisie\/#\/schema\/logo\/image\/","url":"https:\/\/kapitalis.com\/tunisie\/wp-content\/uploads\/2022\/05\/Kapitalis-big-size.png","contentUrl":"https:\/\/kapitalis.com\/tunisie\/wp-content\/uploads\/2022\/05\/Kapitalis-big-size.png","width":5000,"height":1500,"caption":"Kapitalis"},"image":{"@id":"https:\/\/kapitalis.com\/tunisie\/#\/schema\/logo\/image\/"},"sameAs":["https:\/\/www.facebook.com\/KapitalisInfo\/","https:\/\/x.com\/KapitalisInfo","https:\/\/www.youtube.com\/channel\/UC-yDYrHyfFBWWZaOw3FPg9Q"]},{"@type":"Person","@id":"https:\/\/kapitalis.com\/tunisie\/#\/schema\/person\/d71f33a9ca44f7bad4698210b480c8e9","name":"webmaster kapitalis","url":"https:\/\/kapitalis.com\/tunisie\/author\/webmaster-kapitalis\/"}]}},"_links":{"self":[{"href":"https:\/\/kapitalis.com\/tunisie\/wp-json\/wp\/v2\/posts\/15924516","targetHints":{"allow":["GET"]}}],"collection":[{"href":"https:\/\/kapitalis.com\/tunisie\/wp-json\/wp\/v2\/posts"}],"about":[{"href":"https:\/\/kapitalis.com\/tunisie\/wp-json\/wp\/v2\/types\/post"}],"author":[{"embeddable":true,"href":"https:\/\/kapitalis.com\/tunisie\/wp-json\/wp\/v2\/users\/8"}],"replies":[{"embeddable":true,"href":"https:\/\/kapitalis.com\/tunisie\/wp-json\/wp\/v2\/comments?post=15924516"}],"version-history":[{"count":2,"href":"https:\/\/kapitalis.com\/tunisie\/wp-json\/wp\/v2\/posts\/15924516\/revisions"}],"predecessor-version":[{"id":15924597,"href":"https:\/\/kapitalis.com\/tunisie\/wp-json\/wp\/v2\/posts\/15924516\/revisions\/15924597"}],"wp:featuredmedia":[{"embeddable":true,"href":"https:\/\/kapitalis.com\/tunisie\/wp-json\/wp\/v2\/media\/15924543"}],"wp:attachment":[{"href":"https:\/\/kapitalis.com\/tunisie\/wp-json\/wp\/v2\/media?parent=15924516"}],"wp:term":[{"taxonomy":"category","embeddable":true,"href":"https:\/\/kapitalis.com\/tunisie\/wp-json\/wp\/v2\/categories?post=15924516"},{"taxonomy":"post_tag","embeddable":true,"href":"https:\/\/kapitalis.com\/tunisie\/wp-json\/wp\/v2\/tags?post=15924516"}],"curies":[{"name":"wp","href":"https:\/\/api.w.org\/{rel}","templated":true}]}}