{"id":15929835,"date":"2025-03-19T08:36:09","date_gmt":"2025-03-19T07:36:09","guid":{"rendered":"https:\/\/kapitalis.com\/tunisie\/?p=15929835"},"modified":"2025-03-19T08:36:11","modified_gmt":"2025-03-19T07:36:11","slug":"prix-comar-dor-2025-encore-une-dizaine-de-jours-pour-candidater","status":"publish","type":"post","link":"https:\/\/kapitalis.com\/tunisie\/2025\/03\/19\/prix-comar-dor-2025-encore-une-dizaine-de-jours-pour-candidater\/","title":{"rendered":"Prix Comar d\u2019Or 2025 | Encore une dizaine de jours pour candidater \u00a0"},"content":{"rendered":"\n<p><strong><em>Les Assurances Comar rappellent aux romanciers tunisiens ayant publi\u00e9 des romans en langues arabe ou fran\u00e7aise au cours des 12 derniers mois que le dernier d\u00e9lai pour la pr\u00e9sentation de leurs candidatures pour la 29<sup>e<\/sup> \u00e9dition des prix Comar d\u2019Or est fix\u00e9 au 31 mars 2025.<\/em><\/strong><\/p>\n\n\n\n<!--more-->\n\n\n\n<p>Pour participer, les auteurs (ou les \u00e9diteurs ayant eu pr\u00e9alablement l\u2019accord des auteurs) doivent contacte Comar Assurances (D\u00e9partement Marketing et Communication) afin de remplir la fiche d\u2019inscription et d\u00e9poser 7 exemplaires de leurs ouvrages publi\u00e9s entre le 1<sup>er<\/sup> avril 2024 et le 31 mars 2025, comme le stipule le r\u00e8glement du prix.<\/p>\n\n\n\n<p>Les Prix Comar d\u2019Or, lanc\u00e9s en 1997, sont les plus importants prix litt\u00e9raires en Tunisie depuis bient\u00f4t une trentaine d\u2019ann\u00e9es. Ils visent \u00e0 soutenir activement la cr\u00e9ation litt\u00e9raire dans le pays en r\u00e9compensant les meilleurs romans publi\u00e9s chaque ann\u00e9e. <\/p>\n\n\n\n<p>Chaque ann\u00e9e, six romans sont prim\u00e9s, trois en langue arabe et trois en langue fran\u00e7aise\u00a0: Comar d\u2019Or (10\u00a0000 DT), Prix sp\u00e9cial du jury (5 000 DT) et Prix D\u00e9couverte (2 500 DT).<\/p>\n\n\n\n<p>Outre la r\u00e9compense financi\u00e8re, les romanciers prim\u00e9s b\u00e9n\u00e9ficient d\u2019une promotion sp\u00e9ciale aupr\u00e8s des m\u00e9dias, des libraires et du grand public pour une meilleure diffusion de leurs ouvrages. &nbsp;<\/p>\n\n\n\n<p class=\"has-text-align-right\"><strong>I. B.<\/strong> <\/p>\n","protected":false},"excerpt":{"rendered":"<p>Le dernier d\u00e9lai pour le d\u00e9p\u00f4t des candidatures pour la 29e \u00e9dition des prix Comar d\u2019Or du roman tunisien est fix\u00e9 au 31 mars 2025.<\/p>\n","protected":false},"author":8,"featured_media":15929875,"comment_status":"open","ping_status":"open","sticky":false,"template":"","format":"standard","meta":{"footnotes":""},"categories":[994,2433],"tags":[22214,87606,5815],"class_list":["post-15929835","post","type-post","status-publish","format-standard","has-post-thumbnail","hentry","category-culture","category-tunisie","tag-assurances-comar","tag-comar-dor-2","tag-roman"],"yoast_head":"<!-- This site is optimized with the Yoast SEO plugin v26.6 - https:\/\/yoast.com\/wordpress\/plugins\/seo\/ -->\n<title>Prix Comar d\u2019Or 2025 | Encore une dizaine de jours pour candidater \u00a0 - Kapitalis<\/title>\n<meta name=\"robots\" content=\"index, follow, max-snippet:-1, max-image-preview:large, max-video-preview:-1\" \/>\n<link rel=\"canonical\" href=\"https:\/\/kapitalis.com\/tunisie\/2025\/03\/19\/prix-comar-dor-2025-encore-une-dizaine-de-jours-pour-candidater\/\" \/>\n<meta property=\"og:locale\" content=\"fr_FR\" \/>\n<meta property=\"og:type\" content=\"article\" \/>\n<meta property=\"og:title\" content=\"Prix Comar d\u2019Or 2025 | Encore une dizaine de jours pour candidater \u00a0 - Kapitalis\" \/>\n<meta property=\"og:description\" content=\"Le dernier d\u00e9lai pour le d\u00e9p\u00f4t des candidatures pour la 29e \u00e9dition des prix Comar d\u2019Or du roman tunisien est fix\u00e9 au 31 mars 2025.\" \/>\n<meta property=\"og:url\" content=\"https:\/\/kapitalis.com\/tunisie\/2025\/03\/19\/prix-comar-dor-2025-encore-une-dizaine-de-jours-pour-candidater\/\" \/>\n<meta property=\"og:site_name\" content=\"Kapitalis\" \/>\n<meta property=\"article:publisher\" content=\"https:\/\/www.facebook.com\/KapitalisInfo\/\" \/>\n<meta property=\"article:published_time\" content=\"2025-03-19T07:36:09+00:00\" \/>\n<meta property=\"article:modified_time\" content=\"2025-03-19T07:36:11+00:00\" \/>\n<meta property=\"og:image\" content=\"https:\/\/kapitalis.com\/tunisie\/wp-content\/uploads\/2025\/03\/Comar-Dor.jpg\" \/>\n\t<meta property=\"og:image:width\" content=\"1200\" \/>\n\t<meta property=\"og:image:height\" content=\"630\" \/>\n\t<meta property=\"og:image:type\" content=\"image\/jpeg\" \/>\n<meta name=\"author\" content=\"webmaster kapitalis\" \/>\n<meta name=\"twitter:card\" content=\"summary_large_image\" \/>\n<meta name=\"twitter:creator\" content=\"@KapitalisInfo\" \/>\n<meta name=\"twitter:site\" content=\"@KapitalisInfo\" \/>\n<meta name=\"twitter:label1\" content=\"\u00c9crit par\" \/>\n\t<meta name=\"twitter:data1\" content=\"webmaster kapitalis\" \/>\n\t<meta name=\"twitter:label2\" content=\"Dur\u00e9e de lecture estim\u00e9e\" \/>\n\t<meta name=\"twitter:data2\" content=\"2 minutes\" \/>\n<script type=\"application\/ld+json\" class=\"yoast-schema-graph\">{\"@context\":\"https:\/\/schema.org\",\"@graph\":[{\"@type\":\"Article\",\"@id\":\"https:\/\/kapitalis.com\/tunisie\/2025\/03\/19\/prix-comar-dor-2025-encore-une-dizaine-de-jours-pour-candidater\/#article\",\"isPartOf\":{\"@id\":\"https:\/\/kapitalis.com\/tunisie\/2025\/03\/19\/prix-comar-dor-2025-encore-une-dizaine-de-jours-pour-candidater\/\"},\"author\":{\"name\":\"webmaster kapitalis\",\"@id\":\"https:\/\/kapitalis.com\/tunisie\/#\/schema\/person\/d71f33a9ca44f7bad4698210b480c8e9\"},\"headline\":\"Prix Comar d\u2019Or 2025 | Encore une dizaine de jours pour candidater \u00a0\",\"datePublished\":\"2025-03-19T07:36:09+00:00\",\"dateModified\":\"2025-03-19T07:36:11+00:00\",\"mainEntityOfPage\":{\"@id\":\"https:\/\/kapitalis.com\/tunisie\/2025\/03\/19\/prix-comar-dor-2025-encore-une-dizaine-de-jours-pour-candidater\/\"},\"wordCount\":233,\"commentCount\":0,\"publisher\":{\"@id\":\"https:\/\/kapitalis.com\/tunisie\/#organization\"},\"image\":{\"@id\":\"https:\/\/kapitalis.com\/tunisie\/2025\/03\/19\/prix-comar-dor-2025-encore-une-dizaine-de-jours-pour-candidater\/#primaryimage\"},\"thumbnailUrl\":\"https:\/\/kapitalis.com\/tunisie\/wp-content\/uploads\/2025\/03\/Comar-Dor.jpg\",\"keywords\":[\"Assurances Comar\",\"Comar d\u2019Or\",\"roman\"],\"articleSection\":[\"CULTURE\",\"Tunisie\"],\"inLanguage\":\"fr-FR\",\"potentialAction\":[{\"@type\":\"CommentAction\",\"name\":\"Comment\",\"target\":[\"https:\/\/kapitalis.com\/tunisie\/2025\/03\/19\/prix-comar-dor-2025-encore-une-dizaine-de-jours-pour-candidater\/#respond\"]}]},{\"@type\":\"WebPage\",\"@id\":\"https:\/\/kapitalis.com\/tunisie\/2025\/03\/19\/prix-comar-dor-2025-encore-une-dizaine-de-jours-pour-candidater\/\",\"url\":\"https:\/\/kapitalis.com\/tunisie\/2025\/03\/19\/prix-comar-dor-2025-encore-une-dizaine-de-jours-pour-candidater\/\",\"name\":\"Prix Comar d\u2019Or 2025 | Encore une dizaine de jours pour candidater \u00a0 - Kapitalis\",\"isPartOf\":{\"@id\":\"https:\/\/kapitalis.com\/tunisie\/#website\"},\"primaryImageOfPage\":{\"@id\":\"https:\/\/kapitalis.com\/tunisie\/2025\/03\/19\/prix-comar-dor-2025-encore-une-dizaine-de-jours-pour-candidater\/#primaryimage\"},\"image\":{\"@id\":\"https:\/\/kapitalis.com\/tunisie\/2025\/03\/19\/prix-comar-dor-2025-encore-une-dizaine-de-jours-pour-candidater\/#primaryimage\"},\"thumbnailUrl\":\"https:\/\/kapitalis.com\/tunisie\/wp-content\/uploads\/2025\/03\/Comar-Dor.jpg\",\"datePublished\":\"2025-03-19T07:36:09+00:00\",\"dateModified\":\"2025-03-19T07:36:11+00:00\",\"breadcrumb\":{\"@id\":\"https:\/\/kapitalis.com\/tunisie\/2025\/03\/19\/prix-comar-dor-2025-encore-une-dizaine-de-jours-pour-candidater\/#breadcrumb\"},\"inLanguage\":\"fr-FR\",\"potentialAction\":[{\"@type\":\"ReadAction\",\"target\":[\"https:\/\/kapitalis.com\/tunisie\/2025\/03\/19\/prix-comar-dor-2025-encore-une-dizaine-de-jours-pour-candidater\/\"]}]},{\"@type\":\"ImageObject\",\"inLanguage\":\"fr-FR\",\"@id\":\"https:\/\/kapitalis.com\/tunisie\/2025\/03\/19\/prix-comar-dor-2025-encore-une-dizaine-de-jours-pour-candidater\/#primaryimage\",\"url\":\"https:\/\/kapitalis.com\/tunisie\/wp-content\/uploads\/2025\/03\/Comar-Dor.jpg\",\"contentUrl\":\"https:\/\/kapitalis.com\/tunisie\/wp-content\/uploads\/2025\/03\/Comar-Dor.jpg\",\"width\":1200,\"height\":630},{\"@type\":\"BreadcrumbList\",\"@id\":\"https:\/\/kapitalis.com\/tunisie\/2025\/03\/19\/prix-comar-dor-2025-encore-une-dizaine-de-jours-pour-candidater\/#breadcrumb\",\"itemListElement\":[{\"@type\":\"ListItem\",\"position\":1,\"name\":\"Accueil\",\"item\":\"https:\/\/kapitalis.com\/tunisie\/\"},{\"@type\":\"ListItem\",\"position\":2,\"name\":\"Prix Comar d\u2019Or 2025 | Encore une dizaine de jours pour candidater \u00a0\"}]},{\"@type\":\"WebSite\",\"@id\":\"https:\/\/kapitalis.com\/tunisie\/#website\",\"url\":\"https:\/\/kapitalis.com\/tunisie\/\",\"name\":\"Kapitalis\",\"description\":\"L&#039;actualit\u00e9 en Tunisie et dans le monde\",\"publisher\":{\"@id\":\"https:\/\/kapitalis.com\/tunisie\/#organization\"},\"potentialAction\":[{\"@type\":\"SearchAction\",\"target\":{\"@type\":\"EntryPoint\",\"urlTemplate\":\"https:\/\/kapitalis.com\/tunisie\/?s={search_term_string}\"},\"query-input\":{\"@type\":\"PropertyValueSpecification\",\"valueRequired\":true,\"valueName\":\"search_term_string\"}}],\"inLanguage\":\"fr-FR\"},{\"@type\":\"Organization\",\"@id\":\"https:\/\/kapitalis.com\/tunisie\/#organization\",\"name\":\"Kapitalis\",\"url\":\"https:\/\/kapitalis.com\/tunisie\/\",\"logo\":{\"@type\":\"ImageObject\",\"inLanguage\":\"fr-FR\",\"@id\":\"https:\/\/kapitalis.com\/tunisie\/#\/schema\/logo\/image\/\",\"url\":\"https:\/\/kapitalis.com\/tunisie\/wp-content\/uploads\/2022\/05\/Kapitalis-big-size.png\",\"contentUrl\":\"https:\/\/kapitalis.com\/tunisie\/wp-content\/uploads\/2022\/05\/Kapitalis-big-size.png\",\"width\":5000,\"height\":1500,\"caption\":\"Kapitalis\"},\"image\":{\"@id\":\"https:\/\/kapitalis.com\/tunisie\/#\/schema\/logo\/image\/\"},\"sameAs\":[\"https:\/\/www.facebook.com\/KapitalisInfo\/\",\"https:\/\/x.com\/KapitalisInfo\",\"https:\/\/www.youtube.com\/channel\/UC-yDYrHyfFBWWZaOw3FPg9Q\"]},{\"@type\":\"Person\",\"@id\":\"https:\/\/kapitalis.com\/tunisie\/#\/schema\/person\/d71f33a9ca44f7bad4698210b480c8e9\",\"name\":\"webmaster kapitalis\",\"url\":\"https:\/\/kapitalis.com\/tunisie\/author\/webmaster-kapitalis\/\"}]}<\/script>\n<!-- \/ Yoast SEO plugin. -->","yoast_head_json":{"title":"Prix Comar d\u2019Or 2025 | Encore une dizaine de jours pour candidater \u00a0 - Kapitalis","robots":{"index":"index","follow":"follow","max-snippet":"max-snippet:-1","max-image-preview":"max-image-preview:large","max-video-preview":"max-video-preview:-1"},"canonical":"https:\/\/kapitalis.com\/tunisie\/2025\/03\/19\/prix-comar-dor-2025-encore-une-dizaine-de-jours-pour-candidater\/","og_locale":"fr_FR","og_type":"article","og_title":"Prix Comar d\u2019Or 2025 | Encore une dizaine de jours pour candidater \u00a0 - Kapitalis","og_description":"Le dernier d\u00e9lai pour le d\u00e9p\u00f4t des candidatures pour la 29e \u00e9dition des prix Comar d\u2019Or du roman tunisien est fix\u00e9 au 31 mars 2025.","og_url":"https:\/\/kapitalis.com\/tunisie\/2025\/03\/19\/prix-comar-dor-2025-encore-une-dizaine-de-jours-pour-candidater\/","og_site_name":"Kapitalis","article_publisher":"https:\/\/www.facebook.com\/KapitalisInfo\/","article_published_time":"2025-03-19T07:36:09+00:00","article_modified_time":"2025-03-19T07:36:11+00:00","og_image":[{"width":1200,"height":630,"url":"https:\/\/kapitalis.com\/tunisie\/wp-content\/uploads\/2025\/03\/Comar-Dor.jpg","type":"image\/jpeg"}],"author":"webmaster kapitalis","twitter_card":"summary_large_image","twitter_creator":"@KapitalisInfo","twitter_site":"@KapitalisInfo","twitter_misc":{"\u00c9crit par":"webmaster kapitalis","Dur\u00e9e de lecture estim\u00e9e":"2 minutes"},"schema":{"@context":"https:\/\/schema.org","@graph":[{"@type":"Article","@id":"https:\/\/kapitalis.com\/tunisie\/2025\/03\/19\/prix-comar-dor-2025-encore-une-dizaine-de-jours-pour-candidater\/#article","isPartOf":{"@id":"https:\/\/kapitalis.com\/tunisie\/2025\/03\/19\/prix-comar-dor-2025-encore-une-dizaine-de-jours-pour-candidater\/"},"author":{"name":"webmaster kapitalis","@id":"https:\/\/kapitalis.com\/tunisie\/#\/schema\/person\/d71f33a9ca44f7bad4698210b480c8e9"},"headline":"Prix Comar d\u2019Or 2025 | Encore une dizaine de jours pour candidater \u00a0","datePublished":"2025-03-19T07:36:09+00:00","dateModified":"2025-03-19T07:36:11+00:00","mainEntityOfPage":{"@id":"https:\/\/kapitalis.com\/tunisie\/2025\/03\/19\/prix-comar-dor-2025-encore-une-dizaine-de-jours-pour-candidater\/"},"wordCount":233,"commentCount":0,"publisher":{"@id":"https:\/\/kapitalis.com\/tunisie\/#organization"},"image":{"@id":"https:\/\/kapitalis.com\/tunisie\/2025\/03\/19\/prix-comar-dor-2025-encore-une-dizaine-de-jours-pour-candidater\/#primaryimage"},"thumbnailUrl":"https:\/\/kapitalis.com\/tunisie\/wp-content\/uploads\/2025\/03\/Comar-Dor.jpg","keywords":["Assurances Comar","Comar d\u2019Or","roman"],"articleSection":["CULTURE","Tunisie"],"inLanguage":"fr-FR","potentialAction":[{"@type":"CommentAction","name":"Comment","target":["https:\/\/kapitalis.com\/tunisie\/2025\/03\/19\/prix-comar-dor-2025-encore-une-dizaine-de-jours-pour-candidater\/#respond"]}]},{"@type":"WebPage","@id":"https:\/\/kapitalis.com\/tunisie\/2025\/03\/19\/prix-comar-dor-2025-encore-une-dizaine-de-jours-pour-candidater\/","url":"https:\/\/kapitalis.com\/tunisie\/2025\/03\/19\/prix-comar-dor-2025-encore-une-dizaine-de-jours-pour-candidater\/","name":"Prix Comar d\u2019Or 2025 | Encore une dizaine de jours pour candidater \u00a0 - Kapitalis","isPartOf":{"@id":"https:\/\/kapitalis.com\/tunisie\/#website"},"primaryImageOfPage":{"@id":"https:\/\/kapitalis.com\/tunisie\/2025\/03\/19\/prix-comar-dor-2025-encore-une-dizaine-de-jours-pour-candidater\/#primaryimage"},"image":{"@id":"https:\/\/kapitalis.com\/tunisie\/2025\/03\/19\/prix-comar-dor-2025-encore-une-dizaine-de-jours-pour-candidater\/#primaryimage"},"thumbnailUrl":"https:\/\/kapitalis.com\/tunisie\/wp-content\/uploads\/2025\/03\/Comar-Dor.jpg","datePublished":"2025-03-19T07:36:09+00:00","dateModified":"2025-03-19T07:36:11+00:00","breadcrumb":{"@id":"https:\/\/kapitalis.com\/tunisie\/2025\/03\/19\/prix-comar-dor-2025-encore-une-dizaine-de-jours-pour-candidater\/#breadcrumb"},"inLanguage":"fr-FR","potentialAction":[{"@type":"ReadAction","target":["https:\/\/kapitalis.com\/tunisie\/2025\/03\/19\/prix-comar-dor-2025-encore-une-dizaine-de-jours-pour-candidater\/"]}]},{"@type":"ImageObject","inLanguage":"fr-FR","@id":"https:\/\/kapitalis.com\/tunisie\/2025\/03\/19\/prix-comar-dor-2025-encore-une-dizaine-de-jours-pour-candidater\/#primaryimage","url":"https:\/\/kapitalis.com\/tunisie\/wp-content\/uploads\/2025\/03\/Comar-Dor.jpg","contentUrl":"https:\/\/kapitalis.com\/tunisie\/wp-content\/uploads\/2025\/03\/Comar-Dor.jpg","width":1200,"height":630},{"@type":"BreadcrumbList","@id":"https:\/\/kapitalis.com\/tunisie\/2025\/03\/19\/prix-comar-dor-2025-encore-une-dizaine-de-jours-pour-candidater\/#breadcrumb","itemListElement":[{"@type":"ListItem","position":1,"name":"Accueil","item":"https:\/\/kapitalis.com\/tunisie\/"},{"@type":"ListItem","position":2,"name":"Prix Comar d\u2019Or 2025 | Encore une dizaine de jours pour candidater \u00a0"}]},{"@type":"WebSite","@id":"https:\/\/kapitalis.com\/tunisie\/#website","url":"https:\/\/kapitalis.com\/tunisie\/","name":"Kapitalis","description":"L&#039;actualit\u00e9 en Tunisie et dans le monde","publisher":{"@id":"https:\/\/kapitalis.com\/tunisie\/#organization"},"potentialAction":[{"@type":"SearchAction","target":{"@type":"EntryPoint","urlTemplate":"https:\/\/kapitalis.com\/tunisie\/?s={search_term_string}"},"query-input":{"@type":"PropertyValueSpecification","valueRequired":true,"valueName":"search_term_string"}}],"inLanguage":"fr-FR"},{"@type":"Organization","@id":"https:\/\/kapitalis.com\/tunisie\/#organization","name":"Kapitalis","url":"https:\/\/kapitalis.com\/tunisie\/","logo":{"@type":"ImageObject","inLanguage":"fr-FR","@id":"https:\/\/kapitalis.com\/tunisie\/#\/schema\/logo\/image\/","url":"https:\/\/kapitalis.com\/tunisie\/wp-content\/uploads\/2022\/05\/Kapitalis-big-size.png","contentUrl":"https:\/\/kapitalis.com\/tunisie\/wp-content\/uploads\/2022\/05\/Kapitalis-big-size.png","width":5000,"height":1500,"caption":"Kapitalis"},"image":{"@id":"https:\/\/kapitalis.com\/tunisie\/#\/schema\/logo\/image\/"},"sameAs":["https:\/\/www.facebook.com\/KapitalisInfo\/","https:\/\/x.com\/KapitalisInfo","https:\/\/www.youtube.com\/channel\/UC-yDYrHyfFBWWZaOw3FPg9Q"]},{"@type":"Person","@id":"https:\/\/kapitalis.com\/tunisie\/#\/schema\/person\/d71f33a9ca44f7bad4698210b480c8e9","name":"webmaster kapitalis","url":"https:\/\/kapitalis.com\/tunisie\/author\/webmaster-kapitalis\/"}]}},"_links":{"self":[{"href":"https:\/\/kapitalis.com\/tunisie\/wp-json\/wp\/v2\/posts\/15929835","targetHints":{"allow":["GET"]}}],"collection":[{"href":"https:\/\/kapitalis.com\/tunisie\/wp-json\/wp\/v2\/posts"}],"about":[{"href":"https:\/\/kapitalis.com\/tunisie\/wp-json\/wp\/v2\/types\/post"}],"author":[{"embeddable":true,"href":"https:\/\/kapitalis.com\/tunisie\/wp-json\/wp\/v2\/users\/8"}],"replies":[{"embeddable":true,"href":"https:\/\/kapitalis.com\/tunisie\/wp-json\/wp\/v2\/comments?post=15929835"}],"version-history":[{"count":1,"href":"https:\/\/kapitalis.com\/tunisie\/wp-json\/wp\/v2\/posts\/15929835\/revisions"}],"predecessor-version":[{"id":15929897,"href":"https:\/\/kapitalis.com\/tunisie\/wp-json\/wp\/v2\/posts\/15929835\/revisions\/15929897"}],"wp:featuredmedia":[{"embeddable":true,"href":"https:\/\/kapitalis.com\/tunisie\/wp-json\/wp\/v2\/media\/15929875"}],"wp:attachment":[{"href":"https:\/\/kapitalis.com\/tunisie\/wp-json\/wp\/v2\/media?parent=15929835"}],"wp:term":[{"taxonomy":"category","embeddable":true,"href":"https:\/\/kapitalis.com\/tunisie\/wp-json\/wp\/v2\/categories?post=15929835"},{"taxonomy":"post_tag","embeddable":true,"href":"https:\/\/kapitalis.com\/tunisie\/wp-json\/wp\/v2\/tags?post=15929835"}],"curies":[{"name":"wp","href":"https:\/\/api.w.org\/{rel}","templated":true}]}}