{"id":15938241,"date":"2025-03-20T12:37:33","date_gmt":"2025-03-20T11:37:33","guid":{"rendered":"https:\/\/kapitalis.com\/tunisie\/?p=15938241"},"modified":"2025-03-20T12:38:25","modified_gmt":"2025-03-20T11:38:25","slug":"tunisie-independance-est-un-combat-inacheve","status":"publish","type":"post","link":"https:\/\/kapitalis.com\/tunisie\/2025\/03\/20\/tunisie-independance-est-un-combat-inacheve\/","title":{"rendered":"Tunisie | L&rsquo;ind\u00e9pendance est un combat inachev\u00e9\u00a0\u00a0"},"content":{"rendered":"\n<p><strong><em>L\u2019ind\u00e9pendance\u2026 Un mot charg\u00e9 d\u2019histoire, de fiert\u00e9. Mais aussi d\u2019ambigu\u00eft\u00e9. Qu\u2019est-ce que l\u2019ind\u00e9pendance, au fond ? Un territoire lib\u00e9r\u00e9 ? Une souverainet\u00e9 politique? Ou une qu\u00eate plus profonde, plus intime, celle d\u2019une identit\u00e9 qui cherche encore sa forme?<\/em><\/strong><strong><em>&nbsp;<\/em><\/strong><\/p>\n\n\n\n<p><strong>Manel Albouchi *<\/strong><strong><\/strong><\/p>\n\n\n\n<!--more-->\n\n\n<div class=\"wp-block-image\">\n<figure class=\"alignleft size-full\"><img loading=\"lazy\" decoding=\"async\" width=\"200\" height=\"200\" src=\"https:\/\/kapitalis.com\/tunisie\/wp-content\/uploads\/2025\/01\/Manel-Albouchi-1.jpg\" alt=\"\" class=\"wp-image-15290578\" srcset=\"https:\/\/kapitalis.com\/tunisie\/wp-content\/uploads\/2025\/01\/Manel-Albouchi-1.jpg 200w, https:\/\/kapitalis.com\/tunisie\/wp-content\/uploads\/2025\/01\/Manel-Albouchi-1-150x150.jpg 150w, https:\/\/kapitalis.com\/tunisie\/wp-content\/uploads\/2025\/01\/Manel-Albouchi-1-120x120.jpg 120w\" sizes=\"auto, (max-width: 200px) 100vw, 200px\" \/><\/figure>\n<\/div>\n\n\n<p>La Tunisie d\u2019aujourd\u2019hui ressemble \u00e0 une sculpture inachev\u00e9e. Une \u0153uvre qui se mod\u00e8le sous l\u2019effet des vents contraires : l\u2019h\u00e9ritage et l\u2019avenir, la tradition et l\u2019innovation, la m\u00e9moire et la r\u00e9invention. Comme un individu en qu\u00eate de soi, elle oscille entre ce qui lui a \u00e9t\u00e9 transmis et ce qu\u2019elle aspire \u00e0 devenir. Mais cette qu\u00eate est-elle un cheminement naturel, ou sommes-nous enferm\u00e9s dans un entre-deux st\u00e9rile ?&nbsp;<\/p>\n\n\n\n<h2 class=\"wp-block-heading\">Le pass\u00e9, le pr\u00e9sent : un entre-deux incertain&nbsp;<\/h2>\n\n\n\n<p>Chaque ann\u00e9e, le 20 mars, nous comm\u00e9morons. Nous saluons la m\u00e9moire d\u2019une \u00e9poque o\u00f9 l\u2019ennemi \u00e9tait visible, o\u00f9 l\u2019oppression avait un visage clair. Habib Bourguiba a donn\u00e9 \u00e0 la Tunisie son ind\u00e9pendance mat\u00e9rielle, un cadre \u00e9tatique, une structure. Il nous a appris \u00e0 marcher debout. Mais avons-nous appris \u00e0 marcher seuls ?&nbsp;<\/p>\n\n\n\n<p>Le pays semble fig\u00e9 dans une tension permanente. Entre nostalgie et sid\u00e9ration. Entre admiration pour le pass\u00e9 et paralysie face \u00e0 l\u2019avenir. Nous nous racontons notre ind\u00e9pendance, mais nous la vivons comme une perte.&nbsp;<\/p>\n\n\n\n<p>Nous avons coup\u00e9 les cha\u00eenes visibles, mais avons-nous bris\u00e9 les cha\u00eenes invisibles?&nbsp;<\/p>\n\n\n\n<p>Nous avons r\u00e9cup\u00e9r\u00e9 notre terre, mais avons-nous r\u00e9cup\u00e9r\u00e9 notre souverainet\u00e9 int\u00e9rieure?&nbsp;<\/p>\n\n\n\n<p>Nous avons obtenu le droit de gouverner, mais savons-nous r\u00e9ellement choisir notre destin?&nbsp;<\/p>\n\n\n\n<p>La Tunisie vit un conflit identitaire. Un clivage, dans le sens psychanalytique du terme : une coexistence de r\u00e9alit\u00e9s contradictoires, o\u00f9 l&rsquo;on oscille entre fiert\u00e9 et d\u00e9sillusion, sans parvenir \u00e0 r\u00e9concilier les deux.&nbsp;<\/p>\n\n\n\n<h2 class=\"wp-block-heading\">L\u2019ind\u00e9pendance pi\u00e9g\u00e9e dans le regard des autres&nbsp;<\/h2>\n\n\n\n<p>L\u2019ind\u00e9pendance, ce n\u2019est pas seulement se lib\u00e9rer d\u2019un oppresseur. C\u2019est aussi se lib\u00e9rer du besoin d\u2019\u00eatre valid\u00e9. Or, nous vivons dans le regard des autres.&nbsp;<\/p>\n\n\n\n<p>Nous n\u00e9gocions notre souverainet\u00e9 \u00e9conomique avec des bailleurs de fonds \u00e9trangers.&nbsp;<\/p>\n\n\n\n<p>Notre sc\u00e8ne politique oscille entre ruptures superficielles et conformisme de fa\u00e7ade.&nbsp;<\/p>\n\n\n\n<p>Nos jeunes r\u00eavent d\u2019ailleurs, convaincus que l\u2019avenir ne se conjugue pas ici.&nbsp;<\/p>\n\n\n\n<p>Nous sommes comme un individu pris dans un locus de contr\u00f4le externe, cette sensation d\u2019\u00eatre d\u00e9termin\u00e9 par des forces ext\u00e9rieures, plut\u00f4t que d\u2019agir sur le monde. Nous subissons, plus que nous n\u2019habitons notre propre histoire.&nbsp;<\/p>\n\n\n\n<p>Alors, o\u00f9 est notre souverainet\u00e9 ?&nbsp;<\/p>\n\n\n\n<h2 class=\"wp-block-heading\">Sortir de l\u2019ignorance pour retrouver notre libert\u00e9 int\u00e9rieure&nbsp;<\/h2>\n\n\n\n<p>L\u2019ignorance n\u2019est pas qu\u2019un manque d\u2019information. C\u2019est une prison cognitive. Un peuple qui ne comprend pas son \u00e9poque ne peut que la subir.&nbsp;<\/p>\n\n\n\n<p>Aujourd\u2019hui, notre inconscience nous maintient en servitude :&nbsp;esclaves d\u2019un mod\u00e8le \u00e9conomique o\u00f9 nous produisons sans cr\u00e9er; esclaves d\u2019un climat politique o\u00f9 l\u2019instantan\u00e9 \u00e9crase la r\u00e9flexion; &nbsp;esclaves d\u2019un fatalisme qui nous fait croire que le changement est impossible.&nbsp; Mais alors, comment sortir de cette inertie ?&nbsp;<\/p>\n\n\n\n<h2 class=\"wp-block-heading\">Vers une ind\u00e9pendance r\u00e9elle : d\u00e9construire pour reconstruire&nbsp;<\/h2>\n\n\n\n<p><strong><em>1. Penser autrement<\/em><\/strong><strong><em>&nbsp;: <\/em><\/strong>notre vision du monde est fa\u00e7onn\u00e9e par des sch\u00e9mas anciens. Si nous continuons \u00e0 penser comme hier, nous revivrons hier. Aussi devons-nous&nbsp;:&nbsp;<\/p>\n\n\n\n<p>&#8211; d\u00e9velopper un esprit critique, une capacit\u00e9 \u00e0 analyser les structures invisibles;&nbsp;<\/p>\n\n\n\n<p>&#8211; revaloriser la culture du d\u00e9bat, non pas pour opposer, mais pour construire;<\/p>\n\n\n\n<p>&#8211; r\u00e9habiliter la complexit\u00e9 en cessant de chercher des solutions simplistes \u00e0 des probl\u00e8mes profonds.&nbsp;<\/p>\n\n\n\n<p><strong><em>2. Soigner notre rapport \u00e0 notre pays<\/em><\/strong><strong><em>&nbsp;:<\/em><\/strong> un peuple qui doute de sa propre terre est un peuple en exil int\u00e9rieur.&nbsp;Aussi devons-nous&nbsp;:<\/p>\n\n\n\n<p>&#8211; redonner du sens \u00e0 l\u2019engagement, au lieu d\u2019alimenter l\u2019\u00e9vasion;&nbsp;<\/p>\n\n\n\n<p>&#8211; restaurer la notion de responsabilit\u00e9 collective, au lieu de toujours bl\u00e2mer l\u2019Autre;&nbsp;<\/p>\n\n\n\n<p>&#8211; sortir du d\u00e9ni en reconnaissant nos failles pour mieux les d\u00e9passer.&nbsp;<\/p>\n\n\n\n<p><strong><em>3. B\u00e2tir une gouvernance incarn\u00e9e<\/em><\/strong><strong><em>&nbsp;:<\/em><\/strong> l\u2019ind\u00e9pendance ne se d\u00e9cr\u00e8te pas, elle se construit par&nbsp;:&nbsp;<\/p>\n\n\n\n<p>&#8211; un leadership qui ne se contente pas de <em>\u00abg\u00e9rer\u00bb<\/em>, mais qui impulse une vision&nbsp;;&nbsp;<\/p>\n\n\n\n<p>&#8211; un peuple qui comprend que la souverainet\u00e9 implique des devoirs, pas seulement des droits;<\/p>\n\n\n\n<p>&#8211; un mod\u00e8le \u00e9conomique qui cesse de mendier et qui commence \u00e0 innover.&nbsp;&nbsp;<\/p>\n\n\n\n<h2 class=\"wp-block-heading\">Vers une souverainet\u00e9 int\u00e9grale\u202f: de la m\u00e9moire \u00e0 l\u2019action&nbsp;<\/h2>\n\n\n\n<p>Aujourd\u2019hui, notre ambition ne doit pas se limiter \u00e0 pr\u00e9server ce qui a \u00e9t\u00e9 acquis, mais \u00e0 cr\u00e9er une nouvelle souverainet\u00e9, celle de l\u2019esprit et de la vision.&nbsp;<\/p>\n\n\n\n<p>L\u2019Histoire nous a donn\u00e9 un territoire libre. Il est temps maintenant d\u2019y inscrire une vision libre.&nbsp;<\/p>\n\n\n\n<p>Bonne f\u00eate de l\u2019Ind\u00e9pendance, et que cette journ\u00e9e soit le point de d\u00e9part d\u2019un renouveau, visible et invisible.&nbsp;<\/p>\n\n\n\n<p><em>*&nbsp;Psychologue et psychanalyste. &nbsp;<\/em><em><\/em><\/p>\n\n\n\n<figure class=\"wp-block-embed is-type-wp-embed is-provider-kapitalis wp-block-embed-kapitalis\"><div class=\"wp-block-embed__wrapper\">\n<blockquote class=\"wp-embedded-content\" data-secret=\"PywZjMKaW4\"><a href=\"https:\/\/kapitalis.com\/tunisie\/2025\/03\/20\/retrecissement-de-lespace-geostrategique-de-la-tunisie\/\">R\u00e9tr\u00e9cissement de l\u2019espace g\u00e9ostrat\u00e9gique de la Tunisie<\/a><\/blockquote><iframe loading=\"lazy\" class=\"wp-embedded-content\" sandbox=\"allow-scripts\" security=\"restricted\" style=\"position: absolute; visibility: hidden;\" title=\"\u00ab\u00a0R\u00e9tr\u00e9cissement de l\u2019espace g\u00e9ostrat\u00e9gique de la Tunisie\u00a0\u00bb &#8212; Kapitalis\" src=\"https:\/\/kapitalis.com\/tunisie\/2025\/03\/20\/retrecissement-de-lespace-geostrategique-de-la-tunisie\/embed\/#?secret=vdmexQ2WKQ#?secret=PywZjMKaW4\" data-secret=\"PywZjMKaW4\" width=\"600\" height=\"338\" frameborder=\"0\" marginwidth=\"0\" marginheight=\"0\" scrolling=\"no\"><\/iframe>\n<\/div><\/figure>\n","protected":false},"excerpt":{"rendered":"<p>Habib Bourguiba a donn\u00e9 \u00e0 la Tunisie son ind\u00e9pendance mat\u00e9rielle Il nous a appris \u00e0 marcher debout. Mais avons-nous appris \u00e0 marcher seuls ?\u00a0<\/p>\n","protected":false},"author":8,"featured_media":11669622,"comment_status":"open","ping_status":"open","sticky":false,"template":"","format":"standard","meta":{"footnotes":""},"categories":[992,997,1000,2433],"tags":[2358,10400,2900,81930,7484,62643],"class_list":["post-15938241","post","type-post","status-publish","format-standard","has-post-thumbnail","hentry","category-a-la-une","category-politique","category-tribune","category-tunisie","tag-habib-bourguiba","tag-identite","tag-independance","tag-modele-economique","tag-souverainete","tag-tunisie"],"yoast_head":"<!-- This site is optimized with the Yoast SEO plugin v26.6 - https:\/\/yoast.com\/wordpress\/plugins\/seo\/ -->\n<title>Tunisie | L&#039;ind\u00e9pendance est un combat inachev\u00e9\u00a0\u00a0 - Kapitalis<\/title>\n<meta name=\"robots\" content=\"index, follow, max-snippet:-1, max-image-preview:large, max-video-preview:-1\" \/>\n<link rel=\"canonical\" href=\"https:\/\/kapitalis.com\/tunisie\/2025\/03\/20\/tunisie-independance-est-un-combat-inacheve\/\" \/>\n<meta property=\"og:locale\" content=\"fr_FR\" \/>\n<meta property=\"og:type\" content=\"article\" \/>\n<meta property=\"og:title\" content=\"Tunisie | L&#039;ind\u00e9pendance est un combat inachev\u00e9\u00a0\u00a0 - Kapitalis\" \/>\n<meta property=\"og:description\" content=\"Habib Bourguiba a donn\u00e9 \u00e0 la Tunisie son ind\u00e9pendance mat\u00e9rielle Il nous a appris \u00e0 marcher debout. Mais avons-nous appris \u00e0 marcher seuls ?\u00a0\" \/>\n<meta property=\"og:url\" content=\"https:\/\/kapitalis.com\/tunisie\/2025\/03\/20\/tunisie-independance-est-un-combat-inacheve\/\" \/>\n<meta property=\"og:site_name\" content=\"Kapitalis\" \/>\n<meta property=\"article:publisher\" content=\"https:\/\/www.facebook.com\/KapitalisInfo\/\" \/>\n<meta property=\"article:published_time\" content=\"2025-03-20T11:37:33+00:00\" \/>\n<meta property=\"article:modified_time\" content=\"2025-03-20T11:38:25+00:00\" \/>\n<meta property=\"og:image\" content=\"https:\/\/kapitalis.com\/tunisie\/wp-content\/uploads\/2024\/02\/Tunisiens-Patriotisme.jpg\" \/>\n\t<meta property=\"og:image:width\" content=\"1200\" \/>\n\t<meta property=\"og:image:height\" content=\"630\" \/>\n\t<meta property=\"og:image:type\" content=\"image\/jpeg\" \/>\n<meta name=\"author\" content=\"webmaster kapitalis\" \/>\n<meta name=\"twitter:card\" content=\"summary_large_image\" \/>\n<meta name=\"twitter:creator\" content=\"@KapitalisInfo\" \/>\n<meta name=\"twitter:site\" content=\"@KapitalisInfo\" \/>\n<meta name=\"twitter:label1\" content=\"\u00c9crit par\" \/>\n\t<meta name=\"twitter:data1\" content=\"webmaster kapitalis\" \/>\n\t<meta name=\"twitter:label2\" content=\"Dur\u00e9e de lecture estim\u00e9e\" \/>\n\t<meta name=\"twitter:data2\" content=\"4 minutes\" \/>\n<script type=\"application\/ld+json\" class=\"yoast-schema-graph\">{\"@context\":\"https:\/\/schema.org\",\"@graph\":[{\"@type\":\"Article\",\"@id\":\"https:\/\/kapitalis.com\/tunisie\/2025\/03\/20\/tunisie-independance-est-un-combat-inacheve\/#article\",\"isPartOf\":{\"@id\":\"https:\/\/kapitalis.com\/tunisie\/2025\/03\/20\/tunisie-independance-est-un-combat-inacheve\/\"},\"author\":{\"name\":\"webmaster kapitalis\",\"@id\":\"https:\/\/kapitalis.com\/tunisie\/#\/schema\/person\/d71f33a9ca44f7bad4698210b480c8e9\"},\"headline\":\"Tunisie | L&rsquo;ind\u00e9pendance est un combat inachev\u00e9\u00a0\u00a0\",\"datePublished\":\"2025-03-20T11:37:33+00:00\",\"dateModified\":\"2025-03-20T11:38:25+00:00\",\"mainEntityOfPage\":{\"@id\":\"https:\/\/kapitalis.com\/tunisie\/2025\/03\/20\/tunisie-independance-est-un-combat-inacheve\/\"},\"wordCount\":877,\"commentCount\":2,\"publisher\":{\"@id\":\"https:\/\/kapitalis.com\/tunisie\/#organization\"},\"image\":{\"@id\":\"https:\/\/kapitalis.com\/tunisie\/2025\/03\/20\/tunisie-independance-est-un-combat-inacheve\/#primaryimage\"},\"thumbnailUrl\":\"https:\/\/kapitalis.com\/tunisie\/wp-content\/uploads\/2024\/02\/Tunisiens-Patriotisme.jpg\",\"keywords\":[\"Habib Bourguiba\",\"identit\u00e9\",\"ind\u00e9pendance\",\"mod\u00e8le \u00e9conomique\",\"souverainet\u00e9\",\"Tunisie\"],\"articleSection\":[\"A LA UNE\",\"POLITIQUE\",\"TRIBUNE\",\"Tunisie\"],\"inLanguage\":\"fr-FR\",\"potentialAction\":[{\"@type\":\"CommentAction\",\"name\":\"Comment\",\"target\":[\"https:\/\/kapitalis.com\/tunisie\/2025\/03\/20\/tunisie-independance-est-un-combat-inacheve\/#respond\"]}]},{\"@type\":\"WebPage\",\"@id\":\"https:\/\/kapitalis.com\/tunisie\/2025\/03\/20\/tunisie-independance-est-un-combat-inacheve\/\",\"url\":\"https:\/\/kapitalis.com\/tunisie\/2025\/03\/20\/tunisie-independance-est-un-combat-inacheve\/\",\"name\":\"Tunisie | L'ind\u00e9pendance est un combat inachev\u00e9\u00a0\u00a0 - Kapitalis\",\"isPartOf\":{\"@id\":\"https:\/\/kapitalis.com\/tunisie\/#website\"},\"primaryImageOfPage\":{\"@id\":\"https:\/\/kapitalis.com\/tunisie\/2025\/03\/20\/tunisie-independance-est-un-combat-inacheve\/#primaryimage\"},\"image\":{\"@id\":\"https:\/\/kapitalis.com\/tunisie\/2025\/03\/20\/tunisie-independance-est-un-combat-inacheve\/#primaryimage\"},\"thumbnailUrl\":\"https:\/\/kapitalis.com\/tunisie\/wp-content\/uploads\/2024\/02\/Tunisiens-Patriotisme.jpg\",\"datePublished\":\"2025-03-20T11:37:33+00:00\",\"dateModified\":\"2025-03-20T11:38:25+00:00\",\"breadcrumb\":{\"@id\":\"https:\/\/kapitalis.com\/tunisie\/2025\/03\/20\/tunisie-independance-est-un-combat-inacheve\/#breadcrumb\"},\"inLanguage\":\"fr-FR\",\"potentialAction\":[{\"@type\":\"ReadAction\",\"target\":[\"https:\/\/kapitalis.com\/tunisie\/2025\/03\/20\/tunisie-independance-est-un-combat-inacheve\/\"]}]},{\"@type\":\"ImageObject\",\"inLanguage\":\"fr-FR\",\"@id\":\"https:\/\/kapitalis.com\/tunisie\/2025\/03\/20\/tunisie-independance-est-un-combat-inacheve\/#primaryimage\",\"url\":\"https:\/\/kapitalis.com\/tunisie\/wp-content\/uploads\/2024\/02\/Tunisiens-Patriotisme.jpg\",\"contentUrl\":\"https:\/\/kapitalis.com\/tunisie\/wp-content\/uploads\/2024\/02\/Tunisiens-Patriotisme.jpg\",\"width\":1200,\"height\":630},{\"@type\":\"BreadcrumbList\",\"@id\":\"https:\/\/kapitalis.com\/tunisie\/2025\/03\/20\/tunisie-independance-est-un-combat-inacheve\/#breadcrumb\",\"itemListElement\":[{\"@type\":\"ListItem\",\"position\":1,\"name\":\"Accueil\",\"item\":\"https:\/\/kapitalis.com\/tunisie\/\"},{\"@type\":\"ListItem\",\"position\":2,\"name\":\"Tunisie | L&rsquo;ind\u00e9pendance est un combat inachev\u00e9\u00a0\u00a0\"}]},{\"@type\":\"WebSite\",\"@id\":\"https:\/\/kapitalis.com\/tunisie\/#website\",\"url\":\"https:\/\/kapitalis.com\/tunisie\/\",\"name\":\"Kapitalis\",\"description\":\"L&#039;actualit\u00e9 en Tunisie et dans le monde\",\"publisher\":{\"@id\":\"https:\/\/kapitalis.com\/tunisie\/#organization\"},\"potentialAction\":[{\"@type\":\"SearchAction\",\"target\":{\"@type\":\"EntryPoint\",\"urlTemplate\":\"https:\/\/kapitalis.com\/tunisie\/?s={search_term_string}\"},\"query-input\":{\"@type\":\"PropertyValueSpecification\",\"valueRequired\":true,\"valueName\":\"search_term_string\"}}],\"inLanguage\":\"fr-FR\"},{\"@type\":\"Organization\",\"@id\":\"https:\/\/kapitalis.com\/tunisie\/#organization\",\"name\":\"Kapitalis\",\"url\":\"https:\/\/kapitalis.com\/tunisie\/\",\"logo\":{\"@type\":\"ImageObject\",\"inLanguage\":\"fr-FR\",\"@id\":\"https:\/\/kapitalis.com\/tunisie\/#\/schema\/logo\/image\/\",\"url\":\"https:\/\/kapitalis.com\/tunisie\/wp-content\/uploads\/2022\/05\/Kapitalis-big-size.png\",\"contentUrl\":\"https:\/\/kapitalis.com\/tunisie\/wp-content\/uploads\/2022\/05\/Kapitalis-big-size.png\",\"width\":5000,\"height\":1500,\"caption\":\"Kapitalis\"},\"image\":{\"@id\":\"https:\/\/kapitalis.com\/tunisie\/#\/schema\/logo\/image\/\"},\"sameAs\":[\"https:\/\/www.facebook.com\/KapitalisInfo\/\",\"https:\/\/x.com\/KapitalisInfo\",\"https:\/\/www.youtube.com\/channel\/UC-yDYrHyfFBWWZaOw3FPg9Q\"]},{\"@type\":\"Person\",\"@id\":\"https:\/\/kapitalis.com\/tunisie\/#\/schema\/person\/d71f33a9ca44f7bad4698210b480c8e9\",\"name\":\"webmaster kapitalis\",\"url\":\"https:\/\/kapitalis.com\/tunisie\/author\/webmaster-kapitalis\/\"}]}<\/script>\n<!-- \/ Yoast SEO plugin. -->","yoast_head_json":{"title":"Tunisie | L'ind\u00e9pendance est un combat inachev\u00e9\u00a0\u00a0 - Kapitalis","robots":{"index":"index","follow":"follow","max-snippet":"max-snippet:-1","max-image-preview":"max-image-preview:large","max-video-preview":"max-video-preview:-1"},"canonical":"https:\/\/kapitalis.com\/tunisie\/2025\/03\/20\/tunisie-independance-est-un-combat-inacheve\/","og_locale":"fr_FR","og_type":"article","og_title":"Tunisie | L'ind\u00e9pendance est un combat inachev\u00e9\u00a0\u00a0 - Kapitalis","og_description":"Habib Bourguiba a donn\u00e9 \u00e0 la Tunisie son ind\u00e9pendance mat\u00e9rielle Il nous a appris \u00e0 marcher debout. Mais avons-nous appris \u00e0 marcher seuls ?\u00a0","og_url":"https:\/\/kapitalis.com\/tunisie\/2025\/03\/20\/tunisie-independance-est-un-combat-inacheve\/","og_site_name":"Kapitalis","article_publisher":"https:\/\/www.facebook.com\/KapitalisInfo\/","article_published_time":"2025-03-20T11:37:33+00:00","article_modified_time":"2025-03-20T11:38:25+00:00","og_image":[{"width":1200,"height":630,"url":"https:\/\/kapitalis.com\/tunisie\/wp-content\/uploads\/2024\/02\/Tunisiens-Patriotisme.jpg","type":"image\/jpeg"}],"author":"webmaster kapitalis","twitter_card":"summary_large_image","twitter_creator":"@KapitalisInfo","twitter_site":"@KapitalisInfo","twitter_misc":{"\u00c9crit par":"webmaster kapitalis","Dur\u00e9e de lecture estim\u00e9e":"4 minutes"},"schema":{"@context":"https:\/\/schema.org","@graph":[{"@type":"Article","@id":"https:\/\/kapitalis.com\/tunisie\/2025\/03\/20\/tunisie-independance-est-un-combat-inacheve\/#article","isPartOf":{"@id":"https:\/\/kapitalis.com\/tunisie\/2025\/03\/20\/tunisie-independance-est-un-combat-inacheve\/"},"author":{"name":"webmaster kapitalis","@id":"https:\/\/kapitalis.com\/tunisie\/#\/schema\/person\/d71f33a9ca44f7bad4698210b480c8e9"},"headline":"Tunisie | L&rsquo;ind\u00e9pendance est un combat inachev\u00e9\u00a0\u00a0","datePublished":"2025-03-20T11:37:33+00:00","dateModified":"2025-03-20T11:38:25+00:00","mainEntityOfPage":{"@id":"https:\/\/kapitalis.com\/tunisie\/2025\/03\/20\/tunisie-independance-est-un-combat-inacheve\/"},"wordCount":877,"commentCount":2,"publisher":{"@id":"https:\/\/kapitalis.com\/tunisie\/#organization"},"image":{"@id":"https:\/\/kapitalis.com\/tunisie\/2025\/03\/20\/tunisie-independance-est-un-combat-inacheve\/#primaryimage"},"thumbnailUrl":"https:\/\/kapitalis.com\/tunisie\/wp-content\/uploads\/2024\/02\/Tunisiens-Patriotisme.jpg","keywords":["Habib Bourguiba","identit\u00e9","ind\u00e9pendance","mod\u00e8le \u00e9conomique","souverainet\u00e9","Tunisie"],"articleSection":["A LA UNE","POLITIQUE","TRIBUNE","Tunisie"],"inLanguage":"fr-FR","potentialAction":[{"@type":"CommentAction","name":"Comment","target":["https:\/\/kapitalis.com\/tunisie\/2025\/03\/20\/tunisie-independance-est-un-combat-inacheve\/#respond"]}]},{"@type":"WebPage","@id":"https:\/\/kapitalis.com\/tunisie\/2025\/03\/20\/tunisie-independance-est-un-combat-inacheve\/","url":"https:\/\/kapitalis.com\/tunisie\/2025\/03\/20\/tunisie-independance-est-un-combat-inacheve\/","name":"Tunisie | L'ind\u00e9pendance est un combat inachev\u00e9\u00a0\u00a0 - Kapitalis","isPartOf":{"@id":"https:\/\/kapitalis.com\/tunisie\/#website"},"primaryImageOfPage":{"@id":"https:\/\/kapitalis.com\/tunisie\/2025\/03\/20\/tunisie-independance-est-un-combat-inacheve\/#primaryimage"},"image":{"@id":"https:\/\/kapitalis.com\/tunisie\/2025\/03\/20\/tunisie-independance-est-un-combat-inacheve\/#primaryimage"},"thumbnailUrl":"https:\/\/kapitalis.com\/tunisie\/wp-content\/uploads\/2024\/02\/Tunisiens-Patriotisme.jpg","datePublished":"2025-03-20T11:37:33+00:00","dateModified":"2025-03-20T11:38:25+00:00","breadcrumb":{"@id":"https:\/\/kapitalis.com\/tunisie\/2025\/03\/20\/tunisie-independance-est-un-combat-inacheve\/#breadcrumb"},"inLanguage":"fr-FR","potentialAction":[{"@type":"ReadAction","target":["https:\/\/kapitalis.com\/tunisie\/2025\/03\/20\/tunisie-independance-est-un-combat-inacheve\/"]}]},{"@type":"ImageObject","inLanguage":"fr-FR","@id":"https:\/\/kapitalis.com\/tunisie\/2025\/03\/20\/tunisie-independance-est-un-combat-inacheve\/#primaryimage","url":"https:\/\/kapitalis.com\/tunisie\/wp-content\/uploads\/2024\/02\/Tunisiens-Patriotisme.jpg","contentUrl":"https:\/\/kapitalis.com\/tunisie\/wp-content\/uploads\/2024\/02\/Tunisiens-Patriotisme.jpg","width":1200,"height":630},{"@type":"BreadcrumbList","@id":"https:\/\/kapitalis.com\/tunisie\/2025\/03\/20\/tunisie-independance-est-un-combat-inacheve\/#breadcrumb","itemListElement":[{"@type":"ListItem","position":1,"name":"Accueil","item":"https:\/\/kapitalis.com\/tunisie\/"},{"@type":"ListItem","position":2,"name":"Tunisie | L&rsquo;ind\u00e9pendance est un combat inachev\u00e9\u00a0\u00a0"}]},{"@type":"WebSite","@id":"https:\/\/kapitalis.com\/tunisie\/#website","url":"https:\/\/kapitalis.com\/tunisie\/","name":"Kapitalis","description":"L&#039;actualit\u00e9 en Tunisie et dans le monde","publisher":{"@id":"https:\/\/kapitalis.com\/tunisie\/#organization"},"potentialAction":[{"@type":"SearchAction","target":{"@type":"EntryPoint","urlTemplate":"https:\/\/kapitalis.com\/tunisie\/?s={search_term_string}"},"query-input":{"@type":"PropertyValueSpecification","valueRequired":true,"valueName":"search_term_string"}}],"inLanguage":"fr-FR"},{"@type":"Organization","@id":"https:\/\/kapitalis.com\/tunisie\/#organization","name":"Kapitalis","url":"https:\/\/kapitalis.com\/tunisie\/","logo":{"@type":"ImageObject","inLanguage":"fr-FR","@id":"https:\/\/kapitalis.com\/tunisie\/#\/schema\/logo\/image\/","url":"https:\/\/kapitalis.com\/tunisie\/wp-content\/uploads\/2022\/05\/Kapitalis-big-size.png","contentUrl":"https:\/\/kapitalis.com\/tunisie\/wp-content\/uploads\/2022\/05\/Kapitalis-big-size.png","width":5000,"height":1500,"caption":"Kapitalis"},"image":{"@id":"https:\/\/kapitalis.com\/tunisie\/#\/schema\/logo\/image\/"},"sameAs":["https:\/\/www.facebook.com\/KapitalisInfo\/","https:\/\/x.com\/KapitalisInfo","https:\/\/www.youtube.com\/channel\/UC-yDYrHyfFBWWZaOw3FPg9Q"]},{"@type":"Person","@id":"https:\/\/kapitalis.com\/tunisie\/#\/schema\/person\/d71f33a9ca44f7bad4698210b480c8e9","name":"webmaster kapitalis","url":"https:\/\/kapitalis.com\/tunisie\/author\/webmaster-kapitalis\/"}]}},"_links":{"self":[{"href":"https:\/\/kapitalis.com\/tunisie\/wp-json\/wp\/v2\/posts\/15938241","targetHints":{"allow":["GET"]}}],"collection":[{"href":"https:\/\/kapitalis.com\/tunisie\/wp-json\/wp\/v2\/posts"}],"about":[{"href":"https:\/\/kapitalis.com\/tunisie\/wp-json\/wp\/v2\/types\/post"}],"author":[{"embeddable":true,"href":"https:\/\/kapitalis.com\/tunisie\/wp-json\/wp\/v2\/users\/8"}],"replies":[{"embeddable":true,"href":"https:\/\/kapitalis.com\/tunisie\/wp-json\/wp\/v2\/comments?post=15938241"}],"version-history":[{"count":2,"href":"https:\/\/kapitalis.com\/tunisie\/wp-json\/wp\/v2\/posts\/15938241\/revisions"}],"predecessor-version":[{"id":15938260,"href":"https:\/\/kapitalis.com\/tunisie\/wp-json\/wp\/v2\/posts\/15938241\/revisions\/15938260"}],"wp:featuredmedia":[{"embeddable":true,"href":"https:\/\/kapitalis.com\/tunisie\/wp-json\/wp\/v2\/media\/11669622"}],"wp:attachment":[{"href":"https:\/\/kapitalis.com\/tunisie\/wp-json\/wp\/v2\/media?parent=15938241"}],"wp:term":[{"taxonomy":"category","embeddable":true,"href":"https:\/\/kapitalis.com\/tunisie\/wp-json\/wp\/v2\/categories?post=15938241"},{"taxonomy":"post_tag","embeddable":true,"href":"https:\/\/kapitalis.com\/tunisie\/wp-json\/wp\/v2\/tags?post=15938241"}],"curies":[{"name":"wp","href":"https:\/\/api.w.org\/{rel}","templated":true}]}}