{"id":15942252,"date":"2025-03-21T06:36:03","date_gmt":"2025-03-21T05:36:03","guid":{"rendered":"https:\/\/kapitalis.com\/tunisie\/?p=15942252"},"modified":"2025-03-21T07:43:53","modified_gmt":"2025-03-21T06:43:53","slug":"algerie-lecrivain-boualem-sansal-risque-10-ans-de-prison","status":"publish","type":"post","link":"https:\/\/kapitalis.com\/tunisie\/2025\/03\/21\/algerie-lecrivain-boualem-sansal-risque-10-ans-de-prison\/","title":{"rendered":"Alg\u00e9rie | L\u2019\u00e9crivain Boualem Sansal risque 10 ans de prison"},"content":{"rendered":"\n<p><strong><em>Le parquet du tribunal correctionnel de Dar El Beida a requis, mardi 20 mars 2025, une peine de 10 ans de prison ferme contre l\u2019\u00e9crivain franco-alg\u00e9rien Boualem Sansal. L\u2019auteur de \u2018\u20182084 : La fin du monde\u2019\u2019 est poursuivi pour plusieurs chefs d\u2019accusation, dont atteinte \u00e0 l\u2019int\u00e9grit\u00e9 territoriale, outrage \u00e0 corps constitu\u00e9 et possession de documents mena\u00e7ant la s\u00e9curit\u00e9 nationale.<\/em><\/strong><\/p>\n\n\n\n<!--more-->\n\n\n\n<p>Arr\u00eat\u00e9 le 16 novembre 2024 \u00e0 l\u2019a\u00e9roport d\u2019Alger, Boualem Sansal, 75 ans, avait \u00e9t\u00e9 plac\u00e9 en d\u00e9tention provisoire apr\u00e8s une s\u00e9rie de d\u00e9clarations publiques jug\u00e9es controvers\u00e9es par les autorit\u00e9s alg\u00e9riennes. En octobre dernier, il aurait tenu des propos remettant en question les fronti\u00e8res de l\u2019Alg\u00e9rie h\u00e9rit\u00e9es de la colonisation fran\u00e7aise, une position per\u00e7ue comme un soutien implicite \u00e0 la th\u00e8se marocaine sur le Sahara occidental.<\/p>\n\n\n\n<p>Selon son avocat, Fran\u00e7ois Zimeray, le proc\u00e8s s\u2019est d\u00e9roul\u00e9 <em>\u00abdans une opacit\u00e9 totale, sans respect des droits de la d\u00e9fense\u00bb<\/em>. L\u2019\u00e9crivain, connu pour son engagement critique envers le pouvoir alg\u00e9rien, a entam\u00e9 une gr\u00e8ve de la faim pour d\u00e9noncer son incarc\u00e9ration.<\/p>\n\n\n\n<h2 class=\"wp-block-heading\">Indignation en France et appel \u00e0 sa lib\u00e9ration<\/h2>\n\n\n\n<p>L\u2019affaire suscite une vive \u00e9motion en France. Le pr\u00e9sident Emmanuel Macron a exprim\u00e9 son inqui\u00e9tude face \u00e0 ce qu\u2019il qualifie de <em>\u00abd\u00e9tention arbitraire\u00bb<\/em>, appelant Alger \u00e0 garantir un proc\u00e8s \u00e9quitable. Plusieurs intellectuels et \u00e9crivains, dont Kamel Daoud et Le\u00efla Slimani, ont \u00e9galement d\u00e9nonc\u00e9 une atteinte \u00e0 la libert\u00e9 d\u2019expression et demand\u00e9 la lib\u00e9ration de Sansal.<\/p>\n\n\n\n<p>Du c\u00f4t\u00e9 des autorit\u00e9s alg\u00e9riennes, aucune r\u00e9action officielle n\u2019a \u00e9t\u00e9 enregistr\u00e9e. Le verdict est attendu pour le 27 mars. D\u2019ici l\u00e0, l\u2019\u00e9crivain reste incarc\u00e9r\u00e9 \u00e0 la prison d\u2019El Harrach, dans des conditions jug\u00e9es pr\u00e9occupantes par ses proches.<\/p>\n\n\n\n<p>Lors du proc\u00e8s, Sansal a ni\u00e9 toutes les accusations port\u00e9es contre lui, d\u00e9clarant qu\u2019il <em>\u00aba simplement exerc\u00e9 son droit \u00e0 la libert\u00e9 d\u2019expression\u00bb<\/em>. Selon <em>Echorouk<\/em>, Sansal, qui semblait en bonne sant\u00e9, a d\u00e9clar\u00e9 qu\u2019il <em>\u00abn\u2019avait jamais eu l\u2019intention de nuire \u00e0 l\u2019Etat\u00bb<\/em> et n\u2019avait <em>\u00abpas conscience que certaines de ses d\u00e9clarations pouvaient \u00eatre offensantes pour les institutions nationales\u00bb<\/em>. <\/p>\n\n\n\n<p>L\u2019\u00e9crivain a d\u00e9cid\u00e9 de se d\u00e9fendre sans l\u2019assistance d\u2019un avocat, r\u00e9pondant directement aux questions du juge. Les accusations sont bas\u00e9es sur des \u00e9l\u00e9ments trouv\u00e9s dans les appareils \u00e9lectroniques de l\u2019accus\u00e9, notamment des t\u00e9l\u00e9phones portables, des ordinateurs et des supports de stockage, consid\u00e9r\u00e9s comme nuisibles \u00e0 l\u2019ordre public et \u00e0 la stabilit\u00e9 nationale. <\/p>\n\n\n\n<p>Outre la prison, le procureur de la R\u00e9publique a \u00e9galement requis une amende d\u2019un million de dinars alg\u00e9riens (environ 25\u00a0000 dinars tunisiens).<\/p>\n\n\n\n<p>Affaire \u00e0 suivre.<\/p>\n\n\n\n<p class=\"has-text-align-right\"><strong>I. B.<\/strong> <em>(avec agences).<\/em><\/p>\n","protected":false},"excerpt":{"rendered":"<p>Le parquet alg\u00e9rien requiert une peine de 10 ans de prison ferme contre l\u2019\u00e9crivain franco-alg\u00e9rien Boualem Sansal. <\/p>\n","protected":false},"author":8,"featured_media":15032146,"comment_status":"open","ping_status":"open","sticky":false,"template":"","format":"standard","meta":{"footnotes":""},"categories":[994,997,2433],"tags":[64,111676,19579,395,121390,29293,74718,577,78852],"class_list":["post-15942252","post","type-post","status-publish","format-standard","has-post-thumbnail","hentry","category-culture","category-politique","category-tunisie","tag-algerie","tag-boualem-sansal","tag-emmanuel-macron","tag-france","tag-francois-zimeray","tag-kamel-daoud","tag-leila-slimani","tag-maroc","tag-sahara-occidental"],"yoast_head":"<!-- This site is optimized with the Yoast SEO plugin v26.6 - https:\/\/yoast.com\/wordpress\/plugins\/seo\/ -->\n<title>Alg\u00e9rie | L\u2019\u00e9crivain Boualem Sansal risque 10 ans de prison - Kapitalis<\/title>\n<meta name=\"robots\" content=\"index, follow, max-snippet:-1, max-image-preview:large, max-video-preview:-1\" \/>\n<link rel=\"canonical\" href=\"https:\/\/kapitalis.com\/tunisie\/2025\/03\/21\/algerie-lecrivain-boualem-sansal-risque-10-ans-de-prison\/\" \/>\n<meta property=\"og:locale\" content=\"fr_FR\" \/>\n<meta property=\"og:type\" content=\"article\" \/>\n<meta property=\"og:title\" content=\"Alg\u00e9rie | L\u2019\u00e9crivain Boualem Sansal risque 10 ans de prison - Kapitalis\" \/>\n<meta property=\"og:description\" content=\"Le parquet alg\u00e9rien requiert une peine de 10 ans de prison ferme contre l\u2019\u00e9crivain franco-alg\u00e9rien Boualem Sansal.\" \/>\n<meta property=\"og:url\" content=\"https:\/\/kapitalis.com\/tunisie\/2025\/03\/21\/algerie-lecrivain-boualem-sansal-risque-10-ans-de-prison\/\" \/>\n<meta property=\"og:site_name\" content=\"Kapitalis\" \/>\n<meta property=\"article:publisher\" content=\"https:\/\/www.facebook.com\/KapitalisInfo\/\" \/>\n<meta property=\"article:published_time\" content=\"2025-03-21T05:36:03+00:00\" \/>\n<meta property=\"article:modified_time\" content=\"2025-03-21T06:43:53+00:00\" \/>\n<meta property=\"og:image\" content=\"https:\/\/kapitalis.com\/tunisie\/wp-content\/uploads\/2024\/12\/Boualem-Sansal.jpg\" \/>\n\t<meta property=\"og:image:width\" content=\"1200\" \/>\n\t<meta property=\"og:image:height\" content=\"630\" \/>\n\t<meta property=\"og:image:type\" content=\"image\/jpeg\" \/>\n<meta name=\"author\" content=\"webmaster kapitalis\" \/>\n<meta name=\"twitter:card\" content=\"summary_large_image\" \/>\n<meta name=\"twitter:creator\" content=\"@KapitalisInfo\" \/>\n<meta name=\"twitter:site\" content=\"@KapitalisInfo\" \/>\n<meta name=\"twitter:label1\" content=\"\u00c9crit par\" \/>\n\t<meta name=\"twitter:data1\" content=\"webmaster kapitalis\" \/>\n\t<meta name=\"twitter:label2\" content=\"Dur\u00e9e de lecture estim\u00e9e\" \/>\n\t<meta name=\"twitter:data2\" content=\"3 minutes\" \/>\n<script type=\"application\/ld+json\" class=\"yoast-schema-graph\">{\"@context\":\"https:\/\/schema.org\",\"@graph\":[{\"@type\":\"Article\",\"@id\":\"https:\/\/kapitalis.com\/tunisie\/2025\/03\/21\/algerie-lecrivain-boualem-sansal-risque-10-ans-de-prison\/#article\",\"isPartOf\":{\"@id\":\"https:\/\/kapitalis.com\/tunisie\/2025\/03\/21\/algerie-lecrivain-boualem-sansal-risque-10-ans-de-prison\/\"},\"author\":{\"name\":\"webmaster kapitalis\",\"@id\":\"https:\/\/kapitalis.com\/tunisie\/#\/schema\/person\/d71f33a9ca44f7bad4698210b480c8e9\"},\"headline\":\"Alg\u00e9rie | L\u2019\u00e9crivain Boualem Sansal risque 10 ans de prison\",\"datePublished\":\"2025-03-21T05:36:03+00:00\",\"dateModified\":\"2025-03-21T06:43:53+00:00\",\"mainEntityOfPage\":{\"@id\":\"https:\/\/kapitalis.com\/tunisie\/2025\/03\/21\/algerie-lecrivain-boualem-sansal-risque-10-ans-de-prison\/\"},\"wordCount\":481,\"commentCount\":3,\"publisher\":{\"@id\":\"https:\/\/kapitalis.com\/tunisie\/#organization\"},\"image\":{\"@id\":\"https:\/\/kapitalis.com\/tunisie\/2025\/03\/21\/algerie-lecrivain-boualem-sansal-risque-10-ans-de-prison\/#primaryimage\"},\"thumbnailUrl\":\"https:\/\/kapitalis.com\/tunisie\/wp-content\/uploads\/2024\/12\/Boualem-Sansal.jpg\",\"keywords\":[\"Alg\u00e9rie\",\"Boualem Sansal\",\"Emmanuel Macron\",\"France\",\"Fran\u00e7ois Zimeray\",\"Kamel Daoud\",\"Le\u00efla Slimani\",\"Maroc\",\"Sahara Occidental\"],\"articleSection\":[\"CULTURE\",\"POLITIQUE\",\"Tunisie\"],\"inLanguage\":\"fr-FR\",\"potentialAction\":[{\"@type\":\"CommentAction\",\"name\":\"Comment\",\"target\":[\"https:\/\/kapitalis.com\/tunisie\/2025\/03\/21\/algerie-lecrivain-boualem-sansal-risque-10-ans-de-prison\/#respond\"]}]},{\"@type\":\"WebPage\",\"@id\":\"https:\/\/kapitalis.com\/tunisie\/2025\/03\/21\/algerie-lecrivain-boualem-sansal-risque-10-ans-de-prison\/\",\"url\":\"https:\/\/kapitalis.com\/tunisie\/2025\/03\/21\/algerie-lecrivain-boualem-sansal-risque-10-ans-de-prison\/\",\"name\":\"Alg\u00e9rie | L\u2019\u00e9crivain Boualem Sansal risque 10 ans de prison - Kapitalis\",\"isPartOf\":{\"@id\":\"https:\/\/kapitalis.com\/tunisie\/#website\"},\"primaryImageOfPage\":{\"@id\":\"https:\/\/kapitalis.com\/tunisie\/2025\/03\/21\/algerie-lecrivain-boualem-sansal-risque-10-ans-de-prison\/#primaryimage\"},\"image\":{\"@id\":\"https:\/\/kapitalis.com\/tunisie\/2025\/03\/21\/algerie-lecrivain-boualem-sansal-risque-10-ans-de-prison\/#primaryimage\"},\"thumbnailUrl\":\"https:\/\/kapitalis.com\/tunisie\/wp-content\/uploads\/2024\/12\/Boualem-Sansal.jpg\",\"datePublished\":\"2025-03-21T05:36:03+00:00\",\"dateModified\":\"2025-03-21T06:43:53+00:00\",\"breadcrumb\":{\"@id\":\"https:\/\/kapitalis.com\/tunisie\/2025\/03\/21\/algerie-lecrivain-boualem-sansal-risque-10-ans-de-prison\/#breadcrumb\"},\"inLanguage\":\"fr-FR\",\"potentialAction\":[{\"@type\":\"ReadAction\",\"target\":[\"https:\/\/kapitalis.com\/tunisie\/2025\/03\/21\/algerie-lecrivain-boualem-sansal-risque-10-ans-de-prison\/\"]}]},{\"@type\":\"ImageObject\",\"inLanguage\":\"fr-FR\",\"@id\":\"https:\/\/kapitalis.com\/tunisie\/2025\/03\/21\/algerie-lecrivain-boualem-sansal-risque-10-ans-de-prison\/#primaryimage\",\"url\":\"https:\/\/kapitalis.com\/tunisie\/wp-content\/uploads\/2024\/12\/Boualem-Sansal.jpg\",\"contentUrl\":\"https:\/\/kapitalis.com\/tunisie\/wp-content\/uploads\/2024\/12\/Boualem-Sansal.jpg\",\"width\":1200,\"height\":630},{\"@type\":\"BreadcrumbList\",\"@id\":\"https:\/\/kapitalis.com\/tunisie\/2025\/03\/21\/algerie-lecrivain-boualem-sansal-risque-10-ans-de-prison\/#breadcrumb\",\"itemListElement\":[{\"@type\":\"ListItem\",\"position\":1,\"name\":\"Accueil\",\"item\":\"https:\/\/kapitalis.com\/tunisie\/\"},{\"@type\":\"ListItem\",\"position\":2,\"name\":\"Alg\u00e9rie | L\u2019\u00e9crivain Boualem Sansal risque 10 ans de prison\"}]},{\"@type\":\"WebSite\",\"@id\":\"https:\/\/kapitalis.com\/tunisie\/#website\",\"url\":\"https:\/\/kapitalis.com\/tunisie\/\",\"name\":\"Kapitalis\",\"description\":\"L&#039;actualit\u00e9 en Tunisie et dans le monde\",\"publisher\":{\"@id\":\"https:\/\/kapitalis.com\/tunisie\/#organization\"},\"potentialAction\":[{\"@type\":\"SearchAction\",\"target\":{\"@type\":\"EntryPoint\",\"urlTemplate\":\"https:\/\/kapitalis.com\/tunisie\/?s={search_term_string}\"},\"query-input\":{\"@type\":\"PropertyValueSpecification\",\"valueRequired\":true,\"valueName\":\"search_term_string\"}}],\"inLanguage\":\"fr-FR\"},{\"@type\":\"Organization\",\"@id\":\"https:\/\/kapitalis.com\/tunisie\/#organization\",\"name\":\"Kapitalis\",\"url\":\"https:\/\/kapitalis.com\/tunisie\/\",\"logo\":{\"@type\":\"ImageObject\",\"inLanguage\":\"fr-FR\",\"@id\":\"https:\/\/kapitalis.com\/tunisie\/#\/schema\/logo\/image\/\",\"url\":\"https:\/\/kapitalis.com\/tunisie\/wp-content\/uploads\/2022\/05\/Kapitalis-big-size.png\",\"contentUrl\":\"https:\/\/kapitalis.com\/tunisie\/wp-content\/uploads\/2022\/05\/Kapitalis-big-size.png\",\"width\":5000,\"height\":1500,\"caption\":\"Kapitalis\"},\"image\":{\"@id\":\"https:\/\/kapitalis.com\/tunisie\/#\/schema\/logo\/image\/\"},\"sameAs\":[\"https:\/\/www.facebook.com\/KapitalisInfo\/\",\"https:\/\/x.com\/KapitalisInfo\",\"https:\/\/www.youtube.com\/channel\/UC-yDYrHyfFBWWZaOw3FPg9Q\"]},{\"@type\":\"Person\",\"@id\":\"https:\/\/kapitalis.com\/tunisie\/#\/schema\/person\/d71f33a9ca44f7bad4698210b480c8e9\",\"name\":\"webmaster kapitalis\",\"url\":\"https:\/\/kapitalis.com\/tunisie\/author\/webmaster-kapitalis\/\"}]}<\/script>\n<!-- \/ Yoast SEO plugin. -->","yoast_head_json":{"title":"Alg\u00e9rie | L\u2019\u00e9crivain Boualem Sansal risque 10 ans de prison - Kapitalis","robots":{"index":"index","follow":"follow","max-snippet":"max-snippet:-1","max-image-preview":"max-image-preview:large","max-video-preview":"max-video-preview:-1"},"canonical":"https:\/\/kapitalis.com\/tunisie\/2025\/03\/21\/algerie-lecrivain-boualem-sansal-risque-10-ans-de-prison\/","og_locale":"fr_FR","og_type":"article","og_title":"Alg\u00e9rie | L\u2019\u00e9crivain Boualem Sansal risque 10 ans de prison - Kapitalis","og_description":"Le parquet alg\u00e9rien requiert une peine de 10 ans de prison ferme contre l\u2019\u00e9crivain franco-alg\u00e9rien Boualem Sansal.","og_url":"https:\/\/kapitalis.com\/tunisie\/2025\/03\/21\/algerie-lecrivain-boualem-sansal-risque-10-ans-de-prison\/","og_site_name":"Kapitalis","article_publisher":"https:\/\/www.facebook.com\/KapitalisInfo\/","article_published_time":"2025-03-21T05:36:03+00:00","article_modified_time":"2025-03-21T06:43:53+00:00","og_image":[{"width":1200,"height":630,"url":"https:\/\/kapitalis.com\/tunisie\/wp-content\/uploads\/2024\/12\/Boualem-Sansal.jpg","type":"image\/jpeg"}],"author":"webmaster kapitalis","twitter_card":"summary_large_image","twitter_creator":"@KapitalisInfo","twitter_site":"@KapitalisInfo","twitter_misc":{"\u00c9crit par":"webmaster kapitalis","Dur\u00e9e de lecture estim\u00e9e":"3 minutes"},"schema":{"@context":"https:\/\/schema.org","@graph":[{"@type":"Article","@id":"https:\/\/kapitalis.com\/tunisie\/2025\/03\/21\/algerie-lecrivain-boualem-sansal-risque-10-ans-de-prison\/#article","isPartOf":{"@id":"https:\/\/kapitalis.com\/tunisie\/2025\/03\/21\/algerie-lecrivain-boualem-sansal-risque-10-ans-de-prison\/"},"author":{"name":"webmaster kapitalis","@id":"https:\/\/kapitalis.com\/tunisie\/#\/schema\/person\/d71f33a9ca44f7bad4698210b480c8e9"},"headline":"Alg\u00e9rie | L\u2019\u00e9crivain Boualem Sansal risque 10 ans de prison","datePublished":"2025-03-21T05:36:03+00:00","dateModified":"2025-03-21T06:43:53+00:00","mainEntityOfPage":{"@id":"https:\/\/kapitalis.com\/tunisie\/2025\/03\/21\/algerie-lecrivain-boualem-sansal-risque-10-ans-de-prison\/"},"wordCount":481,"commentCount":3,"publisher":{"@id":"https:\/\/kapitalis.com\/tunisie\/#organization"},"image":{"@id":"https:\/\/kapitalis.com\/tunisie\/2025\/03\/21\/algerie-lecrivain-boualem-sansal-risque-10-ans-de-prison\/#primaryimage"},"thumbnailUrl":"https:\/\/kapitalis.com\/tunisie\/wp-content\/uploads\/2024\/12\/Boualem-Sansal.jpg","keywords":["Alg\u00e9rie","Boualem Sansal","Emmanuel Macron","France","Fran\u00e7ois Zimeray","Kamel Daoud","Le\u00efla Slimani","Maroc","Sahara Occidental"],"articleSection":["CULTURE","POLITIQUE","Tunisie"],"inLanguage":"fr-FR","potentialAction":[{"@type":"CommentAction","name":"Comment","target":["https:\/\/kapitalis.com\/tunisie\/2025\/03\/21\/algerie-lecrivain-boualem-sansal-risque-10-ans-de-prison\/#respond"]}]},{"@type":"WebPage","@id":"https:\/\/kapitalis.com\/tunisie\/2025\/03\/21\/algerie-lecrivain-boualem-sansal-risque-10-ans-de-prison\/","url":"https:\/\/kapitalis.com\/tunisie\/2025\/03\/21\/algerie-lecrivain-boualem-sansal-risque-10-ans-de-prison\/","name":"Alg\u00e9rie | L\u2019\u00e9crivain Boualem Sansal risque 10 ans de prison - Kapitalis","isPartOf":{"@id":"https:\/\/kapitalis.com\/tunisie\/#website"},"primaryImageOfPage":{"@id":"https:\/\/kapitalis.com\/tunisie\/2025\/03\/21\/algerie-lecrivain-boualem-sansal-risque-10-ans-de-prison\/#primaryimage"},"image":{"@id":"https:\/\/kapitalis.com\/tunisie\/2025\/03\/21\/algerie-lecrivain-boualem-sansal-risque-10-ans-de-prison\/#primaryimage"},"thumbnailUrl":"https:\/\/kapitalis.com\/tunisie\/wp-content\/uploads\/2024\/12\/Boualem-Sansal.jpg","datePublished":"2025-03-21T05:36:03+00:00","dateModified":"2025-03-21T06:43:53+00:00","breadcrumb":{"@id":"https:\/\/kapitalis.com\/tunisie\/2025\/03\/21\/algerie-lecrivain-boualem-sansal-risque-10-ans-de-prison\/#breadcrumb"},"inLanguage":"fr-FR","potentialAction":[{"@type":"ReadAction","target":["https:\/\/kapitalis.com\/tunisie\/2025\/03\/21\/algerie-lecrivain-boualem-sansal-risque-10-ans-de-prison\/"]}]},{"@type":"ImageObject","inLanguage":"fr-FR","@id":"https:\/\/kapitalis.com\/tunisie\/2025\/03\/21\/algerie-lecrivain-boualem-sansal-risque-10-ans-de-prison\/#primaryimage","url":"https:\/\/kapitalis.com\/tunisie\/wp-content\/uploads\/2024\/12\/Boualem-Sansal.jpg","contentUrl":"https:\/\/kapitalis.com\/tunisie\/wp-content\/uploads\/2024\/12\/Boualem-Sansal.jpg","width":1200,"height":630},{"@type":"BreadcrumbList","@id":"https:\/\/kapitalis.com\/tunisie\/2025\/03\/21\/algerie-lecrivain-boualem-sansal-risque-10-ans-de-prison\/#breadcrumb","itemListElement":[{"@type":"ListItem","position":1,"name":"Accueil","item":"https:\/\/kapitalis.com\/tunisie\/"},{"@type":"ListItem","position":2,"name":"Alg\u00e9rie | L\u2019\u00e9crivain Boualem Sansal risque 10 ans de prison"}]},{"@type":"WebSite","@id":"https:\/\/kapitalis.com\/tunisie\/#website","url":"https:\/\/kapitalis.com\/tunisie\/","name":"Kapitalis","description":"L&#039;actualit\u00e9 en Tunisie et dans le monde","publisher":{"@id":"https:\/\/kapitalis.com\/tunisie\/#organization"},"potentialAction":[{"@type":"SearchAction","target":{"@type":"EntryPoint","urlTemplate":"https:\/\/kapitalis.com\/tunisie\/?s={search_term_string}"},"query-input":{"@type":"PropertyValueSpecification","valueRequired":true,"valueName":"search_term_string"}}],"inLanguage":"fr-FR"},{"@type":"Organization","@id":"https:\/\/kapitalis.com\/tunisie\/#organization","name":"Kapitalis","url":"https:\/\/kapitalis.com\/tunisie\/","logo":{"@type":"ImageObject","inLanguage":"fr-FR","@id":"https:\/\/kapitalis.com\/tunisie\/#\/schema\/logo\/image\/","url":"https:\/\/kapitalis.com\/tunisie\/wp-content\/uploads\/2022\/05\/Kapitalis-big-size.png","contentUrl":"https:\/\/kapitalis.com\/tunisie\/wp-content\/uploads\/2022\/05\/Kapitalis-big-size.png","width":5000,"height":1500,"caption":"Kapitalis"},"image":{"@id":"https:\/\/kapitalis.com\/tunisie\/#\/schema\/logo\/image\/"},"sameAs":["https:\/\/www.facebook.com\/KapitalisInfo\/","https:\/\/x.com\/KapitalisInfo","https:\/\/www.youtube.com\/channel\/UC-yDYrHyfFBWWZaOw3FPg9Q"]},{"@type":"Person","@id":"https:\/\/kapitalis.com\/tunisie\/#\/schema\/person\/d71f33a9ca44f7bad4698210b480c8e9","name":"webmaster kapitalis","url":"https:\/\/kapitalis.com\/tunisie\/author\/webmaster-kapitalis\/"}]}},"_links":{"self":[{"href":"https:\/\/kapitalis.com\/tunisie\/wp-json\/wp\/v2\/posts\/15942252","targetHints":{"allow":["GET"]}}],"collection":[{"href":"https:\/\/kapitalis.com\/tunisie\/wp-json\/wp\/v2\/posts"}],"about":[{"href":"https:\/\/kapitalis.com\/tunisie\/wp-json\/wp\/v2\/types\/post"}],"author":[{"embeddable":true,"href":"https:\/\/kapitalis.com\/tunisie\/wp-json\/wp\/v2\/users\/8"}],"replies":[{"embeddable":true,"href":"https:\/\/kapitalis.com\/tunisie\/wp-json\/wp\/v2\/comments?post=15942252"}],"version-history":[{"count":3,"href":"https:\/\/kapitalis.com\/tunisie\/wp-json\/wp\/v2\/posts\/15942252\/revisions"}],"predecessor-version":[{"id":15942570,"href":"https:\/\/kapitalis.com\/tunisie\/wp-json\/wp\/v2\/posts\/15942252\/revisions\/15942570"}],"wp:featuredmedia":[{"embeddable":true,"href":"https:\/\/kapitalis.com\/tunisie\/wp-json\/wp\/v2\/media\/15032146"}],"wp:attachment":[{"href":"https:\/\/kapitalis.com\/tunisie\/wp-json\/wp\/v2\/media?parent=15942252"}],"wp:term":[{"taxonomy":"category","embeddable":true,"href":"https:\/\/kapitalis.com\/tunisie\/wp-json\/wp\/v2\/categories?post=15942252"},{"taxonomy":"post_tag","embeddable":true,"href":"https:\/\/kapitalis.com\/tunisie\/wp-json\/wp\/v2\/tags?post=15942252"}],"curies":[{"name":"wp","href":"https:\/\/api.w.org\/{rel}","templated":true}]}}