{"id":159440,"date":"2018-06-13T18:46:19","date_gmt":"2018-06-13T17:46:19","guid":{"rendered":"http:\/\/kapitalis.com\/tunisie\/?p=159440"},"modified":"2018-06-13T19:01:16","modified_gmt":"2018-06-13T18:01:16","slug":"en-rire-a-en-pleurer-nabil-karoui-en-mode-abbe-pierre-et-mere-theresa","status":"publish","type":"post","link":"https:\/\/kapitalis.com\/tunisie\/2018\/06\/13\/en-rire-a-en-pleurer-nabil-karoui-en-mode-abbe-pierre-et-mere-theresa\/","title":{"rendered":"En rire \u00e0 en pleurer : Nabil Karoui en mode abb\u00e9 Pierre et m\u00e8re Theresa"},"content":{"rendered":"<p style=\"text-align: center;\"><img loading=\"lazy\" decoding=\"async\" class=\"alignnone size-full wp-image-91835\" src=\"http:\/\/kapitalis.com\/tunisie\/wp-content\/uploads\/2017\/04\/Nabil-Karoui-.jpg\" alt=\"\" width=\"626\" height=\"380\" \/><\/p>\n<p><em><strong>Dans un post Facebook, post\u00e9 hier soir, mardi 12 juin 2018, qui ferait pleurer les \u00abzawalis\u00bb dans les gourbis, Nabil Karoui, patron de Nessma TV, se fait presque passer pour\u2026 l\u2019abb\u00e9 Pierre ou m\u00e8re Teresa.<\/strong> <\/em><\/p>\n<p><!--more--><\/p>\n<p>Il utilise sa cha\u00eene de t\u00e9l\u00e9vision pour insulter les gens, les diffamer, v\u00e9hiculer des mensonges \u00e0 leur endroit, les salit et apr\u00e8s, il dit que c\u2019est lui qui fait l\u2019objet d\u2019un vaste complot, qu\u2019il est insult\u00e9, sali, et qu\u2019il fait l\u2019objet d\u2019une campagne de diffamation programm\u00e9e.<\/p>\n<p>Le magnat de t\u00e9l\u00e9vision se pr\u00e9sente comme une pauvre victime pers\u00e9cut\u00e9e et instrumentalise m\u00eame Dieu et la religion, qu\u2019il croit pouvoir mettre de son c\u00f4t\u00e9.<\/p>\n<p>Les journalistes (et c&rsquo;est le cas de ceux de Kapitalis) qui \u00e9voquent les enqu\u00eates judiciaires dont il fait l\u2019objet pour \u00e9vasion fiscale, blanchiment d\u2019argent et corruption, notamment en lien avec le baron de la corruption Chafik Jarraya, en prison depuis mai 2017, il les qualifie de mercenaires sans foi ni loi.<\/p>\n<p>Il aurait \u00e9t\u00e9 plus inspir\u00e9 de d\u00e9poser une plainte contre eux pour diffamation. Mais pourquoi ne le fait-il pas ? La r\u00e9ponse est simple et claire : il est mouill\u00e9 jusqu\u2019au cou et il n\u2019a aucun int\u00e9r\u00eat \u00e0 se hasarder sur ce terrain-l\u00e0, au risque d\u2019aggraver son cas au regard de la justice et de l\u2019opinion, qui a d\u00e9couvert, depuis belle lurette, son vrai visage de corrompu, de colporteur de mensonges et de hors-la-loi.<\/p>\n<p>Et quand il parle de ramadan, <em>\u00abchahr fedhil\u00bb<\/em> (dit-il !), et r\u00e9p\u00e8te \u00e0 qui veuille encore le croire qu\u2019il est en train d\u2019aider les <em>\u00abzwawla\u00bb<\/em> (les pauvres) dans tout le territoire de la r\u00e9publique, de porter la voix des faibles et des d\u00e9munis et de chercher \u00e0 leur trouver des solutions \u00e0 leurs probl\u00e8mes (dit-il encore), il oublie d\u2019ajouter qu\u2019il ne le fait avec son argent propre mais avec celui collect\u00e9 aupr\u00e8s des <em>\u00abzwawla\u00bb<\/em> dont il abuse et qu\u2019il roule dans la farine, avec son \u00e9mission attrape-nigauds<em> \u2018\u2018Khalil Tounes\u2019\u2019<\/em>.<\/p>\n<p>En guise de conclusion, nous reprendrons le verset du Coran repris par Nabil Karoui \u00e0 la fin de son post Facebook: \u00ab\u064a\u0645\u0643\u0631\u0648\u0646 \u0648\u064a\u0645\u0643\u0631 \u0627\u0644\u0644\u0647 \u0648\u0627\u0644\u0644\u0647 \u062e\u064a\u0631 \u0627\u0644\u0645\u0627\u0643\u0631\u064a\u0646\u00bb (Ils rusent et Dieu ruse, qui est le plus rus\u00e9 de tous).<\/p>\n<p>Les Tunisiens ne perdent rien \u00e0 attendre pour d\u00e9couvrir (ce sera tr\u00e8s bient\u00f4t) le v\u00e9ritable visage de cet homme dont tous les faits et gestes portent la marque de la perfidie, du mensonge, de l\u2019affabulation et du m\u00e9pris de la personne humaine.<\/p>\n<p style=\"text-align: right;\"><strong>I. B.<\/strong><\/p>\n<p style=\"text-align: left;\"><em><strong>Le post de Nabil Karoui<\/strong> <\/em>(publicit\u00e9 gratuite):<\/p>\n<p style=\"text-align: right;\">\u062d\u0628\u064a\u062a \u0646\u0634\u0643\u0631 \u0643\u0644 \u0645\u0646 \u0633\u0627\u0646\u062f\u0646\u064a \u0648\u0633\u0627\u0646\u062f \u0646\u0633\u0645\u0629 \u0636\u062f \u0627\u0644\u062d\u0645\u0644\u0629 \u0627\u0644\u0642\u0630\u0631\u0629 \u0645\u062a\u0639 \u0627\u0644\u062a\u0634\u0648\u064a\u0647 \u0627\u0644\u0645\u0645\u0646\u0647\u062c (\u0625\u062a\u0647\u0627\u0645\u0627\u062a \u0628\u0627\u0637\u0644\u0629 \u060c \u062a\u0633\u062c\u064a\u0644\u0627\u062a \u0645\u0641\u0628\u0631\u0643\u0629\u060c\u0623\u0643\u0627\u0630\u064a\u0628 \u0639\u0644\u0649 \u0643\u0644 \u0644\u0648\u0646 \u060c\u0625\u0634\u0627\u0639\u0627\u062a &#8230;)\u0645\u0646 \u0637\u0631\u0641 \u0645\u0631\u062a\u0632\u0642 \u0645\u0627\u062a\u062e\u0627\u0641\u0634 \u0631\u0628\u064a \u0641\u064a \u0647\u0627\u0644\u0634\u0647\u0631 \u0627\u0644\u0641\u0636\u064a\u0644 \u062a\u0635\u0631\u0641\u062a \u0639\u0644\u064a\u0647\u0627 \u0627\u0644\u0645\u0644\u0627\u064a\u064a\u0646 \u0644\u062a\u0634\u0648\u064a\u0647 \u0633\u0645\u0639\u062a<br \/>\n\u062d\u0628\u064a\u062a \u0646\u0642\u0648\u0644\u0644\u0643\u0645 \u0625\u0644\u064a \u0639\u0646\u062f\u0643\u0645 \u0627\u0644\u062d\u0642 \u0641\u064a \u0627\u0644\u0647\u0628\u0629 \u0645\u062a\u0639\u0643\u0645 \u0645\u062a\u0639 \u0627\u0644\u0645\u0633\u0627\u0646\u062f\u0629 \u0625\u0644\u064a \u062c\u0627\u0648\u0628\u062a\u0648\u0647\u0645 \u0628\u064a\u0647\u0627 \u0628\u0643\u0644 \u0635\u062f\u0642 \u0648\u0628\u0643\u0644 \u062a\u0644\u0642\u0627\u0626\u064a\u0629 \u062e\u0627\u0637\u0631 \u0627\u0644\u0643\u0644\u0648 \u0643\u0630\u0628 \u0648\u062a\u0644\u0641\u064a\u0642 \u0644\u0627 \u062a\u0647\u0631\u0628\u062a \u0645\u0646 \u0627\u0644\u0636\u0631\u0627\u0626\u0628 \u0644\u0627 \u0647\u0645 \u064a\u062d\u0632\u0646\u0648\u0646 \u0643\u0644 \u0645\u0627 \u0641\u064a \u0627\u0644\u0623\u0645\u0631 \u0623\u0646\u0647\u0645 \u062a\u0642\u0644\u0642\u0648 \u062e\u0627\u0637\u0631\u0646\u0627 \u0646\u0639\u0627\u0648\u0646\u0648\u0627 \u0641\u064a \u0627\u0644\u0632\u0648\u0627\u0648\u0644\u0629 \u0648\u0642\u0631\u0627\u0628 \u0645\u0646\u0647\u0645 \u0648\u0645\u0634\u064a\u0646\u0627\u0644\u0647\u0645 \u0648\u0641\u0637\u0631\u0646\u0627 \u0645\u0639\u0627\u0647\u0645 \u0648\u0633\u0645\u0639\u0646\u0627\u0647\u0645 \u0641\u064a \u0643\u0627\u0645\u0644 \u0623\u0646\u062d\u0627\u0621 \u0627\u0644\u062c\u0645\u0647\u0648\u0631\u064a\u0629 \u0648\u0646\u0648\u0635\u0644\u0648 \u0641\u064a \u0623\u0635\u0648\u0627\u062a \u0627\u0644\u0645\u0633\u062a\u0636\u0639\u0641\u064a\u0646 \u0645\u0646\u0647\u0645 \u0648\u0646\u062d\u0627\u0648\u0644\u0648 \u0646\u0644\u0642\u0627\u0648\u0644\u0647\u0645 \u062d\u0644\u0648\u0644 .\u0643\u064a\u0641\u0645\u0627 \u064a\u062a\u0642\u0644\u0642\u0648 \u0632\u0627\u062f\u0629 \u0643\u064a\u0641 \u0646\u0633\u0645\u0629 \u0625\u062f\u0627\u0641\u0639 \u0639\u0644\u0649 \u0627\u0644\u0634\u0639\u0628 \u0636\u062f \u0627\u0644\u062d\u0642\u0631\u0629 \u0648\u062a\u0633\u0627\u0646\u062f \u0639\u0627\u0626\u0644\u0627\u062a \u0627\u0644\u0645\u0641\u0642\u0648\u062f\u064a\u0646 \u0641\u064a \u0642\u0631\u0642\u0646\u0629 \u0648\u062a\u0639\u0644\u0646 \u0639\u0644\u064a\u0647\u0645 \u0627\u0644\u062d\u062f\u0627\u062f \u0648\u062a\u0646\u0642\u0644 \u0648\u0627\u0642\u0639\u0647\u0645 \u0627\u0644\u0645\u0631\u064a\u0631 .\u0628\u0627\u0634 \u0646\u0643\u0645\u0644\u0648 \u062f\u064a\u0645\u0627 \u0645\u0639 \u0628\u0639\u0636\u0646\u0627 \u0641\u064a \u0627\u0644\u062b\u0646\u064a\u0629 \u0647\u0627\u0630\u064a \u0639\u0644\u0649 \u062e\u0627\u0637\u0631\u0646\u0627 \u0648\u0627\u0642\u0641\u064a\u0646 \u0639\u0644\u0649 \u0642\u0646\u0637\u0631\u0629 \u0627\u0644\u062d\u0642 .<br \/>\n\u064a\u0645\u0643\u0631\u0648\u0646 \u0648\u064a\u0645\u0643\u0631 \u0627\u0644\u0644\u0647 \u0648\u0627\u0644\u0644\u0647 \u062e\u064a\u0631 \u0627\u0644\u0645\u0627\u0643\u0631\u064a\u0646<\/p>\n<p style=\"text-align: right;\">\u0646\u0628\u064a\u0644 \u0627\u0644\u0642\u0631\u0648\u064a<\/p>\n<blockquote class=\"wp-embedded-content\" data-secret=\"EMxRJq8I9W\"><p><a href=\"https:\/\/kapitalis.com\/tunisie\/2018\/06\/11\/tunisie-campagne-sur-le-net-pour-le-boycott-de-nessma-tv\/\">Tunisie : Campagne sur le net pour le boycott de Nessma TV<\/a><\/p><\/blockquote>\n<p><iframe loading=\"lazy\" class=\"wp-embedded-content\" sandbox=\"allow-scripts\" security=\"restricted\" style=\"position: absolute; clip: rect(1px, 1px, 1px, 1px);\" title=\"\u00ab\u00a0Tunisie : Campagne sur le net pour le boycott de Nessma TV\u00a0\u00bb &#8212; Kapitalis\" src=\"https:\/\/kapitalis.com\/tunisie\/2018\/06\/11\/tunisie-campagne-sur-le-net-pour-le-boycott-de-nessma-tv\/embed\/#?secret=6ApgQc69LA#?secret=EMxRJq8I9W\" data-secret=\"EMxRJq8I9W\" width=\"600\" height=\"338\" frameborder=\"0\" marginwidth=\"0\" marginheight=\"0\" scrolling=\"no\"><\/iframe><\/p>\n<blockquote class=\"wp-embedded-content\" data-secret=\"jAIFt32VQC\"><p><a href=\"https:\/\/kapitalis.com\/tunisie\/2018\/06\/09\/nessma-karoui-demande-a-ses-journaleux-de-mentir-pour-souiller-i-watch\/\">Nessma : Karoui demande \u00e0 ses journaleux de mentir pour souiller I Watch<\/a><\/p><\/blockquote>\n<p><iframe loading=\"lazy\" class=\"wp-embedded-content\" sandbox=\"allow-scripts\" security=\"restricted\" style=\"position: absolute; clip: rect(1px, 1px, 1px, 1px);\" title=\"\u00ab\u00a0Nessma : Karoui demande \u00e0 ses journaleux de mentir pour souiller I Watch\u00a0\u00bb &#8212; Kapitalis\" src=\"https:\/\/kapitalis.com\/tunisie\/2018\/06\/09\/nessma-karoui-demande-a-ses-journaleux-de-mentir-pour-souiller-i-watch\/embed\/#?secret=qiLEizh6Yu#?secret=jAIFt32VQC\" data-secret=\"jAIFt32VQC\" width=\"600\" height=\"338\" frameborder=\"0\" marginwidth=\"0\" marginheight=\"0\" scrolling=\"no\"><\/iframe><\/p>\n<blockquote class=\"wp-embedded-content\" data-secret=\"ht3wgTHkcT\"><p><a href=\"https:\/\/kapitalis.com\/tunisie\/2017\/04\/17\/nabil-karoui-on-salit-i-watch-par-la-diffamation-et-les-insultes\/\">Nabil Karoui : \u00abOn salit I Watch par la diffamation et les insultes\u00bb<\/a><\/p><\/blockquote>\n<p><iframe loading=\"lazy\" class=\"wp-embedded-content\" sandbox=\"allow-scripts\" security=\"restricted\" style=\"position: absolute; clip: rect(1px, 1px, 1px, 1px);\" title=\"\u00ab\u00a0Nabil Karoui : \u00abOn salit I Watch par la diffamation et les insultes\u00bb\u00a0\u00bb &#8212; Kapitalis\" src=\"https:\/\/kapitalis.com\/tunisie\/2017\/04\/17\/nabil-karoui-on-salit-i-watch-par-la-diffamation-et-les-insultes\/embed\/#?secret=s7Xw0hrwsW#?secret=ht3wgTHkcT\" data-secret=\"ht3wgTHkcT\" width=\"600\" height=\"338\" frameborder=\"0\" marginwidth=\"0\" marginheight=\"0\" scrolling=\"no\"><\/iframe><\/p>\n","protected":false},"excerpt":{"rendered":"<p>Dans un post Facebook, post\u00e9 hier soir, mardi 12 juin 2018, qui ferait pleurer les \u00abzawalis\u00bb dans les gourbis, Nabil Karoui, patron de Nessma TV, se fait presque passer pour\u2026 l\u2019abb\u00e9 Pierre ou m\u00e8re Teresa.<\/p>\n","protected":false},"author":8,"featured_media":0,"comment_status":"open","ping_status":"open","sticky":false,"template":"","format":"standard","meta":{"footnotes":""},"categories":[996,2433],"tags":[3724,2594,1157,30302,651,657],"class_list":["post-159440","post","type-post","status-publish","format-standard","hentry","category-media","category-tunisie","tag-blanchiment-dargent","tag-chafik-jarraya","tag-evasion-fiscale","tag-khalil-tounes","tag-nabil-karoui","tag-nessma-tv"],"yoast_head":"<!-- This site is optimized with the Yoast SEO plugin v26.6 - https:\/\/yoast.com\/wordpress\/plugins\/seo\/ -->\n<title>En rire \u00e0 en pleurer : Nabil Karoui en mode abb\u00e9 Pierre et m\u00e8re Theresa - Kapitalis<\/title>\n<meta name=\"robots\" content=\"index, follow, max-snippet:-1, max-image-preview:large, max-video-preview:-1\" \/>\n<link rel=\"canonical\" href=\"https:\/\/kapitalis.com\/tunisie\/2018\/06\/13\/en-rire-a-en-pleurer-nabil-karoui-en-mode-abbe-pierre-et-mere-theresa\/\" \/>\n<meta property=\"og:locale\" content=\"fr_FR\" \/>\n<meta property=\"og:type\" content=\"article\" \/>\n<meta property=\"og:title\" content=\"En rire \u00e0 en pleurer : Nabil Karoui en mode abb\u00e9 Pierre et m\u00e8re Theresa - Kapitalis\" \/>\n<meta property=\"og:description\" content=\"Dans un post Facebook, post\u00e9 hier soir, mardi 12 juin 2018, qui ferait pleurer les \u00abzawalis\u00bb dans les gourbis, Nabil Karoui, patron de Nessma TV, se fait presque passer pour\u2026 l\u2019abb\u00e9 Pierre ou m\u00e8re Teresa.\" \/>\n<meta property=\"og:url\" content=\"https:\/\/kapitalis.com\/tunisie\/2018\/06\/13\/en-rire-a-en-pleurer-nabil-karoui-en-mode-abbe-pierre-et-mere-theresa\/\" \/>\n<meta property=\"og:site_name\" content=\"Kapitalis\" \/>\n<meta property=\"article:publisher\" content=\"https:\/\/www.facebook.com\/KapitalisInfo\/\" \/>\n<meta property=\"article:published_time\" content=\"2018-06-13T17:46:19+00:00\" \/>\n<meta property=\"article:modified_time\" content=\"2018-06-13T18:01:16+00:00\" \/>\n<meta property=\"og:image\" content=\"http:\/\/kapitalis.com\/tunisie\/wp-content\/uploads\/2017\/04\/Nabil-Karoui-.jpg\" \/>\n<meta name=\"author\" content=\"webmaster kapitalis\" \/>\n<meta name=\"twitter:card\" content=\"summary_large_image\" \/>\n<meta name=\"twitter:creator\" content=\"@KapitalisInfo\" \/>\n<meta name=\"twitter:site\" content=\"@KapitalisInfo\" \/>\n<meta name=\"twitter:label1\" content=\"\u00c9crit par\" \/>\n\t<meta name=\"twitter:data1\" content=\"webmaster kapitalis\" \/>\n\t<meta name=\"twitter:label2\" content=\"Dur\u00e9e de lecture estim\u00e9e\" \/>\n\t<meta name=\"twitter:data2\" content=\"2 minutes\" \/>\n<script type=\"application\/ld+json\" class=\"yoast-schema-graph\">{\"@context\":\"https:\/\/schema.org\",\"@graph\":[{\"@type\":\"Article\",\"@id\":\"https:\/\/kapitalis.com\/tunisie\/2018\/06\/13\/en-rire-a-en-pleurer-nabil-karoui-en-mode-abbe-pierre-et-mere-theresa\/#article\",\"isPartOf\":{\"@id\":\"https:\/\/kapitalis.com\/tunisie\/2018\/06\/13\/en-rire-a-en-pleurer-nabil-karoui-en-mode-abbe-pierre-et-mere-theresa\/\"},\"author\":{\"name\":\"webmaster kapitalis\",\"@id\":\"https:\/\/kapitalis.com\/tunisie\/#\/schema\/person\/d71f33a9ca44f7bad4698210b480c8e9\"},\"headline\":\"En rire \u00e0 en pleurer : Nabil Karoui en mode abb\u00e9 Pierre et m\u00e8re Theresa\",\"datePublished\":\"2018-06-13T17:46:19+00:00\",\"dateModified\":\"2018-06-13T18:01:16+00:00\",\"mainEntityOfPage\":{\"@id\":\"https:\/\/kapitalis.com\/tunisie\/2018\/06\/13\/en-rire-a-en-pleurer-nabil-karoui-en-mode-abbe-pierre-et-mere-theresa\/\"},\"wordCount\":472,\"commentCount\":0,\"publisher\":{\"@id\":\"https:\/\/kapitalis.com\/tunisie\/#organization\"},\"image\":{\"@id\":\"https:\/\/kapitalis.com\/tunisie\/2018\/06\/13\/en-rire-a-en-pleurer-nabil-karoui-en-mode-abbe-pierre-et-mere-theresa\/#primaryimage\"},\"thumbnailUrl\":\"http:\/\/kapitalis.com\/tunisie\/wp-content\/uploads\/2017\/04\/Nabil-Karoui-.jpg\",\"keywords\":[\"blanchiment d'argent\",\"Chafik Jarraya\",\"\u00e9vasion fiscale\",\"Khalil tounes\",\"Nabil Karoui\",\"Nessma TV\"],\"articleSection\":[\"MEDIA\",\"Tunisie\"],\"inLanguage\":\"fr-FR\",\"potentialAction\":[{\"@type\":\"CommentAction\",\"name\":\"Comment\",\"target\":[\"https:\/\/kapitalis.com\/tunisie\/2018\/06\/13\/en-rire-a-en-pleurer-nabil-karoui-en-mode-abbe-pierre-et-mere-theresa\/#respond\"]}]},{\"@type\":\"WebPage\",\"@id\":\"https:\/\/kapitalis.com\/tunisie\/2018\/06\/13\/en-rire-a-en-pleurer-nabil-karoui-en-mode-abbe-pierre-et-mere-theresa\/\",\"url\":\"https:\/\/kapitalis.com\/tunisie\/2018\/06\/13\/en-rire-a-en-pleurer-nabil-karoui-en-mode-abbe-pierre-et-mere-theresa\/\",\"name\":\"En rire \u00e0 en pleurer : Nabil Karoui en mode abb\u00e9 Pierre et m\u00e8re Theresa - Kapitalis\",\"isPartOf\":{\"@id\":\"https:\/\/kapitalis.com\/tunisie\/#website\"},\"primaryImageOfPage\":{\"@id\":\"https:\/\/kapitalis.com\/tunisie\/2018\/06\/13\/en-rire-a-en-pleurer-nabil-karoui-en-mode-abbe-pierre-et-mere-theresa\/#primaryimage\"},\"image\":{\"@id\":\"https:\/\/kapitalis.com\/tunisie\/2018\/06\/13\/en-rire-a-en-pleurer-nabil-karoui-en-mode-abbe-pierre-et-mere-theresa\/#primaryimage\"},\"thumbnailUrl\":\"http:\/\/kapitalis.com\/tunisie\/wp-content\/uploads\/2017\/04\/Nabil-Karoui-.jpg\",\"datePublished\":\"2018-06-13T17:46:19+00:00\",\"dateModified\":\"2018-06-13T18:01:16+00:00\",\"breadcrumb\":{\"@id\":\"https:\/\/kapitalis.com\/tunisie\/2018\/06\/13\/en-rire-a-en-pleurer-nabil-karoui-en-mode-abbe-pierre-et-mere-theresa\/#breadcrumb\"},\"inLanguage\":\"fr-FR\",\"potentialAction\":[{\"@type\":\"ReadAction\",\"target\":[\"https:\/\/kapitalis.com\/tunisie\/2018\/06\/13\/en-rire-a-en-pleurer-nabil-karoui-en-mode-abbe-pierre-et-mere-theresa\/\"]}]},{\"@type\":\"ImageObject\",\"inLanguage\":\"fr-FR\",\"@id\":\"https:\/\/kapitalis.com\/tunisie\/2018\/06\/13\/en-rire-a-en-pleurer-nabil-karoui-en-mode-abbe-pierre-et-mere-theresa\/#primaryimage\",\"url\":\"http:\/\/kapitalis.com\/tunisie\/wp-content\/uploads\/2017\/04\/Nabil-Karoui-.jpg\",\"contentUrl\":\"http:\/\/kapitalis.com\/tunisie\/wp-content\/uploads\/2017\/04\/Nabil-Karoui-.jpg\"},{\"@type\":\"BreadcrumbList\",\"@id\":\"https:\/\/kapitalis.com\/tunisie\/2018\/06\/13\/en-rire-a-en-pleurer-nabil-karoui-en-mode-abbe-pierre-et-mere-theresa\/#breadcrumb\",\"itemListElement\":[{\"@type\":\"ListItem\",\"position\":1,\"name\":\"Accueil\",\"item\":\"https:\/\/kapitalis.com\/tunisie\/\"},{\"@type\":\"ListItem\",\"position\":2,\"name\":\"En rire \u00e0 en pleurer : Nabil Karoui en mode abb\u00e9 Pierre et m\u00e8re Theresa\"}]},{\"@type\":\"WebSite\",\"@id\":\"https:\/\/kapitalis.com\/tunisie\/#website\",\"url\":\"https:\/\/kapitalis.com\/tunisie\/\",\"name\":\"Kapitalis\",\"description\":\"L&#039;actualit\u00e9 en Tunisie et dans le monde\",\"publisher\":{\"@id\":\"https:\/\/kapitalis.com\/tunisie\/#organization\"},\"potentialAction\":[{\"@type\":\"SearchAction\",\"target\":{\"@type\":\"EntryPoint\",\"urlTemplate\":\"https:\/\/kapitalis.com\/tunisie\/?s={search_term_string}\"},\"query-input\":{\"@type\":\"PropertyValueSpecification\",\"valueRequired\":true,\"valueName\":\"search_term_string\"}}],\"inLanguage\":\"fr-FR\"},{\"@type\":\"Organization\",\"@id\":\"https:\/\/kapitalis.com\/tunisie\/#organization\",\"name\":\"Kapitalis\",\"url\":\"https:\/\/kapitalis.com\/tunisie\/\",\"logo\":{\"@type\":\"ImageObject\",\"inLanguage\":\"fr-FR\",\"@id\":\"https:\/\/kapitalis.com\/tunisie\/#\/schema\/logo\/image\/\",\"url\":\"https:\/\/kapitalis.com\/tunisie\/wp-content\/uploads\/2022\/05\/Kapitalis-big-size.png\",\"contentUrl\":\"https:\/\/kapitalis.com\/tunisie\/wp-content\/uploads\/2022\/05\/Kapitalis-big-size.png\",\"width\":5000,\"height\":1500,\"caption\":\"Kapitalis\"},\"image\":{\"@id\":\"https:\/\/kapitalis.com\/tunisie\/#\/schema\/logo\/image\/\"},\"sameAs\":[\"https:\/\/www.facebook.com\/KapitalisInfo\/\",\"https:\/\/x.com\/KapitalisInfo\",\"https:\/\/www.youtube.com\/channel\/UC-yDYrHyfFBWWZaOw3FPg9Q\"]},{\"@type\":\"Person\",\"@id\":\"https:\/\/kapitalis.com\/tunisie\/#\/schema\/person\/d71f33a9ca44f7bad4698210b480c8e9\",\"name\":\"webmaster kapitalis\",\"url\":\"https:\/\/kapitalis.com\/tunisie\/author\/webmaster-kapitalis\/\"}]}<\/script>\n<!-- \/ Yoast SEO plugin. -->","yoast_head_json":{"title":"En rire \u00e0 en pleurer : Nabil Karoui en mode abb\u00e9 Pierre et m\u00e8re Theresa - Kapitalis","robots":{"index":"index","follow":"follow","max-snippet":"max-snippet:-1","max-image-preview":"max-image-preview:large","max-video-preview":"max-video-preview:-1"},"canonical":"https:\/\/kapitalis.com\/tunisie\/2018\/06\/13\/en-rire-a-en-pleurer-nabil-karoui-en-mode-abbe-pierre-et-mere-theresa\/","og_locale":"fr_FR","og_type":"article","og_title":"En rire \u00e0 en pleurer : Nabil Karoui en mode abb\u00e9 Pierre et m\u00e8re Theresa - Kapitalis","og_description":"Dans un post Facebook, post\u00e9 hier soir, mardi 12 juin 2018, qui ferait pleurer les \u00abzawalis\u00bb dans les gourbis, Nabil Karoui, patron de Nessma TV, se fait presque passer pour\u2026 l\u2019abb\u00e9 Pierre ou m\u00e8re Teresa.","og_url":"https:\/\/kapitalis.com\/tunisie\/2018\/06\/13\/en-rire-a-en-pleurer-nabil-karoui-en-mode-abbe-pierre-et-mere-theresa\/","og_site_name":"Kapitalis","article_publisher":"https:\/\/www.facebook.com\/KapitalisInfo\/","article_published_time":"2018-06-13T17:46:19+00:00","article_modified_time":"2018-06-13T18:01:16+00:00","og_image":[{"url":"http:\/\/kapitalis.com\/tunisie\/wp-content\/uploads\/2017\/04\/Nabil-Karoui-.jpg","type":"","width":"","height":""}],"author":"webmaster kapitalis","twitter_card":"summary_large_image","twitter_creator":"@KapitalisInfo","twitter_site":"@KapitalisInfo","twitter_misc":{"\u00c9crit par":"webmaster kapitalis","Dur\u00e9e de lecture estim\u00e9e":"2 minutes"},"schema":{"@context":"https:\/\/schema.org","@graph":[{"@type":"Article","@id":"https:\/\/kapitalis.com\/tunisie\/2018\/06\/13\/en-rire-a-en-pleurer-nabil-karoui-en-mode-abbe-pierre-et-mere-theresa\/#article","isPartOf":{"@id":"https:\/\/kapitalis.com\/tunisie\/2018\/06\/13\/en-rire-a-en-pleurer-nabil-karoui-en-mode-abbe-pierre-et-mere-theresa\/"},"author":{"name":"webmaster kapitalis","@id":"https:\/\/kapitalis.com\/tunisie\/#\/schema\/person\/d71f33a9ca44f7bad4698210b480c8e9"},"headline":"En rire \u00e0 en pleurer : Nabil Karoui en mode abb\u00e9 Pierre et m\u00e8re Theresa","datePublished":"2018-06-13T17:46:19+00:00","dateModified":"2018-06-13T18:01:16+00:00","mainEntityOfPage":{"@id":"https:\/\/kapitalis.com\/tunisie\/2018\/06\/13\/en-rire-a-en-pleurer-nabil-karoui-en-mode-abbe-pierre-et-mere-theresa\/"},"wordCount":472,"commentCount":0,"publisher":{"@id":"https:\/\/kapitalis.com\/tunisie\/#organization"},"image":{"@id":"https:\/\/kapitalis.com\/tunisie\/2018\/06\/13\/en-rire-a-en-pleurer-nabil-karoui-en-mode-abbe-pierre-et-mere-theresa\/#primaryimage"},"thumbnailUrl":"http:\/\/kapitalis.com\/tunisie\/wp-content\/uploads\/2017\/04\/Nabil-Karoui-.jpg","keywords":["blanchiment d'argent","Chafik Jarraya","\u00e9vasion fiscale","Khalil tounes","Nabil Karoui","Nessma TV"],"articleSection":["MEDIA","Tunisie"],"inLanguage":"fr-FR","potentialAction":[{"@type":"CommentAction","name":"Comment","target":["https:\/\/kapitalis.com\/tunisie\/2018\/06\/13\/en-rire-a-en-pleurer-nabil-karoui-en-mode-abbe-pierre-et-mere-theresa\/#respond"]}]},{"@type":"WebPage","@id":"https:\/\/kapitalis.com\/tunisie\/2018\/06\/13\/en-rire-a-en-pleurer-nabil-karoui-en-mode-abbe-pierre-et-mere-theresa\/","url":"https:\/\/kapitalis.com\/tunisie\/2018\/06\/13\/en-rire-a-en-pleurer-nabil-karoui-en-mode-abbe-pierre-et-mere-theresa\/","name":"En rire \u00e0 en pleurer : Nabil Karoui en mode abb\u00e9 Pierre et m\u00e8re Theresa - Kapitalis","isPartOf":{"@id":"https:\/\/kapitalis.com\/tunisie\/#website"},"primaryImageOfPage":{"@id":"https:\/\/kapitalis.com\/tunisie\/2018\/06\/13\/en-rire-a-en-pleurer-nabil-karoui-en-mode-abbe-pierre-et-mere-theresa\/#primaryimage"},"image":{"@id":"https:\/\/kapitalis.com\/tunisie\/2018\/06\/13\/en-rire-a-en-pleurer-nabil-karoui-en-mode-abbe-pierre-et-mere-theresa\/#primaryimage"},"thumbnailUrl":"http:\/\/kapitalis.com\/tunisie\/wp-content\/uploads\/2017\/04\/Nabil-Karoui-.jpg","datePublished":"2018-06-13T17:46:19+00:00","dateModified":"2018-06-13T18:01:16+00:00","breadcrumb":{"@id":"https:\/\/kapitalis.com\/tunisie\/2018\/06\/13\/en-rire-a-en-pleurer-nabil-karoui-en-mode-abbe-pierre-et-mere-theresa\/#breadcrumb"},"inLanguage":"fr-FR","potentialAction":[{"@type":"ReadAction","target":["https:\/\/kapitalis.com\/tunisie\/2018\/06\/13\/en-rire-a-en-pleurer-nabil-karoui-en-mode-abbe-pierre-et-mere-theresa\/"]}]},{"@type":"ImageObject","inLanguage":"fr-FR","@id":"https:\/\/kapitalis.com\/tunisie\/2018\/06\/13\/en-rire-a-en-pleurer-nabil-karoui-en-mode-abbe-pierre-et-mere-theresa\/#primaryimage","url":"http:\/\/kapitalis.com\/tunisie\/wp-content\/uploads\/2017\/04\/Nabil-Karoui-.jpg","contentUrl":"http:\/\/kapitalis.com\/tunisie\/wp-content\/uploads\/2017\/04\/Nabil-Karoui-.jpg"},{"@type":"BreadcrumbList","@id":"https:\/\/kapitalis.com\/tunisie\/2018\/06\/13\/en-rire-a-en-pleurer-nabil-karoui-en-mode-abbe-pierre-et-mere-theresa\/#breadcrumb","itemListElement":[{"@type":"ListItem","position":1,"name":"Accueil","item":"https:\/\/kapitalis.com\/tunisie\/"},{"@type":"ListItem","position":2,"name":"En rire \u00e0 en pleurer : Nabil Karoui en mode abb\u00e9 Pierre et m\u00e8re Theresa"}]},{"@type":"WebSite","@id":"https:\/\/kapitalis.com\/tunisie\/#website","url":"https:\/\/kapitalis.com\/tunisie\/","name":"Kapitalis","description":"L&#039;actualit\u00e9 en Tunisie et dans le monde","publisher":{"@id":"https:\/\/kapitalis.com\/tunisie\/#organization"},"potentialAction":[{"@type":"SearchAction","target":{"@type":"EntryPoint","urlTemplate":"https:\/\/kapitalis.com\/tunisie\/?s={search_term_string}"},"query-input":{"@type":"PropertyValueSpecification","valueRequired":true,"valueName":"search_term_string"}}],"inLanguage":"fr-FR"},{"@type":"Organization","@id":"https:\/\/kapitalis.com\/tunisie\/#organization","name":"Kapitalis","url":"https:\/\/kapitalis.com\/tunisie\/","logo":{"@type":"ImageObject","inLanguage":"fr-FR","@id":"https:\/\/kapitalis.com\/tunisie\/#\/schema\/logo\/image\/","url":"https:\/\/kapitalis.com\/tunisie\/wp-content\/uploads\/2022\/05\/Kapitalis-big-size.png","contentUrl":"https:\/\/kapitalis.com\/tunisie\/wp-content\/uploads\/2022\/05\/Kapitalis-big-size.png","width":5000,"height":1500,"caption":"Kapitalis"},"image":{"@id":"https:\/\/kapitalis.com\/tunisie\/#\/schema\/logo\/image\/"},"sameAs":["https:\/\/www.facebook.com\/KapitalisInfo\/","https:\/\/x.com\/KapitalisInfo","https:\/\/www.youtube.com\/channel\/UC-yDYrHyfFBWWZaOw3FPg9Q"]},{"@type":"Person","@id":"https:\/\/kapitalis.com\/tunisie\/#\/schema\/person\/d71f33a9ca44f7bad4698210b480c8e9","name":"webmaster kapitalis","url":"https:\/\/kapitalis.com\/tunisie\/author\/webmaster-kapitalis\/"}]}},"_links":{"self":[{"href":"https:\/\/kapitalis.com\/tunisie\/wp-json\/wp\/v2\/posts\/159440","targetHints":{"allow":["GET"]}}],"collection":[{"href":"https:\/\/kapitalis.com\/tunisie\/wp-json\/wp\/v2\/posts"}],"about":[{"href":"https:\/\/kapitalis.com\/tunisie\/wp-json\/wp\/v2\/types\/post"}],"author":[{"embeddable":true,"href":"https:\/\/kapitalis.com\/tunisie\/wp-json\/wp\/v2\/users\/8"}],"replies":[{"embeddable":true,"href":"https:\/\/kapitalis.com\/tunisie\/wp-json\/wp\/v2\/comments?post=159440"}],"version-history":[{"count":0,"href":"https:\/\/kapitalis.com\/tunisie\/wp-json\/wp\/v2\/posts\/159440\/revisions"}],"wp:attachment":[{"href":"https:\/\/kapitalis.com\/tunisie\/wp-json\/wp\/v2\/media?parent=159440"}],"wp:term":[{"taxonomy":"category","embeddable":true,"href":"https:\/\/kapitalis.com\/tunisie\/wp-json\/wp\/v2\/categories?post=159440"},{"taxonomy":"post_tag","embeddable":true,"href":"https:\/\/kapitalis.com\/tunisie\/wp-json\/wp\/v2\/tags?post=159440"}],"curies":[{"name":"wp","href":"https:\/\/api.w.org\/{rel}","templated":true}]}}