{"id":15944336,"date":"2025-03-21T13:28:38","date_gmt":"2025-03-21T12:28:38","guid":{"rendered":"https:\/\/kapitalis.com\/tunisie\/?p=15944336"},"modified":"2025-03-21T13:28:39","modified_gmt":"2025-03-21T12:28:39","slug":"que-reproche-kais-saied-a-kamel-maddouri-video","status":"publish","type":"post","link":"https:\/\/kapitalis.com\/tunisie\/2025\/03\/21\/que-reproche-kais-saied-a-kamel-maddouri-video\/","title":{"rendered":"Que reproche Ka\u00efs Sa\u00efed \u00e0 Kamel Maddouri \u00a0? (Vid\u00e9o)"},"content":{"rendered":"\n<p><strong><em>Le limogeage de Kamel Maddouri et son remplacement par Sarra Zaafrani Zenzeri, dans la nuit du jeudi 20 au vendredi 21 mars 2025, a \u00e9t\u00e9 pr\u00e9c\u00e9d\u00e9 par une r\u00e9union du Conseil de s\u00e9curit\u00e9 nationale, au Palais de Carthage, au cours duquel le pr\u00e9sident de la R\u00e9publique a parl\u00e9 de \u00abcomplots contre l\u2019invuln\u00e9rabilit\u00e9 de la Tunisie\u00bb et de \u00abbandes criminelles\u00a0qui op\u00e8rent dans plusieurs services publics \u00e0 travers des agents \u00e0 leur solde\u00bb.<\/em><\/strong> <a href=\"https:\/\/www.facebook.com\/Presidence.tn\/videos\/1159421695724188\" target=\"_blank\" rel=\"noreferrer noopener\">Vid\u00e9o.<\/a><\/p>\n\n\n\n<!--more-->\n\n\n\n<p><em>\u00abIl est grand temps que chacun assume ses actions et soit responsable de tous ses choix, quel que soit son poste\u00bb<\/em>, a lanc\u00e9 le chef de l\u2019Etat, en pointant les lobbys de la corruption\u00a0et leurs agents qui chercheraient aujourd\u2019hui \u00e0 infiltrer le Palais de la Kasbah pour \u00e9tendre leur influence, oubliant que la mission du gouvernement, du Premier minist\u00e8re et du Secr\u00e9tariat d\u2019Etat \u00e0 la pr\u00e9sidence consiste \u00e0 aider le chef de l\u2019Etat, seul ma\u00eetre \u00e0 bord, dans l\u2019exercice de sa fonction ex\u00e9cutive.<\/p>\n\n\n\n<p>Difficile de ne pas lire dans les d\u00e9clarations du pr\u00e9sident de la r\u00e9publique une accusation adress\u00e9e au chef du gouvernement, pr\u00e9sent dans la r\u00e9union, et qui allait \u00eatre limog\u00e9 quelques heures plus tard, de s\u2019\u00eatre d\u00e9tourn\u00e9 de la politique g\u00e9n\u00e9rale de l\u2019Etat d\u00e9finie par le locataire du Palais de Carthage.<\/p>\n\n\n\n<p>Evoquant certains faits divers qui se sont succ\u00e9d\u00e9 la veille du mois de Ramadan, tels les cas de suicide et d\u2019empoisonnement, de bouclage des routes par des manifestants, et de p\u00e9nurie de certains produits de base, le chef de l\u2019Etat a estim\u00e9 qu\u2019ils font partie d\u2019un complot contre l\u2019Etat et contre sa propre personne, d\u2019autant que, selon lui, ils avaient lieu <em>\u00abau moment se tenait une r\u00e9union dans une capitale occidentale en pr\u00e9sence de plusieurs personnes\u00bb<\/em> et que <em>\u00abd\u00e9butait \u00e0 Tunis les audiences dans l\u2019affaire dite de complot contre la s\u00fbret\u00e9 de l\u2019Etat\u00bb<\/em>, impliquant de nombreux opposants.<\/p>\n\n\n\n<p>Ka\u00efs Sa\u00efed reproche-t-il au chef du gouvernement, pr\u00e9sent dans la r\u00e9union du conseil de s\u00e9curit\u00e9 nationale, et qu\u2019il allait limoger quelques heures plus tard, d\u2019avoir mal g\u00e9r\u00e9 tous ces \u00e9v\u00e9nements, d\u2019avoir failli dans l\u2019application des instructions pr\u00e9sidentielles\u00a0ou m\u00eame d&rsquo;avoir \u00e9t\u00e9 complice de certains lobbys de corruption ? On pourrait le penser, en attendant des \u00e9claircissements \u00e0 ce propos de la part de la plus haute autorit\u00e9 de l\u2019Etat.<\/p>\n\n\n\n<p class=\"has-text-align-right\"><strong>I. B.<\/strong><\/p>\n\n\n\n<p><\/p>\n","protected":false},"excerpt":{"rendered":"<p>Ka\u00efs Sa\u00efed reproche-t-il au chef du gouvernement d&rsquo;avoir \u00e9t\u00e9 complice de certains lobbys de corruption ? <\/p>\n","protected":false},"author":8,"featured_media":15944385,"comment_status":"open","ping_status":"open","sticky":false,"template":"","format":"standard","meta":{"footnotes":""},"categories":[997,2433,4806],"tags":[76012,106500,1847,102139],"class_list":["post-15944336","post","type-post","status-publish","format-standard","has-post-thumbnail","hentry","category-politique","category-tunisie","category-videos","tag-kais-saied-2","tag-kamel-maddouri","tag-limogeage","tag-sarra-zaafrani-zenzeri"],"yoast_head":"<!-- This site is optimized with the Yoast SEO plugin v26.6 - https:\/\/yoast.com\/wordpress\/plugins\/seo\/ -->\n<title>Que reproche Ka\u00efs Sa\u00efed \u00e0 Kamel Maddouri \u00a0? (Vid\u00e9o) - Kapitalis<\/title>\n<meta name=\"robots\" content=\"index, follow, max-snippet:-1, max-image-preview:large, max-video-preview:-1\" \/>\n<link rel=\"canonical\" href=\"https:\/\/kapitalis.com\/tunisie\/2025\/03\/21\/que-reproche-kais-saied-a-kamel-maddouri-video\/\" \/>\n<meta property=\"og:locale\" content=\"fr_FR\" \/>\n<meta property=\"og:type\" content=\"article\" \/>\n<meta property=\"og:title\" content=\"Que reproche Ka\u00efs Sa\u00efed \u00e0 Kamel Maddouri \u00a0? (Vid\u00e9o) - Kapitalis\" \/>\n<meta property=\"og:description\" content=\"Ka\u00efs Sa\u00efed reproche-t-il au chef du gouvernement d&#039;avoir \u00e9t\u00e9 complice de certains lobbys de corruption ?\" \/>\n<meta property=\"og:url\" content=\"https:\/\/kapitalis.com\/tunisie\/2025\/03\/21\/que-reproche-kais-saied-a-kamel-maddouri-video\/\" \/>\n<meta property=\"og:site_name\" content=\"Kapitalis\" \/>\n<meta property=\"article:publisher\" content=\"https:\/\/www.facebook.com\/KapitalisInfo\/\" \/>\n<meta property=\"article:published_time\" content=\"2025-03-21T12:28:38+00:00\" \/>\n<meta property=\"article:modified_time\" content=\"2025-03-21T12:28:39+00:00\" \/>\n<meta property=\"og:image\" content=\"https:\/\/kapitalis.com\/tunisie\/wp-content\/uploads\/2025\/03\/Kais-Saied-Conseil-de-securite-nationale.jpg\" \/>\n\t<meta property=\"og:image:width\" content=\"1200\" \/>\n\t<meta property=\"og:image:height\" content=\"630\" \/>\n\t<meta property=\"og:image:type\" content=\"image\/jpeg\" \/>\n<meta name=\"author\" content=\"webmaster kapitalis\" \/>\n<meta name=\"twitter:card\" content=\"summary_large_image\" \/>\n<meta name=\"twitter:creator\" content=\"@KapitalisInfo\" \/>\n<meta name=\"twitter:site\" content=\"@KapitalisInfo\" \/>\n<meta name=\"twitter:label1\" content=\"\u00c9crit par\" \/>\n\t<meta name=\"twitter:data1\" content=\"webmaster kapitalis\" \/>\n\t<meta name=\"twitter:label2\" content=\"Dur\u00e9e de lecture estim\u00e9e\" \/>\n\t<meta name=\"twitter:data2\" content=\"3 minutes\" \/>\n<script type=\"application\/ld+json\" class=\"yoast-schema-graph\">{\"@context\":\"https:\/\/schema.org\",\"@graph\":[{\"@type\":\"Article\",\"@id\":\"https:\/\/kapitalis.com\/tunisie\/2025\/03\/21\/que-reproche-kais-saied-a-kamel-maddouri-video\/#article\",\"isPartOf\":{\"@id\":\"https:\/\/kapitalis.com\/tunisie\/2025\/03\/21\/que-reproche-kais-saied-a-kamel-maddouri-video\/\"},\"author\":{\"name\":\"webmaster kapitalis\",\"@id\":\"https:\/\/kapitalis.com\/tunisie\/#\/schema\/person\/d71f33a9ca44f7bad4698210b480c8e9\"},\"headline\":\"Que reproche Ka\u00efs Sa\u00efed \u00e0 Kamel Maddouri \u00a0? (Vid\u00e9o)\",\"datePublished\":\"2025-03-21T12:28:38+00:00\",\"dateModified\":\"2025-03-21T12:28:39+00:00\",\"mainEntityOfPage\":{\"@id\":\"https:\/\/kapitalis.com\/tunisie\/2025\/03\/21\/que-reproche-kais-saied-a-kamel-maddouri-video\/\"},\"wordCount\":433,\"commentCount\":0,\"publisher\":{\"@id\":\"https:\/\/kapitalis.com\/tunisie\/#organization\"},\"image\":{\"@id\":\"https:\/\/kapitalis.com\/tunisie\/2025\/03\/21\/que-reproche-kais-saied-a-kamel-maddouri-video\/#primaryimage\"},\"thumbnailUrl\":\"https:\/\/kapitalis.com\/tunisie\/wp-content\/uploads\/2025\/03\/Kais-Saied-Conseil-de-securite-nationale.jpg\",\"keywords\":[\"Ka\u00efs Sa\u00efed\",\"Kamel Maddouri\",\"limogeage\",\"Sarra Zaafrani Zenzeri\"],\"articleSection\":[\"POLITIQUE\",\"Tunisie\",\"VIDEOS\"],\"inLanguage\":\"fr-FR\",\"potentialAction\":[{\"@type\":\"CommentAction\",\"name\":\"Comment\",\"target\":[\"https:\/\/kapitalis.com\/tunisie\/2025\/03\/21\/que-reproche-kais-saied-a-kamel-maddouri-video\/#respond\"]}]},{\"@type\":\"WebPage\",\"@id\":\"https:\/\/kapitalis.com\/tunisie\/2025\/03\/21\/que-reproche-kais-saied-a-kamel-maddouri-video\/\",\"url\":\"https:\/\/kapitalis.com\/tunisie\/2025\/03\/21\/que-reproche-kais-saied-a-kamel-maddouri-video\/\",\"name\":\"Que reproche Ka\u00efs Sa\u00efed \u00e0 Kamel Maddouri \u00a0? (Vid\u00e9o) - Kapitalis\",\"isPartOf\":{\"@id\":\"https:\/\/kapitalis.com\/tunisie\/#website\"},\"primaryImageOfPage\":{\"@id\":\"https:\/\/kapitalis.com\/tunisie\/2025\/03\/21\/que-reproche-kais-saied-a-kamel-maddouri-video\/#primaryimage\"},\"image\":{\"@id\":\"https:\/\/kapitalis.com\/tunisie\/2025\/03\/21\/que-reproche-kais-saied-a-kamel-maddouri-video\/#primaryimage\"},\"thumbnailUrl\":\"https:\/\/kapitalis.com\/tunisie\/wp-content\/uploads\/2025\/03\/Kais-Saied-Conseil-de-securite-nationale.jpg\",\"datePublished\":\"2025-03-21T12:28:38+00:00\",\"dateModified\":\"2025-03-21T12:28:39+00:00\",\"breadcrumb\":{\"@id\":\"https:\/\/kapitalis.com\/tunisie\/2025\/03\/21\/que-reproche-kais-saied-a-kamel-maddouri-video\/#breadcrumb\"},\"inLanguage\":\"fr-FR\",\"potentialAction\":[{\"@type\":\"ReadAction\",\"target\":[\"https:\/\/kapitalis.com\/tunisie\/2025\/03\/21\/que-reproche-kais-saied-a-kamel-maddouri-video\/\"]}]},{\"@type\":\"ImageObject\",\"inLanguage\":\"fr-FR\",\"@id\":\"https:\/\/kapitalis.com\/tunisie\/2025\/03\/21\/que-reproche-kais-saied-a-kamel-maddouri-video\/#primaryimage\",\"url\":\"https:\/\/kapitalis.com\/tunisie\/wp-content\/uploads\/2025\/03\/Kais-Saied-Conseil-de-securite-nationale.jpg\",\"contentUrl\":\"https:\/\/kapitalis.com\/tunisie\/wp-content\/uploads\/2025\/03\/Kais-Saied-Conseil-de-securite-nationale.jpg\",\"width\":1200,\"height\":630},{\"@type\":\"BreadcrumbList\",\"@id\":\"https:\/\/kapitalis.com\/tunisie\/2025\/03\/21\/que-reproche-kais-saied-a-kamel-maddouri-video\/#breadcrumb\",\"itemListElement\":[{\"@type\":\"ListItem\",\"position\":1,\"name\":\"Accueil\",\"item\":\"https:\/\/kapitalis.com\/tunisie\/\"},{\"@type\":\"ListItem\",\"position\":2,\"name\":\"Que reproche Ka\u00efs Sa\u00efed \u00e0 Kamel Maddouri \u00a0? (Vid\u00e9o)\"}]},{\"@type\":\"WebSite\",\"@id\":\"https:\/\/kapitalis.com\/tunisie\/#website\",\"url\":\"https:\/\/kapitalis.com\/tunisie\/\",\"name\":\"Kapitalis\",\"description\":\"L&#039;actualit\u00e9 en Tunisie et dans le monde\",\"publisher\":{\"@id\":\"https:\/\/kapitalis.com\/tunisie\/#organization\"},\"potentialAction\":[{\"@type\":\"SearchAction\",\"target\":{\"@type\":\"EntryPoint\",\"urlTemplate\":\"https:\/\/kapitalis.com\/tunisie\/?s={search_term_string}\"},\"query-input\":{\"@type\":\"PropertyValueSpecification\",\"valueRequired\":true,\"valueName\":\"search_term_string\"}}],\"inLanguage\":\"fr-FR\"},{\"@type\":\"Organization\",\"@id\":\"https:\/\/kapitalis.com\/tunisie\/#organization\",\"name\":\"Kapitalis\",\"url\":\"https:\/\/kapitalis.com\/tunisie\/\",\"logo\":{\"@type\":\"ImageObject\",\"inLanguage\":\"fr-FR\",\"@id\":\"https:\/\/kapitalis.com\/tunisie\/#\/schema\/logo\/image\/\",\"url\":\"https:\/\/kapitalis.com\/tunisie\/wp-content\/uploads\/2022\/05\/Kapitalis-big-size.png\",\"contentUrl\":\"https:\/\/kapitalis.com\/tunisie\/wp-content\/uploads\/2022\/05\/Kapitalis-big-size.png\",\"width\":5000,\"height\":1500,\"caption\":\"Kapitalis\"},\"image\":{\"@id\":\"https:\/\/kapitalis.com\/tunisie\/#\/schema\/logo\/image\/\"},\"sameAs\":[\"https:\/\/www.facebook.com\/KapitalisInfo\/\",\"https:\/\/x.com\/KapitalisInfo\",\"https:\/\/www.youtube.com\/channel\/UC-yDYrHyfFBWWZaOw3FPg9Q\"]},{\"@type\":\"Person\",\"@id\":\"https:\/\/kapitalis.com\/tunisie\/#\/schema\/person\/d71f33a9ca44f7bad4698210b480c8e9\",\"name\":\"webmaster kapitalis\",\"url\":\"https:\/\/kapitalis.com\/tunisie\/author\/webmaster-kapitalis\/\"}]}<\/script>\n<!-- \/ Yoast SEO plugin. -->","yoast_head_json":{"title":"Que reproche Ka\u00efs Sa\u00efed \u00e0 Kamel Maddouri \u00a0? (Vid\u00e9o) - Kapitalis","robots":{"index":"index","follow":"follow","max-snippet":"max-snippet:-1","max-image-preview":"max-image-preview:large","max-video-preview":"max-video-preview:-1"},"canonical":"https:\/\/kapitalis.com\/tunisie\/2025\/03\/21\/que-reproche-kais-saied-a-kamel-maddouri-video\/","og_locale":"fr_FR","og_type":"article","og_title":"Que reproche Ka\u00efs Sa\u00efed \u00e0 Kamel Maddouri \u00a0? (Vid\u00e9o) - Kapitalis","og_description":"Ka\u00efs Sa\u00efed reproche-t-il au chef du gouvernement d'avoir \u00e9t\u00e9 complice de certains lobbys de corruption ?","og_url":"https:\/\/kapitalis.com\/tunisie\/2025\/03\/21\/que-reproche-kais-saied-a-kamel-maddouri-video\/","og_site_name":"Kapitalis","article_publisher":"https:\/\/www.facebook.com\/KapitalisInfo\/","article_published_time":"2025-03-21T12:28:38+00:00","article_modified_time":"2025-03-21T12:28:39+00:00","og_image":[{"width":1200,"height":630,"url":"https:\/\/kapitalis.com\/tunisie\/wp-content\/uploads\/2025\/03\/Kais-Saied-Conseil-de-securite-nationale.jpg","type":"image\/jpeg"}],"author":"webmaster kapitalis","twitter_card":"summary_large_image","twitter_creator":"@KapitalisInfo","twitter_site":"@KapitalisInfo","twitter_misc":{"\u00c9crit par":"webmaster kapitalis","Dur\u00e9e de lecture estim\u00e9e":"3 minutes"},"schema":{"@context":"https:\/\/schema.org","@graph":[{"@type":"Article","@id":"https:\/\/kapitalis.com\/tunisie\/2025\/03\/21\/que-reproche-kais-saied-a-kamel-maddouri-video\/#article","isPartOf":{"@id":"https:\/\/kapitalis.com\/tunisie\/2025\/03\/21\/que-reproche-kais-saied-a-kamel-maddouri-video\/"},"author":{"name":"webmaster kapitalis","@id":"https:\/\/kapitalis.com\/tunisie\/#\/schema\/person\/d71f33a9ca44f7bad4698210b480c8e9"},"headline":"Que reproche Ka\u00efs Sa\u00efed \u00e0 Kamel Maddouri \u00a0? (Vid\u00e9o)","datePublished":"2025-03-21T12:28:38+00:00","dateModified":"2025-03-21T12:28:39+00:00","mainEntityOfPage":{"@id":"https:\/\/kapitalis.com\/tunisie\/2025\/03\/21\/que-reproche-kais-saied-a-kamel-maddouri-video\/"},"wordCount":433,"commentCount":0,"publisher":{"@id":"https:\/\/kapitalis.com\/tunisie\/#organization"},"image":{"@id":"https:\/\/kapitalis.com\/tunisie\/2025\/03\/21\/que-reproche-kais-saied-a-kamel-maddouri-video\/#primaryimage"},"thumbnailUrl":"https:\/\/kapitalis.com\/tunisie\/wp-content\/uploads\/2025\/03\/Kais-Saied-Conseil-de-securite-nationale.jpg","keywords":["Ka\u00efs Sa\u00efed","Kamel Maddouri","limogeage","Sarra Zaafrani Zenzeri"],"articleSection":["POLITIQUE","Tunisie","VIDEOS"],"inLanguage":"fr-FR","potentialAction":[{"@type":"CommentAction","name":"Comment","target":["https:\/\/kapitalis.com\/tunisie\/2025\/03\/21\/que-reproche-kais-saied-a-kamel-maddouri-video\/#respond"]}]},{"@type":"WebPage","@id":"https:\/\/kapitalis.com\/tunisie\/2025\/03\/21\/que-reproche-kais-saied-a-kamel-maddouri-video\/","url":"https:\/\/kapitalis.com\/tunisie\/2025\/03\/21\/que-reproche-kais-saied-a-kamel-maddouri-video\/","name":"Que reproche Ka\u00efs Sa\u00efed \u00e0 Kamel Maddouri \u00a0? (Vid\u00e9o) - Kapitalis","isPartOf":{"@id":"https:\/\/kapitalis.com\/tunisie\/#website"},"primaryImageOfPage":{"@id":"https:\/\/kapitalis.com\/tunisie\/2025\/03\/21\/que-reproche-kais-saied-a-kamel-maddouri-video\/#primaryimage"},"image":{"@id":"https:\/\/kapitalis.com\/tunisie\/2025\/03\/21\/que-reproche-kais-saied-a-kamel-maddouri-video\/#primaryimage"},"thumbnailUrl":"https:\/\/kapitalis.com\/tunisie\/wp-content\/uploads\/2025\/03\/Kais-Saied-Conseil-de-securite-nationale.jpg","datePublished":"2025-03-21T12:28:38+00:00","dateModified":"2025-03-21T12:28:39+00:00","breadcrumb":{"@id":"https:\/\/kapitalis.com\/tunisie\/2025\/03\/21\/que-reproche-kais-saied-a-kamel-maddouri-video\/#breadcrumb"},"inLanguage":"fr-FR","potentialAction":[{"@type":"ReadAction","target":["https:\/\/kapitalis.com\/tunisie\/2025\/03\/21\/que-reproche-kais-saied-a-kamel-maddouri-video\/"]}]},{"@type":"ImageObject","inLanguage":"fr-FR","@id":"https:\/\/kapitalis.com\/tunisie\/2025\/03\/21\/que-reproche-kais-saied-a-kamel-maddouri-video\/#primaryimage","url":"https:\/\/kapitalis.com\/tunisie\/wp-content\/uploads\/2025\/03\/Kais-Saied-Conseil-de-securite-nationale.jpg","contentUrl":"https:\/\/kapitalis.com\/tunisie\/wp-content\/uploads\/2025\/03\/Kais-Saied-Conseil-de-securite-nationale.jpg","width":1200,"height":630},{"@type":"BreadcrumbList","@id":"https:\/\/kapitalis.com\/tunisie\/2025\/03\/21\/que-reproche-kais-saied-a-kamel-maddouri-video\/#breadcrumb","itemListElement":[{"@type":"ListItem","position":1,"name":"Accueil","item":"https:\/\/kapitalis.com\/tunisie\/"},{"@type":"ListItem","position":2,"name":"Que reproche Ka\u00efs Sa\u00efed \u00e0 Kamel Maddouri \u00a0? (Vid\u00e9o)"}]},{"@type":"WebSite","@id":"https:\/\/kapitalis.com\/tunisie\/#website","url":"https:\/\/kapitalis.com\/tunisie\/","name":"Kapitalis","description":"L&#039;actualit\u00e9 en Tunisie et dans le monde","publisher":{"@id":"https:\/\/kapitalis.com\/tunisie\/#organization"},"potentialAction":[{"@type":"SearchAction","target":{"@type":"EntryPoint","urlTemplate":"https:\/\/kapitalis.com\/tunisie\/?s={search_term_string}"},"query-input":{"@type":"PropertyValueSpecification","valueRequired":true,"valueName":"search_term_string"}}],"inLanguage":"fr-FR"},{"@type":"Organization","@id":"https:\/\/kapitalis.com\/tunisie\/#organization","name":"Kapitalis","url":"https:\/\/kapitalis.com\/tunisie\/","logo":{"@type":"ImageObject","inLanguage":"fr-FR","@id":"https:\/\/kapitalis.com\/tunisie\/#\/schema\/logo\/image\/","url":"https:\/\/kapitalis.com\/tunisie\/wp-content\/uploads\/2022\/05\/Kapitalis-big-size.png","contentUrl":"https:\/\/kapitalis.com\/tunisie\/wp-content\/uploads\/2022\/05\/Kapitalis-big-size.png","width":5000,"height":1500,"caption":"Kapitalis"},"image":{"@id":"https:\/\/kapitalis.com\/tunisie\/#\/schema\/logo\/image\/"},"sameAs":["https:\/\/www.facebook.com\/KapitalisInfo\/","https:\/\/x.com\/KapitalisInfo","https:\/\/www.youtube.com\/channel\/UC-yDYrHyfFBWWZaOw3FPg9Q"]},{"@type":"Person","@id":"https:\/\/kapitalis.com\/tunisie\/#\/schema\/person\/d71f33a9ca44f7bad4698210b480c8e9","name":"webmaster kapitalis","url":"https:\/\/kapitalis.com\/tunisie\/author\/webmaster-kapitalis\/"}]}},"_links":{"self":[{"href":"https:\/\/kapitalis.com\/tunisie\/wp-json\/wp\/v2\/posts\/15944336","targetHints":{"allow":["GET"]}}],"collection":[{"href":"https:\/\/kapitalis.com\/tunisie\/wp-json\/wp\/v2\/posts"}],"about":[{"href":"https:\/\/kapitalis.com\/tunisie\/wp-json\/wp\/v2\/types\/post"}],"author":[{"embeddable":true,"href":"https:\/\/kapitalis.com\/tunisie\/wp-json\/wp\/v2\/users\/8"}],"replies":[{"embeddable":true,"href":"https:\/\/kapitalis.com\/tunisie\/wp-json\/wp\/v2\/comments?post=15944336"}],"version-history":[{"count":1,"href":"https:\/\/kapitalis.com\/tunisie\/wp-json\/wp\/v2\/posts\/15944336\/revisions"}],"predecessor-version":[{"id":15944401,"href":"https:\/\/kapitalis.com\/tunisie\/wp-json\/wp\/v2\/posts\/15944336\/revisions\/15944401"}],"wp:featuredmedia":[{"embeddable":true,"href":"https:\/\/kapitalis.com\/tunisie\/wp-json\/wp\/v2\/media\/15944385"}],"wp:attachment":[{"href":"https:\/\/kapitalis.com\/tunisie\/wp-json\/wp\/v2\/media?parent=15944336"}],"wp:term":[{"taxonomy":"category","embeddable":true,"href":"https:\/\/kapitalis.com\/tunisie\/wp-json\/wp\/v2\/categories?post=15944336"},{"taxonomy":"post_tag","embeddable":true,"href":"https:\/\/kapitalis.com\/tunisie\/wp-json\/wp\/v2\/tags?post=15944336"}],"curies":[{"name":"wp","href":"https:\/\/api.w.org\/{rel}","templated":true}]}}