{"id":15957609,"date":"2025-03-23T08:35:29","date_gmt":"2025-03-23T07:35:29","guid":{"rendered":"https:\/\/kapitalis.com\/tunisie\/?p=15957609"},"modified":"2025-03-23T08:36:12","modified_gmt":"2025-03-23T07:36:12","slug":"au-cinema-pour-les-droits-humains-tournee-de-lotfi-achour-au-sud-de-la-france","status":"publish","type":"post","link":"https:\/\/kapitalis.com\/tunisie\/2025\/03\/23\/au-cinema-pour-les-droits-humains-tournee-de-lotfi-achour-au-sud-de-la-france\/","title":{"rendered":"Au cin\u00e9ma pour les droits humains | Tourn\u00e9e de Lotfi Achour au sud de la France"},"content":{"rendered":"\n<p><strong><em>Le film \u2018\u2018Les Enfants Rouges\u2019\u2019 de Lotfi Achour poursuit sa tourn\u00e9e exceptionnelle dans le cadre du festival \u00ab<a href=\"https:\/\/www.au-cinema-pour-les-droits-humains.fr\/\" target=\"_blank\" rel=\"noreferrer noopener\">Au Cin\u00e9ma pour les droits humains<\/a>\u00bb, avec plusieurs projections en avant-premi\u00e8re \u00e0 travers la France. Apr\u00e8s avoir \u00e9t\u00e9 projet\u00e9 le 18 mars 2025 \u00e0 Perpignan (salle Castelet), le 20 mars \u00e0 Aubagne (Pagnol), et \u00e0 Marseille (Vari\u00e9t\u00e9s) le 21 mars, le film a continu\u00e9 son parcours \u00e0 Toulon, Nice et Cannes.<\/em><\/strong><\/p>\n\n\n\n<p><strong>Djamal Guettala,<\/strong><em> \u00e0 Marseille.<\/em><strong><\/strong><\/p>\n\n\n\n<!--more-->\n\n\n\n<p>La projection a \u00e9t\u00e9, \u00e0 chaque \u00e9tape, un moment privil\u00e9gi\u00e9, permettant au public de d\u00e9couvrir cette \u0153uvre poignante en pr\u00e9sence du r\u00e9alisateur. Le film, qui traite des th\u00e8mes de la guerre, du terrorisme et de la vuln\u00e9rabilit\u00e9 des populations face \u00e0 l\u2019inaction de l\u2019\u00c9tat, a suscit\u00e9 de nombreux \u00e9changes avec Lotfi Achour, qui a pris la parole apr\u00e8s chaque projection pour discuter des enjeux abord\u00e9s.<\/p>\n\n\n\n<p>\u00c0 Marseille, la rencontre avec le public a \u00e9t\u00e9 particuli\u00e8rement \u00e9mouvante, le film touchant profond\u00e9ment les spectateurs par son r\u00e9alisme et sa port\u00e9e universelle. Le 22 mars, apr\u00e8s la projection \u00e0 Nice (Rialto), le film a continu\u00e9 sa tourn\u00e9e, atteignant son dernier point sur la C\u00f4te d\u2019Azur avec une projection \u00e0 Cannes (Les Arcades) aujourd\u2019hui, 23 mars 2025.<\/p>\n\n\n\n<h2 class=\"wp-block-heading\">Une jeunesse sacrifi\u00e9e<\/h2>\n\n\n\n<p>Dans le contexte de l\u2019instabilit\u00e9 s\u00e9curitaire qui a r\u00e9gn\u00e9 en Tunisie dans les ann\u00e9es 2012-2017, <em>\u2018\u2018Les Enfants Rouges\u2019\u2019<\/em> raconte l\u2019histoire de deux adolescents, Ashraf (14 ans) et Nizar (16 ans) qui font pa\u00eetre paisiblement leur troupeau dans la montagne de Mghila. Ils s\u2019amusent au sommet d\u2019un djebel aux roches s\u00e8ches et arides sous un soleil de plomb lorsqu\u2019ils sont victimes d\u2019une attaque terroriste. Nizar est sauvagement d\u00e9capit\u00e9 tandis qu\u2019Achraf est somm\u00e9 de rapporter la t\u00eate de la victime \u00e0 sa famille\u2026 dans un sac.<\/p>\n\n\n\n<p>Bien que l\u2019histoire soit ancr\u00e9e dans la r\u00e9alit\u00e9, les th\u00e8mes du film r\u00e9sonnent au-del\u00e0 des fronti\u00e8res : la guerre, la souffrance des civils, la jeunesse sacrifi\u00e9e et l\u2019impuissance des autorit\u00e9s face aux menaces. Ces sujets, toujours d\u2019actualit\u00e9, interrogent la responsabilit\u00e9 des \u00c9tats dans la protection des populations vuln\u00e9rables, notamment dans les r\u00e9gions les plus d\u00e9favoris\u00e9es.<\/p>\n\n\n\n<figure class=\"wp-block-gallery has-nested-images columns-default is-cropped wp-block-gallery-1 is-layout-flex wp-block-gallery-is-layout-flex\">\n<figure class=\"wp-block-image size-large\"><img loading=\"lazy\" decoding=\"async\" width=\"732\" height=\"911\" data-id=\"15957662\" src=\"https:\/\/kapitalis.com\/tunisie\/wp-content\/uploads\/2025\/03\/Festival.jpg\" alt=\"\" class=\"wp-image-15957662\" srcset=\"https:\/\/kapitalis.com\/tunisie\/wp-content\/uploads\/2025\/03\/Festival.jpg 732w, https:\/\/kapitalis.com\/tunisie\/wp-content\/uploads\/2025\/03\/Festival-241x300.jpg 241w, https:\/\/kapitalis.com\/tunisie\/wp-content\/uploads\/2025\/03\/Festival-580x722.jpg 580w\" sizes=\"auto, (max-width: 732px) 100vw, 732px\" \/><\/figure>\n\n\n\n<figure class=\"wp-block-image size-large\"><img loading=\"lazy\" decoding=\"async\" width=\"1024\" height=\"576\" data-id=\"15957663\" src=\"https:\/\/kapitalis.com\/tunisie\/wp-content\/uploads\/2025\/03\/Lofi-Achour-Djamal-Guettala-1024x576.jpg\" alt=\"\" class=\"wp-image-15957663\" srcset=\"https:\/\/kapitalis.com\/tunisie\/wp-content\/uploads\/2025\/03\/Lofi-Achour-Djamal-Guettala-1024x576.jpg 1024w, https:\/\/kapitalis.com\/tunisie\/wp-content\/uploads\/2025\/03\/Lofi-Achour-Djamal-Guettala-300x169.jpg 300w, https:\/\/kapitalis.com\/tunisie\/wp-content\/uploads\/2025\/03\/Lofi-Achour-Djamal-Guettala-768x432.jpg 768w, https:\/\/kapitalis.com\/tunisie\/wp-content\/uploads\/2025\/03\/Lofi-Achour-Djamal-Guettala-1536x864.jpg 1536w, https:\/\/kapitalis.com\/tunisie\/wp-content\/uploads\/2025\/03\/Lofi-Achour-Djamal-Guettala-580x326.jpg 580w, https:\/\/kapitalis.com\/tunisie\/wp-content\/uploads\/2025\/03\/Lofi-Achour-Djamal-Guettala-860x484.jpg 860w, https:\/\/kapitalis.com\/tunisie\/wp-content\/uploads\/2025\/03\/Lofi-Achour-Djamal-Guettala-1160x653.jpg 1160w, https:\/\/kapitalis.com\/tunisie\/wp-content\/uploads\/2025\/03\/Lofi-Achour-Djamal-Guettala.jpg 1553w\" sizes=\"auto, (max-width: 1024px) 100vw, 1024px\" \/><figcaption class=\"wp-element-caption\"><em>Lofi Achour et Djamal Guettala.<\/em><\/figcaption><\/figure>\n<\/figure>\n\n\n\n<h2 class=\"wp-block-heading\">Un parcours triomphal<\/h2>\n\n\n\n<p>Le film a d\u00e9j\u00e0 \u00e9t\u00e9 couronn\u00e9 de plusieurs prix, dont le <a href=\"https:\/\/kapitalis.com\/tunisie\/2024\/12\/22\/jcc-2024-les-enfants-rouges-de-lotfi-achour-remporte-le-tanit-dor\/\" target=\"_blank\" rel=\"noreferrer noopener\">Tanit d\u2019Or<\/a> aux Journ\u00e9es cin\u00e9matographiques de Carthage en 2024, ainsi que le Yusr d\u2019Or du meilleur film et du meilleur r\u00e9alisateur au Festival international du film de la Mer Rouge (RSIFF). Ces distinctions t\u00e9moignent de la qualit\u00e9 de la r\u00e9alisation et de l\u2019impact \u00e9motionnel du film, qui continue de toucher un large public.<\/p>\n\n\n\n<p><em>\u2018\u2018Les Enfants Rouges\u2019\u2019<\/em> sera diffus\u00e9 dans les salles fran\u00e7aises \u00e0 partir du 7 mai prochain, et en Tunisie le 28 avril. La tourn\u00e9e de projections continue de recueillir un accueil enthousiaste, avec des projections pr\u00e9vues dans d\u2019autres villes fran\u00e7aises, offrant \u00e0 chaque spectateur l\u2019occasion de d\u00e9couvrir cette \u0153uvre profond\u00e9ment humaine et socialement engag\u00e9e.<\/p>\n\n\n\n<p>La tourn\u00e9e du film <em>\u2018\u2018Les Enfants Rouges\u2019\u2019<\/em> dans le cadre du festival <em>\u00abAu Cin\u00e9ma pour les droits humains\u00bb<\/em> a permis de sensibiliser de nombreux spectateurs \u00e0 des probl\u00e9matiques contemporaines urgentes. \u00c0 travers un r\u00e9cit r\u00e9aliste et \u00e9mouvant, le film de Lotfi Achour questionne le r\u00f4le de l\u2019\u00c9tat face aux souffrances des civils et incite \u00e0 une r\u00e9flexion sur les responsabilit\u00e9s collectives en mati\u00e8re de droits humains.<\/p>\n\n\n\n<figure class=\"wp-block-embed is-type-wp-embed is-provider-kapitalis wp-block-embed-kapitalis\"><div class=\"wp-block-embed__wrapper\">\n<blockquote class=\"wp-embedded-content\" data-secret=\"9OPYhdWtw8\"><a href=\"https:\/\/kapitalis.com\/tunisie\/2024\/12\/20\/les-enfants-rouges-de-lotfi-achour-la-force-de-la-verite-qui-fait-mal\/\">\u2018\u2018Les enfants rouges\u2019\u2019 de Lotfi Achour : la force de la v\u00e9rit\u00e9 qui fait mal<\/a><\/blockquote><iframe loading=\"lazy\" class=\"wp-embedded-content\" sandbox=\"allow-scripts\" security=\"restricted\" style=\"position: absolute; visibility: hidden;\" title=\"\u00ab\u00a0\u2018\u2018Les enfants rouges\u2019\u2019 de Lotfi Achour : la force de la v\u00e9rit\u00e9 qui fait mal\u00a0\u00bb &#8212; Kapitalis\" src=\"https:\/\/kapitalis.com\/tunisie\/2024\/12\/20\/les-enfants-rouges-de-lotfi-achour-la-force-de-la-verite-qui-fait-mal\/embed\/#?secret=VTyeHt1sQs#?secret=9OPYhdWtw8\" data-secret=\"9OPYhdWtw8\" width=\"600\" height=\"338\" frameborder=\"0\" marginwidth=\"0\" marginheight=\"0\" scrolling=\"no\"><\/iframe>\n<\/div><\/figure>\n","protected":false},"excerpt":{"rendered":"<p>Tourn\u00e9e de Lotfi Achour au sud de la France avec son film \u00ab\u00a0Les Enfants Rouges\u00a0\u00bb.  <\/p>\n","protected":false},"author":8,"featured_media":15957650,"comment_status":"open","ping_status":"open","sticky":false,"template":"","format":"standard","meta":{"footnotes":""},"categories":[992,994,2433],"tags":[78307,118249,16796,580],"class_list":["post-15957609","post","type-post","status-publish","format-standard","has-post-thumbnail","hentry","category-a-la-une","category-culture","category-tunisie","tag-droits-humains","tag-les-enfants-rouges","tag-lotfi-achour","tag-marseille"],"yoast_head":"<!-- This site is optimized with the Yoast SEO plugin v26.6 - https:\/\/yoast.com\/wordpress\/plugins\/seo\/ -->\n<title>Au cin\u00e9ma pour les droits humains | Tourn\u00e9e de Lotfi Achour au sud de la France - Kapitalis<\/title>\n<meta name=\"robots\" content=\"index, follow, max-snippet:-1, max-image-preview:large, max-video-preview:-1\" \/>\n<link rel=\"canonical\" href=\"https:\/\/kapitalis.com\/tunisie\/2025\/03\/23\/au-cinema-pour-les-droits-humains-tournee-de-lotfi-achour-au-sud-de-la-france\/\" \/>\n<meta property=\"og:locale\" content=\"fr_FR\" \/>\n<meta property=\"og:type\" content=\"article\" \/>\n<meta property=\"og:title\" content=\"Au cin\u00e9ma pour les droits humains | Tourn\u00e9e de Lotfi Achour au sud de la France - Kapitalis\" \/>\n<meta property=\"og:description\" content=\"Tourn\u00e9e de Lotfi Achour au sud de la France avec son film &quot;Les Enfants Rouges&quot;.\" \/>\n<meta property=\"og:url\" content=\"https:\/\/kapitalis.com\/tunisie\/2025\/03\/23\/au-cinema-pour-les-droits-humains-tournee-de-lotfi-achour-au-sud-de-la-france\/\" \/>\n<meta property=\"og:site_name\" content=\"Kapitalis\" \/>\n<meta property=\"article:publisher\" content=\"https:\/\/www.facebook.com\/KapitalisInfo\/\" \/>\n<meta property=\"article:published_time\" content=\"2025-03-23T07:35:29+00:00\" \/>\n<meta property=\"article:modified_time\" content=\"2025-03-23T07:36:12+00:00\" \/>\n<meta property=\"og:image\" content=\"https:\/\/kapitalis.com\/tunisie\/wp-content\/uploads\/2025\/03\/Lotfi-Achour-Marseille.jpg\" \/>\n\t<meta property=\"og:image:width\" content=\"1200\" \/>\n\t<meta property=\"og:image:height\" content=\"630\" \/>\n\t<meta property=\"og:image:type\" content=\"image\/jpeg\" \/>\n<meta name=\"author\" content=\"webmaster kapitalis\" \/>\n<meta name=\"twitter:card\" content=\"summary_large_image\" \/>\n<meta name=\"twitter:creator\" content=\"@KapitalisInfo\" \/>\n<meta name=\"twitter:site\" content=\"@KapitalisInfo\" \/>\n<meta name=\"twitter:label1\" content=\"\u00c9crit par\" \/>\n\t<meta name=\"twitter:data1\" content=\"webmaster kapitalis\" \/>\n\t<meta name=\"twitter:label2\" content=\"Dur\u00e9e de lecture estim\u00e9e\" \/>\n\t<meta name=\"twitter:data2\" content=\"4 minutes\" \/>\n<script type=\"application\/ld+json\" class=\"yoast-schema-graph\">{\"@context\":\"https:\/\/schema.org\",\"@graph\":[{\"@type\":\"Article\",\"@id\":\"https:\/\/kapitalis.com\/tunisie\/2025\/03\/23\/au-cinema-pour-les-droits-humains-tournee-de-lotfi-achour-au-sud-de-la-france\/#article\",\"isPartOf\":{\"@id\":\"https:\/\/kapitalis.com\/tunisie\/2025\/03\/23\/au-cinema-pour-les-droits-humains-tournee-de-lotfi-achour-au-sud-de-la-france\/\"},\"author\":{\"name\":\"webmaster kapitalis\",\"@id\":\"https:\/\/kapitalis.com\/tunisie\/#\/schema\/person\/d71f33a9ca44f7bad4698210b480c8e9\"},\"headline\":\"Au cin\u00e9ma pour les droits humains | Tourn\u00e9e de Lotfi Achour au sud de la France\",\"datePublished\":\"2025-03-23T07:35:29+00:00\",\"dateModified\":\"2025-03-23T07:36:12+00:00\",\"mainEntityOfPage\":{\"@id\":\"https:\/\/kapitalis.com\/tunisie\/2025\/03\/23\/au-cinema-pour-les-droits-humains-tournee-de-lotfi-achour-au-sud-de-la-france\/\"},\"wordCount\":602,\"commentCount\":0,\"publisher\":{\"@id\":\"https:\/\/kapitalis.com\/tunisie\/#organization\"},\"image\":{\"@id\":\"https:\/\/kapitalis.com\/tunisie\/2025\/03\/23\/au-cinema-pour-les-droits-humains-tournee-de-lotfi-achour-au-sud-de-la-france\/#primaryimage\"},\"thumbnailUrl\":\"https:\/\/kapitalis.com\/tunisie\/wp-content\/uploads\/2025\/03\/Lotfi-Achour-Marseille.jpg\",\"keywords\":[\"droits humains\",\"Les enfants rouges\",\"Lotfi Achour\",\"Marseille\"],\"articleSection\":[\"A LA UNE\",\"CULTURE\",\"Tunisie\"],\"inLanguage\":\"fr-FR\",\"potentialAction\":[{\"@type\":\"CommentAction\",\"name\":\"Comment\",\"target\":[\"https:\/\/kapitalis.com\/tunisie\/2025\/03\/23\/au-cinema-pour-les-droits-humains-tournee-de-lotfi-achour-au-sud-de-la-france\/#respond\"]}]},{\"@type\":\"WebPage\",\"@id\":\"https:\/\/kapitalis.com\/tunisie\/2025\/03\/23\/au-cinema-pour-les-droits-humains-tournee-de-lotfi-achour-au-sud-de-la-france\/\",\"url\":\"https:\/\/kapitalis.com\/tunisie\/2025\/03\/23\/au-cinema-pour-les-droits-humains-tournee-de-lotfi-achour-au-sud-de-la-france\/\",\"name\":\"Au cin\u00e9ma pour les droits humains | Tourn\u00e9e de Lotfi Achour au sud de la France - Kapitalis\",\"isPartOf\":{\"@id\":\"https:\/\/kapitalis.com\/tunisie\/#website\"},\"primaryImageOfPage\":{\"@id\":\"https:\/\/kapitalis.com\/tunisie\/2025\/03\/23\/au-cinema-pour-les-droits-humains-tournee-de-lotfi-achour-au-sud-de-la-france\/#primaryimage\"},\"image\":{\"@id\":\"https:\/\/kapitalis.com\/tunisie\/2025\/03\/23\/au-cinema-pour-les-droits-humains-tournee-de-lotfi-achour-au-sud-de-la-france\/#primaryimage\"},\"thumbnailUrl\":\"https:\/\/kapitalis.com\/tunisie\/wp-content\/uploads\/2025\/03\/Lotfi-Achour-Marseille.jpg\",\"datePublished\":\"2025-03-23T07:35:29+00:00\",\"dateModified\":\"2025-03-23T07:36:12+00:00\",\"breadcrumb\":{\"@id\":\"https:\/\/kapitalis.com\/tunisie\/2025\/03\/23\/au-cinema-pour-les-droits-humains-tournee-de-lotfi-achour-au-sud-de-la-france\/#breadcrumb\"},\"inLanguage\":\"fr-FR\",\"potentialAction\":[{\"@type\":\"ReadAction\",\"target\":[\"https:\/\/kapitalis.com\/tunisie\/2025\/03\/23\/au-cinema-pour-les-droits-humains-tournee-de-lotfi-achour-au-sud-de-la-france\/\"]}]},{\"@type\":\"ImageObject\",\"inLanguage\":\"fr-FR\",\"@id\":\"https:\/\/kapitalis.com\/tunisie\/2025\/03\/23\/au-cinema-pour-les-droits-humains-tournee-de-lotfi-achour-au-sud-de-la-france\/#primaryimage\",\"url\":\"https:\/\/kapitalis.com\/tunisie\/wp-content\/uploads\/2025\/03\/Lotfi-Achour-Marseille.jpg\",\"contentUrl\":\"https:\/\/kapitalis.com\/tunisie\/wp-content\/uploads\/2025\/03\/Lotfi-Achour-Marseille.jpg\",\"width\":1200,\"height\":630},{\"@type\":\"BreadcrumbList\",\"@id\":\"https:\/\/kapitalis.com\/tunisie\/2025\/03\/23\/au-cinema-pour-les-droits-humains-tournee-de-lotfi-achour-au-sud-de-la-france\/#breadcrumb\",\"itemListElement\":[{\"@type\":\"ListItem\",\"position\":1,\"name\":\"Accueil\",\"item\":\"https:\/\/kapitalis.com\/tunisie\/\"},{\"@type\":\"ListItem\",\"position\":2,\"name\":\"Au cin\u00e9ma pour les droits humains | Tourn\u00e9e de Lotfi Achour au sud de la France\"}]},{\"@type\":\"WebSite\",\"@id\":\"https:\/\/kapitalis.com\/tunisie\/#website\",\"url\":\"https:\/\/kapitalis.com\/tunisie\/\",\"name\":\"Kapitalis\",\"description\":\"L&#039;actualit\u00e9 en Tunisie et dans le monde\",\"publisher\":{\"@id\":\"https:\/\/kapitalis.com\/tunisie\/#organization\"},\"potentialAction\":[{\"@type\":\"SearchAction\",\"target\":{\"@type\":\"EntryPoint\",\"urlTemplate\":\"https:\/\/kapitalis.com\/tunisie\/?s={search_term_string}\"},\"query-input\":{\"@type\":\"PropertyValueSpecification\",\"valueRequired\":true,\"valueName\":\"search_term_string\"}}],\"inLanguage\":\"fr-FR\"},{\"@type\":\"Organization\",\"@id\":\"https:\/\/kapitalis.com\/tunisie\/#organization\",\"name\":\"Kapitalis\",\"url\":\"https:\/\/kapitalis.com\/tunisie\/\",\"logo\":{\"@type\":\"ImageObject\",\"inLanguage\":\"fr-FR\",\"@id\":\"https:\/\/kapitalis.com\/tunisie\/#\/schema\/logo\/image\/\",\"url\":\"https:\/\/kapitalis.com\/tunisie\/wp-content\/uploads\/2022\/05\/Kapitalis-big-size.png\",\"contentUrl\":\"https:\/\/kapitalis.com\/tunisie\/wp-content\/uploads\/2022\/05\/Kapitalis-big-size.png\",\"width\":5000,\"height\":1500,\"caption\":\"Kapitalis\"},\"image\":{\"@id\":\"https:\/\/kapitalis.com\/tunisie\/#\/schema\/logo\/image\/\"},\"sameAs\":[\"https:\/\/www.facebook.com\/KapitalisInfo\/\",\"https:\/\/x.com\/KapitalisInfo\",\"https:\/\/www.youtube.com\/channel\/UC-yDYrHyfFBWWZaOw3FPg9Q\"]},{\"@type\":\"Person\",\"@id\":\"https:\/\/kapitalis.com\/tunisie\/#\/schema\/person\/d71f33a9ca44f7bad4698210b480c8e9\",\"name\":\"webmaster kapitalis\",\"url\":\"https:\/\/kapitalis.com\/tunisie\/author\/webmaster-kapitalis\/\"}]}<\/script>\n<!-- \/ Yoast SEO plugin. -->","yoast_head_json":{"title":"Au cin\u00e9ma pour les droits humains | Tourn\u00e9e de Lotfi Achour au sud de la France - Kapitalis","robots":{"index":"index","follow":"follow","max-snippet":"max-snippet:-1","max-image-preview":"max-image-preview:large","max-video-preview":"max-video-preview:-1"},"canonical":"https:\/\/kapitalis.com\/tunisie\/2025\/03\/23\/au-cinema-pour-les-droits-humains-tournee-de-lotfi-achour-au-sud-de-la-france\/","og_locale":"fr_FR","og_type":"article","og_title":"Au cin\u00e9ma pour les droits humains | Tourn\u00e9e de Lotfi Achour au sud de la France - Kapitalis","og_description":"Tourn\u00e9e de Lotfi Achour au sud de la France avec son film \"Les Enfants Rouges\".","og_url":"https:\/\/kapitalis.com\/tunisie\/2025\/03\/23\/au-cinema-pour-les-droits-humains-tournee-de-lotfi-achour-au-sud-de-la-france\/","og_site_name":"Kapitalis","article_publisher":"https:\/\/www.facebook.com\/KapitalisInfo\/","article_published_time":"2025-03-23T07:35:29+00:00","article_modified_time":"2025-03-23T07:36:12+00:00","og_image":[{"width":1200,"height":630,"url":"https:\/\/kapitalis.com\/tunisie\/wp-content\/uploads\/2025\/03\/Lotfi-Achour-Marseille.jpg","type":"image\/jpeg"}],"author":"webmaster kapitalis","twitter_card":"summary_large_image","twitter_creator":"@KapitalisInfo","twitter_site":"@KapitalisInfo","twitter_misc":{"\u00c9crit par":"webmaster kapitalis","Dur\u00e9e de lecture estim\u00e9e":"4 minutes"},"schema":{"@context":"https:\/\/schema.org","@graph":[{"@type":"Article","@id":"https:\/\/kapitalis.com\/tunisie\/2025\/03\/23\/au-cinema-pour-les-droits-humains-tournee-de-lotfi-achour-au-sud-de-la-france\/#article","isPartOf":{"@id":"https:\/\/kapitalis.com\/tunisie\/2025\/03\/23\/au-cinema-pour-les-droits-humains-tournee-de-lotfi-achour-au-sud-de-la-france\/"},"author":{"name":"webmaster kapitalis","@id":"https:\/\/kapitalis.com\/tunisie\/#\/schema\/person\/d71f33a9ca44f7bad4698210b480c8e9"},"headline":"Au cin\u00e9ma pour les droits humains | Tourn\u00e9e de Lotfi Achour au sud de la France","datePublished":"2025-03-23T07:35:29+00:00","dateModified":"2025-03-23T07:36:12+00:00","mainEntityOfPage":{"@id":"https:\/\/kapitalis.com\/tunisie\/2025\/03\/23\/au-cinema-pour-les-droits-humains-tournee-de-lotfi-achour-au-sud-de-la-france\/"},"wordCount":602,"commentCount":0,"publisher":{"@id":"https:\/\/kapitalis.com\/tunisie\/#organization"},"image":{"@id":"https:\/\/kapitalis.com\/tunisie\/2025\/03\/23\/au-cinema-pour-les-droits-humains-tournee-de-lotfi-achour-au-sud-de-la-france\/#primaryimage"},"thumbnailUrl":"https:\/\/kapitalis.com\/tunisie\/wp-content\/uploads\/2025\/03\/Lotfi-Achour-Marseille.jpg","keywords":["droits humains","Les enfants rouges","Lotfi Achour","Marseille"],"articleSection":["A LA UNE","CULTURE","Tunisie"],"inLanguage":"fr-FR","potentialAction":[{"@type":"CommentAction","name":"Comment","target":["https:\/\/kapitalis.com\/tunisie\/2025\/03\/23\/au-cinema-pour-les-droits-humains-tournee-de-lotfi-achour-au-sud-de-la-france\/#respond"]}]},{"@type":"WebPage","@id":"https:\/\/kapitalis.com\/tunisie\/2025\/03\/23\/au-cinema-pour-les-droits-humains-tournee-de-lotfi-achour-au-sud-de-la-france\/","url":"https:\/\/kapitalis.com\/tunisie\/2025\/03\/23\/au-cinema-pour-les-droits-humains-tournee-de-lotfi-achour-au-sud-de-la-france\/","name":"Au cin\u00e9ma pour les droits humains | Tourn\u00e9e de Lotfi Achour au sud de la France - Kapitalis","isPartOf":{"@id":"https:\/\/kapitalis.com\/tunisie\/#website"},"primaryImageOfPage":{"@id":"https:\/\/kapitalis.com\/tunisie\/2025\/03\/23\/au-cinema-pour-les-droits-humains-tournee-de-lotfi-achour-au-sud-de-la-france\/#primaryimage"},"image":{"@id":"https:\/\/kapitalis.com\/tunisie\/2025\/03\/23\/au-cinema-pour-les-droits-humains-tournee-de-lotfi-achour-au-sud-de-la-france\/#primaryimage"},"thumbnailUrl":"https:\/\/kapitalis.com\/tunisie\/wp-content\/uploads\/2025\/03\/Lotfi-Achour-Marseille.jpg","datePublished":"2025-03-23T07:35:29+00:00","dateModified":"2025-03-23T07:36:12+00:00","breadcrumb":{"@id":"https:\/\/kapitalis.com\/tunisie\/2025\/03\/23\/au-cinema-pour-les-droits-humains-tournee-de-lotfi-achour-au-sud-de-la-france\/#breadcrumb"},"inLanguage":"fr-FR","potentialAction":[{"@type":"ReadAction","target":["https:\/\/kapitalis.com\/tunisie\/2025\/03\/23\/au-cinema-pour-les-droits-humains-tournee-de-lotfi-achour-au-sud-de-la-france\/"]}]},{"@type":"ImageObject","inLanguage":"fr-FR","@id":"https:\/\/kapitalis.com\/tunisie\/2025\/03\/23\/au-cinema-pour-les-droits-humains-tournee-de-lotfi-achour-au-sud-de-la-france\/#primaryimage","url":"https:\/\/kapitalis.com\/tunisie\/wp-content\/uploads\/2025\/03\/Lotfi-Achour-Marseille.jpg","contentUrl":"https:\/\/kapitalis.com\/tunisie\/wp-content\/uploads\/2025\/03\/Lotfi-Achour-Marseille.jpg","width":1200,"height":630},{"@type":"BreadcrumbList","@id":"https:\/\/kapitalis.com\/tunisie\/2025\/03\/23\/au-cinema-pour-les-droits-humains-tournee-de-lotfi-achour-au-sud-de-la-france\/#breadcrumb","itemListElement":[{"@type":"ListItem","position":1,"name":"Accueil","item":"https:\/\/kapitalis.com\/tunisie\/"},{"@type":"ListItem","position":2,"name":"Au cin\u00e9ma pour les droits humains | Tourn\u00e9e de Lotfi Achour au sud de la France"}]},{"@type":"WebSite","@id":"https:\/\/kapitalis.com\/tunisie\/#website","url":"https:\/\/kapitalis.com\/tunisie\/","name":"Kapitalis","description":"L&#039;actualit\u00e9 en Tunisie et dans le monde","publisher":{"@id":"https:\/\/kapitalis.com\/tunisie\/#organization"},"potentialAction":[{"@type":"SearchAction","target":{"@type":"EntryPoint","urlTemplate":"https:\/\/kapitalis.com\/tunisie\/?s={search_term_string}"},"query-input":{"@type":"PropertyValueSpecification","valueRequired":true,"valueName":"search_term_string"}}],"inLanguage":"fr-FR"},{"@type":"Organization","@id":"https:\/\/kapitalis.com\/tunisie\/#organization","name":"Kapitalis","url":"https:\/\/kapitalis.com\/tunisie\/","logo":{"@type":"ImageObject","inLanguage":"fr-FR","@id":"https:\/\/kapitalis.com\/tunisie\/#\/schema\/logo\/image\/","url":"https:\/\/kapitalis.com\/tunisie\/wp-content\/uploads\/2022\/05\/Kapitalis-big-size.png","contentUrl":"https:\/\/kapitalis.com\/tunisie\/wp-content\/uploads\/2022\/05\/Kapitalis-big-size.png","width":5000,"height":1500,"caption":"Kapitalis"},"image":{"@id":"https:\/\/kapitalis.com\/tunisie\/#\/schema\/logo\/image\/"},"sameAs":["https:\/\/www.facebook.com\/KapitalisInfo\/","https:\/\/x.com\/KapitalisInfo","https:\/\/www.youtube.com\/channel\/UC-yDYrHyfFBWWZaOw3FPg9Q"]},{"@type":"Person","@id":"https:\/\/kapitalis.com\/tunisie\/#\/schema\/person\/d71f33a9ca44f7bad4698210b480c8e9","name":"webmaster kapitalis","url":"https:\/\/kapitalis.com\/tunisie\/author\/webmaster-kapitalis\/"}]}},"_links":{"self":[{"href":"https:\/\/kapitalis.com\/tunisie\/wp-json\/wp\/v2\/posts\/15957609","targetHints":{"allow":["GET"]}}],"collection":[{"href":"https:\/\/kapitalis.com\/tunisie\/wp-json\/wp\/v2\/posts"}],"about":[{"href":"https:\/\/kapitalis.com\/tunisie\/wp-json\/wp\/v2\/types\/post"}],"author":[{"embeddable":true,"href":"https:\/\/kapitalis.com\/tunisie\/wp-json\/wp\/v2\/users\/8"}],"replies":[{"embeddable":true,"href":"https:\/\/kapitalis.com\/tunisie\/wp-json\/wp\/v2\/comments?post=15957609"}],"version-history":[{"count":2,"href":"https:\/\/kapitalis.com\/tunisie\/wp-json\/wp\/v2\/posts\/15957609\/revisions"}],"predecessor-version":[{"id":15957715,"href":"https:\/\/kapitalis.com\/tunisie\/wp-json\/wp\/v2\/posts\/15957609\/revisions\/15957715"}],"wp:featuredmedia":[{"embeddable":true,"href":"https:\/\/kapitalis.com\/tunisie\/wp-json\/wp\/v2\/media\/15957650"}],"wp:attachment":[{"href":"https:\/\/kapitalis.com\/tunisie\/wp-json\/wp\/v2\/media?parent=15957609"}],"wp:term":[{"taxonomy":"category","embeddable":true,"href":"https:\/\/kapitalis.com\/tunisie\/wp-json\/wp\/v2\/categories?post=15957609"},{"taxonomy":"post_tag","embeddable":true,"href":"https:\/\/kapitalis.com\/tunisie\/wp-json\/wp\/v2\/tags?post=15957609"}],"curies":[{"name":"wp","href":"https:\/\/api.w.org\/{rel}","templated":true}]}}