{"id":15958402,"date":"2025-03-23T10:32:11","date_gmt":"2025-03-23T09:32:11","guid":{"rendered":"https:\/\/kapitalis.com\/tunisie\/?p=15958402"},"modified":"2025-03-23T10:32:12","modified_gmt":"2025-03-23T09:32:12","slug":"galerie-saladin-une-retrospective-du-peintre-foued-zaouche-1944-2015","status":"publish","type":"post","link":"https:\/\/kapitalis.com\/tunisie\/2025\/03\/23\/galerie-saladin-une-retrospective-du-peintre-foued-zaouche-1944-2015\/","title":{"rendered":"Galerie Saladin | Une r\u00e9trospective du peintre Foued Zaouche (1944-2015)"},"content":{"rendered":"\n<p><strong><em>Dix ans apr\u00e8s la disparition du peintre et \u00e9crivain Foued Zaouche, son \u0153uvre rena\u00eet sous les projecteurs \u00e0 travers une exposition r\u00e9trospective qui se tiendra du 25 au 28 mars 2025 \u00e0 la Galerie Saladin \u00e0 Sidi Bou Said.<\/em><\/strong><\/p>\n\n\n\n<!--more-->\n\n\n\n<p>Initi\u00e9e et port\u00e9e par sa famille, cette exposition r\u00e9trospective rend hommage \u00e0 la m\u00e9moire d\u2019un artiste dont le regard a su capter la richesse et l\u2019authenticit\u00e9 des traditions tunisiennes \u00e0 travers des portraits et des paysages peints avec une rare sensibilit\u00e9.<\/p>\n\n\n\n<p>N\u00e9 \u00e0 Tunis le 26 juin 1944 et d\u00e9c\u00e9d\u00e9 le 25 mars 2015, Foued Zaouche a \u00e9t\u00e9 form\u00e9 \u00e0 l\u2019art d\u00e8s l&rsquo;\u00e2ge de 29 ans \u00e0 Paris, o\u00f9 il perfectionne son approche de l\u2019anatomie, de la perspective, de la gravure et de la sculpture. Suivant un courant pictural naturaliste, il explore le portrait, la peinture d\u2019histoire, la sc\u00e8ne de genre et le patrimoine tunisien.<\/p>\n\n\n\n<p>Ses toiles immortalisent le quotidien tunisien : caf\u00e9s anim\u00e9s, salons de musique, traditions locales, mais aussi paysages et natures mortes.<\/p>\n\n\n\n<p>Son \u0153uvre picturale, dans la pure tradition de la peinture de chevalet, se distingue par une approche minutieuse du d\u00e9tail et une palette vibrante qui donne vie \u00e0 des sc\u00e8nes empreintes de r\u00e9alisme mais non exempte d\u2019\u00e9motion.<\/p>\n\n\n\n<p>La carri\u00e8re artistique de Foued Zaouche prend son envol en 1979 avec une premi\u00e8re exposition personnelle \u00e0 la galerie Jean Camion \u00e0 Paris. De retour en Tunisie, il expose \u00e0 la galerie Yahia en 1981, avant d\u2019entamer une collaboration prolifique avec le mus\u00e9e de Sidi Bou Said, o\u00f9 il organise vingt-deux expositions entre 1982 et 2007. En 2010, il inaugure son propre espace, L\u2019Atelier du dedans, \u00e0 Gammarth dans la banlieue nord de Tunis.<\/p>\n\n\n<div class=\"wp-block-image\">\n<figure class=\"aligncenter size-large is-resized\"><img loading=\"lazy\" decoding=\"async\" width=\"1024\" height=\"538\" src=\"https:\/\/kapitalis.com\/tunisie\/wp-content\/uploads\/2025\/03\/Foued-Zaouche-2-1024x538.jpg\" alt=\"\" class=\"wp-image-15958509\" style=\"width:800px\" srcset=\"https:\/\/kapitalis.com\/tunisie\/wp-content\/uploads\/2025\/03\/Foued-Zaouche-2-1024x538.jpg 1024w, https:\/\/kapitalis.com\/tunisie\/wp-content\/uploads\/2025\/03\/Foued-Zaouche-2-300x158.jpg 300w, https:\/\/kapitalis.com\/tunisie\/wp-content\/uploads\/2025\/03\/Foued-Zaouche-2-768x403.jpg 768w, https:\/\/kapitalis.com\/tunisie\/wp-content\/uploads\/2025\/03\/Foued-Zaouche-2-580x305.jpg 580w, https:\/\/kapitalis.com\/tunisie\/wp-content\/uploads\/2025\/03\/Foued-Zaouche-2-860x452.jpg 860w, https:\/\/kapitalis.com\/tunisie\/wp-content\/uploads\/2025\/03\/Foued-Zaouche-2-1160x609.jpg 1160w, https:\/\/kapitalis.com\/tunisie\/wp-content\/uploads\/2025\/03\/Foued-Zaouche-2.jpg 1200w\" sizes=\"auto, (max-width: 1024px) 100vw, 1024px\" \/><\/figure>\n<\/div>\n\n\n<p>Cette r\u00e9trospective ne se limite pas \u00e0 son \u0153uvre picturale : elle met \u00e9galement en lumi\u00e8re son travail d\u2019\u00e9crivain et de chroniqueur en pr\u00e9sentant sept romans et un livre d\u2019art. A travers ses \u00e9crits, Foued Zaouche porte un regard critique sur la soci\u00e9t\u00e9, la politique et la culture tunisiennes.<\/p>\n\n\n\n<p>Il a notamment publi\u00e9 <em>\u2018\u2018Regards\u2019\u2019<\/em> (1999), <em>\u2018\u2018L&rsquo;Affrontement\u2019\u2019<\/em> (2001), <em>\u2018\u2018La Fianc\u00e9e de Amor\u2019\u2019<\/em> (2002, en fran\u00e7ais et en arabe), <em>\u2018\u2018Mensonges\u2019\u2019<\/em> (2003), <em>\u2018\u2018Le Ma\u00eetre du jeu\u2019\u2019<\/em> (2004), <em>\u2018\u2018L\u2019Homme, ce Cro-Magnon de la conscience\u2019\u2019<\/em> (2007) et <em>\u2018\u2018Chroniques\u2019\u2019<\/em> (2008). Il a \u00e9galement collabor\u00e9 avec les magazines <em>R\u00e9alit\u00e9s<\/em> et <em>Leaders<\/em>, partageant ses analyses et r\u00e9flexions sur des sujets d&rsquo;actualit\u00e9, de soci\u00e9t\u00e9, de politique et de culture.<\/p>\n\n\n\n<p>Cette exposition est une occasion pour red\u00e9couvrir l\u2019\u0153uvre de Foued Zaouche et la faire conna\u00eetre des nouvelles g\u00e9n\u00e9rations. Elle sera suivie d\u2019une grande r\u00e9trospective qui aura lieu du 31 mai au 22 juin 2025.<\/p>\n\n\n\n<p><strong><em>Avec Tap. \u00a0<\/em><\/strong><\/p>\n","protected":false},"excerpt":{"rendered":"<p>Dix ans apr\u00e8s la disparition du peintre et \u00e9crivain Foued Zaouche, la Galerie Saladin \u00e0 Sidi Bou Said lui consacre une exposition r\u00e9trospective. <\/p>\n","protected":false},"author":8,"featured_media":15958501,"comment_status":"open","ping_status":"open","sticky":false,"template":"","format":"standard","meta":{"footnotes":""},"categories":[994,2433],"tags":[121424,84173,81629],"class_list":["post-15958402","post","type-post","status-publish","format-standard","has-post-thumbnail","hentry","category-culture","category-tunisie","tag-foued-zaouche","tag-galerie-saladin","tag-sidi-bou-said-2"],"yoast_head":"<!-- This site is optimized with the Yoast SEO plugin v26.6 - https:\/\/yoast.com\/wordpress\/plugins\/seo\/ -->\n<title>Galerie Saladin | Une r\u00e9trospective du peintre Foued Zaouche (1944-2015) - Kapitalis<\/title>\n<meta name=\"robots\" content=\"index, follow, max-snippet:-1, max-image-preview:large, max-video-preview:-1\" \/>\n<link rel=\"canonical\" href=\"https:\/\/kapitalis.com\/tunisie\/2025\/03\/23\/galerie-saladin-une-retrospective-du-peintre-foued-zaouche-1944-2015\/\" \/>\n<meta property=\"og:locale\" content=\"fr_FR\" \/>\n<meta property=\"og:type\" content=\"article\" \/>\n<meta property=\"og:title\" content=\"Galerie Saladin | Une r\u00e9trospective du peintre Foued Zaouche (1944-2015) - Kapitalis\" \/>\n<meta property=\"og:description\" content=\"Dix ans apr\u00e8s la disparition du peintre et \u00e9crivain Foued Zaouche, la Galerie Saladin \u00e0 Sidi Bou Said lui consacre une exposition r\u00e9trospective.\" \/>\n<meta property=\"og:url\" content=\"https:\/\/kapitalis.com\/tunisie\/2025\/03\/23\/galerie-saladin-une-retrospective-du-peintre-foued-zaouche-1944-2015\/\" \/>\n<meta property=\"og:site_name\" content=\"Kapitalis\" \/>\n<meta property=\"article:publisher\" content=\"https:\/\/www.facebook.com\/KapitalisInfo\/\" \/>\n<meta property=\"article:published_time\" content=\"2025-03-23T09:32:11+00:00\" \/>\n<meta property=\"article:modified_time\" content=\"2025-03-23T09:32:12+00:00\" \/>\n<meta property=\"og:image\" content=\"https:\/\/kapitalis.com\/tunisie\/wp-content\/uploads\/2025\/03\/Foued-Zaouche.jpg\" \/>\n\t<meta property=\"og:image:width\" content=\"1200\" \/>\n\t<meta property=\"og:image:height\" content=\"630\" \/>\n\t<meta property=\"og:image:type\" content=\"image\/jpeg\" \/>\n<meta name=\"author\" content=\"webmaster kapitalis\" \/>\n<meta name=\"twitter:card\" content=\"summary_large_image\" \/>\n<meta name=\"twitter:creator\" content=\"@KapitalisInfo\" \/>\n<meta name=\"twitter:site\" content=\"@KapitalisInfo\" \/>\n<meta name=\"twitter:label1\" content=\"\u00c9crit par\" \/>\n\t<meta name=\"twitter:data1\" content=\"webmaster kapitalis\" \/>\n\t<meta name=\"twitter:label2\" content=\"Dur\u00e9e de lecture estim\u00e9e\" \/>\n\t<meta name=\"twitter:data2\" content=\"3 minutes\" \/>\n<script type=\"application\/ld+json\" class=\"yoast-schema-graph\">{\"@context\":\"https:\/\/schema.org\",\"@graph\":[{\"@type\":\"Article\",\"@id\":\"https:\/\/kapitalis.com\/tunisie\/2025\/03\/23\/galerie-saladin-une-retrospective-du-peintre-foued-zaouche-1944-2015\/#article\",\"isPartOf\":{\"@id\":\"https:\/\/kapitalis.com\/tunisie\/2025\/03\/23\/galerie-saladin-une-retrospective-du-peintre-foued-zaouche-1944-2015\/\"},\"author\":{\"name\":\"webmaster kapitalis\",\"@id\":\"https:\/\/kapitalis.com\/tunisie\/#\/schema\/person\/d71f33a9ca44f7bad4698210b480c8e9\"},\"headline\":\"Galerie Saladin | Une r\u00e9trospective du peintre Foued Zaouche (1944-2015)\",\"datePublished\":\"2025-03-23T09:32:11+00:00\",\"dateModified\":\"2025-03-23T09:32:12+00:00\",\"mainEntityOfPage\":{\"@id\":\"https:\/\/kapitalis.com\/tunisie\/2025\/03\/23\/galerie-saladin-une-retrospective-du-peintre-foued-zaouche-1944-2015\/\"},\"wordCount\":441,\"commentCount\":0,\"publisher\":{\"@id\":\"https:\/\/kapitalis.com\/tunisie\/#organization\"},\"image\":{\"@id\":\"https:\/\/kapitalis.com\/tunisie\/2025\/03\/23\/galerie-saladin-une-retrospective-du-peintre-foued-zaouche-1944-2015\/#primaryimage\"},\"thumbnailUrl\":\"https:\/\/kapitalis.com\/tunisie\/wp-content\/uploads\/2025\/03\/Foued-Zaouche.jpg\",\"keywords\":[\"Foued Zaouche\",\"Galerie Saladin\",\"Sidi Bou Said\"],\"articleSection\":[\"CULTURE\",\"Tunisie\"],\"inLanguage\":\"fr-FR\",\"potentialAction\":[{\"@type\":\"CommentAction\",\"name\":\"Comment\",\"target\":[\"https:\/\/kapitalis.com\/tunisie\/2025\/03\/23\/galerie-saladin-une-retrospective-du-peintre-foued-zaouche-1944-2015\/#respond\"]}]},{\"@type\":\"WebPage\",\"@id\":\"https:\/\/kapitalis.com\/tunisie\/2025\/03\/23\/galerie-saladin-une-retrospective-du-peintre-foued-zaouche-1944-2015\/\",\"url\":\"https:\/\/kapitalis.com\/tunisie\/2025\/03\/23\/galerie-saladin-une-retrospective-du-peintre-foued-zaouche-1944-2015\/\",\"name\":\"Galerie Saladin | Une r\u00e9trospective du peintre Foued Zaouche (1944-2015) - Kapitalis\",\"isPartOf\":{\"@id\":\"https:\/\/kapitalis.com\/tunisie\/#website\"},\"primaryImageOfPage\":{\"@id\":\"https:\/\/kapitalis.com\/tunisie\/2025\/03\/23\/galerie-saladin-une-retrospective-du-peintre-foued-zaouche-1944-2015\/#primaryimage\"},\"image\":{\"@id\":\"https:\/\/kapitalis.com\/tunisie\/2025\/03\/23\/galerie-saladin-une-retrospective-du-peintre-foued-zaouche-1944-2015\/#primaryimage\"},\"thumbnailUrl\":\"https:\/\/kapitalis.com\/tunisie\/wp-content\/uploads\/2025\/03\/Foued-Zaouche.jpg\",\"datePublished\":\"2025-03-23T09:32:11+00:00\",\"dateModified\":\"2025-03-23T09:32:12+00:00\",\"breadcrumb\":{\"@id\":\"https:\/\/kapitalis.com\/tunisie\/2025\/03\/23\/galerie-saladin-une-retrospective-du-peintre-foued-zaouche-1944-2015\/#breadcrumb\"},\"inLanguage\":\"fr-FR\",\"potentialAction\":[{\"@type\":\"ReadAction\",\"target\":[\"https:\/\/kapitalis.com\/tunisie\/2025\/03\/23\/galerie-saladin-une-retrospective-du-peintre-foued-zaouche-1944-2015\/\"]}]},{\"@type\":\"ImageObject\",\"inLanguage\":\"fr-FR\",\"@id\":\"https:\/\/kapitalis.com\/tunisie\/2025\/03\/23\/galerie-saladin-une-retrospective-du-peintre-foued-zaouche-1944-2015\/#primaryimage\",\"url\":\"https:\/\/kapitalis.com\/tunisie\/wp-content\/uploads\/2025\/03\/Foued-Zaouche.jpg\",\"contentUrl\":\"https:\/\/kapitalis.com\/tunisie\/wp-content\/uploads\/2025\/03\/Foued-Zaouche.jpg\",\"width\":1200,\"height\":630},{\"@type\":\"BreadcrumbList\",\"@id\":\"https:\/\/kapitalis.com\/tunisie\/2025\/03\/23\/galerie-saladin-une-retrospective-du-peintre-foued-zaouche-1944-2015\/#breadcrumb\",\"itemListElement\":[{\"@type\":\"ListItem\",\"position\":1,\"name\":\"Accueil\",\"item\":\"https:\/\/kapitalis.com\/tunisie\/\"},{\"@type\":\"ListItem\",\"position\":2,\"name\":\"Galerie Saladin | Une r\u00e9trospective du peintre Foued Zaouche (1944-2015)\"}]},{\"@type\":\"WebSite\",\"@id\":\"https:\/\/kapitalis.com\/tunisie\/#website\",\"url\":\"https:\/\/kapitalis.com\/tunisie\/\",\"name\":\"Kapitalis\",\"description\":\"L&#039;actualit\u00e9 en Tunisie et dans le monde\",\"publisher\":{\"@id\":\"https:\/\/kapitalis.com\/tunisie\/#organization\"},\"potentialAction\":[{\"@type\":\"SearchAction\",\"target\":{\"@type\":\"EntryPoint\",\"urlTemplate\":\"https:\/\/kapitalis.com\/tunisie\/?s={search_term_string}\"},\"query-input\":{\"@type\":\"PropertyValueSpecification\",\"valueRequired\":true,\"valueName\":\"search_term_string\"}}],\"inLanguage\":\"fr-FR\"},{\"@type\":\"Organization\",\"@id\":\"https:\/\/kapitalis.com\/tunisie\/#organization\",\"name\":\"Kapitalis\",\"url\":\"https:\/\/kapitalis.com\/tunisie\/\",\"logo\":{\"@type\":\"ImageObject\",\"inLanguage\":\"fr-FR\",\"@id\":\"https:\/\/kapitalis.com\/tunisie\/#\/schema\/logo\/image\/\",\"url\":\"https:\/\/kapitalis.com\/tunisie\/wp-content\/uploads\/2022\/05\/Kapitalis-big-size.png\",\"contentUrl\":\"https:\/\/kapitalis.com\/tunisie\/wp-content\/uploads\/2022\/05\/Kapitalis-big-size.png\",\"width\":5000,\"height\":1500,\"caption\":\"Kapitalis\"},\"image\":{\"@id\":\"https:\/\/kapitalis.com\/tunisie\/#\/schema\/logo\/image\/\"},\"sameAs\":[\"https:\/\/www.facebook.com\/KapitalisInfo\/\",\"https:\/\/x.com\/KapitalisInfo\",\"https:\/\/www.youtube.com\/channel\/UC-yDYrHyfFBWWZaOw3FPg9Q\"]},{\"@type\":\"Person\",\"@id\":\"https:\/\/kapitalis.com\/tunisie\/#\/schema\/person\/d71f33a9ca44f7bad4698210b480c8e9\",\"name\":\"webmaster kapitalis\",\"url\":\"https:\/\/kapitalis.com\/tunisie\/author\/webmaster-kapitalis\/\"}]}<\/script>\n<!-- \/ Yoast SEO plugin. -->","yoast_head_json":{"title":"Galerie Saladin | Une r\u00e9trospective du peintre Foued Zaouche (1944-2015) - Kapitalis","robots":{"index":"index","follow":"follow","max-snippet":"max-snippet:-1","max-image-preview":"max-image-preview:large","max-video-preview":"max-video-preview:-1"},"canonical":"https:\/\/kapitalis.com\/tunisie\/2025\/03\/23\/galerie-saladin-une-retrospective-du-peintre-foued-zaouche-1944-2015\/","og_locale":"fr_FR","og_type":"article","og_title":"Galerie Saladin | Une r\u00e9trospective du peintre Foued Zaouche (1944-2015) - Kapitalis","og_description":"Dix ans apr\u00e8s la disparition du peintre et \u00e9crivain Foued Zaouche, la Galerie Saladin \u00e0 Sidi Bou Said lui consacre une exposition r\u00e9trospective.","og_url":"https:\/\/kapitalis.com\/tunisie\/2025\/03\/23\/galerie-saladin-une-retrospective-du-peintre-foued-zaouche-1944-2015\/","og_site_name":"Kapitalis","article_publisher":"https:\/\/www.facebook.com\/KapitalisInfo\/","article_published_time":"2025-03-23T09:32:11+00:00","article_modified_time":"2025-03-23T09:32:12+00:00","og_image":[{"width":1200,"height":630,"url":"https:\/\/kapitalis.com\/tunisie\/wp-content\/uploads\/2025\/03\/Foued-Zaouche.jpg","type":"image\/jpeg"}],"author":"webmaster kapitalis","twitter_card":"summary_large_image","twitter_creator":"@KapitalisInfo","twitter_site":"@KapitalisInfo","twitter_misc":{"\u00c9crit par":"webmaster kapitalis","Dur\u00e9e de lecture estim\u00e9e":"3 minutes"},"schema":{"@context":"https:\/\/schema.org","@graph":[{"@type":"Article","@id":"https:\/\/kapitalis.com\/tunisie\/2025\/03\/23\/galerie-saladin-une-retrospective-du-peintre-foued-zaouche-1944-2015\/#article","isPartOf":{"@id":"https:\/\/kapitalis.com\/tunisie\/2025\/03\/23\/galerie-saladin-une-retrospective-du-peintre-foued-zaouche-1944-2015\/"},"author":{"name":"webmaster kapitalis","@id":"https:\/\/kapitalis.com\/tunisie\/#\/schema\/person\/d71f33a9ca44f7bad4698210b480c8e9"},"headline":"Galerie Saladin | Une r\u00e9trospective du peintre Foued Zaouche (1944-2015)","datePublished":"2025-03-23T09:32:11+00:00","dateModified":"2025-03-23T09:32:12+00:00","mainEntityOfPage":{"@id":"https:\/\/kapitalis.com\/tunisie\/2025\/03\/23\/galerie-saladin-une-retrospective-du-peintre-foued-zaouche-1944-2015\/"},"wordCount":441,"commentCount":0,"publisher":{"@id":"https:\/\/kapitalis.com\/tunisie\/#organization"},"image":{"@id":"https:\/\/kapitalis.com\/tunisie\/2025\/03\/23\/galerie-saladin-une-retrospective-du-peintre-foued-zaouche-1944-2015\/#primaryimage"},"thumbnailUrl":"https:\/\/kapitalis.com\/tunisie\/wp-content\/uploads\/2025\/03\/Foued-Zaouche.jpg","keywords":["Foued Zaouche","Galerie Saladin","Sidi Bou Said"],"articleSection":["CULTURE","Tunisie"],"inLanguage":"fr-FR","potentialAction":[{"@type":"CommentAction","name":"Comment","target":["https:\/\/kapitalis.com\/tunisie\/2025\/03\/23\/galerie-saladin-une-retrospective-du-peintre-foued-zaouche-1944-2015\/#respond"]}]},{"@type":"WebPage","@id":"https:\/\/kapitalis.com\/tunisie\/2025\/03\/23\/galerie-saladin-une-retrospective-du-peintre-foued-zaouche-1944-2015\/","url":"https:\/\/kapitalis.com\/tunisie\/2025\/03\/23\/galerie-saladin-une-retrospective-du-peintre-foued-zaouche-1944-2015\/","name":"Galerie Saladin | Une r\u00e9trospective du peintre Foued Zaouche (1944-2015) - Kapitalis","isPartOf":{"@id":"https:\/\/kapitalis.com\/tunisie\/#website"},"primaryImageOfPage":{"@id":"https:\/\/kapitalis.com\/tunisie\/2025\/03\/23\/galerie-saladin-une-retrospective-du-peintre-foued-zaouche-1944-2015\/#primaryimage"},"image":{"@id":"https:\/\/kapitalis.com\/tunisie\/2025\/03\/23\/galerie-saladin-une-retrospective-du-peintre-foued-zaouche-1944-2015\/#primaryimage"},"thumbnailUrl":"https:\/\/kapitalis.com\/tunisie\/wp-content\/uploads\/2025\/03\/Foued-Zaouche.jpg","datePublished":"2025-03-23T09:32:11+00:00","dateModified":"2025-03-23T09:32:12+00:00","breadcrumb":{"@id":"https:\/\/kapitalis.com\/tunisie\/2025\/03\/23\/galerie-saladin-une-retrospective-du-peintre-foued-zaouche-1944-2015\/#breadcrumb"},"inLanguage":"fr-FR","potentialAction":[{"@type":"ReadAction","target":["https:\/\/kapitalis.com\/tunisie\/2025\/03\/23\/galerie-saladin-une-retrospective-du-peintre-foued-zaouche-1944-2015\/"]}]},{"@type":"ImageObject","inLanguage":"fr-FR","@id":"https:\/\/kapitalis.com\/tunisie\/2025\/03\/23\/galerie-saladin-une-retrospective-du-peintre-foued-zaouche-1944-2015\/#primaryimage","url":"https:\/\/kapitalis.com\/tunisie\/wp-content\/uploads\/2025\/03\/Foued-Zaouche.jpg","contentUrl":"https:\/\/kapitalis.com\/tunisie\/wp-content\/uploads\/2025\/03\/Foued-Zaouche.jpg","width":1200,"height":630},{"@type":"BreadcrumbList","@id":"https:\/\/kapitalis.com\/tunisie\/2025\/03\/23\/galerie-saladin-une-retrospective-du-peintre-foued-zaouche-1944-2015\/#breadcrumb","itemListElement":[{"@type":"ListItem","position":1,"name":"Accueil","item":"https:\/\/kapitalis.com\/tunisie\/"},{"@type":"ListItem","position":2,"name":"Galerie Saladin | Une r\u00e9trospective du peintre Foued Zaouche (1944-2015)"}]},{"@type":"WebSite","@id":"https:\/\/kapitalis.com\/tunisie\/#website","url":"https:\/\/kapitalis.com\/tunisie\/","name":"Kapitalis","description":"L&#039;actualit\u00e9 en Tunisie et dans le monde","publisher":{"@id":"https:\/\/kapitalis.com\/tunisie\/#organization"},"potentialAction":[{"@type":"SearchAction","target":{"@type":"EntryPoint","urlTemplate":"https:\/\/kapitalis.com\/tunisie\/?s={search_term_string}"},"query-input":{"@type":"PropertyValueSpecification","valueRequired":true,"valueName":"search_term_string"}}],"inLanguage":"fr-FR"},{"@type":"Organization","@id":"https:\/\/kapitalis.com\/tunisie\/#organization","name":"Kapitalis","url":"https:\/\/kapitalis.com\/tunisie\/","logo":{"@type":"ImageObject","inLanguage":"fr-FR","@id":"https:\/\/kapitalis.com\/tunisie\/#\/schema\/logo\/image\/","url":"https:\/\/kapitalis.com\/tunisie\/wp-content\/uploads\/2022\/05\/Kapitalis-big-size.png","contentUrl":"https:\/\/kapitalis.com\/tunisie\/wp-content\/uploads\/2022\/05\/Kapitalis-big-size.png","width":5000,"height":1500,"caption":"Kapitalis"},"image":{"@id":"https:\/\/kapitalis.com\/tunisie\/#\/schema\/logo\/image\/"},"sameAs":["https:\/\/www.facebook.com\/KapitalisInfo\/","https:\/\/x.com\/KapitalisInfo","https:\/\/www.youtube.com\/channel\/UC-yDYrHyfFBWWZaOw3FPg9Q"]},{"@type":"Person","@id":"https:\/\/kapitalis.com\/tunisie\/#\/schema\/person\/d71f33a9ca44f7bad4698210b480c8e9","name":"webmaster kapitalis","url":"https:\/\/kapitalis.com\/tunisie\/author\/webmaster-kapitalis\/"}]}},"_links":{"self":[{"href":"https:\/\/kapitalis.com\/tunisie\/wp-json\/wp\/v2\/posts\/15958402","targetHints":{"allow":["GET"]}}],"collection":[{"href":"https:\/\/kapitalis.com\/tunisie\/wp-json\/wp\/v2\/posts"}],"about":[{"href":"https:\/\/kapitalis.com\/tunisie\/wp-json\/wp\/v2\/types\/post"}],"author":[{"embeddable":true,"href":"https:\/\/kapitalis.com\/tunisie\/wp-json\/wp\/v2\/users\/8"}],"replies":[{"embeddable":true,"href":"https:\/\/kapitalis.com\/tunisie\/wp-json\/wp\/v2\/comments?post=15958402"}],"version-history":[{"count":1,"href":"https:\/\/kapitalis.com\/tunisie\/wp-json\/wp\/v2\/posts\/15958402\/revisions"}],"predecessor-version":[{"id":15958511,"href":"https:\/\/kapitalis.com\/tunisie\/wp-json\/wp\/v2\/posts\/15958402\/revisions\/15958511"}],"wp:featuredmedia":[{"embeddable":true,"href":"https:\/\/kapitalis.com\/tunisie\/wp-json\/wp\/v2\/media\/15958501"}],"wp:attachment":[{"href":"https:\/\/kapitalis.com\/tunisie\/wp-json\/wp\/v2\/media?parent=15958402"}],"wp:term":[{"taxonomy":"category","embeddable":true,"href":"https:\/\/kapitalis.com\/tunisie\/wp-json\/wp\/v2\/categories?post=15958402"},{"taxonomy":"post_tag","embeddable":true,"href":"https:\/\/kapitalis.com\/tunisie\/wp-json\/wp\/v2\/tags?post=15958402"}],"curies":[{"name":"wp","href":"https:\/\/api.w.org\/{rel}","templated":true}]}}