{"id":15964145,"date":"2025-03-24T07:40:30","date_gmt":"2025-03-24T06:40:30","guid":{"rendered":"https:\/\/kapitalis.com\/tunisie\/?p=15964145"},"modified":"2025-03-24T07:40:31","modified_gmt":"2025-03-24T06:40:31","slug":"le-president-toxique-une-enquete-choc-sur-emmanuel-macron","status":"publish","type":"post","link":"https:\/\/kapitalis.com\/tunisie\/2025\/03\/24\/le-president-toxique-une-enquete-choc-sur-emmanuel-macron\/","title":{"rendered":"\u2018\u2018Le Pr\u00e9sident toxique\u2019\u2019 | Une enqu\u00eate choc sur Emmanuel Macron"},"content":{"rendered":"\n<p><strong><em>Depuis sa sortie le 6 f\u00e9vrier 2025, \u2018\u2018Le Pr\u00e9sident toxique. Enqu\u00eate sur le v\u00e9ritable Emmanuel Macron\u2019\u2019, d\u2019\u00c9tienne Campion (\u00e9dition Robert Laffont) suscite un vif d\u00e9bat. \u00c0 travers une centaine de t\u00e9moignages, ce livre dresse un portrait implacable d\u2019un pr\u00e9sident s\u00e9ducteur mais impitoyable, dont la gestion solitaire du pouvoir aurait conduit \u00e0 son isolement et \u00e0 l\u2019instabilit\u00e9 actuelle du pays.<\/em><\/strong><\/p>\n\n\n\n<p><strong>Djamal Guettala<\/strong><\/p>\n\n\n\n<!--more-->\n\n\n\n<p>Depuis la dissolution controvers\u00e9e de l\u2019Assembl\u00e9e nationale en juin 2024, Emmanuel Macron fait face \u00e0 une d\u00e9fiance grandissante, y compris au sein de son propre camp. Dans une interview accord\u00e9e au <em>Figaro<\/em>, Campion r\u00e9v\u00e8le que certains proches du pr\u00e9sident le qualifient eux-m\u00eames de <em>\u00abtoxique\u00bb<\/em>, d\u00e9crivant une influence d\u2019abord s\u00e9duisante, mais rapidement destructrice.<\/p>\n\n\n\n<p>L\u2019ouvrage met en avant une gouvernance o\u00f9 l\u2019avis des autres est rel\u00e9gu\u00e9 au second plan, et o\u00f9 le pr\u00e9sident, de plus en plus isol\u00e9, ne s\u2019entoure plus que de fid\u00e8les inconditionnels. Cette attitude expliquerait les choix politiques r\u00e9cents, souvent per\u00e7us comme impulsifs et risqu\u00e9s.<\/p>\n\n\n\n<h2 class=\"wp-block-heading\">Une ascension fond\u00e9e sur la s\u00e9duction et l\u2019\u00e9limination<\/h2>\n\n\n\n<p>D\u00e8s ses d\u00e9buts en politique, Emmanuel Macron s\u2019est impos\u00e9 par son talent exceptionnel pour la s\u00e9duction intellectuelle, qui lui a permis de s\u2019attirer le soutien de personnalit\u00e9s influentes. Mais Campion met en lumi\u00e8re un autre versant de cette s\u00e9duction : une strat\u00e9gie de mise \u00e0 l\u2019\u00e9cart syst\u00e9matique de ceux qui lui ont \u00e9t\u00e9 utiles.<\/p>\n\n\n\n<p>Des figures cl\u00e9s de son ascension, comme Jean-Pierre Jouyet et Jacques Attali, ont \u00e9t\u00e9 \u00e9cart\u00e9es une fois leur r\u00f4le accompli. Dans une enqu\u00eate publi\u00e9e par <em>Marianne<\/em>, des t\u00e9moignages \u00e9voquent un mode de fonctionnement bas\u00e9 sur la manipulation et la trahison, contribuant \u00e0 alimenter ranc\u0153urs et d\u00e9fiance autour du pr\u00e9sident.<\/p>\n\n\n\n<p>Campion explore \u00e9galement les origines psychologiques du comportement de Macron, notamment une rupture marquante durant son adolescence : son choix de se d\u00e9tourner de ses parents pour vivre chez sa grand-m\u00e8re, Germaine Nogu\u00e8s.<\/p>\n\n\n\n<p>Ce besoin d\u2019ind\u00e9pendance pr\u00e9coce, associ\u00e9 \u00e0 une relation fusionnelle avec elle, aurait fa\u00e7onn\u00e9 son rapport complexe \u00e0 l\u2019autorit\u00e9 et \u00e0 la loyaut\u00e9. L\u2019auteur y voit un sch\u00e9ma qui se r\u00e9p\u00e9tera tout au long de sa carri\u00e8re : s\u00e9duction des figures influentes, puis rupture brutale lorsqu\u2019elles ne lui sont plus n\u00e9cessaires.<\/p>\n\n\n\n<p>Dans une interview pour <em>\u00c9lucid<\/em>, Campion qualifie Macron de <em>\u00abpr\u00e9sident r\u00e9solument anormal et toxique\u00bb<\/em>, \u00e9voquant son narcissisme, son go\u00fbt du contr\u00f4le et son incapacit\u00e9 \u00e0 accepter la contradiction.<\/p>\n\n\n\n<h2 class=\"wp-block-heading\">Un exercice du pouvoir de plus en plus solitaire et risqu\u00e9<\/h2>\n\n\n\n<p>Avec le temps, Emmanuel Macron est devenu un pr\u00e9sident ultra-centralisateur, prenant toutes les d\u00e9cisions \u00e0 l\u2019\u00c9lys\u00e9e et marginalisant son propre gouvernement.<\/p>\n\n\n\n<p>L\u2019ouvrage d\u00e9crit un chef d\u2019\u00c9tat enferm\u00e9 dans une bulle, insensible aux mises en garde et aux critiques. Campion analyse les r\u00e9cents choix pr\u00e9sidentiels, notamment la dissolution de 2024, comme des r\u00e9actions impulsives, prises dans un climat de tension extr\u00eame et sans r\u00e9elle concertation.<\/p>\n\n\n\n<p>L\u2019auteur estime que la crise actuelle n\u2019est pas un accident, mais la cons\u00e9quence logique d\u2019un mode de gouvernance bas\u00e9 sur la rupture et la confrontation. Ce qui a fait sa force \u2013 audace, ind\u00e9pendance, vision disruptive \u2013 est aussi ce qui le fragilise aujourd\u2019hui.<\/p>\n\n\n\n<p>D\u00e8s son accession au pouvoir, Macron a voulu bousculer les codes, imposer sa vision sans concessions. Mais cette posture a fini par l\u2019isoler, affaiblir son autorit\u00e9 et exacerber les tensions dans le pays.<\/p>\n\n\n\n<p>Un livre incontournable pour comprendre la crise du macronisme<\/p>\n\n\n\n<p>\u00c0 travers une enqu\u00eate rigoureuse et des analyses fouill\u00e9es, <em>\u2018\u2018Le Pr\u00e9sident toxique\u2019\u2019<\/em> ne se contente pas de critiquer Emmanuel Macron : il cherche \u00e0 comprendre comment et pourquoi il en est arriv\u00e9 l\u00e0.<\/p>\n\n\n\n<p>En remontant aux racines de son rapport au pouvoir, \u00e0 la loyaut\u00e9 et au conflit, Campion met en lumi\u00e8re les m\u00e9canismes psychologiques et politiques qui ont conduit \u00e0 son isolement et \u00e0 l\u2019instabilit\u00e9 actuelle.<\/p>\n\n\n\n<p>Un ouvrage essentiel pour d\u00e9crypter les crises qu\u2019il traverse \u2013 ou qu\u2019il a lui-m\u00eame provoqu\u00e9es.<\/p>\n","protected":false},"excerpt":{"rendered":"<p>Depuis sa sortie le 6 f\u00e9vrier 2025, \u2018\u2018Le Pr\u00e9sident toxique. Enqu\u00eate sur le v\u00e9ritable Emmanuel Macron\u2019\u2019, d\u2019\u00c9tienne Campion suscite un vif d\u00e9bat. <\/p>\n","protected":false},"author":8,"featured_media":15964178,"comment_status":"open","ping_status":"open","sticky":false,"template":"","format":"standard","meta":{"footnotes":""},"categories":[992,994,997,2433],"tags":[19579,120035,121429,36836,121430],"class_list":["post-15964145","post","type-post","status-publish","format-standard","has-post-thumbnail","hentry","category-a-la-une","category-culture","category-politique","category-tunisie","tag-emmanuel-macron","tag-etienne-campion","tag-germaine-nogues","tag-jacques-attali","tag-jean-pierre-jouyet"],"yoast_head":"<!-- This site is optimized with the Yoast SEO plugin v26.6 - https:\/\/yoast.com\/wordpress\/plugins\/seo\/ -->\n<title>\u2018\u2018Le Pr\u00e9sident toxique\u2019\u2019 | Une enqu\u00eate choc sur Emmanuel Macron - Kapitalis<\/title>\n<meta name=\"robots\" content=\"index, follow, max-snippet:-1, max-image-preview:large, max-video-preview:-1\" \/>\n<link rel=\"canonical\" href=\"https:\/\/kapitalis.com\/tunisie\/2025\/03\/24\/le-president-toxique-une-enquete-choc-sur-emmanuel-macron\/\" \/>\n<meta property=\"og:locale\" content=\"fr_FR\" \/>\n<meta property=\"og:type\" content=\"article\" \/>\n<meta property=\"og:title\" content=\"\u2018\u2018Le Pr\u00e9sident toxique\u2019\u2019 | Une enqu\u00eate choc sur Emmanuel Macron - Kapitalis\" \/>\n<meta property=\"og:description\" content=\"Depuis sa sortie le 6 f\u00e9vrier 2025, \u2018\u2018Le Pr\u00e9sident toxique. Enqu\u00eate sur le v\u00e9ritable Emmanuel Macron\u2019\u2019, d\u2019\u00c9tienne Campion suscite un vif d\u00e9bat.\" \/>\n<meta property=\"og:url\" content=\"https:\/\/kapitalis.com\/tunisie\/2025\/03\/24\/le-president-toxique-une-enquete-choc-sur-emmanuel-macron\/\" \/>\n<meta property=\"og:site_name\" content=\"Kapitalis\" \/>\n<meta property=\"article:publisher\" content=\"https:\/\/www.facebook.com\/KapitalisInfo\/\" \/>\n<meta property=\"article:published_time\" content=\"2025-03-24T06:40:30+00:00\" \/>\n<meta property=\"article:modified_time\" content=\"2025-03-24T06:40:31+00:00\" \/>\n<meta property=\"og:image\" content=\"https:\/\/kapitalis.com\/tunisie\/wp-content\/uploads\/2025\/03\/Emmanuel-Macron.jpg\" \/>\n\t<meta property=\"og:image:width\" content=\"1200\" \/>\n\t<meta property=\"og:image:height\" content=\"630\" \/>\n\t<meta property=\"og:image:type\" content=\"image\/jpeg\" \/>\n<meta name=\"author\" content=\"webmaster kapitalis\" \/>\n<meta name=\"twitter:card\" content=\"summary_large_image\" \/>\n<meta name=\"twitter:creator\" content=\"@KapitalisInfo\" \/>\n<meta name=\"twitter:site\" content=\"@KapitalisInfo\" \/>\n<meta name=\"twitter:label1\" content=\"\u00c9crit par\" \/>\n\t<meta name=\"twitter:data1\" content=\"webmaster kapitalis\" \/>\n\t<meta name=\"twitter:label2\" content=\"Dur\u00e9e de lecture estim\u00e9e\" \/>\n\t<meta name=\"twitter:data2\" content=\"4 minutes\" \/>\n<script type=\"application\/ld+json\" class=\"yoast-schema-graph\">{\"@context\":\"https:\/\/schema.org\",\"@graph\":[{\"@type\":\"Article\",\"@id\":\"https:\/\/kapitalis.com\/tunisie\/2025\/03\/24\/le-president-toxique-une-enquete-choc-sur-emmanuel-macron\/#article\",\"isPartOf\":{\"@id\":\"https:\/\/kapitalis.com\/tunisie\/2025\/03\/24\/le-president-toxique-une-enquete-choc-sur-emmanuel-macron\/\"},\"author\":{\"name\":\"webmaster kapitalis\",\"@id\":\"https:\/\/kapitalis.com\/tunisie\/#\/schema\/person\/d71f33a9ca44f7bad4698210b480c8e9\"},\"headline\":\"\u2018\u2018Le Pr\u00e9sident toxique\u2019\u2019 | Une enqu\u00eate choc sur Emmanuel Macron\",\"datePublished\":\"2025-03-24T06:40:30+00:00\",\"dateModified\":\"2025-03-24T06:40:31+00:00\",\"mainEntityOfPage\":{\"@id\":\"https:\/\/kapitalis.com\/tunisie\/2025\/03\/24\/le-president-toxique-une-enquete-choc-sur-emmanuel-macron\/\"},\"wordCount\":712,\"commentCount\":0,\"publisher\":{\"@id\":\"https:\/\/kapitalis.com\/tunisie\/#organization\"},\"image\":{\"@id\":\"https:\/\/kapitalis.com\/tunisie\/2025\/03\/24\/le-president-toxique-une-enquete-choc-sur-emmanuel-macron\/#primaryimage\"},\"thumbnailUrl\":\"https:\/\/kapitalis.com\/tunisie\/wp-content\/uploads\/2025\/03\/Emmanuel-Macron.jpg\",\"keywords\":[\"Emmanuel Macron\",\"\u00c9tienne Campion\",\"Germaine Nogu\u00e8s\",\"Jacques Attali\",\"Jean-Pierre Jouyet\"],\"articleSection\":[\"A LA UNE\",\"CULTURE\",\"POLITIQUE\",\"Tunisie\"],\"inLanguage\":\"fr-FR\",\"potentialAction\":[{\"@type\":\"CommentAction\",\"name\":\"Comment\",\"target\":[\"https:\/\/kapitalis.com\/tunisie\/2025\/03\/24\/le-president-toxique-une-enquete-choc-sur-emmanuel-macron\/#respond\"]}]},{\"@type\":\"WebPage\",\"@id\":\"https:\/\/kapitalis.com\/tunisie\/2025\/03\/24\/le-president-toxique-une-enquete-choc-sur-emmanuel-macron\/\",\"url\":\"https:\/\/kapitalis.com\/tunisie\/2025\/03\/24\/le-president-toxique-une-enquete-choc-sur-emmanuel-macron\/\",\"name\":\"\u2018\u2018Le Pr\u00e9sident toxique\u2019\u2019 | Une enqu\u00eate choc sur Emmanuel Macron - Kapitalis\",\"isPartOf\":{\"@id\":\"https:\/\/kapitalis.com\/tunisie\/#website\"},\"primaryImageOfPage\":{\"@id\":\"https:\/\/kapitalis.com\/tunisie\/2025\/03\/24\/le-president-toxique-une-enquete-choc-sur-emmanuel-macron\/#primaryimage\"},\"image\":{\"@id\":\"https:\/\/kapitalis.com\/tunisie\/2025\/03\/24\/le-president-toxique-une-enquete-choc-sur-emmanuel-macron\/#primaryimage\"},\"thumbnailUrl\":\"https:\/\/kapitalis.com\/tunisie\/wp-content\/uploads\/2025\/03\/Emmanuel-Macron.jpg\",\"datePublished\":\"2025-03-24T06:40:30+00:00\",\"dateModified\":\"2025-03-24T06:40:31+00:00\",\"breadcrumb\":{\"@id\":\"https:\/\/kapitalis.com\/tunisie\/2025\/03\/24\/le-president-toxique-une-enquete-choc-sur-emmanuel-macron\/#breadcrumb\"},\"inLanguage\":\"fr-FR\",\"potentialAction\":[{\"@type\":\"ReadAction\",\"target\":[\"https:\/\/kapitalis.com\/tunisie\/2025\/03\/24\/le-president-toxique-une-enquete-choc-sur-emmanuel-macron\/\"]}]},{\"@type\":\"ImageObject\",\"inLanguage\":\"fr-FR\",\"@id\":\"https:\/\/kapitalis.com\/tunisie\/2025\/03\/24\/le-president-toxique-une-enquete-choc-sur-emmanuel-macron\/#primaryimage\",\"url\":\"https:\/\/kapitalis.com\/tunisie\/wp-content\/uploads\/2025\/03\/Emmanuel-Macron.jpg\",\"contentUrl\":\"https:\/\/kapitalis.com\/tunisie\/wp-content\/uploads\/2025\/03\/Emmanuel-Macron.jpg\",\"width\":1200,\"height\":630},{\"@type\":\"BreadcrumbList\",\"@id\":\"https:\/\/kapitalis.com\/tunisie\/2025\/03\/24\/le-president-toxique-une-enquete-choc-sur-emmanuel-macron\/#breadcrumb\",\"itemListElement\":[{\"@type\":\"ListItem\",\"position\":1,\"name\":\"Accueil\",\"item\":\"https:\/\/kapitalis.com\/tunisie\/\"},{\"@type\":\"ListItem\",\"position\":2,\"name\":\"\u2018\u2018Le Pr\u00e9sident toxique\u2019\u2019 | Une enqu\u00eate choc sur Emmanuel Macron\"}]},{\"@type\":\"WebSite\",\"@id\":\"https:\/\/kapitalis.com\/tunisie\/#website\",\"url\":\"https:\/\/kapitalis.com\/tunisie\/\",\"name\":\"Kapitalis\",\"description\":\"L&#039;actualit\u00e9 en Tunisie et dans le monde\",\"publisher\":{\"@id\":\"https:\/\/kapitalis.com\/tunisie\/#organization\"},\"potentialAction\":[{\"@type\":\"SearchAction\",\"target\":{\"@type\":\"EntryPoint\",\"urlTemplate\":\"https:\/\/kapitalis.com\/tunisie\/?s={search_term_string}\"},\"query-input\":{\"@type\":\"PropertyValueSpecification\",\"valueRequired\":true,\"valueName\":\"search_term_string\"}}],\"inLanguage\":\"fr-FR\"},{\"@type\":\"Organization\",\"@id\":\"https:\/\/kapitalis.com\/tunisie\/#organization\",\"name\":\"Kapitalis\",\"url\":\"https:\/\/kapitalis.com\/tunisie\/\",\"logo\":{\"@type\":\"ImageObject\",\"inLanguage\":\"fr-FR\",\"@id\":\"https:\/\/kapitalis.com\/tunisie\/#\/schema\/logo\/image\/\",\"url\":\"https:\/\/kapitalis.com\/tunisie\/wp-content\/uploads\/2022\/05\/Kapitalis-big-size.png\",\"contentUrl\":\"https:\/\/kapitalis.com\/tunisie\/wp-content\/uploads\/2022\/05\/Kapitalis-big-size.png\",\"width\":5000,\"height\":1500,\"caption\":\"Kapitalis\"},\"image\":{\"@id\":\"https:\/\/kapitalis.com\/tunisie\/#\/schema\/logo\/image\/\"},\"sameAs\":[\"https:\/\/www.facebook.com\/KapitalisInfo\/\",\"https:\/\/x.com\/KapitalisInfo\",\"https:\/\/www.youtube.com\/channel\/UC-yDYrHyfFBWWZaOw3FPg9Q\"]},{\"@type\":\"Person\",\"@id\":\"https:\/\/kapitalis.com\/tunisie\/#\/schema\/person\/d71f33a9ca44f7bad4698210b480c8e9\",\"name\":\"webmaster kapitalis\",\"url\":\"https:\/\/kapitalis.com\/tunisie\/author\/webmaster-kapitalis\/\"}]}<\/script>\n<!-- \/ Yoast SEO plugin. -->","yoast_head_json":{"title":"\u2018\u2018Le Pr\u00e9sident toxique\u2019\u2019 | Une enqu\u00eate choc sur Emmanuel Macron - Kapitalis","robots":{"index":"index","follow":"follow","max-snippet":"max-snippet:-1","max-image-preview":"max-image-preview:large","max-video-preview":"max-video-preview:-1"},"canonical":"https:\/\/kapitalis.com\/tunisie\/2025\/03\/24\/le-president-toxique-une-enquete-choc-sur-emmanuel-macron\/","og_locale":"fr_FR","og_type":"article","og_title":"\u2018\u2018Le Pr\u00e9sident toxique\u2019\u2019 | Une enqu\u00eate choc sur Emmanuel Macron - Kapitalis","og_description":"Depuis sa sortie le 6 f\u00e9vrier 2025, \u2018\u2018Le Pr\u00e9sident toxique. Enqu\u00eate sur le v\u00e9ritable Emmanuel Macron\u2019\u2019, d\u2019\u00c9tienne Campion suscite un vif d\u00e9bat.","og_url":"https:\/\/kapitalis.com\/tunisie\/2025\/03\/24\/le-president-toxique-une-enquete-choc-sur-emmanuel-macron\/","og_site_name":"Kapitalis","article_publisher":"https:\/\/www.facebook.com\/KapitalisInfo\/","article_published_time":"2025-03-24T06:40:30+00:00","article_modified_time":"2025-03-24T06:40:31+00:00","og_image":[{"width":1200,"height":630,"url":"https:\/\/kapitalis.com\/tunisie\/wp-content\/uploads\/2025\/03\/Emmanuel-Macron.jpg","type":"image\/jpeg"}],"author":"webmaster kapitalis","twitter_card":"summary_large_image","twitter_creator":"@KapitalisInfo","twitter_site":"@KapitalisInfo","twitter_misc":{"\u00c9crit par":"webmaster kapitalis","Dur\u00e9e de lecture estim\u00e9e":"4 minutes"},"schema":{"@context":"https:\/\/schema.org","@graph":[{"@type":"Article","@id":"https:\/\/kapitalis.com\/tunisie\/2025\/03\/24\/le-president-toxique-une-enquete-choc-sur-emmanuel-macron\/#article","isPartOf":{"@id":"https:\/\/kapitalis.com\/tunisie\/2025\/03\/24\/le-president-toxique-une-enquete-choc-sur-emmanuel-macron\/"},"author":{"name":"webmaster kapitalis","@id":"https:\/\/kapitalis.com\/tunisie\/#\/schema\/person\/d71f33a9ca44f7bad4698210b480c8e9"},"headline":"\u2018\u2018Le Pr\u00e9sident toxique\u2019\u2019 | Une enqu\u00eate choc sur Emmanuel Macron","datePublished":"2025-03-24T06:40:30+00:00","dateModified":"2025-03-24T06:40:31+00:00","mainEntityOfPage":{"@id":"https:\/\/kapitalis.com\/tunisie\/2025\/03\/24\/le-president-toxique-une-enquete-choc-sur-emmanuel-macron\/"},"wordCount":712,"commentCount":0,"publisher":{"@id":"https:\/\/kapitalis.com\/tunisie\/#organization"},"image":{"@id":"https:\/\/kapitalis.com\/tunisie\/2025\/03\/24\/le-president-toxique-une-enquete-choc-sur-emmanuel-macron\/#primaryimage"},"thumbnailUrl":"https:\/\/kapitalis.com\/tunisie\/wp-content\/uploads\/2025\/03\/Emmanuel-Macron.jpg","keywords":["Emmanuel Macron","\u00c9tienne Campion","Germaine Nogu\u00e8s","Jacques Attali","Jean-Pierre Jouyet"],"articleSection":["A LA UNE","CULTURE","POLITIQUE","Tunisie"],"inLanguage":"fr-FR","potentialAction":[{"@type":"CommentAction","name":"Comment","target":["https:\/\/kapitalis.com\/tunisie\/2025\/03\/24\/le-president-toxique-une-enquete-choc-sur-emmanuel-macron\/#respond"]}]},{"@type":"WebPage","@id":"https:\/\/kapitalis.com\/tunisie\/2025\/03\/24\/le-president-toxique-une-enquete-choc-sur-emmanuel-macron\/","url":"https:\/\/kapitalis.com\/tunisie\/2025\/03\/24\/le-president-toxique-une-enquete-choc-sur-emmanuel-macron\/","name":"\u2018\u2018Le Pr\u00e9sident toxique\u2019\u2019 | Une enqu\u00eate choc sur Emmanuel Macron - Kapitalis","isPartOf":{"@id":"https:\/\/kapitalis.com\/tunisie\/#website"},"primaryImageOfPage":{"@id":"https:\/\/kapitalis.com\/tunisie\/2025\/03\/24\/le-president-toxique-une-enquete-choc-sur-emmanuel-macron\/#primaryimage"},"image":{"@id":"https:\/\/kapitalis.com\/tunisie\/2025\/03\/24\/le-president-toxique-une-enquete-choc-sur-emmanuel-macron\/#primaryimage"},"thumbnailUrl":"https:\/\/kapitalis.com\/tunisie\/wp-content\/uploads\/2025\/03\/Emmanuel-Macron.jpg","datePublished":"2025-03-24T06:40:30+00:00","dateModified":"2025-03-24T06:40:31+00:00","breadcrumb":{"@id":"https:\/\/kapitalis.com\/tunisie\/2025\/03\/24\/le-president-toxique-une-enquete-choc-sur-emmanuel-macron\/#breadcrumb"},"inLanguage":"fr-FR","potentialAction":[{"@type":"ReadAction","target":["https:\/\/kapitalis.com\/tunisie\/2025\/03\/24\/le-president-toxique-une-enquete-choc-sur-emmanuel-macron\/"]}]},{"@type":"ImageObject","inLanguage":"fr-FR","@id":"https:\/\/kapitalis.com\/tunisie\/2025\/03\/24\/le-president-toxique-une-enquete-choc-sur-emmanuel-macron\/#primaryimage","url":"https:\/\/kapitalis.com\/tunisie\/wp-content\/uploads\/2025\/03\/Emmanuel-Macron.jpg","contentUrl":"https:\/\/kapitalis.com\/tunisie\/wp-content\/uploads\/2025\/03\/Emmanuel-Macron.jpg","width":1200,"height":630},{"@type":"BreadcrumbList","@id":"https:\/\/kapitalis.com\/tunisie\/2025\/03\/24\/le-president-toxique-une-enquete-choc-sur-emmanuel-macron\/#breadcrumb","itemListElement":[{"@type":"ListItem","position":1,"name":"Accueil","item":"https:\/\/kapitalis.com\/tunisie\/"},{"@type":"ListItem","position":2,"name":"\u2018\u2018Le Pr\u00e9sident toxique\u2019\u2019 | Une enqu\u00eate choc sur Emmanuel Macron"}]},{"@type":"WebSite","@id":"https:\/\/kapitalis.com\/tunisie\/#website","url":"https:\/\/kapitalis.com\/tunisie\/","name":"Kapitalis","description":"L&#039;actualit\u00e9 en Tunisie et dans le monde","publisher":{"@id":"https:\/\/kapitalis.com\/tunisie\/#organization"},"potentialAction":[{"@type":"SearchAction","target":{"@type":"EntryPoint","urlTemplate":"https:\/\/kapitalis.com\/tunisie\/?s={search_term_string}"},"query-input":{"@type":"PropertyValueSpecification","valueRequired":true,"valueName":"search_term_string"}}],"inLanguage":"fr-FR"},{"@type":"Organization","@id":"https:\/\/kapitalis.com\/tunisie\/#organization","name":"Kapitalis","url":"https:\/\/kapitalis.com\/tunisie\/","logo":{"@type":"ImageObject","inLanguage":"fr-FR","@id":"https:\/\/kapitalis.com\/tunisie\/#\/schema\/logo\/image\/","url":"https:\/\/kapitalis.com\/tunisie\/wp-content\/uploads\/2022\/05\/Kapitalis-big-size.png","contentUrl":"https:\/\/kapitalis.com\/tunisie\/wp-content\/uploads\/2022\/05\/Kapitalis-big-size.png","width":5000,"height":1500,"caption":"Kapitalis"},"image":{"@id":"https:\/\/kapitalis.com\/tunisie\/#\/schema\/logo\/image\/"},"sameAs":["https:\/\/www.facebook.com\/KapitalisInfo\/","https:\/\/x.com\/KapitalisInfo","https:\/\/www.youtube.com\/channel\/UC-yDYrHyfFBWWZaOw3FPg9Q"]},{"@type":"Person","@id":"https:\/\/kapitalis.com\/tunisie\/#\/schema\/person\/d71f33a9ca44f7bad4698210b480c8e9","name":"webmaster kapitalis","url":"https:\/\/kapitalis.com\/tunisie\/author\/webmaster-kapitalis\/"}]}},"_links":{"self":[{"href":"https:\/\/kapitalis.com\/tunisie\/wp-json\/wp\/v2\/posts\/15964145","targetHints":{"allow":["GET"]}}],"collection":[{"href":"https:\/\/kapitalis.com\/tunisie\/wp-json\/wp\/v2\/posts"}],"about":[{"href":"https:\/\/kapitalis.com\/tunisie\/wp-json\/wp\/v2\/types\/post"}],"author":[{"embeddable":true,"href":"https:\/\/kapitalis.com\/tunisie\/wp-json\/wp\/v2\/users\/8"}],"replies":[{"embeddable":true,"href":"https:\/\/kapitalis.com\/tunisie\/wp-json\/wp\/v2\/comments?post=15964145"}],"version-history":[{"count":1,"href":"https:\/\/kapitalis.com\/tunisie\/wp-json\/wp\/v2\/posts\/15964145\/revisions"}],"predecessor-version":[{"id":15964196,"href":"https:\/\/kapitalis.com\/tunisie\/wp-json\/wp\/v2\/posts\/15964145\/revisions\/15964196"}],"wp:featuredmedia":[{"embeddable":true,"href":"https:\/\/kapitalis.com\/tunisie\/wp-json\/wp\/v2\/media\/15964178"}],"wp:attachment":[{"href":"https:\/\/kapitalis.com\/tunisie\/wp-json\/wp\/v2\/media?parent=15964145"}],"wp:term":[{"taxonomy":"category","embeddable":true,"href":"https:\/\/kapitalis.com\/tunisie\/wp-json\/wp\/v2\/categories?post=15964145"},{"taxonomy":"post_tag","embeddable":true,"href":"https:\/\/kapitalis.com\/tunisie\/wp-json\/wp\/v2\/tags?post=15964145"}],"curies":[{"name":"wp","href":"https:\/\/api.w.org\/{rel}","templated":true}]}}