{"id":15964272,"date":"2025-03-24T08:02:59","date_gmt":"2025-03-24T07:02:59","guid":{"rendered":"https:\/\/kapitalis.com\/tunisie\/?p=15964272"},"modified":"2025-03-24T08:03:01","modified_gmt":"2025-03-24T07:03:01","slug":"etre-ou-ne-pas-etre-chef-de-gouvernement-en-tunisie","status":"publish","type":"post","link":"https:\/\/kapitalis.com\/tunisie\/2025\/03\/24\/etre-ou-ne-pas-etre-chef-de-gouvernement-en-tunisie\/","title":{"rendered":"\u00catre ou ne pas \u00eatre chef de gouvernement en Tunisie"},"content":{"rendered":"\n<p><strong><em>Le pr\u00e9sident Kais Sa\u00efed a nomm\u00e9 <a href=\"https:\/\/kapitalis.com\/tunisie\/2025\/03\/22\/tunisie-sarra-zaafrani-zenzeri-etrenne-ses-nouvelles-fonctions\/\" target=\"_blank\" rel=\"noreferrer noopener\">Sarra Zaafrani Zenzeri <\/a>comme 4<sup>e<\/sup> chef de gouvernement, depuis 2021, et 11<sup>e<\/sup> depuis 2011, date de la R\u00e9volte du Jasmin en Tunisie. Une esp\u00e9rance de vie politique moyenne de seulement 15 mois pour chacun. Une rotation effr\u00e9n\u00e9e et qui ne rassure ni l\u2019\u00e9conomie, ni la soci\u00e9t\u00e9. Est-ce un indicateur d\u2019instabilit\u00e9\u00a0? Est-ce un corr\u00e9l\u00e2t d\u2019une inefficacit\u00e9 chronique au niveau gouvernemental?<\/em><\/strong><\/p>\n\n\n\n<p><strong>Moktar Lamari *<\/strong><\/p>\n\n\n\n<!--more-->\n\n\n<div class=\"wp-block-image\">\n<figure class=\"alignleft size-full is-resized\"><img decoding=\"async\" src=\"http:\/\/kapitalis.com\/tunisie\/wp-content\/uploads\/2019\/10\/Moktar-Lamari.jpg\" alt=\"\" class=\"wp-image-246439\" style=\"width:200px\"\/><\/figure>\n<\/div>\n\n\n<p>Plusieurs questions se posent et plusieurs enjeux s\u2019imposent dans le contexte d\u2019une crise \u00e9conomique et mon\u00e9taire sans pr\u00e9c\u00e9dent. Une crise \u00e9conomique qui secoue le sens du travail, qui vampirise l\u2019investissement et qui enfonce le pays dans la dette et la stagflation.<\/p>\n\n\n\n<p>\u00catre chef de gouvernement est un m\u00e9tier qui ne s\u2019improvise pas. C\u2019est un m\u00e9tier politique que ceux et celles qui n\u2019ont pas assum\u00e9 une vie politique active et engag\u00e9e ne peuvent pas exercer de fa\u00e7on efficace.<\/p>\n\n\n\n<p>En Tunisie, on a tendance \u00e0 n\u00e9gliger la complexit\u00e9 de la fonction et \u00e0 sous-estimer les comp\u00e9tences li\u00e9es.<\/p>\n\n\n\n<h2 class=\"wp-block-heading\">\u00catre ou ne pas \u00eatre chef de gouvernement<\/h2>\n\n\n\n<p>\u00catre chef de gouvernement, c\u2019est un m\u00e9tier complexe et jonch\u00e9 de difficult\u00e9s et d\u2019impr\u00e9vus. Il faut convaincre par un leadership assum\u00e9 et efficace, pour pouvoir communiquer et mobiliser les parties prenantes (pouvoirs, minist\u00e8res, r\u00e9gions, etc.). Et il faut comprendre les m\u00e9canismes de l\u2019\u00c9tat, et les rouages macro\u00e9conomiques de l\u2019\u00e9conomie nationale et de ses interd\u00e9pendances avec les pays \u00e9trangers et les organismes internationaux.<\/p>\n\n\n\n<p>On doit avoir une compr\u00e9hension des concepts \u00e9conomiques clefs et de leur impact sur le niveau de vie des citoyens et sur les processus de la cr\u00e9ation de la richesse.<\/p>\n\n\n\n<p>Multiplier les changements du chef de gouvernement a \u00e9t\u00e9 un sport national pour l\u2019\u00e8re post-2011. On pr\u00e9f\u00e8re limoger le chef de gouvernement que de remettre en question les politiques publiques qui de facto n\u2019ont pas fonctionn\u00e9 efficacement, parce qu\u2019elles ont \u00e9t\u00e9 mal con\u00e7ues ou mal-implant\u00e9es, ou les deux \u00e0 la fois.<\/p>\n\n\n\n<p>On enseigne \u00e0 nos \u00e9tudiants en sciences politiques et en sciences \u00e9conomiques qu\u2019il faut d\u00e9tenir une exp\u00e9rience politique et une expertise technique pour pouvoir fixer de mani\u00e8re r\u00e9aliste les bonnes priorit\u00e9s et pour faire tourner l\u2019\u00c9tat, en cr\u00e9ant la richesse et pas l\u2019inverse.<\/p>\n\n\n\n<p>Il faut au moins 9 mois pour ma\u00eetriser tous les m\u00e9canismes et les rouages de l\u2019\u00c9tat, quand on occupe le poste de ministre, et un peu plus pour occuper efficacement celui de Premier ministre.<\/p>\n\n\n\n<p>Durant l\u2019\u00e8re de Ben Ali ou de Bourguiba (50 ans), les 8 premiers ministres duraient dans leur poste plusieurs ann\u00e9es, peut-\u00eatre un peu trop. Ils \u00e9taient tous des hommes et de la r\u00e9gion de Monastir et environs.<\/p>\n\n\n\n<h2 class=\"wp-block-heading\">Vision programme et agendas <\/h2>\n\n\n\n<p>Dans les r\u00e9gimes d\u00e9mocratiques, on ne change pas de chef de gouvernement sur un coup de t\u00eate, sans \u00e9valuation et sans consultation cr\u00e9dible (\u00e9lections ou vote parlementaire). On ne prend pas le risque de brouiller en un rien de temps, les rep\u00e8res du fonctionnement \u00e9conomiques et les cibles vis\u00e9es par une \u00e9quipe dirig\u00e9e par un chef de gouvernement.<\/p>\n\n\n\n<p>L\u2019\u00e9conomie n\u2019aime pas l\u2019instabilit\u00e9 politique, hait les incertitudes et peut sanctionner toutes les mauvaises d\u00e9cisions, par des fuites de capitaux, atrophie des investissements, ou m\u00eame contraction de l\u2019emploi et de la croissance.<\/p>\n\n\n\n<p>Dans les r\u00e9gimes d\u00e9mocratiques, on \u00e9value les performances de chaque gouvernement, par des \u00e9valuations de politiques (domaine de recherche en sciences sociales); on mesure le niveau de confiance populaire \u00e0 l\u2019\u00e9gard des gouvernements et des \u00e9lites.<\/p>\n\n\n\n<p>La confiance compte en politique publique et le citoyen a son mot \u00e0 dire, durant ces moments clefs. Elle constitue le principal carburant de la vie politique, et le principal propulseur de l\u2019\u00e9conomie.<\/p>\n\n\n\n<p>Le changement de chef de gouvernement constitue un moment clef pour changer de vision, instaurer un nouveau momentum et dessiner un nouvel agenda.<\/p>\n\n\n\n<p>La nomination de la nouvelle chef de gouvernement, \u00e0 qui on souhaite tout le succ\u00e8s dans ses nouvelles fonctions, doit \u00eatre assortie de transparence et de vision, quant aux priorit\u00e9s et \u00e0 l\u2019agenda gouvernemental dans le court terme.<\/p>\n\n\n\n<p>L\u2019\u00e9conomie tunisienne est \u00e0 la peine, et les tensions sociopolitiques sont nombreuses et parfois explosives. Notre \u00e9conomie est handicap\u00e9e par une productivit\u00e9 qui recule sans cesse et une politique mon\u00e9taire qui vampirise l\u2019investissement, la libre concurrence entre les op\u00e9rateurs \u00e9conomiques.<\/p>\n\n\n\n<p>Sans un vrai programme \u00e9conomique mobilisateur et sans une r\u00e9vision structurelle de la politique mon\u00e9taire, on ne peut rien faire de diff\u00e9rent et de concluant.<\/p>\n\n\n\n<p>La marge de man\u0153uvre gouvernementale est tributaire de la relance de la croissance, de la cr\u00e9ation d\u2019emplois, du retour de l\u2019investissement, et ultimement de la restauration de la confiance envers l\u2019\u00c9tat dans son ensemble et ses institutions officielles ou informelles.<\/p>\n\n\n\n<p>Les chiffres actuels indiquent que 2 \u00e0 3 citoyens sur 4 ne font pas du tout confiance aux principales institutions de l\u2019\u00c9tat (administration, gouvernement, banque, parlement). Ces donn\u00e9es viennent de la World Value Survey (2022).<\/p>\n\n\n\n<p>La nouvelle cheffe de gouvernement doit restaurer la confiance du citoyen. Elle doit aussi nous afficher clairement sa vision, ses priorit\u00e9s et les changements \u00e0 introduire pour faire autrement, et obtenir les r\u00e9sultats que ses pr\u00e9d\u00e9cesseurs n\u2019ont pas pu r\u00e9aliser.<\/p>\n\n\n\n<p>On n\u2019obtient pas des r\u00e9sultats diff\u00e9rents en faisant toujours les m\u00eames erreurs.<\/p>\n\n\n\n<p>* <em>Economiste universitaire.<\/em><\/p>\n\n\n\n<p><strong><em>Blog de l\u2019auteur\u00a0:<\/em><\/strong> <strong><a href=\"https:\/\/www.facebook.com\/groups\/375846620757494\/?__cft__%5b0%5d=AZW5MSRuuvWD-OikpOL45Nu7W7vxh68GwuI3jCtiXsS6WjpntCRaCJ_HhaLn3uW\" target=\"_blank\" rel=\"noreferrer noopener\">Economics for Tunisia, E4T<\/a><\/strong>.<\/p>\n\n\n\n<figure class=\"wp-block-embed is-type-wp-embed is-provider-kapitalis wp-block-embed-kapitalis\"><div class=\"wp-block-embed__wrapper\">\n<blockquote class=\"wp-embedded-content\" data-secret=\"3UsedkWX9h\"><a href=\"https:\/\/kapitalis.com\/tunisie\/2025\/03\/22\/tunisie-sarra-zaafrani-zenzeri-etrenne-ses-nouvelles-fonctions\/\">Tunisie | Sarra Zaafrani Zenzeri \u00e9trenne ses nouvelles fonctions<\/a><\/blockquote><iframe loading=\"lazy\" class=\"wp-embedded-content\" sandbox=\"allow-scripts\" security=\"restricted\" style=\"position: absolute; visibility: hidden;\" title=\"\u00ab\u00a0Tunisie | Sarra Zaafrani Zenzeri \u00e9trenne ses nouvelles fonctions\u00a0\u00bb &#8212; Kapitalis\" src=\"https:\/\/kapitalis.com\/tunisie\/2025\/03\/22\/tunisie-sarra-zaafrani-zenzeri-etrenne-ses-nouvelles-fonctions\/embed\/#?secret=tpT6jl3svX#?secret=3UsedkWX9h\" data-secret=\"3UsedkWX9h\" width=\"600\" height=\"338\" frameborder=\"0\" marginwidth=\"0\" marginheight=\"0\" scrolling=\"no\"><\/iframe>\n<\/div><\/figure>\n","protected":false},"excerpt":{"rendered":"<p>La rotation effr\u00e9n\u00e9e des Premiers ministres en Tunisie ne rassure ni l\u2019\u00e9conomie, ni la soci\u00e9t\u00e9. Est-ce un indicateur d\u2019instabilit\u00e9<\/p>\n","protected":false},"author":8,"featured_media":15964290,"comment_status":"open","ping_status":"open","sticky":false,"template":"","format":"standard","meta":{"footnotes":""},"categories":[992,997,1000,2433],"tags":[119984,84232,78464,102139,102094,62643],"class_list":["post-15964272","post","type-post","status-publish","format-standard","has-post-thumbnail","hentry","category-a-la-une","category-politique","category-tribune","category-tunisie","tag-instabilite","tag-instabilite-politique","tag-kais-saied-4","tag-sarra-zaafrani-zenzeri","tag-stagflation","tag-tunisie"],"yoast_head":"<!-- This site is optimized with the Yoast SEO plugin v26.6 - https:\/\/yoast.com\/wordpress\/plugins\/seo\/ -->\n<title>\u00catre ou ne pas \u00eatre chef de gouvernement en Tunisie - Kapitalis<\/title>\n<meta name=\"robots\" content=\"index, follow, max-snippet:-1, max-image-preview:large, max-video-preview:-1\" \/>\n<link rel=\"canonical\" href=\"https:\/\/kapitalis.com\/tunisie\/2025\/03\/24\/etre-ou-ne-pas-etre-chef-de-gouvernement-en-tunisie\/\" \/>\n<meta property=\"og:locale\" content=\"fr_FR\" \/>\n<meta property=\"og:type\" content=\"article\" \/>\n<meta property=\"og:title\" content=\"\u00catre ou ne pas \u00eatre chef de gouvernement en Tunisie - Kapitalis\" \/>\n<meta property=\"og:description\" content=\"La rotation effr\u00e9n\u00e9e des Premiers ministres en Tunisie ne rassure ni l\u2019\u00e9conomie, ni la soci\u00e9t\u00e9. Est-ce un indicateur d\u2019instabilit\u00e9\" \/>\n<meta property=\"og:url\" content=\"https:\/\/kapitalis.com\/tunisie\/2025\/03\/24\/etre-ou-ne-pas-etre-chef-de-gouvernement-en-tunisie\/\" \/>\n<meta property=\"og:site_name\" content=\"Kapitalis\" \/>\n<meta property=\"article:publisher\" content=\"https:\/\/www.facebook.com\/KapitalisInfo\/\" \/>\n<meta property=\"article:published_time\" content=\"2025-03-24T07:02:59+00:00\" \/>\n<meta property=\"article:modified_time\" content=\"2025-03-24T07:03:01+00:00\" \/>\n<meta property=\"og:image\" content=\"https:\/\/kapitalis.com\/tunisie\/wp-content\/uploads\/2025\/03\/Sarra-Zaafrani-Zenzeri-Kais-Saied-Kamel-Maddouri.jpg\" \/>\n\t<meta property=\"og:image:width\" content=\"1200\" \/>\n\t<meta property=\"og:image:height\" content=\"630\" \/>\n\t<meta property=\"og:image:type\" content=\"image\/jpeg\" \/>\n<meta name=\"author\" content=\"webmaster kapitalis\" \/>\n<meta name=\"twitter:card\" content=\"summary_large_image\" \/>\n<meta name=\"twitter:creator\" content=\"@KapitalisInfo\" \/>\n<meta name=\"twitter:site\" content=\"@KapitalisInfo\" \/>\n<meta name=\"twitter:label1\" content=\"\u00c9crit par\" \/>\n\t<meta name=\"twitter:data1\" content=\"webmaster kapitalis\" \/>\n\t<meta name=\"twitter:label2\" content=\"Dur\u00e9e de lecture estim\u00e9e\" \/>\n\t<meta name=\"twitter:data2\" content=\"5 minutes\" \/>\n<script type=\"application\/ld+json\" class=\"yoast-schema-graph\">{\"@context\":\"https:\/\/schema.org\",\"@graph\":[{\"@type\":\"Article\",\"@id\":\"https:\/\/kapitalis.com\/tunisie\/2025\/03\/24\/etre-ou-ne-pas-etre-chef-de-gouvernement-en-tunisie\/#article\",\"isPartOf\":{\"@id\":\"https:\/\/kapitalis.com\/tunisie\/2025\/03\/24\/etre-ou-ne-pas-etre-chef-de-gouvernement-en-tunisie\/\"},\"author\":{\"name\":\"webmaster kapitalis\",\"@id\":\"https:\/\/kapitalis.com\/tunisie\/#\/schema\/person\/d71f33a9ca44f7bad4698210b480c8e9\"},\"headline\":\"\u00catre ou ne pas \u00eatre chef de gouvernement en Tunisie\",\"datePublished\":\"2025-03-24T07:02:59+00:00\",\"dateModified\":\"2025-03-24T07:03:01+00:00\",\"mainEntityOfPage\":{\"@id\":\"https:\/\/kapitalis.com\/tunisie\/2025\/03\/24\/etre-ou-ne-pas-etre-chef-de-gouvernement-en-tunisie\/\"},\"wordCount\":958,\"commentCount\":1,\"publisher\":{\"@id\":\"https:\/\/kapitalis.com\/tunisie\/#organization\"},\"image\":{\"@id\":\"https:\/\/kapitalis.com\/tunisie\/2025\/03\/24\/etre-ou-ne-pas-etre-chef-de-gouvernement-en-tunisie\/#primaryimage\"},\"thumbnailUrl\":\"https:\/\/kapitalis.com\/tunisie\/wp-content\/uploads\/2025\/03\/Sarra-Zaafrani-Zenzeri-Kais-Saied-Kamel-Maddouri.jpg\",\"keywords\":[\"instabilit\u00e9\",\"instabilit\u00e9 politique\",\"kais sa\u00efed\",\"Sarra Zaafrani Zenzeri\",\"stagflation\",\"Tunisie\"],\"articleSection\":[\"A LA UNE\",\"POLITIQUE\",\"TRIBUNE\",\"Tunisie\"],\"inLanguage\":\"fr-FR\",\"potentialAction\":[{\"@type\":\"CommentAction\",\"name\":\"Comment\",\"target\":[\"https:\/\/kapitalis.com\/tunisie\/2025\/03\/24\/etre-ou-ne-pas-etre-chef-de-gouvernement-en-tunisie\/#respond\"]}]},{\"@type\":\"WebPage\",\"@id\":\"https:\/\/kapitalis.com\/tunisie\/2025\/03\/24\/etre-ou-ne-pas-etre-chef-de-gouvernement-en-tunisie\/\",\"url\":\"https:\/\/kapitalis.com\/tunisie\/2025\/03\/24\/etre-ou-ne-pas-etre-chef-de-gouvernement-en-tunisie\/\",\"name\":\"\u00catre ou ne pas \u00eatre chef de gouvernement en Tunisie - Kapitalis\",\"isPartOf\":{\"@id\":\"https:\/\/kapitalis.com\/tunisie\/#website\"},\"primaryImageOfPage\":{\"@id\":\"https:\/\/kapitalis.com\/tunisie\/2025\/03\/24\/etre-ou-ne-pas-etre-chef-de-gouvernement-en-tunisie\/#primaryimage\"},\"image\":{\"@id\":\"https:\/\/kapitalis.com\/tunisie\/2025\/03\/24\/etre-ou-ne-pas-etre-chef-de-gouvernement-en-tunisie\/#primaryimage\"},\"thumbnailUrl\":\"https:\/\/kapitalis.com\/tunisie\/wp-content\/uploads\/2025\/03\/Sarra-Zaafrani-Zenzeri-Kais-Saied-Kamel-Maddouri.jpg\",\"datePublished\":\"2025-03-24T07:02:59+00:00\",\"dateModified\":\"2025-03-24T07:03:01+00:00\",\"breadcrumb\":{\"@id\":\"https:\/\/kapitalis.com\/tunisie\/2025\/03\/24\/etre-ou-ne-pas-etre-chef-de-gouvernement-en-tunisie\/#breadcrumb\"},\"inLanguage\":\"fr-FR\",\"potentialAction\":[{\"@type\":\"ReadAction\",\"target\":[\"https:\/\/kapitalis.com\/tunisie\/2025\/03\/24\/etre-ou-ne-pas-etre-chef-de-gouvernement-en-tunisie\/\"]}]},{\"@type\":\"ImageObject\",\"inLanguage\":\"fr-FR\",\"@id\":\"https:\/\/kapitalis.com\/tunisie\/2025\/03\/24\/etre-ou-ne-pas-etre-chef-de-gouvernement-en-tunisie\/#primaryimage\",\"url\":\"https:\/\/kapitalis.com\/tunisie\/wp-content\/uploads\/2025\/03\/Sarra-Zaafrani-Zenzeri-Kais-Saied-Kamel-Maddouri.jpg\",\"contentUrl\":\"https:\/\/kapitalis.com\/tunisie\/wp-content\/uploads\/2025\/03\/Sarra-Zaafrani-Zenzeri-Kais-Saied-Kamel-Maddouri.jpg\",\"width\":1200,\"height\":630},{\"@type\":\"BreadcrumbList\",\"@id\":\"https:\/\/kapitalis.com\/tunisie\/2025\/03\/24\/etre-ou-ne-pas-etre-chef-de-gouvernement-en-tunisie\/#breadcrumb\",\"itemListElement\":[{\"@type\":\"ListItem\",\"position\":1,\"name\":\"Accueil\",\"item\":\"https:\/\/kapitalis.com\/tunisie\/\"},{\"@type\":\"ListItem\",\"position\":2,\"name\":\"\u00catre ou ne pas \u00eatre chef de gouvernement en Tunisie\"}]},{\"@type\":\"WebSite\",\"@id\":\"https:\/\/kapitalis.com\/tunisie\/#website\",\"url\":\"https:\/\/kapitalis.com\/tunisie\/\",\"name\":\"Kapitalis\",\"description\":\"L&#039;actualit\u00e9 en Tunisie et dans le monde\",\"publisher\":{\"@id\":\"https:\/\/kapitalis.com\/tunisie\/#organization\"},\"potentialAction\":[{\"@type\":\"SearchAction\",\"target\":{\"@type\":\"EntryPoint\",\"urlTemplate\":\"https:\/\/kapitalis.com\/tunisie\/?s={search_term_string}\"},\"query-input\":{\"@type\":\"PropertyValueSpecification\",\"valueRequired\":true,\"valueName\":\"search_term_string\"}}],\"inLanguage\":\"fr-FR\"},{\"@type\":\"Organization\",\"@id\":\"https:\/\/kapitalis.com\/tunisie\/#organization\",\"name\":\"Kapitalis\",\"url\":\"https:\/\/kapitalis.com\/tunisie\/\",\"logo\":{\"@type\":\"ImageObject\",\"inLanguage\":\"fr-FR\",\"@id\":\"https:\/\/kapitalis.com\/tunisie\/#\/schema\/logo\/image\/\",\"url\":\"https:\/\/kapitalis.com\/tunisie\/wp-content\/uploads\/2022\/05\/Kapitalis-big-size.png\",\"contentUrl\":\"https:\/\/kapitalis.com\/tunisie\/wp-content\/uploads\/2022\/05\/Kapitalis-big-size.png\",\"width\":5000,\"height\":1500,\"caption\":\"Kapitalis\"},\"image\":{\"@id\":\"https:\/\/kapitalis.com\/tunisie\/#\/schema\/logo\/image\/\"},\"sameAs\":[\"https:\/\/www.facebook.com\/KapitalisInfo\/\",\"https:\/\/x.com\/KapitalisInfo\",\"https:\/\/www.youtube.com\/channel\/UC-yDYrHyfFBWWZaOw3FPg9Q\"]},{\"@type\":\"Person\",\"@id\":\"https:\/\/kapitalis.com\/tunisie\/#\/schema\/person\/d71f33a9ca44f7bad4698210b480c8e9\",\"name\":\"webmaster kapitalis\",\"url\":\"https:\/\/kapitalis.com\/tunisie\/author\/webmaster-kapitalis\/\"}]}<\/script>\n<!-- \/ Yoast SEO plugin. -->","yoast_head_json":{"title":"\u00catre ou ne pas \u00eatre chef de gouvernement en Tunisie - Kapitalis","robots":{"index":"index","follow":"follow","max-snippet":"max-snippet:-1","max-image-preview":"max-image-preview:large","max-video-preview":"max-video-preview:-1"},"canonical":"https:\/\/kapitalis.com\/tunisie\/2025\/03\/24\/etre-ou-ne-pas-etre-chef-de-gouvernement-en-tunisie\/","og_locale":"fr_FR","og_type":"article","og_title":"\u00catre ou ne pas \u00eatre chef de gouvernement en Tunisie - Kapitalis","og_description":"La rotation effr\u00e9n\u00e9e des Premiers ministres en Tunisie ne rassure ni l\u2019\u00e9conomie, ni la soci\u00e9t\u00e9. Est-ce un indicateur d\u2019instabilit\u00e9","og_url":"https:\/\/kapitalis.com\/tunisie\/2025\/03\/24\/etre-ou-ne-pas-etre-chef-de-gouvernement-en-tunisie\/","og_site_name":"Kapitalis","article_publisher":"https:\/\/www.facebook.com\/KapitalisInfo\/","article_published_time":"2025-03-24T07:02:59+00:00","article_modified_time":"2025-03-24T07:03:01+00:00","og_image":[{"width":1200,"height":630,"url":"https:\/\/kapitalis.com\/tunisie\/wp-content\/uploads\/2025\/03\/Sarra-Zaafrani-Zenzeri-Kais-Saied-Kamel-Maddouri.jpg","type":"image\/jpeg"}],"author":"webmaster kapitalis","twitter_card":"summary_large_image","twitter_creator":"@KapitalisInfo","twitter_site":"@KapitalisInfo","twitter_misc":{"\u00c9crit par":"webmaster kapitalis","Dur\u00e9e de lecture estim\u00e9e":"5 minutes"},"schema":{"@context":"https:\/\/schema.org","@graph":[{"@type":"Article","@id":"https:\/\/kapitalis.com\/tunisie\/2025\/03\/24\/etre-ou-ne-pas-etre-chef-de-gouvernement-en-tunisie\/#article","isPartOf":{"@id":"https:\/\/kapitalis.com\/tunisie\/2025\/03\/24\/etre-ou-ne-pas-etre-chef-de-gouvernement-en-tunisie\/"},"author":{"name":"webmaster kapitalis","@id":"https:\/\/kapitalis.com\/tunisie\/#\/schema\/person\/d71f33a9ca44f7bad4698210b480c8e9"},"headline":"\u00catre ou ne pas \u00eatre chef de gouvernement en Tunisie","datePublished":"2025-03-24T07:02:59+00:00","dateModified":"2025-03-24T07:03:01+00:00","mainEntityOfPage":{"@id":"https:\/\/kapitalis.com\/tunisie\/2025\/03\/24\/etre-ou-ne-pas-etre-chef-de-gouvernement-en-tunisie\/"},"wordCount":958,"commentCount":1,"publisher":{"@id":"https:\/\/kapitalis.com\/tunisie\/#organization"},"image":{"@id":"https:\/\/kapitalis.com\/tunisie\/2025\/03\/24\/etre-ou-ne-pas-etre-chef-de-gouvernement-en-tunisie\/#primaryimage"},"thumbnailUrl":"https:\/\/kapitalis.com\/tunisie\/wp-content\/uploads\/2025\/03\/Sarra-Zaafrani-Zenzeri-Kais-Saied-Kamel-Maddouri.jpg","keywords":["instabilit\u00e9","instabilit\u00e9 politique","kais sa\u00efed","Sarra Zaafrani Zenzeri","stagflation","Tunisie"],"articleSection":["A LA UNE","POLITIQUE","TRIBUNE","Tunisie"],"inLanguage":"fr-FR","potentialAction":[{"@type":"CommentAction","name":"Comment","target":["https:\/\/kapitalis.com\/tunisie\/2025\/03\/24\/etre-ou-ne-pas-etre-chef-de-gouvernement-en-tunisie\/#respond"]}]},{"@type":"WebPage","@id":"https:\/\/kapitalis.com\/tunisie\/2025\/03\/24\/etre-ou-ne-pas-etre-chef-de-gouvernement-en-tunisie\/","url":"https:\/\/kapitalis.com\/tunisie\/2025\/03\/24\/etre-ou-ne-pas-etre-chef-de-gouvernement-en-tunisie\/","name":"\u00catre ou ne pas \u00eatre chef de gouvernement en Tunisie - Kapitalis","isPartOf":{"@id":"https:\/\/kapitalis.com\/tunisie\/#website"},"primaryImageOfPage":{"@id":"https:\/\/kapitalis.com\/tunisie\/2025\/03\/24\/etre-ou-ne-pas-etre-chef-de-gouvernement-en-tunisie\/#primaryimage"},"image":{"@id":"https:\/\/kapitalis.com\/tunisie\/2025\/03\/24\/etre-ou-ne-pas-etre-chef-de-gouvernement-en-tunisie\/#primaryimage"},"thumbnailUrl":"https:\/\/kapitalis.com\/tunisie\/wp-content\/uploads\/2025\/03\/Sarra-Zaafrani-Zenzeri-Kais-Saied-Kamel-Maddouri.jpg","datePublished":"2025-03-24T07:02:59+00:00","dateModified":"2025-03-24T07:03:01+00:00","breadcrumb":{"@id":"https:\/\/kapitalis.com\/tunisie\/2025\/03\/24\/etre-ou-ne-pas-etre-chef-de-gouvernement-en-tunisie\/#breadcrumb"},"inLanguage":"fr-FR","potentialAction":[{"@type":"ReadAction","target":["https:\/\/kapitalis.com\/tunisie\/2025\/03\/24\/etre-ou-ne-pas-etre-chef-de-gouvernement-en-tunisie\/"]}]},{"@type":"ImageObject","inLanguage":"fr-FR","@id":"https:\/\/kapitalis.com\/tunisie\/2025\/03\/24\/etre-ou-ne-pas-etre-chef-de-gouvernement-en-tunisie\/#primaryimage","url":"https:\/\/kapitalis.com\/tunisie\/wp-content\/uploads\/2025\/03\/Sarra-Zaafrani-Zenzeri-Kais-Saied-Kamel-Maddouri.jpg","contentUrl":"https:\/\/kapitalis.com\/tunisie\/wp-content\/uploads\/2025\/03\/Sarra-Zaafrani-Zenzeri-Kais-Saied-Kamel-Maddouri.jpg","width":1200,"height":630},{"@type":"BreadcrumbList","@id":"https:\/\/kapitalis.com\/tunisie\/2025\/03\/24\/etre-ou-ne-pas-etre-chef-de-gouvernement-en-tunisie\/#breadcrumb","itemListElement":[{"@type":"ListItem","position":1,"name":"Accueil","item":"https:\/\/kapitalis.com\/tunisie\/"},{"@type":"ListItem","position":2,"name":"\u00catre ou ne pas \u00eatre chef de gouvernement en Tunisie"}]},{"@type":"WebSite","@id":"https:\/\/kapitalis.com\/tunisie\/#website","url":"https:\/\/kapitalis.com\/tunisie\/","name":"Kapitalis","description":"L&#039;actualit\u00e9 en Tunisie et dans le monde","publisher":{"@id":"https:\/\/kapitalis.com\/tunisie\/#organization"},"potentialAction":[{"@type":"SearchAction","target":{"@type":"EntryPoint","urlTemplate":"https:\/\/kapitalis.com\/tunisie\/?s={search_term_string}"},"query-input":{"@type":"PropertyValueSpecification","valueRequired":true,"valueName":"search_term_string"}}],"inLanguage":"fr-FR"},{"@type":"Organization","@id":"https:\/\/kapitalis.com\/tunisie\/#organization","name":"Kapitalis","url":"https:\/\/kapitalis.com\/tunisie\/","logo":{"@type":"ImageObject","inLanguage":"fr-FR","@id":"https:\/\/kapitalis.com\/tunisie\/#\/schema\/logo\/image\/","url":"https:\/\/kapitalis.com\/tunisie\/wp-content\/uploads\/2022\/05\/Kapitalis-big-size.png","contentUrl":"https:\/\/kapitalis.com\/tunisie\/wp-content\/uploads\/2022\/05\/Kapitalis-big-size.png","width":5000,"height":1500,"caption":"Kapitalis"},"image":{"@id":"https:\/\/kapitalis.com\/tunisie\/#\/schema\/logo\/image\/"},"sameAs":["https:\/\/www.facebook.com\/KapitalisInfo\/","https:\/\/x.com\/KapitalisInfo","https:\/\/www.youtube.com\/channel\/UC-yDYrHyfFBWWZaOw3FPg9Q"]},{"@type":"Person","@id":"https:\/\/kapitalis.com\/tunisie\/#\/schema\/person\/d71f33a9ca44f7bad4698210b480c8e9","name":"webmaster kapitalis","url":"https:\/\/kapitalis.com\/tunisie\/author\/webmaster-kapitalis\/"}]}},"_links":{"self":[{"href":"https:\/\/kapitalis.com\/tunisie\/wp-json\/wp\/v2\/posts\/15964272","targetHints":{"allow":["GET"]}}],"collection":[{"href":"https:\/\/kapitalis.com\/tunisie\/wp-json\/wp\/v2\/posts"}],"about":[{"href":"https:\/\/kapitalis.com\/tunisie\/wp-json\/wp\/v2\/types\/post"}],"author":[{"embeddable":true,"href":"https:\/\/kapitalis.com\/tunisie\/wp-json\/wp\/v2\/users\/8"}],"replies":[{"embeddable":true,"href":"https:\/\/kapitalis.com\/tunisie\/wp-json\/wp\/v2\/comments?post=15964272"}],"version-history":[{"count":1,"href":"https:\/\/kapitalis.com\/tunisie\/wp-json\/wp\/v2\/posts\/15964272\/revisions"}],"predecessor-version":[{"id":15964318,"href":"https:\/\/kapitalis.com\/tunisie\/wp-json\/wp\/v2\/posts\/15964272\/revisions\/15964318"}],"wp:featuredmedia":[{"embeddable":true,"href":"https:\/\/kapitalis.com\/tunisie\/wp-json\/wp\/v2\/media\/15964290"}],"wp:attachment":[{"href":"https:\/\/kapitalis.com\/tunisie\/wp-json\/wp\/v2\/media?parent=15964272"}],"wp:term":[{"taxonomy":"category","embeddable":true,"href":"https:\/\/kapitalis.com\/tunisie\/wp-json\/wp\/v2\/categories?post=15964272"},{"taxonomy":"post_tag","embeddable":true,"href":"https:\/\/kapitalis.com\/tunisie\/wp-json\/wp\/v2\/tags?post=15964272"}],"curies":[{"name":"wp","href":"https:\/\/api.w.org\/{rel}","templated":true}]}}