{"id":15974258,"date":"2025-03-26T07:30:00","date_gmt":"2025-03-26T06:30:00","guid":{"rendered":"https:\/\/kapitalis.com\/tunisie\/?p=15974258"},"modified":"2025-03-26T07:36:11","modified_gmt":"2025-03-26T06:36:11","slug":"turquie-erdogan-vs-imamoglu-ou-le-pouvoir-et-ses-mirages","status":"publish","type":"post","link":"https:\/\/kapitalis.com\/tunisie\/2025\/03\/26\/turquie-erdogan-vs-imamoglu-ou-le-pouvoir-et-ses-mirages\/","title":{"rendered":"Turquie | Erdogan vs Imamoglu ou le pouvoir et ses mirages"},"content":{"rendered":"\n<p><strong><em>Erdogan a peut-\u00eatre gagn\u00e9 une manche en incarc\u00e9rant Imamoglu, son potentiel vainqueur lors des prochaines pr\u00e9sidentielles en 2028. Mais ce ne sont pas les r\u00e9pressions qui \u00e9touffent les r\u00e9volutions. C\u2019est la perte de contr\u00f4le du r\u00e9cit. Et c\u2019est l\u00e0 que tout se joue.<\/em><\/strong><strong><em>&nbsp;<\/em><\/strong><\/p>\n\n\n\n<p><strong>Manel Albouchi * <\/strong><strong><\/strong><\/p>\n\n\n\n<!--more-->\n\n\n<div class=\"wp-block-image\">\n<figure class=\"alignleft size-full\"><img loading=\"lazy\" decoding=\"async\" width=\"200\" height=\"200\" src=\"https:\/\/kapitalis.com\/tunisie\/wp-content\/uploads\/2025\/01\/Manel-Albouchi-1.jpg\" alt=\"\" class=\"wp-image-15290578\" srcset=\"https:\/\/kapitalis.com\/tunisie\/wp-content\/uploads\/2025\/01\/Manel-Albouchi-1.jpg 200w, https:\/\/kapitalis.com\/tunisie\/wp-content\/uploads\/2025\/01\/Manel-Albouchi-1-150x150.jpg 150w, https:\/\/kapitalis.com\/tunisie\/wp-content\/uploads\/2025\/01\/Manel-Albouchi-1-120x120.jpg 120w\" sizes=\"auto, (max-width: 200px) 100vw, 200px\" \/><\/figure>\n<\/div>\n\n\n<p>J\u2019\u00e9tais en s\u00e9ance avec un cadre dirigeant. Il se plaignait\u202f:&nbsp;<em>\u00abMadame, je suis directeur, mais ils ne m\u2019\u00e9coutent pas. J\u2019ai l\u2019impression qu\u2019ils ob\u00e9issent \u00e0 un autre leader que je ne connais pas !\u00bb<\/em> J\u2019ai souri\u202f: <em>\u00ab\u202fAh\u2026 C\u2019est la premi\u00e8re fois que vous entendez parler de l\u2019\u00c9tat profond dans votre propre entreprise?\u00bb<\/em>&nbsp;<\/p>\n\n\n\n<p>Il y a toujours un pouvoir derri\u00e8re le pouvoir. Une ombre derri\u00e8re l\u2019autorit\u00e9 officielle. Ce qui se passe en Turquie aujourd\u2019hui, ce n\u2019est pas simplement une question de politique ou d\u2019\u00e9lections. C\u2019est une question de m\u00e9canique du pouvoir, de ces forces invisibles qui, comme dans un bureau o\u00f9 les employ\u00e9s n\u2019\u00e9coutent plus leur directeur, d\u00e9cident en silence de qui r\u00e8gne vraiment.&nbsp;<\/p>\n\n\n\n<h2 class=\"wp-block-heading\">Le pi\u00e8ge du pouvoir visible&nbsp;&nbsp;<\/h2>\n\n\n\n<p>Recep Tayyip Erdogan le sait mieux que personne. Il a lui-m\u00eame \u00e9t\u00e9 arr\u00eat\u00e9 lorsqu\u2019il \u00e9tait maire d\u2019Istanbul, pour avoir r\u00e9cit\u00e9 un po\u00e8me jug\u00e9 subversif. Ironie du sort, c\u2019est pr\u00e9cis\u00e9ment cette arrestation qui a renforc\u00e9 son aura et lanc\u00e9 sa carri\u00e8re politique nationale. Alors pourquoi reproduire ce sch\u00e9ma aujourd\u2019hui avec Ekrem Imamoglu, l\u2019actuel maire \u202fd\u2019Istanbul?&nbsp;<\/p>\n\n\n\n<p>Soit Erdogan se trompe. Soit il sait exactement ce qu\u2019il fait. Et l\u00e0, la lecture change.&nbsp;<\/p>\n\n\n\n<p>Une arrestation spectaculaire\u202f? C\u2019est la meilleure fa\u00e7on de transformer un adversaire en martyr. Et qui dit martyr dit h\u00e9ros. Erdogan, qui a construit sa carri\u00e8re en jouant sur l\u2019image du leader pers\u00e9cut\u00e9, sait que la politique ne se limite pas \u00e0 la r\u00e9pression brute. Il joue avec le feu, avec cette fronti\u00e8re t\u00e9nue entre \u00e9craser un rival et lui donner une dimension mythique.&nbsp;<\/p>\n\n\n\n<p>Alors, quel est son calcul? Cherche-t-il \u00e0 tester la r\u00e9sistance du syst\u00e8me que lui-m\u00eame domine, \u00e0 forcer une r\u00e9action de la population pour mieux la r\u00e9primer ensuite\u202f? Ou, au contraire, \u00e0 imposer l\u2019id\u00e9e que le jeu d\u00e9mocratique est fauss\u00e9 d\u2019avance, pour pousser \u00e0 la r\u00e9signation et tuer dans l\u2019\u0153uf toute tentative de changement\u202f?&nbsp;<\/p>\n\n\n\n<h2 class=\"wp-block-heading\">Le pouvoir qui ne dit pas son nom&nbsp;<\/h2>\n\n\n\n<p>Michel Foucault nous apprend que le pouvoir n\u2019est jamais une simple question de domination frontale. Il est diffus, insidieux, incorpor\u00e9 dans les structures, dans les discours, dans les normes. L\u2019\u00c9tat profond, ce n\u2019est pas une organisation secr\u00e8te qui tire les ficelles dans l\u2019ombre. C\u2019est plus subtil.&nbsp;<\/p>\n\n\n\n<p>C\u2019est un mode de fonctionnement, un tissu d\u2019habitudes et d\u2019alliances invisibles qui fait qu\u2019un pr\u00e9sident peut \u00eatre \u00e9lu, mais ne jamais avoir r\u00e9ellement le contr\u00f4le. Que des institutions peuvent exister, mais ne jamais \u00eatre fonctionnelles. Que le peuple peut voter, mais que le r\u00e9sultat soit d\u00e9j\u00e0 verrouill\u00e9 ailleurs.&nbsp;<\/p>\n\n\n\n<figure class=\"wp-block-embed is-type-wp-embed is-provider-kapitalis wp-block-embed-kapitalis\"><div class=\"wp-block-embed__wrapper\">\n<blockquote class=\"wp-embedded-content\" data-secret=\"2XmGCACB2h\"><a href=\"https:\/\/kapitalis.com\/tunisie\/2025\/03\/20\/turquie-le-coup-detat-derdogan-contre-lopposition\/\">Turquie| Le coup d\u2019Etat d\u2019Erdogan contre l\u2019opposition<\/a><\/blockquote><iframe loading=\"lazy\" class=\"wp-embedded-content\" sandbox=\"allow-scripts\" security=\"restricted\" style=\"position: absolute; visibility: hidden;\" title=\"\u00ab\u00a0Turquie| Le coup d\u2019Etat d\u2019Erdogan contre l\u2019opposition\u00a0\u00bb &#8212; Kapitalis\" src=\"https:\/\/kapitalis.com\/tunisie\/2025\/03\/20\/turquie-le-coup-detat-derdogan-contre-lopposition\/embed\/#?secret=trj1jINlaI#?secret=2XmGCACB2h\" data-secret=\"2XmGCACB2h\" width=\"600\" height=\"338\" frameborder=\"0\" marginwidth=\"0\" marginheight=\"0\" scrolling=\"no\"><\/iframe>\n<\/div><\/figure>\n\n\n\n<p>Si Imamoglu inqui\u00e8te le r\u00e9gime, ce n\u2019est pas seulement parce qu\u2019il pourrait gagner des \u00e9lections. C\u2019est parce qu\u2019il menace un \u00e9quilibre invisible, celui qui garantit que, quoi qu\u2019il arrive en surface, rien ne change en profondeur.&nbsp;<\/p>\n\n\n\n<h2 class=\"wp-block-heading\">O\u00f9 se joue la vraie bataille\u202f?&nbsp;<\/h2>\n\n\n\n<p>Il y a une le\u00e7on \u00e0 retenir, pas seulement pour la Turquie, mais pour toutes les soci\u00e9t\u00e9s contemporaines\u202f: le pouvoir r\u00e9el ne se voit pas.&nbsp;<\/p>\n\n\n\n<p>Dans une entreprise, ce n\u2019est pas toujours le PDG qui d\u00e9cide, mais peut-\u00eatre son conseiller de l\u2019ombre, ou le r\u00e9seau informel des cadres interm\u00e9diaires qui filtrent l\u2019information.&nbsp;<\/p>\n\n\n\n<p>Dans un pays, ce n\u2019est pas toujours le pr\u00e9sident qui contr\u00f4le tout, mais les forces \u00e9conomiques, les services de renseignement, la bureaucratie enracin\u00e9e qui survit \u00e0 tous les r\u00e9gimes.&nbsp;<\/p>\n\n\n\n<p>Et si Erdogan arr\u00eatait \u0130mamoglu pr\u00e9cis\u00e9ment pour montrer qu\u2019il en avait encore le pouvoir? Comme un directeur qui crie plus fort parce qu\u2019il sent que son autorit\u00e9 lui \u00e9chappe.&nbsp;<\/p>\n\n\n\n<p>Mais alors, si tout est si verrouill\u00e9, o\u00f9 se situent les failles? L\u00e0 o\u00f9 le pouvoir croit avoir gagn\u00e9, dans l\u2019exc\u00e8s de contr\u00f4le. \u00c0 trop montrer sa force, il trahit sa peur. Un pouvoir s\u00fbr de lui n\u2019a pas besoin d\u2019\u00e9craser.&nbsp;<\/p>\n\n\n\n<p>Erdogan a peut-\u00eatre gagn\u00e9 une manche. Mais si Foucault a raison, ce ne sont pas les r\u00e9pressions qui \u00e9touffent les r\u00e9volutions. C\u2019est la perte de contr\u00f4le du r\u00e9cit. Et c\u2019est l\u00e0 que tout se joue.&nbsp;<\/p>\n\n\n\n<p>Le pouvoir est un jeu d\u2019illusions. Tant que tout le monde croit que l\u2019histoire est \u00e9crite d\u2019avance, rien ne change. Mais quand la r\u00e9alit\u00e9 commence \u00e0 diverger du r\u00e9cit officiel\u2026 alors, tout devient possible.&nbsp; <\/p>\n\n\n\n<p>* <em>Psychologue, psychanalyste. &nbsp;&nbsp;<\/em><\/p>\n\n\n\n<figure class=\"wp-block-embed is-type-wp-embed is-provider-kapitalis wp-block-embed-kapitalis\"><div class=\"wp-block-embed__wrapper\">\n<blockquote class=\"wp-embedded-content\" data-secret=\"ggWXTFI7tK\"><a href=\"https:\/\/kapitalis.com\/tunisie\/2024\/04\/05\/de-quoi-le-pire-revers-electoral-derdogan-est-il-le-revelateur\/\">De quoi le pire revers \u00e9lectoral d\u2019Erdogan est-il le r\u00e9v\u00e9lateur?<\/a><\/blockquote><iframe loading=\"lazy\" class=\"wp-embedded-content\" sandbox=\"allow-scripts\" security=\"restricted\" style=\"position: absolute; visibility: hidden;\" title=\"\u00ab\u00a0De quoi le pire revers \u00e9lectoral d\u2019Erdogan est-il le r\u00e9v\u00e9lateur?\u00a0\u00bb &#8212; Kapitalis\" src=\"https:\/\/kapitalis.com\/tunisie\/2024\/04\/05\/de-quoi-le-pire-revers-electoral-derdogan-est-il-le-revelateur\/embed\/#?secret=L8BqjPDxsz#?secret=ggWXTFI7tK\" data-secret=\"ggWXTFI7tK\" width=\"600\" height=\"338\" frameborder=\"0\" marginwidth=\"0\" marginheight=\"0\" scrolling=\"no\"><\/iframe>\n<\/div><\/figure>\n","protected":false},"excerpt":{"rendered":"<p>Erdogan a peut-\u00eatre gagn\u00e9 une manche. Mais ce ne sont pas les r\u00e9pressions qui \u00e9touffent les r\u00e9volutions.<\/p>\n","protected":false},"author":8,"featured_media":15974296,"comment_status":"open","ping_status":"open","sticky":false,"template":"","format":"standard","meta":{"footnotes":""},"categories":[992,997,2433],"tags":[114799,82341,10485,120262,4375,4379,1855],"class_list":["post-15974258","post","type-post","status-publish","format-standard","has-post-thumbnail","hentry","category-a-la-une","category-politique","category-tunisie","tag-ekrem-imamoglu","tag-etat-profond","tag-istanbul","tag-manel-albouchi","tag-presidentielles","tag-recep-tayyip-erdogan","tag-turquie"],"yoast_head":"<!-- This site is optimized with the Yoast SEO plugin v26.6 - https:\/\/yoast.com\/wordpress\/plugins\/seo\/ -->\n<title>Turquie | Erdogan vs Imamoglu ou le pouvoir et ses mirages - Kapitalis<\/title>\n<meta name=\"robots\" content=\"index, follow, max-snippet:-1, max-image-preview:large, max-video-preview:-1\" \/>\n<link rel=\"canonical\" href=\"https:\/\/kapitalis.com\/tunisie\/2025\/03\/26\/turquie-erdogan-vs-imamoglu-ou-le-pouvoir-et-ses-mirages\/\" \/>\n<meta property=\"og:locale\" content=\"fr_FR\" \/>\n<meta property=\"og:type\" content=\"article\" \/>\n<meta property=\"og:title\" content=\"Turquie | Erdogan vs Imamoglu ou le pouvoir et ses mirages - Kapitalis\" \/>\n<meta property=\"og:description\" content=\"Erdogan a peut-\u00eatre gagn\u00e9 une manche. Mais ce ne sont pas les r\u00e9pressions qui \u00e9touffent les r\u00e9volutions.\" \/>\n<meta property=\"og:url\" content=\"https:\/\/kapitalis.com\/tunisie\/2025\/03\/26\/turquie-erdogan-vs-imamoglu-ou-le-pouvoir-et-ses-mirages\/\" \/>\n<meta property=\"og:site_name\" content=\"Kapitalis\" \/>\n<meta property=\"article:publisher\" content=\"https:\/\/www.facebook.com\/KapitalisInfo\/\" \/>\n<meta property=\"article:published_time\" content=\"2025-03-26T06:30:00+00:00\" \/>\n<meta property=\"article:modified_time\" content=\"2025-03-26T06:36:11+00:00\" \/>\n<meta property=\"og:image\" content=\"https:\/\/kapitalis.com\/tunisie\/wp-content\/uploads\/2025\/03\/Erdogan-Imamoglu.jpg\" \/>\n\t<meta property=\"og:image:width\" content=\"1200\" \/>\n\t<meta property=\"og:image:height\" content=\"630\" \/>\n\t<meta property=\"og:image:type\" content=\"image\/jpeg\" \/>\n<meta name=\"author\" content=\"webmaster kapitalis\" \/>\n<meta name=\"twitter:card\" content=\"summary_large_image\" \/>\n<meta name=\"twitter:creator\" content=\"@KapitalisInfo\" \/>\n<meta name=\"twitter:site\" content=\"@KapitalisInfo\" \/>\n<meta name=\"twitter:label1\" content=\"\u00c9crit par\" \/>\n\t<meta name=\"twitter:data1\" content=\"webmaster kapitalis\" \/>\n\t<meta name=\"twitter:label2\" content=\"Dur\u00e9e de lecture estim\u00e9e\" \/>\n\t<meta name=\"twitter:data2\" content=\"5 minutes\" \/>\n<script type=\"application\/ld+json\" class=\"yoast-schema-graph\">{\"@context\":\"https:\/\/schema.org\",\"@graph\":[{\"@type\":\"Article\",\"@id\":\"https:\/\/kapitalis.com\/tunisie\/2025\/03\/26\/turquie-erdogan-vs-imamoglu-ou-le-pouvoir-et-ses-mirages\/#article\",\"isPartOf\":{\"@id\":\"https:\/\/kapitalis.com\/tunisie\/2025\/03\/26\/turquie-erdogan-vs-imamoglu-ou-le-pouvoir-et-ses-mirages\/\"},\"author\":{\"name\":\"webmaster kapitalis\",\"@id\":\"https:\/\/kapitalis.com\/tunisie\/#\/schema\/person\/d71f33a9ca44f7bad4698210b480c8e9\"},\"headline\":\"Turquie | Erdogan vs Imamoglu ou le pouvoir et ses mirages\",\"datePublished\":\"2025-03-26T06:30:00+00:00\",\"dateModified\":\"2025-03-26T06:36:11+00:00\",\"mainEntityOfPage\":{\"@id\":\"https:\/\/kapitalis.com\/tunisie\/2025\/03\/26\/turquie-erdogan-vs-imamoglu-ou-le-pouvoir-et-ses-mirages\/\"},\"wordCount\":875,\"commentCount\":1,\"publisher\":{\"@id\":\"https:\/\/kapitalis.com\/tunisie\/#organization\"},\"image\":{\"@id\":\"https:\/\/kapitalis.com\/tunisie\/2025\/03\/26\/turquie-erdogan-vs-imamoglu-ou-le-pouvoir-et-ses-mirages\/#primaryimage\"},\"thumbnailUrl\":\"https:\/\/kapitalis.com\/tunisie\/wp-content\/uploads\/2025\/03\/Erdogan-Imamoglu.jpg\",\"keywords\":[\"Ekrem Imamoglu\",\"Etat profond\",\"Istanbul\",\"Manel Albouchi\",\"pr\u00e9sidentielles\",\"Recep Tayyip Erdogan\",\"Turquie\"],\"articleSection\":[\"A LA UNE\",\"POLITIQUE\",\"Tunisie\"],\"inLanguage\":\"fr-FR\",\"potentialAction\":[{\"@type\":\"CommentAction\",\"name\":\"Comment\",\"target\":[\"https:\/\/kapitalis.com\/tunisie\/2025\/03\/26\/turquie-erdogan-vs-imamoglu-ou-le-pouvoir-et-ses-mirages\/#respond\"]}]},{\"@type\":\"WebPage\",\"@id\":\"https:\/\/kapitalis.com\/tunisie\/2025\/03\/26\/turquie-erdogan-vs-imamoglu-ou-le-pouvoir-et-ses-mirages\/\",\"url\":\"https:\/\/kapitalis.com\/tunisie\/2025\/03\/26\/turquie-erdogan-vs-imamoglu-ou-le-pouvoir-et-ses-mirages\/\",\"name\":\"Turquie | Erdogan vs Imamoglu ou le pouvoir et ses mirages - Kapitalis\",\"isPartOf\":{\"@id\":\"https:\/\/kapitalis.com\/tunisie\/#website\"},\"primaryImageOfPage\":{\"@id\":\"https:\/\/kapitalis.com\/tunisie\/2025\/03\/26\/turquie-erdogan-vs-imamoglu-ou-le-pouvoir-et-ses-mirages\/#primaryimage\"},\"image\":{\"@id\":\"https:\/\/kapitalis.com\/tunisie\/2025\/03\/26\/turquie-erdogan-vs-imamoglu-ou-le-pouvoir-et-ses-mirages\/#primaryimage\"},\"thumbnailUrl\":\"https:\/\/kapitalis.com\/tunisie\/wp-content\/uploads\/2025\/03\/Erdogan-Imamoglu.jpg\",\"datePublished\":\"2025-03-26T06:30:00+00:00\",\"dateModified\":\"2025-03-26T06:36:11+00:00\",\"breadcrumb\":{\"@id\":\"https:\/\/kapitalis.com\/tunisie\/2025\/03\/26\/turquie-erdogan-vs-imamoglu-ou-le-pouvoir-et-ses-mirages\/#breadcrumb\"},\"inLanguage\":\"fr-FR\",\"potentialAction\":[{\"@type\":\"ReadAction\",\"target\":[\"https:\/\/kapitalis.com\/tunisie\/2025\/03\/26\/turquie-erdogan-vs-imamoglu-ou-le-pouvoir-et-ses-mirages\/\"]}]},{\"@type\":\"ImageObject\",\"inLanguage\":\"fr-FR\",\"@id\":\"https:\/\/kapitalis.com\/tunisie\/2025\/03\/26\/turquie-erdogan-vs-imamoglu-ou-le-pouvoir-et-ses-mirages\/#primaryimage\",\"url\":\"https:\/\/kapitalis.com\/tunisie\/wp-content\/uploads\/2025\/03\/Erdogan-Imamoglu.jpg\",\"contentUrl\":\"https:\/\/kapitalis.com\/tunisie\/wp-content\/uploads\/2025\/03\/Erdogan-Imamoglu.jpg\",\"width\":1200,\"height\":630},{\"@type\":\"BreadcrumbList\",\"@id\":\"https:\/\/kapitalis.com\/tunisie\/2025\/03\/26\/turquie-erdogan-vs-imamoglu-ou-le-pouvoir-et-ses-mirages\/#breadcrumb\",\"itemListElement\":[{\"@type\":\"ListItem\",\"position\":1,\"name\":\"Accueil\",\"item\":\"https:\/\/kapitalis.com\/tunisie\/\"},{\"@type\":\"ListItem\",\"position\":2,\"name\":\"Turquie | Erdogan vs Imamoglu ou le pouvoir et ses mirages\"}]},{\"@type\":\"WebSite\",\"@id\":\"https:\/\/kapitalis.com\/tunisie\/#website\",\"url\":\"https:\/\/kapitalis.com\/tunisie\/\",\"name\":\"Kapitalis\",\"description\":\"L&#039;actualit\u00e9 en Tunisie et dans le monde\",\"publisher\":{\"@id\":\"https:\/\/kapitalis.com\/tunisie\/#organization\"},\"potentialAction\":[{\"@type\":\"SearchAction\",\"target\":{\"@type\":\"EntryPoint\",\"urlTemplate\":\"https:\/\/kapitalis.com\/tunisie\/?s={search_term_string}\"},\"query-input\":{\"@type\":\"PropertyValueSpecification\",\"valueRequired\":true,\"valueName\":\"search_term_string\"}}],\"inLanguage\":\"fr-FR\"},{\"@type\":\"Organization\",\"@id\":\"https:\/\/kapitalis.com\/tunisie\/#organization\",\"name\":\"Kapitalis\",\"url\":\"https:\/\/kapitalis.com\/tunisie\/\",\"logo\":{\"@type\":\"ImageObject\",\"inLanguage\":\"fr-FR\",\"@id\":\"https:\/\/kapitalis.com\/tunisie\/#\/schema\/logo\/image\/\",\"url\":\"https:\/\/kapitalis.com\/tunisie\/wp-content\/uploads\/2022\/05\/Kapitalis-big-size.png\",\"contentUrl\":\"https:\/\/kapitalis.com\/tunisie\/wp-content\/uploads\/2022\/05\/Kapitalis-big-size.png\",\"width\":5000,\"height\":1500,\"caption\":\"Kapitalis\"},\"image\":{\"@id\":\"https:\/\/kapitalis.com\/tunisie\/#\/schema\/logo\/image\/\"},\"sameAs\":[\"https:\/\/www.facebook.com\/KapitalisInfo\/\",\"https:\/\/x.com\/KapitalisInfo\",\"https:\/\/www.youtube.com\/channel\/UC-yDYrHyfFBWWZaOw3FPg9Q\"]},{\"@type\":\"Person\",\"@id\":\"https:\/\/kapitalis.com\/tunisie\/#\/schema\/person\/d71f33a9ca44f7bad4698210b480c8e9\",\"name\":\"webmaster kapitalis\",\"url\":\"https:\/\/kapitalis.com\/tunisie\/author\/webmaster-kapitalis\/\"}]}<\/script>\n<!-- \/ Yoast SEO plugin. -->","yoast_head_json":{"title":"Turquie | Erdogan vs Imamoglu ou le pouvoir et ses mirages - Kapitalis","robots":{"index":"index","follow":"follow","max-snippet":"max-snippet:-1","max-image-preview":"max-image-preview:large","max-video-preview":"max-video-preview:-1"},"canonical":"https:\/\/kapitalis.com\/tunisie\/2025\/03\/26\/turquie-erdogan-vs-imamoglu-ou-le-pouvoir-et-ses-mirages\/","og_locale":"fr_FR","og_type":"article","og_title":"Turquie | Erdogan vs Imamoglu ou le pouvoir et ses mirages - Kapitalis","og_description":"Erdogan a peut-\u00eatre gagn\u00e9 une manche. Mais ce ne sont pas les r\u00e9pressions qui \u00e9touffent les r\u00e9volutions.","og_url":"https:\/\/kapitalis.com\/tunisie\/2025\/03\/26\/turquie-erdogan-vs-imamoglu-ou-le-pouvoir-et-ses-mirages\/","og_site_name":"Kapitalis","article_publisher":"https:\/\/www.facebook.com\/KapitalisInfo\/","article_published_time":"2025-03-26T06:30:00+00:00","article_modified_time":"2025-03-26T06:36:11+00:00","og_image":[{"width":1200,"height":630,"url":"https:\/\/kapitalis.com\/tunisie\/wp-content\/uploads\/2025\/03\/Erdogan-Imamoglu.jpg","type":"image\/jpeg"}],"author":"webmaster kapitalis","twitter_card":"summary_large_image","twitter_creator":"@KapitalisInfo","twitter_site":"@KapitalisInfo","twitter_misc":{"\u00c9crit par":"webmaster kapitalis","Dur\u00e9e de lecture estim\u00e9e":"5 minutes"},"schema":{"@context":"https:\/\/schema.org","@graph":[{"@type":"Article","@id":"https:\/\/kapitalis.com\/tunisie\/2025\/03\/26\/turquie-erdogan-vs-imamoglu-ou-le-pouvoir-et-ses-mirages\/#article","isPartOf":{"@id":"https:\/\/kapitalis.com\/tunisie\/2025\/03\/26\/turquie-erdogan-vs-imamoglu-ou-le-pouvoir-et-ses-mirages\/"},"author":{"name":"webmaster kapitalis","@id":"https:\/\/kapitalis.com\/tunisie\/#\/schema\/person\/d71f33a9ca44f7bad4698210b480c8e9"},"headline":"Turquie | Erdogan vs Imamoglu ou le pouvoir et ses mirages","datePublished":"2025-03-26T06:30:00+00:00","dateModified":"2025-03-26T06:36:11+00:00","mainEntityOfPage":{"@id":"https:\/\/kapitalis.com\/tunisie\/2025\/03\/26\/turquie-erdogan-vs-imamoglu-ou-le-pouvoir-et-ses-mirages\/"},"wordCount":875,"commentCount":1,"publisher":{"@id":"https:\/\/kapitalis.com\/tunisie\/#organization"},"image":{"@id":"https:\/\/kapitalis.com\/tunisie\/2025\/03\/26\/turquie-erdogan-vs-imamoglu-ou-le-pouvoir-et-ses-mirages\/#primaryimage"},"thumbnailUrl":"https:\/\/kapitalis.com\/tunisie\/wp-content\/uploads\/2025\/03\/Erdogan-Imamoglu.jpg","keywords":["Ekrem Imamoglu","Etat profond","Istanbul","Manel Albouchi","pr\u00e9sidentielles","Recep Tayyip Erdogan","Turquie"],"articleSection":["A LA UNE","POLITIQUE","Tunisie"],"inLanguage":"fr-FR","potentialAction":[{"@type":"CommentAction","name":"Comment","target":["https:\/\/kapitalis.com\/tunisie\/2025\/03\/26\/turquie-erdogan-vs-imamoglu-ou-le-pouvoir-et-ses-mirages\/#respond"]}]},{"@type":"WebPage","@id":"https:\/\/kapitalis.com\/tunisie\/2025\/03\/26\/turquie-erdogan-vs-imamoglu-ou-le-pouvoir-et-ses-mirages\/","url":"https:\/\/kapitalis.com\/tunisie\/2025\/03\/26\/turquie-erdogan-vs-imamoglu-ou-le-pouvoir-et-ses-mirages\/","name":"Turquie | Erdogan vs Imamoglu ou le pouvoir et ses mirages - Kapitalis","isPartOf":{"@id":"https:\/\/kapitalis.com\/tunisie\/#website"},"primaryImageOfPage":{"@id":"https:\/\/kapitalis.com\/tunisie\/2025\/03\/26\/turquie-erdogan-vs-imamoglu-ou-le-pouvoir-et-ses-mirages\/#primaryimage"},"image":{"@id":"https:\/\/kapitalis.com\/tunisie\/2025\/03\/26\/turquie-erdogan-vs-imamoglu-ou-le-pouvoir-et-ses-mirages\/#primaryimage"},"thumbnailUrl":"https:\/\/kapitalis.com\/tunisie\/wp-content\/uploads\/2025\/03\/Erdogan-Imamoglu.jpg","datePublished":"2025-03-26T06:30:00+00:00","dateModified":"2025-03-26T06:36:11+00:00","breadcrumb":{"@id":"https:\/\/kapitalis.com\/tunisie\/2025\/03\/26\/turquie-erdogan-vs-imamoglu-ou-le-pouvoir-et-ses-mirages\/#breadcrumb"},"inLanguage":"fr-FR","potentialAction":[{"@type":"ReadAction","target":["https:\/\/kapitalis.com\/tunisie\/2025\/03\/26\/turquie-erdogan-vs-imamoglu-ou-le-pouvoir-et-ses-mirages\/"]}]},{"@type":"ImageObject","inLanguage":"fr-FR","@id":"https:\/\/kapitalis.com\/tunisie\/2025\/03\/26\/turquie-erdogan-vs-imamoglu-ou-le-pouvoir-et-ses-mirages\/#primaryimage","url":"https:\/\/kapitalis.com\/tunisie\/wp-content\/uploads\/2025\/03\/Erdogan-Imamoglu.jpg","contentUrl":"https:\/\/kapitalis.com\/tunisie\/wp-content\/uploads\/2025\/03\/Erdogan-Imamoglu.jpg","width":1200,"height":630},{"@type":"BreadcrumbList","@id":"https:\/\/kapitalis.com\/tunisie\/2025\/03\/26\/turquie-erdogan-vs-imamoglu-ou-le-pouvoir-et-ses-mirages\/#breadcrumb","itemListElement":[{"@type":"ListItem","position":1,"name":"Accueil","item":"https:\/\/kapitalis.com\/tunisie\/"},{"@type":"ListItem","position":2,"name":"Turquie | Erdogan vs Imamoglu ou le pouvoir et ses mirages"}]},{"@type":"WebSite","@id":"https:\/\/kapitalis.com\/tunisie\/#website","url":"https:\/\/kapitalis.com\/tunisie\/","name":"Kapitalis","description":"L&#039;actualit\u00e9 en Tunisie et dans le monde","publisher":{"@id":"https:\/\/kapitalis.com\/tunisie\/#organization"},"potentialAction":[{"@type":"SearchAction","target":{"@type":"EntryPoint","urlTemplate":"https:\/\/kapitalis.com\/tunisie\/?s={search_term_string}"},"query-input":{"@type":"PropertyValueSpecification","valueRequired":true,"valueName":"search_term_string"}}],"inLanguage":"fr-FR"},{"@type":"Organization","@id":"https:\/\/kapitalis.com\/tunisie\/#organization","name":"Kapitalis","url":"https:\/\/kapitalis.com\/tunisie\/","logo":{"@type":"ImageObject","inLanguage":"fr-FR","@id":"https:\/\/kapitalis.com\/tunisie\/#\/schema\/logo\/image\/","url":"https:\/\/kapitalis.com\/tunisie\/wp-content\/uploads\/2022\/05\/Kapitalis-big-size.png","contentUrl":"https:\/\/kapitalis.com\/tunisie\/wp-content\/uploads\/2022\/05\/Kapitalis-big-size.png","width":5000,"height":1500,"caption":"Kapitalis"},"image":{"@id":"https:\/\/kapitalis.com\/tunisie\/#\/schema\/logo\/image\/"},"sameAs":["https:\/\/www.facebook.com\/KapitalisInfo\/","https:\/\/x.com\/KapitalisInfo","https:\/\/www.youtube.com\/channel\/UC-yDYrHyfFBWWZaOw3FPg9Q"]},{"@type":"Person","@id":"https:\/\/kapitalis.com\/tunisie\/#\/schema\/person\/d71f33a9ca44f7bad4698210b480c8e9","name":"webmaster kapitalis","url":"https:\/\/kapitalis.com\/tunisie\/author\/webmaster-kapitalis\/"}]}},"_links":{"self":[{"href":"https:\/\/kapitalis.com\/tunisie\/wp-json\/wp\/v2\/posts\/15974258","targetHints":{"allow":["GET"]}}],"collection":[{"href":"https:\/\/kapitalis.com\/tunisie\/wp-json\/wp\/v2\/posts"}],"about":[{"href":"https:\/\/kapitalis.com\/tunisie\/wp-json\/wp\/v2\/types\/post"}],"author":[{"embeddable":true,"href":"https:\/\/kapitalis.com\/tunisie\/wp-json\/wp\/v2\/users\/8"}],"replies":[{"embeddable":true,"href":"https:\/\/kapitalis.com\/tunisie\/wp-json\/wp\/v2\/comments?post=15974258"}],"version-history":[{"count":2,"href":"https:\/\/kapitalis.com\/tunisie\/wp-json\/wp\/v2\/posts\/15974258\/revisions"}],"predecessor-version":[{"id":15980298,"href":"https:\/\/kapitalis.com\/tunisie\/wp-json\/wp\/v2\/posts\/15974258\/revisions\/15980298"}],"wp:featuredmedia":[{"embeddable":true,"href":"https:\/\/kapitalis.com\/tunisie\/wp-json\/wp\/v2\/media\/15974296"}],"wp:attachment":[{"href":"https:\/\/kapitalis.com\/tunisie\/wp-json\/wp\/v2\/media?parent=15974258"}],"wp:term":[{"taxonomy":"category","embeddable":true,"href":"https:\/\/kapitalis.com\/tunisie\/wp-json\/wp\/v2\/categories?post=15974258"},{"taxonomy":"post_tag","embeddable":true,"href":"https:\/\/kapitalis.com\/tunisie\/wp-json\/wp\/v2\/tags?post=15974258"}],"curies":[{"name":"wp","href":"https:\/\/api.w.org\/{rel}","templated":true}]}}