{"id":159835,"date":"2018-06-17T09:48:01","date_gmt":"2018-06-17T08:48:01","guid":{"rendered":"http:\/\/kapitalis.com\/tunisie\/?p=159835"},"modified":"2018-06-17T09:48:01","modified_gmt":"2018-06-17T08:48:01","slug":"journee-mondiale-de-lutte-contre-la-desertification-et-la-secheresse","status":"publish","type":"post","link":"https:\/\/kapitalis.com\/tunisie\/2018\/06\/17\/journee-mondiale-de-lutte-contre-la-desertification-et-la-secheresse\/","title":{"rendered":"Journ\u00e9e mondiale de lutte contre la d\u00e9sertification et la s\u00e9cheresse"},"content":{"rendered":"<p style=\"text-align: center;\"><img loading=\"lazy\" decoding=\"async\" class=\"alignnone size-full wp-image-159836\" src=\"http:\/\/kapitalis.com\/tunisie\/wp-content\/uploads\/2018\/06\/Journee-mondiale-de-lutte-contre-la-desertification.jpg\" alt=\"\" width=\"626\" height=\"380\" \/><\/p>\n<p><em><strong>La Journ\u00e9e mondiale de lutte contre la d\u00e9sertification et la s\u00e9cheresse (<a href=\"https:\/\/www.unccd.int\/actions\/17-june-world-day-combat-desertification\/celebrate-2018wdcd\">JMLCD<\/a>) c\u00e9l\u00e9br\u00e9e aujourd\u2019hui, dimanche 17 juin 2018, est ax\u00e9e sur les possibilit\u00e9s existant pour les citoyens d\u2019encourager les entreprises et les acteurs du march\u00e9 \u00e0 investir dans la gestion durable des terres.<\/strong><\/em><\/p>\n<p><!--more--><\/p>\n<p>\u00c0 l\u2019occasion de la pr\u00e9sentation du th\u00e8me de la Journ\u00e9e, Monique Barbut, secr\u00e9taire g\u00e9n\u00e9rale adjointe des Nations Unies et secr\u00e9taire ex\u00e9cutive de la Convention des Nations Unies sur la lutte contre la d\u00e9sertification (CNULCD), a d\u00e9clar\u00e9 que \u00ab<em>le slogan de la campagne \u2018\u2018La terre a de la valeur. Investissez-y\u2019\u2019 nous rappelle que la terre est un actif tangible et que sa valeur mesurable va bien au-del\u00e0 de l\u2019argent. Hors sa valeur se perd \u00e0 cause de sa d\u00e9gradation. N\u00e9anmoins, par ce que nous d\u00e9cidons chaque jour de manger, de boire et de porter, nous pouvons encourager les utilisateurs des terres \u00e0 recourir \u00e0 des pratiques de gestion des terres qui en pr\u00e9servent la productivit\u00e9<\/em>\u00bb.<\/p>\n<p>La cible des Objectifs de D\u00e9veloppement Durable (ODD) visant \u00e0 atteindre la neutralit\u00e9 en mati\u00e8re de d\u00e9gradation des terres \u00e0 l\u2019horizon 2030 constitue une r\u00e9ponse essentielle \u00e0 ces d\u00e9fis. Elle permettra de r\u00e9habiliter les terres d\u00e9grad\u00e9es, de mettre un terme \u00e0 l\u2019accaparement des terres, de lutter contre le changement climatique, d\u2019augmenter la production alimentaire et d\u2019am\u00e9liorer l\u2019acc\u00e8s \u00e0 l\u2019eau potable.<\/p>\n<p>Comme l\u2019a fait encore remarquer Mme Barbut: <em>\u00abChaque centime d\u00e9pens\u00e9 par un consommateur d\u00e9termine l\u2019objet des investissements effectu\u00e9s par le secteur priv\u00e9 et les gouvernements en faveur de projets entra\u00eenant une d\u00e9gradation des terres ou au contraire de bonnes pratiques de gestion de celles-ci. Il ne faut pas sous-estimer l\u2019impact sur la plan\u00e8te de nos petites d\u00e9cisions individuelles : faisons le bon choix lorsque nous achetons\u00bb.<\/em><\/p>\n<p>En Tunisie, un \u00e9v\u00e9nement organis\u00e9 \u00e0 l\u2019initiative du Centre d\u2019Information des Nations Unies (CINU) et de l\u2019Association pour la Sauvegarde de l\u2019\u00eele de Djerba (Assidje), avec l\u2019appui de la<a href=\"http:\/\/www.fao.org\/news\/story\/ar\/item\/1141136\/icode\/\"> FAO<\/a> en Tunisie, aura lieu le 22 juin 2018 \u00e0 Djerba. Intitul\u00e9 <em>\u00abGestion durable des terres en Tunisie \u2013 enjeux et opportunit\u00e9s\u00bb<\/em>, l\u2019\u00e9v\u00e9nement r\u00e9unira des organisations de la soci\u00e9t\u00e9 civile et des institutions de recherche tunisiennes.<\/p>\n<p>La Journ\u00e9e mondiale de lutte contre la d\u00e9sertification et la s\u00e9cheresse a \u00e9t\u00e9 instaur\u00e9e il y a vingt-trois ans par l\u2019Assembl\u00e9e g\u00e9n\u00e9rale des Nations Unies. Destin\u00e9e \u00e0 tous les pays du monde, elle a pour objet de sensibiliser l\u2019opinion publique internationale \u00e0 la situation en la mati\u00e8re ainsi qu\u2019aux mesures prioritaires prises aux niveaux mondial et national pour inverser la d\u00e9sertification et la d\u00e9gradation des terres ainsi qu\u2019\u00e9laborer des solutions plus efficaces face \u00e0 la s\u00e9cheresse.<\/p>\n<p><em><strong>Source<\/strong><\/em> : communiqu\u00e9.<\/p>\n<blockquote class=\"wp-embedded-content\" data-secret=\"SVBOy4TewE\"><p><a href=\"https:\/\/kapitalis.com\/tunisie\/2017\/06\/15\/la-tunisie-risque-de-perdre-50-de-ses-terres-agricoles-en-2050\/\">La Tunisie risque de perdre 50% de ses terres agricoles en 2050<\/a><\/p><\/blockquote>\n<p><iframe loading=\"lazy\" class=\"wp-embedded-content\" sandbox=\"allow-scripts\" security=\"restricted\" style=\"position: absolute; clip: rect(1px, 1px, 1px, 1px);\" title=\"\u00ab\u00a0La Tunisie risque de perdre 50% de ses terres agricoles en 2050\u00a0\u00bb &#8212; Kapitalis\" src=\"https:\/\/kapitalis.com\/tunisie\/2017\/06\/15\/la-tunisie-risque-de-perdre-50-de-ses-terres-agricoles-en-2050\/embed\/#?secret=5VlxYJ9bFc#?secret=SVBOy4TewE\" data-secret=\"SVBOy4TewE\" width=\"600\" height=\"338\" frameborder=\"0\" marginwidth=\"0\" marginheight=\"0\" scrolling=\"no\"><\/iframe><\/p>\n<blockquote class=\"wp-embedded-content\" data-secret=\"a8FLBrL9an\"><p><a href=\"https:\/\/kapitalis.com\/tunisie\/2016\/03\/09\/face-a-la-secheresse-une-strategie-dadaptation-simpose-en-tunisie\/\">Face \u00e0 la s\u00e9cheresse, une strat\u00e9gie d\u2019adaptation s\u2019impose en Tunisie<\/a><\/p><\/blockquote>\n<p><iframe loading=\"lazy\" class=\"wp-embedded-content\" sandbox=\"allow-scripts\" security=\"restricted\" style=\"position: absolute; clip: rect(1px, 1px, 1px, 1px);\" title=\"\u00ab\u00a0Face \u00e0 la s\u00e9cheresse, une strat\u00e9gie d\u2019adaptation s\u2019impose en Tunisie\u00a0\u00bb &#8212; Kapitalis\" src=\"https:\/\/kapitalis.com\/tunisie\/2016\/03\/09\/face-a-la-secheresse-une-strategie-dadaptation-simpose-en-tunisie\/embed\/#?secret=m3ttllAy2R#?secret=a8FLBrL9an\" data-secret=\"a8FLBrL9an\" width=\"600\" height=\"338\" frameborder=\"0\" marginwidth=\"0\" marginheight=\"0\" scrolling=\"no\"><\/iframe><\/p>\n","protected":false},"excerpt":{"rendered":"<p>La Journ\u00e9e mondiale de lutte contre la d\u00e9sertification et la s\u00e9cheresse (JMLCD) c\u00e9l\u00e9br\u00e9e aujourd\u2019hui, dimanche 17 juin 2018, est ax\u00e9e sur les possibilit\u00e9s existant pour les citoyens d\u2019encourager les entreprises et les acteurs du march\u00e9 \u00e0 investir dans la gestion durable des terres.<\/p>\n","protected":false},"author":8,"featured_media":159836,"comment_status":"open","ping_status":"open","sticky":false,"template":"","format":"standard","meta":{"footnotes":""},"categories":[995,2433],"tags":[11877,13104,15272],"class_list":["post-159835","post","type-post","status-publish","format-standard","has-post-thumbnail","hentry","category-economie","category-tunisie","tag-assidje","tag-desertification","tag-secheresse"],"yoast_head":"<!-- This site is optimized with the Yoast SEO plugin v26.6 - https:\/\/yoast.com\/wordpress\/plugins\/seo\/ -->\n<title>Journ\u00e9e mondiale de lutte contre la d\u00e9sertification et la s\u00e9cheresse - Kapitalis<\/title>\n<meta name=\"robots\" content=\"index, follow, max-snippet:-1, max-image-preview:large, max-video-preview:-1\" \/>\n<link rel=\"canonical\" href=\"https:\/\/kapitalis.com\/tunisie\/2018\/06\/17\/journee-mondiale-de-lutte-contre-la-desertification-et-la-secheresse\/\" \/>\n<meta property=\"og:locale\" content=\"fr_FR\" \/>\n<meta property=\"og:type\" content=\"article\" \/>\n<meta property=\"og:title\" content=\"Journ\u00e9e mondiale de lutte contre la d\u00e9sertification et la s\u00e9cheresse - Kapitalis\" \/>\n<meta property=\"og:description\" content=\"La Journ\u00e9e mondiale de lutte contre la d\u00e9sertification et la s\u00e9cheresse (JMLCD) c\u00e9l\u00e9br\u00e9e aujourd\u2019hui, dimanche 17 juin 2018, est ax\u00e9e sur les possibilit\u00e9s existant pour les citoyens d\u2019encourager les entreprises et les acteurs du march\u00e9 \u00e0 investir dans la gestion durable des terres.\" \/>\n<meta property=\"og:url\" content=\"https:\/\/kapitalis.com\/tunisie\/2018\/06\/17\/journee-mondiale-de-lutte-contre-la-desertification-et-la-secheresse\/\" \/>\n<meta property=\"og:site_name\" content=\"Kapitalis\" \/>\n<meta property=\"article:publisher\" content=\"https:\/\/www.facebook.com\/KapitalisInfo\/\" \/>\n<meta property=\"article:published_time\" content=\"2018-06-17T08:48:01+00:00\" \/>\n<meta property=\"og:image\" content=\"https:\/\/kapitalis.com\/tunisie\/wp-content\/uploads\/2022\/05\/kapitalis-logo-fb.png\" \/>\n\t<meta property=\"og:image:width\" content=\"1200\" \/>\n\t<meta property=\"og:image:height\" content=\"630\" \/>\n\t<meta property=\"og:image:type\" content=\"image\/png\" \/>\n<meta name=\"author\" content=\"webmaster kapitalis\" \/>\n<meta name=\"twitter:card\" content=\"summary_large_image\" \/>\n<meta name=\"twitter:creator\" content=\"@KapitalisInfo\" \/>\n<meta name=\"twitter:site\" content=\"@KapitalisInfo\" \/>\n<meta name=\"twitter:label1\" content=\"\u00c9crit par\" \/>\n\t<meta name=\"twitter:data1\" content=\"webmaster kapitalis\" \/>\n\t<meta name=\"twitter:label2\" content=\"Dur\u00e9e de lecture estim\u00e9e\" \/>\n\t<meta name=\"twitter:data2\" content=\"2 minutes\" \/>\n<script type=\"application\/ld+json\" class=\"yoast-schema-graph\">{\"@context\":\"https:\/\/schema.org\",\"@graph\":[{\"@type\":\"Article\",\"@id\":\"https:\/\/kapitalis.com\/tunisie\/2018\/06\/17\/journee-mondiale-de-lutte-contre-la-desertification-et-la-secheresse\/#article\",\"isPartOf\":{\"@id\":\"https:\/\/kapitalis.com\/tunisie\/2018\/06\/17\/journee-mondiale-de-lutte-contre-la-desertification-et-la-secheresse\/\"},\"author\":{\"name\":\"webmaster kapitalis\",\"@id\":\"https:\/\/kapitalis.com\/tunisie\/#\/schema\/person\/d71f33a9ca44f7bad4698210b480c8e9\"},\"headline\":\"Journ\u00e9e mondiale de lutte contre la d\u00e9sertification et la s\u00e9cheresse\",\"datePublished\":\"2018-06-17T08:48:01+00:00\",\"mainEntityOfPage\":{\"@id\":\"https:\/\/kapitalis.com\/tunisie\/2018\/06\/17\/journee-mondiale-de-lutte-contre-la-desertification-et-la-secheresse\/\"},\"wordCount\":507,\"commentCount\":1,\"publisher\":{\"@id\":\"https:\/\/kapitalis.com\/tunisie\/#organization\"},\"image\":{\"@id\":\"https:\/\/kapitalis.com\/tunisie\/2018\/06\/17\/journee-mondiale-de-lutte-contre-la-desertification-et-la-secheresse\/#primaryimage\"},\"thumbnailUrl\":\"\",\"keywords\":[\"Assidje\",\"desertification\",\"s\u00e9cheresse\"],\"articleSection\":[\"ECONOMIE\",\"Tunisie\"],\"inLanguage\":\"fr-FR\",\"potentialAction\":[{\"@type\":\"CommentAction\",\"name\":\"Comment\",\"target\":[\"https:\/\/kapitalis.com\/tunisie\/2018\/06\/17\/journee-mondiale-de-lutte-contre-la-desertification-et-la-secheresse\/#respond\"]}]},{\"@type\":\"WebPage\",\"@id\":\"https:\/\/kapitalis.com\/tunisie\/2018\/06\/17\/journee-mondiale-de-lutte-contre-la-desertification-et-la-secheresse\/\",\"url\":\"https:\/\/kapitalis.com\/tunisie\/2018\/06\/17\/journee-mondiale-de-lutte-contre-la-desertification-et-la-secheresse\/\",\"name\":\"Journ\u00e9e mondiale de lutte contre la d\u00e9sertification et la s\u00e9cheresse - Kapitalis\",\"isPartOf\":{\"@id\":\"https:\/\/kapitalis.com\/tunisie\/#website\"},\"primaryImageOfPage\":{\"@id\":\"https:\/\/kapitalis.com\/tunisie\/2018\/06\/17\/journee-mondiale-de-lutte-contre-la-desertification-et-la-secheresse\/#primaryimage\"},\"image\":{\"@id\":\"https:\/\/kapitalis.com\/tunisie\/2018\/06\/17\/journee-mondiale-de-lutte-contre-la-desertification-et-la-secheresse\/#primaryimage\"},\"thumbnailUrl\":\"\",\"datePublished\":\"2018-06-17T08:48:01+00:00\",\"breadcrumb\":{\"@id\":\"https:\/\/kapitalis.com\/tunisie\/2018\/06\/17\/journee-mondiale-de-lutte-contre-la-desertification-et-la-secheresse\/#breadcrumb\"},\"inLanguage\":\"fr-FR\",\"potentialAction\":[{\"@type\":\"ReadAction\",\"target\":[\"https:\/\/kapitalis.com\/tunisie\/2018\/06\/17\/journee-mondiale-de-lutte-contre-la-desertification-et-la-secheresse\/\"]}]},{\"@type\":\"ImageObject\",\"inLanguage\":\"fr-FR\",\"@id\":\"https:\/\/kapitalis.com\/tunisie\/2018\/06\/17\/journee-mondiale-de-lutte-contre-la-desertification-et-la-secheresse\/#primaryimage\",\"url\":\"\",\"contentUrl\":\"\"},{\"@type\":\"BreadcrumbList\",\"@id\":\"https:\/\/kapitalis.com\/tunisie\/2018\/06\/17\/journee-mondiale-de-lutte-contre-la-desertification-et-la-secheresse\/#breadcrumb\",\"itemListElement\":[{\"@type\":\"ListItem\",\"position\":1,\"name\":\"Accueil\",\"item\":\"https:\/\/kapitalis.com\/tunisie\/\"},{\"@type\":\"ListItem\",\"position\":2,\"name\":\"Journ\u00e9e mondiale de lutte contre la d\u00e9sertification et la s\u00e9cheresse\"}]},{\"@type\":\"WebSite\",\"@id\":\"https:\/\/kapitalis.com\/tunisie\/#website\",\"url\":\"https:\/\/kapitalis.com\/tunisie\/\",\"name\":\"Kapitalis\",\"description\":\"L&#039;actualit\u00e9 en Tunisie et dans le monde\",\"publisher\":{\"@id\":\"https:\/\/kapitalis.com\/tunisie\/#organization\"},\"potentialAction\":[{\"@type\":\"SearchAction\",\"target\":{\"@type\":\"EntryPoint\",\"urlTemplate\":\"https:\/\/kapitalis.com\/tunisie\/?s={search_term_string}\"},\"query-input\":{\"@type\":\"PropertyValueSpecification\",\"valueRequired\":true,\"valueName\":\"search_term_string\"}}],\"inLanguage\":\"fr-FR\"},{\"@type\":\"Organization\",\"@id\":\"https:\/\/kapitalis.com\/tunisie\/#organization\",\"name\":\"Kapitalis\",\"url\":\"https:\/\/kapitalis.com\/tunisie\/\",\"logo\":{\"@type\":\"ImageObject\",\"inLanguage\":\"fr-FR\",\"@id\":\"https:\/\/kapitalis.com\/tunisie\/#\/schema\/logo\/image\/\",\"url\":\"https:\/\/kapitalis.com\/tunisie\/wp-content\/uploads\/2022\/05\/Kapitalis-big-size.png\",\"contentUrl\":\"https:\/\/kapitalis.com\/tunisie\/wp-content\/uploads\/2022\/05\/Kapitalis-big-size.png\",\"width\":5000,\"height\":1500,\"caption\":\"Kapitalis\"},\"image\":{\"@id\":\"https:\/\/kapitalis.com\/tunisie\/#\/schema\/logo\/image\/\"},\"sameAs\":[\"https:\/\/www.facebook.com\/KapitalisInfo\/\",\"https:\/\/x.com\/KapitalisInfo\",\"https:\/\/www.youtube.com\/channel\/UC-yDYrHyfFBWWZaOw3FPg9Q\"]},{\"@type\":\"Person\",\"@id\":\"https:\/\/kapitalis.com\/tunisie\/#\/schema\/person\/d71f33a9ca44f7bad4698210b480c8e9\",\"name\":\"webmaster kapitalis\",\"url\":\"https:\/\/kapitalis.com\/tunisie\/author\/webmaster-kapitalis\/\"}]}<\/script>\n<!-- \/ Yoast SEO plugin. -->","yoast_head_json":{"title":"Journ\u00e9e mondiale de lutte contre la d\u00e9sertification et la s\u00e9cheresse - Kapitalis","robots":{"index":"index","follow":"follow","max-snippet":"max-snippet:-1","max-image-preview":"max-image-preview:large","max-video-preview":"max-video-preview:-1"},"canonical":"https:\/\/kapitalis.com\/tunisie\/2018\/06\/17\/journee-mondiale-de-lutte-contre-la-desertification-et-la-secheresse\/","og_locale":"fr_FR","og_type":"article","og_title":"Journ\u00e9e mondiale de lutte contre la d\u00e9sertification et la s\u00e9cheresse - Kapitalis","og_description":"La Journ\u00e9e mondiale de lutte contre la d\u00e9sertification et la s\u00e9cheresse (JMLCD) c\u00e9l\u00e9br\u00e9e aujourd\u2019hui, dimanche 17 juin 2018, est ax\u00e9e sur les possibilit\u00e9s existant pour les citoyens d\u2019encourager les entreprises et les acteurs du march\u00e9 \u00e0 investir dans la gestion durable des terres.","og_url":"https:\/\/kapitalis.com\/tunisie\/2018\/06\/17\/journee-mondiale-de-lutte-contre-la-desertification-et-la-secheresse\/","og_site_name":"Kapitalis","article_publisher":"https:\/\/www.facebook.com\/KapitalisInfo\/","article_published_time":"2018-06-17T08:48:01+00:00","og_image":[{"width":1200,"height":630,"url":"https:\/\/kapitalis.com\/tunisie\/wp-content\/uploads\/2022\/05\/kapitalis-logo-fb.png","type":"image\/png"}],"author":"webmaster kapitalis","twitter_card":"summary_large_image","twitter_creator":"@KapitalisInfo","twitter_site":"@KapitalisInfo","twitter_misc":{"\u00c9crit par":"webmaster kapitalis","Dur\u00e9e de lecture estim\u00e9e":"2 minutes"},"schema":{"@context":"https:\/\/schema.org","@graph":[{"@type":"Article","@id":"https:\/\/kapitalis.com\/tunisie\/2018\/06\/17\/journee-mondiale-de-lutte-contre-la-desertification-et-la-secheresse\/#article","isPartOf":{"@id":"https:\/\/kapitalis.com\/tunisie\/2018\/06\/17\/journee-mondiale-de-lutte-contre-la-desertification-et-la-secheresse\/"},"author":{"name":"webmaster kapitalis","@id":"https:\/\/kapitalis.com\/tunisie\/#\/schema\/person\/d71f33a9ca44f7bad4698210b480c8e9"},"headline":"Journ\u00e9e mondiale de lutte contre la d\u00e9sertification et la s\u00e9cheresse","datePublished":"2018-06-17T08:48:01+00:00","mainEntityOfPage":{"@id":"https:\/\/kapitalis.com\/tunisie\/2018\/06\/17\/journee-mondiale-de-lutte-contre-la-desertification-et-la-secheresse\/"},"wordCount":507,"commentCount":1,"publisher":{"@id":"https:\/\/kapitalis.com\/tunisie\/#organization"},"image":{"@id":"https:\/\/kapitalis.com\/tunisie\/2018\/06\/17\/journee-mondiale-de-lutte-contre-la-desertification-et-la-secheresse\/#primaryimage"},"thumbnailUrl":"","keywords":["Assidje","desertification","s\u00e9cheresse"],"articleSection":["ECONOMIE","Tunisie"],"inLanguage":"fr-FR","potentialAction":[{"@type":"CommentAction","name":"Comment","target":["https:\/\/kapitalis.com\/tunisie\/2018\/06\/17\/journee-mondiale-de-lutte-contre-la-desertification-et-la-secheresse\/#respond"]}]},{"@type":"WebPage","@id":"https:\/\/kapitalis.com\/tunisie\/2018\/06\/17\/journee-mondiale-de-lutte-contre-la-desertification-et-la-secheresse\/","url":"https:\/\/kapitalis.com\/tunisie\/2018\/06\/17\/journee-mondiale-de-lutte-contre-la-desertification-et-la-secheresse\/","name":"Journ\u00e9e mondiale de lutte contre la d\u00e9sertification et la s\u00e9cheresse - Kapitalis","isPartOf":{"@id":"https:\/\/kapitalis.com\/tunisie\/#website"},"primaryImageOfPage":{"@id":"https:\/\/kapitalis.com\/tunisie\/2018\/06\/17\/journee-mondiale-de-lutte-contre-la-desertification-et-la-secheresse\/#primaryimage"},"image":{"@id":"https:\/\/kapitalis.com\/tunisie\/2018\/06\/17\/journee-mondiale-de-lutte-contre-la-desertification-et-la-secheresse\/#primaryimage"},"thumbnailUrl":"","datePublished":"2018-06-17T08:48:01+00:00","breadcrumb":{"@id":"https:\/\/kapitalis.com\/tunisie\/2018\/06\/17\/journee-mondiale-de-lutte-contre-la-desertification-et-la-secheresse\/#breadcrumb"},"inLanguage":"fr-FR","potentialAction":[{"@type":"ReadAction","target":["https:\/\/kapitalis.com\/tunisie\/2018\/06\/17\/journee-mondiale-de-lutte-contre-la-desertification-et-la-secheresse\/"]}]},{"@type":"ImageObject","inLanguage":"fr-FR","@id":"https:\/\/kapitalis.com\/tunisie\/2018\/06\/17\/journee-mondiale-de-lutte-contre-la-desertification-et-la-secheresse\/#primaryimage","url":"","contentUrl":""},{"@type":"BreadcrumbList","@id":"https:\/\/kapitalis.com\/tunisie\/2018\/06\/17\/journee-mondiale-de-lutte-contre-la-desertification-et-la-secheresse\/#breadcrumb","itemListElement":[{"@type":"ListItem","position":1,"name":"Accueil","item":"https:\/\/kapitalis.com\/tunisie\/"},{"@type":"ListItem","position":2,"name":"Journ\u00e9e mondiale de lutte contre la d\u00e9sertification et la s\u00e9cheresse"}]},{"@type":"WebSite","@id":"https:\/\/kapitalis.com\/tunisie\/#website","url":"https:\/\/kapitalis.com\/tunisie\/","name":"Kapitalis","description":"L&#039;actualit\u00e9 en Tunisie et dans le monde","publisher":{"@id":"https:\/\/kapitalis.com\/tunisie\/#organization"},"potentialAction":[{"@type":"SearchAction","target":{"@type":"EntryPoint","urlTemplate":"https:\/\/kapitalis.com\/tunisie\/?s={search_term_string}"},"query-input":{"@type":"PropertyValueSpecification","valueRequired":true,"valueName":"search_term_string"}}],"inLanguage":"fr-FR"},{"@type":"Organization","@id":"https:\/\/kapitalis.com\/tunisie\/#organization","name":"Kapitalis","url":"https:\/\/kapitalis.com\/tunisie\/","logo":{"@type":"ImageObject","inLanguage":"fr-FR","@id":"https:\/\/kapitalis.com\/tunisie\/#\/schema\/logo\/image\/","url":"https:\/\/kapitalis.com\/tunisie\/wp-content\/uploads\/2022\/05\/Kapitalis-big-size.png","contentUrl":"https:\/\/kapitalis.com\/tunisie\/wp-content\/uploads\/2022\/05\/Kapitalis-big-size.png","width":5000,"height":1500,"caption":"Kapitalis"},"image":{"@id":"https:\/\/kapitalis.com\/tunisie\/#\/schema\/logo\/image\/"},"sameAs":["https:\/\/www.facebook.com\/KapitalisInfo\/","https:\/\/x.com\/KapitalisInfo","https:\/\/www.youtube.com\/channel\/UC-yDYrHyfFBWWZaOw3FPg9Q"]},{"@type":"Person","@id":"https:\/\/kapitalis.com\/tunisie\/#\/schema\/person\/d71f33a9ca44f7bad4698210b480c8e9","name":"webmaster kapitalis","url":"https:\/\/kapitalis.com\/tunisie\/author\/webmaster-kapitalis\/"}]}},"_links":{"self":[{"href":"https:\/\/kapitalis.com\/tunisie\/wp-json\/wp\/v2\/posts\/159835","targetHints":{"allow":["GET"]}}],"collection":[{"href":"https:\/\/kapitalis.com\/tunisie\/wp-json\/wp\/v2\/posts"}],"about":[{"href":"https:\/\/kapitalis.com\/tunisie\/wp-json\/wp\/v2\/types\/post"}],"author":[{"embeddable":true,"href":"https:\/\/kapitalis.com\/tunisie\/wp-json\/wp\/v2\/users\/8"}],"replies":[{"embeddable":true,"href":"https:\/\/kapitalis.com\/tunisie\/wp-json\/wp\/v2\/comments?post=159835"}],"version-history":[{"count":0,"href":"https:\/\/kapitalis.com\/tunisie\/wp-json\/wp\/v2\/posts\/159835\/revisions"}],"wp:featuredmedia":[{"embeddable":true,"href":"https:\/\/kapitalis.com\/tunisie\/wp-json\/wp\/v2\/media\/159836"}],"wp:attachment":[{"href":"https:\/\/kapitalis.com\/tunisie\/wp-json\/wp\/v2\/media?parent=159835"}],"wp:term":[{"taxonomy":"category","embeddable":true,"href":"https:\/\/kapitalis.com\/tunisie\/wp-json\/wp\/v2\/categories?post=159835"},{"taxonomy":"post_tag","embeddable":true,"href":"https:\/\/kapitalis.com\/tunisie\/wp-json\/wp\/v2\/tags?post=159835"}],"curies":[{"name":"wp","href":"https:\/\/api.w.org\/{rel}","templated":true}]}}