{"id":1599,"date":"2015-05-13T11:01:55","date_gmt":"2015-05-13T10:01:55","guid":{"rendered":"http:\/\/www.kapitalis.com\/tunisie\/?p=192"},"modified":"2015-05-13T11:01:55","modified_gmt":"2015-05-13T10:01:55","slug":"sidi-bouzid-un-homme-retrouve-pendu-dans-une-cellule-darret-a-bir-el-hafay","status":"publish","type":"post","link":"https:\/\/kapitalis.com\/tunisie\/2015\/05\/13\/sidi-bouzid-un-homme-retrouve-pendu-dans-une-cellule-darret-a-bir-el-hafay\/","title":{"rendered":"Sidi Bouzid : Un homme retrouv\u00e9 pendu dans une cellule d\u2019arr\u00eat \u00e0 Bir El-Hafay"},"content":{"rendered":"<p><a href=\"http:\/\/kapitalis.net\/wordpress\/wp-content\/uploads\/2015\/05\/cellule.jpg\"><img loading=\"lazy\" decoding=\"async\" class=\"aligncenter size-full wp-image-193\" src=\"http:\/\/kapitalis.net\/wordpress\/wp-content\/uploads\/2015\/05\/cellule.jpg\" alt=\"cellule\" width=\"626\" height=\"380\" \/><\/a><\/p>\n<p><em><strong>Un homme a \u00e9t\u00e9 retrouv\u00e9 pendu, aujourd\u2019hui, dans une cellule d\u2019arr\u00eat au poste de la garde nationale \u00e0 Bir El-Hafay, une localit\u00e9 du gouvernorat de Sidi Bouzid (centre).<\/strong><\/em><\/p>\n<p>L\u2019individu, \u00e2g\u00e9 d\u2019une cinquantaine d\u2019ann\u00e9es, connu des services de la police, avait \u00e9t\u00e9 arr\u00eat\u00e9 dans l\u2019apr\u00e8s midi du mardi 12 mai 2015. Il \u00e9tait recherch\u00e9 dans plusieurs affaires et risquait plus de 15 ans de prison.<\/p>\n<p>Aujourd\u2019hui, \u00e0 l\u2019aube, les agents de la garde nationale ont d\u00e9couvert son corps pendu \u00e0 la fen\u00eatre. Il avait utilis\u00e9 ses v\u00eatements en guise de potence.<\/p>\n<p>Le procureur de la r\u00e9publique a effectu\u00e9 les constats d\u2019usage et ordonn\u00e9 le transfert du corps \u00e0 l\u2019h\u00f4pital pour autopsie. Et une enqu\u00eate a \u00e9t\u00e9 ouverte sur les circonstances de cette mort.<\/p>\n<p style=\"text-align: right;\"><strong>Y. N. M.<\/strong><\/p>\n","protected":false},"excerpt":{"rendered":"<p>Un homme a \u00e9t\u00e9 retrouv\u00e9 pendu, aujourd\u2019hui, dans une cellule d\u2019arr\u00eat au poste de la garde nationale \u00e0 Bir El-Hafay, une localit\u00e9 du gouvernorat de Sidi Bouzid (centre). L\u2019individu, \u00e2g\u00e9 d\u2019une cinquantaine d\u2019ann\u00e9es, connu des services de la police, avait \u00e9t\u00e9 arr\u00eat\u00e9 dans l\u2019apr\u00e8s midi du mardi 12 mai 2015. Il \u00e9tait recherch\u00e9 dans plusieurs&#8230;<\/p>\n","protected":false},"author":1,"featured_media":0,"comment_status":"open","ping_status":"open","sticky":false,"template":"","format":"standard","meta":{"footnotes":""},"categories":[998],"tags":[828,865],"class_list":["post-1599","post","type-post","status-publish","format-standard","hentry","category-societe","tag-sidi-bouzid","tag-suicide"],"yoast_head":"<!-- This site is optimized with the Yoast SEO plugin v26.6 - https:\/\/yoast.com\/wordpress\/plugins\/seo\/ -->\n<title>Sidi Bouzid : Un homme retrouv\u00e9 pendu dans une cellule d\u2019arr\u00eat \u00e0 Bir El-Hafay - Kapitalis<\/title>\n<meta name=\"robots\" content=\"index, follow, max-snippet:-1, max-image-preview:large, max-video-preview:-1\" \/>\n<link rel=\"canonical\" href=\"https:\/\/kapitalis.com\/tunisie\/2015\/05\/13\/sidi-bouzid-un-homme-retrouve-pendu-dans-une-cellule-darret-a-bir-el-hafay\/\" \/>\n<meta property=\"og:locale\" content=\"fr_FR\" \/>\n<meta property=\"og:type\" content=\"article\" \/>\n<meta property=\"og:title\" content=\"Sidi Bouzid : Un homme retrouv\u00e9 pendu dans une cellule d\u2019arr\u00eat \u00e0 Bir El-Hafay - Kapitalis\" \/>\n<meta property=\"og:description\" content=\"Un homme a \u00e9t\u00e9 retrouv\u00e9 pendu, aujourd\u2019hui, dans une cellule d\u2019arr\u00eat au poste de la garde nationale \u00e0 Bir El-Hafay, une localit\u00e9 du gouvernorat de Sidi Bouzid (centre). L\u2019individu, \u00e2g\u00e9 d\u2019une cinquantaine d\u2019ann\u00e9es, connu des services de la police, avait \u00e9t\u00e9 arr\u00eat\u00e9 dans l\u2019apr\u00e8s midi du mardi 12 mai 2015. Il \u00e9tait recherch\u00e9 dans plusieurs...\" \/>\n<meta property=\"og:url\" content=\"https:\/\/kapitalis.com\/tunisie\/2015\/05\/13\/sidi-bouzid-un-homme-retrouve-pendu-dans-une-cellule-darret-a-bir-el-hafay\/\" \/>\n<meta property=\"og:site_name\" content=\"Kapitalis\" \/>\n<meta property=\"article:publisher\" content=\"https:\/\/www.facebook.com\/KapitalisInfo\/\" \/>\n<meta property=\"article:published_time\" content=\"2015-05-13T10:01:55+00:00\" \/>\n<meta property=\"og:image\" content=\"http:\/\/kapitalis.net\/wordpress\/wp-content\/uploads\/2015\/05\/cellule.jpg\" \/>\n<meta name=\"author\" content=\"mounir\" \/>\n<meta name=\"twitter:card\" content=\"summary_large_image\" \/>\n<meta name=\"twitter:creator\" content=\"@KapitalisInfo\" \/>\n<meta name=\"twitter:site\" content=\"@KapitalisInfo\" \/>\n<meta name=\"twitter:label1\" content=\"\u00c9crit par\" \/>\n\t<meta name=\"twitter:data1\" content=\"mounir\" \/>\n\t<meta name=\"twitter:label2\" content=\"Dur\u00e9e de lecture estim\u00e9e\" \/>\n\t<meta name=\"twitter:data2\" content=\"1 minute\" \/>\n<script type=\"application\/ld+json\" class=\"yoast-schema-graph\">{\"@context\":\"https:\/\/schema.org\",\"@graph\":[{\"@type\":\"Article\",\"@id\":\"https:\/\/kapitalis.com\/tunisie\/2015\/05\/13\/sidi-bouzid-un-homme-retrouve-pendu-dans-une-cellule-darret-a-bir-el-hafay\/#article\",\"isPartOf\":{\"@id\":\"https:\/\/kapitalis.com\/tunisie\/2015\/05\/13\/sidi-bouzid-un-homme-retrouve-pendu-dans-une-cellule-darret-a-bir-el-hafay\/\"},\"author\":{\"name\":\"mounir\",\"@id\":\"https:\/\/kapitalis.com\/tunisie\/#\/schema\/person\/aa55121cdc1c0fa4794a24cff31f746f\"},\"headline\":\"Sidi Bouzid : Un homme retrouv\u00e9 pendu dans une cellule d\u2019arr\u00eat \u00e0 Bir El-Hafay\",\"datePublished\":\"2015-05-13T10:01:55+00:00\",\"mainEntityOfPage\":{\"@id\":\"https:\/\/kapitalis.com\/tunisie\/2015\/05\/13\/sidi-bouzid-un-homme-retrouve-pendu-dans-une-cellule-darret-a-bir-el-hafay\/\"},\"wordCount\":152,\"commentCount\":0,\"publisher\":{\"@id\":\"https:\/\/kapitalis.com\/tunisie\/#organization\"},\"image\":{\"@id\":\"https:\/\/kapitalis.com\/tunisie\/2015\/05\/13\/sidi-bouzid-un-homme-retrouve-pendu-dans-une-cellule-darret-a-bir-el-hafay\/#primaryimage\"},\"thumbnailUrl\":\"http:\/\/kapitalis.net\/wordpress\/wp-content\/uploads\/2015\/05\/cellule.jpg\",\"keywords\":[\"Sidi Bouzid\",\"suicide\"],\"articleSection\":[\"SOCIETE\"],\"inLanguage\":\"fr-FR\",\"potentialAction\":[{\"@type\":\"CommentAction\",\"name\":\"Comment\",\"target\":[\"https:\/\/kapitalis.com\/tunisie\/2015\/05\/13\/sidi-bouzid-un-homme-retrouve-pendu-dans-une-cellule-darret-a-bir-el-hafay\/#respond\"]}]},{\"@type\":\"WebPage\",\"@id\":\"https:\/\/kapitalis.com\/tunisie\/2015\/05\/13\/sidi-bouzid-un-homme-retrouve-pendu-dans-une-cellule-darret-a-bir-el-hafay\/\",\"url\":\"https:\/\/kapitalis.com\/tunisie\/2015\/05\/13\/sidi-bouzid-un-homme-retrouve-pendu-dans-une-cellule-darret-a-bir-el-hafay\/\",\"name\":\"Sidi Bouzid : Un homme retrouv\u00e9 pendu dans une cellule d\u2019arr\u00eat \u00e0 Bir El-Hafay - Kapitalis\",\"isPartOf\":{\"@id\":\"https:\/\/kapitalis.com\/tunisie\/#website\"},\"primaryImageOfPage\":{\"@id\":\"https:\/\/kapitalis.com\/tunisie\/2015\/05\/13\/sidi-bouzid-un-homme-retrouve-pendu-dans-une-cellule-darret-a-bir-el-hafay\/#primaryimage\"},\"image\":{\"@id\":\"https:\/\/kapitalis.com\/tunisie\/2015\/05\/13\/sidi-bouzid-un-homme-retrouve-pendu-dans-une-cellule-darret-a-bir-el-hafay\/#primaryimage\"},\"thumbnailUrl\":\"http:\/\/kapitalis.net\/wordpress\/wp-content\/uploads\/2015\/05\/cellule.jpg\",\"datePublished\":\"2015-05-13T10:01:55+00:00\",\"breadcrumb\":{\"@id\":\"https:\/\/kapitalis.com\/tunisie\/2015\/05\/13\/sidi-bouzid-un-homme-retrouve-pendu-dans-une-cellule-darret-a-bir-el-hafay\/#breadcrumb\"},\"inLanguage\":\"fr-FR\",\"potentialAction\":[{\"@type\":\"ReadAction\",\"target\":[\"https:\/\/kapitalis.com\/tunisie\/2015\/05\/13\/sidi-bouzid-un-homme-retrouve-pendu-dans-une-cellule-darret-a-bir-el-hafay\/\"]}]},{\"@type\":\"ImageObject\",\"inLanguage\":\"fr-FR\",\"@id\":\"https:\/\/kapitalis.com\/tunisie\/2015\/05\/13\/sidi-bouzid-un-homme-retrouve-pendu-dans-une-cellule-darret-a-bir-el-hafay\/#primaryimage\",\"url\":\"http:\/\/kapitalis.net\/wordpress\/wp-content\/uploads\/2015\/05\/cellule.jpg\",\"contentUrl\":\"http:\/\/kapitalis.net\/wordpress\/wp-content\/uploads\/2015\/05\/cellule.jpg\"},{\"@type\":\"BreadcrumbList\",\"@id\":\"https:\/\/kapitalis.com\/tunisie\/2015\/05\/13\/sidi-bouzid-un-homme-retrouve-pendu-dans-une-cellule-darret-a-bir-el-hafay\/#breadcrumb\",\"itemListElement\":[{\"@type\":\"ListItem\",\"position\":1,\"name\":\"Accueil\",\"item\":\"https:\/\/kapitalis.com\/tunisie\/\"},{\"@type\":\"ListItem\",\"position\":2,\"name\":\"Sidi Bouzid : Un homme retrouv\u00e9 pendu dans une cellule d\u2019arr\u00eat \u00e0 Bir El-Hafay\"}]},{\"@type\":\"WebSite\",\"@id\":\"https:\/\/kapitalis.com\/tunisie\/#website\",\"url\":\"https:\/\/kapitalis.com\/tunisie\/\",\"name\":\"Kapitalis\",\"description\":\"L&#039;actualit\u00e9 en Tunisie et dans le monde\",\"publisher\":{\"@id\":\"https:\/\/kapitalis.com\/tunisie\/#organization\"},\"potentialAction\":[{\"@type\":\"SearchAction\",\"target\":{\"@type\":\"EntryPoint\",\"urlTemplate\":\"https:\/\/kapitalis.com\/tunisie\/?s={search_term_string}\"},\"query-input\":{\"@type\":\"PropertyValueSpecification\",\"valueRequired\":true,\"valueName\":\"search_term_string\"}}],\"inLanguage\":\"fr-FR\"},{\"@type\":\"Organization\",\"@id\":\"https:\/\/kapitalis.com\/tunisie\/#organization\",\"name\":\"Kapitalis\",\"url\":\"https:\/\/kapitalis.com\/tunisie\/\",\"logo\":{\"@type\":\"ImageObject\",\"inLanguage\":\"fr-FR\",\"@id\":\"https:\/\/kapitalis.com\/tunisie\/#\/schema\/logo\/image\/\",\"url\":\"https:\/\/kapitalis.com\/tunisie\/wp-content\/uploads\/2022\/05\/Kapitalis-big-size.png\",\"contentUrl\":\"https:\/\/kapitalis.com\/tunisie\/wp-content\/uploads\/2022\/05\/Kapitalis-big-size.png\",\"width\":5000,\"height\":1500,\"caption\":\"Kapitalis\"},\"image\":{\"@id\":\"https:\/\/kapitalis.com\/tunisie\/#\/schema\/logo\/image\/\"},\"sameAs\":[\"https:\/\/www.facebook.com\/KapitalisInfo\/\",\"https:\/\/x.com\/KapitalisInfo\",\"https:\/\/www.youtube.com\/channel\/UC-yDYrHyfFBWWZaOw3FPg9Q\"]},{\"@type\":\"Person\",\"@id\":\"https:\/\/kapitalis.com\/tunisie\/#\/schema\/person\/aa55121cdc1c0fa4794a24cff31f746f\",\"name\":\"mounir\",\"sameAs\":[\"https:\/\/kapitalis.com\/tunisie\"],\"url\":\"https:\/\/kapitalis.com\/tunisie\/author\/mounir\/\"}]}<\/script>\n<!-- \/ Yoast SEO plugin. -->","yoast_head_json":{"title":"Sidi Bouzid : Un homme retrouv\u00e9 pendu dans une cellule d\u2019arr\u00eat \u00e0 Bir El-Hafay - Kapitalis","robots":{"index":"index","follow":"follow","max-snippet":"max-snippet:-1","max-image-preview":"max-image-preview:large","max-video-preview":"max-video-preview:-1"},"canonical":"https:\/\/kapitalis.com\/tunisie\/2015\/05\/13\/sidi-bouzid-un-homme-retrouve-pendu-dans-une-cellule-darret-a-bir-el-hafay\/","og_locale":"fr_FR","og_type":"article","og_title":"Sidi Bouzid : Un homme retrouv\u00e9 pendu dans une cellule d\u2019arr\u00eat \u00e0 Bir El-Hafay - Kapitalis","og_description":"Un homme a \u00e9t\u00e9 retrouv\u00e9 pendu, aujourd\u2019hui, dans une cellule d\u2019arr\u00eat au poste de la garde nationale \u00e0 Bir El-Hafay, une localit\u00e9 du gouvernorat de Sidi Bouzid (centre). L\u2019individu, \u00e2g\u00e9 d\u2019une cinquantaine d\u2019ann\u00e9es, connu des services de la police, avait \u00e9t\u00e9 arr\u00eat\u00e9 dans l\u2019apr\u00e8s midi du mardi 12 mai 2015. Il \u00e9tait recherch\u00e9 dans plusieurs...","og_url":"https:\/\/kapitalis.com\/tunisie\/2015\/05\/13\/sidi-bouzid-un-homme-retrouve-pendu-dans-une-cellule-darret-a-bir-el-hafay\/","og_site_name":"Kapitalis","article_publisher":"https:\/\/www.facebook.com\/KapitalisInfo\/","article_published_time":"2015-05-13T10:01:55+00:00","og_image":[{"url":"http:\/\/kapitalis.net\/wordpress\/wp-content\/uploads\/2015\/05\/cellule.jpg","type":"","width":"","height":""}],"author":"mounir","twitter_card":"summary_large_image","twitter_creator":"@KapitalisInfo","twitter_site":"@KapitalisInfo","twitter_misc":{"\u00c9crit par":"mounir","Dur\u00e9e de lecture estim\u00e9e":"1 minute"},"schema":{"@context":"https:\/\/schema.org","@graph":[{"@type":"Article","@id":"https:\/\/kapitalis.com\/tunisie\/2015\/05\/13\/sidi-bouzid-un-homme-retrouve-pendu-dans-une-cellule-darret-a-bir-el-hafay\/#article","isPartOf":{"@id":"https:\/\/kapitalis.com\/tunisie\/2015\/05\/13\/sidi-bouzid-un-homme-retrouve-pendu-dans-une-cellule-darret-a-bir-el-hafay\/"},"author":{"name":"mounir","@id":"https:\/\/kapitalis.com\/tunisie\/#\/schema\/person\/aa55121cdc1c0fa4794a24cff31f746f"},"headline":"Sidi Bouzid : Un homme retrouv\u00e9 pendu dans une cellule d\u2019arr\u00eat \u00e0 Bir El-Hafay","datePublished":"2015-05-13T10:01:55+00:00","mainEntityOfPage":{"@id":"https:\/\/kapitalis.com\/tunisie\/2015\/05\/13\/sidi-bouzid-un-homme-retrouve-pendu-dans-une-cellule-darret-a-bir-el-hafay\/"},"wordCount":152,"commentCount":0,"publisher":{"@id":"https:\/\/kapitalis.com\/tunisie\/#organization"},"image":{"@id":"https:\/\/kapitalis.com\/tunisie\/2015\/05\/13\/sidi-bouzid-un-homme-retrouve-pendu-dans-une-cellule-darret-a-bir-el-hafay\/#primaryimage"},"thumbnailUrl":"http:\/\/kapitalis.net\/wordpress\/wp-content\/uploads\/2015\/05\/cellule.jpg","keywords":["Sidi Bouzid","suicide"],"articleSection":["SOCIETE"],"inLanguage":"fr-FR","potentialAction":[{"@type":"CommentAction","name":"Comment","target":["https:\/\/kapitalis.com\/tunisie\/2015\/05\/13\/sidi-bouzid-un-homme-retrouve-pendu-dans-une-cellule-darret-a-bir-el-hafay\/#respond"]}]},{"@type":"WebPage","@id":"https:\/\/kapitalis.com\/tunisie\/2015\/05\/13\/sidi-bouzid-un-homme-retrouve-pendu-dans-une-cellule-darret-a-bir-el-hafay\/","url":"https:\/\/kapitalis.com\/tunisie\/2015\/05\/13\/sidi-bouzid-un-homme-retrouve-pendu-dans-une-cellule-darret-a-bir-el-hafay\/","name":"Sidi Bouzid : Un homme retrouv\u00e9 pendu dans une cellule d\u2019arr\u00eat \u00e0 Bir El-Hafay - Kapitalis","isPartOf":{"@id":"https:\/\/kapitalis.com\/tunisie\/#website"},"primaryImageOfPage":{"@id":"https:\/\/kapitalis.com\/tunisie\/2015\/05\/13\/sidi-bouzid-un-homme-retrouve-pendu-dans-une-cellule-darret-a-bir-el-hafay\/#primaryimage"},"image":{"@id":"https:\/\/kapitalis.com\/tunisie\/2015\/05\/13\/sidi-bouzid-un-homme-retrouve-pendu-dans-une-cellule-darret-a-bir-el-hafay\/#primaryimage"},"thumbnailUrl":"http:\/\/kapitalis.net\/wordpress\/wp-content\/uploads\/2015\/05\/cellule.jpg","datePublished":"2015-05-13T10:01:55+00:00","breadcrumb":{"@id":"https:\/\/kapitalis.com\/tunisie\/2015\/05\/13\/sidi-bouzid-un-homme-retrouve-pendu-dans-une-cellule-darret-a-bir-el-hafay\/#breadcrumb"},"inLanguage":"fr-FR","potentialAction":[{"@type":"ReadAction","target":["https:\/\/kapitalis.com\/tunisie\/2015\/05\/13\/sidi-bouzid-un-homme-retrouve-pendu-dans-une-cellule-darret-a-bir-el-hafay\/"]}]},{"@type":"ImageObject","inLanguage":"fr-FR","@id":"https:\/\/kapitalis.com\/tunisie\/2015\/05\/13\/sidi-bouzid-un-homme-retrouve-pendu-dans-une-cellule-darret-a-bir-el-hafay\/#primaryimage","url":"http:\/\/kapitalis.net\/wordpress\/wp-content\/uploads\/2015\/05\/cellule.jpg","contentUrl":"http:\/\/kapitalis.net\/wordpress\/wp-content\/uploads\/2015\/05\/cellule.jpg"},{"@type":"BreadcrumbList","@id":"https:\/\/kapitalis.com\/tunisie\/2015\/05\/13\/sidi-bouzid-un-homme-retrouve-pendu-dans-une-cellule-darret-a-bir-el-hafay\/#breadcrumb","itemListElement":[{"@type":"ListItem","position":1,"name":"Accueil","item":"https:\/\/kapitalis.com\/tunisie\/"},{"@type":"ListItem","position":2,"name":"Sidi Bouzid : Un homme retrouv\u00e9 pendu dans une cellule d\u2019arr\u00eat \u00e0 Bir El-Hafay"}]},{"@type":"WebSite","@id":"https:\/\/kapitalis.com\/tunisie\/#website","url":"https:\/\/kapitalis.com\/tunisie\/","name":"Kapitalis","description":"L&#039;actualit\u00e9 en Tunisie et dans le monde","publisher":{"@id":"https:\/\/kapitalis.com\/tunisie\/#organization"},"potentialAction":[{"@type":"SearchAction","target":{"@type":"EntryPoint","urlTemplate":"https:\/\/kapitalis.com\/tunisie\/?s={search_term_string}"},"query-input":{"@type":"PropertyValueSpecification","valueRequired":true,"valueName":"search_term_string"}}],"inLanguage":"fr-FR"},{"@type":"Organization","@id":"https:\/\/kapitalis.com\/tunisie\/#organization","name":"Kapitalis","url":"https:\/\/kapitalis.com\/tunisie\/","logo":{"@type":"ImageObject","inLanguage":"fr-FR","@id":"https:\/\/kapitalis.com\/tunisie\/#\/schema\/logo\/image\/","url":"https:\/\/kapitalis.com\/tunisie\/wp-content\/uploads\/2022\/05\/Kapitalis-big-size.png","contentUrl":"https:\/\/kapitalis.com\/tunisie\/wp-content\/uploads\/2022\/05\/Kapitalis-big-size.png","width":5000,"height":1500,"caption":"Kapitalis"},"image":{"@id":"https:\/\/kapitalis.com\/tunisie\/#\/schema\/logo\/image\/"},"sameAs":["https:\/\/www.facebook.com\/KapitalisInfo\/","https:\/\/x.com\/KapitalisInfo","https:\/\/www.youtube.com\/channel\/UC-yDYrHyfFBWWZaOw3FPg9Q"]},{"@type":"Person","@id":"https:\/\/kapitalis.com\/tunisie\/#\/schema\/person\/aa55121cdc1c0fa4794a24cff31f746f","name":"mounir","sameAs":["https:\/\/kapitalis.com\/tunisie"],"url":"https:\/\/kapitalis.com\/tunisie\/author\/mounir\/"}]}},"_links":{"self":[{"href":"https:\/\/kapitalis.com\/tunisie\/wp-json\/wp\/v2\/posts\/1599","targetHints":{"allow":["GET"]}}],"collection":[{"href":"https:\/\/kapitalis.com\/tunisie\/wp-json\/wp\/v2\/posts"}],"about":[{"href":"https:\/\/kapitalis.com\/tunisie\/wp-json\/wp\/v2\/types\/post"}],"author":[{"embeddable":true,"href":"https:\/\/kapitalis.com\/tunisie\/wp-json\/wp\/v2\/users\/1"}],"replies":[{"embeddable":true,"href":"https:\/\/kapitalis.com\/tunisie\/wp-json\/wp\/v2\/comments?post=1599"}],"version-history":[{"count":0,"href":"https:\/\/kapitalis.com\/tunisie\/wp-json\/wp\/v2\/posts\/1599\/revisions"}],"wp:attachment":[{"href":"https:\/\/kapitalis.com\/tunisie\/wp-json\/wp\/v2\/media?parent=1599"}],"wp:term":[{"taxonomy":"category","embeddable":true,"href":"https:\/\/kapitalis.com\/tunisie\/wp-json\/wp\/v2\/categories?post=1599"},{"taxonomy":"post_tag","embeddable":true,"href":"https:\/\/kapitalis.com\/tunisie\/wp-json\/wp\/v2\/tags?post=1599"}],"curies":[{"name":"wp","href":"https:\/\/api.w.org\/{rel}","templated":true}]}}