{"id":159947,"date":"2018-06-18T10:25:22","date_gmt":"2018-06-18T09:25:22","guid":{"rendered":"http:\/\/kapitalis.com\/tunisie\/?p=159947"},"modified":"2018-06-18T10:29:30","modified_gmt":"2018-06-18T09:29:30","slug":"libertes-et-egalite-appel-a-arreter-adel-almi-pour-incitation-au-meurtre","status":"publish","type":"post","link":"https:\/\/kapitalis.com\/tunisie\/2018\/06\/18\/libertes-et-egalite-appel-a-arreter-adel-almi-pour-incitation-au-meurtre\/","title":{"rendered":"Libert\u00e9s et \u00e9galit\u00e9 : Appel \u00e0 arr\u00eater Adel Almi pour incitation au meurtre"},"content":{"rendered":"<p style=\"text-align: center;\"><img loading=\"lazy\" decoding=\"async\" class=\"alignnone size-full wp-image-159964\" src=\"http:\/\/kapitalis.com\/tunisie\/wp-content\/uploads\/2018\/06\/Adel-Almi-Colibe-appels-au-meurtre-BBH.jpg\" alt=\"\" width=\"626\" height=\"380\" \/><\/p>\n<p><em><strong>Suite \u00e0 l\u2019appel au meurtre des membres de la Commission des libert\u00e9s individuelles et de l&rsquo;\u00e9galit\u00e9 (Colibe), lanc\u00e9 par l\u2019agitateur islamiste Adel Almi, les activistes de la soci\u00e9t\u00e9 civile appellent \u00e0 ce que ce dernier soit arr\u00eat\u00e9 et traduit en justice.<\/strong><\/em><!--more--><\/p>\n<p>Dans un post publi\u00e9 samedi 16 juin 2018, sur Facebook, l\u2019<a href=\"http:\/\/kapitalis.com\/tunisie\/2017\/07\/18\/adel-almi-lance-la-chasse-aux-buveurs-dalcool\/\">agitateur islamiste<\/a> a appel\u00e9 \u00e0 \u00ab<em>lapider, sur la place publique et jusqu\u2019\u00e0 la mort<\/em>\u00bb, les membres de la Colibe, pr\u00e9sid\u00e9e par la d\u00e9put\u00e9e Bochra Belhaj Hmida, pour \u00ab<em>purifier le pays et le nettoyer de leur souillure<\/em>\u00bb (sic\u00a0!), a-t-il \u00e9crit, dans ce qui s&rsquo;apparente \u00e0 un appel au meurtre, digne des terroristes de Daech.<\/p>\n<p>Plus de 48h se sont \u00e9coul\u00e9es et il n\u2019a toujours pas \u00e9t\u00e9 inqui\u00e9t\u00e9, ce qui a suscit\u00e9 la col\u00e8re des activistes politiques et de la soci\u00e9t\u00e9 civile qui appellent le minist\u00e8re public \u00e0 se r\u00e9veiller de sa torpeur et \u00e0 ordonner l&rsquo;arrestation de cet homme dangereux.<\/p>\n<p>Cet ancien vendeur de fruits et l\u00e9gumes, \u00e0 la solde de l&rsquo;ancien r\u00e9gime dictatorial, converti en pseudo-pr\u00e9dicateur religieux et activiste islamiste apr\u00e8s la r\u00e9volution tunisienne de janvier 2011, s\u2019est fait conna\u00eetre, jusque-l\u00e0, en harcelant les Tunisiens qui ne je\u00fbnent pas pendant le mois de ramadan. Et il n\u2019a jamais \u00e9t\u00e9 inqui\u00e9t\u00e9 par la justice pour ses abus et ses transgressions de la loi qui garantit les libert\u00e9s individuelles et notamment la libert\u00e9 de conscience.<\/p>\n<p style=\"text-align: right;\"><strong>Y. N.<\/strong><\/p>\n<blockquote class=\"wp-embedded-content\" data-secret=\"1bGNrLLxm3\"><p><a href=\"https:\/\/kapitalis.com\/tunisie\/2018\/05\/18\/qui-va-mettre-fin-aux-agissements-dun-tartuffe-nomme-adel-almi\/\">Qui va mettre fin aux agissements d\u2019un tartuffe nomm\u00e9 Adel Almi ?<\/a><\/p><\/blockquote>\n<p><iframe loading=\"lazy\" class=\"wp-embedded-content\" sandbox=\"allow-scripts\" security=\"restricted\" style=\"position: absolute; clip: rect(1px, 1px, 1px, 1px);\" title=\"\u00ab\u00a0Qui va mettre fin aux agissements d\u2019un tartuffe nomm\u00e9 Adel Almi ?\u00a0\u00bb &#8212; Kapitalis\" src=\"https:\/\/kapitalis.com\/tunisie\/2018\/05\/18\/qui-va-mettre-fin-aux-agissements-dun-tartuffe-nomme-adel-almi\/embed\/#?secret=F3Mw2Lh0ZH#?secret=1bGNrLLxm3\" data-secret=\"1bGNrLLxm3\" width=\"600\" height=\"338\" frameborder=\"0\" marginwidth=\"0\" marginheight=\"0\" scrolling=\"no\"><\/iframe><\/p>\n<blockquote class=\"wp-embedded-content\" data-secret=\"JvYBvSmjGF\"><p><a href=\"https:\/\/kapitalis.com\/tunisie\/2018\/03\/13\/homosexualite-adel-almi-persona-non-grata-en-france\/\">Homosexualit\u00e9 : Adel Almi persona non grata en France<\/a><\/p><\/blockquote>\n<p><iframe loading=\"lazy\" class=\"wp-embedded-content\" sandbox=\"allow-scripts\" security=\"restricted\" style=\"position: absolute; clip: rect(1px, 1px, 1px, 1px);\" title=\"\u00ab\u00a0Homosexualit\u00e9 : Adel Almi persona non grata en France\u00a0\u00bb &#8212; Kapitalis\" src=\"https:\/\/kapitalis.com\/tunisie\/2018\/03\/13\/homosexualite-adel-almi-persona-non-grata-en-france\/embed\/#?secret=bmzFgWFsWX#?secret=JvYBvSmjGF\" data-secret=\"JvYBvSmjGF\" width=\"600\" height=\"338\" frameborder=\"0\" marginwidth=\"0\" marginheight=\"0\" scrolling=\"no\"><\/iframe><\/p>\n","protected":false},"excerpt":{"rendered":"<p>Suite \u00e0 l\u2019appel au meurtre des membres de la Commission des libert\u00e9s individuelles et de l&rsquo;\u00e9galit\u00e9 (Colibe), lanc\u00e9 par l\u2019agitateur islamiste Adel Almi, les activistes de la soci\u00e9t\u00e9 civile appellent \u00e0 ce que ce dernier soit arr\u00eat\u00e9 et traduit en justice.<\/p>\n","protected":false},"author":6,"featured_media":159964,"comment_status":"open","ping_status":"open","sticky":false,"template":"","format":"standard","meta":{"footnotes":""},"categories":[997,2433],"tags":[16851,4576,40868,501,14101],"class_list":["post-159947","post","type-post","status-publish","format-standard","has-post-thumbnail","hentry","category-politique","category-tunisie","tag-adel-almi","tag-bochra-belhaj-hmida","tag-colibe","tag-islamiste","tag-libertes"],"yoast_head":"<!-- This site is optimized with the Yoast SEO plugin v26.6 - https:\/\/yoast.com\/wordpress\/plugins\/seo\/ -->\n<title>Libert\u00e9s et \u00e9galit\u00e9 : Appel \u00e0 arr\u00eater Adel Almi pour incitation au meurtre - Kapitalis<\/title>\n<meta name=\"robots\" content=\"index, follow, max-snippet:-1, max-image-preview:large, max-video-preview:-1\" \/>\n<link rel=\"canonical\" href=\"https:\/\/kapitalis.com\/tunisie\/2018\/06\/18\/libertes-et-egalite-appel-a-arreter-adel-almi-pour-incitation-au-meurtre\/\" \/>\n<meta property=\"og:locale\" content=\"fr_FR\" \/>\n<meta property=\"og:type\" content=\"article\" \/>\n<meta property=\"og:title\" content=\"Libert\u00e9s et \u00e9galit\u00e9 : Appel \u00e0 arr\u00eater Adel Almi pour incitation au meurtre - Kapitalis\" \/>\n<meta property=\"og:description\" content=\"Suite \u00e0 l\u2019appel au meurtre des membres de la Commission des libert\u00e9s individuelles et de l&rsquo;\u00e9galit\u00e9 (Colibe), lanc\u00e9 par l\u2019agitateur islamiste Adel Almi, les activistes de la soci\u00e9t\u00e9 civile appellent \u00e0 ce que ce dernier soit arr\u00eat\u00e9 et traduit en justice.\" \/>\n<meta property=\"og:url\" content=\"https:\/\/kapitalis.com\/tunisie\/2018\/06\/18\/libertes-et-egalite-appel-a-arreter-adel-almi-pour-incitation-au-meurtre\/\" \/>\n<meta property=\"og:site_name\" content=\"Kapitalis\" \/>\n<meta property=\"article:publisher\" content=\"https:\/\/www.facebook.com\/KapitalisInfo\/\" \/>\n<meta property=\"article:published_time\" content=\"2018-06-18T09:25:22+00:00\" \/>\n<meta property=\"article:modified_time\" content=\"2018-06-18T09:29:30+00:00\" \/>\n<meta property=\"og:image\" content=\"https:\/\/kapitalis.com\/tunisie\/wp-content\/uploads\/2022\/05\/kapitalis-logo-fb.png\" \/>\n\t<meta property=\"og:image:width\" content=\"1200\" \/>\n\t<meta property=\"og:image:height\" content=\"630\" \/>\n\t<meta property=\"og:image:type\" content=\"image\/png\" \/>\n<meta name=\"author\" content=\"Yusra NY\" \/>\n<meta name=\"twitter:card\" content=\"summary_large_image\" \/>\n<meta name=\"twitter:creator\" content=\"@KapitalisInfo\" \/>\n<meta name=\"twitter:site\" content=\"@KapitalisInfo\" \/>\n<meta name=\"twitter:label1\" content=\"\u00c9crit par\" \/>\n\t<meta name=\"twitter:data1\" content=\"Yusra NY\" \/>\n\t<meta name=\"twitter:label2\" content=\"Dur\u00e9e de lecture estim\u00e9e\" \/>\n\t<meta name=\"twitter:data2\" content=\"1 minute\" \/>\n<script type=\"application\/ld+json\" class=\"yoast-schema-graph\">{\"@context\":\"https:\/\/schema.org\",\"@graph\":[{\"@type\":\"Article\",\"@id\":\"https:\/\/kapitalis.com\/tunisie\/2018\/06\/18\/libertes-et-egalite-appel-a-arreter-adel-almi-pour-incitation-au-meurtre\/#article\",\"isPartOf\":{\"@id\":\"https:\/\/kapitalis.com\/tunisie\/2018\/06\/18\/libertes-et-egalite-appel-a-arreter-adel-almi-pour-incitation-au-meurtre\/\"},\"author\":{\"name\":\"Yusra NY\",\"@id\":\"https:\/\/kapitalis.com\/tunisie\/#\/schema\/person\/74bbde0154d49d790a92aaeac5bc01d5\"},\"headline\":\"Libert\u00e9s et \u00e9galit\u00e9 : Appel \u00e0 arr\u00eater Adel Almi pour incitation au meurtre\",\"datePublished\":\"2018-06-18T09:25:22+00:00\",\"dateModified\":\"2018-06-18T09:29:30+00:00\",\"mainEntityOfPage\":{\"@id\":\"https:\/\/kapitalis.com\/tunisie\/2018\/06\/18\/libertes-et-egalite-appel-a-arreter-adel-almi-pour-incitation-au-meurtre\/\"},\"wordCount\":268,\"commentCount\":5,\"publisher\":{\"@id\":\"https:\/\/kapitalis.com\/tunisie\/#organization\"},\"image\":{\"@id\":\"https:\/\/kapitalis.com\/tunisie\/2018\/06\/18\/libertes-et-egalite-appel-a-arreter-adel-almi-pour-incitation-au-meurtre\/#primaryimage\"},\"thumbnailUrl\":\"\",\"keywords\":[\"Adel Almi\",\"Bochra Belhaj Hmida\",\"Colibe\",\"islamiste\",\"libert\u00e9s\"],\"articleSection\":[\"POLITIQUE\",\"Tunisie\"],\"inLanguage\":\"fr-FR\",\"potentialAction\":[{\"@type\":\"CommentAction\",\"name\":\"Comment\",\"target\":[\"https:\/\/kapitalis.com\/tunisie\/2018\/06\/18\/libertes-et-egalite-appel-a-arreter-adel-almi-pour-incitation-au-meurtre\/#respond\"]}]},{\"@type\":\"WebPage\",\"@id\":\"https:\/\/kapitalis.com\/tunisie\/2018\/06\/18\/libertes-et-egalite-appel-a-arreter-adel-almi-pour-incitation-au-meurtre\/\",\"url\":\"https:\/\/kapitalis.com\/tunisie\/2018\/06\/18\/libertes-et-egalite-appel-a-arreter-adel-almi-pour-incitation-au-meurtre\/\",\"name\":\"Libert\u00e9s et \u00e9galit\u00e9 : Appel \u00e0 arr\u00eater Adel Almi pour incitation au meurtre - Kapitalis\",\"isPartOf\":{\"@id\":\"https:\/\/kapitalis.com\/tunisie\/#website\"},\"primaryImageOfPage\":{\"@id\":\"https:\/\/kapitalis.com\/tunisie\/2018\/06\/18\/libertes-et-egalite-appel-a-arreter-adel-almi-pour-incitation-au-meurtre\/#primaryimage\"},\"image\":{\"@id\":\"https:\/\/kapitalis.com\/tunisie\/2018\/06\/18\/libertes-et-egalite-appel-a-arreter-adel-almi-pour-incitation-au-meurtre\/#primaryimage\"},\"thumbnailUrl\":\"\",\"datePublished\":\"2018-06-18T09:25:22+00:00\",\"dateModified\":\"2018-06-18T09:29:30+00:00\",\"breadcrumb\":{\"@id\":\"https:\/\/kapitalis.com\/tunisie\/2018\/06\/18\/libertes-et-egalite-appel-a-arreter-adel-almi-pour-incitation-au-meurtre\/#breadcrumb\"},\"inLanguage\":\"fr-FR\",\"potentialAction\":[{\"@type\":\"ReadAction\",\"target\":[\"https:\/\/kapitalis.com\/tunisie\/2018\/06\/18\/libertes-et-egalite-appel-a-arreter-adel-almi-pour-incitation-au-meurtre\/\"]}]},{\"@type\":\"ImageObject\",\"inLanguage\":\"fr-FR\",\"@id\":\"https:\/\/kapitalis.com\/tunisie\/2018\/06\/18\/libertes-et-egalite-appel-a-arreter-adel-almi-pour-incitation-au-meurtre\/#primaryimage\",\"url\":\"\",\"contentUrl\":\"\"},{\"@type\":\"BreadcrumbList\",\"@id\":\"https:\/\/kapitalis.com\/tunisie\/2018\/06\/18\/libertes-et-egalite-appel-a-arreter-adel-almi-pour-incitation-au-meurtre\/#breadcrumb\",\"itemListElement\":[{\"@type\":\"ListItem\",\"position\":1,\"name\":\"Accueil\",\"item\":\"https:\/\/kapitalis.com\/tunisie\/\"},{\"@type\":\"ListItem\",\"position\":2,\"name\":\"Libert\u00e9s et \u00e9galit\u00e9 : Appel \u00e0 arr\u00eater Adel Almi pour incitation au meurtre\"}]},{\"@type\":\"WebSite\",\"@id\":\"https:\/\/kapitalis.com\/tunisie\/#website\",\"url\":\"https:\/\/kapitalis.com\/tunisie\/\",\"name\":\"Kapitalis\",\"description\":\"L&#039;actualit\u00e9 en Tunisie et dans le monde\",\"publisher\":{\"@id\":\"https:\/\/kapitalis.com\/tunisie\/#organization\"},\"potentialAction\":[{\"@type\":\"SearchAction\",\"target\":{\"@type\":\"EntryPoint\",\"urlTemplate\":\"https:\/\/kapitalis.com\/tunisie\/?s={search_term_string}\"},\"query-input\":{\"@type\":\"PropertyValueSpecification\",\"valueRequired\":true,\"valueName\":\"search_term_string\"}}],\"inLanguage\":\"fr-FR\"},{\"@type\":\"Organization\",\"@id\":\"https:\/\/kapitalis.com\/tunisie\/#organization\",\"name\":\"Kapitalis\",\"url\":\"https:\/\/kapitalis.com\/tunisie\/\",\"logo\":{\"@type\":\"ImageObject\",\"inLanguage\":\"fr-FR\",\"@id\":\"https:\/\/kapitalis.com\/tunisie\/#\/schema\/logo\/image\/\",\"url\":\"https:\/\/kapitalis.com\/tunisie\/wp-content\/uploads\/2022\/05\/Kapitalis-big-size.png\",\"contentUrl\":\"https:\/\/kapitalis.com\/tunisie\/wp-content\/uploads\/2022\/05\/Kapitalis-big-size.png\",\"width\":5000,\"height\":1500,\"caption\":\"Kapitalis\"},\"image\":{\"@id\":\"https:\/\/kapitalis.com\/tunisie\/#\/schema\/logo\/image\/\"},\"sameAs\":[\"https:\/\/www.facebook.com\/KapitalisInfo\/\",\"https:\/\/x.com\/KapitalisInfo\",\"https:\/\/www.youtube.com\/channel\/UC-yDYrHyfFBWWZaOw3FPg9Q\"]},{\"@type\":\"Person\",\"@id\":\"https:\/\/kapitalis.com\/tunisie\/#\/schema\/person\/74bbde0154d49d790a92aaeac5bc01d5\",\"name\":\"Yusra NY\",\"url\":\"https:\/\/kapitalis.com\/tunisie\/author\/yuza_adam\/\"}]}<\/script>\n<!-- \/ Yoast SEO plugin. -->","yoast_head_json":{"title":"Libert\u00e9s et \u00e9galit\u00e9 : Appel \u00e0 arr\u00eater Adel Almi pour incitation au meurtre - Kapitalis","robots":{"index":"index","follow":"follow","max-snippet":"max-snippet:-1","max-image-preview":"max-image-preview:large","max-video-preview":"max-video-preview:-1"},"canonical":"https:\/\/kapitalis.com\/tunisie\/2018\/06\/18\/libertes-et-egalite-appel-a-arreter-adel-almi-pour-incitation-au-meurtre\/","og_locale":"fr_FR","og_type":"article","og_title":"Libert\u00e9s et \u00e9galit\u00e9 : Appel \u00e0 arr\u00eater Adel Almi pour incitation au meurtre - Kapitalis","og_description":"Suite \u00e0 l\u2019appel au meurtre des membres de la Commission des libert\u00e9s individuelles et de l&rsquo;\u00e9galit\u00e9 (Colibe), lanc\u00e9 par l\u2019agitateur islamiste Adel Almi, les activistes de la soci\u00e9t\u00e9 civile appellent \u00e0 ce que ce dernier soit arr\u00eat\u00e9 et traduit en justice.","og_url":"https:\/\/kapitalis.com\/tunisie\/2018\/06\/18\/libertes-et-egalite-appel-a-arreter-adel-almi-pour-incitation-au-meurtre\/","og_site_name":"Kapitalis","article_publisher":"https:\/\/www.facebook.com\/KapitalisInfo\/","article_published_time":"2018-06-18T09:25:22+00:00","article_modified_time":"2018-06-18T09:29:30+00:00","og_image":[{"width":1200,"height":630,"url":"https:\/\/kapitalis.com\/tunisie\/wp-content\/uploads\/2022\/05\/kapitalis-logo-fb.png","type":"image\/png"}],"author":"Yusra NY","twitter_card":"summary_large_image","twitter_creator":"@KapitalisInfo","twitter_site":"@KapitalisInfo","twitter_misc":{"\u00c9crit par":"Yusra NY","Dur\u00e9e de lecture estim\u00e9e":"1 minute"},"schema":{"@context":"https:\/\/schema.org","@graph":[{"@type":"Article","@id":"https:\/\/kapitalis.com\/tunisie\/2018\/06\/18\/libertes-et-egalite-appel-a-arreter-adel-almi-pour-incitation-au-meurtre\/#article","isPartOf":{"@id":"https:\/\/kapitalis.com\/tunisie\/2018\/06\/18\/libertes-et-egalite-appel-a-arreter-adel-almi-pour-incitation-au-meurtre\/"},"author":{"name":"Yusra NY","@id":"https:\/\/kapitalis.com\/tunisie\/#\/schema\/person\/74bbde0154d49d790a92aaeac5bc01d5"},"headline":"Libert\u00e9s et \u00e9galit\u00e9 : Appel \u00e0 arr\u00eater Adel Almi pour incitation au meurtre","datePublished":"2018-06-18T09:25:22+00:00","dateModified":"2018-06-18T09:29:30+00:00","mainEntityOfPage":{"@id":"https:\/\/kapitalis.com\/tunisie\/2018\/06\/18\/libertes-et-egalite-appel-a-arreter-adel-almi-pour-incitation-au-meurtre\/"},"wordCount":268,"commentCount":5,"publisher":{"@id":"https:\/\/kapitalis.com\/tunisie\/#organization"},"image":{"@id":"https:\/\/kapitalis.com\/tunisie\/2018\/06\/18\/libertes-et-egalite-appel-a-arreter-adel-almi-pour-incitation-au-meurtre\/#primaryimage"},"thumbnailUrl":"","keywords":["Adel Almi","Bochra Belhaj Hmida","Colibe","islamiste","libert\u00e9s"],"articleSection":["POLITIQUE","Tunisie"],"inLanguage":"fr-FR","potentialAction":[{"@type":"CommentAction","name":"Comment","target":["https:\/\/kapitalis.com\/tunisie\/2018\/06\/18\/libertes-et-egalite-appel-a-arreter-adel-almi-pour-incitation-au-meurtre\/#respond"]}]},{"@type":"WebPage","@id":"https:\/\/kapitalis.com\/tunisie\/2018\/06\/18\/libertes-et-egalite-appel-a-arreter-adel-almi-pour-incitation-au-meurtre\/","url":"https:\/\/kapitalis.com\/tunisie\/2018\/06\/18\/libertes-et-egalite-appel-a-arreter-adel-almi-pour-incitation-au-meurtre\/","name":"Libert\u00e9s et \u00e9galit\u00e9 : Appel \u00e0 arr\u00eater Adel Almi pour incitation au meurtre - Kapitalis","isPartOf":{"@id":"https:\/\/kapitalis.com\/tunisie\/#website"},"primaryImageOfPage":{"@id":"https:\/\/kapitalis.com\/tunisie\/2018\/06\/18\/libertes-et-egalite-appel-a-arreter-adel-almi-pour-incitation-au-meurtre\/#primaryimage"},"image":{"@id":"https:\/\/kapitalis.com\/tunisie\/2018\/06\/18\/libertes-et-egalite-appel-a-arreter-adel-almi-pour-incitation-au-meurtre\/#primaryimage"},"thumbnailUrl":"","datePublished":"2018-06-18T09:25:22+00:00","dateModified":"2018-06-18T09:29:30+00:00","breadcrumb":{"@id":"https:\/\/kapitalis.com\/tunisie\/2018\/06\/18\/libertes-et-egalite-appel-a-arreter-adel-almi-pour-incitation-au-meurtre\/#breadcrumb"},"inLanguage":"fr-FR","potentialAction":[{"@type":"ReadAction","target":["https:\/\/kapitalis.com\/tunisie\/2018\/06\/18\/libertes-et-egalite-appel-a-arreter-adel-almi-pour-incitation-au-meurtre\/"]}]},{"@type":"ImageObject","inLanguage":"fr-FR","@id":"https:\/\/kapitalis.com\/tunisie\/2018\/06\/18\/libertes-et-egalite-appel-a-arreter-adel-almi-pour-incitation-au-meurtre\/#primaryimage","url":"","contentUrl":""},{"@type":"BreadcrumbList","@id":"https:\/\/kapitalis.com\/tunisie\/2018\/06\/18\/libertes-et-egalite-appel-a-arreter-adel-almi-pour-incitation-au-meurtre\/#breadcrumb","itemListElement":[{"@type":"ListItem","position":1,"name":"Accueil","item":"https:\/\/kapitalis.com\/tunisie\/"},{"@type":"ListItem","position":2,"name":"Libert\u00e9s et \u00e9galit\u00e9 : Appel \u00e0 arr\u00eater Adel Almi pour incitation au meurtre"}]},{"@type":"WebSite","@id":"https:\/\/kapitalis.com\/tunisie\/#website","url":"https:\/\/kapitalis.com\/tunisie\/","name":"Kapitalis","description":"L&#039;actualit\u00e9 en Tunisie et dans le monde","publisher":{"@id":"https:\/\/kapitalis.com\/tunisie\/#organization"},"potentialAction":[{"@type":"SearchAction","target":{"@type":"EntryPoint","urlTemplate":"https:\/\/kapitalis.com\/tunisie\/?s={search_term_string}"},"query-input":{"@type":"PropertyValueSpecification","valueRequired":true,"valueName":"search_term_string"}}],"inLanguage":"fr-FR"},{"@type":"Organization","@id":"https:\/\/kapitalis.com\/tunisie\/#organization","name":"Kapitalis","url":"https:\/\/kapitalis.com\/tunisie\/","logo":{"@type":"ImageObject","inLanguage":"fr-FR","@id":"https:\/\/kapitalis.com\/tunisie\/#\/schema\/logo\/image\/","url":"https:\/\/kapitalis.com\/tunisie\/wp-content\/uploads\/2022\/05\/Kapitalis-big-size.png","contentUrl":"https:\/\/kapitalis.com\/tunisie\/wp-content\/uploads\/2022\/05\/Kapitalis-big-size.png","width":5000,"height":1500,"caption":"Kapitalis"},"image":{"@id":"https:\/\/kapitalis.com\/tunisie\/#\/schema\/logo\/image\/"},"sameAs":["https:\/\/www.facebook.com\/KapitalisInfo\/","https:\/\/x.com\/KapitalisInfo","https:\/\/www.youtube.com\/channel\/UC-yDYrHyfFBWWZaOw3FPg9Q"]},{"@type":"Person","@id":"https:\/\/kapitalis.com\/tunisie\/#\/schema\/person\/74bbde0154d49d790a92aaeac5bc01d5","name":"Yusra NY","url":"https:\/\/kapitalis.com\/tunisie\/author\/yuza_adam\/"}]}},"_links":{"self":[{"href":"https:\/\/kapitalis.com\/tunisie\/wp-json\/wp\/v2\/posts\/159947","targetHints":{"allow":["GET"]}}],"collection":[{"href":"https:\/\/kapitalis.com\/tunisie\/wp-json\/wp\/v2\/posts"}],"about":[{"href":"https:\/\/kapitalis.com\/tunisie\/wp-json\/wp\/v2\/types\/post"}],"author":[{"embeddable":true,"href":"https:\/\/kapitalis.com\/tunisie\/wp-json\/wp\/v2\/users\/6"}],"replies":[{"embeddable":true,"href":"https:\/\/kapitalis.com\/tunisie\/wp-json\/wp\/v2\/comments?post=159947"}],"version-history":[{"count":0,"href":"https:\/\/kapitalis.com\/tunisie\/wp-json\/wp\/v2\/posts\/159947\/revisions"}],"wp:featuredmedia":[{"embeddable":true,"href":"https:\/\/kapitalis.com\/tunisie\/wp-json\/wp\/v2\/media\/159964"}],"wp:attachment":[{"href":"https:\/\/kapitalis.com\/tunisie\/wp-json\/wp\/v2\/media?parent=159947"}],"wp:term":[{"taxonomy":"category","embeddable":true,"href":"https:\/\/kapitalis.com\/tunisie\/wp-json\/wp\/v2\/categories?post=159947"},{"taxonomy":"post_tag","embeddable":true,"href":"https:\/\/kapitalis.com\/tunisie\/wp-json\/wp\/v2\/tags?post=159947"}],"curies":[{"name":"wp","href":"https:\/\/api.w.org\/{rel}","templated":true}]}}