{"id":16002868,"date":"2025-03-28T10:41:18","date_gmt":"2025-03-28T09:41:18","guid":{"rendered":"https:\/\/kapitalis.com\/tunisie\/?p=16002868"},"modified":"2025-03-28T10:46:05","modified_gmt":"2025-03-28T09:46:05","slug":"tunisie-le-dossier-des-biens-confisques-fait-du-surplace","status":"publish","type":"post","link":"https:\/\/kapitalis.com\/tunisie\/2025\/03\/28\/tunisie-le-dossier-des-biens-confisques-fait-du-surplace\/","title":{"rendered":"Tunisie | Le dossier des biens spoli\u00e9s fait du surplace"},"content":{"rendered":"\n<p><strong><em>Nous autres Tunisiens sommes capables de nous noyer dans un verre d\u2019eau. Nous sommes tr\u00e8s forts quand il s\u2019agit de soulever les probl\u00e8mes, mais incapables de les solutionner. Forts en th\u00e9orie, nuls en pratique. Grognards \u00e0 souhait, mais si peu productifs. Les r\u00e9alisations, les progr\u00e8s et les conqu\u00eates ce n\u2019est pas pour nous. Et ce n&rsquo;est surtout pas pour demain la veille.<\/em><\/strong><\/p>\n\n\n\n<p><strong>Imed Bahri<\/strong><\/p>\n\n\n\n<!--more-->\n\n\n\n<p>C\u2019est ainsi que nous ne cessons depuis la chute du r\u00e9gime de Ben Ali en 2011 de crier aux voleurs, aux corrompus et aux corrupteurs, et de compter l\u2019argent suppos\u00e9 avoir \u00e9t\u00e9 d\u00e9rob\u00e9 \u00e0 l\u2019Etat dans des op\u00e9rations ill\u00e9gales, sans avancer d\u2019un iota dans le processus de restitution des avoirs ainsi spoli\u00e9s.<\/p>\n\n\n\n<p>Trois pr\u00e9sidents, douze gouvernements et plusieurs dizaines de r\u00e9unions consacr\u00e9es au sujet plus tard, nous en sommes encore presque au point de d\u00e9part. Chaque nouveau chef de gouvernement tient un conseil minist\u00e9riel ou deux ou trois consacr\u00e9s \u00e0 <em>\u00abl\u2019examen des mesures relatives \u00e0 la confiscation, \u00e0 la r\u00e9cup\u00e9ration et \u00e0 la gestion des biens mal acquis et issus de la corruption\u00bb<\/em>, des mesures sont annonc\u00e9es et des promesses faites pour acc\u00e9l\u00e9rer le processus. Et vous allez voir ce que vous allez entendre&nbsp;! Puis, quelques ann\u00e9es plus tard, on se retrouve de nouveau au point mort\u2026 \u00e0 r\u00e9p\u00e9ter les m\u00eames <em>wishful thinking<\/em>.<\/p>\n\n\n\n<h2 class=\"wp-block-heading\">L\u2019art de faire du surplace<\/h2>\n\n\n\n<p>C\u2019est ainsi donc que ce sujet a \u00e9t\u00e9 au centre de l\u2019un des premiers conseils des ministres pr\u00e9sid\u00e9s par la nouvelle cheffe du gouvernement, Sarra Zaafrani Zenzeri, mercredi 26 mars 2025.<\/p>\n\n\n\n<p>Selon un communiqu\u00e9, la nouvelle locataire du palais de la Kasbah, <em>\u00aba insist\u00e9 sur l\u2019urgence d\u2019acc\u00e9l\u00e9rer les travaux des commissions charg\u00e9es de ce dossier, soulignant l\u2019imp\u00e9ratif de garantir le droit de l\u2019\u00c9tat \u00e0 r\u00e9cup\u00e9rer ses biens.\u00bb<\/em><\/p>\n\n\n\n<p><em>\u00abElle a \u00e9galement appel\u00e9 \u00e0 mettre en \u0153uvre les recommandations du pr\u00e9sident Ka\u00efs Sa\u00efed en vue d\u2019une solution d\u00e9finitive et efficace concernant les fonds confisqu\u00e9s\u00bb<\/em>, a-t-elle ajout\u00e9.<\/p>\n\n\n\n<p>\u00c9taient pr\u00e9sents \u00e0 cette r\u00e9union, le ministre des Affaires \u00e9trang\u00e8res, de la Migration et des Tunisiens \u00e0 l\u2019\u00e9tranger, Mohamed Ali Nafti, la ministre des Finances, Michket Slama Khaldi, le ministre des Domaines de l\u2019\u00c9tat et des Affaires fonci\u00e8res, Wajdi Hedhili, ainsi que le secr\u00e9taire d\u2019\u00c9tat aupr\u00e8s du ministre des Affaires \u00e9trang\u00e8res, Mohamed Ben Ayed, indique le m\u00eame communiqu\u00e9. Qui ajoute&nbsp;: <em>\u00abLa cheffe du gouvernement a plaid\u00e9 pour une mobilisation totale afin de restituer les fonds d\u00e9tourn\u00e9s, g\u00e9rer de mani\u00e8re optimale les biens confisqu\u00e9s et en maximiser l\u2019exploitation.\u00bb<\/em><\/p>\n\n\n\n<h2 class=\"wp-block-heading\">Un pays bloqu\u00e9<\/h2>\n\n\n\n<p><em>\u00abCes biens appartiennent \u00e0 la collectivit\u00e9 nationale et au peuple tunisien\u00bb<\/em>, a-t-elle rappel\u00e9, au cas o\u00f9 nous l\u2019aurions oubli\u00e9, r\u00e9affirmant que la pr\u00e9sidence du gouvernement et toutes les structures concern\u00e9es suivent rigoureusement ce dossier.<\/p>\n\n\n\n<p>Dire que ces propos sonnent \u00e0 nos oreilles comme des redites est un pl\u00e9onasme. On remarquera aussi qu\u2019\u00e0 l\u2019instar de ses pr\u00e9d\u00e9cesseurs, Mme Zaafrani Zenzeri n\u2019a rien apport\u00e9 de nouveau, a r\u00e9p\u00e9t\u00e9 des propos d\u00e9j\u00e0 entendus maintes fois, ne s\u2019est engag\u00e9e en rien, ni annonc\u00e9 la moindre mesure ou le moindre agenda. <\/p>\n\n\n\n<p>Dire aussi que dans un an ou deux ou trois, le prochain chef de gouvernement reprendra la m\u00eame rengaine ne choquera personne. On ne demande d\u2019ailleurs qu\u2019\u00e0 \u00eatre d\u00e9menti&nbsp;: c\u2019est notre plus ardent souhait. Car dans un pays bloqu\u00e9 comme le n\u00f4tre, le moindre dossier qui bouge et qui conna\u00eet un d\u00e9but de r\u00e9solution fera notre bonheur.<\/p>\n\n\n\n<figure class=\"wp-block-embed is-type-wp-embed is-provider-kapitalis wp-block-embed-kapitalis\"><div class=\"wp-block-embed__wrapper\">\n<blockquote class=\"wp-embedded-content\" data-secret=\"dt00jm4U64\"><a href=\"https:\/\/kapitalis.com\/tunisie\/2022\/10\/29\/la-tunisie-et-la-malediction-de-ben-ali\/\">La Tunisie et la mal\u00e9diction de Ben Ali<\/a><\/blockquote><iframe loading=\"lazy\" class=\"wp-embedded-content\" sandbox=\"allow-scripts\" security=\"restricted\" style=\"position: absolute; visibility: hidden;\" title=\"\u00ab\u00a0La Tunisie et la mal\u00e9diction de Ben Ali\u00a0\u00bb &#8212; Kapitalis\" src=\"https:\/\/kapitalis.com\/tunisie\/2022\/10\/29\/la-tunisie-et-la-malediction-de-ben-ali\/embed\/#?secret=75Nc1Atq9q#?secret=dt00jm4U64\" data-secret=\"dt00jm4U64\" width=\"600\" height=\"338\" frameborder=\"0\" marginwidth=\"0\" marginheight=\"0\" scrolling=\"no\"><\/iframe>\n<\/div><\/figure>\n","protected":false},"excerpt":{"rendered":"<p>Nous autres Tunisiens, nous ne cessons depuis 2011 de crier aux voleurs&#8230; sans avancer d&rsquo;un iota dans la r\u00e9cup\u00e9ration des avoirs ainsi spoli\u00e9s. <\/p>\n","protected":false},"author":8,"featured_media":16002957,"comment_status":"open","ping_status":"open","sticky":false,"template":"","format":"standard","meta":{"footnotes":""},"categories":[992,995,997,2433],"tags":[2292,147,76012,120591,73960,116433,102139,62643,117873],"class_list":["post-16002868","post","type-post","status-publish","format-standard","has-post-thumbnail","hentry","category-a-la-une","category-economie","category-politique","category-tunisie","tag-avoirs-spolies","tag-biens-confisques","tag-kais-saied-2","tag-michket-slama-khaldi","tag-mohamed-ali-nafti","tag-mohamed-ben-ayed","tag-sarra-zaafrani-zenzeri","tag-tunisie","tag-wajdi-hedhili"],"yoast_head":"<!-- This site is optimized with the Yoast SEO plugin v26.6 - https:\/\/yoast.com\/wordpress\/plugins\/seo\/ -->\n<title>Tunisie | Le dossier des biens spoli\u00e9s fait du surplace - Kapitalis<\/title>\n<meta name=\"robots\" content=\"index, follow, max-snippet:-1, max-image-preview:large, max-video-preview:-1\" \/>\n<link rel=\"canonical\" href=\"https:\/\/kapitalis.com\/tunisie\/2025\/03\/28\/tunisie-le-dossier-des-biens-confisques-fait-du-surplace\/\" \/>\n<meta property=\"og:locale\" content=\"fr_FR\" \/>\n<meta property=\"og:type\" content=\"article\" \/>\n<meta property=\"og:title\" content=\"Tunisie | Le dossier des biens spoli\u00e9s fait du surplace - Kapitalis\" \/>\n<meta property=\"og:description\" content=\"Nous autres Tunisiens, nous ne cessons depuis 2011 de crier aux voleurs... sans avancer d&#039;un iota dans la r\u00e9cup\u00e9ration des avoirs ainsi spoli\u00e9s.\" \/>\n<meta property=\"og:url\" content=\"https:\/\/kapitalis.com\/tunisie\/2025\/03\/28\/tunisie-le-dossier-des-biens-confisques-fait-du-surplace\/\" \/>\n<meta property=\"og:site_name\" content=\"Kapitalis\" \/>\n<meta property=\"article:publisher\" content=\"https:\/\/www.facebook.com\/KapitalisInfo\/\" \/>\n<meta property=\"article:published_time\" content=\"2025-03-28T09:41:18+00:00\" \/>\n<meta property=\"article:modified_time\" content=\"2025-03-28T09:46:05+00:00\" \/>\n<meta property=\"og:image\" content=\"https:\/\/kapitalis.com\/tunisie\/wp-content\/uploads\/2025\/03\/Sarra-Zaafrani-Zenzeri-Biens-spolies.jpg\" \/>\n\t<meta property=\"og:image:width\" content=\"1200\" \/>\n\t<meta property=\"og:image:height\" content=\"630\" \/>\n\t<meta property=\"og:image:type\" content=\"image\/jpeg\" \/>\n<meta name=\"author\" content=\"webmaster kapitalis\" \/>\n<meta name=\"twitter:card\" content=\"summary_large_image\" \/>\n<meta name=\"twitter:creator\" content=\"@KapitalisInfo\" \/>\n<meta name=\"twitter:site\" content=\"@KapitalisInfo\" \/>\n<meta name=\"twitter:label1\" content=\"\u00c9crit par\" \/>\n\t<meta name=\"twitter:data1\" content=\"webmaster kapitalis\" \/>\n\t<meta name=\"twitter:label2\" content=\"Dur\u00e9e de lecture estim\u00e9e\" \/>\n\t<meta name=\"twitter:data2\" content=\"4 minutes\" \/>\n<script type=\"application\/ld+json\" class=\"yoast-schema-graph\">{\"@context\":\"https:\/\/schema.org\",\"@graph\":[{\"@type\":\"Article\",\"@id\":\"https:\/\/kapitalis.com\/tunisie\/2025\/03\/28\/tunisie-le-dossier-des-biens-confisques-fait-du-surplace\/#article\",\"isPartOf\":{\"@id\":\"https:\/\/kapitalis.com\/tunisie\/2025\/03\/28\/tunisie-le-dossier-des-biens-confisques-fait-du-surplace\/\"},\"author\":{\"name\":\"webmaster kapitalis\",\"@id\":\"https:\/\/kapitalis.com\/tunisie\/#\/schema\/person\/d71f33a9ca44f7bad4698210b480c8e9\"},\"headline\":\"Tunisie | Le dossier des biens spoli\u00e9s fait du surplace\",\"datePublished\":\"2025-03-28T09:41:18+00:00\",\"dateModified\":\"2025-03-28T09:46:05+00:00\",\"mainEntityOfPage\":{\"@id\":\"https:\/\/kapitalis.com\/tunisie\/2025\/03\/28\/tunisie-le-dossier-des-biens-confisques-fait-du-surplace\/\"},\"wordCount\":645,\"commentCount\":1,\"publisher\":{\"@id\":\"https:\/\/kapitalis.com\/tunisie\/#organization\"},\"image\":{\"@id\":\"https:\/\/kapitalis.com\/tunisie\/2025\/03\/28\/tunisie-le-dossier-des-biens-confisques-fait-du-surplace\/#primaryimage\"},\"thumbnailUrl\":\"https:\/\/kapitalis.com\/tunisie\/wp-content\/uploads\/2025\/03\/Sarra-Zaafrani-Zenzeri-Biens-spolies.jpg\",\"keywords\":[\"avoirs spoli\u00e9s\",\"biens confisqu\u00e9s\",\"Ka\u00efs Sa\u00efed\",\"Michket Slama Khaldi\",\"mohamed ali Nafti\",\"Mohamed Ben Ayed\",\"Sarra Zaafrani Zenzeri\",\"Tunisie\",\"Wajdi Hedhili\"],\"articleSection\":[\"A LA UNE\",\"ECONOMIE\",\"POLITIQUE\",\"Tunisie\"],\"inLanguage\":\"fr-FR\",\"potentialAction\":[{\"@type\":\"CommentAction\",\"name\":\"Comment\",\"target\":[\"https:\/\/kapitalis.com\/tunisie\/2025\/03\/28\/tunisie-le-dossier-des-biens-confisques-fait-du-surplace\/#respond\"]}]},{\"@type\":\"WebPage\",\"@id\":\"https:\/\/kapitalis.com\/tunisie\/2025\/03\/28\/tunisie-le-dossier-des-biens-confisques-fait-du-surplace\/\",\"url\":\"https:\/\/kapitalis.com\/tunisie\/2025\/03\/28\/tunisie-le-dossier-des-biens-confisques-fait-du-surplace\/\",\"name\":\"Tunisie | Le dossier des biens spoli\u00e9s fait du surplace - Kapitalis\",\"isPartOf\":{\"@id\":\"https:\/\/kapitalis.com\/tunisie\/#website\"},\"primaryImageOfPage\":{\"@id\":\"https:\/\/kapitalis.com\/tunisie\/2025\/03\/28\/tunisie-le-dossier-des-biens-confisques-fait-du-surplace\/#primaryimage\"},\"image\":{\"@id\":\"https:\/\/kapitalis.com\/tunisie\/2025\/03\/28\/tunisie-le-dossier-des-biens-confisques-fait-du-surplace\/#primaryimage\"},\"thumbnailUrl\":\"https:\/\/kapitalis.com\/tunisie\/wp-content\/uploads\/2025\/03\/Sarra-Zaafrani-Zenzeri-Biens-spolies.jpg\",\"datePublished\":\"2025-03-28T09:41:18+00:00\",\"dateModified\":\"2025-03-28T09:46:05+00:00\",\"breadcrumb\":{\"@id\":\"https:\/\/kapitalis.com\/tunisie\/2025\/03\/28\/tunisie-le-dossier-des-biens-confisques-fait-du-surplace\/#breadcrumb\"},\"inLanguage\":\"fr-FR\",\"potentialAction\":[{\"@type\":\"ReadAction\",\"target\":[\"https:\/\/kapitalis.com\/tunisie\/2025\/03\/28\/tunisie-le-dossier-des-biens-confisques-fait-du-surplace\/\"]}]},{\"@type\":\"ImageObject\",\"inLanguage\":\"fr-FR\",\"@id\":\"https:\/\/kapitalis.com\/tunisie\/2025\/03\/28\/tunisie-le-dossier-des-biens-confisques-fait-du-surplace\/#primaryimage\",\"url\":\"https:\/\/kapitalis.com\/tunisie\/wp-content\/uploads\/2025\/03\/Sarra-Zaafrani-Zenzeri-Biens-spolies.jpg\",\"contentUrl\":\"https:\/\/kapitalis.com\/tunisie\/wp-content\/uploads\/2025\/03\/Sarra-Zaafrani-Zenzeri-Biens-spolies.jpg\",\"width\":1200,\"height\":630},{\"@type\":\"BreadcrumbList\",\"@id\":\"https:\/\/kapitalis.com\/tunisie\/2025\/03\/28\/tunisie-le-dossier-des-biens-confisques-fait-du-surplace\/#breadcrumb\",\"itemListElement\":[{\"@type\":\"ListItem\",\"position\":1,\"name\":\"Accueil\",\"item\":\"https:\/\/kapitalis.com\/tunisie\/\"},{\"@type\":\"ListItem\",\"position\":2,\"name\":\"Tunisie | Le dossier des biens spoli\u00e9s fait du surplace\"}]},{\"@type\":\"WebSite\",\"@id\":\"https:\/\/kapitalis.com\/tunisie\/#website\",\"url\":\"https:\/\/kapitalis.com\/tunisie\/\",\"name\":\"Kapitalis\",\"description\":\"L&#039;actualit\u00e9 en Tunisie et dans le monde\",\"publisher\":{\"@id\":\"https:\/\/kapitalis.com\/tunisie\/#organization\"},\"potentialAction\":[{\"@type\":\"SearchAction\",\"target\":{\"@type\":\"EntryPoint\",\"urlTemplate\":\"https:\/\/kapitalis.com\/tunisie\/?s={search_term_string}\"},\"query-input\":{\"@type\":\"PropertyValueSpecification\",\"valueRequired\":true,\"valueName\":\"search_term_string\"}}],\"inLanguage\":\"fr-FR\"},{\"@type\":\"Organization\",\"@id\":\"https:\/\/kapitalis.com\/tunisie\/#organization\",\"name\":\"Kapitalis\",\"url\":\"https:\/\/kapitalis.com\/tunisie\/\",\"logo\":{\"@type\":\"ImageObject\",\"inLanguage\":\"fr-FR\",\"@id\":\"https:\/\/kapitalis.com\/tunisie\/#\/schema\/logo\/image\/\",\"url\":\"https:\/\/kapitalis.com\/tunisie\/wp-content\/uploads\/2022\/05\/Kapitalis-big-size.png\",\"contentUrl\":\"https:\/\/kapitalis.com\/tunisie\/wp-content\/uploads\/2022\/05\/Kapitalis-big-size.png\",\"width\":5000,\"height\":1500,\"caption\":\"Kapitalis\"},\"image\":{\"@id\":\"https:\/\/kapitalis.com\/tunisie\/#\/schema\/logo\/image\/\"},\"sameAs\":[\"https:\/\/www.facebook.com\/KapitalisInfo\/\",\"https:\/\/x.com\/KapitalisInfo\",\"https:\/\/www.youtube.com\/channel\/UC-yDYrHyfFBWWZaOw3FPg9Q\"]},{\"@type\":\"Person\",\"@id\":\"https:\/\/kapitalis.com\/tunisie\/#\/schema\/person\/d71f33a9ca44f7bad4698210b480c8e9\",\"name\":\"webmaster kapitalis\",\"url\":\"https:\/\/kapitalis.com\/tunisie\/author\/webmaster-kapitalis\/\"}]}<\/script>\n<!-- \/ Yoast SEO plugin. -->","yoast_head_json":{"title":"Tunisie | Le dossier des biens spoli\u00e9s fait du surplace - Kapitalis","robots":{"index":"index","follow":"follow","max-snippet":"max-snippet:-1","max-image-preview":"max-image-preview:large","max-video-preview":"max-video-preview:-1"},"canonical":"https:\/\/kapitalis.com\/tunisie\/2025\/03\/28\/tunisie-le-dossier-des-biens-confisques-fait-du-surplace\/","og_locale":"fr_FR","og_type":"article","og_title":"Tunisie | Le dossier des biens spoli\u00e9s fait du surplace - Kapitalis","og_description":"Nous autres Tunisiens, nous ne cessons depuis 2011 de crier aux voleurs... sans avancer d'un iota dans la r\u00e9cup\u00e9ration des avoirs ainsi spoli\u00e9s.","og_url":"https:\/\/kapitalis.com\/tunisie\/2025\/03\/28\/tunisie-le-dossier-des-biens-confisques-fait-du-surplace\/","og_site_name":"Kapitalis","article_publisher":"https:\/\/www.facebook.com\/KapitalisInfo\/","article_published_time":"2025-03-28T09:41:18+00:00","article_modified_time":"2025-03-28T09:46:05+00:00","og_image":[{"width":1200,"height":630,"url":"https:\/\/kapitalis.com\/tunisie\/wp-content\/uploads\/2025\/03\/Sarra-Zaafrani-Zenzeri-Biens-spolies.jpg","type":"image\/jpeg"}],"author":"webmaster kapitalis","twitter_card":"summary_large_image","twitter_creator":"@KapitalisInfo","twitter_site":"@KapitalisInfo","twitter_misc":{"\u00c9crit par":"webmaster kapitalis","Dur\u00e9e de lecture estim\u00e9e":"4 minutes"},"schema":{"@context":"https:\/\/schema.org","@graph":[{"@type":"Article","@id":"https:\/\/kapitalis.com\/tunisie\/2025\/03\/28\/tunisie-le-dossier-des-biens-confisques-fait-du-surplace\/#article","isPartOf":{"@id":"https:\/\/kapitalis.com\/tunisie\/2025\/03\/28\/tunisie-le-dossier-des-biens-confisques-fait-du-surplace\/"},"author":{"name":"webmaster kapitalis","@id":"https:\/\/kapitalis.com\/tunisie\/#\/schema\/person\/d71f33a9ca44f7bad4698210b480c8e9"},"headline":"Tunisie | Le dossier des biens spoli\u00e9s fait du surplace","datePublished":"2025-03-28T09:41:18+00:00","dateModified":"2025-03-28T09:46:05+00:00","mainEntityOfPage":{"@id":"https:\/\/kapitalis.com\/tunisie\/2025\/03\/28\/tunisie-le-dossier-des-biens-confisques-fait-du-surplace\/"},"wordCount":645,"commentCount":1,"publisher":{"@id":"https:\/\/kapitalis.com\/tunisie\/#organization"},"image":{"@id":"https:\/\/kapitalis.com\/tunisie\/2025\/03\/28\/tunisie-le-dossier-des-biens-confisques-fait-du-surplace\/#primaryimage"},"thumbnailUrl":"https:\/\/kapitalis.com\/tunisie\/wp-content\/uploads\/2025\/03\/Sarra-Zaafrani-Zenzeri-Biens-spolies.jpg","keywords":["avoirs spoli\u00e9s","biens confisqu\u00e9s","Ka\u00efs Sa\u00efed","Michket Slama Khaldi","mohamed ali Nafti","Mohamed Ben Ayed","Sarra Zaafrani Zenzeri","Tunisie","Wajdi Hedhili"],"articleSection":["A LA UNE","ECONOMIE","POLITIQUE","Tunisie"],"inLanguage":"fr-FR","potentialAction":[{"@type":"CommentAction","name":"Comment","target":["https:\/\/kapitalis.com\/tunisie\/2025\/03\/28\/tunisie-le-dossier-des-biens-confisques-fait-du-surplace\/#respond"]}]},{"@type":"WebPage","@id":"https:\/\/kapitalis.com\/tunisie\/2025\/03\/28\/tunisie-le-dossier-des-biens-confisques-fait-du-surplace\/","url":"https:\/\/kapitalis.com\/tunisie\/2025\/03\/28\/tunisie-le-dossier-des-biens-confisques-fait-du-surplace\/","name":"Tunisie | Le dossier des biens spoli\u00e9s fait du surplace - Kapitalis","isPartOf":{"@id":"https:\/\/kapitalis.com\/tunisie\/#website"},"primaryImageOfPage":{"@id":"https:\/\/kapitalis.com\/tunisie\/2025\/03\/28\/tunisie-le-dossier-des-biens-confisques-fait-du-surplace\/#primaryimage"},"image":{"@id":"https:\/\/kapitalis.com\/tunisie\/2025\/03\/28\/tunisie-le-dossier-des-biens-confisques-fait-du-surplace\/#primaryimage"},"thumbnailUrl":"https:\/\/kapitalis.com\/tunisie\/wp-content\/uploads\/2025\/03\/Sarra-Zaafrani-Zenzeri-Biens-spolies.jpg","datePublished":"2025-03-28T09:41:18+00:00","dateModified":"2025-03-28T09:46:05+00:00","breadcrumb":{"@id":"https:\/\/kapitalis.com\/tunisie\/2025\/03\/28\/tunisie-le-dossier-des-biens-confisques-fait-du-surplace\/#breadcrumb"},"inLanguage":"fr-FR","potentialAction":[{"@type":"ReadAction","target":["https:\/\/kapitalis.com\/tunisie\/2025\/03\/28\/tunisie-le-dossier-des-biens-confisques-fait-du-surplace\/"]}]},{"@type":"ImageObject","inLanguage":"fr-FR","@id":"https:\/\/kapitalis.com\/tunisie\/2025\/03\/28\/tunisie-le-dossier-des-biens-confisques-fait-du-surplace\/#primaryimage","url":"https:\/\/kapitalis.com\/tunisie\/wp-content\/uploads\/2025\/03\/Sarra-Zaafrani-Zenzeri-Biens-spolies.jpg","contentUrl":"https:\/\/kapitalis.com\/tunisie\/wp-content\/uploads\/2025\/03\/Sarra-Zaafrani-Zenzeri-Biens-spolies.jpg","width":1200,"height":630},{"@type":"BreadcrumbList","@id":"https:\/\/kapitalis.com\/tunisie\/2025\/03\/28\/tunisie-le-dossier-des-biens-confisques-fait-du-surplace\/#breadcrumb","itemListElement":[{"@type":"ListItem","position":1,"name":"Accueil","item":"https:\/\/kapitalis.com\/tunisie\/"},{"@type":"ListItem","position":2,"name":"Tunisie | Le dossier des biens spoli\u00e9s fait du surplace"}]},{"@type":"WebSite","@id":"https:\/\/kapitalis.com\/tunisie\/#website","url":"https:\/\/kapitalis.com\/tunisie\/","name":"Kapitalis","description":"L&#039;actualit\u00e9 en Tunisie et dans le monde","publisher":{"@id":"https:\/\/kapitalis.com\/tunisie\/#organization"},"potentialAction":[{"@type":"SearchAction","target":{"@type":"EntryPoint","urlTemplate":"https:\/\/kapitalis.com\/tunisie\/?s={search_term_string}"},"query-input":{"@type":"PropertyValueSpecification","valueRequired":true,"valueName":"search_term_string"}}],"inLanguage":"fr-FR"},{"@type":"Organization","@id":"https:\/\/kapitalis.com\/tunisie\/#organization","name":"Kapitalis","url":"https:\/\/kapitalis.com\/tunisie\/","logo":{"@type":"ImageObject","inLanguage":"fr-FR","@id":"https:\/\/kapitalis.com\/tunisie\/#\/schema\/logo\/image\/","url":"https:\/\/kapitalis.com\/tunisie\/wp-content\/uploads\/2022\/05\/Kapitalis-big-size.png","contentUrl":"https:\/\/kapitalis.com\/tunisie\/wp-content\/uploads\/2022\/05\/Kapitalis-big-size.png","width":5000,"height":1500,"caption":"Kapitalis"},"image":{"@id":"https:\/\/kapitalis.com\/tunisie\/#\/schema\/logo\/image\/"},"sameAs":["https:\/\/www.facebook.com\/KapitalisInfo\/","https:\/\/x.com\/KapitalisInfo","https:\/\/www.youtube.com\/channel\/UC-yDYrHyfFBWWZaOw3FPg9Q"]},{"@type":"Person","@id":"https:\/\/kapitalis.com\/tunisie\/#\/schema\/person\/d71f33a9ca44f7bad4698210b480c8e9","name":"webmaster kapitalis","url":"https:\/\/kapitalis.com\/tunisie\/author\/webmaster-kapitalis\/"}]}},"_links":{"self":[{"href":"https:\/\/kapitalis.com\/tunisie\/wp-json\/wp\/v2\/posts\/16002868","targetHints":{"allow":["GET"]}}],"collection":[{"href":"https:\/\/kapitalis.com\/tunisie\/wp-json\/wp\/v2\/posts"}],"about":[{"href":"https:\/\/kapitalis.com\/tunisie\/wp-json\/wp\/v2\/types\/post"}],"author":[{"embeddable":true,"href":"https:\/\/kapitalis.com\/tunisie\/wp-json\/wp\/v2\/users\/8"}],"replies":[{"embeddable":true,"href":"https:\/\/kapitalis.com\/tunisie\/wp-json\/wp\/v2\/comments?post=16002868"}],"version-history":[{"count":3,"href":"https:\/\/kapitalis.com\/tunisie\/wp-json\/wp\/v2\/posts\/16002868\/revisions"}],"predecessor-version":[{"id":16003192,"href":"https:\/\/kapitalis.com\/tunisie\/wp-json\/wp\/v2\/posts\/16002868\/revisions\/16003192"}],"wp:featuredmedia":[{"embeddable":true,"href":"https:\/\/kapitalis.com\/tunisie\/wp-json\/wp\/v2\/media\/16002957"}],"wp:attachment":[{"href":"https:\/\/kapitalis.com\/tunisie\/wp-json\/wp\/v2\/media?parent=16002868"}],"wp:term":[{"taxonomy":"category","embeddable":true,"href":"https:\/\/kapitalis.com\/tunisie\/wp-json\/wp\/v2\/categories?post=16002868"},{"taxonomy":"post_tag","embeddable":true,"href":"https:\/\/kapitalis.com\/tunisie\/wp-json\/wp\/v2\/tags?post=16002868"}],"curies":[{"name":"wp","href":"https:\/\/api.w.org\/{rel}","templated":true}]}}