{"id":16028149,"date":"2025-03-29T21:21:52","date_gmt":"2025-03-29T20:21:52","guid":{"rendered":"https:\/\/kapitalis.com\/tunisie\/?p=16028149"},"modified":"2025-03-29T22:01:08","modified_gmt":"2025-03-29T21:01:08","slug":"les-relations-tuniso-espagnoles-au-coeur-de-la-visite-de-mohamed-ali-nafti-a-madrid","status":"publish","type":"post","link":"https:\/\/kapitalis.com\/tunisie\/2025\/03\/29\/les-relations-tuniso-espagnoles-au-coeur-de-la-visite-de-mohamed-ali-nafti-a-madrid\/","title":{"rendered":"Les relations tuniso-espagnoles au c\u0153ur de la visite de Mohamed Ali Nafti \u00e0 Madrid"},"content":{"rendered":"\n<p><strong><em>A l&rsquo;occasion de sa visite de travail au Royaume d&rsquo;Espagne les 27 et 28 mars 2025, M. Mohamed Ali Nafti, Ministre des Affaires \u00e9trang\u00e8res, de la Migration et des Tunisiens \u00e0 l\u2019\u00e9tranger, a donn\u00e9, le 27 mars 2025, une conf\u00e9rence au si\u00e8ge de Casa Arabe \u00e0 Madrid sur \u00ab les relations tuniso-espagnoles \u00bb.<\/em><\/strong><\/p>\n\n\n\n<!--more-->\n\n\n\n<p>Cette conf\u00e9rence a conf\u00e9r\u00e9 une symbolique particuli\u00e8re \u00e0 la visite puisqu&rsquo;elle s&rsquo;inscrit dans le cadre de la comm\u00e9moration du trenti\u00e8me anniversaire de la conclusion du Trait\u00e9 d&rsquo;amiti\u00e9, de bon voisinage et de coop\u00e9ration entre les deux pays en 1995. Dans ce contexte, le Ministre a donn\u00e9 le coup d\u2019envoi du programme de coop\u00e9ration culturelle avec Casa Arabe \u00ab<em>Foco Pa\u00eds T\u00fanez 2025<\/em> \u00bb, qui s&rsquo;\u00e9tend sur le premier semestre de l&rsquo;ann\u00e9e 2025.<\/p>\n\n\n\n<p>Dans son discours, le Ministre s\u2019est r\u00e9joui des relations de longue date entre la Tunisie et le Royaume d&rsquo;Espagne et des liens \u00e9troits d&rsquo;amiti\u00e9 et de coop\u00e9ration qui les unissent et qui n\u2019ont cess\u00e9 de se d\u00e9velopper et de se diversifier dans divers domaines, soulignant la conviction des deux parties en l&rsquo;importance de renforcer la dynamique de concertation et de coop\u00e9ration et de continuer \u00e0 travailler de concert en vue de r\u00e9hausser davantage les relations bilat\u00e9rales au niveau des aspirations des deux parties.<\/p>\n\n\n\n<figure class=\"wp-block-gallery aligncenter has-nested-images columns-default is-cropped wp-block-gallery-1 is-layout-flex wp-block-gallery-is-layout-flex\">\n<figure class=\"wp-block-image size-large\"><img loading=\"lazy\" decoding=\"async\" width=\"960\" height=\"640\" data-id=\"16028743\" src=\"https:\/\/kapitalis.com\/tunisie\/wp-content\/uploads\/2025\/03\/MAE-Madrid2.jpg\" alt=\"\" class=\"wp-image-16028743\" srcset=\"https:\/\/kapitalis.com\/tunisie\/wp-content\/uploads\/2025\/03\/MAE-Madrid2.jpg 960w, https:\/\/kapitalis.com\/tunisie\/wp-content\/uploads\/2025\/03\/MAE-Madrid2-300x200.jpg 300w, https:\/\/kapitalis.com\/tunisie\/wp-content\/uploads\/2025\/03\/MAE-Madrid2-768x512.jpg 768w, https:\/\/kapitalis.com\/tunisie\/wp-content\/uploads\/2025\/03\/MAE-Madrid2-580x387.jpg 580w, https:\/\/kapitalis.com\/tunisie\/wp-content\/uploads\/2025\/03\/MAE-Madrid2-860x573.jpg 860w\" sizes=\"auto, (max-width: 960px) 100vw, 960px\" \/><\/figure>\n\n\n\n<figure class=\"wp-block-image size-large\"><img loading=\"lazy\" decoding=\"async\" width=\"1024\" height=\"538\" data-id=\"16028744\" src=\"https:\/\/kapitalis.com\/tunisie\/wp-content\/uploads\/2025\/03\/Tunisie-Espagne-1024x538.jpg\" alt=\"\" class=\"wp-image-16028744\" srcset=\"https:\/\/kapitalis.com\/tunisie\/wp-content\/uploads\/2025\/03\/Tunisie-Espagne-1024x538.jpg 1024w, https:\/\/kapitalis.com\/tunisie\/wp-content\/uploads\/2025\/03\/Tunisie-Espagne-300x158.jpg 300w, https:\/\/kapitalis.com\/tunisie\/wp-content\/uploads\/2025\/03\/Tunisie-Espagne-768x403.jpg 768w, https:\/\/kapitalis.com\/tunisie\/wp-content\/uploads\/2025\/03\/Tunisie-Espagne-580x305.jpg 580w, https:\/\/kapitalis.com\/tunisie\/wp-content\/uploads\/2025\/03\/Tunisie-Espagne-860x452.jpg 860w, https:\/\/kapitalis.com\/tunisie\/wp-content\/uploads\/2025\/03\/Tunisie-Espagne-1160x609.jpg 1160w, https:\/\/kapitalis.com\/tunisie\/wp-content\/uploads\/2025\/03\/Tunisie-Espagne.jpg 1200w\" sizes=\"auto, (max-width: 1024px) 100vw, 1024px\" \/><\/figure>\n<\/figure>\n\n\n\n<p>Le Ministre a soulign\u00e9 les points communs enracin\u00e9s dans l&rsquo;histoire qui d\u00e9passent le facteur de la proximit\u00e9 g\u00e9ographique pour b\u00e2tir un patrimoine culturel et civilisationnel commun tiss\u00e9 \u00e0 travers les \u00e9poques gr\u00e2ce aux \u00e9changes culturels et humains et \u00e0 leurs manifestations incarn\u00e9es \u00e0 travers les langues, les traditions et le patrimoine culturel commun mat\u00e9riel et immat\u00e9riel, depuis l&rsquo;\u00e9poque punique, romaine et hell\u00e9nistique jusqu&rsquo;\u00e0 l&rsquo;\u00e9poque arabo-islamique et arabo-andalouse.<\/p>\n\n\n\n<p>Le Ministre a ajout\u00e9 que l&rsquo;\u00e9tablissement des relations diplomatiques entre les deux pays en 1957 a donn\u00e9 un nouveau dynamisme et un nouvel \u00e9lan aux relations bilat\u00e9rales et a permis de consolider davantage la dimension euro-m\u00e9diterran\u00e9enne avec ses dimensions de s\u00e9curit\u00e9, culturelle et de d\u00e9veloppement. Dans ce contexte, il a cit\u00e9 la contribution d&rsquo;un certain nombre de personnalit\u00e9s tunisiennes et espagnoles \u00e0 la consolidation du pont civilisationnel et culturel entre les deux pays \u00e0 travers des \u0153uvres d&rsquo;art intemporelles abrit\u00e9s par les espaces culturels tunisiens et espagnols au cours des six derni\u00e8res d\u00e9cennies.<\/p>\n\n\n\n<p>Le Ministre s\u2019est \u00e9galement f\u00e9licit\u00e9 de l\u2019\u00e9lan de solidarit\u00e9 de l&rsquo;Espagne avec la Tunisie et son peuple et son soutien au processus de transition d\u00e9mocratique dans notre pays, en conf\u00e9rant une dynamique politique et diplomatique aux relations tuniso-espagnoles et \u00e0 travers des programmes cibl\u00e9s et r\u00e9ussis.<\/p>\n\n\n\n<p>Au terme de son intervention, le Ministre a soulign\u00e9 l&rsquo;importance de poursuivre et de renforcer les \u00e9changes \u00e9conomiques, culturels, universitaires et humanitaires et de s&rsquo;engager sur la voie d&rsquo;un avenir commun bas\u00e9 sur la coop\u00e9ration pour relever les d\u00e9fis et cr\u00e9er des opportunit\u00e9s pour les g\u00e9n\u00e9rations futures.<\/p>\n\n\n\n<figure class=\"wp-block-gallery aligncenter has-nested-images columns-default is-cropped wp-block-gallery-2 is-layout-flex wp-block-gallery-is-layout-flex\">\n<figure class=\"wp-block-image size-large\"><img loading=\"lazy\" decoding=\"async\" width=\"1024\" height=\"683\" data-id=\"16028785\" src=\"https:\/\/kapitalis.com\/tunisie\/wp-content\/uploads\/2025\/03\/MAE-Madrid-4-1024x683.jpg\" alt=\"\" class=\"wp-image-16028785\" srcset=\"https:\/\/kapitalis.com\/tunisie\/wp-content\/uploads\/2025\/03\/MAE-Madrid-4-1024x683.jpg 1024w, https:\/\/kapitalis.com\/tunisie\/wp-content\/uploads\/2025\/03\/MAE-Madrid-4-300x200.jpg 300w, https:\/\/kapitalis.com\/tunisie\/wp-content\/uploads\/2025\/03\/MAE-Madrid-4-768x512.jpg 768w, https:\/\/kapitalis.com\/tunisie\/wp-content\/uploads\/2025\/03\/MAE-Madrid-4-1536x1024.jpg 1536w, https:\/\/kapitalis.com\/tunisie\/wp-content\/uploads\/2025\/03\/MAE-Madrid-4-580x387.jpg 580w, https:\/\/kapitalis.com\/tunisie\/wp-content\/uploads\/2025\/03\/MAE-Madrid-4-860x573.jpg 860w, https:\/\/kapitalis.com\/tunisie\/wp-content\/uploads\/2025\/03\/MAE-Madrid-4-1160x773.jpg 1160w, https:\/\/kapitalis.com\/tunisie\/wp-content\/uploads\/2025\/03\/MAE-Madrid-4.jpg 1920w\" sizes=\"auto, (max-width: 1024px) 100vw, 1024px\" \/><\/figure>\n\n\n\n<figure class=\"wp-block-image size-large\"><img loading=\"lazy\" decoding=\"async\" width=\"1024\" height=\"715\" data-id=\"16028786\" src=\"https:\/\/kapitalis.com\/tunisie\/wp-content\/uploads\/2025\/03\/MAE-Madrid3-1024x715.jpg\" alt=\"\" class=\"wp-image-16028786\" srcset=\"https:\/\/kapitalis.com\/tunisie\/wp-content\/uploads\/2025\/03\/MAE-Madrid3-1024x715.jpg 1024w, https:\/\/kapitalis.com\/tunisie\/wp-content\/uploads\/2025\/03\/MAE-Madrid3-300x210.jpg 300w, https:\/\/kapitalis.com\/tunisie\/wp-content\/uploads\/2025\/03\/MAE-Madrid3-768x537.jpg 768w, https:\/\/kapitalis.com\/tunisie\/wp-content\/uploads\/2025\/03\/MAE-Madrid3-1536x1073.jpg 1536w, https:\/\/kapitalis.com\/tunisie\/wp-content\/uploads\/2025\/03\/MAE-Madrid3-580x405.jpg 580w, https:\/\/kapitalis.com\/tunisie\/wp-content\/uploads\/2025\/03\/MAE-Madrid3-860x601.jpg 860w, https:\/\/kapitalis.com\/tunisie\/wp-content\/uploads\/2025\/03\/MAE-Madrid3-1160x810.jpg 1160w, https:\/\/kapitalis.com\/tunisie\/wp-content\/uploads\/2025\/03\/MAE-Madrid3.jpg 1719w\" sizes=\"auto, (max-width: 1024px) 100vw, 1024px\" \/><\/figure>\n<\/figure>\n\n\n\n<p>Les participants ont soulign\u00e9 la profondeur des relations tuniso-espagnoles, alors que le Directeur G\u00e9n\u00e9ral de Casa Arabe a exprim\u00e9 sa profonde satisfaction quant au niveau de coop\u00e9ration existant entre la Tunisie et Casa Arabe et la disposition \u00e0 poursuivre la coop\u00e9ration entre les deux parties pour promouvoir davantage la culture tunisienne en Espagne, soulignant la d\u00e9termination pour assurer les meilleures conditions de r\u00e9ussite du programme \u00ab Foco Pa\u00eds T\u00fanez 2025 \u00bb.<\/p>\n\n\n\n<p>En r\u00e9ponse aux questions, le Ministre a rappel\u00e9 le processus de transition d\u00e9mocratique en Tunisie et les efforts d\u00e9ploy\u00e9s par l&rsquo;Etat pour relever les d\u00e9fis s\u00e9curitaires et \u00e9conomiques actuels, soulignant que la Tunisie g\u00e8re la question migratoire selon une approche globale bas\u00e9e sur son engagement envers les accords internationaux pertinents, son respect de la dignit\u00e9 humaine et les programmes d&rsquo;accompagnement des retours volontaires.<\/p>\n\n\n\n<p class=\"has-text-align-right\"><strong>Communiqu\u00e9<\/strong><\/p>\n","protected":false},"excerpt":{"rendered":"<p>A l&rsquo;occasion de sa visite de travail au Royaume d&rsquo;Espagne les 27 et 28 mars 2025, M. Mohamed Ali Nafti, Ministre des Affaires \u00e9trang\u00e8res, de la Migration et des Tunisiens \u00e0 l\u2019\u00e9tranger, a donn\u00e9, le 27 mars 2025, une conf\u00e9rence au si\u00e8ge de Casa Arabe \u00e0 Madrid sur \u00ab les relations tuniso-espagnoles \u00bb.<\/p>\n","protected":false},"author":6,"featured_media":16028886,"comment_status":"open","ping_status":"open","sticky":false,"template":"","format":"standard","meta":{"footnotes":""},"categories":[997,2433],"tags":[341,121512,10734,74454,73960,62643],"class_list":["post-16028149","post","type-post","status-publish","format-standard","has-post-thumbnail","hentry","category-politique","category-tunisie","tag-espagne","tag-foco-pais-tunez","tag-madrid","tag-mae","tag-mohamed-ali-nafti","tag-tunisie"],"yoast_head":"<!-- This site is optimized with the Yoast SEO plugin v26.6 - https:\/\/yoast.com\/wordpress\/plugins\/seo\/ -->\n<title>Les relations tuniso-espagnoles au c\u0153ur de la visite de Mohamed Ali Nafti \u00e0 Madrid - Kapitalis<\/title>\n<meta name=\"robots\" content=\"index, follow, max-snippet:-1, max-image-preview:large, max-video-preview:-1\" \/>\n<link rel=\"canonical\" href=\"https:\/\/kapitalis.com\/tunisie\/2025\/03\/29\/les-relations-tuniso-espagnoles-au-coeur-de-la-visite-de-mohamed-ali-nafti-a-madrid\/\" \/>\n<meta property=\"og:locale\" content=\"fr_FR\" \/>\n<meta property=\"og:type\" content=\"article\" \/>\n<meta property=\"og:title\" content=\"Les relations tuniso-espagnoles au c\u0153ur de la visite de Mohamed Ali Nafti \u00e0 Madrid - Kapitalis\" \/>\n<meta property=\"og:description\" content=\"A l&rsquo;occasion de sa visite de travail au Royaume d&rsquo;Espagne les 27 et 28 mars 2025, M. Mohamed Ali Nafti, Ministre des Affaires \u00e9trang\u00e8res, de la Migration et des Tunisiens \u00e0 l\u2019\u00e9tranger, a donn\u00e9, le 27 mars 2025, une conf\u00e9rence au si\u00e8ge de Casa Arabe \u00e0 Madrid sur \u00ab les relations tuniso-espagnoles \u00bb.\" \/>\n<meta property=\"og:url\" content=\"https:\/\/kapitalis.com\/tunisie\/2025\/03\/29\/les-relations-tuniso-espagnoles-au-coeur-de-la-visite-de-mohamed-ali-nafti-a-madrid\/\" \/>\n<meta property=\"og:site_name\" content=\"Kapitalis\" \/>\n<meta property=\"article:publisher\" content=\"https:\/\/www.facebook.com\/KapitalisInfo\/\" \/>\n<meta property=\"article:published_time\" content=\"2025-03-29T20:21:52+00:00\" \/>\n<meta property=\"article:modified_time\" content=\"2025-03-29T21:01:08+00:00\" \/>\n<meta property=\"og:image\" content=\"https:\/\/kapitalis.com\/tunisie\/wp-content\/uploads\/2025\/03\/Madrid-Espagne-Tunisie.jpg\" \/>\n\t<meta property=\"og:image:width\" content=\"1200\" \/>\n\t<meta property=\"og:image:height\" content=\"630\" \/>\n\t<meta property=\"og:image:type\" content=\"image\/jpeg\" \/>\n<meta name=\"author\" content=\"Yusra NY\" \/>\n<meta name=\"twitter:card\" content=\"summary_large_image\" \/>\n<meta name=\"twitter:creator\" content=\"@KapitalisInfo\" \/>\n<meta name=\"twitter:site\" content=\"@KapitalisInfo\" \/>\n<meta name=\"twitter:label1\" content=\"\u00c9crit par\" \/>\n\t<meta name=\"twitter:data1\" content=\"Yusra NY\" \/>\n\t<meta name=\"twitter:label2\" content=\"Dur\u00e9e de lecture estim\u00e9e\" \/>\n\t<meta name=\"twitter:data2\" content=\"5 minutes\" \/>\n<script type=\"application\/ld+json\" class=\"yoast-schema-graph\">{\"@context\":\"https:\/\/schema.org\",\"@graph\":[{\"@type\":\"Article\",\"@id\":\"https:\/\/kapitalis.com\/tunisie\/2025\/03\/29\/les-relations-tuniso-espagnoles-au-coeur-de-la-visite-de-mohamed-ali-nafti-a-madrid\/#article\",\"isPartOf\":{\"@id\":\"https:\/\/kapitalis.com\/tunisie\/2025\/03\/29\/les-relations-tuniso-espagnoles-au-coeur-de-la-visite-de-mohamed-ali-nafti-a-madrid\/\"},\"author\":{\"name\":\"Yusra NY\",\"@id\":\"https:\/\/kapitalis.com\/tunisie\/#\/schema\/person\/74bbde0154d49d790a92aaeac5bc01d5\"},\"headline\":\"Les relations tuniso-espagnoles au c\u0153ur de la visite de Mohamed Ali Nafti \u00e0 Madrid\",\"datePublished\":\"2025-03-29T20:21:52+00:00\",\"dateModified\":\"2025-03-29T21:01:08+00:00\",\"mainEntityOfPage\":{\"@id\":\"https:\/\/kapitalis.com\/tunisie\/2025\/03\/29\/les-relations-tuniso-espagnoles-au-coeur-de-la-visite-de-mohamed-ali-nafti-a-madrid\/\"},\"wordCount\":657,\"commentCount\":0,\"publisher\":{\"@id\":\"https:\/\/kapitalis.com\/tunisie\/#organization\"},\"image\":{\"@id\":\"https:\/\/kapitalis.com\/tunisie\/2025\/03\/29\/les-relations-tuniso-espagnoles-au-coeur-de-la-visite-de-mohamed-ali-nafti-a-madrid\/#primaryimage\"},\"thumbnailUrl\":\"https:\/\/kapitalis.com\/tunisie\/wp-content\/uploads\/2025\/03\/Madrid-Espagne-Tunisie.jpg\",\"keywords\":[\"Espagne\",\"Foco Pa\u00eds T\u00fanez\",\"Madrid\",\"MAE\",\"mohamed ali Nafti\",\"Tunisie\"],\"articleSection\":[\"POLITIQUE\",\"Tunisie\"],\"inLanguage\":\"fr-FR\",\"potentialAction\":[{\"@type\":\"CommentAction\",\"name\":\"Comment\",\"target\":[\"https:\/\/kapitalis.com\/tunisie\/2025\/03\/29\/les-relations-tuniso-espagnoles-au-coeur-de-la-visite-de-mohamed-ali-nafti-a-madrid\/#respond\"]}]},{\"@type\":\"WebPage\",\"@id\":\"https:\/\/kapitalis.com\/tunisie\/2025\/03\/29\/les-relations-tuniso-espagnoles-au-coeur-de-la-visite-de-mohamed-ali-nafti-a-madrid\/\",\"url\":\"https:\/\/kapitalis.com\/tunisie\/2025\/03\/29\/les-relations-tuniso-espagnoles-au-coeur-de-la-visite-de-mohamed-ali-nafti-a-madrid\/\",\"name\":\"Les relations tuniso-espagnoles au c\u0153ur de la visite de Mohamed Ali Nafti \u00e0 Madrid - Kapitalis\",\"isPartOf\":{\"@id\":\"https:\/\/kapitalis.com\/tunisie\/#website\"},\"primaryImageOfPage\":{\"@id\":\"https:\/\/kapitalis.com\/tunisie\/2025\/03\/29\/les-relations-tuniso-espagnoles-au-coeur-de-la-visite-de-mohamed-ali-nafti-a-madrid\/#primaryimage\"},\"image\":{\"@id\":\"https:\/\/kapitalis.com\/tunisie\/2025\/03\/29\/les-relations-tuniso-espagnoles-au-coeur-de-la-visite-de-mohamed-ali-nafti-a-madrid\/#primaryimage\"},\"thumbnailUrl\":\"https:\/\/kapitalis.com\/tunisie\/wp-content\/uploads\/2025\/03\/Madrid-Espagne-Tunisie.jpg\",\"datePublished\":\"2025-03-29T20:21:52+00:00\",\"dateModified\":\"2025-03-29T21:01:08+00:00\",\"breadcrumb\":{\"@id\":\"https:\/\/kapitalis.com\/tunisie\/2025\/03\/29\/les-relations-tuniso-espagnoles-au-coeur-de-la-visite-de-mohamed-ali-nafti-a-madrid\/#breadcrumb\"},\"inLanguage\":\"fr-FR\",\"potentialAction\":[{\"@type\":\"ReadAction\",\"target\":[\"https:\/\/kapitalis.com\/tunisie\/2025\/03\/29\/les-relations-tuniso-espagnoles-au-coeur-de-la-visite-de-mohamed-ali-nafti-a-madrid\/\"]}]},{\"@type\":\"ImageObject\",\"inLanguage\":\"fr-FR\",\"@id\":\"https:\/\/kapitalis.com\/tunisie\/2025\/03\/29\/les-relations-tuniso-espagnoles-au-coeur-de-la-visite-de-mohamed-ali-nafti-a-madrid\/#primaryimage\",\"url\":\"https:\/\/kapitalis.com\/tunisie\/wp-content\/uploads\/2025\/03\/Madrid-Espagne-Tunisie.jpg\",\"contentUrl\":\"https:\/\/kapitalis.com\/tunisie\/wp-content\/uploads\/2025\/03\/Madrid-Espagne-Tunisie.jpg\",\"width\":1200,\"height\":630},{\"@type\":\"BreadcrumbList\",\"@id\":\"https:\/\/kapitalis.com\/tunisie\/2025\/03\/29\/les-relations-tuniso-espagnoles-au-coeur-de-la-visite-de-mohamed-ali-nafti-a-madrid\/#breadcrumb\",\"itemListElement\":[{\"@type\":\"ListItem\",\"position\":1,\"name\":\"Accueil\",\"item\":\"https:\/\/kapitalis.com\/tunisie\/\"},{\"@type\":\"ListItem\",\"position\":2,\"name\":\"Les relations tuniso-espagnoles au c\u0153ur de la visite de Mohamed Ali Nafti \u00e0 Madrid\"}]},{\"@type\":\"WebSite\",\"@id\":\"https:\/\/kapitalis.com\/tunisie\/#website\",\"url\":\"https:\/\/kapitalis.com\/tunisie\/\",\"name\":\"Kapitalis\",\"description\":\"L&#039;actualit\u00e9 en Tunisie et dans le monde\",\"publisher\":{\"@id\":\"https:\/\/kapitalis.com\/tunisie\/#organization\"},\"potentialAction\":[{\"@type\":\"SearchAction\",\"target\":{\"@type\":\"EntryPoint\",\"urlTemplate\":\"https:\/\/kapitalis.com\/tunisie\/?s={search_term_string}\"},\"query-input\":{\"@type\":\"PropertyValueSpecification\",\"valueRequired\":true,\"valueName\":\"search_term_string\"}}],\"inLanguage\":\"fr-FR\"},{\"@type\":\"Organization\",\"@id\":\"https:\/\/kapitalis.com\/tunisie\/#organization\",\"name\":\"Kapitalis\",\"url\":\"https:\/\/kapitalis.com\/tunisie\/\",\"logo\":{\"@type\":\"ImageObject\",\"inLanguage\":\"fr-FR\",\"@id\":\"https:\/\/kapitalis.com\/tunisie\/#\/schema\/logo\/image\/\",\"url\":\"https:\/\/kapitalis.com\/tunisie\/wp-content\/uploads\/2022\/05\/Kapitalis-big-size.png\",\"contentUrl\":\"https:\/\/kapitalis.com\/tunisie\/wp-content\/uploads\/2022\/05\/Kapitalis-big-size.png\",\"width\":5000,\"height\":1500,\"caption\":\"Kapitalis\"},\"image\":{\"@id\":\"https:\/\/kapitalis.com\/tunisie\/#\/schema\/logo\/image\/\"},\"sameAs\":[\"https:\/\/www.facebook.com\/KapitalisInfo\/\",\"https:\/\/x.com\/KapitalisInfo\",\"https:\/\/www.youtube.com\/channel\/UC-yDYrHyfFBWWZaOw3FPg9Q\"]},{\"@type\":\"Person\",\"@id\":\"https:\/\/kapitalis.com\/tunisie\/#\/schema\/person\/74bbde0154d49d790a92aaeac5bc01d5\",\"name\":\"Yusra NY\",\"url\":\"https:\/\/kapitalis.com\/tunisie\/author\/yuza_adam\/\"}]}<\/script>\n<!-- \/ Yoast SEO plugin. -->","yoast_head_json":{"title":"Les relations tuniso-espagnoles au c\u0153ur de la visite de Mohamed Ali Nafti \u00e0 Madrid - Kapitalis","robots":{"index":"index","follow":"follow","max-snippet":"max-snippet:-1","max-image-preview":"max-image-preview:large","max-video-preview":"max-video-preview:-1"},"canonical":"https:\/\/kapitalis.com\/tunisie\/2025\/03\/29\/les-relations-tuniso-espagnoles-au-coeur-de-la-visite-de-mohamed-ali-nafti-a-madrid\/","og_locale":"fr_FR","og_type":"article","og_title":"Les relations tuniso-espagnoles au c\u0153ur de la visite de Mohamed Ali Nafti \u00e0 Madrid - Kapitalis","og_description":"A l&rsquo;occasion de sa visite de travail au Royaume d&rsquo;Espagne les 27 et 28 mars 2025, M. Mohamed Ali Nafti, Ministre des Affaires \u00e9trang\u00e8res, de la Migration et des Tunisiens \u00e0 l\u2019\u00e9tranger, a donn\u00e9, le 27 mars 2025, une conf\u00e9rence au si\u00e8ge de Casa Arabe \u00e0 Madrid sur \u00ab les relations tuniso-espagnoles \u00bb.","og_url":"https:\/\/kapitalis.com\/tunisie\/2025\/03\/29\/les-relations-tuniso-espagnoles-au-coeur-de-la-visite-de-mohamed-ali-nafti-a-madrid\/","og_site_name":"Kapitalis","article_publisher":"https:\/\/www.facebook.com\/KapitalisInfo\/","article_published_time":"2025-03-29T20:21:52+00:00","article_modified_time":"2025-03-29T21:01:08+00:00","og_image":[{"width":1200,"height":630,"url":"https:\/\/kapitalis.com\/tunisie\/wp-content\/uploads\/2025\/03\/Madrid-Espagne-Tunisie.jpg","type":"image\/jpeg"}],"author":"Yusra NY","twitter_card":"summary_large_image","twitter_creator":"@KapitalisInfo","twitter_site":"@KapitalisInfo","twitter_misc":{"\u00c9crit par":"Yusra NY","Dur\u00e9e de lecture estim\u00e9e":"5 minutes"},"schema":{"@context":"https:\/\/schema.org","@graph":[{"@type":"Article","@id":"https:\/\/kapitalis.com\/tunisie\/2025\/03\/29\/les-relations-tuniso-espagnoles-au-coeur-de-la-visite-de-mohamed-ali-nafti-a-madrid\/#article","isPartOf":{"@id":"https:\/\/kapitalis.com\/tunisie\/2025\/03\/29\/les-relations-tuniso-espagnoles-au-coeur-de-la-visite-de-mohamed-ali-nafti-a-madrid\/"},"author":{"name":"Yusra NY","@id":"https:\/\/kapitalis.com\/tunisie\/#\/schema\/person\/74bbde0154d49d790a92aaeac5bc01d5"},"headline":"Les relations tuniso-espagnoles au c\u0153ur de la visite de Mohamed Ali Nafti \u00e0 Madrid","datePublished":"2025-03-29T20:21:52+00:00","dateModified":"2025-03-29T21:01:08+00:00","mainEntityOfPage":{"@id":"https:\/\/kapitalis.com\/tunisie\/2025\/03\/29\/les-relations-tuniso-espagnoles-au-coeur-de-la-visite-de-mohamed-ali-nafti-a-madrid\/"},"wordCount":657,"commentCount":0,"publisher":{"@id":"https:\/\/kapitalis.com\/tunisie\/#organization"},"image":{"@id":"https:\/\/kapitalis.com\/tunisie\/2025\/03\/29\/les-relations-tuniso-espagnoles-au-coeur-de-la-visite-de-mohamed-ali-nafti-a-madrid\/#primaryimage"},"thumbnailUrl":"https:\/\/kapitalis.com\/tunisie\/wp-content\/uploads\/2025\/03\/Madrid-Espagne-Tunisie.jpg","keywords":["Espagne","Foco Pa\u00eds T\u00fanez","Madrid","MAE","mohamed ali Nafti","Tunisie"],"articleSection":["POLITIQUE","Tunisie"],"inLanguage":"fr-FR","potentialAction":[{"@type":"CommentAction","name":"Comment","target":["https:\/\/kapitalis.com\/tunisie\/2025\/03\/29\/les-relations-tuniso-espagnoles-au-coeur-de-la-visite-de-mohamed-ali-nafti-a-madrid\/#respond"]}]},{"@type":"WebPage","@id":"https:\/\/kapitalis.com\/tunisie\/2025\/03\/29\/les-relations-tuniso-espagnoles-au-coeur-de-la-visite-de-mohamed-ali-nafti-a-madrid\/","url":"https:\/\/kapitalis.com\/tunisie\/2025\/03\/29\/les-relations-tuniso-espagnoles-au-coeur-de-la-visite-de-mohamed-ali-nafti-a-madrid\/","name":"Les relations tuniso-espagnoles au c\u0153ur de la visite de Mohamed Ali Nafti \u00e0 Madrid - Kapitalis","isPartOf":{"@id":"https:\/\/kapitalis.com\/tunisie\/#website"},"primaryImageOfPage":{"@id":"https:\/\/kapitalis.com\/tunisie\/2025\/03\/29\/les-relations-tuniso-espagnoles-au-coeur-de-la-visite-de-mohamed-ali-nafti-a-madrid\/#primaryimage"},"image":{"@id":"https:\/\/kapitalis.com\/tunisie\/2025\/03\/29\/les-relations-tuniso-espagnoles-au-coeur-de-la-visite-de-mohamed-ali-nafti-a-madrid\/#primaryimage"},"thumbnailUrl":"https:\/\/kapitalis.com\/tunisie\/wp-content\/uploads\/2025\/03\/Madrid-Espagne-Tunisie.jpg","datePublished":"2025-03-29T20:21:52+00:00","dateModified":"2025-03-29T21:01:08+00:00","breadcrumb":{"@id":"https:\/\/kapitalis.com\/tunisie\/2025\/03\/29\/les-relations-tuniso-espagnoles-au-coeur-de-la-visite-de-mohamed-ali-nafti-a-madrid\/#breadcrumb"},"inLanguage":"fr-FR","potentialAction":[{"@type":"ReadAction","target":["https:\/\/kapitalis.com\/tunisie\/2025\/03\/29\/les-relations-tuniso-espagnoles-au-coeur-de-la-visite-de-mohamed-ali-nafti-a-madrid\/"]}]},{"@type":"ImageObject","inLanguage":"fr-FR","@id":"https:\/\/kapitalis.com\/tunisie\/2025\/03\/29\/les-relations-tuniso-espagnoles-au-coeur-de-la-visite-de-mohamed-ali-nafti-a-madrid\/#primaryimage","url":"https:\/\/kapitalis.com\/tunisie\/wp-content\/uploads\/2025\/03\/Madrid-Espagne-Tunisie.jpg","contentUrl":"https:\/\/kapitalis.com\/tunisie\/wp-content\/uploads\/2025\/03\/Madrid-Espagne-Tunisie.jpg","width":1200,"height":630},{"@type":"BreadcrumbList","@id":"https:\/\/kapitalis.com\/tunisie\/2025\/03\/29\/les-relations-tuniso-espagnoles-au-coeur-de-la-visite-de-mohamed-ali-nafti-a-madrid\/#breadcrumb","itemListElement":[{"@type":"ListItem","position":1,"name":"Accueil","item":"https:\/\/kapitalis.com\/tunisie\/"},{"@type":"ListItem","position":2,"name":"Les relations tuniso-espagnoles au c\u0153ur de la visite de Mohamed Ali Nafti \u00e0 Madrid"}]},{"@type":"WebSite","@id":"https:\/\/kapitalis.com\/tunisie\/#website","url":"https:\/\/kapitalis.com\/tunisie\/","name":"Kapitalis","description":"L&#039;actualit\u00e9 en Tunisie et dans le monde","publisher":{"@id":"https:\/\/kapitalis.com\/tunisie\/#organization"},"potentialAction":[{"@type":"SearchAction","target":{"@type":"EntryPoint","urlTemplate":"https:\/\/kapitalis.com\/tunisie\/?s={search_term_string}"},"query-input":{"@type":"PropertyValueSpecification","valueRequired":true,"valueName":"search_term_string"}}],"inLanguage":"fr-FR"},{"@type":"Organization","@id":"https:\/\/kapitalis.com\/tunisie\/#organization","name":"Kapitalis","url":"https:\/\/kapitalis.com\/tunisie\/","logo":{"@type":"ImageObject","inLanguage":"fr-FR","@id":"https:\/\/kapitalis.com\/tunisie\/#\/schema\/logo\/image\/","url":"https:\/\/kapitalis.com\/tunisie\/wp-content\/uploads\/2022\/05\/Kapitalis-big-size.png","contentUrl":"https:\/\/kapitalis.com\/tunisie\/wp-content\/uploads\/2022\/05\/Kapitalis-big-size.png","width":5000,"height":1500,"caption":"Kapitalis"},"image":{"@id":"https:\/\/kapitalis.com\/tunisie\/#\/schema\/logo\/image\/"},"sameAs":["https:\/\/www.facebook.com\/KapitalisInfo\/","https:\/\/x.com\/KapitalisInfo","https:\/\/www.youtube.com\/channel\/UC-yDYrHyfFBWWZaOw3FPg9Q"]},{"@type":"Person","@id":"https:\/\/kapitalis.com\/tunisie\/#\/schema\/person\/74bbde0154d49d790a92aaeac5bc01d5","name":"Yusra NY","url":"https:\/\/kapitalis.com\/tunisie\/author\/yuza_adam\/"}]}},"_links":{"self":[{"href":"https:\/\/kapitalis.com\/tunisie\/wp-json\/wp\/v2\/posts\/16028149","targetHints":{"allow":["GET"]}}],"collection":[{"href":"https:\/\/kapitalis.com\/tunisie\/wp-json\/wp\/v2\/posts"}],"about":[{"href":"https:\/\/kapitalis.com\/tunisie\/wp-json\/wp\/v2\/types\/post"}],"author":[{"embeddable":true,"href":"https:\/\/kapitalis.com\/tunisie\/wp-json\/wp\/v2\/users\/6"}],"replies":[{"embeddable":true,"href":"https:\/\/kapitalis.com\/tunisie\/wp-json\/wp\/v2\/comments?post=16028149"}],"version-history":[{"count":1,"href":"https:\/\/kapitalis.com\/tunisie\/wp-json\/wp\/v2\/posts\/16028149\/revisions"}],"predecessor-version":[{"id":16028980,"href":"https:\/\/kapitalis.com\/tunisie\/wp-json\/wp\/v2\/posts\/16028149\/revisions\/16028980"}],"wp:featuredmedia":[{"embeddable":true,"href":"https:\/\/kapitalis.com\/tunisie\/wp-json\/wp\/v2\/media\/16028886"}],"wp:attachment":[{"href":"https:\/\/kapitalis.com\/tunisie\/wp-json\/wp\/v2\/media?parent=16028149"}],"wp:term":[{"taxonomy":"category","embeddable":true,"href":"https:\/\/kapitalis.com\/tunisie\/wp-json\/wp\/v2\/categories?post=16028149"},{"taxonomy":"post_tag","embeddable":true,"href":"https:\/\/kapitalis.com\/tunisie\/wp-json\/wp\/v2\/tags?post=16028149"}],"curies":[{"name":"wp","href":"https:\/\/api.w.org\/{rel}","templated":true}]}}