{"id":16036142,"date":"2025-03-30T07:34:00","date_gmt":"2025-03-30T06:34:00","guid":{"rendered":"https:\/\/kapitalis.com\/tunisie\/?p=16036142"},"modified":"2025-03-30T12:49:37","modified_gmt":"2025-03-30T11:49:37","slug":"la-tunisie-dement-tout-retrait-de-la-cour-africaine-des-droits-de-lhomme","status":"publish","type":"post","link":"https:\/\/kapitalis.com\/tunisie\/2025\/03\/30\/la-tunisie-dement-tout-retrait-de-la-cour-africaine-des-droits-de-lhomme\/","title":{"rendered":"La Tunisie d\u00e9ment tout retrait de la Cour africaine des droits de l&rsquo;homme"},"content":{"rendered":"\n<p><strong><em>La Tunisie d\u00e9ment tout retrait du Protocole relatif \u00e0 la Charte africaine des droits de l\u2019homme et des peuples portant cr\u00e9ation de la Cour africaine des droits de l&rsquo;homme et des peuples<\/em><\/strong>.<\/p>\n\n\n\n<!--more-->\n\n\n\n<p>Ce d\u00e9menti a \u00e9t\u00e9 apport\u00e9 par le minist\u00e8re des Affaires \u00e9trang\u00e8res, de la Migration et des Tunisiens \u00e0 l\u2019\u00e9tranger, qui a pr\u00e9cis\u00e9 que la Tunisie avait uniquement retir\u00e9 sa d\u00e9claration de 2017 acceptant la comp\u00e9tence de cette instance pour examiner les requ\u00eates individuelles et celles des organisations non gouvernementales (ONG).<\/p>\n\n\n\n<p>Dans son communiqu\u00e9, le minist\u00e8re affirme que sa d\u00e9cision intervient face \u00e0 la multiplication des plaintes <em>\u00abinstrumentalis\u00e9es \u00e0 des fins politiques\u00bb<\/em> contre la Tunisie, en rappelant que seuls sept pays africains sur les 34 ayant ratifi\u00e9 le Protocole reconnaissent encore cette comp\u00e9tence, cinq autres \u2013 dont la Tanzanie, pays h\u00f4te du si\u00e8ge de la Cour \u2013 ayant d\u00e9j\u00e0 effectu\u00e9 un retrait similaire.<\/p>\n\n\n\n<p>La Tunisie r\u00e9affirme son attachement \u00e0 la Cour africaine pour le r\u00e8glement des diff\u00e9rends relatifs \u00e0 la Charte des droits de l\u2019homme, tout en rejetant <em>\u00abtoute ing\u00e9rence dans ses affaires int\u00e9rieures\u00bb<\/em>. Elle r\u00e9it\u00e8re son engagement en faveur des droits humains et de la coop\u00e9ration africaine.<\/p>\n\n\n\n<p>Commentaire d&rsquo;un d\u00e9fenseur des droits humains : <em>\u00abC\u2019est une nuance sans grande importance, car ce retrait vide l\u2019appartenance de la Tunisie \u00e0 cette organisation de tout son int\u00e9r\u00eat\u00bb.<\/em><\/p>\n\n\n\n<figure class=\"wp-block-embed is-type-wp-embed is-provider-kapitalis wp-block-embed-kapitalis\"><div class=\"wp-block-embed__wrapper\">\n<blockquote class=\"wp-embedded-content\" data-secret=\"7qTpPziFYw\"><a href=\"https:\/\/kapitalis.com\/tunisie\/2025\/03\/21\/le-crldht-commente-le-retrait-de-la-tunisie-de-la-cour-africaine-des-droits-de-lhomme\/\">Le CRLDHT commente le retrait de la Tunisie de la Cour africaine des droits de l&rsquo;Homme<\/a><\/blockquote><iframe loading=\"lazy\" class=\"wp-embedded-content\" sandbox=\"allow-scripts\" security=\"restricted\" style=\"position: absolute; visibility: hidden;\" title=\"\u00ab\u00a0Le CRLDHT commente le retrait de la Tunisie de la Cour africaine des droits de l&rsquo;Homme\u00a0\u00bb &#8212; Kapitalis\" src=\"https:\/\/kapitalis.com\/tunisie\/2025\/03\/21\/le-crldht-commente-le-retrait-de-la-tunisie-de-la-cour-africaine-des-droits-de-lhomme\/embed\/#?secret=d8GDdjk0w7#?secret=7qTpPziFYw\" data-secret=\"7qTpPziFYw\" width=\"600\" height=\"338\" frameborder=\"0\" marginwidth=\"0\" marginheight=\"0\" scrolling=\"no\"><\/iframe>\n<\/div><\/figure>\n\n\n\n<p><\/p>\n\n\n\n<p><\/p>\n","protected":false},"excerpt":{"rendered":"<p>La Tunisie d\u00e9ment tout retrait du Protocole relatif \u00e0 la Charte portant cr\u00e9ation de la Cour africaine des droits de l&rsquo;homme et des peuples.<\/p>\n","protected":false},"author":8,"featured_media":4220687,"comment_status":"open","ping_status":"open","sticky":false,"template":"","format":"standard","meta":{"footnotes":""},"categories":[997,2433],"tags":[121522,103048,62643],"class_list":["post-16036142","post","type-post","status-publish","format-standard","has-post-thumbnail","hentry","category-politique","category-tunisie","tag-charte-africaine","tag-cour-africaine-des-droits-de-lhomme","tag-tunisie"],"yoast_head":"<!-- This site is optimized with the Yoast SEO plugin v26.6 - https:\/\/yoast.com\/wordpress\/plugins\/seo\/ -->\n<title>La Tunisie d\u00e9ment tout retrait de la Cour africaine des droits de l&#039;homme - Kapitalis<\/title>\n<meta name=\"robots\" content=\"index, follow, max-snippet:-1, max-image-preview:large, max-video-preview:-1\" \/>\n<link rel=\"canonical\" href=\"https:\/\/kapitalis.com\/tunisie\/2025\/03\/30\/la-tunisie-dement-tout-retrait-de-la-cour-africaine-des-droits-de-lhomme\/\" \/>\n<meta property=\"og:locale\" content=\"fr_FR\" \/>\n<meta property=\"og:type\" content=\"article\" \/>\n<meta property=\"og:title\" content=\"La Tunisie d\u00e9ment tout retrait de la Cour africaine des droits de l&#039;homme - Kapitalis\" \/>\n<meta property=\"og:description\" content=\"La Tunisie d\u00e9ment tout retrait du Protocole relatif \u00e0 la Charte portant cr\u00e9ation de la Cour africaine des droits de l&#039;homme et des peuples.\" \/>\n<meta property=\"og:url\" content=\"https:\/\/kapitalis.com\/tunisie\/2025\/03\/30\/la-tunisie-dement-tout-retrait-de-la-cour-africaine-des-droits-de-lhomme\/\" \/>\n<meta property=\"og:site_name\" content=\"Kapitalis\" \/>\n<meta property=\"article:publisher\" content=\"https:\/\/www.facebook.com\/KapitalisInfo\/\" \/>\n<meta property=\"article:published_time\" content=\"2025-03-30T06:34:00+00:00\" \/>\n<meta property=\"article:modified_time\" content=\"2025-03-30T11:49:37+00:00\" \/>\n<meta property=\"og:image\" content=\"https:\/\/kapitalis.com\/tunisie\/wp-content\/uploads\/2022\/09\/Cour-africaine-des-droits.jpg\" \/>\n\t<meta property=\"og:image:width\" content=\"1200\" \/>\n\t<meta property=\"og:image:height\" content=\"630\" \/>\n\t<meta property=\"og:image:type\" content=\"image\/jpeg\" \/>\n<meta name=\"author\" content=\"webmaster kapitalis\" \/>\n<meta name=\"twitter:card\" content=\"summary_large_image\" \/>\n<meta name=\"twitter:creator\" content=\"@KapitalisInfo\" \/>\n<meta name=\"twitter:site\" content=\"@KapitalisInfo\" \/>\n<meta name=\"twitter:label1\" content=\"\u00c9crit par\" \/>\n\t<meta name=\"twitter:data1\" content=\"webmaster kapitalis\" \/>\n\t<meta name=\"twitter:label2\" content=\"Dur\u00e9e de lecture estim\u00e9e\" \/>\n\t<meta name=\"twitter:data2\" content=\"2 minutes\" \/>\n<script type=\"application\/ld+json\" class=\"yoast-schema-graph\">{\"@context\":\"https:\/\/schema.org\",\"@graph\":[{\"@type\":\"Article\",\"@id\":\"https:\/\/kapitalis.com\/tunisie\/2025\/03\/30\/la-tunisie-dement-tout-retrait-de-la-cour-africaine-des-droits-de-lhomme\/#article\",\"isPartOf\":{\"@id\":\"https:\/\/kapitalis.com\/tunisie\/2025\/03\/30\/la-tunisie-dement-tout-retrait-de-la-cour-africaine-des-droits-de-lhomme\/\"},\"author\":{\"name\":\"webmaster kapitalis\",\"@id\":\"https:\/\/kapitalis.com\/tunisie\/#\/schema\/person\/d71f33a9ca44f7bad4698210b480c8e9\"},\"headline\":\"La Tunisie d\u00e9ment tout retrait de la Cour africaine des droits de l&rsquo;homme\",\"datePublished\":\"2025-03-30T06:34:00+00:00\",\"dateModified\":\"2025-03-30T11:49:37+00:00\",\"mainEntityOfPage\":{\"@id\":\"https:\/\/kapitalis.com\/tunisie\/2025\/03\/30\/la-tunisie-dement-tout-retrait-de-la-cour-africaine-des-droits-de-lhomme\/\"},\"wordCount\":256,\"commentCount\":1,\"publisher\":{\"@id\":\"https:\/\/kapitalis.com\/tunisie\/#organization\"},\"image\":{\"@id\":\"https:\/\/kapitalis.com\/tunisie\/2025\/03\/30\/la-tunisie-dement-tout-retrait-de-la-cour-africaine-des-droits-de-lhomme\/#primaryimage\"},\"thumbnailUrl\":\"https:\/\/kapitalis.com\/tunisie\/wp-content\/uploads\/2022\/09\/Cour-africaine-des-droits.jpg\",\"keywords\":[\"Charte africaine\",\"Cour africaine des droits de l\u2019homme\",\"Tunisie\"],\"articleSection\":[\"POLITIQUE\",\"Tunisie\"],\"inLanguage\":\"fr-FR\",\"potentialAction\":[{\"@type\":\"CommentAction\",\"name\":\"Comment\",\"target\":[\"https:\/\/kapitalis.com\/tunisie\/2025\/03\/30\/la-tunisie-dement-tout-retrait-de-la-cour-africaine-des-droits-de-lhomme\/#respond\"]}]},{\"@type\":\"WebPage\",\"@id\":\"https:\/\/kapitalis.com\/tunisie\/2025\/03\/30\/la-tunisie-dement-tout-retrait-de-la-cour-africaine-des-droits-de-lhomme\/\",\"url\":\"https:\/\/kapitalis.com\/tunisie\/2025\/03\/30\/la-tunisie-dement-tout-retrait-de-la-cour-africaine-des-droits-de-lhomme\/\",\"name\":\"La Tunisie d\u00e9ment tout retrait de la Cour africaine des droits de l'homme - Kapitalis\",\"isPartOf\":{\"@id\":\"https:\/\/kapitalis.com\/tunisie\/#website\"},\"primaryImageOfPage\":{\"@id\":\"https:\/\/kapitalis.com\/tunisie\/2025\/03\/30\/la-tunisie-dement-tout-retrait-de-la-cour-africaine-des-droits-de-lhomme\/#primaryimage\"},\"image\":{\"@id\":\"https:\/\/kapitalis.com\/tunisie\/2025\/03\/30\/la-tunisie-dement-tout-retrait-de-la-cour-africaine-des-droits-de-lhomme\/#primaryimage\"},\"thumbnailUrl\":\"https:\/\/kapitalis.com\/tunisie\/wp-content\/uploads\/2022\/09\/Cour-africaine-des-droits.jpg\",\"datePublished\":\"2025-03-30T06:34:00+00:00\",\"dateModified\":\"2025-03-30T11:49:37+00:00\",\"breadcrumb\":{\"@id\":\"https:\/\/kapitalis.com\/tunisie\/2025\/03\/30\/la-tunisie-dement-tout-retrait-de-la-cour-africaine-des-droits-de-lhomme\/#breadcrumb\"},\"inLanguage\":\"fr-FR\",\"potentialAction\":[{\"@type\":\"ReadAction\",\"target\":[\"https:\/\/kapitalis.com\/tunisie\/2025\/03\/30\/la-tunisie-dement-tout-retrait-de-la-cour-africaine-des-droits-de-lhomme\/\"]}]},{\"@type\":\"ImageObject\",\"inLanguage\":\"fr-FR\",\"@id\":\"https:\/\/kapitalis.com\/tunisie\/2025\/03\/30\/la-tunisie-dement-tout-retrait-de-la-cour-africaine-des-droits-de-lhomme\/#primaryimage\",\"url\":\"https:\/\/kapitalis.com\/tunisie\/wp-content\/uploads\/2022\/09\/Cour-africaine-des-droits.jpg\",\"contentUrl\":\"https:\/\/kapitalis.com\/tunisie\/wp-content\/uploads\/2022\/09\/Cour-africaine-des-droits.jpg\",\"width\":1200,\"height\":630},{\"@type\":\"BreadcrumbList\",\"@id\":\"https:\/\/kapitalis.com\/tunisie\/2025\/03\/30\/la-tunisie-dement-tout-retrait-de-la-cour-africaine-des-droits-de-lhomme\/#breadcrumb\",\"itemListElement\":[{\"@type\":\"ListItem\",\"position\":1,\"name\":\"Accueil\",\"item\":\"https:\/\/kapitalis.com\/tunisie\/\"},{\"@type\":\"ListItem\",\"position\":2,\"name\":\"La Tunisie d\u00e9ment tout retrait de la Cour africaine des droits de l&rsquo;homme\"}]},{\"@type\":\"WebSite\",\"@id\":\"https:\/\/kapitalis.com\/tunisie\/#website\",\"url\":\"https:\/\/kapitalis.com\/tunisie\/\",\"name\":\"Kapitalis\",\"description\":\"L&#039;actualit\u00e9 en Tunisie et dans le monde\",\"publisher\":{\"@id\":\"https:\/\/kapitalis.com\/tunisie\/#organization\"},\"potentialAction\":[{\"@type\":\"SearchAction\",\"target\":{\"@type\":\"EntryPoint\",\"urlTemplate\":\"https:\/\/kapitalis.com\/tunisie\/?s={search_term_string}\"},\"query-input\":{\"@type\":\"PropertyValueSpecification\",\"valueRequired\":true,\"valueName\":\"search_term_string\"}}],\"inLanguage\":\"fr-FR\"},{\"@type\":\"Organization\",\"@id\":\"https:\/\/kapitalis.com\/tunisie\/#organization\",\"name\":\"Kapitalis\",\"url\":\"https:\/\/kapitalis.com\/tunisie\/\",\"logo\":{\"@type\":\"ImageObject\",\"inLanguage\":\"fr-FR\",\"@id\":\"https:\/\/kapitalis.com\/tunisie\/#\/schema\/logo\/image\/\",\"url\":\"https:\/\/kapitalis.com\/tunisie\/wp-content\/uploads\/2022\/05\/Kapitalis-big-size.png\",\"contentUrl\":\"https:\/\/kapitalis.com\/tunisie\/wp-content\/uploads\/2022\/05\/Kapitalis-big-size.png\",\"width\":5000,\"height\":1500,\"caption\":\"Kapitalis\"},\"image\":{\"@id\":\"https:\/\/kapitalis.com\/tunisie\/#\/schema\/logo\/image\/\"},\"sameAs\":[\"https:\/\/www.facebook.com\/KapitalisInfo\/\",\"https:\/\/x.com\/KapitalisInfo\",\"https:\/\/www.youtube.com\/channel\/UC-yDYrHyfFBWWZaOw3FPg9Q\"]},{\"@type\":\"Person\",\"@id\":\"https:\/\/kapitalis.com\/tunisie\/#\/schema\/person\/d71f33a9ca44f7bad4698210b480c8e9\",\"name\":\"webmaster kapitalis\",\"url\":\"https:\/\/kapitalis.com\/tunisie\/author\/webmaster-kapitalis\/\"}]}<\/script>\n<!-- \/ Yoast SEO plugin. -->","yoast_head_json":{"title":"La Tunisie d\u00e9ment tout retrait de la Cour africaine des droits de l'homme - Kapitalis","robots":{"index":"index","follow":"follow","max-snippet":"max-snippet:-1","max-image-preview":"max-image-preview:large","max-video-preview":"max-video-preview:-1"},"canonical":"https:\/\/kapitalis.com\/tunisie\/2025\/03\/30\/la-tunisie-dement-tout-retrait-de-la-cour-africaine-des-droits-de-lhomme\/","og_locale":"fr_FR","og_type":"article","og_title":"La Tunisie d\u00e9ment tout retrait de la Cour africaine des droits de l'homme - Kapitalis","og_description":"La Tunisie d\u00e9ment tout retrait du Protocole relatif \u00e0 la Charte portant cr\u00e9ation de la Cour africaine des droits de l'homme et des peuples.","og_url":"https:\/\/kapitalis.com\/tunisie\/2025\/03\/30\/la-tunisie-dement-tout-retrait-de-la-cour-africaine-des-droits-de-lhomme\/","og_site_name":"Kapitalis","article_publisher":"https:\/\/www.facebook.com\/KapitalisInfo\/","article_published_time":"2025-03-30T06:34:00+00:00","article_modified_time":"2025-03-30T11:49:37+00:00","og_image":[{"width":1200,"height":630,"url":"https:\/\/kapitalis.com\/tunisie\/wp-content\/uploads\/2022\/09\/Cour-africaine-des-droits.jpg","type":"image\/jpeg"}],"author":"webmaster kapitalis","twitter_card":"summary_large_image","twitter_creator":"@KapitalisInfo","twitter_site":"@KapitalisInfo","twitter_misc":{"\u00c9crit par":"webmaster kapitalis","Dur\u00e9e de lecture estim\u00e9e":"2 minutes"},"schema":{"@context":"https:\/\/schema.org","@graph":[{"@type":"Article","@id":"https:\/\/kapitalis.com\/tunisie\/2025\/03\/30\/la-tunisie-dement-tout-retrait-de-la-cour-africaine-des-droits-de-lhomme\/#article","isPartOf":{"@id":"https:\/\/kapitalis.com\/tunisie\/2025\/03\/30\/la-tunisie-dement-tout-retrait-de-la-cour-africaine-des-droits-de-lhomme\/"},"author":{"name":"webmaster kapitalis","@id":"https:\/\/kapitalis.com\/tunisie\/#\/schema\/person\/d71f33a9ca44f7bad4698210b480c8e9"},"headline":"La Tunisie d\u00e9ment tout retrait de la Cour africaine des droits de l&rsquo;homme","datePublished":"2025-03-30T06:34:00+00:00","dateModified":"2025-03-30T11:49:37+00:00","mainEntityOfPage":{"@id":"https:\/\/kapitalis.com\/tunisie\/2025\/03\/30\/la-tunisie-dement-tout-retrait-de-la-cour-africaine-des-droits-de-lhomme\/"},"wordCount":256,"commentCount":1,"publisher":{"@id":"https:\/\/kapitalis.com\/tunisie\/#organization"},"image":{"@id":"https:\/\/kapitalis.com\/tunisie\/2025\/03\/30\/la-tunisie-dement-tout-retrait-de-la-cour-africaine-des-droits-de-lhomme\/#primaryimage"},"thumbnailUrl":"https:\/\/kapitalis.com\/tunisie\/wp-content\/uploads\/2022\/09\/Cour-africaine-des-droits.jpg","keywords":["Charte africaine","Cour africaine des droits de l\u2019homme","Tunisie"],"articleSection":["POLITIQUE","Tunisie"],"inLanguage":"fr-FR","potentialAction":[{"@type":"CommentAction","name":"Comment","target":["https:\/\/kapitalis.com\/tunisie\/2025\/03\/30\/la-tunisie-dement-tout-retrait-de-la-cour-africaine-des-droits-de-lhomme\/#respond"]}]},{"@type":"WebPage","@id":"https:\/\/kapitalis.com\/tunisie\/2025\/03\/30\/la-tunisie-dement-tout-retrait-de-la-cour-africaine-des-droits-de-lhomme\/","url":"https:\/\/kapitalis.com\/tunisie\/2025\/03\/30\/la-tunisie-dement-tout-retrait-de-la-cour-africaine-des-droits-de-lhomme\/","name":"La Tunisie d\u00e9ment tout retrait de la Cour africaine des droits de l'homme - Kapitalis","isPartOf":{"@id":"https:\/\/kapitalis.com\/tunisie\/#website"},"primaryImageOfPage":{"@id":"https:\/\/kapitalis.com\/tunisie\/2025\/03\/30\/la-tunisie-dement-tout-retrait-de-la-cour-africaine-des-droits-de-lhomme\/#primaryimage"},"image":{"@id":"https:\/\/kapitalis.com\/tunisie\/2025\/03\/30\/la-tunisie-dement-tout-retrait-de-la-cour-africaine-des-droits-de-lhomme\/#primaryimage"},"thumbnailUrl":"https:\/\/kapitalis.com\/tunisie\/wp-content\/uploads\/2022\/09\/Cour-africaine-des-droits.jpg","datePublished":"2025-03-30T06:34:00+00:00","dateModified":"2025-03-30T11:49:37+00:00","breadcrumb":{"@id":"https:\/\/kapitalis.com\/tunisie\/2025\/03\/30\/la-tunisie-dement-tout-retrait-de-la-cour-africaine-des-droits-de-lhomme\/#breadcrumb"},"inLanguage":"fr-FR","potentialAction":[{"@type":"ReadAction","target":["https:\/\/kapitalis.com\/tunisie\/2025\/03\/30\/la-tunisie-dement-tout-retrait-de-la-cour-africaine-des-droits-de-lhomme\/"]}]},{"@type":"ImageObject","inLanguage":"fr-FR","@id":"https:\/\/kapitalis.com\/tunisie\/2025\/03\/30\/la-tunisie-dement-tout-retrait-de-la-cour-africaine-des-droits-de-lhomme\/#primaryimage","url":"https:\/\/kapitalis.com\/tunisie\/wp-content\/uploads\/2022\/09\/Cour-africaine-des-droits.jpg","contentUrl":"https:\/\/kapitalis.com\/tunisie\/wp-content\/uploads\/2022\/09\/Cour-africaine-des-droits.jpg","width":1200,"height":630},{"@type":"BreadcrumbList","@id":"https:\/\/kapitalis.com\/tunisie\/2025\/03\/30\/la-tunisie-dement-tout-retrait-de-la-cour-africaine-des-droits-de-lhomme\/#breadcrumb","itemListElement":[{"@type":"ListItem","position":1,"name":"Accueil","item":"https:\/\/kapitalis.com\/tunisie\/"},{"@type":"ListItem","position":2,"name":"La Tunisie d\u00e9ment tout retrait de la Cour africaine des droits de l&rsquo;homme"}]},{"@type":"WebSite","@id":"https:\/\/kapitalis.com\/tunisie\/#website","url":"https:\/\/kapitalis.com\/tunisie\/","name":"Kapitalis","description":"L&#039;actualit\u00e9 en Tunisie et dans le monde","publisher":{"@id":"https:\/\/kapitalis.com\/tunisie\/#organization"},"potentialAction":[{"@type":"SearchAction","target":{"@type":"EntryPoint","urlTemplate":"https:\/\/kapitalis.com\/tunisie\/?s={search_term_string}"},"query-input":{"@type":"PropertyValueSpecification","valueRequired":true,"valueName":"search_term_string"}}],"inLanguage":"fr-FR"},{"@type":"Organization","@id":"https:\/\/kapitalis.com\/tunisie\/#organization","name":"Kapitalis","url":"https:\/\/kapitalis.com\/tunisie\/","logo":{"@type":"ImageObject","inLanguage":"fr-FR","@id":"https:\/\/kapitalis.com\/tunisie\/#\/schema\/logo\/image\/","url":"https:\/\/kapitalis.com\/tunisie\/wp-content\/uploads\/2022\/05\/Kapitalis-big-size.png","contentUrl":"https:\/\/kapitalis.com\/tunisie\/wp-content\/uploads\/2022\/05\/Kapitalis-big-size.png","width":5000,"height":1500,"caption":"Kapitalis"},"image":{"@id":"https:\/\/kapitalis.com\/tunisie\/#\/schema\/logo\/image\/"},"sameAs":["https:\/\/www.facebook.com\/KapitalisInfo\/","https:\/\/x.com\/KapitalisInfo","https:\/\/www.youtube.com\/channel\/UC-yDYrHyfFBWWZaOw3FPg9Q"]},{"@type":"Person","@id":"https:\/\/kapitalis.com\/tunisie\/#\/schema\/person\/d71f33a9ca44f7bad4698210b480c8e9","name":"webmaster kapitalis","url":"https:\/\/kapitalis.com\/tunisie\/author\/webmaster-kapitalis\/"}]}},"_links":{"self":[{"href":"https:\/\/kapitalis.com\/tunisie\/wp-json\/wp\/v2\/posts\/16036142","targetHints":{"allow":["GET"]}}],"collection":[{"href":"https:\/\/kapitalis.com\/tunisie\/wp-json\/wp\/v2\/posts"}],"about":[{"href":"https:\/\/kapitalis.com\/tunisie\/wp-json\/wp\/v2\/types\/post"}],"author":[{"embeddable":true,"href":"https:\/\/kapitalis.com\/tunisie\/wp-json\/wp\/v2\/users\/8"}],"replies":[{"embeddable":true,"href":"https:\/\/kapitalis.com\/tunisie\/wp-json\/wp\/v2\/comments?post=16036142"}],"version-history":[{"count":3,"href":"https:\/\/kapitalis.com\/tunisie\/wp-json\/wp\/v2\/posts\/16036142\/revisions"}],"predecessor-version":[{"id":16042393,"href":"https:\/\/kapitalis.com\/tunisie\/wp-json\/wp\/v2\/posts\/16036142\/revisions\/16042393"}],"wp:featuredmedia":[{"embeddable":true,"href":"https:\/\/kapitalis.com\/tunisie\/wp-json\/wp\/v2\/media\/4220687"}],"wp:attachment":[{"href":"https:\/\/kapitalis.com\/tunisie\/wp-json\/wp\/v2\/media?parent=16036142"}],"wp:term":[{"taxonomy":"category","embeddable":true,"href":"https:\/\/kapitalis.com\/tunisie\/wp-json\/wp\/v2\/categories?post=16036142"},{"taxonomy":"post_tag","embeddable":true,"href":"https:\/\/kapitalis.com\/tunisie\/wp-json\/wp\/v2\/tags?post=16036142"}],"curies":[{"name":"wp","href":"https:\/\/api.w.org\/{rel}","templated":true}]}}