{"id":16093,"date":"2015-09-26T09:13:18","date_gmt":"2015-09-26T08:13:18","guid":{"rendered":"http:\/\/kapitalis.com\/tunisie\/?p=16093"},"modified":"2015-09-26T09:13:18","modified_gmt":"2015-09-26T08:13:18","slug":"fitch-confirme-la-notation-de-la-tunisie-a-bb-avec-perspectives-stables","status":"publish","type":"post","link":"https:\/\/kapitalis.com\/tunisie\/2015\/09\/26\/fitch-confirme-la-notation-de-la-tunisie-a-bb-avec-perspectives-stables\/","title":{"rendered":"Fitch confirme la notation de la Tunisie \u00e0 \u2018BB-\u2019 avec \u00abperspectives stables\u00bb"},"content":{"rendered":"<p><img loading=\"lazy\" decoding=\"async\" class=\"alignnone size-full wp-image-16094 aligncenter\" src=\"http:\/\/kapitalis.com\/tunisie\/wp-content\/uploads\/2015\/09\/Fich-Ratings.jpg\" alt=\"Fich-Ratings\" width=\"626\" height=\"380\" \/><\/p>\n<p><em><strong>Fitch Ratings maintient la notation souveraine de la Tunisie, dont la performance macro-\u00e9conomique a \u00e9t\u00e9 en demi-teinte depuis la R\u00e9volution de 2011.<\/strong><\/em><\/p>\n<p>Par <strong>Marwan Chahla<\/strong><\/p>\n<p><!--more--><\/p>\n<p><a href=\"https:\/\/www.fitchratings.com\/site\/fitch-home\/pressrelease?id=991392\" target=\"_blank\">Fitch Ratings<\/a> a confirm\u00e9 la notation souveraine de la Tunisie \u00e0 long terme en devises \u00e9trang\u00e8res et en monnaie locale (Issuer Default Ratings, IDR), respectivement \u00e0 BB- et BB, avec la mention de \u00abperspectives stables.\u00bb<\/p>\n<p>Dans son rapport publi\u00e9 hier, vendredi 25 septembre 2015, l\u2019agence internationale de notation a \u00e9galement confirm\u00e9 sa note des obligations \u00e9trang\u00e8res s\u00e9nior non-garanties \u00e9mises par la Tunisie \u00e0 BB-, et situ\u00e9 la note \u00e0 court terme en devises \u00e9trang\u00e8res \u00e0 B.<\/p>\n<p><strong>Risque politique \u00e9lev\u00e9<\/strong><\/p>\n<p>Le communiqu\u00e9 de Fitch Ratings explique que les IDR \u2018BB-\u2019 de la Tunisie traduisent les principaux motifs \u00e0 l\u2019origine de cette note, \u00e0 savoir que le pays se trouve honorablement class\u00e9 dans la cat\u00e9gorie \u2018BB\u2019 en mati\u00e8re de caract\u00e9ristiques structurelles, notamment pour ce qui concerne ses indicateurs de d\u00e9veloppement et de gouvernance.<\/p>\n<p>En effet, selon Fitch, le PIB par habitant et l\u2019indice de d\u00e9veloppement humain de la Tunisie sont comparables \u00e0 ceux des autres pays qui appartiennent \u00e0 la m\u00eame cat\u00e9gorie, et les indices de la solidit\u00e9 financi\u00e8re et de la facilit\u00e9 \u00e0 faire des affaires tiennent aussi la comparaison avec les cotes m\u00e9dianes de ce m\u00eame groupe de r\u00e9f\u00e9rence.<\/p>\n<p>Fitch Ratings ne manque pas d\u2019attirer l\u2019attention sur le fait que le \u00ab<em>risque politique demeure \u00e9lev\u00e9\u00bb<\/em> en Tunisie, rappelant au passage que les 2 attentats terroristes du Bardo, le 18 mars, et de Sousse, le 26 juin, ont \u00e9t\u00e9 de s\u00e9rieuses \u00e9preuves pour le syst\u00e8me s\u00e9curitaire tunisien.<\/p>\n<p>Cependant, l\u2019agence de notation internationale estime que \u00ab<em>le consensus politique qui pr\u00e9vaut dans le pays a d\u00e9montr\u00e9, \u00e0 plusieurs reprises depuis le d\u00e9but de la R\u00e9volution en 2011, son efficacit\u00e9 et pourra, \u00e0 l\u2019avenir, appuyer encore plus cette stabilit\u00e9 politique dans un environnement difficile.\u00bb<\/em><\/p>\n<p><strong>Am\u00e9lioration et d\u00e9t\u00e9rioration se valent<\/strong><\/p>\n<p>Selon Fitch, la performance macro-\u00e9conomique de la Tunisie a \u00e9t\u00e9 en demi-teinte, depuis la R\u00e9volution, avec une d\u00e9c\u00e9l\u00e9ration de la croissance du PIB r\u00e9el et une inflation montante. M\u00eame si cette derni\u00e8re a enregistr\u00e9 un fl\u00e9chissement et qu\u2019elle se situerait, en fin de cette ann\u00e9e, autour d\u2019une moyenne de 4,7%, la croissance \u00e9conomique tunisienne en 2015 subira un ralentissement pour se trouver en-dessous de 1%, en raison notamment des 2 attaques terroristes qui ont port\u00e9 un coup dur aux secteurs du tourisme et des transports \u2013 tous 2 contributeurs \u00e0 hauteur de 12% au PIB du pays.<\/p>\n<p>L\u2019agence de notation avertit que la relance de l\u2019activit\u00e9 \u00e9conomique repr\u00e9sente la condition sine qua non de la capacit\u00e9 du gouvernement tunisien \u00e0 faire face aux pressions sociales.<\/p>\n<p>Fitch pr\u00e9voit aussi que le d\u00e9ficit budg\u00e9taire de la Tunisie sera inf\u00e9rieur \u00e0 5% du PIB, en d\u00e9pit de la chute des recettes fiscales qu\u2019a entrain\u00e9es la faible croissance \u00e9conomique.<\/p>\n<p>Les \u00ab<em>perspectives stables<\/em>\u00bb que Fitch Ratings accorde \u00e0 la Tunisie refl\u00e8tent les attentes de l\u2019agence internationale que les risques d\u2019am\u00e9lioration et de d\u00e9t\u00e9rioration de la situation en Tunisie se valent.<\/p>\n<p>Le rapport de Fitch explique que les facteurs principaux qui pourraient, individuellement ou collectivement, entrainer une note n\u00e9gative sont: une instabilit\u00e9 politique qui pourrait r\u00e9sulter d\u2019attaques terroristes ou de troubles sociaux; un rel\u00e2chement budg\u00e9taire; un \u00e9chec de la r\u00e9duction du d\u00e9ficit ext\u00e9rieur courant (DEC); un \u00e9chec de la relance de la croissance \u00e9conomique.<\/p>\n<p>Fitch estime que des \u00e9l\u00e9ments essentiels \u2013 comme une am\u00e9lioration structurelle du DEC tunisien, qui r\u00e9duirait les besoins financiers externes du pays, et le renforcement des perspectives de la croissance \u00e9conomique \u2013 peuvent, au contraire, faire pencher positivement la balance de l\u2019\u00e9conomie tunisienne.<\/p>\n","protected":false},"excerpt":{"rendered":"<p>Fitch Ratings maintient la notation souveraine de la Tunisie, dont la performance macro-\u00e9conomique a \u00e9t\u00e9 en demi-teinte depuis la R\u00e9volution de 2011. Par Marwan Chahla<\/p>\n","protected":false},"author":8,"featured_media":16094,"comment_status":"open","ping_status":"open","sticky":false,"template":"","format":"standard","meta":{"footnotes":""},"categories":[992,995,2433],"tags":[4750,5949,6777],"class_list":["post-16093","post","type-post","status-publish","format-standard","has-post-thumbnail","hentry","category-a-la-une","category-economie","category-tunisie","tag-croissance-economique","tag-deficit-budgetaire","tag-fitch-ratings"],"yoast_head":"<!-- This site is optimized with the Yoast SEO plugin v26.6 - https:\/\/yoast.com\/wordpress\/plugins\/seo\/ -->\n<title>Fitch confirme la notation de la Tunisie \u00e0 \u2018BB-\u2019 avec \u00abperspectives stables\u00bb - Kapitalis<\/title>\n<meta name=\"robots\" content=\"index, follow, max-snippet:-1, max-image-preview:large, max-video-preview:-1\" \/>\n<link rel=\"canonical\" href=\"https:\/\/kapitalis.com\/tunisie\/2015\/09\/26\/fitch-confirme-la-notation-de-la-tunisie-a-bb-avec-perspectives-stables\/\" \/>\n<meta property=\"og:locale\" content=\"fr_FR\" \/>\n<meta property=\"og:type\" content=\"article\" \/>\n<meta property=\"og:title\" content=\"Fitch confirme la notation de la Tunisie \u00e0 \u2018BB-\u2019 avec \u00abperspectives stables\u00bb - Kapitalis\" \/>\n<meta property=\"og:description\" content=\"Fitch Ratings maintient la notation souveraine de la Tunisie, dont la performance macro-\u00e9conomique a \u00e9t\u00e9 en demi-teinte depuis la R\u00e9volution de 2011. Par Marwan Chahla\" \/>\n<meta property=\"og:url\" content=\"https:\/\/kapitalis.com\/tunisie\/2015\/09\/26\/fitch-confirme-la-notation-de-la-tunisie-a-bb-avec-perspectives-stables\/\" \/>\n<meta property=\"og:site_name\" content=\"Kapitalis\" \/>\n<meta property=\"article:publisher\" content=\"https:\/\/www.facebook.com\/KapitalisInfo\/\" \/>\n<meta property=\"article:published_time\" content=\"2015-09-26T08:13:18+00:00\" \/>\n<meta property=\"og:image\" content=\"https:\/\/kapitalis.com\/tunisie\/wp-content\/uploads\/2022\/05\/kapitalis-logo-fb.png\" \/>\n\t<meta property=\"og:image:width\" content=\"1200\" \/>\n\t<meta property=\"og:image:height\" content=\"630\" \/>\n\t<meta property=\"og:image:type\" content=\"image\/png\" \/>\n<meta name=\"author\" content=\"webmaster kapitalis\" \/>\n<meta name=\"twitter:card\" content=\"summary_large_image\" \/>\n<meta name=\"twitter:creator\" content=\"@KapitalisInfo\" \/>\n<meta name=\"twitter:site\" content=\"@KapitalisInfo\" \/>\n<meta name=\"twitter:label1\" content=\"\u00c9crit par\" \/>\n\t<meta name=\"twitter:data1\" content=\"webmaster kapitalis\" \/>\n\t<meta name=\"twitter:label2\" content=\"Dur\u00e9e de lecture estim\u00e9e\" \/>\n\t<meta name=\"twitter:data2\" content=\"3 minutes\" \/>\n<script type=\"application\/ld+json\" class=\"yoast-schema-graph\">{\"@context\":\"https:\/\/schema.org\",\"@graph\":[{\"@type\":\"Article\",\"@id\":\"https:\/\/kapitalis.com\/tunisie\/2015\/09\/26\/fitch-confirme-la-notation-de-la-tunisie-a-bb-avec-perspectives-stables\/#article\",\"isPartOf\":{\"@id\":\"https:\/\/kapitalis.com\/tunisie\/2015\/09\/26\/fitch-confirme-la-notation-de-la-tunisie-a-bb-avec-perspectives-stables\/\"},\"author\":{\"name\":\"webmaster kapitalis\",\"@id\":\"https:\/\/kapitalis.com\/tunisie\/#\/schema\/person\/d71f33a9ca44f7bad4698210b480c8e9\"},\"headline\":\"Fitch confirme la notation de la Tunisie \u00e0 \u2018BB-\u2019 avec \u00abperspectives stables\u00bb\",\"datePublished\":\"2015-09-26T08:13:18+00:00\",\"mainEntityOfPage\":{\"@id\":\"https:\/\/kapitalis.com\/tunisie\/2015\/09\/26\/fitch-confirme-la-notation-de-la-tunisie-a-bb-avec-perspectives-stables\/\"},\"wordCount\":644,\"commentCount\":0,\"publisher\":{\"@id\":\"https:\/\/kapitalis.com\/tunisie\/#organization\"},\"image\":{\"@id\":\"https:\/\/kapitalis.com\/tunisie\/2015\/09\/26\/fitch-confirme-la-notation-de-la-tunisie-a-bb-avec-perspectives-stables\/#primaryimage\"},\"thumbnailUrl\":\"\",\"keywords\":[\"croissance \u00e9conomique\",\"d\u00e9ficit budg\u00e9taire\",\"Fitch Ratings\"],\"articleSection\":[\"A LA UNE\",\"ECONOMIE\",\"Tunisie\"],\"inLanguage\":\"fr-FR\",\"potentialAction\":[{\"@type\":\"CommentAction\",\"name\":\"Comment\",\"target\":[\"https:\/\/kapitalis.com\/tunisie\/2015\/09\/26\/fitch-confirme-la-notation-de-la-tunisie-a-bb-avec-perspectives-stables\/#respond\"]}]},{\"@type\":\"WebPage\",\"@id\":\"https:\/\/kapitalis.com\/tunisie\/2015\/09\/26\/fitch-confirme-la-notation-de-la-tunisie-a-bb-avec-perspectives-stables\/\",\"url\":\"https:\/\/kapitalis.com\/tunisie\/2015\/09\/26\/fitch-confirme-la-notation-de-la-tunisie-a-bb-avec-perspectives-stables\/\",\"name\":\"Fitch confirme la notation de la Tunisie \u00e0 \u2018BB-\u2019 avec \u00abperspectives stables\u00bb - Kapitalis\",\"isPartOf\":{\"@id\":\"https:\/\/kapitalis.com\/tunisie\/#website\"},\"primaryImageOfPage\":{\"@id\":\"https:\/\/kapitalis.com\/tunisie\/2015\/09\/26\/fitch-confirme-la-notation-de-la-tunisie-a-bb-avec-perspectives-stables\/#primaryimage\"},\"image\":{\"@id\":\"https:\/\/kapitalis.com\/tunisie\/2015\/09\/26\/fitch-confirme-la-notation-de-la-tunisie-a-bb-avec-perspectives-stables\/#primaryimage\"},\"thumbnailUrl\":\"\",\"datePublished\":\"2015-09-26T08:13:18+00:00\",\"breadcrumb\":{\"@id\":\"https:\/\/kapitalis.com\/tunisie\/2015\/09\/26\/fitch-confirme-la-notation-de-la-tunisie-a-bb-avec-perspectives-stables\/#breadcrumb\"},\"inLanguage\":\"fr-FR\",\"potentialAction\":[{\"@type\":\"ReadAction\",\"target\":[\"https:\/\/kapitalis.com\/tunisie\/2015\/09\/26\/fitch-confirme-la-notation-de-la-tunisie-a-bb-avec-perspectives-stables\/\"]}]},{\"@type\":\"ImageObject\",\"inLanguage\":\"fr-FR\",\"@id\":\"https:\/\/kapitalis.com\/tunisie\/2015\/09\/26\/fitch-confirme-la-notation-de-la-tunisie-a-bb-avec-perspectives-stables\/#primaryimage\",\"url\":\"\",\"contentUrl\":\"\"},{\"@type\":\"BreadcrumbList\",\"@id\":\"https:\/\/kapitalis.com\/tunisie\/2015\/09\/26\/fitch-confirme-la-notation-de-la-tunisie-a-bb-avec-perspectives-stables\/#breadcrumb\",\"itemListElement\":[{\"@type\":\"ListItem\",\"position\":1,\"name\":\"Accueil\",\"item\":\"https:\/\/kapitalis.com\/tunisie\/\"},{\"@type\":\"ListItem\",\"position\":2,\"name\":\"Fitch confirme la notation de la Tunisie \u00e0 \u2018BB-\u2019 avec \u00abperspectives stables\u00bb\"}]},{\"@type\":\"WebSite\",\"@id\":\"https:\/\/kapitalis.com\/tunisie\/#website\",\"url\":\"https:\/\/kapitalis.com\/tunisie\/\",\"name\":\"Kapitalis\",\"description\":\"L&#039;actualit\u00e9 en Tunisie et dans le monde\",\"publisher\":{\"@id\":\"https:\/\/kapitalis.com\/tunisie\/#organization\"},\"potentialAction\":[{\"@type\":\"SearchAction\",\"target\":{\"@type\":\"EntryPoint\",\"urlTemplate\":\"https:\/\/kapitalis.com\/tunisie\/?s={search_term_string}\"},\"query-input\":{\"@type\":\"PropertyValueSpecification\",\"valueRequired\":true,\"valueName\":\"search_term_string\"}}],\"inLanguage\":\"fr-FR\"},{\"@type\":\"Organization\",\"@id\":\"https:\/\/kapitalis.com\/tunisie\/#organization\",\"name\":\"Kapitalis\",\"url\":\"https:\/\/kapitalis.com\/tunisie\/\",\"logo\":{\"@type\":\"ImageObject\",\"inLanguage\":\"fr-FR\",\"@id\":\"https:\/\/kapitalis.com\/tunisie\/#\/schema\/logo\/image\/\",\"url\":\"https:\/\/kapitalis.com\/tunisie\/wp-content\/uploads\/2022\/05\/Kapitalis-big-size.png\",\"contentUrl\":\"https:\/\/kapitalis.com\/tunisie\/wp-content\/uploads\/2022\/05\/Kapitalis-big-size.png\",\"width\":5000,\"height\":1500,\"caption\":\"Kapitalis\"},\"image\":{\"@id\":\"https:\/\/kapitalis.com\/tunisie\/#\/schema\/logo\/image\/\"},\"sameAs\":[\"https:\/\/www.facebook.com\/KapitalisInfo\/\",\"https:\/\/x.com\/KapitalisInfo\",\"https:\/\/www.youtube.com\/channel\/UC-yDYrHyfFBWWZaOw3FPg9Q\"]},{\"@type\":\"Person\",\"@id\":\"https:\/\/kapitalis.com\/tunisie\/#\/schema\/person\/d71f33a9ca44f7bad4698210b480c8e9\",\"name\":\"webmaster kapitalis\",\"url\":\"https:\/\/kapitalis.com\/tunisie\/author\/webmaster-kapitalis\/\"}]}<\/script>\n<!-- \/ Yoast SEO plugin. -->","yoast_head_json":{"title":"Fitch confirme la notation de la Tunisie \u00e0 \u2018BB-\u2019 avec \u00abperspectives stables\u00bb - Kapitalis","robots":{"index":"index","follow":"follow","max-snippet":"max-snippet:-1","max-image-preview":"max-image-preview:large","max-video-preview":"max-video-preview:-1"},"canonical":"https:\/\/kapitalis.com\/tunisie\/2015\/09\/26\/fitch-confirme-la-notation-de-la-tunisie-a-bb-avec-perspectives-stables\/","og_locale":"fr_FR","og_type":"article","og_title":"Fitch confirme la notation de la Tunisie \u00e0 \u2018BB-\u2019 avec \u00abperspectives stables\u00bb - Kapitalis","og_description":"Fitch Ratings maintient la notation souveraine de la Tunisie, dont la performance macro-\u00e9conomique a \u00e9t\u00e9 en demi-teinte depuis la R\u00e9volution de 2011. Par Marwan Chahla","og_url":"https:\/\/kapitalis.com\/tunisie\/2015\/09\/26\/fitch-confirme-la-notation-de-la-tunisie-a-bb-avec-perspectives-stables\/","og_site_name":"Kapitalis","article_publisher":"https:\/\/www.facebook.com\/KapitalisInfo\/","article_published_time":"2015-09-26T08:13:18+00:00","og_image":[{"width":1200,"height":630,"url":"https:\/\/kapitalis.com\/tunisie\/wp-content\/uploads\/2022\/05\/kapitalis-logo-fb.png","type":"image\/png"}],"author":"webmaster kapitalis","twitter_card":"summary_large_image","twitter_creator":"@KapitalisInfo","twitter_site":"@KapitalisInfo","twitter_misc":{"\u00c9crit par":"webmaster kapitalis","Dur\u00e9e de lecture estim\u00e9e":"3 minutes"},"schema":{"@context":"https:\/\/schema.org","@graph":[{"@type":"Article","@id":"https:\/\/kapitalis.com\/tunisie\/2015\/09\/26\/fitch-confirme-la-notation-de-la-tunisie-a-bb-avec-perspectives-stables\/#article","isPartOf":{"@id":"https:\/\/kapitalis.com\/tunisie\/2015\/09\/26\/fitch-confirme-la-notation-de-la-tunisie-a-bb-avec-perspectives-stables\/"},"author":{"name":"webmaster kapitalis","@id":"https:\/\/kapitalis.com\/tunisie\/#\/schema\/person\/d71f33a9ca44f7bad4698210b480c8e9"},"headline":"Fitch confirme la notation de la Tunisie \u00e0 \u2018BB-\u2019 avec \u00abperspectives stables\u00bb","datePublished":"2015-09-26T08:13:18+00:00","mainEntityOfPage":{"@id":"https:\/\/kapitalis.com\/tunisie\/2015\/09\/26\/fitch-confirme-la-notation-de-la-tunisie-a-bb-avec-perspectives-stables\/"},"wordCount":644,"commentCount":0,"publisher":{"@id":"https:\/\/kapitalis.com\/tunisie\/#organization"},"image":{"@id":"https:\/\/kapitalis.com\/tunisie\/2015\/09\/26\/fitch-confirme-la-notation-de-la-tunisie-a-bb-avec-perspectives-stables\/#primaryimage"},"thumbnailUrl":"","keywords":["croissance \u00e9conomique","d\u00e9ficit budg\u00e9taire","Fitch Ratings"],"articleSection":["A LA UNE","ECONOMIE","Tunisie"],"inLanguage":"fr-FR","potentialAction":[{"@type":"CommentAction","name":"Comment","target":["https:\/\/kapitalis.com\/tunisie\/2015\/09\/26\/fitch-confirme-la-notation-de-la-tunisie-a-bb-avec-perspectives-stables\/#respond"]}]},{"@type":"WebPage","@id":"https:\/\/kapitalis.com\/tunisie\/2015\/09\/26\/fitch-confirme-la-notation-de-la-tunisie-a-bb-avec-perspectives-stables\/","url":"https:\/\/kapitalis.com\/tunisie\/2015\/09\/26\/fitch-confirme-la-notation-de-la-tunisie-a-bb-avec-perspectives-stables\/","name":"Fitch confirme la notation de la Tunisie \u00e0 \u2018BB-\u2019 avec \u00abperspectives stables\u00bb - Kapitalis","isPartOf":{"@id":"https:\/\/kapitalis.com\/tunisie\/#website"},"primaryImageOfPage":{"@id":"https:\/\/kapitalis.com\/tunisie\/2015\/09\/26\/fitch-confirme-la-notation-de-la-tunisie-a-bb-avec-perspectives-stables\/#primaryimage"},"image":{"@id":"https:\/\/kapitalis.com\/tunisie\/2015\/09\/26\/fitch-confirme-la-notation-de-la-tunisie-a-bb-avec-perspectives-stables\/#primaryimage"},"thumbnailUrl":"","datePublished":"2015-09-26T08:13:18+00:00","breadcrumb":{"@id":"https:\/\/kapitalis.com\/tunisie\/2015\/09\/26\/fitch-confirme-la-notation-de-la-tunisie-a-bb-avec-perspectives-stables\/#breadcrumb"},"inLanguage":"fr-FR","potentialAction":[{"@type":"ReadAction","target":["https:\/\/kapitalis.com\/tunisie\/2015\/09\/26\/fitch-confirme-la-notation-de-la-tunisie-a-bb-avec-perspectives-stables\/"]}]},{"@type":"ImageObject","inLanguage":"fr-FR","@id":"https:\/\/kapitalis.com\/tunisie\/2015\/09\/26\/fitch-confirme-la-notation-de-la-tunisie-a-bb-avec-perspectives-stables\/#primaryimage","url":"","contentUrl":""},{"@type":"BreadcrumbList","@id":"https:\/\/kapitalis.com\/tunisie\/2015\/09\/26\/fitch-confirme-la-notation-de-la-tunisie-a-bb-avec-perspectives-stables\/#breadcrumb","itemListElement":[{"@type":"ListItem","position":1,"name":"Accueil","item":"https:\/\/kapitalis.com\/tunisie\/"},{"@type":"ListItem","position":2,"name":"Fitch confirme la notation de la Tunisie \u00e0 \u2018BB-\u2019 avec \u00abperspectives stables\u00bb"}]},{"@type":"WebSite","@id":"https:\/\/kapitalis.com\/tunisie\/#website","url":"https:\/\/kapitalis.com\/tunisie\/","name":"Kapitalis","description":"L&#039;actualit\u00e9 en Tunisie et dans le monde","publisher":{"@id":"https:\/\/kapitalis.com\/tunisie\/#organization"},"potentialAction":[{"@type":"SearchAction","target":{"@type":"EntryPoint","urlTemplate":"https:\/\/kapitalis.com\/tunisie\/?s={search_term_string}"},"query-input":{"@type":"PropertyValueSpecification","valueRequired":true,"valueName":"search_term_string"}}],"inLanguage":"fr-FR"},{"@type":"Organization","@id":"https:\/\/kapitalis.com\/tunisie\/#organization","name":"Kapitalis","url":"https:\/\/kapitalis.com\/tunisie\/","logo":{"@type":"ImageObject","inLanguage":"fr-FR","@id":"https:\/\/kapitalis.com\/tunisie\/#\/schema\/logo\/image\/","url":"https:\/\/kapitalis.com\/tunisie\/wp-content\/uploads\/2022\/05\/Kapitalis-big-size.png","contentUrl":"https:\/\/kapitalis.com\/tunisie\/wp-content\/uploads\/2022\/05\/Kapitalis-big-size.png","width":5000,"height":1500,"caption":"Kapitalis"},"image":{"@id":"https:\/\/kapitalis.com\/tunisie\/#\/schema\/logo\/image\/"},"sameAs":["https:\/\/www.facebook.com\/KapitalisInfo\/","https:\/\/x.com\/KapitalisInfo","https:\/\/www.youtube.com\/channel\/UC-yDYrHyfFBWWZaOw3FPg9Q"]},{"@type":"Person","@id":"https:\/\/kapitalis.com\/tunisie\/#\/schema\/person\/d71f33a9ca44f7bad4698210b480c8e9","name":"webmaster kapitalis","url":"https:\/\/kapitalis.com\/tunisie\/author\/webmaster-kapitalis\/"}]}},"_links":{"self":[{"href":"https:\/\/kapitalis.com\/tunisie\/wp-json\/wp\/v2\/posts\/16093","targetHints":{"allow":["GET"]}}],"collection":[{"href":"https:\/\/kapitalis.com\/tunisie\/wp-json\/wp\/v2\/posts"}],"about":[{"href":"https:\/\/kapitalis.com\/tunisie\/wp-json\/wp\/v2\/types\/post"}],"author":[{"embeddable":true,"href":"https:\/\/kapitalis.com\/tunisie\/wp-json\/wp\/v2\/users\/8"}],"replies":[{"embeddable":true,"href":"https:\/\/kapitalis.com\/tunisie\/wp-json\/wp\/v2\/comments?post=16093"}],"version-history":[{"count":0,"href":"https:\/\/kapitalis.com\/tunisie\/wp-json\/wp\/v2\/posts\/16093\/revisions"}],"wp:featuredmedia":[{"embeddable":true,"href":"https:\/\/kapitalis.com\/tunisie\/wp-json\/wp\/v2\/media\/16094"}],"wp:attachment":[{"href":"https:\/\/kapitalis.com\/tunisie\/wp-json\/wp\/v2\/media?parent=16093"}],"wp:term":[{"taxonomy":"category","embeddable":true,"href":"https:\/\/kapitalis.com\/tunisie\/wp-json\/wp\/v2\/categories?post=16093"},{"taxonomy":"post_tag","embeddable":true,"href":"https:\/\/kapitalis.com\/tunisie\/wp-json\/wp\/v2\/tags?post=16093"}],"curies":[{"name":"wp","href":"https:\/\/api.w.org\/{rel}","templated":true}]}}