{"id":16101262,"date":"2025-04-05T22:52:42","date_gmt":"2025-04-05T21:52:42","guid":{"rendered":"https:\/\/kapitalis.com\/tunisie\/?p=16101262"},"modified":"2025-04-05T23:11:57","modified_gmt":"2025-04-05T22:11:57","slug":"affaire-des-bebes-de-la-maternite-de-la-rabta-confirmation-de-la-condamnation","status":"publish","type":"post","link":"https:\/\/kapitalis.com\/tunisie\/2025\/04\/05\/affaire-des-bebes-de-la-maternite-de-la-rabta-confirmation-de-la-condamnation\/","title":{"rendered":"Affaire des b\u00e9b\u00e9s de la maternit\u00e9 de la Rabta | Confirmation de la condamnation"},"content":{"rendered":"\n<p><strong><em>La chambre correctionnelle de la Cour d&rsquo;appel de Tunis a confirm\u00e9 la condamnation des accus\u00e9s dans l&rsquo;affaire tragique des d\u00e9c\u00e8s de nourrissons survenus \u00e0 l&rsquo;h\u00f4pital de la Rabta de Tunis.<\/em><\/strong><\/p>\n\n\n\n<!--more-->\n\n\n\n<p>La d\u00e9cision rendue par la Cour d&rsquo;appel maintient la peine de huit mois de prison contre les accus\u00e9s et ce pour chacun des quatorze cas distincts de d\u00e9c\u00e8s de nourrissons pour lesquels ils sont poursuivis et n&rsquo;ont pas b\u00e9n\u00e9fici\u00e9 du cumul des peines.<\/p>\n\n\n\n<p>La Cour d&rsquo;appel a \u00e9galement confirm\u00e9 l&rsquo;amende de trente mille dinars tunisiens (TND) qui devra \u00eatre vers\u00e9e \u00e0 chaque famille ayant perdu son b\u00e9b\u00e9 dans cette affaire.<\/p>\n\n\n\n<p>Les trois personnes condamn\u00e9es sont la directrice du centre de maternit\u00e9 et de n\u00e9onatologie, le directeur de la maintenance et le directeur du service de pharmacie de l&rsquo;h\u00f4pital de la Rabta.<\/p>\n\n\n\n<figure class=\"wp-block-embed is-type-wp-embed is-provider-kapitalis wp-block-embed-kapitalis\"><div class=\"wp-block-embed__wrapper\">\n<blockquote class=\"wp-embedded-content\" data-secret=\"dXxRStIzRr\"><a href=\"https:\/\/kapitalis.com\/tunisie\/2019\/03\/09\/deces-de-bebes-a-lhopital-wassila-bourguiba-le-bilan-salourdit\/\">D\u00e9c\u00e8s de b\u00e9b\u00e9s \u00e0 l&rsquo;h\u00f4pital Wassila Bourguiba : Le bilan s&rsquo;alourdit !<\/a><\/blockquote><iframe loading=\"lazy\" class=\"wp-embedded-content\" sandbox=\"allow-scripts\" security=\"restricted\" style=\"position: absolute; visibility: hidden;\" title=\"\u00ab\u00a0D\u00e9c\u00e8s de b\u00e9b\u00e9s \u00e0 l&rsquo;h\u00f4pital Wassila Bourguiba : Le bilan s&rsquo;alourdit !\u00a0\u00bb &#8212; Kapitalis\" src=\"https:\/\/kapitalis.com\/tunisie\/2019\/03\/09\/deces-de-bebes-a-lhopital-wassila-bourguiba-le-bilan-salourdit\/embed\/#?secret=fOxdJ4LSfe#?secret=dXxRStIzRr\" data-secret=\"dXxRStIzRr\" width=\"600\" height=\"338\" frameborder=\"0\" marginwidth=\"0\" marginheight=\"0\" scrolling=\"no\"><\/iframe>\n<\/div><\/figure>\n\n\n\n<p>Rappelons que ce drame r\u00e9v\u00e9l\u00e9 par une source en exclusivit\u00e9 \u00e0 <a href=\"https:\/\/kapitalis.com\/tunisie\/2019\/03\/08\/hopital-wassila-bourguiba-en-24-h-7-bebes-meurent-dun-choc-septique\/#comments\">Kapitalis<\/a>, d\u00e9but mars 2019 et que l&rsquo;enqu\u00eate men\u00e9e avait affirm\u00e9 le d\u00e9c\u00e8s des nourrissons des suites d\u2019une infection nosocomiale transmise via l\u2019alimentation parent\u00e9rale au Centre de maternit\u00e9 et de n\u00e9onatologie Wassila Bourguiba de l\u2019h\u00f4pital Rabta \u00e0 Tunis.<\/p>\n\n\n\n<p class=\"has-text-align-right\"><strong>Y. N.<\/strong><\/p>\n\n\n\n<figure class=\"wp-block-embed is-type-wp-embed is-provider-kapitalis wp-block-embed-kapitalis\"><div class=\"wp-block-embed__wrapper\">\n<blockquote class=\"wp-embedded-content\" data-secret=\"qWgzfA0wJK\"><a href=\"https:\/\/kapitalis.com\/tunisie\/2023\/07\/08\/verdict-et-contestations-dans-laffaire-des-nourrissons-decedes-a-la-maternite-de-la-rabta\/\">Verdict et contestations dans l&rsquo;affaire des nourrissons d\u00e9c\u00e9d\u00e9s \u00e0 la maternit\u00e9 de la Rabta<\/a><\/blockquote><iframe loading=\"lazy\" class=\"wp-embedded-content\" sandbox=\"allow-scripts\" security=\"restricted\" style=\"position: absolute; visibility: hidden;\" title=\"\u00ab\u00a0Verdict et contestations dans l&rsquo;affaire des nourrissons d\u00e9c\u00e9d\u00e9s \u00e0 la maternit\u00e9 de la Rabta\u00a0\u00bb &#8212; Kapitalis\" src=\"https:\/\/kapitalis.com\/tunisie\/2023\/07\/08\/verdict-et-contestations-dans-laffaire-des-nourrissons-decedes-a-la-maternite-de-la-rabta\/embed\/#?secret=FxRXBvP4ww#?secret=qWgzfA0wJK\" data-secret=\"qWgzfA0wJK\" width=\"600\" height=\"338\" frameborder=\"0\" marginwidth=\"0\" marginheight=\"0\" scrolling=\"no\"><\/iframe>\n<\/div><\/figure>\n\n\n\n<figure class=\"wp-block-embed is-type-wp-embed is-provider-kapitalis wp-block-embed-kapitalis\"><div class=\"wp-block-embed__wrapper\">\n<blockquote class=\"wp-embedded-content\" data-secret=\"wUgkqouHbY\"><a href=\"https:\/\/kapitalis.com\/tunisie\/2019\/03\/08\/hopital-wassila-bourguiba-en-24-h-7-bebes-meurent-dun-choc-septique\/\">H\u00f4pital Wassila Bourguiba: En 24 h, 7 b\u00e9b\u00e9s meurent d\u2019un choc septique<\/a><\/blockquote><iframe loading=\"lazy\" class=\"wp-embedded-content\" sandbox=\"allow-scripts\" security=\"restricted\" style=\"position: absolute; visibility: hidden;\" title=\"\u00ab\u00a0H\u00f4pital Wassila Bourguiba: En 24 h, 7 b\u00e9b\u00e9s meurent d\u2019un choc septique\u00a0\u00bb &#8212; Kapitalis\" src=\"https:\/\/kapitalis.com\/tunisie\/2019\/03\/08\/hopital-wassila-bourguiba-en-24-h-7-bebes-meurent-dun-choc-septique\/embed\/#?secret=7uQdDiasgs#?secret=wUgkqouHbY\" data-secret=\"wUgkqouHbY\" width=\"600\" height=\"338\" frameborder=\"0\" marginwidth=\"0\" marginheight=\"0\" scrolling=\"no\"><\/iframe>\n<\/div><\/figure>\n","protected":false},"excerpt":{"rendered":"<p>La chambre correctionnelle de la Cour d&rsquo;appel de Tunis a confirm\u00e9 la condamnation des accus\u00e9s dans l&rsquo;affaire tragique des d\u00e9c\u00e8s de nourrissons survenus \u00e0 l&rsquo;h\u00f4pital de la Rabta de Tunis.<\/p>\n","protected":false},"author":6,"featured_media":1532114,"comment_status":"open","ping_status":"open","sticky":false,"template":"","format":"standard","meta":{"footnotes":""},"categories":[998,2433],"tags":[121605,242,39100,12652,62643],"class_list":["post-16101262","post","type-post","status-publish","format-standard","has-post-thumbnail","hentry","category-societe","category-tunisie","tag-alimentation-parenterale","tag-cour-dappel","tag-infection-nosocomiale","tag-la-rabta","tag-tunisie"],"yoast_head":"<!-- This site is optimized with the Yoast SEO plugin v26.6 - https:\/\/yoast.com\/wordpress\/plugins\/seo\/ -->\n<title>Affaire des b\u00e9b\u00e9s de la maternit\u00e9 de la Rabta | Confirmation de la condamnation - Kapitalis<\/title>\n<meta name=\"robots\" content=\"index, follow, max-snippet:-1, max-image-preview:large, max-video-preview:-1\" \/>\n<link rel=\"canonical\" href=\"https:\/\/kapitalis.com\/tunisie\/2025\/04\/05\/affaire-des-bebes-de-la-maternite-de-la-rabta-confirmation-de-la-condamnation\/\" \/>\n<meta property=\"og:locale\" content=\"fr_FR\" \/>\n<meta property=\"og:type\" content=\"article\" \/>\n<meta property=\"og:title\" content=\"Affaire des b\u00e9b\u00e9s de la maternit\u00e9 de la Rabta | Confirmation de la condamnation - Kapitalis\" \/>\n<meta property=\"og:description\" content=\"La chambre correctionnelle de la Cour d&rsquo;appel de Tunis a confirm\u00e9 la condamnation des accus\u00e9s dans l&rsquo;affaire tragique des d\u00e9c\u00e8s de nourrissons survenus \u00e0 l&rsquo;h\u00f4pital de la Rabta de Tunis.\" \/>\n<meta property=\"og:url\" content=\"https:\/\/kapitalis.com\/tunisie\/2025\/04\/05\/affaire-des-bebes-de-la-maternite-de-la-rabta-confirmation-de-la-condamnation\/\" \/>\n<meta property=\"og:site_name\" content=\"Kapitalis\" \/>\n<meta property=\"article:publisher\" content=\"https:\/\/www.facebook.com\/KapitalisInfo\/\" \/>\n<meta property=\"article:published_time\" content=\"2025-04-05T21:52:42+00:00\" \/>\n<meta property=\"article:modified_time\" content=\"2025-04-05T22:11:57+00:00\" \/>\n<meta property=\"og:image\" content=\"https:\/\/kapitalis.com\/tunisie\/wp-content\/uploads\/2022\/06\/bebe-1.jpg\" \/>\n\t<meta property=\"og:image:width\" content=\"1200\" \/>\n\t<meta property=\"og:image:height\" content=\"630\" \/>\n\t<meta property=\"og:image:type\" content=\"image\/jpeg\" \/>\n<meta name=\"author\" content=\"Yusra NY\" \/>\n<meta name=\"twitter:card\" content=\"summary_large_image\" \/>\n<meta name=\"twitter:creator\" content=\"@KapitalisInfo\" \/>\n<meta name=\"twitter:site\" content=\"@KapitalisInfo\" \/>\n<meta name=\"twitter:label1\" content=\"\u00c9crit par\" \/>\n\t<meta name=\"twitter:data1\" content=\"Yusra NY\" \/>\n\t<meta name=\"twitter:label2\" content=\"Dur\u00e9e de lecture estim\u00e9e\" \/>\n\t<meta name=\"twitter:data2\" content=\"2 minutes\" \/>\n<script type=\"application\/ld+json\" class=\"yoast-schema-graph\">{\"@context\":\"https:\/\/schema.org\",\"@graph\":[{\"@type\":\"Article\",\"@id\":\"https:\/\/kapitalis.com\/tunisie\/2025\/04\/05\/affaire-des-bebes-de-la-maternite-de-la-rabta-confirmation-de-la-condamnation\/#article\",\"isPartOf\":{\"@id\":\"https:\/\/kapitalis.com\/tunisie\/2025\/04\/05\/affaire-des-bebes-de-la-maternite-de-la-rabta-confirmation-de-la-condamnation\/\"},\"author\":{\"name\":\"Yusra NY\",\"@id\":\"https:\/\/kapitalis.com\/tunisie\/#\/schema\/person\/74bbde0154d49d790a92aaeac5bc01d5\"},\"headline\":\"Affaire des b\u00e9b\u00e9s de la maternit\u00e9 de la Rabta | Confirmation de la condamnation\",\"datePublished\":\"2025-04-05T21:52:42+00:00\",\"dateModified\":\"2025-04-05T22:11:57+00:00\",\"mainEntityOfPage\":{\"@id\":\"https:\/\/kapitalis.com\/tunisie\/2025\/04\/05\/affaire-des-bebes-de-la-maternite-de-la-rabta-confirmation-de-la-condamnation\/\"},\"wordCount\":237,\"commentCount\":1,\"publisher\":{\"@id\":\"https:\/\/kapitalis.com\/tunisie\/#organization\"},\"image\":{\"@id\":\"https:\/\/kapitalis.com\/tunisie\/2025\/04\/05\/affaire-des-bebes-de-la-maternite-de-la-rabta-confirmation-de-la-condamnation\/#primaryimage\"},\"thumbnailUrl\":\"https:\/\/kapitalis.com\/tunisie\/wp-content\/uploads\/2022\/06\/bebe-1.jpg\",\"keywords\":[\"alimentation parent\u00e9rale\",\"cour d'appel\",\"infection nosocomiale\",\"La Rabta\",\"Tunisie\"],\"articleSection\":[\"SOCIETE\",\"Tunisie\"],\"inLanguage\":\"fr-FR\",\"potentialAction\":[{\"@type\":\"CommentAction\",\"name\":\"Comment\",\"target\":[\"https:\/\/kapitalis.com\/tunisie\/2025\/04\/05\/affaire-des-bebes-de-la-maternite-de-la-rabta-confirmation-de-la-condamnation\/#respond\"]}]},{\"@type\":\"WebPage\",\"@id\":\"https:\/\/kapitalis.com\/tunisie\/2025\/04\/05\/affaire-des-bebes-de-la-maternite-de-la-rabta-confirmation-de-la-condamnation\/\",\"url\":\"https:\/\/kapitalis.com\/tunisie\/2025\/04\/05\/affaire-des-bebes-de-la-maternite-de-la-rabta-confirmation-de-la-condamnation\/\",\"name\":\"Affaire des b\u00e9b\u00e9s de la maternit\u00e9 de la Rabta | Confirmation de la condamnation - Kapitalis\",\"isPartOf\":{\"@id\":\"https:\/\/kapitalis.com\/tunisie\/#website\"},\"primaryImageOfPage\":{\"@id\":\"https:\/\/kapitalis.com\/tunisie\/2025\/04\/05\/affaire-des-bebes-de-la-maternite-de-la-rabta-confirmation-de-la-condamnation\/#primaryimage\"},\"image\":{\"@id\":\"https:\/\/kapitalis.com\/tunisie\/2025\/04\/05\/affaire-des-bebes-de-la-maternite-de-la-rabta-confirmation-de-la-condamnation\/#primaryimage\"},\"thumbnailUrl\":\"https:\/\/kapitalis.com\/tunisie\/wp-content\/uploads\/2022\/06\/bebe-1.jpg\",\"datePublished\":\"2025-04-05T21:52:42+00:00\",\"dateModified\":\"2025-04-05T22:11:57+00:00\",\"breadcrumb\":{\"@id\":\"https:\/\/kapitalis.com\/tunisie\/2025\/04\/05\/affaire-des-bebes-de-la-maternite-de-la-rabta-confirmation-de-la-condamnation\/#breadcrumb\"},\"inLanguage\":\"fr-FR\",\"potentialAction\":[{\"@type\":\"ReadAction\",\"target\":[\"https:\/\/kapitalis.com\/tunisie\/2025\/04\/05\/affaire-des-bebes-de-la-maternite-de-la-rabta-confirmation-de-la-condamnation\/\"]}]},{\"@type\":\"ImageObject\",\"inLanguage\":\"fr-FR\",\"@id\":\"https:\/\/kapitalis.com\/tunisie\/2025\/04\/05\/affaire-des-bebes-de-la-maternite-de-la-rabta-confirmation-de-la-condamnation\/#primaryimage\",\"url\":\"https:\/\/kapitalis.com\/tunisie\/wp-content\/uploads\/2022\/06\/bebe-1.jpg\",\"contentUrl\":\"https:\/\/kapitalis.com\/tunisie\/wp-content\/uploads\/2022\/06\/bebe-1.jpg\",\"width\":1200,\"height\":630},{\"@type\":\"BreadcrumbList\",\"@id\":\"https:\/\/kapitalis.com\/tunisie\/2025\/04\/05\/affaire-des-bebes-de-la-maternite-de-la-rabta-confirmation-de-la-condamnation\/#breadcrumb\",\"itemListElement\":[{\"@type\":\"ListItem\",\"position\":1,\"name\":\"Accueil\",\"item\":\"https:\/\/kapitalis.com\/tunisie\/\"},{\"@type\":\"ListItem\",\"position\":2,\"name\":\"Affaire des b\u00e9b\u00e9s de la maternit\u00e9 de la Rabta | Confirmation de la condamnation\"}]},{\"@type\":\"WebSite\",\"@id\":\"https:\/\/kapitalis.com\/tunisie\/#website\",\"url\":\"https:\/\/kapitalis.com\/tunisie\/\",\"name\":\"Kapitalis\",\"description\":\"L&#039;actualit\u00e9 en Tunisie et dans le monde\",\"publisher\":{\"@id\":\"https:\/\/kapitalis.com\/tunisie\/#organization\"},\"potentialAction\":[{\"@type\":\"SearchAction\",\"target\":{\"@type\":\"EntryPoint\",\"urlTemplate\":\"https:\/\/kapitalis.com\/tunisie\/?s={search_term_string}\"},\"query-input\":{\"@type\":\"PropertyValueSpecification\",\"valueRequired\":true,\"valueName\":\"search_term_string\"}}],\"inLanguage\":\"fr-FR\"},{\"@type\":\"Organization\",\"@id\":\"https:\/\/kapitalis.com\/tunisie\/#organization\",\"name\":\"Kapitalis\",\"url\":\"https:\/\/kapitalis.com\/tunisie\/\",\"logo\":{\"@type\":\"ImageObject\",\"inLanguage\":\"fr-FR\",\"@id\":\"https:\/\/kapitalis.com\/tunisie\/#\/schema\/logo\/image\/\",\"url\":\"https:\/\/kapitalis.com\/tunisie\/wp-content\/uploads\/2022\/05\/Kapitalis-big-size.png\",\"contentUrl\":\"https:\/\/kapitalis.com\/tunisie\/wp-content\/uploads\/2022\/05\/Kapitalis-big-size.png\",\"width\":5000,\"height\":1500,\"caption\":\"Kapitalis\"},\"image\":{\"@id\":\"https:\/\/kapitalis.com\/tunisie\/#\/schema\/logo\/image\/\"},\"sameAs\":[\"https:\/\/www.facebook.com\/KapitalisInfo\/\",\"https:\/\/x.com\/KapitalisInfo\",\"https:\/\/www.youtube.com\/channel\/UC-yDYrHyfFBWWZaOw3FPg9Q\"]},{\"@type\":\"Person\",\"@id\":\"https:\/\/kapitalis.com\/tunisie\/#\/schema\/person\/74bbde0154d49d790a92aaeac5bc01d5\",\"name\":\"Yusra NY\",\"url\":\"https:\/\/kapitalis.com\/tunisie\/author\/yuza_adam\/\"}]}<\/script>\n<!-- \/ Yoast SEO plugin. -->","yoast_head_json":{"title":"Affaire des b\u00e9b\u00e9s de la maternit\u00e9 de la Rabta | Confirmation de la condamnation - Kapitalis","robots":{"index":"index","follow":"follow","max-snippet":"max-snippet:-1","max-image-preview":"max-image-preview:large","max-video-preview":"max-video-preview:-1"},"canonical":"https:\/\/kapitalis.com\/tunisie\/2025\/04\/05\/affaire-des-bebes-de-la-maternite-de-la-rabta-confirmation-de-la-condamnation\/","og_locale":"fr_FR","og_type":"article","og_title":"Affaire des b\u00e9b\u00e9s de la maternit\u00e9 de la Rabta | Confirmation de la condamnation - Kapitalis","og_description":"La chambre correctionnelle de la Cour d&rsquo;appel de Tunis a confirm\u00e9 la condamnation des accus\u00e9s dans l&rsquo;affaire tragique des d\u00e9c\u00e8s de nourrissons survenus \u00e0 l&rsquo;h\u00f4pital de la Rabta de Tunis.","og_url":"https:\/\/kapitalis.com\/tunisie\/2025\/04\/05\/affaire-des-bebes-de-la-maternite-de-la-rabta-confirmation-de-la-condamnation\/","og_site_name":"Kapitalis","article_publisher":"https:\/\/www.facebook.com\/KapitalisInfo\/","article_published_time":"2025-04-05T21:52:42+00:00","article_modified_time":"2025-04-05T22:11:57+00:00","og_image":[{"width":1200,"height":630,"url":"https:\/\/kapitalis.com\/tunisie\/wp-content\/uploads\/2022\/06\/bebe-1.jpg","type":"image\/jpeg"}],"author":"Yusra NY","twitter_card":"summary_large_image","twitter_creator":"@KapitalisInfo","twitter_site":"@KapitalisInfo","twitter_misc":{"\u00c9crit par":"Yusra NY","Dur\u00e9e de lecture estim\u00e9e":"2 minutes"},"schema":{"@context":"https:\/\/schema.org","@graph":[{"@type":"Article","@id":"https:\/\/kapitalis.com\/tunisie\/2025\/04\/05\/affaire-des-bebes-de-la-maternite-de-la-rabta-confirmation-de-la-condamnation\/#article","isPartOf":{"@id":"https:\/\/kapitalis.com\/tunisie\/2025\/04\/05\/affaire-des-bebes-de-la-maternite-de-la-rabta-confirmation-de-la-condamnation\/"},"author":{"name":"Yusra NY","@id":"https:\/\/kapitalis.com\/tunisie\/#\/schema\/person\/74bbde0154d49d790a92aaeac5bc01d5"},"headline":"Affaire des b\u00e9b\u00e9s de la maternit\u00e9 de la Rabta | Confirmation de la condamnation","datePublished":"2025-04-05T21:52:42+00:00","dateModified":"2025-04-05T22:11:57+00:00","mainEntityOfPage":{"@id":"https:\/\/kapitalis.com\/tunisie\/2025\/04\/05\/affaire-des-bebes-de-la-maternite-de-la-rabta-confirmation-de-la-condamnation\/"},"wordCount":237,"commentCount":1,"publisher":{"@id":"https:\/\/kapitalis.com\/tunisie\/#organization"},"image":{"@id":"https:\/\/kapitalis.com\/tunisie\/2025\/04\/05\/affaire-des-bebes-de-la-maternite-de-la-rabta-confirmation-de-la-condamnation\/#primaryimage"},"thumbnailUrl":"https:\/\/kapitalis.com\/tunisie\/wp-content\/uploads\/2022\/06\/bebe-1.jpg","keywords":["alimentation parent\u00e9rale","cour d'appel","infection nosocomiale","La Rabta","Tunisie"],"articleSection":["SOCIETE","Tunisie"],"inLanguage":"fr-FR","potentialAction":[{"@type":"CommentAction","name":"Comment","target":["https:\/\/kapitalis.com\/tunisie\/2025\/04\/05\/affaire-des-bebes-de-la-maternite-de-la-rabta-confirmation-de-la-condamnation\/#respond"]}]},{"@type":"WebPage","@id":"https:\/\/kapitalis.com\/tunisie\/2025\/04\/05\/affaire-des-bebes-de-la-maternite-de-la-rabta-confirmation-de-la-condamnation\/","url":"https:\/\/kapitalis.com\/tunisie\/2025\/04\/05\/affaire-des-bebes-de-la-maternite-de-la-rabta-confirmation-de-la-condamnation\/","name":"Affaire des b\u00e9b\u00e9s de la maternit\u00e9 de la Rabta | Confirmation de la condamnation - Kapitalis","isPartOf":{"@id":"https:\/\/kapitalis.com\/tunisie\/#website"},"primaryImageOfPage":{"@id":"https:\/\/kapitalis.com\/tunisie\/2025\/04\/05\/affaire-des-bebes-de-la-maternite-de-la-rabta-confirmation-de-la-condamnation\/#primaryimage"},"image":{"@id":"https:\/\/kapitalis.com\/tunisie\/2025\/04\/05\/affaire-des-bebes-de-la-maternite-de-la-rabta-confirmation-de-la-condamnation\/#primaryimage"},"thumbnailUrl":"https:\/\/kapitalis.com\/tunisie\/wp-content\/uploads\/2022\/06\/bebe-1.jpg","datePublished":"2025-04-05T21:52:42+00:00","dateModified":"2025-04-05T22:11:57+00:00","breadcrumb":{"@id":"https:\/\/kapitalis.com\/tunisie\/2025\/04\/05\/affaire-des-bebes-de-la-maternite-de-la-rabta-confirmation-de-la-condamnation\/#breadcrumb"},"inLanguage":"fr-FR","potentialAction":[{"@type":"ReadAction","target":["https:\/\/kapitalis.com\/tunisie\/2025\/04\/05\/affaire-des-bebes-de-la-maternite-de-la-rabta-confirmation-de-la-condamnation\/"]}]},{"@type":"ImageObject","inLanguage":"fr-FR","@id":"https:\/\/kapitalis.com\/tunisie\/2025\/04\/05\/affaire-des-bebes-de-la-maternite-de-la-rabta-confirmation-de-la-condamnation\/#primaryimage","url":"https:\/\/kapitalis.com\/tunisie\/wp-content\/uploads\/2022\/06\/bebe-1.jpg","contentUrl":"https:\/\/kapitalis.com\/tunisie\/wp-content\/uploads\/2022\/06\/bebe-1.jpg","width":1200,"height":630},{"@type":"BreadcrumbList","@id":"https:\/\/kapitalis.com\/tunisie\/2025\/04\/05\/affaire-des-bebes-de-la-maternite-de-la-rabta-confirmation-de-la-condamnation\/#breadcrumb","itemListElement":[{"@type":"ListItem","position":1,"name":"Accueil","item":"https:\/\/kapitalis.com\/tunisie\/"},{"@type":"ListItem","position":2,"name":"Affaire des b\u00e9b\u00e9s de la maternit\u00e9 de la Rabta | Confirmation de la condamnation"}]},{"@type":"WebSite","@id":"https:\/\/kapitalis.com\/tunisie\/#website","url":"https:\/\/kapitalis.com\/tunisie\/","name":"Kapitalis","description":"L&#039;actualit\u00e9 en Tunisie et dans le monde","publisher":{"@id":"https:\/\/kapitalis.com\/tunisie\/#organization"},"potentialAction":[{"@type":"SearchAction","target":{"@type":"EntryPoint","urlTemplate":"https:\/\/kapitalis.com\/tunisie\/?s={search_term_string}"},"query-input":{"@type":"PropertyValueSpecification","valueRequired":true,"valueName":"search_term_string"}}],"inLanguage":"fr-FR"},{"@type":"Organization","@id":"https:\/\/kapitalis.com\/tunisie\/#organization","name":"Kapitalis","url":"https:\/\/kapitalis.com\/tunisie\/","logo":{"@type":"ImageObject","inLanguage":"fr-FR","@id":"https:\/\/kapitalis.com\/tunisie\/#\/schema\/logo\/image\/","url":"https:\/\/kapitalis.com\/tunisie\/wp-content\/uploads\/2022\/05\/Kapitalis-big-size.png","contentUrl":"https:\/\/kapitalis.com\/tunisie\/wp-content\/uploads\/2022\/05\/Kapitalis-big-size.png","width":5000,"height":1500,"caption":"Kapitalis"},"image":{"@id":"https:\/\/kapitalis.com\/tunisie\/#\/schema\/logo\/image\/"},"sameAs":["https:\/\/www.facebook.com\/KapitalisInfo\/","https:\/\/x.com\/KapitalisInfo","https:\/\/www.youtube.com\/channel\/UC-yDYrHyfFBWWZaOw3FPg9Q"]},{"@type":"Person","@id":"https:\/\/kapitalis.com\/tunisie\/#\/schema\/person\/74bbde0154d49d790a92aaeac5bc01d5","name":"Yusra NY","url":"https:\/\/kapitalis.com\/tunisie\/author\/yuza_adam\/"}]}},"_links":{"self":[{"href":"https:\/\/kapitalis.com\/tunisie\/wp-json\/wp\/v2\/posts\/16101262","targetHints":{"allow":["GET"]}}],"collection":[{"href":"https:\/\/kapitalis.com\/tunisie\/wp-json\/wp\/v2\/posts"}],"about":[{"href":"https:\/\/kapitalis.com\/tunisie\/wp-json\/wp\/v2\/types\/post"}],"author":[{"embeddable":true,"href":"https:\/\/kapitalis.com\/tunisie\/wp-json\/wp\/v2\/users\/6"}],"replies":[{"embeddable":true,"href":"https:\/\/kapitalis.com\/tunisie\/wp-json\/wp\/v2\/comments?post=16101262"}],"version-history":[{"count":2,"href":"https:\/\/kapitalis.com\/tunisie\/wp-json\/wp\/v2\/posts\/16101262\/revisions"}],"predecessor-version":[{"id":16109940,"href":"https:\/\/kapitalis.com\/tunisie\/wp-json\/wp\/v2\/posts\/16101262\/revisions\/16109940"}],"wp:featuredmedia":[{"embeddable":true,"href":"https:\/\/kapitalis.com\/tunisie\/wp-json\/wp\/v2\/media\/1532114"}],"wp:attachment":[{"href":"https:\/\/kapitalis.com\/tunisie\/wp-json\/wp\/v2\/media?parent=16101262"}],"wp:term":[{"taxonomy":"category","embeddable":true,"href":"https:\/\/kapitalis.com\/tunisie\/wp-json\/wp\/v2\/categories?post=16101262"},{"taxonomy":"post_tag","embeddable":true,"href":"https:\/\/kapitalis.com\/tunisie\/wp-json\/wp\/v2\/tags?post=16101262"}],"curies":[{"name":"wp","href":"https:\/\/api.w.org\/{rel}","templated":true}]}}