{"id":161049,"date":"2018-06-23T09:28:03","date_gmt":"2018-06-23T08:28:03","guid":{"rendered":"http:\/\/kapitalis.com\/tunisie\/?p=161049"},"modified":"2018-06-23T09:28:03","modified_gmt":"2018-06-23T08:28:03","slug":"nabil-maaloul-nous-devons-gagner-malgre-la-pression","status":"publish","type":"post","link":"https:\/\/kapitalis.com\/tunisie\/2018\/06\/23\/nabil-maaloul-nous-devons-gagner-malgre-la-pression\/","title":{"rendered":"Nabil Ma\u00e2loul : \u00abNous devons gagner, malgr\u00e9 la pression\u00bb"},"content":{"rendered":"<p style=\"text-align: center;\"><img loading=\"lazy\" decoding=\"async\" class=\"alignnone size-full wp-image-161050\" src=\"http:\/\/kapitalis.com\/tunisie\/wp-content\/uploads\/2018\/06\/Nabil-Maaloul-3.jpg\" alt=\"\" width=\"626\" height=\"380\" \/><\/p>\n<p><em><strong>Le match contre la Belgique aujourd\u2019hui, samedi 23 juin 2018, \u00e0 13h (HT), sera l\u2019heure de v\u00e9rit\u00e9 pour l\u2019\u00e9quipe Tunisie. Un match crucial qui devrait d\u00e9cider de l\u2019avenir des Aigles de Carthage au Mondial 2018.<\/strong><\/em><\/p>\n<p><!--more--><\/p>\n<p><em>\u00abNous devons gagner\u00bb<\/em>, a insist\u00e9 le s\u00e9lectionneur national Nabil Maaloul, qui s\u2019efforce d\u2019\u00e9vacuer la pression \u00e0 la veille de cette rencontre d\u00e9cisive face \u00e0 la Belgique. Sans une victoire, les Aigles de Carthage devront sans doute faire une croix sur le deuxi\u00e8me tour.<\/p>\n<p>Totalement domin\u00e9e par l\u2019Angleterre pour son premier match, le 18 juin, la Tunisie a fini par s\u2019incliner dans le temps additionnel (1-2). Pleine d\u2019envie et d\u2019ambitions avant le d\u00e9but du Mondial, elle devra r\u00e9agir face \u00e0 la Belgique. Cela tombe bien, Nabil Maaloul a promis des changements.<\/p>\n<p><em>\u00abNous ressentons la pression apr\u00e8s la d\u00e9faite contre l\u2019Angleterre. Nous devons gagner, nous n&rsquo;avons plus le choix\u00bb<\/em>, a confi\u00e9Nabil Ma\u00e2loul, vendredi, en conf\u00e9rence de presse.<\/p>\n<p><em>\u00abLa Belgique est tr\u00e8s forte, mais nous sommes pr\u00eats. Nous voulons \u00e9viter les erreurs commises lors du premier match\u00bb<\/em>, a expliqu\u00e9 Ma\u00e2loul. Et d\u2019ajouter :<em> \u00abLa Belgique a une attaque tr\u00e8s forte. Lukaku et Hazard peuvent \u00eatre dangereux \u00e0 tout moment. Leurs milieux de terrain sont aussi tr\u00e8s forts. Nous devons avoir du respect, mais aussi compter sur nos forces. Nous allons essayer de mettre la pression sur leur d\u00e9fense.\u00bb <\/em><\/p>\n<p>Face \u00e0 la Belgique, une r\u00e9action est attendue. Plus qu\u2019un r\u00e9sultat positif, c\u2019est surtout un niveau de jeu satisfaisant qu\u2019attendent les Tunisiens.<\/p>\n<p style=\"text-align: right;\"><strong>H. M.<\/strong><\/p>\n<blockquote class=\"wp-embedded-content\" data-secret=\"DYAg3yj4ud\"><p><a href=\"https:\/\/kapitalis.com\/tunisie\/2018\/06\/22\/mondial-2018-lequipe-de-tunisie-na-pas-tout-perdu\/\">Mondial 2018 : L\u2019\u00e9quipe de Tunisie n\u2019a pas tout perdu<\/a><\/p><\/blockquote>\n<p><iframe loading=\"lazy\" class=\"wp-embedded-content\" sandbox=\"allow-scripts\" security=\"restricted\" style=\"position: absolute; clip: rect(1px, 1px, 1px, 1px);\" title=\"\u00ab\u00a0Mondial 2018 : L\u2019\u00e9quipe de Tunisie n\u2019a pas tout perdu\u00a0\u00bb &#8212; Kapitalis\" src=\"https:\/\/kapitalis.com\/tunisie\/2018\/06\/22\/mondial-2018-lequipe-de-tunisie-na-pas-tout-perdu\/embed\/#?secret=RH2ZyHK6ql#?secret=DYAg3yj4ud\" data-secret=\"DYAg3yj4ud\" width=\"600\" height=\"338\" frameborder=\"0\" marginwidth=\"0\" marginheight=\"0\" scrolling=\"no\"><\/iframe><\/p>\n<blockquote class=\"wp-embedded-content\" data-secret=\"ZHbxK0kErH\"><p><a href=\"https:\/\/kapitalis.com\/tunisie\/2018\/06\/23\/lentraineur-belge-sattend-a-un-match-intense-contre-la-tunisie\/\">L\u2019entra\u00eeneur belge s\u2019attend \u00e0 \u00abun match intense contre la Tunisie\u00bb<\/a><\/p><\/blockquote>\n<p><iframe loading=\"lazy\" class=\"wp-embedded-content\" sandbox=\"allow-scripts\" security=\"restricted\" style=\"position: absolute; clip: rect(1px, 1px, 1px, 1px);\" title=\"\u00ab\u00a0L\u2019entra\u00eeneur belge s\u2019attend \u00e0 \u00abun match intense contre la Tunisie\u00bb\u00a0\u00bb &#8212; Kapitalis\" src=\"https:\/\/kapitalis.com\/tunisie\/2018\/06\/23\/lentraineur-belge-sattend-a-un-match-intense-contre-la-tunisie\/embed\/#?secret=4U21DWKkzv#?secret=ZHbxK0kErH\" data-secret=\"ZHbxK0kErH\" width=\"600\" height=\"338\" frameborder=\"0\" marginwidth=\"0\" marginheight=\"0\" scrolling=\"no\"><\/iframe><\/p>\n<blockquote class=\"wp-embedded-content\" data-secret=\"Ztg1JPUZO1\"><p><a href=\"https:\/\/kapitalis.com\/tunisie\/2018\/06\/22\/mondial-lukaku-et-hazard-sont-la-force-de-frappe-de-la-belgique\/\">Mondial : Lukaku et Hazard sont la force de frappe de la Belgique<\/a><\/p><\/blockquote>\n<p><iframe loading=\"lazy\" class=\"wp-embedded-content\" sandbox=\"allow-scripts\" security=\"restricted\" style=\"position: absolute; clip: rect(1px, 1px, 1px, 1px);\" title=\"\u00ab\u00a0Mondial : Lukaku et Hazard sont la force de frappe de la Belgique\u00a0\u00bb &#8212; Kapitalis\" src=\"https:\/\/kapitalis.com\/tunisie\/2018\/06\/22\/mondial-lukaku-et-hazard-sont-la-force-de-frappe-de-la-belgique\/embed\/#?secret=eFdNOaA3NF#?secret=Ztg1JPUZO1\" data-secret=\"Ztg1JPUZO1\" width=\"600\" height=\"338\" frameborder=\"0\" marginwidth=\"0\" marginheight=\"0\" scrolling=\"no\"><\/iframe><\/p>\n","protected":false},"excerpt":{"rendered":"<p>Le match contre la Belgique aujourd\u2019hui, samedi 23 juin 2018, \u00e0 13h (HT), sera l\u2019heure de v\u00e9rit\u00e9 pour l\u2019\u00e9quipe Tunisie. Un match crucial qui devrait d\u00e9cider de l\u2019avenir des Aigles de Carthage au Mondial 2018.<\/p>\n","protected":false},"author":8,"featured_media":161050,"comment_status":"open","ping_status":"open","sticky":false,"template":"","format":"standard","meta":{"footnotes":""},"categories":[999,2433],"tags":[4195,138,40690,36025,9930,8091],"class_list":["post-161049","post","type-post","status-publish","format-standard","has-post-thumbnail","hentry","category-sport","category-tunisie","tag-aigles-de-carthage","tag-belgique","tag-equipe-tunisie","tag-lukaku","tag-mondial-2018","tag-nabil-maaloul"],"yoast_head":"<!-- This site is optimized with the Yoast SEO plugin v26.6 - https:\/\/yoast.com\/wordpress\/plugins\/seo\/ -->\n<title>Nabil Ma\u00e2loul : \u00abNous devons gagner, malgr\u00e9 la pression\u00bb - Kapitalis<\/title>\n<meta name=\"robots\" content=\"index, follow, max-snippet:-1, max-image-preview:large, max-video-preview:-1\" \/>\n<link rel=\"canonical\" href=\"https:\/\/kapitalis.com\/tunisie\/2018\/06\/23\/nabil-maaloul-nous-devons-gagner-malgre-la-pression\/\" \/>\n<meta property=\"og:locale\" content=\"fr_FR\" \/>\n<meta property=\"og:type\" content=\"article\" \/>\n<meta property=\"og:title\" content=\"Nabil Ma\u00e2loul : \u00abNous devons gagner, malgr\u00e9 la pression\u00bb - Kapitalis\" \/>\n<meta property=\"og:description\" content=\"Le match contre la Belgique aujourd\u2019hui, samedi 23 juin 2018, \u00e0 13h (HT), sera l\u2019heure de v\u00e9rit\u00e9 pour l\u2019\u00e9quipe Tunisie. Un match crucial qui devrait d\u00e9cider de l\u2019avenir des Aigles de Carthage au Mondial 2018.\" \/>\n<meta property=\"og:url\" content=\"https:\/\/kapitalis.com\/tunisie\/2018\/06\/23\/nabil-maaloul-nous-devons-gagner-malgre-la-pression\/\" \/>\n<meta property=\"og:site_name\" content=\"Kapitalis\" \/>\n<meta property=\"article:publisher\" content=\"https:\/\/www.facebook.com\/KapitalisInfo\/\" \/>\n<meta property=\"article:published_time\" content=\"2018-06-23T08:28:03+00:00\" \/>\n<meta property=\"og:image\" content=\"https:\/\/kapitalis.com\/tunisie\/wp-content\/uploads\/2022\/05\/kapitalis-logo-fb.png\" \/>\n\t<meta property=\"og:image:width\" content=\"1200\" \/>\n\t<meta property=\"og:image:height\" content=\"630\" \/>\n\t<meta property=\"og:image:type\" content=\"image\/png\" \/>\n<meta name=\"author\" content=\"webmaster kapitalis\" \/>\n<meta name=\"twitter:card\" content=\"summary_large_image\" \/>\n<meta name=\"twitter:creator\" content=\"@KapitalisInfo\" \/>\n<meta name=\"twitter:site\" content=\"@KapitalisInfo\" \/>\n<meta name=\"twitter:label1\" content=\"\u00c9crit par\" \/>\n\t<meta name=\"twitter:data1\" content=\"webmaster kapitalis\" \/>\n\t<meta name=\"twitter:label2\" content=\"Dur\u00e9e de lecture estim\u00e9e\" \/>\n\t<meta name=\"twitter:data2\" content=\"1 minute\" \/>\n<script type=\"application\/ld+json\" class=\"yoast-schema-graph\">{\"@context\":\"https:\/\/schema.org\",\"@graph\":[{\"@type\":\"Article\",\"@id\":\"https:\/\/kapitalis.com\/tunisie\/2018\/06\/23\/nabil-maaloul-nous-devons-gagner-malgre-la-pression\/#article\",\"isPartOf\":{\"@id\":\"https:\/\/kapitalis.com\/tunisie\/2018\/06\/23\/nabil-maaloul-nous-devons-gagner-malgre-la-pression\/\"},\"author\":{\"name\":\"webmaster kapitalis\",\"@id\":\"https:\/\/kapitalis.com\/tunisie\/#\/schema\/person\/d71f33a9ca44f7bad4698210b480c8e9\"},\"headline\":\"Nabil Ma\u00e2loul : \u00abNous devons gagner, malgr\u00e9 la pression\u00bb\",\"datePublished\":\"2018-06-23T08:28:03+00:00\",\"mainEntityOfPage\":{\"@id\":\"https:\/\/kapitalis.com\/tunisie\/2018\/06\/23\/nabil-maaloul-nous-devons-gagner-malgre-la-pression\/\"},\"wordCount\":294,\"commentCount\":0,\"publisher\":{\"@id\":\"https:\/\/kapitalis.com\/tunisie\/#organization\"},\"image\":{\"@id\":\"https:\/\/kapitalis.com\/tunisie\/2018\/06\/23\/nabil-maaloul-nous-devons-gagner-malgre-la-pression\/#primaryimage\"},\"thumbnailUrl\":\"\",\"keywords\":[\"aigles de Carthage\",\"Belgique\",\"\u00e9quipe Tunisie\",\"Lukaku\",\"mondial 2018\",\"Nabil Ma\u00e2loul\"],\"articleSection\":[\"SPORT\",\"Tunisie\"],\"inLanguage\":\"fr-FR\",\"potentialAction\":[{\"@type\":\"CommentAction\",\"name\":\"Comment\",\"target\":[\"https:\/\/kapitalis.com\/tunisie\/2018\/06\/23\/nabil-maaloul-nous-devons-gagner-malgre-la-pression\/#respond\"]}]},{\"@type\":\"WebPage\",\"@id\":\"https:\/\/kapitalis.com\/tunisie\/2018\/06\/23\/nabil-maaloul-nous-devons-gagner-malgre-la-pression\/\",\"url\":\"https:\/\/kapitalis.com\/tunisie\/2018\/06\/23\/nabil-maaloul-nous-devons-gagner-malgre-la-pression\/\",\"name\":\"Nabil Ma\u00e2loul : \u00abNous devons gagner, malgr\u00e9 la pression\u00bb - Kapitalis\",\"isPartOf\":{\"@id\":\"https:\/\/kapitalis.com\/tunisie\/#website\"},\"primaryImageOfPage\":{\"@id\":\"https:\/\/kapitalis.com\/tunisie\/2018\/06\/23\/nabil-maaloul-nous-devons-gagner-malgre-la-pression\/#primaryimage\"},\"image\":{\"@id\":\"https:\/\/kapitalis.com\/tunisie\/2018\/06\/23\/nabil-maaloul-nous-devons-gagner-malgre-la-pression\/#primaryimage\"},\"thumbnailUrl\":\"\",\"datePublished\":\"2018-06-23T08:28:03+00:00\",\"breadcrumb\":{\"@id\":\"https:\/\/kapitalis.com\/tunisie\/2018\/06\/23\/nabil-maaloul-nous-devons-gagner-malgre-la-pression\/#breadcrumb\"},\"inLanguage\":\"fr-FR\",\"potentialAction\":[{\"@type\":\"ReadAction\",\"target\":[\"https:\/\/kapitalis.com\/tunisie\/2018\/06\/23\/nabil-maaloul-nous-devons-gagner-malgre-la-pression\/\"]}]},{\"@type\":\"ImageObject\",\"inLanguage\":\"fr-FR\",\"@id\":\"https:\/\/kapitalis.com\/tunisie\/2018\/06\/23\/nabil-maaloul-nous-devons-gagner-malgre-la-pression\/#primaryimage\",\"url\":\"\",\"contentUrl\":\"\"},{\"@type\":\"BreadcrumbList\",\"@id\":\"https:\/\/kapitalis.com\/tunisie\/2018\/06\/23\/nabil-maaloul-nous-devons-gagner-malgre-la-pression\/#breadcrumb\",\"itemListElement\":[{\"@type\":\"ListItem\",\"position\":1,\"name\":\"Accueil\",\"item\":\"https:\/\/kapitalis.com\/tunisie\/\"},{\"@type\":\"ListItem\",\"position\":2,\"name\":\"Nabil Ma\u00e2loul : \u00abNous devons gagner, malgr\u00e9 la pression\u00bb\"}]},{\"@type\":\"WebSite\",\"@id\":\"https:\/\/kapitalis.com\/tunisie\/#website\",\"url\":\"https:\/\/kapitalis.com\/tunisie\/\",\"name\":\"Kapitalis\",\"description\":\"L&#039;actualit\u00e9 en Tunisie et dans le monde\",\"publisher\":{\"@id\":\"https:\/\/kapitalis.com\/tunisie\/#organization\"},\"potentialAction\":[{\"@type\":\"SearchAction\",\"target\":{\"@type\":\"EntryPoint\",\"urlTemplate\":\"https:\/\/kapitalis.com\/tunisie\/?s={search_term_string}\"},\"query-input\":{\"@type\":\"PropertyValueSpecification\",\"valueRequired\":true,\"valueName\":\"search_term_string\"}}],\"inLanguage\":\"fr-FR\"},{\"@type\":\"Organization\",\"@id\":\"https:\/\/kapitalis.com\/tunisie\/#organization\",\"name\":\"Kapitalis\",\"url\":\"https:\/\/kapitalis.com\/tunisie\/\",\"logo\":{\"@type\":\"ImageObject\",\"inLanguage\":\"fr-FR\",\"@id\":\"https:\/\/kapitalis.com\/tunisie\/#\/schema\/logo\/image\/\",\"url\":\"https:\/\/kapitalis.com\/tunisie\/wp-content\/uploads\/2022\/05\/Kapitalis-big-size.png\",\"contentUrl\":\"https:\/\/kapitalis.com\/tunisie\/wp-content\/uploads\/2022\/05\/Kapitalis-big-size.png\",\"width\":5000,\"height\":1500,\"caption\":\"Kapitalis\"},\"image\":{\"@id\":\"https:\/\/kapitalis.com\/tunisie\/#\/schema\/logo\/image\/\"},\"sameAs\":[\"https:\/\/www.facebook.com\/KapitalisInfo\/\",\"https:\/\/x.com\/KapitalisInfo\",\"https:\/\/www.youtube.com\/channel\/UC-yDYrHyfFBWWZaOw3FPg9Q\"]},{\"@type\":\"Person\",\"@id\":\"https:\/\/kapitalis.com\/tunisie\/#\/schema\/person\/d71f33a9ca44f7bad4698210b480c8e9\",\"name\":\"webmaster kapitalis\",\"url\":\"https:\/\/kapitalis.com\/tunisie\/author\/webmaster-kapitalis\/\"}]}<\/script>\n<!-- \/ Yoast SEO plugin. -->","yoast_head_json":{"title":"Nabil Ma\u00e2loul : \u00abNous devons gagner, malgr\u00e9 la pression\u00bb - Kapitalis","robots":{"index":"index","follow":"follow","max-snippet":"max-snippet:-1","max-image-preview":"max-image-preview:large","max-video-preview":"max-video-preview:-1"},"canonical":"https:\/\/kapitalis.com\/tunisie\/2018\/06\/23\/nabil-maaloul-nous-devons-gagner-malgre-la-pression\/","og_locale":"fr_FR","og_type":"article","og_title":"Nabil Ma\u00e2loul : \u00abNous devons gagner, malgr\u00e9 la pression\u00bb - Kapitalis","og_description":"Le match contre la Belgique aujourd\u2019hui, samedi 23 juin 2018, \u00e0 13h (HT), sera l\u2019heure de v\u00e9rit\u00e9 pour l\u2019\u00e9quipe Tunisie. Un match crucial qui devrait d\u00e9cider de l\u2019avenir des Aigles de Carthage au Mondial 2018.","og_url":"https:\/\/kapitalis.com\/tunisie\/2018\/06\/23\/nabil-maaloul-nous-devons-gagner-malgre-la-pression\/","og_site_name":"Kapitalis","article_publisher":"https:\/\/www.facebook.com\/KapitalisInfo\/","article_published_time":"2018-06-23T08:28:03+00:00","og_image":[{"width":1200,"height":630,"url":"https:\/\/kapitalis.com\/tunisie\/wp-content\/uploads\/2022\/05\/kapitalis-logo-fb.png","type":"image\/png"}],"author":"webmaster kapitalis","twitter_card":"summary_large_image","twitter_creator":"@KapitalisInfo","twitter_site":"@KapitalisInfo","twitter_misc":{"\u00c9crit par":"webmaster kapitalis","Dur\u00e9e de lecture estim\u00e9e":"1 minute"},"schema":{"@context":"https:\/\/schema.org","@graph":[{"@type":"Article","@id":"https:\/\/kapitalis.com\/tunisie\/2018\/06\/23\/nabil-maaloul-nous-devons-gagner-malgre-la-pression\/#article","isPartOf":{"@id":"https:\/\/kapitalis.com\/tunisie\/2018\/06\/23\/nabil-maaloul-nous-devons-gagner-malgre-la-pression\/"},"author":{"name":"webmaster kapitalis","@id":"https:\/\/kapitalis.com\/tunisie\/#\/schema\/person\/d71f33a9ca44f7bad4698210b480c8e9"},"headline":"Nabil Ma\u00e2loul : \u00abNous devons gagner, malgr\u00e9 la pression\u00bb","datePublished":"2018-06-23T08:28:03+00:00","mainEntityOfPage":{"@id":"https:\/\/kapitalis.com\/tunisie\/2018\/06\/23\/nabil-maaloul-nous-devons-gagner-malgre-la-pression\/"},"wordCount":294,"commentCount":0,"publisher":{"@id":"https:\/\/kapitalis.com\/tunisie\/#organization"},"image":{"@id":"https:\/\/kapitalis.com\/tunisie\/2018\/06\/23\/nabil-maaloul-nous-devons-gagner-malgre-la-pression\/#primaryimage"},"thumbnailUrl":"","keywords":["aigles de Carthage","Belgique","\u00e9quipe Tunisie","Lukaku","mondial 2018","Nabil Ma\u00e2loul"],"articleSection":["SPORT","Tunisie"],"inLanguage":"fr-FR","potentialAction":[{"@type":"CommentAction","name":"Comment","target":["https:\/\/kapitalis.com\/tunisie\/2018\/06\/23\/nabil-maaloul-nous-devons-gagner-malgre-la-pression\/#respond"]}]},{"@type":"WebPage","@id":"https:\/\/kapitalis.com\/tunisie\/2018\/06\/23\/nabil-maaloul-nous-devons-gagner-malgre-la-pression\/","url":"https:\/\/kapitalis.com\/tunisie\/2018\/06\/23\/nabil-maaloul-nous-devons-gagner-malgre-la-pression\/","name":"Nabil Ma\u00e2loul : \u00abNous devons gagner, malgr\u00e9 la pression\u00bb - Kapitalis","isPartOf":{"@id":"https:\/\/kapitalis.com\/tunisie\/#website"},"primaryImageOfPage":{"@id":"https:\/\/kapitalis.com\/tunisie\/2018\/06\/23\/nabil-maaloul-nous-devons-gagner-malgre-la-pression\/#primaryimage"},"image":{"@id":"https:\/\/kapitalis.com\/tunisie\/2018\/06\/23\/nabil-maaloul-nous-devons-gagner-malgre-la-pression\/#primaryimage"},"thumbnailUrl":"","datePublished":"2018-06-23T08:28:03+00:00","breadcrumb":{"@id":"https:\/\/kapitalis.com\/tunisie\/2018\/06\/23\/nabil-maaloul-nous-devons-gagner-malgre-la-pression\/#breadcrumb"},"inLanguage":"fr-FR","potentialAction":[{"@type":"ReadAction","target":["https:\/\/kapitalis.com\/tunisie\/2018\/06\/23\/nabil-maaloul-nous-devons-gagner-malgre-la-pression\/"]}]},{"@type":"ImageObject","inLanguage":"fr-FR","@id":"https:\/\/kapitalis.com\/tunisie\/2018\/06\/23\/nabil-maaloul-nous-devons-gagner-malgre-la-pression\/#primaryimage","url":"","contentUrl":""},{"@type":"BreadcrumbList","@id":"https:\/\/kapitalis.com\/tunisie\/2018\/06\/23\/nabil-maaloul-nous-devons-gagner-malgre-la-pression\/#breadcrumb","itemListElement":[{"@type":"ListItem","position":1,"name":"Accueil","item":"https:\/\/kapitalis.com\/tunisie\/"},{"@type":"ListItem","position":2,"name":"Nabil Ma\u00e2loul : \u00abNous devons gagner, malgr\u00e9 la pression\u00bb"}]},{"@type":"WebSite","@id":"https:\/\/kapitalis.com\/tunisie\/#website","url":"https:\/\/kapitalis.com\/tunisie\/","name":"Kapitalis","description":"L&#039;actualit\u00e9 en Tunisie et dans le monde","publisher":{"@id":"https:\/\/kapitalis.com\/tunisie\/#organization"},"potentialAction":[{"@type":"SearchAction","target":{"@type":"EntryPoint","urlTemplate":"https:\/\/kapitalis.com\/tunisie\/?s={search_term_string}"},"query-input":{"@type":"PropertyValueSpecification","valueRequired":true,"valueName":"search_term_string"}}],"inLanguage":"fr-FR"},{"@type":"Organization","@id":"https:\/\/kapitalis.com\/tunisie\/#organization","name":"Kapitalis","url":"https:\/\/kapitalis.com\/tunisie\/","logo":{"@type":"ImageObject","inLanguage":"fr-FR","@id":"https:\/\/kapitalis.com\/tunisie\/#\/schema\/logo\/image\/","url":"https:\/\/kapitalis.com\/tunisie\/wp-content\/uploads\/2022\/05\/Kapitalis-big-size.png","contentUrl":"https:\/\/kapitalis.com\/tunisie\/wp-content\/uploads\/2022\/05\/Kapitalis-big-size.png","width":5000,"height":1500,"caption":"Kapitalis"},"image":{"@id":"https:\/\/kapitalis.com\/tunisie\/#\/schema\/logo\/image\/"},"sameAs":["https:\/\/www.facebook.com\/KapitalisInfo\/","https:\/\/x.com\/KapitalisInfo","https:\/\/www.youtube.com\/channel\/UC-yDYrHyfFBWWZaOw3FPg9Q"]},{"@type":"Person","@id":"https:\/\/kapitalis.com\/tunisie\/#\/schema\/person\/d71f33a9ca44f7bad4698210b480c8e9","name":"webmaster kapitalis","url":"https:\/\/kapitalis.com\/tunisie\/author\/webmaster-kapitalis\/"}]}},"_links":{"self":[{"href":"https:\/\/kapitalis.com\/tunisie\/wp-json\/wp\/v2\/posts\/161049","targetHints":{"allow":["GET"]}}],"collection":[{"href":"https:\/\/kapitalis.com\/tunisie\/wp-json\/wp\/v2\/posts"}],"about":[{"href":"https:\/\/kapitalis.com\/tunisie\/wp-json\/wp\/v2\/types\/post"}],"author":[{"embeddable":true,"href":"https:\/\/kapitalis.com\/tunisie\/wp-json\/wp\/v2\/users\/8"}],"replies":[{"embeddable":true,"href":"https:\/\/kapitalis.com\/tunisie\/wp-json\/wp\/v2\/comments?post=161049"}],"version-history":[{"count":0,"href":"https:\/\/kapitalis.com\/tunisie\/wp-json\/wp\/v2\/posts\/161049\/revisions"}],"wp:featuredmedia":[{"embeddable":true,"href":"https:\/\/kapitalis.com\/tunisie\/wp-json\/wp\/v2\/media\/161050"}],"wp:attachment":[{"href":"https:\/\/kapitalis.com\/tunisie\/wp-json\/wp\/v2\/media?parent=161049"}],"wp:term":[{"taxonomy":"category","embeddable":true,"href":"https:\/\/kapitalis.com\/tunisie\/wp-json\/wp\/v2\/categories?post=161049"},{"taxonomy":"post_tag","embeddable":true,"href":"https:\/\/kapitalis.com\/tunisie\/wp-json\/wp\/v2\/tags?post=161049"}],"curies":[{"name":"wp","href":"https:\/\/api.w.org\/{rel}","templated":true}]}}