{"id":16116458,"date":"2025-04-07T21:26:52","date_gmt":"2025-04-07T20:26:52","guid":{"rendered":"https:\/\/kapitalis.com\/tunisie\/?p=16116458"},"modified":"2025-04-07T21:26:53","modified_gmt":"2025-04-07T20:26:53","slug":"bel-abime-le-roman-de-yamen-manai-prend-vie-sur-scene-au-4eme-art","status":"publish","type":"post","link":"https:\/\/kapitalis.com\/tunisie\/2025\/04\/07\/bel-abime-le-roman-de-yamen-manai-prend-vie-sur-scene-au-4eme-art\/","title":{"rendered":"\u00ab\u00a0Bel ab\u00eeme\u00a0\u00bb, le roman de Yamen Mana\u00ef prend vie sur sc\u00e8ne au 4\u00e8me Art"},"content":{"rendered":"\n<p><strong><em>Le Th\u00e9\u00e2tre national tunisien, en partenariat avec l\u2019Institut fran\u00e7ais de Tunisie, la D\u00e9l\u00e9gation g\u00e9n\u00e9rale Wallonie-Bruxelles Tunisie et Wallonie Bruxelles International, pr\u00e9sente sa nouvelle production : \u00ab\u00a0Bel ab\u00eeme\u00a0\u00bb, une adaptation th\u00e9\u00e2trale poignante du roman \u00e9ponyme de l&rsquo;\u00e9crivain tunisien Yamen Mana\u00ef, paru en 2021 aux \u00e9ditions Elyzad.<\/em><\/strong><\/p>\n\n\n\n<!--more-->\n\n\n\n<p>Cette pi\u00e8ce, qui a b\u00e9n\u00e9fici\u00e9 du concours de l&rsquo;IFT dans le cadre de son programme d&rsquo;aide \u00e0 la publication, promet une immersion intense dans le douloureux passage \u00e0 l&rsquo;\u00e2ge adulte d&rsquo;un adolescent, indiquent les organisateurs en invitant \u00e0 d\u00e9couvrir cet \u00e9v\u00e8nement vendredi 11 avril 2025 : <em>\u00ab Venez nombreux assister \u00e0 ce spectacle qui, \u00e0 n&rsquo;en pas douter, suscitera une profonde r\u00e9flexion sur les enjeux de notre \u00e9poque et la n\u00e9cessit\u00e9 de l&rsquo;\u00e9veil des consciences face \u00e0 l&rsquo;ab\u00eeme \u00bb.<\/em><\/p>\n\n\n\n<p>L&rsquo;\u0153uvre de Yamen Mana\u00ef prendra vie sur les planches du prestigieux 4\u00e8me Art, offrant au public tunisien une occasion unique de d\u00e9couvrir ou red\u00e9couvrir cette histoire marquante sous une nouvelle forme artistique.<\/p>\n","protected":false},"excerpt":{"rendered":"<p>Le Th\u00e9\u00e2tre national tunisien, en partenariat avec l\u2019Institut fran\u00e7ais de Tunisie, la D\u00e9l\u00e9gation g\u00e9n\u00e9rale Wallonie-Bruxelles Tunisie et Wallonie Bruxelles International, pr\u00e9sente sa nouvelle production : \u00ab\u00a0Bel ab\u00eeme\u00a0\u00bb, une adaptation th\u00e9\u00e2trale poignante du roman \u00e9ponyme de l&rsquo;\u00e9crivain tunisien Yamen Mana\u00ef, paru en 2021 aux \u00e9ditions Elyzad.<\/p>\n","protected":false},"author":6,"featured_media":16116518,"comment_status":"open","ping_status":"open","sticky":false,"template":"","format":"standard","meta":{"footnotes":""},"categories":[994,2433],"tags":[89989,900,1338,62643,100333],"class_list":["post-16116458","post","type-post","status-publish","format-standard","has-post-thumbnail","hentry","category-culture","category-tunisie","tag-bel-abime","tag-theatre","tag-theatre-national-tunisien","tag-tunisie","tag-yamen-manai-2"],"yoast_head":"<!-- This site is optimized with the Yoast SEO plugin v26.6 - https:\/\/yoast.com\/wordpress\/plugins\/seo\/ -->\n<title>&quot;Bel ab\u00eeme&quot;, le roman de Yamen Mana\u00ef prend vie sur sc\u00e8ne au 4\u00e8me Art - Kapitalis<\/title>\n<meta name=\"robots\" content=\"index, follow, max-snippet:-1, max-image-preview:large, max-video-preview:-1\" \/>\n<link rel=\"canonical\" href=\"https:\/\/kapitalis.com\/tunisie\/2025\/04\/07\/bel-abime-le-roman-de-yamen-manai-prend-vie-sur-scene-au-4eme-art\/\" \/>\n<meta property=\"og:locale\" content=\"fr_FR\" \/>\n<meta property=\"og:type\" content=\"article\" \/>\n<meta property=\"og:title\" content=\"&quot;Bel ab\u00eeme&quot;, le roman de Yamen Mana\u00ef prend vie sur sc\u00e8ne au 4\u00e8me Art - Kapitalis\" \/>\n<meta property=\"og:description\" content=\"Le Th\u00e9\u00e2tre national tunisien, en partenariat avec l\u2019Institut fran\u00e7ais de Tunisie, la D\u00e9l\u00e9gation g\u00e9n\u00e9rale Wallonie-Bruxelles Tunisie et Wallonie Bruxelles International, pr\u00e9sente sa nouvelle production : \u00ab\u00a0Bel ab\u00eeme\u00a0\u00bb, une adaptation th\u00e9\u00e2trale poignante du roman \u00e9ponyme de l&rsquo;\u00e9crivain tunisien Yamen Mana\u00ef, paru en 2021 aux \u00e9ditions Elyzad.\" \/>\n<meta property=\"og:url\" content=\"https:\/\/kapitalis.com\/tunisie\/2025\/04\/07\/bel-abime-le-roman-de-yamen-manai-prend-vie-sur-scene-au-4eme-art\/\" \/>\n<meta property=\"og:site_name\" content=\"Kapitalis\" \/>\n<meta property=\"article:publisher\" content=\"https:\/\/www.facebook.com\/KapitalisInfo\/\" \/>\n<meta property=\"article:published_time\" content=\"2025-04-07T20:26:52+00:00\" \/>\n<meta property=\"article:modified_time\" content=\"2025-04-07T20:26:53+00:00\" \/>\n<meta property=\"og:image\" content=\"https:\/\/kapitalis.com\/tunisie\/wp-content\/uploads\/2025\/04\/Bel-Abime.jpg\" \/>\n\t<meta property=\"og:image:width\" content=\"1200\" \/>\n\t<meta property=\"og:image:height\" content=\"630\" \/>\n\t<meta property=\"og:image:type\" content=\"image\/jpeg\" \/>\n<meta name=\"author\" content=\"Yusra NY\" \/>\n<meta name=\"twitter:card\" content=\"summary_large_image\" \/>\n<meta name=\"twitter:creator\" content=\"@KapitalisInfo\" \/>\n<meta name=\"twitter:site\" content=\"@KapitalisInfo\" \/>\n<meta name=\"twitter:label1\" content=\"\u00c9crit par\" \/>\n\t<meta name=\"twitter:data1\" content=\"Yusra NY\" \/>\n\t<meta name=\"twitter:label2\" content=\"Dur\u00e9e de lecture estim\u00e9e\" \/>\n\t<meta name=\"twitter:data2\" content=\"1 minute\" \/>\n<script type=\"application\/ld+json\" class=\"yoast-schema-graph\">{\"@context\":\"https:\/\/schema.org\",\"@graph\":[{\"@type\":\"Article\",\"@id\":\"https:\/\/kapitalis.com\/tunisie\/2025\/04\/07\/bel-abime-le-roman-de-yamen-manai-prend-vie-sur-scene-au-4eme-art\/#article\",\"isPartOf\":{\"@id\":\"https:\/\/kapitalis.com\/tunisie\/2025\/04\/07\/bel-abime-le-roman-de-yamen-manai-prend-vie-sur-scene-au-4eme-art\/\"},\"author\":{\"name\":\"Yusra NY\",\"@id\":\"https:\/\/kapitalis.com\/tunisie\/#\/schema\/person\/74bbde0154d49d790a92aaeac5bc01d5\"},\"headline\":\"\u00ab\u00a0Bel ab\u00eeme\u00a0\u00bb, le roman de Yamen Mana\u00ef prend vie sur sc\u00e8ne au 4\u00e8me Art\",\"datePublished\":\"2025-04-07T20:26:52+00:00\",\"dateModified\":\"2025-04-07T20:26:53+00:00\",\"mainEntityOfPage\":{\"@id\":\"https:\/\/kapitalis.com\/tunisie\/2025\/04\/07\/bel-abime-le-roman-de-yamen-manai-prend-vie-sur-scene-au-4eme-art\/\"},\"wordCount\":183,\"commentCount\":0,\"publisher\":{\"@id\":\"https:\/\/kapitalis.com\/tunisie\/#organization\"},\"image\":{\"@id\":\"https:\/\/kapitalis.com\/tunisie\/2025\/04\/07\/bel-abime-le-roman-de-yamen-manai-prend-vie-sur-scene-au-4eme-art\/#primaryimage\"},\"thumbnailUrl\":\"https:\/\/kapitalis.com\/tunisie\/wp-content\/uploads\/2025\/04\/Bel-Abime.jpg\",\"keywords\":[\"Bel ab\u00eeme\",\"Th\u00e9\u00e2tre\",\"Th\u00e9\u00e2tre national tunisien\",\"Tunisie\",\"Yamen Mana\u00ef\"],\"articleSection\":[\"CULTURE\",\"Tunisie\"],\"inLanguage\":\"fr-FR\",\"potentialAction\":[{\"@type\":\"CommentAction\",\"name\":\"Comment\",\"target\":[\"https:\/\/kapitalis.com\/tunisie\/2025\/04\/07\/bel-abime-le-roman-de-yamen-manai-prend-vie-sur-scene-au-4eme-art\/#respond\"]}]},{\"@type\":\"WebPage\",\"@id\":\"https:\/\/kapitalis.com\/tunisie\/2025\/04\/07\/bel-abime-le-roman-de-yamen-manai-prend-vie-sur-scene-au-4eme-art\/\",\"url\":\"https:\/\/kapitalis.com\/tunisie\/2025\/04\/07\/bel-abime-le-roman-de-yamen-manai-prend-vie-sur-scene-au-4eme-art\/\",\"name\":\"\\\"Bel ab\u00eeme\\\", le roman de Yamen Mana\u00ef prend vie sur sc\u00e8ne au 4\u00e8me Art - Kapitalis\",\"isPartOf\":{\"@id\":\"https:\/\/kapitalis.com\/tunisie\/#website\"},\"primaryImageOfPage\":{\"@id\":\"https:\/\/kapitalis.com\/tunisie\/2025\/04\/07\/bel-abime-le-roman-de-yamen-manai-prend-vie-sur-scene-au-4eme-art\/#primaryimage\"},\"image\":{\"@id\":\"https:\/\/kapitalis.com\/tunisie\/2025\/04\/07\/bel-abime-le-roman-de-yamen-manai-prend-vie-sur-scene-au-4eme-art\/#primaryimage\"},\"thumbnailUrl\":\"https:\/\/kapitalis.com\/tunisie\/wp-content\/uploads\/2025\/04\/Bel-Abime.jpg\",\"datePublished\":\"2025-04-07T20:26:52+00:00\",\"dateModified\":\"2025-04-07T20:26:53+00:00\",\"breadcrumb\":{\"@id\":\"https:\/\/kapitalis.com\/tunisie\/2025\/04\/07\/bel-abime-le-roman-de-yamen-manai-prend-vie-sur-scene-au-4eme-art\/#breadcrumb\"},\"inLanguage\":\"fr-FR\",\"potentialAction\":[{\"@type\":\"ReadAction\",\"target\":[\"https:\/\/kapitalis.com\/tunisie\/2025\/04\/07\/bel-abime-le-roman-de-yamen-manai-prend-vie-sur-scene-au-4eme-art\/\"]}]},{\"@type\":\"ImageObject\",\"inLanguage\":\"fr-FR\",\"@id\":\"https:\/\/kapitalis.com\/tunisie\/2025\/04\/07\/bel-abime-le-roman-de-yamen-manai-prend-vie-sur-scene-au-4eme-art\/#primaryimage\",\"url\":\"https:\/\/kapitalis.com\/tunisie\/wp-content\/uploads\/2025\/04\/Bel-Abime.jpg\",\"contentUrl\":\"https:\/\/kapitalis.com\/tunisie\/wp-content\/uploads\/2025\/04\/Bel-Abime.jpg\",\"width\":1200,\"height\":630},{\"@type\":\"BreadcrumbList\",\"@id\":\"https:\/\/kapitalis.com\/tunisie\/2025\/04\/07\/bel-abime-le-roman-de-yamen-manai-prend-vie-sur-scene-au-4eme-art\/#breadcrumb\",\"itemListElement\":[{\"@type\":\"ListItem\",\"position\":1,\"name\":\"Accueil\",\"item\":\"https:\/\/kapitalis.com\/tunisie\/\"},{\"@type\":\"ListItem\",\"position\":2,\"name\":\"\u00ab\u00a0Bel ab\u00eeme\u00a0\u00bb, le roman de Yamen Mana\u00ef prend vie sur sc\u00e8ne au 4\u00e8me Art\"}]},{\"@type\":\"WebSite\",\"@id\":\"https:\/\/kapitalis.com\/tunisie\/#website\",\"url\":\"https:\/\/kapitalis.com\/tunisie\/\",\"name\":\"Kapitalis\",\"description\":\"L&#039;actualit\u00e9 en Tunisie et dans le monde\",\"publisher\":{\"@id\":\"https:\/\/kapitalis.com\/tunisie\/#organization\"},\"potentialAction\":[{\"@type\":\"SearchAction\",\"target\":{\"@type\":\"EntryPoint\",\"urlTemplate\":\"https:\/\/kapitalis.com\/tunisie\/?s={search_term_string}\"},\"query-input\":{\"@type\":\"PropertyValueSpecification\",\"valueRequired\":true,\"valueName\":\"search_term_string\"}}],\"inLanguage\":\"fr-FR\"},{\"@type\":\"Organization\",\"@id\":\"https:\/\/kapitalis.com\/tunisie\/#organization\",\"name\":\"Kapitalis\",\"url\":\"https:\/\/kapitalis.com\/tunisie\/\",\"logo\":{\"@type\":\"ImageObject\",\"inLanguage\":\"fr-FR\",\"@id\":\"https:\/\/kapitalis.com\/tunisie\/#\/schema\/logo\/image\/\",\"url\":\"https:\/\/kapitalis.com\/tunisie\/wp-content\/uploads\/2022\/05\/Kapitalis-big-size.png\",\"contentUrl\":\"https:\/\/kapitalis.com\/tunisie\/wp-content\/uploads\/2022\/05\/Kapitalis-big-size.png\",\"width\":5000,\"height\":1500,\"caption\":\"Kapitalis\"},\"image\":{\"@id\":\"https:\/\/kapitalis.com\/tunisie\/#\/schema\/logo\/image\/\"},\"sameAs\":[\"https:\/\/www.facebook.com\/KapitalisInfo\/\",\"https:\/\/x.com\/KapitalisInfo\",\"https:\/\/www.youtube.com\/channel\/UC-yDYrHyfFBWWZaOw3FPg9Q\"]},{\"@type\":\"Person\",\"@id\":\"https:\/\/kapitalis.com\/tunisie\/#\/schema\/person\/74bbde0154d49d790a92aaeac5bc01d5\",\"name\":\"Yusra NY\",\"url\":\"https:\/\/kapitalis.com\/tunisie\/author\/yuza_adam\/\"}]}<\/script>\n<!-- \/ Yoast SEO plugin. -->","yoast_head_json":{"title":"\"Bel ab\u00eeme\", le roman de Yamen Mana\u00ef prend vie sur sc\u00e8ne au 4\u00e8me Art - Kapitalis","robots":{"index":"index","follow":"follow","max-snippet":"max-snippet:-1","max-image-preview":"max-image-preview:large","max-video-preview":"max-video-preview:-1"},"canonical":"https:\/\/kapitalis.com\/tunisie\/2025\/04\/07\/bel-abime-le-roman-de-yamen-manai-prend-vie-sur-scene-au-4eme-art\/","og_locale":"fr_FR","og_type":"article","og_title":"\"Bel ab\u00eeme\", le roman de Yamen Mana\u00ef prend vie sur sc\u00e8ne au 4\u00e8me Art - Kapitalis","og_description":"Le Th\u00e9\u00e2tre national tunisien, en partenariat avec l\u2019Institut fran\u00e7ais de Tunisie, la D\u00e9l\u00e9gation g\u00e9n\u00e9rale Wallonie-Bruxelles Tunisie et Wallonie Bruxelles International, pr\u00e9sente sa nouvelle production : \u00ab\u00a0Bel ab\u00eeme\u00a0\u00bb, une adaptation th\u00e9\u00e2trale poignante du roman \u00e9ponyme de l&rsquo;\u00e9crivain tunisien Yamen Mana\u00ef, paru en 2021 aux \u00e9ditions Elyzad.","og_url":"https:\/\/kapitalis.com\/tunisie\/2025\/04\/07\/bel-abime-le-roman-de-yamen-manai-prend-vie-sur-scene-au-4eme-art\/","og_site_name":"Kapitalis","article_publisher":"https:\/\/www.facebook.com\/KapitalisInfo\/","article_published_time":"2025-04-07T20:26:52+00:00","article_modified_time":"2025-04-07T20:26:53+00:00","og_image":[{"width":1200,"height":630,"url":"https:\/\/kapitalis.com\/tunisie\/wp-content\/uploads\/2025\/04\/Bel-Abime.jpg","type":"image\/jpeg"}],"author":"Yusra NY","twitter_card":"summary_large_image","twitter_creator":"@KapitalisInfo","twitter_site":"@KapitalisInfo","twitter_misc":{"\u00c9crit par":"Yusra NY","Dur\u00e9e de lecture estim\u00e9e":"1 minute"},"schema":{"@context":"https:\/\/schema.org","@graph":[{"@type":"Article","@id":"https:\/\/kapitalis.com\/tunisie\/2025\/04\/07\/bel-abime-le-roman-de-yamen-manai-prend-vie-sur-scene-au-4eme-art\/#article","isPartOf":{"@id":"https:\/\/kapitalis.com\/tunisie\/2025\/04\/07\/bel-abime-le-roman-de-yamen-manai-prend-vie-sur-scene-au-4eme-art\/"},"author":{"name":"Yusra NY","@id":"https:\/\/kapitalis.com\/tunisie\/#\/schema\/person\/74bbde0154d49d790a92aaeac5bc01d5"},"headline":"\u00ab\u00a0Bel ab\u00eeme\u00a0\u00bb, le roman de Yamen Mana\u00ef prend vie sur sc\u00e8ne au 4\u00e8me Art","datePublished":"2025-04-07T20:26:52+00:00","dateModified":"2025-04-07T20:26:53+00:00","mainEntityOfPage":{"@id":"https:\/\/kapitalis.com\/tunisie\/2025\/04\/07\/bel-abime-le-roman-de-yamen-manai-prend-vie-sur-scene-au-4eme-art\/"},"wordCount":183,"commentCount":0,"publisher":{"@id":"https:\/\/kapitalis.com\/tunisie\/#organization"},"image":{"@id":"https:\/\/kapitalis.com\/tunisie\/2025\/04\/07\/bel-abime-le-roman-de-yamen-manai-prend-vie-sur-scene-au-4eme-art\/#primaryimage"},"thumbnailUrl":"https:\/\/kapitalis.com\/tunisie\/wp-content\/uploads\/2025\/04\/Bel-Abime.jpg","keywords":["Bel ab\u00eeme","Th\u00e9\u00e2tre","Th\u00e9\u00e2tre national tunisien","Tunisie","Yamen Mana\u00ef"],"articleSection":["CULTURE","Tunisie"],"inLanguage":"fr-FR","potentialAction":[{"@type":"CommentAction","name":"Comment","target":["https:\/\/kapitalis.com\/tunisie\/2025\/04\/07\/bel-abime-le-roman-de-yamen-manai-prend-vie-sur-scene-au-4eme-art\/#respond"]}]},{"@type":"WebPage","@id":"https:\/\/kapitalis.com\/tunisie\/2025\/04\/07\/bel-abime-le-roman-de-yamen-manai-prend-vie-sur-scene-au-4eme-art\/","url":"https:\/\/kapitalis.com\/tunisie\/2025\/04\/07\/bel-abime-le-roman-de-yamen-manai-prend-vie-sur-scene-au-4eme-art\/","name":"\"Bel ab\u00eeme\", le roman de Yamen Mana\u00ef prend vie sur sc\u00e8ne au 4\u00e8me Art - Kapitalis","isPartOf":{"@id":"https:\/\/kapitalis.com\/tunisie\/#website"},"primaryImageOfPage":{"@id":"https:\/\/kapitalis.com\/tunisie\/2025\/04\/07\/bel-abime-le-roman-de-yamen-manai-prend-vie-sur-scene-au-4eme-art\/#primaryimage"},"image":{"@id":"https:\/\/kapitalis.com\/tunisie\/2025\/04\/07\/bel-abime-le-roman-de-yamen-manai-prend-vie-sur-scene-au-4eme-art\/#primaryimage"},"thumbnailUrl":"https:\/\/kapitalis.com\/tunisie\/wp-content\/uploads\/2025\/04\/Bel-Abime.jpg","datePublished":"2025-04-07T20:26:52+00:00","dateModified":"2025-04-07T20:26:53+00:00","breadcrumb":{"@id":"https:\/\/kapitalis.com\/tunisie\/2025\/04\/07\/bel-abime-le-roman-de-yamen-manai-prend-vie-sur-scene-au-4eme-art\/#breadcrumb"},"inLanguage":"fr-FR","potentialAction":[{"@type":"ReadAction","target":["https:\/\/kapitalis.com\/tunisie\/2025\/04\/07\/bel-abime-le-roman-de-yamen-manai-prend-vie-sur-scene-au-4eme-art\/"]}]},{"@type":"ImageObject","inLanguage":"fr-FR","@id":"https:\/\/kapitalis.com\/tunisie\/2025\/04\/07\/bel-abime-le-roman-de-yamen-manai-prend-vie-sur-scene-au-4eme-art\/#primaryimage","url":"https:\/\/kapitalis.com\/tunisie\/wp-content\/uploads\/2025\/04\/Bel-Abime.jpg","contentUrl":"https:\/\/kapitalis.com\/tunisie\/wp-content\/uploads\/2025\/04\/Bel-Abime.jpg","width":1200,"height":630},{"@type":"BreadcrumbList","@id":"https:\/\/kapitalis.com\/tunisie\/2025\/04\/07\/bel-abime-le-roman-de-yamen-manai-prend-vie-sur-scene-au-4eme-art\/#breadcrumb","itemListElement":[{"@type":"ListItem","position":1,"name":"Accueil","item":"https:\/\/kapitalis.com\/tunisie\/"},{"@type":"ListItem","position":2,"name":"\u00ab\u00a0Bel ab\u00eeme\u00a0\u00bb, le roman de Yamen Mana\u00ef prend vie sur sc\u00e8ne au 4\u00e8me Art"}]},{"@type":"WebSite","@id":"https:\/\/kapitalis.com\/tunisie\/#website","url":"https:\/\/kapitalis.com\/tunisie\/","name":"Kapitalis","description":"L&#039;actualit\u00e9 en Tunisie et dans le monde","publisher":{"@id":"https:\/\/kapitalis.com\/tunisie\/#organization"},"potentialAction":[{"@type":"SearchAction","target":{"@type":"EntryPoint","urlTemplate":"https:\/\/kapitalis.com\/tunisie\/?s={search_term_string}"},"query-input":{"@type":"PropertyValueSpecification","valueRequired":true,"valueName":"search_term_string"}}],"inLanguage":"fr-FR"},{"@type":"Organization","@id":"https:\/\/kapitalis.com\/tunisie\/#organization","name":"Kapitalis","url":"https:\/\/kapitalis.com\/tunisie\/","logo":{"@type":"ImageObject","inLanguage":"fr-FR","@id":"https:\/\/kapitalis.com\/tunisie\/#\/schema\/logo\/image\/","url":"https:\/\/kapitalis.com\/tunisie\/wp-content\/uploads\/2022\/05\/Kapitalis-big-size.png","contentUrl":"https:\/\/kapitalis.com\/tunisie\/wp-content\/uploads\/2022\/05\/Kapitalis-big-size.png","width":5000,"height":1500,"caption":"Kapitalis"},"image":{"@id":"https:\/\/kapitalis.com\/tunisie\/#\/schema\/logo\/image\/"},"sameAs":["https:\/\/www.facebook.com\/KapitalisInfo\/","https:\/\/x.com\/KapitalisInfo","https:\/\/www.youtube.com\/channel\/UC-yDYrHyfFBWWZaOw3FPg9Q"]},{"@type":"Person","@id":"https:\/\/kapitalis.com\/tunisie\/#\/schema\/person\/74bbde0154d49d790a92aaeac5bc01d5","name":"Yusra NY","url":"https:\/\/kapitalis.com\/tunisie\/author\/yuza_adam\/"}]}},"_links":{"self":[{"href":"https:\/\/kapitalis.com\/tunisie\/wp-json\/wp\/v2\/posts\/16116458","targetHints":{"allow":["GET"]}}],"collection":[{"href":"https:\/\/kapitalis.com\/tunisie\/wp-json\/wp\/v2\/posts"}],"about":[{"href":"https:\/\/kapitalis.com\/tunisie\/wp-json\/wp\/v2\/types\/post"}],"author":[{"embeddable":true,"href":"https:\/\/kapitalis.com\/tunisie\/wp-json\/wp\/v2\/users\/6"}],"replies":[{"embeddable":true,"href":"https:\/\/kapitalis.com\/tunisie\/wp-json\/wp\/v2\/comments?post=16116458"}],"version-history":[{"count":1,"href":"https:\/\/kapitalis.com\/tunisie\/wp-json\/wp\/v2\/posts\/16116458\/revisions"}],"predecessor-version":[{"id":16116526,"href":"https:\/\/kapitalis.com\/tunisie\/wp-json\/wp\/v2\/posts\/16116458\/revisions\/16116526"}],"wp:featuredmedia":[{"embeddable":true,"href":"https:\/\/kapitalis.com\/tunisie\/wp-json\/wp\/v2\/media\/16116518"}],"wp:attachment":[{"href":"https:\/\/kapitalis.com\/tunisie\/wp-json\/wp\/v2\/media?parent=16116458"}],"wp:term":[{"taxonomy":"category","embeddable":true,"href":"https:\/\/kapitalis.com\/tunisie\/wp-json\/wp\/v2\/categories?post=16116458"},{"taxonomy":"post_tag","embeddable":true,"href":"https:\/\/kapitalis.com\/tunisie\/wp-json\/wp\/v2\/tags?post=16116458"}],"curies":[{"name":"wp","href":"https:\/\/api.w.org\/{rel}","templated":true}]}}