{"id":1612029,"date":"2022-06-20T09:55:44","date_gmt":"2022-06-20T08:55:44","guid":{"rendered":"https:\/\/kapitalis.com\/tunisie\/?p=1612029"},"modified":"2022-06-20T09:55:45","modified_gmt":"2022-06-20T08:55:45","slug":"tunisie-automobile-eviter-les-abus-lies-au-regime-fcr","status":"publish","type":"post","link":"https:\/\/kapitalis.com\/tunisie\/2022\/06\/20\/tunisie-automobile-eviter-les-abus-lies-au-regime-fcr\/","title":{"rendered":"Tunisie-Automobile : \u00e9viter les abus li\u00e9s au r\u00e9gime FCR"},"content":{"rendered":"\n<p><strong><em>Le comble du populisme serait de fermer les yeux sur les graves abus commis \u00e0 la faveur du r\u00e9gime FCR qui, d\u2019un geste au profit des Tunisiens rentrant d\u00e9finitivement au pays en ramenant un v\u00e9hicule automobile \u00e0 la mesure de leurs moyens et pour leur usage personnel, est devenu une source de trafic, de blanchiment d\u2019argent et de fraude fiscale dont profitent une v\u00e9ritable mafia et des individus sans scrupule.<\/em><\/strong><\/p>\n\n\n\n<p>Par <strong>Elyes Kasri <\/strong>*<\/p>\n\n\n\n<!--more-->\n\n\n<div class=\"wp-block-image\">\n<figure class=\"alignleft size-full\"><img decoding=\"async\" src=\"http:\/\/kapitalis.com\/tunisie\/wp-content\/uploads\/2021\/06\/Elyes-Kasri.jpg\" alt=\"\" class=\"wp-image-352204\"\/><\/figure>\n<\/div>\n\n\n<p>Le r\u00e9gime\u00a0FCR, rappelons-le,\u00a0est un privil\u00e8ge qu\u2019accord l&rsquo;Etat aux Tunisiens de l&rsquo;\u00e9tranger sous certaines conditions et qui leur permette d&rsquo;importer leurs v\u00e9hicules personnels \u00e0 l&rsquo;occasion du retour d\u00e9finitif au pays, sans payer des taxes douani\u00e8res.<\/p>\n\n\n\n<h2 class=\"wp-block-heading\">Le commerce parall\u00e8le d\u2019un privil\u00e8ge fiscal<\/h2>\n\n\n\n<p>Cette apparente bonne id\u00e9e, aux relents populistes, a cependant \u00e9t\u00e9 d\u00e9tourn\u00e9e de ses objectifs &nbsp;initiaux. Car en plus des \u00e9tudiants de familles ais\u00e9es qui rentrent apr\u00e8s leurs \u00e9tudes \u00e0 l\u2019\u00e9tranger avec une Bentley ou une Porsche alors qu\u2019ils n\u2019ont pas travaill\u00e9 un seul jour durant leur s\u00e9jour \u00e0 l\u2019\u00e9tranger, un v\u00e9ritable commerce parall\u00e8le de ce privil\u00e8ge fiscal s\u2019est instaur\u00e9.<\/p>\n\n\n\n<figure class=\"wp-block-embed is-type-wp-embed is-provider-kapitalis wp-block-embed-kapitalis\"><div class=\"wp-block-embed__wrapper\">\n<blockquote class=\"wp-embedded-content\" data-secret=\"EuitkR1yGi\"><a href=\"https:\/\/kapitalis.com\/tunisie\/2018\/03\/27\/importation-dautos-sous-regime-fcr-les-concessionnaires-clarifient-leur-position\/\">Importation d\u2019autos sous r\u00e9gime FCR :\u00a0Les concessionnaires clarifient leur position\u00a0<\/a><\/blockquote><iframe loading=\"lazy\" class=\"wp-embedded-content\" sandbox=\"allow-scripts\" security=\"restricted\" style=\"position: absolute; clip: rect(1px, 1px, 1px, 1px);\" title=\"\u00ab\u00a0Importation d\u2019autos sous r\u00e9gime FCR :\u00a0Les concessionnaires clarifient leur position\u00a0\u00a0\u00bb &#8212; Kapitalis\" src=\"https:\/\/kapitalis.com\/tunisie\/2018\/03\/27\/importation-dautos-sous-regime-fcr-les-concessionnaires-clarifient-leur-position\/embed\/#?secret=3OsfSHdvLH#?secret=EuitkR1yGi\" data-secret=\"EuitkR1yGi\" width=\"600\" height=\"338\" frameborder=\"0\" marginwidth=\"0\" marginheight=\"0\" scrolling=\"no\"><\/iframe>\n<\/div><\/figure>\n\n\n\n<p>Annuler la mesure tr\u00e8s timide de limitation de ce trafic, qui imposait la possession pour un an du v\u00e9hicule introduit en Tunisie sous le r\u00e9gime FCR avant sa revente sur le march\u00e9 local, ne peut que porter un pr\u00e9judice suppl\u00e9mentaire au tr\u00e9sor public et r\u00e9duire les chances de voir un constructeur automobile \u00e9tranger s&rsquo;\u00e9tablir en Tunisie car en plus de la dimension r\u00e9duite de son march\u00e9, la Tunisie subit des distorsions administratives, fiscales et commerciales qui la rendent peu attractive.<\/p>\n\n\n\n<p>La solution serait plut\u00f4t de revoir de fond en comble la politique du transport en Tunisie en investissant dans les transports publics ou en laissant les priv\u00e9s s&rsquo;en charger tout en revoyant l\u2019imposition fiscale excessive des v\u00e9hicules automobiles surtax\u00e9s en Tunisie car comme le dit le vieil adage <em>\u00abtrop d\u2019imp\u00f4t tue l\u2019imp\u00f4t\u00bb<\/em>.<\/p>\n\n\n\n<figure class=\"wp-block-embed is-type-wp-embed is-provider-kapitalis wp-block-embed-kapitalis\"><div class=\"wp-block-embed__wrapper\">\n<blockquote class=\"wp-embedded-content\" data-secret=\"6WYQuQ11Lf\"><a href=\"https:\/\/kapitalis.com\/tunisie\/2018\/03\/18\/automobiles-nouvelles-dispositions-reglementaires-pour-le-regime-fcr\/\">Automobiles : Nouvelles dispositions r\u00e9glementaires pour le r\u00e9gime FCR<\/a><\/blockquote><iframe loading=\"lazy\" class=\"wp-embedded-content\" sandbox=\"allow-scripts\" security=\"restricted\" style=\"position: absolute; clip: rect(1px, 1px, 1px, 1px);\" title=\"\u00ab\u00a0Automobiles : Nouvelles dispositions r\u00e9glementaires pour le r\u00e9gime FCR\u00a0\u00bb &#8212; Kapitalis\" src=\"https:\/\/kapitalis.com\/tunisie\/2018\/03\/18\/automobiles-nouvelles-dispositions-reglementaires-pour-le-regime-fcr\/embed\/#?secret=dqF7NdFdOQ#?secret=6WYQuQ11Lf\" data-secret=\"6WYQuQ11Lf\" width=\"600\" height=\"338\" frameborder=\"0\" marginwidth=\"0\" marginheight=\"0\" scrolling=\"no\"><\/iframe>\n<\/div><\/figure>\n\n\n\n<h2 class=\"wp-block-heading\">Une fiscalit\u00e9 plus rationnelle des v\u00e9hicules de transport<\/h2>\n\n\n\n<p>Avec l\u2019augmentation effr\u00e9n\u00e9e du co\u00fbt des voitures, des pi\u00e8ces de rechange et du carburant, en raison de la hausse de leurs prix sur le march\u00e9 mondial et de la forte d\u00e9valuation du dinar tunisien, qui a perdu pr\u00e8s de la moiti\u00e9 de sa valeur en dix ans face aux devises \u00e9trang\u00e8res, le meilleur moyen de pr\u00e9server le pouvoir d&rsquo;achat du citoyen tunisien serait une nouvelle strat\u00e9gie privil\u00e9giant les transports en commun et, dans l\u2019attente de la mise en \u0153uvre de cette strat\u00e9gie, une fiscalit\u00e9 plus rationnelle des v\u00e9hicules de transport en \u00e9vitant les distorsions et abus occasionn\u00e9s par le privil\u00e8ge fiscal du r\u00e9gime FCR.<\/p>\n\n\n\n<p>* <em>Ancien ambassadeur.<\/em><\/p>\n","protected":false},"excerpt":{"rendered":"<p>Le comble du populisme serait de fermer les yeux sur les graves abus commis \u00e0 la faveur du r\u00e9gime FCR en Tunisie, qui est devenu une source de trafic,<\/p>\n","protected":false},"author":8,"featured_media":1612120,"comment_status":"open","ping_status":"open","sticky":false,"template":"","format":"standard","meta":{"footnotes":""},"categories":[992,54707,995,1000,2433],"tags":[82931,100740,100739,65501,62643],"class_list":["post-1612029","post","type-post","status-publish","format-standard","has-post-thumbnail","hentry","category-a-la-une","category-auto","category-economie","category-tribune","category-tunisie","tag-elyes-kasri-2","tag-privilege-fiscal","tag-regime-fcr","tag-transports-publics","tag-tunisie"],"yoast_head":"<!-- This site is optimized with the Yoast SEO plugin v26.6 - https:\/\/yoast.com\/wordpress\/plugins\/seo\/ -->\n<title>Tunisie-Automobile : \u00e9viter les abus li\u00e9s au r\u00e9gime FCR - Kapitalis<\/title>\n<meta name=\"robots\" content=\"index, follow, max-snippet:-1, max-image-preview:large, max-video-preview:-1\" \/>\n<link rel=\"canonical\" href=\"https:\/\/kapitalis.com\/tunisie\/2022\/06\/20\/tunisie-automobile-eviter-les-abus-lies-au-regime-fcr\/\" \/>\n<meta property=\"og:locale\" content=\"fr_FR\" \/>\n<meta property=\"og:type\" content=\"article\" \/>\n<meta property=\"og:title\" content=\"Tunisie-Automobile : \u00e9viter les abus li\u00e9s au r\u00e9gime FCR - Kapitalis\" \/>\n<meta property=\"og:description\" content=\"Le comble du populisme serait de fermer les yeux sur les graves abus commis \u00e0 la faveur du r\u00e9gime FCR en Tunisie, qui est devenu une source de trafic,\" \/>\n<meta property=\"og:url\" content=\"https:\/\/kapitalis.com\/tunisie\/2022\/06\/20\/tunisie-automobile-eviter-les-abus-lies-au-regime-fcr\/\" \/>\n<meta property=\"og:site_name\" content=\"Kapitalis\" \/>\n<meta property=\"article:publisher\" content=\"https:\/\/www.facebook.com\/KapitalisInfo\/\" \/>\n<meta property=\"article:published_time\" content=\"2022-06-20T08:55:44+00:00\" \/>\n<meta property=\"article:modified_time\" content=\"2022-06-20T08:55:45+00:00\" \/>\n<meta property=\"og:image\" content=\"https:\/\/kapitalis.com\/tunisie\/wp-content\/uploads\/2022\/06\/Regime-FCR.jpg\" \/>\n\t<meta property=\"og:image:width\" content=\"1200\" \/>\n\t<meta property=\"og:image:height\" content=\"620\" \/>\n\t<meta property=\"og:image:type\" content=\"image\/jpeg\" \/>\n<meta name=\"author\" content=\"webmaster kapitalis\" \/>\n<meta name=\"twitter:card\" content=\"summary_large_image\" \/>\n<meta name=\"twitter:creator\" content=\"@KapitalisInfo\" \/>\n<meta name=\"twitter:site\" content=\"@KapitalisInfo\" \/>\n<meta name=\"twitter:label1\" content=\"\u00c9crit par\" \/>\n\t<meta name=\"twitter:data1\" content=\"webmaster kapitalis\" \/>\n\t<meta name=\"twitter:label2\" content=\"Dur\u00e9e de lecture estim\u00e9e\" \/>\n\t<meta name=\"twitter:data2\" content=\"3 minutes\" \/>\n<script type=\"application\/ld+json\" class=\"yoast-schema-graph\">{\"@context\":\"https:\/\/schema.org\",\"@graph\":[{\"@type\":\"Article\",\"@id\":\"https:\/\/kapitalis.com\/tunisie\/2022\/06\/20\/tunisie-automobile-eviter-les-abus-lies-au-regime-fcr\/#article\",\"isPartOf\":{\"@id\":\"https:\/\/kapitalis.com\/tunisie\/2022\/06\/20\/tunisie-automobile-eviter-les-abus-lies-au-regime-fcr\/\"},\"author\":{\"name\":\"webmaster kapitalis\",\"@id\":\"https:\/\/kapitalis.com\/tunisie\/#\/schema\/person\/d71f33a9ca44f7bad4698210b480c8e9\"},\"headline\":\"Tunisie-Automobile : \u00e9viter les abus li\u00e9s au r\u00e9gime FCR\",\"datePublished\":\"2022-06-20T08:55:44+00:00\",\"dateModified\":\"2022-06-20T08:55:45+00:00\",\"mainEntityOfPage\":{\"@id\":\"https:\/\/kapitalis.com\/tunisie\/2022\/06\/20\/tunisie-automobile-eviter-les-abus-lies-au-regime-fcr\/\"},\"wordCount\":502,\"commentCount\":11,\"publisher\":{\"@id\":\"https:\/\/kapitalis.com\/tunisie\/#organization\"},\"image\":{\"@id\":\"https:\/\/kapitalis.com\/tunisie\/2022\/06\/20\/tunisie-automobile-eviter-les-abus-lies-au-regime-fcr\/#primaryimage\"},\"thumbnailUrl\":\"https:\/\/kapitalis.com\/tunisie\/wp-content\/uploads\/2022\/06\/Regime-FCR.jpg\",\"keywords\":[\"Elyes Kasri\",\"privil\u00e8ge fiscal\",\"r\u00e9gime FCR\",\"transports publics\",\"Tunisie\"],\"articleSection\":[\"A LA UNE\",\"AUTO\",\"ECONOMIE\",\"TRIBUNE\",\"Tunisie\"],\"inLanguage\":\"fr-FR\",\"potentialAction\":[{\"@type\":\"CommentAction\",\"name\":\"Comment\",\"target\":[\"https:\/\/kapitalis.com\/tunisie\/2022\/06\/20\/tunisie-automobile-eviter-les-abus-lies-au-regime-fcr\/#respond\"]}]},{\"@type\":\"WebPage\",\"@id\":\"https:\/\/kapitalis.com\/tunisie\/2022\/06\/20\/tunisie-automobile-eviter-les-abus-lies-au-regime-fcr\/\",\"url\":\"https:\/\/kapitalis.com\/tunisie\/2022\/06\/20\/tunisie-automobile-eviter-les-abus-lies-au-regime-fcr\/\",\"name\":\"Tunisie-Automobile : \u00e9viter les abus li\u00e9s au r\u00e9gime FCR - Kapitalis\",\"isPartOf\":{\"@id\":\"https:\/\/kapitalis.com\/tunisie\/#website\"},\"primaryImageOfPage\":{\"@id\":\"https:\/\/kapitalis.com\/tunisie\/2022\/06\/20\/tunisie-automobile-eviter-les-abus-lies-au-regime-fcr\/#primaryimage\"},\"image\":{\"@id\":\"https:\/\/kapitalis.com\/tunisie\/2022\/06\/20\/tunisie-automobile-eviter-les-abus-lies-au-regime-fcr\/#primaryimage\"},\"thumbnailUrl\":\"https:\/\/kapitalis.com\/tunisie\/wp-content\/uploads\/2022\/06\/Regime-FCR.jpg\",\"datePublished\":\"2022-06-20T08:55:44+00:00\",\"dateModified\":\"2022-06-20T08:55:45+00:00\",\"breadcrumb\":{\"@id\":\"https:\/\/kapitalis.com\/tunisie\/2022\/06\/20\/tunisie-automobile-eviter-les-abus-lies-au-regime-fcr\/#breadcrumb\"},\"inLanguage\":\"fr-FR\",\"potentialAction\":[{\"@type\":\"ReadAction\",\"target\":[\"https:\/\/kapitalis.com\/tunisie\/2022\/06\/20\/tunisie-automobile-eviter-les-abus-lies-au-regime-fcr\/\"]}]},{\"@type\":\"ImageObject\",\"inLanguage\":\"fr-FR\",\"@id\":\"https:\/\/kapitalis.com\/tunisie\/2022\/06\/20\/tunisie-automobile-eviter-les-abus-lies-au-regime-fcr\/#primaryimage\",\"url\":\"https:\/\/kapitalis.com\/tunisie\/wp-content\/uploads\/2022\/06\/Regime-FCR.jpg\",\"contentUrl\":\"https:\/\/kapitalis.com\/tunisie\/wp-content\/uploads\/2022\/06\/Regime-FCR.jpg\",\"width\":1200,\"height\":620},{\"@type\":\"BreadcrumbList\",\"@id\":\"https:\/\/kapitalis.com\/tunisie\/2022\/06\/20\/tunisie-automobile-eviter-les-abus-lies-au-regime-fcr\/#breadcrumb\",\"itemListElement\":[{\"@type\":\"ListItem\",\"position\":1,\"name\":\"Accueil\",\"item\":\"https:\/\/kapitalis.com\/tunisie\/\"},{\"@type\":\"ListItem\",\"position\":2,\"name\":\"Tunisie-Automobile : \u00e9viter les abus li\u00e9s au r\u00e9gime FCR\"}]},{\"@type\":\"WebSite\",\"@id\":\"https:\/\/kapitalis.com\/tunisie\/#website\",\"url\":\"https:\/\/kapitalis.com\/tunisie\/\",\"name\":\"Kapitalis\",\"description\":\"L&#039;actualit\u00e9 en Tunisie et dans le monde\",\"publisher\":{\"@id\":\"https:\/\/kapitalis.com\/tunisie\/#organization\"},\"potentialAction\":[{\"@type\":\"SearchAction\",\"target\":{\"@type\":\"EntryPoint\",\"urlTemplate\":\"https:\/\/kapitalis.com\/tunisie\/?s={search_term_string}\"},\"query-input\":{\"@type\":\"PropertyValueSpecification\",\"valueRequired\":true,\"valueName\":\"search_term_string\"}}],\"inLanguage\":\"fr-FR\"},{\"@type\":\"Organization\",\"@id\":\"https:\/\/kapitalis.com\/tunisie\/#organization\",\"name\":\"Kapitalis\",\"url\":\"https:\/\/kapitalis.com\/tunisie\/\",\"logo\":{\"@type\":\"ImageObject\",\"inLanguage\":\"fr-FR\",\"@id\":\"https:\/\/kapitalis.com\/tunisie\/#\/schema\/logo\/image\/\",\"url\":\"https:\/\/kapitalis.com\/tunisie\/wp-content\/uploads\/2022\/05\/Kapitalis-big-size.png\",\"contentUrl\":\"https:\/\/kapitalis.com\/tunisie\/wp-content\/uploads\/2022\/05\/Kapitalis-big-size.png\",\"width\":5000,\"height\":1500,\"caption\":\"Kapitalis\"},\"image\":{\"@id\":\"https:\/\/kapitalis.com\/tunisie\/#\/schema\/logo\/image\/\"},\"sameAs\":[\"https:\/\/www.facebook.com\/KapitalisInfo\/\",\"https:\/\/x.com\/KapitalisInfo\",\"https:\/\/www.youtube.com\/channel\/UC-yDYrHyfFBWWZaOw3FPg9Q\"]},{\"@type\":\"Person\",\"@id\":\"https:\/\/kapitalis.com\/tunisie\/#\/schema\/person\/d71f33a9ca44f7bad4698210b480c8e9\",\"name\":\"webmaster kapitalis\",\"url\":\"https:\/\/kapitalis.com\/tunisie\/author\/webmaster-kapitalis\/\"}]}<\/script>\n<!-- \/ Yoast SEO plugin. -->","yoast_head_json":{"title":"Tunisie-Automobile : \u00e9viter les abus li\u00e9s au r\u00e9gime FCR - Kapitalis","robots":{"index":"index","follow":"follow","max-snippet":"max-snippet:-1","max-image-preview":"max-image-preview:large","max-video-preview":"max-video-preview:-1"},"canonical":"https:\/\/kapitalis.com\/tunisie\/2022\/06\/20\/tunisie-automobile-eviter-les-abus-lies-au-regime-fcr\/","og_locale":"fr_FR","og_type":"article","og_title":"Tunisie-Automobile : \u00e9viter les abus li\u00e9s au r\u00e9gime FCR - Kapitalis","og_description":"Le comble du populisme serait de fermer les yeux sur les graves abus commis \u00e0 la faveur du r\u00e9gime FCR en Tunisie, qui est devenu une source de trafic,","og_url":"https:\/\/kapitalis.com\/tunisie\/2022\/06\/20\/tunisie-automobile-eviter-les-abus-lies-au-regime-fcr\/","og_site_name":"Kapitalis","article_publisher":"https:\/\/www.facebook.com\/KapitalisInfo\/","article_published_time":"2022-06-20T08:55:44+00:00","article_modified_time":"2022-06-20T08:55:45+00:00","og_image":[{"width":1200,"height":620,"url":"https:\/\/kapitalis.com\/tunisie\/wp-content\/uploads\/2022\/06\/Regime-FCR.jpg","type":"image\/jpeg"}],"author":"webmaster kapitalis","twitter_card":"summary_large_image","twitter_creator":"@KapitalisInfo","twitter_site":"@KapitalisInfo","twitter_misc":{"\u00c9crit par":"webmaster kapitalis","Dur\u00e9e de lecture estim\u00e9e":"3 minutes"},"schema":{"@context":"https:\/\/schema.org","@graph":[{"@type":"Article","@id":"https:\/\/kapitalis.com\/tunisie\/2022\/06\/20\/tunisie-automobile-eviter-les-abus-lies-au-regime-fcr\/#article","isPartOf":{"@id":"https:\/\/kapitalis.com\/tunisie\/2022\/06\/20\/tunisie-automobile-eviter-les-abus-lies-au-regime-fcr\/"},"author":{"name":"webmaster kapitalis","@id":"https:\/\/kapitalis.com\/tunisie\/#\/schema\/person\/d71f33a9ca44f7bad4698210b480c8e9"},"headline":"Tunisie-Automobile : \u00e9viter les abus li\u00e9s au r\u00e9gime FCR","datePublished":"2022-06-20T08:55:44+00:00","dateModified":"2022-06-20T08:55:45+00:00","mainEntityOfPage":{"@id":"https:\/\/kapitalis.com\/tunisie\/2022\/06\/20\/tunisie-automobile-eviter-les-abus-lies-au-regime-fcr\/"},"wordCount":502,"commentCount":11,"publisher":{"@id":"https:\/\/kapitalis.com\/tunisie\/#organization"},"image":{"@id":"https:\/\/kapitalis.com\/tunisie\/2022\/06\/20\/tunisie-automobile-eviter-les-abus-lies-au-regime-fcr\/#primaryimage"},"thumbnailUrl":"https:\/\/kapitalis.com\/tunisie\/wp-content\/uploads\/2022\/06\/Regime-FCR.jpg","keywords":["Elyes Kasri","privil\u00e8ge fiscal","r\u00e9gime FCR","transports publics","Tunisie"],"articleSection":["A LA UNE","AUTO","ECONOMIE","TRIBUNE","Tunisie"],"inLanguage":"fr-FR","potentialAction":[{"@type":"CommentAction","name":"Comment","target":["https:\/\/kapitalis.com\/tunisie\/2022\/06\/20\/tunisie-automobile-eviter-les-abus-lies-au-regime-fcr\/#respond"]}]},{"@type":"WebPage","@id":"https:\/\/kapitalis.com\/tunisie\/2022\/06\/20\/tunisie-automobile-eviter-les-abus-lies-au-regime-fcr\/","url":"https:\/\/kapitalis.com\/tunisie\/2022\/06\/20\/tunisie-automobile-eviter-les-abus-lies-au-regime-fcr\/","name":"Tunisie-Automobile : \u00e9viter les abus li\u00e9s au r\u00e9gime FCR - Kapitalis","isPartOf":{"@id":"https:\/\/kapitalis.com\/tunisie\/#website"},"primaryImageOfPage":{"@id":"https:\/\/kapitalis.com\/tunisie\/2022\/06\/20\/tunisie-automobile-eviter-les-abus-lies-au-regime-fcr\/#primaryimage"},"image":{"@id":"https:\/\/kapitalis.com\/tunisie\/2022\/06\/20\/tunisie-automobile-eviter-les-abus-lies-au-regime-fcr\/#primaryimage"},"thumbnailUrl":"https:\/\/kapitalis.com\/tunisie\/wp-content\/uploads\/2022\/06\/Regime-FCR.jpg","datePublished":"2022-06-20T08:55:44+00:00","dateModified":"2022-06-20T08:55:45+00:00","breadcrumb":{"@id":"https:\/\/kapitalis.com\/tunisie\/2022\/06\/20\/tunisie-automobile-eviter-les-abus-lies-au-regime-fcr\/#breadcrumb"},"inLanguage":"fr-FR","potentialAction":[{"@type":"ReadAction","target":["https:\/\/kapitalis.com\/tunisie\/2022\/06\/20\/tunisie-automobile-eviter-les-abus-lies-au-regime-fcr\/"]}]},{"@type":"ImageObject","inLanguage":"fr-FR","@id":"https:\/\/kapitalis.com\/tunisie\/2022\/06\/20\/tunisie-automobile-eviter-les-abus-lies-au-regime-fcr\/#primaryimage","url":"https:\/\/kapitalis.com\/tunisie\/wp-content\/uploads\/2022\/06\/Regime-FCR.jpg","contentUrl":"https:\/\/kapitalis.com\/tunisie\/wp-content\/uploads\/2022\/06\/Regime-FCR.jpg","width":1200,"height":620},{"@type":"BreadcrumbList","@id":"https:\/\/kapitalis.com\/tunisie\/2022\/06\/20\/tunisie-automobile-eviter-les-abus-lies-au-regime-fcr\/#breadcrumb","itemListElement":[{"@type":"ListItem","position":1,"name":"Accueil","item":"https:\/\/kapitalis.com\/tunisie\/"},{"@type":"ListItem","position":2,"name":"Tunisie-Automobile : \u00e9viter les abus li\u00e9s au r\u00e9gime FCR"}]},{"@type":"WebSite","@id":"https:\/\/kapitalis.com\/tunisie\/#website","url":"https:\/\/kapitalis.com\/tunisie\/","name":"Kapitalis","description":"L&#039;actualit\u00e9 en Tunisie et dans le monde","publisher":{"@id":"https:\/\/kapitalis.com\/tunisie\/#organization"},"potentialAction":[{"@type":"SearchAction","target":{"@type":"EntryPoint","urlTemplate":"https:\/\/kapitalis.com\/tunisie\/?s={search_term_string}"},"query-input":{"@type":"PropertyValueSpecification","valueRequired":true,"valueName":"search_term_string"}}],"inLanguage":"fr-FR"},{"@type":"Organization","@id":"https:\/\/kapitalis.com\/tunisie\/#organization","name":"Kapitalis","url":"https:\/\/kapitalis.com\/tunisie\/","logo":{"@type":"ImageObject","inLanguage":"fr-FR","@id":"https:\/\/kapitalis.com\/tunisie\/#\/schema\/logo\/image\/","url":"https:\/\/kapitalis.com\/tunisie\/wp-content\/uploads\/2022\/05\/Kapitalis-big-size.png","contentUrl":"https:\/\/kapitalis.com\/tunisie\/wp-content\/uploads\/2022\/05\/Kapitalis-big-size.png","width":5000,"height":1500,"caption":"Kapitalis"},"image":{"@id":"https:\/\/kapitalis.com\/tunisie\/#\/schema\/logo\/image\/"},"sameAs":["https:\/\/www.facebook.com\/KapitalisInfo\/","https:\/\/x.com\/KapitalisInfo","https:\/\/www.youtube.com\/channel\/UC-yDYrHyfFBWWZaOw3FPg9Q"]},{"@type":"Person","@id":"https:\/\/kapitalis.com\/tunisie\/#\/schema\/person\/d71f33a9ca44f7bad4698210b480c8e9","name":"webmaster kapitalis","url":"https:\/\/kapitalis.com\/tunisie\/author\/webmaster-kapitalis\/"}]}},"_links":{"self":[{"href":"https:\/\/kapitalis.com\/tunisie\/wp-json\/wp\/v2\/posts\/1612029","targetHints":{"allow":["GET"]}}],"collection":[{"href":"https:\/\/kapitalis.com\/tunisie\/wp-json\/wp\/v2\/posts"}],"about":[{"href":"https:\/\/kapitalis.com\/tunisie\/wp-json\/wp\/v2\/types\/post"}],"author":[{"embeddable":true,"href":"https:\/\/kapitalis.com\/tunisie\/wp-json\/wp\/v2\/users\/8"}],"replies":[{"embeddable":true,"href":"https:\/\/kapitalis.com\/tunisie\/wp-json\/wp\/v2\/comments?post=1612029"}],"version-history":[{"count":0,"href":"https:\/\/kapitalis.com\/tunisie\/wp-json\/wp\/v2\/posts\/1612029\/revisions"}],"wp:featuredmedia":[{"embeddable":true,"href":"https:\/\/kapitalis.com\/tunisie\/wp-json\/wp\/v2\/media\/1612120"}],"wp:attachment":[{"href":"https:\/\/kapitalis.com\/tunisie\/wp-json\/wp\/v2\/media?parent=1612029"}],"wp:term":[{"taxonomy":"category","embeddable":true,"href":"https:\/\/kapitalis.com\/tunisie\/wp-json\/wp\/v2\/categories?post=1612029"},{"taxonomy":"post_tag","embeddable":true,"href":"https:\/\/kapitalis.com\/tunisie\/wp-json\/wp\/v2\/tags?post=1612029"}],"curies":[{"name":"wp","href":"https:\/\/api.w.org\/{rel}","templated":true}]}}