{"id":1613173,"date":"2022-06-20T11:01:45","date_gmt":"2022-06-20T10:01:45","guid":{"rendered":"https:\/\/kapitalis.com\/tunisie\/?p=1613173"},"modified":"2022-06-20T11:01:46","modified_gmt":"2022-06-20T10:01:46","slug":"tif-2022-pour-relancer-linvestissement-en-tunisie","status":"publish","type":"post","link":"https:\/\/kapitalis.com\/tunisie\/2022\/06\/20\/tif-2022-pour-relancer-linvestissement-en-tunisie\/","title":{"rendered":"TIF 2022 pour relancer l&rsquo;investissement en Tunisie"},"content":{"rendered":"\n<p><strong><em>La 20<sup>e<\/sup>\u00a0\u00e9dition du\u00a0Tunisia lnvestment Forum (TIF) se tiendra\u00a0les\u00a023 et 24 juin 2022\u00a0\u00e0 l\u2019h\u00f4tel Ramada Gammarth, au nord de Tunis, sur le th\u00e8me : \u00abTunisie, r\u00e9formes et valeurs comp\u00e9titives\u00bb.\u00a0<\/em><\/strong><\/p>\n\n\n\n<!--more-->\n\n\n\n<p>TIF 2022, qui&nbsp;sera officiellement ouvert par la&nbsp;cheffe du gouvernement Najla Bouden, pr\u00e9voit, lors de la c\u00e9r\u00e9monie d\u2019ouverture, entre autres \u00e9l\u00e9ments du programme, l\u2019attribution des Awards Fipa-Tunisia 2022, le 23 juin&nbsp;\u00e0 partir du 17 heures.<\/p>\n\n\n\n<p>La journ\u00e9e du 24 juin sera consacr\u00e9e \u00e0 une s\u00e9rie de sessions pl\u00e9ni\u00e8res abordant des th\u00e9matiques relatives au climat de l&rsquo;investissement, \u00e0 la comp\u00e9titivit\u00e9, \u00e0 la mise en place des partenariats publics-priv\u00e9s, au d\u00e9veloppement r\u00e9gional, aux ressources humaines et \u00e0 la recherche scientifique.<\/p>\n\n\n\n<p>TIF 2022 est organis\u00e9 par l&rsquo;Agence de promotion de l&rsquo;investissement ext\u00e9rieur (Fipa-Tunisia), sous l&rsquo;\u00e9gide du minist\u00e8re de l\u2019\u00c9conomie et de la Planification et en partenariat avec le Groupe de la Banque mondiale. \u00a0<\/p>\n\n\n\n<figure class=\"wp-block-embed is-type-wp-embed is-provider-kapitalis wp-block-embed-kapitalis\"><div class=\"wp-block-embed__wrapper\">\n<blockquote class=\"wp-embedded-content\" data-secret=\"1iFL1Cdv96\"><a href=\"https:\/\/kapitalis.com\/tunisie\/2022\/05\/19\/tunisie-tif-2022-la-fipa-organise-des-roadshows-a-madrid-paris-milan-et-munich\/\">Tunisie &#8211; TIF 2022\u00a0: la Fipa organise des roadshows \u00e0 Madrid, Paris, Milan et Munich<\/a><\/blockquote><iframe loading=\"lazy\" class=\"wp-embedded-content\" sandbox=\"allow-scripts\" security=\"restricted\" style=\"position: absolute; clip: rect(1px, 1px, 1px, 1px);\" title=\"\u00ab\u00a0Tunisie &#8211; TIF 2022\u00a0: la Fipa organise des roadshows \u00e0 Madrid, Paris, Milan et Munich\u00a0\u00bb &#8212; Kapitalis\" src=\"https:\/\/kapitalis.com\/tunisie\/2022\/05\/19\/tunisie-tif-2022-la-fipa-organise-des-roadshows-a-madrid-paris-milan-et-munich\/embed\/#?secret=mRgHnHyEaR#?secret=1iFL1Cdv96\" data-secret=\"1iFL1Cdv96\" width=\"600\" height=\"338\" frameborder=\"0\" marginwidth=\"0\" marginheight=\"0\" scrolling=\"no\"><\/iframe>\n<\/div><\/figure>\n\n\n\n<p>Le forum r\u00e9unira un certain nombre de membres du gouvernement, des hommes d&rsquo;affaires et des acteurs \u00e9conomiques&nbsp;<em>de <\/em>Tunisie et de l\u2019\u00e9tranger, des repr\u00e9sentants des institutions financi\u00e8res r\u00e9gionales et internationales, des experts dans le domaine des affaires et de l&rsquo;investissement, des banques, des structures sectorielles et professionnelles et des experts \u00e9conomiques et financiers.<\/p>\n\n\n\n<p>TIF 2022\u00a0se veut,\u00a0depuis le lancement de l\u2019\u00e9v\u00e9nement en 1999, un lieu de rencontres et de communication sur des nouveaut\u00e9s r\u00e9glementaires visant l\u2019am\u00e9lioration du climat des affaires en Tunisie. L\u2019objectif recherch\u00e9 \u00e9tant de pr\u00e9senter les mesures de relance \u00e9conomique ainsi que les avanc\u00e9es et r\u00e9formes entreprises par notre pays en vue de renforcer son positionnement.<\/p>\n\n\n\n<figure class=\"wp-block-embed is-type-wp-embed is-provider-kapitalis wp-block-embed-kapitalis\"><div class=\"wp-block-embed__wrapper\">\n<blockquote class=\"wp-embedded-content\" data-secret=\"nlvtUwblrT\"><a href=\"https:\/\/kapitalis.com\/tunisie\/2022\/06\/17\/tunisie-six-mesures-prioritaires-pour-la-relance-de-linvestissement\/\">Tunisie\u00a0: six mesures prioritaires pour la relance de\u00a0l\u2019investissement<\/a><\/blockquote><iframe loading=\"lazy\" class=\"wp-embedded-content\" sandbox=\"allow-scripts\" security=\"restricted\" style=\"position: absolute; clip: rect(1px, 1px, 1px, 1px);\" title=\"\u00ab\u00a0Tunisie\u00a0: six mesures prioritaires pour la relance de\u00a0l\u2019investissement\u00a0\u00bb &#8212; Kapitalis\" src=\"https:\/\/kapitalis.com\/tunisie\/2022\/06\/17\/tunisie-six-mesures-prioritaires-pour-la-relance-de-linvestissement\/embed\/#?secret=u5xsng3VGZ#?secret=nlvtUwblrT\" data-secret=\"nlvtUwblrT\" width=\"600\" height=\"338\" frameborder=\"0\" marginwidth=\"0\" marginheight=\"0\" scrolling=\"no\"><\/iframe>\n<\/div><\/figure>\n\n\n\n<p>L\u2019\u00e9v\u00e9nement&nbsp;constituera, \u00e9galement, un lieu privil\u00e9gi\u00e9 de rendez-vous et de networking entre op\u00e9rateurs \u00e9trangers et tunisiens, favorisant ainsi de nouvelles perspectives de partenariat.<\/p>\n\n\n\n<p>Il convient, cependant, de pr\u00e9ciser que TIF 2022 intervient \u00e0 un moment crucial marqu\u00e9 par une crise \u00e9conomique et financi\u00e8re en Tunisie, des d\u00e9ficits chroniques dans pratiquement tous les domaines et un fort ralentissement du rythme des investissements, la confiance que les op\u00e9rateurs avaient dans la Tunisie comme site d\u2019investissement ayant subi les contrecoups d\u2019une d\u00e9cennie d\u2019instabilit\u00e9, de mauvaise gouvernance et de r\u00e9gressions tous azimuts.<\/p>\n\n\n\n<p class=\"has-text-align-right\"><strong>I. B. \u00a0\u00a0<\/strong><\/p>\n\n\n\n<p><strong><em><a href=\"http:\/\/www.tunisiainvestmentforum.tn\" target=\"_blank\" rel=\"noreferrer noopener\">Site du forum.\u00a0<\/a><\/em><\/strong><\/p>\n","protected":false},"excerpt":{"rendered":"<p>La conf\u00e9rence TIF 2022 intervient \u00e0 un moment crucial marqu\u00e9 par une crise \u00e9conomique et financi\u00e8re en Tunisie, des d\u00e9ficits chroniques dans pratiquement tous les domaines et un fort ralentissement du rythme des investissements.<\/p>\n","protected":false},"author":8,"featured_media":1613234,"comment_status":"open","ping_status":"open","sticky":false,"template":"","format":"standard","meta":{"footnotes":""},"categories":[995,2433],"tags":[130,17202,494,100742,100741],"class_list":["post-1613173","post","type-post","status-publish","format-standard","has-post-thumbnail","hentry","category-economie","category-tunisie","tag-banque-mondiale","tag-fipa-tunisia","tag-investissement","tag-tif-2022","tag-tunisia-lnvestment-forum"],"yoast_head":"<!-- This site is optimized with the Yoast SEO plugin v26.6 - https:\/\/yoast.com\/wordpress\/plugins\/seo\/ -->\n<title>TIF 2022 pour relancer l&#039;investissement en Tunisie - Kapitalis<\/title>\n<meta name=\"robots\" content=\"index, follow, max-snippet:-1, max-image-preview:large, max-video-preview:-1\" \/>\n<link rel=\"canonical\" href=\"https:\/\/kapitalis.com\/tunisie\/2022\/06\/20\/tif-2022-pour-relancer-linvestissement-en-tunisie\/\" \/>\n<meta property=\"og:locale\" content=\"fr_FR\" \/>\n<meta property=\"og:type\" content=\"article\" \/>\n<meta property=\"og:title\" content=\"TIF 2022 pour relancer l&#039;investissement en Tunisie - Kapitalis\" \/>\n<meta property=\"og:description\" content=\"La conf\u00e9rence TIF 2022 intervient \u00e0 un moment crucial marqu\u00e9 par une crise \u00e9conomique et financi\u00e8re en Tunisie, des d\u00e9ficits chroniques dans pratiquement tous les domaines et un fort ralentissement du rythme des investissements.\" \/>\n<meta property=\"og:url\" content=\"https:\/\/kapitalis.com\/tunisie\/2022\/06\/20\/tif-2022-pour-relancer-linvestissement-en-tunisie\/\" \/>\n<meta property=\"og:site_name\" content=\"Kapitalis\" \/>\n<meta property=\"article:publisher\" content=\"https:\/\/www.facebook.com\/KapitalisInfo\/\" \/>\n<meta property=\"article:published_time\" content=\"2022-06-20T10:01:45+00:00\" \/>\n<meta property=\"article:modified_time\" content=\"2022-06-20T10:01:46+00:00\" \/>\n<meta property=\"og:image\" content=\"https:\/\/kapitalis.com\/tunisie\/wp-content\/uploads\/2022\/06\/Tunisie-Investment-Forum.jpg\" \/>\n\t<meta property=\"og:image:width\" content=\"1200\" \/>\n\t<meta property=\"og:image:height\" content=\"620\" \/>\n\t<meta property=\"og:image:type\" content=\"image\/jpeg\" \/>\n<meta name=\"author\" content=\"webmaster kapitalis\" \/>\n<meta name=\"twitter:card\" content=\"summary_large_image\" \/>\n<meta name=\"twitter:creator\" content=\"@KapitalisInfo\" \/>\n<meta name=\"twitter:site\" content=\"@KapitalisInfo\" \/>\n<meta name=\"twitter:label1\" content=\"\u00c9crit par\" \/>\n\t<meta name=\"twitter:data1\" content=\"webmaster kapitalis\" \/>\n\t<meta name=\"twitter:label2\" content=\"Dur\u00e9e de lecture estim\u00e9e\" \/>\n\t<meta name=\"twitter:data2\" content=\"2 minutes\" \/>\n<script type=\"application\/ld+json\" class=\"yoast-schema-graph\">{\"@context\":\"https:\/\/schema.org\",\"@graph\":[{\"@type\":\"Article\",\"@id\":\"https:\/\/kapitalis.com\/tunisie\/2022\/06\/20\/tif-2022-pour-relancer-linvestissement-en-tunisie\/#article\",\"isPartOf\":{\"@id\":\"https:\/\/kapitalis.com\/tunisie\/2022\/06\/20\/tif-2022-pour-relancer-linvestissement-en-tunisie\/\"},\"author\":{\"name\":\"webmaster kapitalis\",\"@id\":\"https:\/\/kapitalis.com\/tunisie\/#\/schema\/person\/d71f33a9ca44f7bad4698210b480c8e9\"},\"headline\":\"TIF 2022 pour relancer l&rsquo;investissement en Tunisie\",\"datePublished\":\"2022-06-20T10:01:45+00:00\",\"dateModified\":\"2022-06-20T10:01:46+00:00\",\"mainEntityOfPage\":{\"@id\":\"https:\/\/kapitalis.com\/tunisie\/2022\/06\/20\/tif-2022-pour-relancer-linvestissement-en-tunisie\/\"},\"wordCount\":402,\"commentCount\":0,\"publisher\":{\"@id\":\"https:\/\/kapitalis.com\/tunisie\/#organization\"},\"image\":{\"@id\":\"https:\/\/kapitalis.com\/tunisie\/2022\/06\/20\/tif-2022-pour-relancer-linvestissement-en-tunisie\/#primaryimage\"},\"thumbnailUrl\":\"https:\/\/kapitalis.com\/tunisie\/wp-content\/uploads\/2022\/06\/Tunisie-Investment-Forum.jpg\",\"keywords\":[\"Banque Mondiale\",\"Fipa-Tunisia\",\"investissement\",\"TIF 2022\",\"Tunisia lnvestment Forum\"],\"articleSection\":[\"ECONOMIE\",\"Tunisie\"],\"inLanguage\":\"fr-FR\",\"potentialAction\":[{\"@type\":\"CommentAction\",\"name\":\"Comment\",\"target\":[\"https:\/\/kapitalis.com\/tunisie\/2022\/06\/20\/tif-2022-pour-relancer-linvestissement-en-tunisie\/#respond\"]}]},{\"@type\":\"WebPage\",\"@id\":\"https:\/\/kapitalis.com\/tunisie\/2022\/06\/20\/tif-2022-pour-relancer-linvestissement-en-tunisie\/\",\"url\":\"https:\/\/kapitalis.com\/tunisie\/2022\/06\/20\/tif-2022-pour-relancer-linvestissement-en-tunisie\/\",\"name\":\"TIF 2022 pour relancer l'investissement en Tunisie - Kapitalis\",\"isPartOf\":{\"@id\":\"https:\/\/kapitalis.com\/tunisie\/#website\"},\"primaryImageOfPage\":{\"@id\":\"https:\/\/kapitalis.com\/tunisie\/2022\/06\/20\/tif-2022-pour-relancer-linvestissement-en-tunisie\/#primaryimage\"},\"image\":{\"@id\":\"https:\/\/kapitalis.com\/tunisie\/2022\/06\/20\/tif-2022-pour-relancer-linvestissement-en-tunisie\/#primaryimage\"},\"thumbnailUrl\":\"https:\/\/kapitalis.com\/tunisie\/wp-content\/uploads\/2022\/06\/Tunisie-Investment-Forum.jpg\",\"datePublished\":\"2022-06-20T10:01:45+00:00\",\"dateModified\":\"2022-06-20T10:01:46+00:00\",\"breadcrumb\":{\"@id\":\"https:\/\/kapitalis.com\/tunisie\/2022\/06\/20\/tif-2022-pour-relancer-linvestissement-en-tunisie\/#breadcrumb\"},\"inLanguage\":\"fr-FR\",\"potentialAction\":[{\"@type\":\"ReadAction\",\"target\":[\"https:\/\/kapitalis.com\/tunisie\/2022\/06\/20\/tif-2022-pour-relancer-linvestissement-en-tunisie\/\"]}]},{\"@type\":\"ImageObject\",\"inLanguage\":\"fr-FR\",\"@id\":\"https:\/\/kapitalis.com\/tunisie\/2022\/06\/20\/tif-2022-pour-relancer-linvestissement-en-tunisie\/#primaryimage\",\"url\":\"https:\/\/kapitalis.com\/tunisie\/wp-content\/uploads\/2022\/06\/Tunisie-Investment-Forum.jpg\",\"contentUrl\":\"https:\/\/kapitalis.com\/tunisie\/wp-content\/uploads\/2022\/06\/Tunisie-Investment-Forum.jpg\",\"width\":1200,\"height\":620},{\"@type\":\"BreadcrumbList\",\"@id\":\"https:\/\/kapitalis.com\/tunisie\/2022\/06\/20\/tif-2022-pour-relancer-linvestissement-en-tunisie\/#breadcrumb\",\"itemListElement\":[{\"@type\":\"ListItem\",\"position\":1,\"name\":\"Accueil\",\"item\":\"https:\/\/kapitalis.com\/tunisie\/\"},{\"@type\":\"ListItem\",\"position\":2,\"name\":\"TIF 2022 pour relancer l&rsquo;investissement en Tunisie\"}]},{\"@type\":\"WebSite\",\"@id\":\"https:\/\/kapitalis.com\/tunisie\/#website\",\"url\":\"https:\/\/kapitalis.com\/tunisie\/\",\"name\":\"Kapitalis\",\"description\":\"L&#039;actualit\u00e9 en Tunisie et dans le monde\",\"publisher\":{\"@id\":\"https:\/\/kapitalis.com\/tunisie\/#organization\"},\"potentialAction\":[{\"@type\":\"SearchAction\",\"target\":{\"@type\":\"EntryPoint\",\"urlTemplate\":\"https:\/\/kapitalis.com\/tunisie\/?s={search_term_string}\"},\"query-input\":{\"@type\":\"PropertyValueSpecification\",\"valueRequired\":true,\"valueName\":\"search_term_string\"}}],\"inLanguage\":\"fr-FR\"},{\"@type\":\"Organization\",\"@id\":\"https:\/\/kapitalis.com\/tunisie\/#organization\",\"name\":\"Kapitalis\",\"url\":\"https:\/\/kapitalis.com\/tunisie\/\",\"logo\":{\"@type\":\"ImageObject\",\"inLanguage\":\"fr-FR\",\"@id\":\"https:\/\/kapitalis.com\/tunisie\/#\/schema\/logo\/image\/\",\"url\":\"https:\/\/kapitalis.com\/tunisie\/wp-content\/uploads\/2022\/05\/Kapitalis-big-size.png\",\"contentUrl\":\"https:\/\/kapitalis.com\/tunisie\/wp-content\/uploads\/2022\/05\/Kapitalis-big-size.png\",\"width\":5000,\"height\":1500,\"caption\":\"Kapitalis\"},\"image\":{\"@id\":\"https:\/\/kapitalis.com\/tunisie\/#\/schema\/logo\/image\/\"},\"sameAs\":[\"https:\/\/www.facebook.com\/KapitalisInfo\/\",\"https:\/\/x.com\/KapitalisInfo\",\"https:\/\/www.youtube.com\/channel\/UC-yDYrHyfFBWWZaOw3FPg9Q\"]},{\"@type\":\"Person\",\"@id\":\"https:\/\/kapitalis.com\/tunisie\/#\/schema\/person\/d71f33a9ca44f7bad4698210b480c8e9\",\"name\":\"webmaster kapitalis\",\"url\":\"https:\/\/kapitalis.com\/tunisie\/author\/webmaster-kapitalis\/\"}]}<\/script>\n<!-- \/ Yoast SEO plugin. -->","yoast_head_json":{"title":"TIF 2022 pour relancer l'investissement en Tunisie - Kapitalis","robots":{"index":"index","follow":"follow","max-snippet":"max-snippet:-1","max-image-preview":"max-image-preview:large","max-video-preview":"max-video-preview:-1"},"canonical":"https:\/\/kapitalis.com\/tunisie\/2022\/06\/20\/tif-2022-pour-relancer-linvestissement-en-tunisie\/","og_locale":"fr_FR","og_type":"article","og_title":"TIF 2022 pour relancer l'investissement en Tunisie - Kapitalis","og_description":"La conf\u00e9rence TIF 2022 intervient \u00e0 un moment crucial marqu\u00e9 par une crise \u00e9conomique et financi\u00e8re en Tunisie, des d\u00e9ficits chroniques dans pratiquement tous les domaines et un fort ralentissement du rythme des investissements.","og_url":"https:\/\/kapitalis.com\/tunisie\/2022\/06\/20\/tif-2022-pour-relancer-linvestissement-en-tunisie\/","og_site_name":"Kapitalis","article_publisher":"https:\/\/www.facebook.com\/KapitalisInfo\/","article_published_time":"2022-06-20T10:01:45+00:00","article_modified_time":"2022-06-20T10:01:46+00:00","og_image":[{"width":1200,"height":620,"url":"https:\/\/kapitalis.com\/tunisie\/wp-content\/uploads\/2022\/06\/Tunisie-Investment-Forum.jpg","type":"image\/jpeg"}],"author":"webmaster kapitalis","twitter_card":"summary_large_image","twitter_creator":"@KapitalisInfo","twitter_site":"@KapitalisInfo","twitter_misc":{"\u00c9crit par":"webmaster kapitalis","Dur\u00e9e de lecture estim\u00e9e":"2 minutes"},"schema":{"@context":"https:\/\/schema.org","@graph":[{"@type":"Article","@id":"https:\/\/kapitalis.com\/tunisie\/2022\/06\/20\/tif-2022-pour-relancer-linvestissement-en-tunisie\/#article","isPartOf":{"@id":"https:\/\/kapitalis.com\/tunisie\/2022\/06\/20\/tif-2022-pour-relancer-linvestissement-en-tunisie\/"},"author":{"name":"webmaster kapitalis","@id":"https:\/\/kapitalis.com\/tunisie\/#\/schema\/person\/d71f33a9ca44f7bad4698210b480c8e9"},"headline":"TIF 2022 pour relancer l&rsquo;investissement en Tunisie","datePublished":"2022-06-20T10:01:45+00:00","dateModified":"2022-06-20T10:01:46+00:00","mainEntityOfPage":{"@id":"https:\/\/kapitalis.com\/tunisie\/2022\/06\/20\/tif-2022-pour-relancer-linvestissement-en-tunisie\/"},"wordCount":402,"commentCount":0,"publisher":{"@id":"https:\/\/kapitalis.com\/tunisie\/#organization"},"image":{"@id":"https:\/\/kapitalis.com\/tunisie\/2022\/06\/20\/tif-2022-pour-relancer-linvestissement-en-tunisie\/#primaryimage"},"thumbnailUrl":"https:\/\/kapitalis.com\/tunisie\/wp-content\/uploads\/2022\/06\/Tunisie-Investment-Forum.jpg","keywords":["Banque Mondiale","Fipa-Tunisia","investissement","TIF 2022","Tunisia lnvestment Forum"],"articleSection":["ECONOMIE","Tunisie"],"inLanguage":"fr-FR","potentialAction":[{"@type":"CommentAction","name":"Comment","target":["https:\/\/kapitalis.com\/tunisie\/2022\/06\/20\/tif-2022-pour-relancer-linvestissement-en-tunisie\/#respond"]}]},{"@type":"WebPage","@id":"https:\/\/kapitalis.com\/tunisie\/2022\/06\/20\/tif-2022-pour-relancer-linvestissement-en-tunisie\/","url":"https:\/\/kapitalis.com\/tunisie\/2022\/06\/20\/tif-2022-pour-relancer-linvestissement-en-tunisie\/","name":"TIF 2022 pour relancer l'investissement en Tunisie - Kapitalis","isPartOf":{"@id":"https:\/\/kapitalis.com\/tunisie\/#website"},"primaryImageOfPage":{"@id":"https:\/\/kapitalis.com\/tunisie\/2022\/06\/20\/tif-2022-pour-relancer-linvestissement-en-tunisie\/#primaryimage"},"image":{"@id":"https:\/\/kapitalis.com\/tunisie\/2022\/06\/20\/tif-2022-pour-relancer-linvestissement-en-tunisie\/#primaryimage"},"thumbnailUrl":"https:\/\/kapitalis.com\/tunisie\/wp-content\/uploads\/2022\/06\/Tunisie-Investment-Forum.jpg","datePublished":"2022-06-20T10:01:45+00:00","dateModified":"2022-06-20T10:01:46+00:00","breadcrumb":{"@id":"https:\/\/kapitalis.com\/tunisie\/2022\/06\/20\/tif-2022-pour-relancer-linvestissement-en-tunisie\/#breadcrumb"},"inLanguage":"fr-FR","potentialAction":[{"@type":"ReadAction","target":["https:\/\/kapitalis.com\/tunisie\/2022\/06\/20\/tif-2022-pour-relancer-linvestissement-en-tunisie\/"]}]},{"@type":"ImageObject","inLanguage":"fr-FR","@id":"https:\/\/kapitalis.com\/tunisie\/2022\/06\/20\/tif-2022-pour-relancer-linvestissement-en-tunisie\/#primaryimage","url":"https:\/\/kapitalis.com\/tunisie\/wp-content\/uploads\/2022\/06\/Tunisie-Investment-Forum.jpg","contentUrl":"https:\/\/kapitalis.com\/tunisie\/wp-content\/uploads\/2022\/06\/Tunisie-Investment-Forum.jpg","width":1200,"height":620},{"@type":"BreadcrumbList","@id":"https:\/\/kapitalis.com\/tunisie\/2022\/06\/20\/tif-2022-pour-relancer-linvestissement-en-tunisie\/#breadcrumb","itemListElement":[{"@type":"ListItem","position":1,"name":"Accueil","item":"https:\/\/kapitalis.com\/tunisie\/"},{"@type":"ListItem","position":2,"name":"TIF 2022 pour relancer l&rsquo;investissement en Tunisie"}]},{"@type":"WebSite","@id":"https:\/\/kapitalis.com\/tunisie\/#website","url":"https:\/\/kapitalis.com\/tunisie\/","name":"Kapitalis","description":"L&#039;actualit\u00e9 en Tunisie et dans le monde","publisher":{"@id":"https:\/\/kapitalis.com\/tunisie\/#organization"},"potentialAction":[{"@type":"SearchAction","target":{"@type":"EntryPoint","urlTemplate":"https:\/\/kapitalis.com\/tunisie\/?s={search_term_string}"},"query-input":{"@type":"PropertyValueSpecification","valueRequired":true,"valueName":"search_term_string"}}],"inLanguage":"fr-FR"},{"@type":"Organization","@id":"https:\/\/kapitalis.com\/tunisie\/#organization","name":"Kapitalis","url":"https:\/\/kapitalis.com\/tunisie\/","logo":{"@type":"ImageObject","inLanguage":"fr-FR","@id":"https:\/\/kapitalis.com\/tunisie\/#\/schema\/logo\/image\/","url":"https:\/\/kapitalis.com\/tunisie\/wp-content\/uploads\/2022\/05\/Kapitalis-big-size.png","contentUrl":"https:\/\/kapitalis.com\/tunisie\/wp-content\/uploads\/2022\/05\/Kapitalis-big-size.png","width":5000,"height":1500,"caption":"Kapitalis"},"image":{"@id":"https:\/\/kapitalis.com\/tunisie\/#\/schema\/logo\/image\/"},"sameAs":["https:\/\/www.facebook.com\/KapitalisInfo\/","https:\/\/x.com\/KapitalisInfo","https:\/\/www.youtube.com\/channel\/UC-yDYrHyfFBWWZaOw3FPg9Q"]},{"@type":"Person","@id":"https:\/\/kapitalis.com\/tunisie\/#\/schema\/person\/d71f33a9ca44f7bad4698210b480c8e9","name":"webmaster kapitalis","url":"https:\/\/kapitalis.com\/tunisie\/author\/webmaster-kapitalis\/"}]}},"_links":{"self":[{"href":"https:\/\/kapitalis.com\/tunisie\/wp-json\/wp\/v2\/posts\/1613173","targetHints":{"allow":["GET"]}}],"collection":[{"href":"https:\/\/kapitalis.com\/tunisie\/wp-json\/wp\/v2\/posts"}],"about":[{"href":"https:\/\/kapitalis.com\/tunisie\/wp-json\/wp\/v2\/types\/post"}],"author":[{"embeddable":true,"href":"https:\/\/kapitalis.com\/tunisie\/wp-json\/wp\/v2\/users\/8"}],"replies":[{"embeddable":true,"href":"https:\/\/kapitalis.com\/tunisie\/wp-json\/wp\/v2\/comments?post=1613173"}],"version-history":[{"count":0,"href":"https:\/\/kapitalis.com\/tunisie\/wp-json\/wp\/v2\/posts\/1613173\/revisions"}],"wp:featuredmedia":[{"embeddable":true,"href":"https:\/\/kapitalis.com\/tunisie\/wp-json\/wp\/v2\/media\/1613234"}],"wp:attachment":[{"href":"https:\/\/kapitalis.com\/tunisie\/wp-json\/wp\/v2\/media?parent=1613173"}],"wp:term":[{"taxonomy":"category","embeddable":true,"href":"https:\/\/kapitalis.com\/tunisie\/wp-json\/wp\/v2\/categories?post=1613173"},{"taxonomy":"post_tag","embeddable":true,"href":"https:\/\/kapitalis.com\/tunisie\/wp-json\/wp\/v2\/tags?post=1613173"}],"curies":[{"name":"wp","href":"https:\/\/api.w.org\/{rel}","templated":true}]}}