{"id":1613364,"date":"2022-06-20T12:11:44","date_gmt":"2022-06-20T11:11:44","guid":{"rendered":"https:\/\/kapitalis.com\/tunisie\/?p=1613364"},"modified":"2022-06-20T12:11:47","modified_gmt":"2022-06-20T11:11:47","slug":"qui-est-kamel-ferjani-le-nouveau-directeur-du-festival-international-de-carthage","status":"publish","type":"post","link":"https:\/\/kapitalis.com\/tunisie\/2022\/06\/20\/qui-est-kamel-ferjani-le-nouveau-directeur-du-festival-international-de-carthage\/","title":{"rendered":"Qui est Kamel Ferjani le nouveau directeur du Festival international de Carthage\u00a0?"},"content":{"rendered":"\n<p><em><strong>La 56<sup>e<\/sup> \u00e9dition du Festival international de Carthage aura lieu du 14 au 20 ao\u00fbt 2022 sous la direction de Kamel Ferjani. Ce grand chef d\u2019orchestre saura-t-il mettre en place une programmation \u00e0 la hauteur des attentes du public du festival de Carthage<\/strong><\/em> <strong><em>?<\/em><\/strong><\/p>\n\n\n\n<!--more-->\n\n\n\n<p>Le musicien, compositeur et chef d\u2019orchestre Kamel Ferjani a \u00e9t\u00e9 choisi pour diriger la 56<sup>e<\/sup> \u00e9dition du Festival international de Carthage, une \u00e9dition&nbsp; tr\u00e8s attendue puisqu\u2019elle marque le grand retour du festival apr\u00e8s trois ans d\u2019absence \u00e0 cause de la pand\u00e9mie du Coronavirus (Covid-19).<\/p>\n\n\n\n<p>Kamel Ferjani succ\u00e8de donc au musicien et ancien directeur des Journ\u00e9es musicales de Carthage (JMC) Imed Alibi qui n\u2019a finalement pas pu exercer son r\u00f4le de directeur du Festival de Carthage puisque les deux \u00e9ditions qu\u2019il a dirig\u00e9es \u00e9taient annul\u00e9es.<\/p>\n\n\n\n<p>Le parcours artistique de Kamel Ferjani a commenc\u00e9 en 1984 en tant que soliste, avant de fonder &nbsp;l\u2019Orchestre de musique m\u00e9diterran\u00e9enne et le Takht musical de Tunisie. Deux orchestres qui ont jou\u00e9 un r\u00f4le important dans la revitalisation de la vie musicale tunisienne.<\/p>\n\n\n\n<p>Kamel Ferjani a produit plusieurs projets musicaux en collaboration avec de grands orchestres europ\u00e9ens comme \u00abRhythms\u00bb avec l\u2019Orchestre n\u00e9erlandais Metropole Orkest, \u00abArab Composers\u00bb avec l\u2019ensemble grec Thessaloniki State Symphony Orchestra, ou encore \u00abAl-Rabiah\u00bb en collaboration avec l\u2019orchestre allemand Deutschen Akademischen Philharmonie Hambourg.<\/p>\n\n\n\n<p>Plusieurs grands spectacles musicaux con\u00e7us pour le Festival de Carthage, le Festival de Hammamet ou encore le Festival d\u2019El Jem ont \u00e9t\u00e9 organis\u00e9s sous sa direction. Sa derni\u00e8re cr\u00e9ation \u00ab&nbsp;Dialogue des cordes&nbsp;\u00bb se veut une ode \u00e0 la diversit\u00e9 culturelle en m\u00ealant des r\u00e9f\u00e9rences orientales et occidentales.<\/p>\n\n\n\n<p>Avec un parcours artistique aussi impressionnant et un horizon musical aussi large, Kamel Ferjani pourrait cette ann\u00e9e nous proposer une belle programmation pour le retour du Festival de Carthage \u00e0 la hauteur des attentes du public.<\/p>\n\n\n\n<p class=\"has-text-align-right\"><strong>F.B<\/strong><\/p>\n","protected":false},"excerpt":{"rendered":"<p>La 56e \u00e9dition du Festival international de Carthage aura lieu du 14 au 20 ao\u00fbt 2022 sous la direction de Kamel Ferjani. Ce grand chef d\u2019orchestre saura-t-il mettre en place une programmation \u00e0 la hauteur des attentes du public du festival de Carthage ?<\/p>\n","protected":false},"author":26,"featured_media":1614872,"comment_status":"open","ping_status":"open","sticky":false,"template":"","format":"standard","meta":{"footnotes":""},"categories":[994,2433],"tags":[2616,100743,87734,62643],"class_list":["post-1613364","post","type-post","status-publish","format-standard","has-post-thumbnail","hentry","category-culture","category-tunisie","tag-festival-international-de-carthage","tag-fic-2022","tag-kamel-ferjani","tag-tunisie"],"yoast_head":"<!-- This site is optimized with the Yoast SEO plugin v26.6 - https:\/\/yoast.com\/wordpress\/plugins\/seo\/ -->\n<title>Qui est Kamel Ferjani le nouveau directeur du Festival international de Carthage\u00a0? - Kapitalis<\/title>\n<meta name=\"robots\" content=\"index, follow, max-snippet:-1, max-image-preview:large, max-video-preview:-1\" \/>\n<link rel=\"canonical\" href=\"https:\/\/kapitalis.com\/tunisie\/2022\/06\/20\/qui-est-kamel-ferjani-le-nouveau-directeur-du-festival-international-de-carthage\/\" \/>\n<meta property=\"og:locale\" content=\"fr_FR\" \/>\n<meta property=\"og:type\" content=\"article\" \/>\n<meta property=\"og:title\" content=\"Qui est Kamel Ferjani le nouveau directeur du Festival international de Carthage\u00a0? - Kapitalis\" \/>\n<meta property=\"og:description\" content=\"La 56e \u00e9dition du Festival international de Carthage aura lieu du 14 au 20 ao\u00fbt 2022 sous la direction de Kamel Ferjani. Ce grand chef d\u2019orchestre saura-t-il mettre en place une programmation \u00e0 la hauteur des attentes du public du festival de Carthage ?\" \/>\n<meta property=\"og:url\" content=\"https:\/\/kapitalis.com\/tunisie\/2022\/06\/20\/qui-est-kamel-ferjani-le-nouveau-directeur-du-festival-international-de-carthage\/\" \/>\n<meta property=\"og:site_name\" content=\"Kapitalis\" \/>\n<meta property=\"article:publisher\" content=\"https:\/\/www.facebook.com\/KapitalisInfo\/\" \/>\n<meta property=\"article:published_time\" content=\"2022-06-20T11:11:44+00:00\" \/>\n<meta property=\"article:modified_time\" content=\"2022-06-20T11:11:47+00:00\" \/>\n<meta property=\"og:image\" content=\"https:\/\/kapitalis.com\/tunisie\/wp-content\/uploads\/2022\/06\/Kamel-Ferjani.jpg\" \/>\n\t<meta property=\"og:image:width\" content=\"1200\" \/>\n\t<meta property=\"og:image:height\" content=\"630\" \/>\n\t<meta property=\"og:image:type\" content=\"image\/jpeg\" \/>\n<meta name=\"author\" content=\"Fawz BenAli\" \/>\n<meta name=\"twitter:card\" content=\"summary_large_image\" \/>\n<meta name=\"twitter:creator\" content=\"@KapitalisInfo\" \/>\n<meta name=\"twitter:site\" content=\"@KapitalisInfo\" \/>\n<meta name=\"twitter:label1\" content=\"\u00c9crit par\" \/>\n\t<meta name=\"twitter:data1\" content=\"Fawz BenAli\" \/>\n\t<meta name=\"twitter:label2\" content=\"Dur\u00e9e de lecture estim\u00e9e\" \/>\n\t<meta name=\"twitter:data2\" content=\"2 minutes\" \/>\n<script type=\"application\/ld+json\" class=\"yoast-schema-graph\">{\"@context\":\"https:\/\/schema.org\",\"@graph\":[{\"@type\":\"Article\",\"@id\":\"https:\/\/kapitalis.com\/tunisie\/2022\/06\/20\/qui-est-kamel-ferjani-le-nouveau-directeur-du-festival-international-de-carthage\/#article\",\"isPartOf\":{\"@id\":\"https:\/\/kapitalis.com\/tunisie\/2022\/06\/20\/qui-est-kamel-ferjani-le-nouveau-directeur-du-festival-international-de-carthage\/\"},\"author\":{\"name\":\"Fawz BenAli\",\"@id\":\"https:\/\/kapitalis.com\/tunisie\/#\/schema\/person\/73a5ecc1f6ae540c6ed91342eadca948\"},\"headline\":\"Qui est Kamel Ferjani le nouveau directeur du Festival international de Carthage\u00a0?\",\"datePublished\":\"2022-06-20T11:11:44+00:00\",\"dateModified\":\"2022-06-20T11:11:47+00:00\",\"mainEntityOfPage\":{\"@id\":\"https:\/\/kapitalis.com\/tunisie\/2022\/06\/20\/qui-est-kamel-ferjani-le-nouveau-directeur-du-festival-international-de-carthage\/\"},\"wordCount\":338,\"commentCount\":0,\"publisher\":{\"@id\":\"https:\/\/kapitalis.com\/tunisie\/#organization\"},\"image\":{\"@id\":\"https:\/\/kapitalis.com\/tunisie\/2022\/06\/20\/qui-est-kamel-ferjani-le-nouveau-directeur-du-festival-international-de-carthage\/#primaryimage\"},\"thumbnailUrl\":\"https:\/\/kapitalis.com\/tunisie\/wp-content\/uploads\/2022\/06\/Kamel-Ferjani.jpg\",\"keywords\":[\"Festival international de Carthage\",\"FIC 2022\",\"Kamel Ferjani\",\"Tunisie\"],\"articleSection\":[\"CULTURE\",\"Tunisie\"],\"inLanguage\":\"fr-FR\",\"potentialAction\":[{\"@type\":\"CommentAction\",\"name\":\"Comment\",\"target\":[\"https:\/\/kapitalis.com\/tunisie\/2022\/06\/20\/qui-est-kamel-ferjani-le-nouveau-directeur-du-festival-international-de-carthage\/#respond\"]}]},{\"@type\":\"WebPage\",\"@id\":\"https:\/\/kapitalis.com\/tunisie\/2022\/06\/20\/qui-est-kamel-ferjani-le-nouveau-directeur-du-festival-international-de-carthage\/\",\"url\":\"https:\/\/kapitalis.com\/tunisie\/2022\/06\/20\/qui-est-kamel-ferjani-le-nouveau-directeur-du-festival-international-de-carthage\/\",\"name\":\"Qui est Kamel Ferjani le nouveau directeur du Festival international de Carthage\u00a0? - Kapitalis\",\"isPartOf\":{\"@id\":\"https:\/\/kapitalis.com\/tunisie\/#website\"},\"primaryImageOfPage\":{\"@id\":\"https:\/\/kapitalis.com\/tunisie\/2022\/06\/20\/qui-est-kamel-ferjani-le-nouveau-directeur-du-festival-international-de-carthage\/#primaryimage\"},\"image\":{\"@id\":\"https:\/\/kapitalis.com\/tunisie\/2022\/06\/20\/qui-est-kamel-ferjani-le-nouveau-directeur-du-festival-international-de-carthage\/#primaryimage\"},\"thumbnailUrl\":\"https:\/\/kapitalis.com\/tunisie\/wp-content\/uploads\/2022\/06\/Kamel-Ferjani.jpg\",\"datePublished\":\"2022-06-20T11:11:44+00:00\",\"dateModified\":\"2022-06-20T11:11:47+00:00\",\"breadcrumb\":{\"@id\":\"https:\/\/kapitalis.com\/tunisie\/2022\/06\/20\/qui-est-kamel-ferjani-le-nouveau-directeur-du-festival-international-de-carthage\/#breadcrumb\"},\"inLanguage\":\"fr-FR\",\"potentialAction\":[{\"@type\":\"ReadAction\",\"target\":[\"https:\/\/kapitalis.com\/tunisie\/2022\/06\/20\/qui-est-kamel-ferjani-le-nouveau-directeur-du-festival-international-de-carthage\/\"]}]},{\"@type\":\"ImageObject\",\"inLanguage\":\"fr-FR\",\"@id\":\"https:\/\/kapitalis.com\/tunisie\/2022\/06\/20\/qui-est-kamel-ferjani-le-nouveau-directeur-du-festival-international-de-carthage\/#primaryimage\",\"url\":\"https:\/\/kapitalis.com\/tunisie\/wp-content\/uploads\/2022\/06\/Kamel-Ferjani.jpg\",\"contentUrl\":\"https:\/\/kapitalis.com\/tunisie\/wp-content\/uploads\/2022\/06\/Kamel-Ferjani.jpg\",\"width\":1200,\"height\":630},{\"@type\":\"BreadcrumbList\",\"@id\":\"https:\/\/kapitalis.com\/tunisie\/2022\/06\/20\/qui-est-kamel-ferjani-le-nouveau-directeur-du-festival-international-de-carthage\/#breadcrumb\",\"itemListElement\":[{\"@type\":\"ListItem\",\"position\":1,\"name\":\"Accueil\",\"item\":\"https:\/\/kapitalis.com\/tunisie\/\"},{\"@type\":\"ListItem\",\"position\":2,\"name\":\"Qui est Kamel Ferjani le nouveau directeur du Festival international de Carthage\u00a0?\"}]},{\"@type\":\"WebSite\",\"@id\":\"https:\/\/kapitalis.com\/tunisie\/#website\",\"url\":\"https:\/\/kapitalis.com\/tunisie\/\",\"name\":\"Kapitalis\",\"description\":\"L&#039;actualit\u00e9 en Tunisie et dans le monde\",\"publisher\":{\"@id\":\"https:\/\/kapitalis.com\/tunisie\/#organization\"},\"potentialAction\":[{\"@type\":\"SearchAction\",\"target\":{\"@type\":\"EntryPoint\",\"urlTemplate\":\"https:\/\/kapitalis.com\/tunisie\/?s={search_term_string}\"},\"query-input\":{\"@type\":\"PropertyValueSpecification\",\"valueRequired\":true,\"valueName\":\"search_term_string\"}}],\"inLanguage\":\"fr-FR\"},{\"@type\":\"Organization\",\"@id\":\"https:\/\/kapitalis.com\/tunisie\/#organization\",\"name\":\"Kapitalis\",\"url\":\"https:\/\/kapitalis.com\/tunisie\/\",\"logo\":{\"@type\":\"ImageObject\",\"inLanguage\":\"fr-FR\",\"@id\":\"https:\/\/kapitalis.com\/tunisie\/#\/schema\/logo\/image\/\",\"url\":\"https:\/\/kapitalis.com\/tunisie\/wp-content\/uploads\/2022\/05\/Kapitalis-big-size.png\",\"contentUrl\":\"https:\/\/kapitalis.com\/tunisie\/wp-content\/uploads\/2022\/05\/Kapitalis-big-size.png\",\"width\":5000,\"height\":1500,\"caption\":\"Kapitalis\"},\"image\":{\"@id\":\"https:\/\/kapitalis.com\/tunisie\/#\/schema\/logo\/image\/\"},\"sameAs\":[\"https:\/\/www.facebook.com\/KapitalisInfo\/\",\"https:\/\/x.com\/KapitalisInfo\",\"https:\/\/www.youtube.com\/channel\/UC-yDYrHyfFBWWZaOw3FPg9Q\"]},{\"@type\":\"Person\",\"@id\":\"https:\/\/kapitalis.com\/tunisie\/#\/schema\/person\/73a5ecc1f6ae540c6ed91342eadca948\",\"name\":\"Fawz BenAli\",\"url\":\"https:\/\/kapitalis.com\/tunisie\/author\/fawz\/\"}]}<\/script>\n<!-- \/ Yoast SEO plugin. -->","yoast_head_json":{"title":"Qui est Kamel Ferjani le nouveau directeur du Festival international de Carthage\u00a0? - Kapitalis","robots":{"index":"index","follow":"follow","max-snippet":"max-snippet:-1","max-image-preview":"max-image-preview:large","max-video-preview":"max-video-preview:-1"},"canonical":"https:\/\/kapitalis.com\/tunisie\/2022\/06\/20\/qui-est-kamel-ferjani-le-nouveau-directeur-du-festival-international-de-carthage\/","og_locale":"fr_FR","og_type":"article","og_title":"Qui est Kamel Ferjani le nouveau directeur du Festival international de Carthage\u00a0? - Kapitalis","og_description":"La 56e \u00e9dition du Festival international de Carthage aura lieu du 14 au 20 ao\u00fbt 2022 sous la direction de Kamel Ferjani. Ce grand chef d\u2019orchestre saura-t-il mettre en place une programmation \u00e0 la hauteur des attentes du public du festival de Carthage ?","og_url":"https:\/\/kapitalis.com\/tunisie\/2022\/06\/20\/qui-est-kamel-ferjani-le-nouveau-directeur-du-festival-international-de-carthage\/","og_site_name":"Kapitalis","article_publisher":"https:\/\/www.facebook.com\/KapitalisInfo\/","article_published_time":"2022-06-20T11:11:44+00:00","article_modified_time":"2022-06-20T11:11:47+00:00","og_image":[{"width":1200,"height":630,"url":"https:\/\/kapitalis.com\/tunisie\/wp-content\/uploads\/2022\/06\/Kamel-Ferjani.jpg","type":"image\/jpeg"}],"author":"Fawz BenAli","twitter_card":"summary_large_image","twitter_creator":"@KapitalisInfo","twitter_site":"@KapitalisInfo","twitter_misc":{"\u00c9crit par":"Fawz BenAli","Dur\u00e9e de lecture estim\u00e9e":"2 minutes"},"schema":{"@context":"https:\/\/schema.org","@graph":[{"@type":"Article","@id":"https:\/\/kapitalis.com\/tunisie\/2022\/06\/20\/qui-est-kamel-ferjani-le-nouveau-directeur-du-festival-international-de-carthage\/#article","isPartOf":{"@id":"https:\/\/kapitalis.com\/tunisie\/2022\/06\/20\/qui-est-kamel-ferjani-le-nouveau-directeur-du-festival-international-de-carthage\/"},"author":{"name":"Fawz BenAli","@id":"https:\/\/kapitalis.com\/tunisie\/#\/schema\/person\/73a5ecc1f6ae540c6ed91342eadca948"},"headline":"Qui est Kamel Ferjani le nouveau directeur du Festival international de Carthage\u00a0?","datePublished":"2022-06-20T11:11:44+00:00","dateModified":"2022-06-20T11:11:47+00:00","mainEntityOfPage":{"@id":"https:\/\/kapitalis.com\/tunisie\/2022\/06\/20\/qui-est-kamel-ferjani-le-nouveau-directeur-du-festival-international-de-carthage\/"},"wordCount":338,"commentCount":0,"publisher":{"@id":"https:\/\/kapitalis.com\/tunisie\/#organization"},"image":{"@id":"https:\/\/kapitalis.com\/tunisie\/2022\/06\/20\/qui-est-kamel-ferjani-le-nouveau-directeur-du-festival-international-de-carthage\/#primaryimage"},"thumbnailUrl":"https:\/\/kapitalis.com\/tunisie\/wp-content\/uploads\/2022\/06\/Kamel-Ferjani.jpg","keywords":["Festival international de Carthage","FIC 2022","Kamel Ferjani","Tunisie"],"articleSection":["CULTURE","Tunisie"],"inLanguage":"fr-FR","potentialAction":[{"@type":"CommentAction","name":"Comment","target":["https:\/\/kapitalis.com\/tunisie\/2022\/06\/20\/qui-est-kamel-ferjani-le-nouveau-directeur-du-festival-international-de-carthage\/#respond"]}]},{"@type":"WebPage","@id":"https:\/\/kapitalis.com\/tunisie\/2022\/06\/20\/qui-est-kamel-ferjani-le-nouveau-directeur-du-festival-international-de-carthage\/","url":"https:\/\/kapitalis.com\/tunisie\/2022\/06\/20\/qui-est-kamel-ferjani-le-nouveau-directeur-du-festival-international-de-carthage\/","name":"Qui est Kamel Ferjani le nouveau directeur du Festival international de Carthage\u00a0? - Kapitalis","isPartOf":{"@id":"https:\/\/kapitalis.com\/tunisie\/#website"},"primaryImageOfPage":{"@id":"https:\/\/kapitalis.com\/tunisie\/2022\/06\/20\/qui-est-kamel-ferjani-le-nouveau-directeur-du-festival-international-de-carthage\/#primaryimage"},"image":{"@id":"https:\/\/kapitalis.com\/tunisie\/2022\/06\/20\/qui-est-kamel-ferjani-le-nouveau-directeur-du-festival-international-de-carthage\/#primaryimage"},"thumbnailUrl":"https:\/\/kapitalis.com\/tunisie\/wp-content\/uploads\/2022\/06\/Kamel-Ferjani.jpg","datePublished":"2022-06-20T11:11:44+00:00","dateModified":"2022-06-20T11:11:47+00:00","breadcrumb":{"@id":"https:\/\/kapitalis.com\/tunisie\/2022\/06\/20\/qui-est-kamel-ferjani-le-nouveau-directeur-du-festival-international-de-carthage\/#breadcrumb"},"inLanguage":"fr-FR","potentialAction":[{"@type":"ReadAction","target":["https:\/\/kapitalis.com\/tunisie\/2022\/06\/20\/qui-est-kamel-ferjani-le-nouveau-directeur-du-festival-international-de-carthage\/"]}]},{"@type":"ImageObject","inLanguage":"fr-FR","@id":"https:\/\/kapitalis.com\/tunisie\/2022\/06\/20\/qui-est-kamel-ferjani-le-nouveau-directeur-du-festival-international-de-carthage\/#primaryimage","url":"https:\/\/kapitalis.com\/tunisie\/wp-content\/uploads\/2022\/06\/Kamel-Ferjani.jpg","contentUrl":"https:\/\/kapitalis.com\/tunisie\/wp-content\/uploads\/2022\/06\/Kamel-Ferjani.jpg","width":1200,"height":630},{"@type":"BreadcrumbList","@id":"https:\/\/kapitalis.com\/tunisie\/2022\/06\/20\/qui-est-kamel-ferjani-le-nouveau-directeur-du-festival-international-de-carthage\/#breadcrumb","itemListElement":[{"@type":"ListItem","position":1,"name":"Accueil","item":"https:\/\/kapitalis.com\/tunisie\/"},{"@type":"ListItem","position":2,"name":"Qui est Kamel Ferjani le nouveau directeur du Festival international de Carthage\u00a0?"}]},{"@type":"WebSite","@id":"https:\/\/kapitalis.com\/tunisie\/#website","url":"https:\/\/kapitalis.com\/tunisie\/","name":"Kapitalis","description":"L&#039;actualit\u00e9 en Tunisie et dans le monde","publisher":{"@id":"https:\/\/kapitalis.com\/tunisie\/#organization"},"potentialAction":[{"@type":"SearchAction","target":{"@type":"EntryPoint","urlTemplate":"https:\/\/kapitalis.com\/tunisie\/?s={search_term_string}"},"query-input":{"@type":"PropertyValueSpecification","valueRequired":true,"valueName":"search_term_string"}}],"inLanguage":"fr-FR"},{"@type":"Organization","@id":"https:\/\/kapitalis.com\/tunisie\/#organization","name":"Kapitalis","url":"https:\/\/kapitalis.com\/tunisie\/","logo":{"@type":"ImageObject","inLanguage":"fr-FR","@id":"https:\/\/kapitalis.com\/tunisie\/#\/schema\/logo\/image\/","url":"https:\/\/kapitalis.com\/tunisie\/wp-content\/uploads\/2022\/05\/Kapitalis-big-size.png","contentUrl":"https:\/\/kapitalis.com\/tunisie\/wp-content\/uploads\/2022\/05\/Kapitalis-big-size.png","width":5000,"height":1500,"caption":"Kapitalis"},"image":{"@id":"https:\/\/kapitalis.com\/tunisie\/#\/schema\/logo\/image\/"},"sameAs":["https:\/\/www.facebook.com\/KapitalisInfo\/","https:\/\/x.com\/KapitalisInfo","https:\/\/www.youtube.com\/channel\/UC-yDYrHyfFBWWZaOw3FPg9Q"]},{"@type":"Person","@id":"https:\/\/kapitalis.com\/tunisie\/#\/schema\/person\/73a5ecc1f6ae540c6ed91342eadca948","name":"Fawz BenAli","url":"https:\/\/kapitalis.com\/tunisie\/author\/fawz\/"}]}},"_links":{"self":[{"href":"https:\/\/kapitalis.com\/tunisie\/wp-json\/wp\/v2\/posts\/1613364","targetHints":{"allow":["GET"]}}],"collection":[{"href":"https:\/\/kapitalis.com\/tunisie\/wp-json\/wp\/v2\/posts"}],"about":[{"href":"https:\/\/kapitalis.com\/tunisie\/wp-json\/wp\/v2\/types\/post"}],"author":[{"embeddable":true,"href":"https:\/\/kapitalis.com\/tunisie\/wp-json\/wp\/v2\/users\/26"}],"replies":[{"embeddable":true,"href":"https:\/\/kapitalis.com\/tunisie\/wp-json\/wp\/v2\/comments?post=1613364"}],"version-history":[{"count":0,"href":"https:\/\/kapitalis.com\/tunisie\/wp-json\/wp\/v2\/posts\/1613364\/revisions"}],"wp:featuredmedia":[{"embeddable":true,"href":"https:\/\/kapitalis.com\/tunisie\/wp-json\/wp\/v2\/media\/1614872"}],"wp:attachment":[{"href":"https:\/\/kapitalis.com\/tunisie\/wp-json\/wp\/v2\/media?parent=1613364"}],"wp:term":[{"taxonomy":"category","embeddable":true,"href":"https:\/\/kapitalis.com\/tunisie\/wp-json\/wp\/v2\/categories?post=1613364"},{"taxonomy":"post_tag","embeddable":true,"href":"https:\/\/kapitalis.com\/tunisie\/wp-json\/wp\/v2\/tags?post=1613364"}],"curies":[{"name":"wp","href":"https:\/\/api.w.org\/{rel}","templated":true}]}}